{"id":81328,"date":"2026-09-01T12:47:27","date_gmt":"2026-09-01T18:47:27","guid":{"rendered":"https:\/\/www.bbmnoticias.com\/labravaradiofm\/2026\/09\/01\/sheinbaum-refrenda-defensa-de-la-soberania-y-destaca-atencion-a-mexicanos-deportados-de-eu\/"},"modified":"2026-09-01T12:47:30","modified_gmt":"2026-09-01T18:47:30","slug":"sheinbaum-refrenda-defensa-de-la-soberania-y-destaca-atencion-a-mexicanos-deportados-de-eu","status":"publish","type":"post","link":"https:\/\/www.bbmnoticias.com\/labravaradiofm\/2026\/09\/01\/sheinbaum-refrenda-defensa-de-la-soberania-y-destaca-atencion-a-mexicanos-deportados-de-eu\/","title":{"rendered":"Sheinbaum refrenda defensa de la soberan\u00eda y destaca atenci\u00f3n a mexicanos deportados de EU"},"content":{"rendered":"\n<p class=\"wp-block-paragraph\"><strong>Ciudad de M\u00e9xico.\u2014<\/strong> M\u00e9xico est\u00e1 dispuesto al di\u00e1logo y a la cooperaci\u00f3n con otros pa\u00edses, pero sin renunciar a su soberan\u00eda, dignidad e independencia, afirm\u00f3 la presidenta <strong>Claudia Sheinbaum Pardo<\/strong> durante la presentaci\u00f3n de su <strong>Segundo Informe de Gobierno<\/strong>.<\/p>\n\n\n\n<p class=\"wp-block-paragraph\">Al abordar el cap\u00edtulo de <strong>pol\u00edtica exterior<\/strong>, la mandataria sostuvo que la colaboraci\u00f3n con otras naciones no significa sometimiento ni implica renunciar a los principios que rigen la pol\u00edtica exterior mexicana.<\/p>\n\n\n\n<p class=\"wp-block-paragraph\">\u201c<strong>La colaboraci\u00f3n no significa sometimiento, amistad no significa renunciar a nuestros principios y mientras yo tenga el honor de servir como Presidenta de la Rep\u00fablica defender\u00e9 con toda firmeza nuestra soberan\u00eda, nuestra dignidad y nuestra independencia<\/strong>\u201d, afirm\u00f3.<\/p>\n\n\n\n<h2 class=\"wp-block-heading\">M\u00e9xico dar\u00e1 seguimiento a casos de connacionales fallecidos<\/h2>\n\n\n\n<p class=\"wp-block-paragraph\">Sheinbaum destac\u00f3 que el gobierno de M\u00e9xico mantiene una pol\u00edtica de defensa y protecci\u00f3n de los connacionales en el exterior.<\/p>\n\n\n\n<p class=\"wp-block-paragraph\">En este sentido, se\u00f1al\u00f3 que M\u00e9xico ha presentado <strong>denuncias en todos los casos en que han fallecido mexicanos<\/strong>, adem\u00e1s de que se dar\u00e1 seguimiento a cada uno de estos asuntos.<\/p>\n\n\n\n<p class=\"wp-block-paragraph\">La presidenta tambi\u00e9n inform\u00f3 que se instruy\u00f3 a los <strong>consulados mexicanos en Estados Unidos<\/strong> a fortalecer su presencia y cercan\u00eda con las comunidades mexicanas que radican en ese pa\u00eds.<\/p>\n\n\n\n<p class=\"wp-block-paragraph\">Los consulados, dijo, deben convertirse en espacios de entendimiento, adem\u00e1s de escuchar y atender las demandas y necesidades de los mexicanos que viven en Estados Unidos.<\/p>\n\n\n\n<h2 class=\"wp-block-heading\">M\u00e1s de 281 mil mexicanos atendidos con \u201cM\u00e9xico te abraza\u201d<\/h2>\n\n\n\n<p class=\"wp-block-paragraph\">Como parte de las acciones de apoyo a los connacionales deportados desde Estados Unidos, Sheinbaum inform\u00f3 que mediante el programa <strong>\u201cM\u00e9xico te abraza\u201d<\/strong> se ha atendido a <strong>281 mil mexicanos<\/strong> que han sido deportados de ese pa\u00eds.<\/p>\n\n\n\n<p class=\"wp-block-paragraph\">Explic\u00f3 que a las personas repatriadas se les ha brindado <strong>alimentaci\u00f3n, atenci\u00f3n m\u00e9dica y psicol\u00f3gica<\/strong>, as\u00ed como apoyo para facilitar su regreso a sus comunidades de origen.<\/p>\n\n\n\n<p class=\"wp-block-paragraph\">La estrategia busca acompa\u00f1ar a los mexicanos que regresan al pa\u00eds y brindarles atenci\u00f3n durante el proceso de repatriaci\u00f3n.<\/p>\n\n\n\n<h2 class=\"wp-block-heading\">Cuatro principios para la cooperaci\u00f3n internacional<\/h2>\n\n\n\n<p class=\"wp-block-paragraph\">Al abundar sobre la relaci\u00f3n de M\u00e9xico con otros pa\u00edses, particularmente en materia de cooperaci\u00f3n, la presidenta se\u00f1al\u00f3 que \u00e9sta se desarrolla bajo <strong>cuatro principios fundamentales<\/strong>:<\/p>\n\n\n\n<ul class=\"wp-block-list\">\n<li><strong>Respeto a la soberan\u00eda y al territorio.<\/strong><\/li>\n\n\n\n<li><strong>Confianza y respeto mutuo.<\/strong><\/li>\n\n\n\n<li><strong>Colaboraci\u00f3n sin subordinaci\u00f3n.<\/strong><\/li>\n\n\n\n<li><strong>Responsabilidad compartida.<\/strong><\/li>\n<\/ul>\n\n\n\n<p class=\"wp-block-paragraph\">Sheinbaum afirm\u00f3 que estos principios constituyen la base sobre la cual M\u00e9xico busca mantener relaciones de cooperaci\u00f3n y entendimiento con otras naciones, sin comprometer su independencia.<\/p>\n\n\n\n<h2 class=\"wp-block-heading\">M\u00e9xico mantiene negociaciones comerciales con Estados Unidos<\/h2>\n\n\n\n<p class=\"wp-block-paragraph\">Finalmente, la presidenta inform\u00f3 que <strong>contin\u00faan las negociaciones para alcanzar un acuerdo comercial con Estados Unidos<\/strong>.<\/p>\n\n\n\n<p class=\"wp-block-paragraph\">Sheinbaum expres\u00f3 su expectativa de que este acuerdo pueda concretarse pr\u00f3ximamente, como parte de los esfuerzos para mantener y fortalecer la relaci\u00f3n econ\u00f3mica entre ambos pa\u00edses.<\/p>\n\n\n\n<p class=\"wp-block-paragraph\">La mandataria reiter\u00f3 que M\u00e9xico continuar\u00e1 privilegiando el di\u00e1logo y la cooperaci\u00f3n en el \u00e1mbito internacional, pero siempre bajo una postura de defensa de la soberan\u00eda y los intereses nacionales.<\/p>\n\n\n\n<p class=\"wp-block-paragraph\"><\/p>\n","protected":false},"excerpt":{"rendered":"<p>Ciudad de M\u00e9xico.\u2014 M\u00e9xico est\u00e1 dispuesto al di\u00e1logo y a la cooperaci\u00f3n con otros pa\u00edses, pero sin renunciar a su soberan\u00eda, dignidad e independencia, afirm\u00f3 la presidenta Claudia Sheinbaum Pardo durante la presentaci\u00f3n de su Segundo Informe de Gobierno. Al abordar el cap\u00edtulo de pol\u00edtica exterior, la mandataria sostuvo que la colaboraci\u00f3n con otras naciones [&hellip;]<\/p>\n","protected":false},"author":4,"featured_media":81330,"comment_status":"closed","ping_status":"open","sticky":false,"template":"","format":"standard","meta":{"footnotes":""},"categories":[2,19],"tags":[],"class_list":["post-81328","post","type-post","status-publish","format-standard","has-post-thumbnail","hentry","category-oaxaca","category-nacional"],"yoast_head":"<!-- This site is optimized with the Yoast SEO plugin v28.1 - https:\/\/yoast.com\/product\/yoast-seo-wordpress\/ -->\n<title>Sheinbaum refrenda defensa de la soberan\u00eda y destaca atenci\u00f3n a mexicanos deportados de EU - LA BRAVA RADIO<\/title>\n<meta name=\"robots\" content=\"index, follow, max-snippet:-1, max-image-preview:large, max-video-preview:-1\" \/>\n<link rel=\"canonical\" href=\"https:\/\/www.bbmnoticias.com\/sheinbaum-refrenda-defensa-de-la-soberania-y-destaca-atencion-a-mexicanos-deportados-de-eu\/\" \/>\n<meta property=\"og:locale\" content=\"es_MX\" \/>\n<meta property=\"og:type\" content=\"article\" \/>\n<meta property=\"og:title\" content=\"Sheinbaum refrenda defensa de la soberan\u00eda y destaca atenci\u00f3n a mexicanos deportados de EU - LA BRAVA RADIO\" \/>\n<meta property=\"og:description\" content=\"Ciudad de M\u00e9xico.\u2014 M\u00e9xico est\u00e1 dispuesto al di\u00e1logo y a la cooperaci\u00f3n con otros pa\u00edses, pero sin renunciar a su soberan\u00eda, dignidad e independencia, afirm\u00f3 la presidenta Claudia Sheinbaum Pardo durante la presentaci\u00f3n de su Segundo Informe de Gobierno. Al abordar el cap\u00edtulo de pol\u00edtica exterior, la mandataria sostuvo que la colaboraci\u00f3n con otras naciones [&hellip;]\" \/>\n<meta property=\"og:url\" content=\"https:\/\/www.bbmnoticias.com\/sheinbaum-refrenda-defensa-de-la-soberania-y-destaca-atencion-a-mexicanos-deportados-de-eu\/\" \/>\n<meta property=\"og:site_name\" content=\"LA BRAVA RADIO\" \/>\n<meta property=\"article:published_time\" content=\"2026-09-01T18:47:27+00:00\" \/>\n<meta property=\"article:modified_time\" content=\"2026-09-01T18:47:30+00:00\" \/>\n<meta property=\"og:image\" content=\"https:\/\/www.bbmnoticias.com\/labravaradiofm\/wp-content\/uploads\/sites\/5\/2026\/09\/informe-de-gobierno-de-sheinbaum-colaboracion-no-significa-sometimiento-dice-sheinbaum-al-reiterar-defensa-de-la-soberania.webp\" \/>\n\t<meta property=\"og:image:width\" content=\"1200\" \/>\n\t<meta property=\"og:image:height\" content=\"800\" \/>\n\t<meta property=\"og:image:type\" content=\"image\/webp\" \/>\n<meta name=\"author\" content=\"Agencias\" \/>\n<meta name=\"twitter:card\" content=\"summary_large_image\" \/>\n<meta name=\"twitter:label1\" content=\"Escrito por\" \/>\n\t<meta name=\"twitter:data1\" content=\"Agencias\" \/>\n\t<meta name=\"twitter:label2\" content=\"Tiempo de lectura\" \/>\n\t<meta name=\"twitter:data2\" content=\"3 minutos\" \/>\n<script type=\"application\/ld+json\" class=\"yoast-schema-graph\">{\"@context\":\"https:\\\/\\\/schema.org\",\"@graph\":[{\"@type\":\"Article\",\"@id\":\"https:\\\/\\\/www.bbmnoticias.com\\\/sheinbaum-refrenda-defensa-de-la-soberania-y-destaca-atencion-a-mexicanos-deportados-de-eu\\\/#article\",\"isPartOf\":{\"@id\":\"https:\\\/\\\/www.bbmnoticias.com\\\/labravaradiofm\\\/2026\\\/09\\\/01\\\/sheinbaum-refrenda-defensa-de-la-soberania-y-destaca-atencion-a-mexicanos-deportados-de-eu\\\/\"},\"author\":{\"name\":\"Agencias\",\"@id\":\"https:\\\/\\\/www.bbmnoticias.com\\\/labravaradiofm\\\/#\\\/schema\\\/person\\\/9fbc5ce7940cac56d0ea1e2b03b6d30c\"},\"headline\":\"Sheinbaum refrenda defensa de la soberan\u00eda y destaca atenci\u00f3n a mexicanos deportados de EU\",\"datePublished\":\"2026-09-01T18:47:27+00:00\",\"dateModified\":\"2026-09-01T18:47:30+00:00\",\"mainEntityOfPage\":{\"@id\":\"https:\\\/\\\/www.bbmnoticias.com\\\/labravaradiofm\\\/2026\\\/09\\\/01\\\/sheinbaum-refrenda-defensa-de-la-soberania-y-destaca-atencion-a-mexicanos-deportados-de-eu\\\/\"},\"wordCount\":538,\"image\":{\"@id\":\"https:\\\/\\\/www.bbmnoticias.com\\\/sheinbaum-refrenda-defensa-de-la-soberania-y-destaca-atencion-a-mexicanos-deportados-de-eu\\\/#primaryimage\"},\"thumbnailUrl\":\"https:\\\/\\\/www.bbmnoticias.com\\\/labravaradiofm\\\/wp-content\\\/uploads\\\/sites\\\/5\\\/2026\\\/09\\\/informe-de-gobierno-de-sheinbaum-colaboracion-no-significa-sometimiento-dice-sheinbaum-al-reiterar-defensa-de-la-soberania.webp\",\"articleSection\":[\"LOCAL\",\"NACIONAL\"],\"inLanguage\":\"es\"},{\"@type\":\"WebPage\",\"@id\":\"https:\\\/\\\/www.bbmnoticias.com\\\/labravaradiofm\\\/2026\\\/09\\\/01\\\/sheinbaum-refrenda-defensa-de-la-soberania-y-destaca-atencion-a-mexicanos-deportados-de-eu\\\/\",\"url\":\"https:\\\/\\\/www.bbmnoticias.com\\\/sheinbaum-refrenda-defensa-de-la-soberania-y-destaca-atencion-a-mexicanos-deportados-de-eu\\\/\",\"name\":\"Sheinbaum refrenda defensa de la soberan\u00eda y destaca atenci\u00f3n a mexicanos deportados de EU - LA BRAVA RADIO\",\"isPartOf\":{\"@id\":\"https:\\\/\\\/www.bbmnoticias.com\\\/labravaradiofm\\\/#website\"},\"primaryImageOfPage\":{\"@id\":\"https:\\\/\\\/www.bbmnoticias.com\\\/sheinbaum-refrenda-defensa-de-la-soberania-y-destaca-atencion-a-mexicanos-deportados-de-eu\\\/#primaryimage\"},\"image\":{\"@id\":\"https:\\\/\\\/www.bbmnoticias.com\\\/sheinbaum-refrenda-defensa-de-la-soberania-y-destaca-atencion-a-mexicanos-deportados-de-eu\\\/#primaryimage\"},\"thumbnailUrl\":\"https:\\\/\\\/www.bbmnoticias.com\\\/labravaradiofm\\\/wp-content\\\/uploads\\\/sites\\\/5\\\/2026\\\/09\\\/informe-de-gobierno-de-sheinbaum-colaboracion-no-significa-sometimiento-dice-sheinbaum-al-reiterar-defensa-de-la-soberania.webp\",\"datePublished\":\"2026-09-01T18:47:27+00:00\",\"dateModified\":\"2026-09-01T18:47:30+00:00\",\"author\":{\"@id\":\"https:\\\/\\\/www.bbmnoticias.com\\\/labravaradiofm\\\/#\\\/schema\\\/person\\\/9fbc5ce7940cac56d0ea1e2b03b6d30c\"},\"breadcrumb\":{\"@id\":\"https:\\\/\\\/www.bbmnoticias.com\\\/sheinbaum-refrenda-defensa-de-la-soberania-y-destaca-atencion-a-mexicanos-deportados-de-eu\\\/#breadcrumb\"},\"inLanguage\":\"es\",\"potentialAction\":[{\"@type\":\"ReadAction\",\"target\":[\"https:\\\/\\\/www.bbmnoticias.com\\\/sheinbaum-refrenda-defensa-de-la-soberania-y-destaca-atencion-a-mexicanos-deportados-de-eu\\\/\"]}]},{\"@type\":\"ImageObject\",\"inLanguage\":\"es\",\"@id\":\"https:\\\/\\\/www.bbmnoticias.com\\\/sheinbaum-refrenda-defensa-de-la-soberania-y-destaca-atencion-a-mexicanos-deportados-de-eu\\\/#primaryimage\",\"url\":\"https:\\\/\\\/www.bbmnoticias.com\\\/labravaradiofm\\\/wp-content\\\/uploads\\\/sites\\\/5\\\/2026\\\/09\\\/informe-de-gobierno-de-sheinbaum-colaboracion-no-significa-sometimiento-dice-sheinbaum-al-reiterar-defensa-de-la-soberania.webp\",\"contentUrl\":\"https:\\\/\\\/www.bbmnoticias.com\\\/labravaradiofm\\\/wp-content\\\/uploads\\\/sites\\\/5\\\/2026\\\/09\\\/informe-de-gobierno-de-sheinbaum-colaboracion-no-significa-sometimiento-dice-sheinbaum-al-reiterar-defensa-de-la-soberania.webp\",\"width\":1200,\"height\":800},{\"@type\":\"BreadcrumbList\",\"@id\":\"https:\\\/\\\/www.bbmnoticias.com\\\/sheinbaum-refrenda-defensa-de-la-soberania-y-destaca-atencion-a-mexicanos-deportados-de-eu\\\/#breadcrumb\",\"itemListElement\":[{\"@type\":\"ListItem\",\"position\":1,\"name\":\"Inicio\",\"item\":\"https:\\\/\\\/www.bbmnoticias.com\\\/labravaradiofm\\\/\"},{\"@type\":\"ListItem\",\"position\":2,\"name\":\"Sheinbaum refrenda defensa de la soberan\u00eda y destaca atenci\u00f3n a mexicanos deportados de EU\"}]},{\"@type\":\"WebSite\",\"@id\":\"https:\\\/\\\/www.bbmnoticias.com\\\/labravaradiofm\\\/#website\",\"url\":\"https:\\\/\\\/www.bbmnoticias.com\\\/labravaradiofm\\\/\",\"name\":\"LA BRAVA RADIO\",\"description\":\"Empresa productora de medios, Radiodifusi\u00f3n, Noticias, tendencias y todo lo que necesitas saber de la pol\u00edtica mexicana e internacional; entretenimiento, espect\u00e1culos, salud y mucho m\u00e1s.\",\"potentialAction\":[{\"@type\":\"SearchAction\",\"target\":{\"@type\":\"EntryPoint\",\"urlTemplate\":\"https:\\\/\\\/www.bbmnoticias.com\\\/labravaradiofm\\\/?s={search_term_string}\"},\"query-input\":{\"@type\":\"PropertyValueSpecification\",\"valueRequired\":true,\"valueName\":\"search_term_string\"}}],\"inLanguage\":\"es\"},{\"@type\":\"Person\",\"@id\":\"https:\\\/\\\/www.bbmnoticias.com\\\/labravaradiofm\\\/#\\\/schema\\\/person\\\/9fbc5ce7940cac56d0ea1e2b03b6d30c\",\"name\":\"Agencias\",\"image\":{\"@type\":\"ImageObject\",\"inLanguage\":\"es\",\"@id\":\"https:\\\/\\\/secure.gravatar.com\\\/avatar\\\/739e0b61adf9e398b425c36718c8752286da0e8cd90f20ce9a86678abc26aa0d?s=96&d=mm&r=g\",\"url\":\"https:\\\/\\\/secure.gravatar.com\\\/avatar\\\/739e0b61adf9e398b425c36718c8752286da0e8cd90f20ce9a86678abc26aa0d?s=96&d=mm&r=g\",\"contentUrl\":\"https:\\\/\\\/secure.gravatar.com\\\/avatar\\\/739e0b61adf9e398b425c36718c8752286da0e8cd90f20ce9a86678abc26aa0d?s=96&d=mm&r=g\",\"caption\":\"Agencias\"},\"url\":\"https:\\\/\\\/www.bbmnoticias.com\\\/labravaradiofm\\\/author\\\/agencias\\\/\"}]}<\/script>\n<!-- \/ Yoast SEO plugin. -->","yoast_head_json":{"title":"Sheinbaum refrenda defensa de la soberan\u00eda y destaca atenci\u00f3n a mexicanos deportados de EU - LA BRAVA RADIO","robots":{"index":"index","follow":"follow","max-snippet":"max-snippet:-1","max-image-preview":"max-image-preview:large","max-video-preview":"max-video-preview:-1"},"canonical":"https:\/\/www.bbmnoticias.com\/sheinbaum-refrenda-defensa-de-la-soberania-y-destaca-atencion-a-mexicanos-deportados-de-eu\/","og_locale":"es_MX","og_type":"article","og_title":"Sheinbaum refrenda defensa de la soberan\u00eda y destaca atenci\u00f3n a mexicanos deportados de EU - LA BRAVA RADIO","og_description":"Ciudad de M\u00e9xico.\u2014 M\u00e9xico est\u00e1 dispuesto al di\u00e1logo y a la cooperaci\u00f3n con otros pa\u00edses, pero sin renunciar a su soberan\u00eda, dignidad e independencia, afirm\u00f3 la presidenta Claudia Sheinbaum Pardo durante la presentaci\u00f3n de su Segundo Informe de Gobierno. Al abordar el cap\u00edtulo de pol\u00edtica exterior, la mandataria sostuvo que la colaboraci\u00f3n con otras naciones [&hellip;]","og_url":"https:\/\/www.bbmnoticias.com\/sheinbaum-refrenda-defensa-de-la-soberania-y-destaca-atencion-a-mexicanos-deportados-de-eu\/","og_site_name":"LA BRAVA RADIO","article_published_time":"2026-09-01T18:47:27+00:00","article_modified_time":"2026-09-01T18:47:30+00:00","og_image":[{"width":1200,"height":800,"url":"https:\/\/www.bbmnoticias.com\/labravaradiofm\/wp-content\/uploads\/sites\/5\/2026\/09\/informe-de-gobierno-de-sheinbaum-colaboracion-no-significa-sometimiento-dice-sheinbaum-al-reiterar-defensa-de-la-soberania.webp","type":"image\/webp"}],"author":"Agencias","twitter_card":"summary_large_image","twitter_misc":{"Escrito por":"Agencias","Tiempo de lectura":"3 minutos"},"schema":{"@context":"https:\/\/schema.org","@graph":[{"@type":"Article","@id":"https:\/\/www.bbmnoticias.com\/sheinbaum-refrenda-defensa-de-la-soberania-y-destaca-atencion-a-mexicanos-deportados-de-eu\/#article","isPartOf":{"@id":"https:\/\/www.bbmnoticias.com\/labravaradiofm\/2026\/09\/01\/sheinbaum-refrenda-defensa-de-la-soberania-y-destaca-atencion-a-mexicanos-deportados-de-eu\/"},"author":{"name":"Agencias","@id":"https:\/\/www.bbmnoticias.com\/labravaradiofm\/#\/schema\/person\/9fbc5ce7940cac56d0ea1e2b03b6d30c"},"headline":"Sheinbaum refrenda defensa de la soberan\u00eda y destaca atenci\u00f3n a mexicanos deportados de EU","datePublished":"2026-09-01T18:47:27+00:00","dateModified":"2026-09-01T18:47:30+00:00","mainEntityOfPage":{"@id":"https:\/\/www.bbmnoticias.com\/labravaradiofm\/2026\/09\/01\/sheinbaum-refrenda-defensa-de-la-soberania-y-destaca-atencion-a-mexicanos-deportados-de-eu\/"},"wordCount":538,"image":{"@id":"https:\/\/www.bbmnoticias.com\/sheinbaum-refrenda-defensa-de-la-soberania-y-destaca-atencion-a-mexicanos-deportados-de-eu\/#primaryimage"},"thumbnailUrl":"https:\/\/www.bbmnoticias.com\/labravaradiofm\/wp-content\/uploads\/sites\/5\/2026\/09\/informe-de-gobierno-de-sheinbaum-colaboracion-no-significa-sometimiento-dice-sheinbaum-al-reiterar-defensa-de-la-soberania.webp","articleSection":["LOCAL","NACIONAL"],"inLanguage":"es"},{"@type":"WebPage","@id":"https:\/\/www.bbmnoticias.com\/labravaradiofm\/2026\/09\/01\/sheinbaum-refrenda-defensa-de-la-soberania-y-destaca-atencion-a-mexicanos-deportados-de-eu\/","url":"https:\/\/www.bbmnoticias.com\/sheinbaum-refrenda-defensa-de-la-soberania-y-destaca-atencion-a-mexicanos-deportados-de-eu\/","name":"Sheinbaum refrenda defensa de la soberan\u00eda y destaca atenci\u00f3n a mexicanos deportados de EU - LA BRAVA RADIO","isPartOf":{"@id":"https:\/\/www.bbmnoticias.com\/labravaradiofm\/#website"},"primaryImageOfPage":{"@id":"https:\/\/www.bbmnoticias.com\/sheinbaum-refrenda-defensa-de-la-soberania-y-destaca-atencion-a-mexicanos-deportados-de-eu\/#primaryimage"},"image":{"@id":"https:\/\/www.bbmnoticias.com\/sheinbaum-refrenda-defensa-de-la-soberania-y-destaca-atencion-a-mexicanos-deportados-de-eu\/#primaryimage"},"thumbnailUrl":"https:\/\/www.bbmnoticias.com\/labravaradiofm\/wp-content\/uploads\/sites\/5\/2026\/09\/informe-de-gobierno-de-sheinbaum-colaboracion-no-significa-sometimiento-dice-sheinbaum-al-reiterar-defensa-de-la-soberania.webp","datePublished":"2026-09-01T18:47:27+00:00","dateModified":"2026-09-01T18:47:30+00:00","author":{"@id":"https:\/\/www.bbmnoticias.com\/labravaradiofm\/#\/schema\/person\/9fbc5ce7940cac56d0ea1e2b03b6d30c"},"breadcrumb":{"@id":"https:\/\/www.bbmnoticias.com\/sheinbaum-refrenda-defensa-de-la-soberania-y-destaca-atencion-a-mexicanos-deportados-de-eu\/#breadcrumb"},"inLanguage":"es","potentialAction":[{"@type":"ReadAction","target":["https:\/\/www.bbmnoticias.com\/sheinbaum-refrenda-defensa-de-la-soberania-y-destaca-atencion-a-mexicanos-deportados-de-eu\/"]}]},{"@type":"ImageObject","inLanguage":"es","@id":"https:\/\/www.bbmnoticias.com\/sheinbaum-refrenda-defensa-de-la-soberania-y-destaca-atencion-a-mexicanos-deportados-de-eu\/#primaryimage","url":"https:\/\/www.bbmnoticias.com\/labravaradiofm\/wp-content\/uploads\/sites\/5\/2026\/09\/informe-de-gobierno-de-sheinbaum-colaboracion-no-significa-sometimiento-dice-sheinbaum-al-reiterar-defensa-de-la-soberania.webp","contentUrl":"https:\/\/www.bbmnoticias.com\/labravaradiofm\/wp-content\/uploads\/sites\/5\/2026\/09\/informe-de-gobierno-de-sheinbaum-colaboracion-no-significa-sometimiento-dice-sheinbaum-al-reiterar-defensa-de-la-soberania.webp","width":1200,"height":800},{"@type":"BreadcrumbList","@id":"https:\/\/www.bbmnoticias.com\/sheinbaum-refrenda-defensa-de-la-soberania-y-destaca-atencion-a-mexicanos-deportados-de-eu\/#breadcrumb","itemListElement":[{"@type":"ListItem","position":1,"name":"Inicio","item":"https:\/\/www.bbmnoticias.com\/labravaradiofm\/"},{"@type":"ListItem","position":2,"name":"Sheinbaum refrenda defensa de la soberan\u00eda y destaca atenci\u00f3n a mexicanos deportados de EU"}]},{"@type":"WebSite","@id":"https:\/\/www.bbmnoticias.com\/labravaradiofm\/#website","url":"https:\/\/www.bbmnoticias.com\/labravaradiofm\/","name":"LA BRAVA RADIO","description":"Empresa productora de medios, Radiodifusi\u00f3n, Noticias, tendencias y todo lo que necesitas saber de la pol\u00edtica mexicana e internacional; entretenimiento, espect\u00e1culos, salud y mucho m\u00e1s.","potentialAction":[{"@type":"SearchAction","target":{"@type":"EntryPoint","urlTemplate":"https:\/\/www.bbmnoticias.com\/labravaradiofm\/?s={search_term_string}"},"query-input":{"@type":"PropertyValueSpecification","valueRequired":true,"valueName":"search_term_string"}}],"inLanguage":"es"},{"@type":"Person","@id":"https:\/\/www.bbmnoticias.com\/labravaradiofm\/#\/schema\/person\/9fbc5ce7940cac56d0ea1e2b03b6d30c","name":"Agencias","image":{"@type":"ImageObject","inLanguage":"es","@id":"https:\/\/secure.gravatar.com\/avatar\/739e0b61adf9e398b425c36718c8752286da0e8cd90f20ce9a86678abc26aa0d?s=96&d=mm&r=g","url":"https:\/\/secure.gravatar.com\/avatar\/739e0b61adf9e398b425c36718c8752286da0e8cd90f20ce9a86678abc26aa0d?s=96&d=mm&r=g","contentUrl":"https:\/\/secure.gravatar.com\/avatar\/739e0b61adf9e398b425c36718c8752286da0e8cd90f20ce9a86678abc26aa0d?s=96&d=mm&r=g","caption":"Agencias"},"url":"https:\/\/www.bbmnoticias.com\/labravaradiofm\/author\/agencias\/"}]}},"_links":{"self":[{"href":"https:\/\/www.bbmnoticias.com\/labravaradiofm\/wp-json\/wp\/v2\/posts\/81328","targetHints":{"allow":["GET"]}}],"collection":[{"href":"https:\/\/www.bbmnoticias.com\/labravaradiofm\/wp-json\/wp\/v2\/posts"}],"about":[{"href":"https:\/\/www.bbmnoticias.com\/labravaradiofm\/wp-json\/wp\/v2\/types\/post"}],"author":[{"embeddable":true,"href":"https:\/\/www.bbmnoticias.com\/labravaradiofm\/wp-json\/wp\/v2\/users\/4"}],"replies":[{"embeddable":true,"href":"https:\/\/www.bbmnoticias.com\/labravaradiofm\/wp-json\/wp\/v2\/comments?post=81328"}],"version-history":[{"count":1,"href":"https:\/\/www.bbmnoticias.com\/labravaradiofm\/wp-json\/wp\/v2\/posts\/81328\/revisions"}],"predecessor-version":[{"id":81329,"href":"https:\/\/www.bbmnoticias.com\/labravaradiofm\/wp-json\/wp\/v2\/posts\/81328\/revisions\/81329"}],"wp:featuredmedia":[{"embeddable":true,"href":"https:\/\/www.bbmnoticias.com\/labravaradiofm\/wp-json\/wp\/v2\/media\/81330"}],"wp:attachment":[{"href":"https:\/\/www.bbmnoticias.com\/labravaradiofm\/wp-json\/wp\/v2\/media?parent=81328"}],"wp:term":[{"taxonomy":"category","embeddable":true,"href":"https:\/\/www.bbmnoticias.com\/labravaradiofm\/wp-json\/wp\/v2\/categories?post=81328"},{"taxonomy":"post_tag","embeddable":true,"href":"https:\/\/www.bbmnoticias.com\/labravaradiofm\/wp-json\/wp\/v2\/tags?post=81328"}],"curies":[{"name":"wp","href":"https:\/\/api.w.org\/{rel}","templated":true}]}}