{"id":81325,"date":"2026-09-01T12:44:22","date_gmt":"2026-09-01T18:44:22","guid":{"rendered":"https:\/\/www.bbmnoticias.com\/labravaradiofm\/2026\/09\/01\/adolescente-de-14-anos-asesina-a-su-madre-con-un-martillo-y-va-a-la-escuela-como-si-nada-tras-cometer-el-crimen\/"},"modified":"2026-09-01T12:44:25","modified_gmt":"2026-09-01T18:44:25","slug":"adolescente-de-14-anos-asesina-a-su-madre-con-un-martillo-y-va-a-la-escuela-como-si-nada-tras-cometer-el-crimen","status":"publish","type":"post","link":"https:\/\/www.bbmnoticias.com\/labravaradiofm\/2026\/09\/01\/adolescente-de-14-anos-asesina-a-su-madre-con-un-martillo-y-va-a-la-escuela-como-si-nada-tras-cometer-el-crimen\/","title":{"rendered":"Adolescente de 14 a\u00f1os asesina a su madre con un martillo y va a la escuela como si nada tras cometer el crimen"},"content":{"rendered":"\n<p class=\"wp-block-paragraph\">La comunidad de <strong>San Joaqu\u00edn,<\/strong> en <strong>Chile<\/strong>, se vio consternada por un <strong>tr\u00e1gico<\/strong> y <strong>violento<\/strong> <strong>parricidio<\/strong> luego de que una <strong>adolescente<\/strong> de 14 a\u00f1os de edad asesinar\u00e1&nbsp;a su propia madre&nbsp;con un <strong>martillo<\/strong> y posteriormente acudiera&nbsp;a la <strong>escuela<\/strong> como si nada hubiera pasado.<\/p>\n\n\n\n<p class=\"wp-block-paragraph\">Seg\u00fan el reporte de las autoridades, el crimen ocurri\u00f3 alrededor de las 12:15 horas del domingo 23 de agosto al interior de un departamento situado en el piso 13 de un edificio ubicado entre la avenida <strong>Vicu\u00f1a Mackenna<\/strong> y la calle <strong>Celia<\/strong> <strong>Solar<\/strong>.<\/p>\n\n\n\n<p class=\"wp-block-paragraph\">De acuerdo con la confesi\u00f3n de la menor y el reporte de la Brigada de Homicidios Sur de la Polic\u00eda de Investigaciones<strong> (PDI<\/strong>), el violento ataque sucedi\u00f3 durante una discusi\u00f3n en la que la joven tom\u00f3 un <strong>martillo<\/strong> que se encontraba en un sill\u00f3n y golpe\u00f3 a su progenitora de 48 a\u00f1os de edad en m\u00faltiples ocasiones hasta <strong>quitarle la vida<\/strong>.<\/p>\n\n\n\n<p class=\"wp-block-paragraph\">Dos horas despu\u00e9s, tras cambiarse de ropa por las manchas de sangre, la adolescente abandon\u00f3 el inmueble para reunirse con su padre. Al regresar alrededor de las 23:00 del mismo d\u00eda, cubri\u00f3 el <strong>cad\u00e1ver<\/strong> que yac\u00eda en el piso con una s\u00e1bana y durmi\u00f3 en el mismo lugar.<\/p>\n\n\n\n<p class=\"wp-block-paragraph\">A la ma\u00f1ana siguiente, la menor continu\u00f3 con su rutina diaria como si <strong>nada hubiera pasado<\/strong>, pues acudi\u00f3 a su colegio y tom\u00f3 clases con total <strong>normalidad<\/strong>. Sin embargo, al salir de la escuela se dirigi\u00f3 a la <strong>3\u00aa Comisar\u00eda de Carabineros<\/strong>, en donde confes\u00f3 su crimen provocando la movilizaci\u00f3n de las autoridades al lugar de los hechos, donde encontraron a la madre sin vida.<\/p>\n\n\n\n<figure class=\"wp-block-image\"><img decoding=\"async\" src=\"https:\/\/heraldodemexico.com.mx\/u\/fotografias\/m\/2026\/9\/1\/f768x1-1324179_1324306_5050.jpg\" alt=\"\"\/><figcaption class=\"wp-element-caption\">Foto:&nbsp;PDI Chile<\/figcaption><\/figure>\n\n\n\n<h2 class=\"wp-block-heading\">Joven es internada tras asesinar a su madre<\/h2>\n\n\n\n<p class=\"wp-block-paragraph\">Tras la <strong>confesi\u00f3n<\/strong> y el <strong>macabro<\/strong> <strong>descubrimiento<\/strong>, la <strong>Fiscal\u00eda Metropolitana Sur<\/strong> formaliz\u00f3 a la <strong>adolescente<\/strong> de 14 a\u00f1os por el delito de <strong>parricidio<\/strong> consumado durante la tarde del mismo lunes. En la <strong>audiencia<\/strong>, el<strong> tribunal de garant\u00eda <\/strong>decret\u00f3 la medida cautelar de internaci\u00f3n provisoria en un centro especializado para menores, desestimando la opci\u00f3n de que permaneciera en libertad dada la <strong>gravedad<\/strong> <strong>del<\/strong> <strong>crimen<\/strong>.<\/p>\n\n\n\n<p class=\"wp-block-paragraph\">Por su parte, el jefe de la <strong>Brigada de Homicidios Sur de la PDI<\/strong>, <strong>Robert<\/strong> <strong>Briones<\/strong>, inform\u00f3 que las diligencias contin\u00faan activas para esclarecer el m\u00f3vil exacto del ataque y verificar si exist\u00eda alguna vulneraci\u00f3n a los <strong>derechos de la adolescente<\/strong>.<\/p>\n\n\n\n<p class=\"wp-block-paragraph\">Respecto a los motivos que llevaron a la joven a cometer el ataque, si bien la defensa de la <strong>adolescente<\/strong> argument\u00f3 la existencia de conflictos anteriores ligados a supuesta <strong>violencia<\/strong> <strong>intrafamiliar<\/strong>, el persecutor del caso aclar\u00f3 que no se registraron denuncias formales previas por este tipo de hechos contra ninguno de los progenitores.<\/p>\n\n\n\n<p class=\"wp-block-paragraph\"><\/p>\n","protected":false},"excerpt":{"rendered":"<p>La comunidad de San Joaqu\u00edn, en Chile, se vio consternada por un tr\u00e1gico y violento parricidio luego de que una adolescente de 14 a\u00f1os de edad asesinar\u00e1&nbsp;a su propia madre&nbsp;con un martillo y posteriormente acudiera&nbsp;a la escuela como si nada hubiera pasado. Seg\u00fan el reporte de las autoridades, el crimen ocurri\u00f3 alrededor de las 12:15 [&hellip;]<\/p>\n","protected":false},"author":2,"featured_media":81327,"comment_status":"closed","ping_status":"open","sticky":false,"template":"","format":"standard","meta":{"footnotes":""},"categories":[948,2],"tags":[],"class_list":["post-81325","post","type-post","status-publish","format-standard","has-post-thumbnail","hentry","category-internacional","category-oaxaca"],"yoast_head":"<!-- This site is optimized with the Yoast SEO plugin v28.1 - https:\/\/yoast.com\/product\/yoast-seo-wordpress\/ -->\n<title>Adolescente de 14 a\u00f1os asesina a su madre con un martillo y va a la escuela como si nada tras cometer el crimen - LA BRAVA RADIO<\/title>\n<meta name=\"robots\" content=\"index, follow, max-snippet:-1, max-image-preview:large, max-video-preview:-1\" \/>\n<link rel=\"canonical\" href=\"https:\/\/www.bbmnoticias.com\/adolescente-de-14-anos-asesina-a-su-madre-con-un-martillo-y-va-a-la-escuela-como-si-nada-tras-cometer-el-crimen\/\" \/>\n<meta property=\"og:locale\" content=\"es_MX\" \/>\n<meta property=\"og:type\" content=\"article\" \/>\n<meta property=\"og:title\" content=\"Adolescente de 14 a\u00f1os asesina a su madre con un martillo y va a la escuela como si nada tras cometer el crimen - LA BRAVA RADIO\" \/>\n<meta property=\"og:description\" content=\"La comunidad de San Joaqu\u00edn, en Chile, se vio consternada por un tr\u00e1gico y violento parricidio luego de que una adolescente de 14 a\u00f1os de edad asesinar\u00e1&nbsp;a su propia madre&nbsp;con un martillo y posteriormente acudiera&nbsp;a la escuela como si nada hubiera pasado. Seg\u00fan el reporte de las autoridades, el crimen ocurri\u00f3 alrededor de las 12:15 [&hellip;]\" \/>\n<meta property=\"og:url\" content=\"https:\/\/www.bbmnoticias.com\/adolescente-de-14-anos-asesina-a-su-madre-con-un-martillo-y-va-a-la-escuela-como-si-nada-tras-cometer-el-crimen\/\" \/>\n<meta property=\"og:site_name\" content=\"LA BRAVA RADIO\" \/>\n<meta property=\"article:published_time\" content=\"2026-09-01T18:44:22+00:00\" \/>\n<meta property=\"article:modified_time\" content=\"2026-09-01T18:44:25+00:00\" \/>\n<meta property=\"og:image\" content=\"https:\/\/www.bbmnoticias.com\/labravaradiofm\/wp-content\/uploads\/sites\/5\/2026\/09\/aspecto_ejecucion.webp\" \/>\n\t<meta property=\"og:image:width\" content=\"848\" \/>\n\t<meta property=\"og:image:height\" content=\"477\" \/>\n\t<meta property=\"og:image:type\" content=\"image\/webp\" \/>\n<meta name=\"author\" content=\"Staff\" \/>\n<meta name=\"twitter:card\" content=\"summary_large_image\" \/>\n<meta name=\"twitter:label1\" content=\"Escrito por\" \/>\n\t<meta name=\"twitter:data1\" content=\"Staff\" \/>\n\t<meta name=\"twitter:label2\" content=\"Tiempo de lectura\" \/>\n\t<meta name=\"twitter:data2\" content=\"2 minutos\" \/>\n<script type=\"application\/ld+json\" class=\"yoast-schema-graph\">{\"@context\":\"https:\\\/\\\/schema.org\",\"@graph\":[{\"@type\":\"Article\",\"@id\":\"https:\\\/\\\/www.bbmnoticias.com\\\/adolescente-de-14-anos-asesina-a-su-madre-con-un-martillo-y-va-a-la-escuela-como-si-nada-tras-cometer-el-crimen\\\/#article\",\"isPartOf\":{\"@id\":\"https:\\\/\\\/www.bbmnoticias.com\\\/labravaradiofm\\\/2026\\\/09\\\/01\\\/adolescente-de-14-anos-asesina-a-su-madre-con-un-martillo-y-va-a-la-escuela-como-si-nada-tras-cometer-el-crimen\\\/\"},\"author\":{\"name\":\"Staff\",\"@id\":\"https:\\\/\\\/www.bbmnoticias.com\\\/labravaradiofm\\\/#\\\/schema\\\/person\\\/9eb037257fc48a09cdf31d9a2f45619f\"},\"headline\":\"Adolescente de 14 a\u00f1os asesina a su madre con un martillo y va a la escuela como si nada tras cometer el crimen\",\"datePublished\":\"2026-09-01T18:44:22+00:00\",\"dateModified\":\"2026-09-01T18:44:25+00:00\",\"mainEntityOfPage\":{\"@id\":\"https:\\\/\\\/www.bbmnoticias.com\\\/labravaradiofm\\\/2026\\\/09\\\/01\\\/adolescente-de-14-anos-asesina-a-su-madre-con-un-martillo-y-va-a-la-escuela-como-si-nada-tras-cometer-el-crimen\\\/\"},\"wordCount\":478,\"image\":{\"@id\":\"https:\\\/\\\/www.bbmnoticias.com\\\/adolescente-de-14-anos-asesina-a-su-madre-con-un-martillo-y-va-a-la-escuela-como-si-nada-tras-cometer-el-crimen\\\/#primaryimage\"},\"thumbnailUrl\":\"https:\\\/\\\/www.bbmnoticias.com\\\/labravaradiofm\\\/wp-content\\\/uploads\\\/sites\\\/5\\\/2026\\\/09\\\/aspecto_ejecucion.webp\",\"articleSection\":[\"INTERNACIONAL\",\"LOCAL\"],\"inLanguage\":\"es\"},{\"@type\":\"WebPage\",\"@id\":\"https:\\\/\\\/www.bbmnoticias.com\\\/labravaradiofm\\\/2026\\\/09\\\/01\\\/adolescente-de-14-anos-asesina-a-su-madre-con-un-martillo-y-va-a-la-escuela-como-si-nada-tras-cometer-el-crimen\\\/\",\"url\":\"https:\\\/\\\/www.bbmnoticias.com\\\/adolescente-de-14-anos-asesina-a-su-madre-con-un-martillo-y-va-a-la-escuela-como-si-nada-tras-cometer-el-crimen\\\/\",\"name\":\"Adolescente de 14 a\u00f1os asesina a su madre con un martillo y va a la escuela como si nada tras cometer el crimen - LA BRAVA RADIO\",\"isPartOf\":{\"@id\":\"https:\\\/\\\/www.bbmnoticias.com\\\/labravaradiofm\\\/#website\"},\"primaryImageOfPage\":{\"@id\":\"https:\\\/\\\/www.bbmnoticias.com\\\/adolescente-de-14-anos-asesina-a-su-madre-con-un-martillo-y-va-a-la-escuela-como-si-nada-tras-cometer-el-crimen\\\/#primaryimage\"},\"image\":{\"@id\":\"https:\\\/\\\/www.bbmnoticias.com\\\/adolescente-de-14-anos-asesina-a-su-madre-con-un-martillo-y-va-a-la-escuela-como-si-nada-tras-cometer-el-crimen\\\/#primaryimage\"},\"thumbnailUrl\":\"https:\\\/\\\/www.bbmnoticias.com\\\/labravaradiofm\\\/wp-content\\\/uploads\\\/sites\\\/5\\\/2026\\\/09\\\/aspecto_ejecucion.webp\",\"datePublished\":\"2026-09-01T18:44:22+00:00\",\"dateModified\":\"2026-09-01T18:44:25+00:00\",\"author\":{\"@id\":\"https:\\\/\\\/www.bbmnoticias.com\\\/labravaradiofm\\\/#\\\/schema\\\/person\\\/9eb037257fc48a09cdf31d9a2f45619f\"},\"breadcrumb\":{\"@id\":\"https:\\\/\\\/www.bbmnoticias.com\\\/adolescente-de-14-anos-asesina-a-su-madre-con-un-martillo-y-va-a-la-escuela-como-si-nada-tras-cometer-el-crimen\\\/#breadcrumb\"},\"inLanguage\":\"es\",\"potentialAction\":[{\"@type\":\"ReadAction\",\"target\":[\"https:\\\/\\\/www.bbmnoticias.com\\\/adolescente-de-14-anos-asesina-a-su-madre-con-un-martillo-y-va-a-la-escuela-como-si-nada-tras-cometer-el-crimen\\\/\"]}]},{\"@type\":\"ImageObject\",\"inLanguage\":\"es\",\"@id\":\"https:\\\/\\\/www.bbmnoticias.com\\\/adolescente-de-14-anos-asesina-a-su-madre-con-un-martillo-y-va-a-la-escuela-como-si-nada-tras-cometer-el-crimen\\\/#primaryimage\",\"url\":\"https:\\\/\\\/www.bbmnoticias.com\\\/labravaradiofm\\\/wp-content\\\/uploads\\\/sites\\\/5\\\/2026\\\/09\\\/aspecto_ejecucion.webp\",\"contentUrl\":\"https:\\\/\\\/www.bbmnoticias.com\\\/labravaradiofm\\\/wp-content\\\/uploads\\\/sites\\\/5\\\/2026\\\/09\\\/aspecto_ejecucion.webp\",\"width\":848,\"height\":477},{\"@type\":\"BreadcrumbList\",\"@id\":\"https:\\\/\\\/www.bbmnoticias.com\\\/adolescente-de-14-anos-asesina-a-su-madre-con-un-martillo-y-va-a-la-escuela-como-si-nada-tras-cometer-el-crimen\\\/#breadcrumb\",\"itemListElement\":[{\"@type\":\"ListItem\",\"position\":1,\"name\":\"Inicio\",\"item\":\"https:\\\/\\\/www.bbmnoticias.com\\\/labravaradiofm\\\/\"},{\"@type\":\"ListItem\",\"position\":2,\"name\":\"Adolescente de 14 a\u00f1os asesina a su madre con un martillo y va a la escuela como si nada tras cometer el crimen\"}]},{\"@type\":\"WebSite\",\"@id\":\"https:\\\/\\\/www.bbmnoticias.com\\\/labravaradiofm\\\/#website\",\"url\":\"https:\\\/\\\/www.bbmnoticias.com\\\/labravaradiofm\\\/\",\"name\":\"LA BRAVA RADIO\",\"description\":\"Empresa productora de medios, Radiodifusi\u00f3n, Noticias, tendencias y todo lo que necesitas saber de la pol\u00edtica mexicana e internacional; entretenimiento, espect\u00e1culos, salud y mucho m\u00e1s.\",\"potentialAction\":[{\"@type\":\"SearchAction\",\"target\":{\"@type\":\"EntryPoint\",\"urlTemplate\":\"https:\\\/\\\/www.bbmnoticias.com\\\/labravaradiofm\\\/?s={search_term_string}\"},\"query-input\":{\"@type\":\"PropertyValueSpecification\",\"valueRequired\":true,\"valueName\":\"search_term_string\"}}],\"inLanguage\":\"es\"},{\"@type\":\"Person\",\"@id\":\"https:\\\/\\\/www.bbmnoticias.com\\\/labravaradiofm\\\/#\\\/schema\\\/person\\\/9eb037257fc48a09cdf31d9a2f45619f\",\"name\":\"Staff\",\"image\":{\"@type\":\"ImageObject\",\"inLanguage\":\"es\",\"@id\":\"https:\\\/\\\/secure.gravatar.com\\\/avatar\\\/fdd21ad66fd8b98c407f9dee5b5e588cfe7f0d8579ec20fa6527cd59bab7f0f0?s=96&d=mm&r=g\",\"url\":\"https:\\\/\\\/secure.gravatar.com\\\/avatar\\\/fdd21ad66fd8b98c407f9dee5b5e588cfe7f0d8579ec20fa6527cd59bab7f0f0?s=96&d=mm&r=g\",\"contentUrl\":\"https:\\\/\\\/secure.gravatar.com\\\/avatar\\\/fdd21ad66fd8b98c407f9dee5b5e588cfe7f0d8579ec20fa6527cd59bab7f0f0?s=96&d=mm&r=g\",\"caption\":\"Staff\"},\"url\":\"https:\\\/\\\/www.bbmnoticias.com\\\/labravaradiofm\\\/author\\\/redaccion\\\/\"}]}<\/script>\n<!-- \/ Yoast SEO plugin. -->","yoast_head_json":{"title":"Adolescente de 14 a\u00f1os asesina a su madre con un martillo y va a la escuela como si nada tras cometer el crimen - LA BRAVA RADIO","robots":{"index":"index","follow":"follow","max-snippet":"max-snippet:-1","max-image-preview":"max-image-preview:large","max-video-preview":"max-video-preview:-1"},"canonical":"https:\/\/www.bbmnoticias.com\/adolescente-de-14-anos-asesina-a-su-madre-con-un-martillo-y-va-a-la-escuela-como-si-nada-tras-cometer-el-crimen\/","og_locale":"es_MX","og_type":"article","og_title":"Adolescente de 14 a\u00f1os asesina a su madre con un martillo y va a la escuela como si nada tras cometer el crimen - LA BRAVA RADIO","og_description":"La comunidad de San Joaqu\u00edn, en Chile, se vio consternada por un tr\u00e1gico y violento parricidio luego de que una adolescente de 14 a\u00f1os de edad asesinar\u00e1&nbsp;a su propia madre&nbsp;con un martillo y posteriormente acudiera&nbsp;a la escuela como si nada hubiera pasado. Seg\u00fan el reporte de las autoridades, el crimen ocurri\u00f3 alrededor de las 12:15 [&hellip;]","og_url":"https:\/\/www.bbmnoticias.com\/adolescente-de-14-anos-asesina-a-su-madre-con-un-martillo-y-va-a-la-escuela-como-si-nada-tras-cometer-el-crimen\/","og_site_name":"LA BRAVA RADIO","article_published_time":"2026-09-01T18:44:22+00:00","article_modified_time":"2026-09-01T18:44:25+00:00","og_image":[{"width":848,"height":477,"url":"https:\/\/www.bbmnoticias.com\/labravaradiofm\/wp-content\/uploads\/sites\/5\/2026\/09\/aspecto_ejecucion.webp","type":"image\/webp"}],"author":"Staff","twitter_card":"summary_large_image","twitter_misc":{"Escrito por":"Staff","Tiempo de lectura":"2 minutos"},"schema":{"@context":"https:\/\/schema.org","@graph":[{"@type":"Article","@id":"https:\/\/www.bbmnoticias.com\/adolescente-de-14-anos-asesina-a-su-madre-con-un-martillo-y-va-a-la-escuela-como-si-nada-tras-cometer-el-crimen\/#article","isPartOf":{"@id":"https:\/\/www.bbmnoticias.com\/labravaradiofm\/2026\/09\/01\/adolescente-de-14-anos-asesina-a-su-madre-con-un-martillo-y-va-a-la-escuela-como-si-nada-tras-cometer-el-crimen\/"},"author":{"name":"Staff","@id":"https:\/\/www.bbmnoticias.com\/labravaradiofm\/#\/schema\/person\/9eb037257fc48a09cdf31d9a2f45619f"},"headline":"Adolescente de 14 a\u00f1os asesina a su madre con un martillo y va a la escuela como si nada tras cometer el crimen","datePublished":"2026-09-01T18:44:22+00:00","dateModified":"2026-09-01T18:44:25+00:00","mainEntityOfPage":{"@id":"https:\/\/www.bbmnoticias.com\/labravaradiofm\/2026\/09\/01\/adolescente-de-14-anos-asesina-a-su-madre-con-un-martillo-y-va-a-la-escuela-como-si-nada-tras-cometer-el-crimen\/"},"wordCount":478,"image":{"@id":"https:\/\/www.bbmnoticias.com\/adolescente-de-14-anos-asesina-a-su-madre-con-un-martillo-y-va-a-la-escuela-como-si-nada-tras-cometer-el-crimen\/#primaryimage"},"thumbnailUrl":"https:\/\/www.bbmnoticias.com\/labravaradiofm\/wp-content\/uploads\/sites\/5\/2026\/09\/aspecto_ejecucion.webp","articleSection":["INTERNACIONAL","LOCAL"],"inLanguage":"es"},{"@type":"WebPage","@id":"https:\/\/www.bbmnoticias.com\/labravaradiofm\/2026\/09\/01\/adolescente-de-14-anos-asesina-a-su-madre-con-un-martillo-y-va-a-la-escuela-como-si-nada-tras-cometer-el-crimen\/","url":"https:\/\/www.bbmnoticias.com\/adolescente-de-14-anos-asesina-a-su-madre-con-un-martillo-y-va-a-la-escuela-como-si-nada-tras-cometer-el-crimen\/","name":"Adolescente de 14 a\u00f1os asesina a su madre con un martillo y va a la escuela como si nada tras cometer el crimen - LA BRAVA RADIO","isPartOf":{"@id":"https:\/\/www.bbmnoticias.com\/labravaradiofm\/#website"},"primaryImageOfPage":{"@id":"https:\/\/www.bbmnoticias.com\/adolescente-de-14-anos-asesina-a-su-madre-con-un-martillo-y-va-a-la-escuela-como-si-nada-tras-cometer-el-crimen\/#primaryimage"},"image":{"@id":"https:\/\/www.bbmnoticias.com\/adolescente-de-14-anos-asesina-a-su-madre-con-un-martillo-y-va-a-la-escuela-como-si-nada-tras-cometer-el-crimen\/#primaryimage"},"thumbnailUrl":"https:\/\/www.bbmnoticias.com\/labravaradiofm\/wp-content\/uploads\/sites\/5\/2026\/09\/aspecto_ejecucion.webp","datePublished":"2026-09-01T18:44:22+00:00","dateModified":"2026-09-01T18:44:25+00:00","author":{"@id":"https:\/\/www.bbmnoticias.com\/labravaradiofm\/#\/schema\/person\/9eb037257fc48a09cdf31d9a2f45619f"},"breadcrumb":{"@id":"https:\/\/www.bbmnoticias.com\/adolescente-de-14-anos-asesina-a-su-madre-con-un-martillo-y-va-a-la-escuela-como-si-nada-tras-cometer-el-crimen\/#breadcrumb"},"inLanguage":"es","potentialAction":[{"@type":"ReadAction","target":["https:\/\/www.bbmnoticias.com\/adolescente-de-14-anos-asesina-a-su-madre-con-un-martillo-y-va-a-la-escuela-como-si-nada-tras-cometer-el-crimen\/"]}]},{"@type":"ImageObject","inLanguage":"es","@id":"https:\/\/www.bbmnoticias.com\/adolescente-de-14-anos-asesina-a-su-madre-con-un-martillo-y-va-a-la-escuela-como-si-nada-tras-cometer-el-crimen\/#primaryimage","url":"https:\/\/www.bbmnoticias.com\/labravaradiofm\/wp-content\/uploads\/sites\/5\/2026\/09\/aspecto_ejecucion.webp","contentUrl":"https:\/\/www.bbmnoticias.com\/labravaradiofm\/wp-content\/uploads\/sites\/5\/2026\/09\/aspecto_ejecucion.webp","width":848,"height":477},{"@type":"BreadcrumbList","@id":"https:\/\/www.bbmnoticias.com\/adolescente-de-14-anos-asesina-a-su-madre-con-un-martillo-y-va-a-la-escuela-como-si-nada-tras-cometer-el-crimen\/#breadcrumb","itemListElement":[{"@type":"ListItem","position":1,"name":"Inicio","item":"https:\/\/www.bbmnoticias.com\/labravaradiofm\/"},{"@type":"ListItem","position":2,"name":"Adolescente de 14 a\u00f1os asesina a su madre con un martillo y va a la escuela como si nada tras cometer el crimen"}]},{"@type":"WebSite","@id":"https:\/\/www.bbmnoticias.com\/labravaradiofm\/#website","url":"https:\/\/www.bbmnoticias.com\/labravaradiofm\/","name":"LA BRAVA RADIO","description":"Empresa productora de medios, Radiodifusi\u00f3n, Noticias, tendencias y todo lo que necesitas saber de la pol\u00edtica mexicana e internacional; entretenimiento, espect\u00e1culos, salud y mucho m\u00e1s.","potentialAction":[{"@type":"SearchAction","target":{"@type":"EntryPoint","urlTemplate":"https:\/\/www.bbmnoticias.com\/labravaradiofm\/?s={search_term_string}"},"query-input":{"@type":"PropertyValueSpecification","valueRequired":true,"valueName":"search_term_string"}}],"inLanguage":"es"},{"@type":"Person","@id":"https:\/\/www.bbmnoticias.com\/labravaradiofm\/#\/schema\/person\/9eb037257fc48a09cdf31d9a2f45619f","name":"Staff","image":{"@type":"ImageObject","inLanguage":"es","@id":"https:\/\/secure.gravatar.com\/avatar\/fdd21ad66fd8b98c407f9dee5b5e588cfe7f0d8579ec20fa6527cd59bab7f0f0?s=96&d=mm&r=g","url":"https:\/\/secure.gravatar.com\/avatar\/fdd21ad66fd8b98c407f9dee5b5e588cfe7f0d8579ec20fa6527cd59bab7f0f0?s=96&d=mm&r=g","contentUrl":"https:\/\/secure.gravatar.com\/avatar\/fdd21ad66fd8b98c407f9dee5b5e588cfe7f0d8579ec20fa6527cd59bab7f0f0?s=96&d=mm&r=g","caption":"Staff"},"url":"https:\/\/www.bbmnoticias.com\/labravaradiofm\/author\/redaccion\/"}]}},"_links":{"self":[{"href":"https:\/\/www.bbmnoticias.com\/labravaradiofm\/wp-json\/wp\/v2\/posts\/81325","targetHints":{"allow":["GET"]}}],"collection":[{"href":"https:\/\/www.bbmnoticias.com\/labravaradiofm\/wp-json\/wp\/v2\/posts"}],"about":[{"href":"https:\/\/www.bbmnoticias.com\/labravaradiofm\/wp-json\/wp\/v2\/types\/post"}],"author":[{"embeddable":true,"href":"https:\/\/www.bbmnoticias.com\/labravaradiofm\/wp-json\/wp\/v2\/users\/2"}],"replies":[{"embeddable":true,"href":"https:\/\/www.bbmnoticias.com\/labravaradiofm\/wp-json\/wp\/v2\/comments?post=81325"}],"version-history":[{"count":1,"href":"https:\/\/www.bbmnoticias.com\/labravaradiofm\/wp-json\/wp\/v2\/posts\/81325\/revisions"}],"predecessor-version":[{"id":81326,"href":"https:\/\/www.bbmnoticias.com\/labravaradiofm\/wp-json\/wp\/v2\/posts\/81325\/revisions\/81326"}],"wp:featuredmedia":[{"embeddable":true,"href":"https:\/\/www.bbmnoticias.com\/labravaradiofm\/wp-json\/wp\/v2\/media\/81327"}],"wp:attachment":[{"href":"https:\/\/www.bbmnoticias.com\/labravaradiofm\/wp-json\/wp\/v2\/media?parent=81325"}],"wp:term":[{"taxonomy":"category","embeddable":true,"href":"https:\/\/www.bbmnoticias.com\/labravaradiofm\/wp-json\/wp\/v2\/categories?post=81325"},{"taxonomy":"post_tag","embeddable":true,"href":"https:\/\/www.bbmnoticias.com\/labravaradiofm\/wp-json\/wp\/v2\/tags?post=81325"}],"curies":[{"name":"wp","href":"https:\/\/api.w.org\/{rel}","templated":true}]}}