{"id":81316,"date":"2026-09-01T08:53:05","date_gmt":"2026-09-01T14:53:05","guid":{"rendered":"https:\/\/www.bbmnoticias.com\/labravaradiofm\/2026\/09\/01\/detienen-a-hombre-por-presunto-robo-de-63-celulares-en-negocio-de-zimatlan\/"},"modified":"2026-09-01T08:53:08","modified_gmt":"2026-09-01T14:53:08","slug":"detienen-a-hombre-por-presunto-robo-de-63-celulares-en-negocio-de-zimatlan","status":"publish","type":"post","link":"https:\/\/www.bbmnoticias.com\/labravaradiofm\/2026\/09\/01\/detienen-a-hombre-por-presunto-robo-de-63-celulares-en-negocio-de-zimatlan\/","title":{"rendered":"Detienen a hombre por presunto robo de 63 celulares en negocio de Zimatl\u00e1n"},"content":{"rendered":"\n<p class=\"wp-block-paragraph\"><strong>Oaxaca de Ju\u00e1rez, Oax., 1 de septiembre de 2026.\u2014<\/strong> La Fiscal\u00eda General del Estado de Oaxaca (FGEO) ejecut\u00f3 una orden de aprehensi\u00f3n contra un hombre identificado con las iniciales <strong>H.O.G.<\/strong>, se\u00f1alado como probable responsable del delito de robo con violencia f\u00edsica y moral a las personas, cometido en un establecimiento dedicado a la venta de tel\u00e9fonos celulares y accesorios en Zimatl\u00e1n de \u00c1lvarez, en la regi\u00f3n de los Valles Centrales.<\/p>\n\n\n\n<p class=\"wp-block-paragraph\">De acuerdo con la investigaci\u00f3n ministerial, los hechos ocurrieron el <strong>9 de marzo de 2025<\/strong>, cuando una mujer, encargada de la sucursal ubicada en el Barrio San Lorenzo, se encontraba trabajando en el establecimiento.<\/p>\n\n\n\n<p class=\"wp-block-paragraph\">Las indagatorias establecen que un hombre ingres\u00f3 al negocio bajo el argumento de realizar un pago y, posteriormente, habr\u00eda amagado con una navaja a la trabajadora. La v\u00edctima presuntamente fue atada de las manos y amordazada, adem\u00e1s de sufrir diversas lesiones.<\/p>\n\n\n\n<p class=\"wp-block-paragraph\">Una vez sometida, el probable responsable habr\u00eda sustra\u00eddo <strong>63 tel\u00e9fonos celulares de diferentes marcas<\/strong>, que se encontraban exhibidos en el establecimiento, para despu\u00e9s escapar del lugar.<\/p>\n\n\n\n<p class=\"wp-block-paragraph\">La Fiscal\u00eda inform\u00f3 que el robo habr\u00eda ocasionado una afectaci\u00f3n patrimonial de aproximadamente <strong>259 mil pesos<\/strong>.<\/p>\n\n\n\n<p class=\"wp-block-paragraph\">Ante estos hechos, la FGEO, a trav\u00e9s de la Vicefiscal\u00eda Regional de Valles Centrales, inici\u00f3 las investigaciones correspondientes para esclarecer el caso y determinar la identidad de la persona que habr\u00eda participado en el delito.<\/p>\n\n\n\n<p class=\"wp-block-paragraph\">Como resultado de las diligencias ministeriales y de investigaci\u00f3n, se reunieron los datos necesarios para solicitar ante la autoridad judicial una orden de aprehensi\u00f3n contra H.O.G., misma que posteriormente fue ejecutada.<\/p>\n\n\n\n<h2 class=\"wp-block-heading\">Permanece en prisi\u00f3n preventiva<\/h2>\n\n\n\n<p class=\"wp-block-paragraph\">Luego de su detenci\u00f3n, el imputado fue presentado ante el Juez de Control durante la audiencia correspondiente. En ella, el Ministerio P\u00fablico formul\u00f3 imputaci\u00f3n y solicit\u00f3 su vinculaci\u00f3n a proceso.<\/p>\n\n\n\n<p class=\"wp-block-paragraph\">Como medida cautelar, la autoridad judicial impuso <strong>prisi\u00f3n preventiva justificada<\/strong>, por lo que H.O.G. permanecer\u00e1 bajo esta medida mientras se determina su situaci\u00f3n jur\u00eddica dentro del proceso.<\/p>\n\n\n\n<p class=\"wp-block-paragraph\">La Fiscal\u00eda General del Estado de Oaxaca reiter\u00f3 que las investigaciones continuar\u00e1n conforme a derecho para esclarecer los hechos y determinar las responsabilidades que correspondan.<\/p>\n\n\n\n<p class=\"wp-block-paragraph\"><\/p>\n","protected":false},"excerpt":{"rendered":"<p>Oaxaca de Ju\u00e1rez, Oax., 1 de septiembre de 2026.\u2014 La Fiscal\u00eda General del Estado de Oaxaca (FGEO) ejecut\u00f3 una orden de aprehensi\u00f3n contra un hombre identificado con las iniciales H.O.G., se\u00f1alado como probable responsable del delito de robo con violencia f\u00edsica y moral a las personas, cometido en un establecimiento dedicado a la venta de [&hellip;]<\/p>\n","protected":false},"author":2,"featured_media":81318,"comment_status":"closed","ping_status":"open","sticky":false,"template":"","format":"standard","meta":{"footnotes":""},"categories":[2,20],"tags":[],"class_list":["post-81316","post","type-post","status-publish","format-standard","has-post-thumbnail","hentry","category-oaxaca","category-policiaca"],"yoast_head":"<!-- This site is optimized with the Yoast SEO plugin v28.1 - https:\/\/yoast.com\/product\/yoast-seo-wordpress\/ -->\n<title>Detienen a hombre por presunto robo de 63 celulares en negocio de Zimatl\u00e1n - LA BRAVA RADIO<\/title>\n<meta name=\"robots\" content=\"index, follow, max-snippet:-1, max-image-preview:large, max-video-preview:-1\" \/>\n<link rel=\"canonical\" href=\"https:\/\/www.bbmnoticias.com\/detienen-a-hombre-por-presunto-robo-de-63-celulares-en-negocio-de-zimatlan\/\" \/>\n<meta property=\"og:locale\" content=\"es_MX\" \/>\n<meta property=\"og:type\" content=\"article\" \/>\n<meta property=\"og:title\" content=\"Detienen a hombre por presunto robo de 63 celulares en negocio de Zimatl\u00e1n - LA BRAVA RADIO\" \/>\n<meta property=\"og:description\" content=\"Oaxaca de Ju\u00e1rez, Oax., 1 de septiembre de 2026.\u2014 La Fiscal\u00eda General del Estado de Oaxaca (FGEO) ejecut\u00f3 una orden de aprehensi\u00f3n contra un hombre identificado con las iniciales H.O.G., se\u00f1alado como probable responsable del delito de robo con violencia f\u00edsica y moral a las personas, cometido en un establecimiento dedicado a la venta de [&hellip;]\" \/>\n<meta property=\"og:url\" content=\"https:\/\/www.bbmnoticias.com\/detienen-a-hombre-por-presunto-robo-de-63-celulares-en-negocio-de-zimatlan\/\" \/>\n<meta property=\"og:site_name\" content=\"LA BRAVA RADIO\" \/>\n<meta property=\"article:published_time\" content=\"2026-09-01T14:53:05+00:00\" \/>\n<meta property=\"article:modified_time\" content=\"2026-09-01T14:53:08+00:00\" \/>\n<meta property=\"og:image\" content=\"https:\/\/www.bbmnoticias.com\/labravaradiofm\/wp-content\/uploads\/sites\/5\/2026\/09\/presunto_agresor.jpg\" \/>\n\t<meta property=\"og:image:width\" content=\"800\" \/>\n\t<meta property=\"og:image:height\" content=\"450\" \/>\n\t<meta property=\"og:image:type\" content=\"image\/jpeg\" \/>\n<meta name=\"author\" content=\"Staff\" \/>\n<meta name=\"twitter:card\" content=\"summary_large_image\" \/>\n<meta name=\"twitter:label1\" content=\"Escrito por\" \/>\n\t<meta name=\"twitter:data1\" content=\"Staff\" \/>\n\t<meta name=\"twitter:label2\" content=\"Tiempo de lectura\" \/>\n\t<meta name=\"twitter:data2\" content=\"2 minutos\" \/>\n<script type=\"application\/ld+json\" class=\"yoast-schema-graph\">{\"@context\":\"https:\\\/\\\/schema.org\",\"@graph\":[{\"@type\":\"Article\",\"@id\":\"https:\\\/\\\/www.bbmnoticias.com\\\/detienen-a-hombre-por-presunto-robo-de-63-celulares-en-negocio-de-zimatlan\\\/#article\",\"isPartOf\":{\"@id\":\"https:\\\/\\\/www.bbmnoticias.com\\\/labravaradiofm\\\/2026\\\/09\\\/01\\\/detienen-a-hombre-por-presunto-robo-de-63-celulares-en-negocio-de-zimatlan\\\/\"},\"author\":{\"name\":\"Staff\",\"@id\":\"https:\\\/\\\/www.bbmnoticias.com\\\/labravaradiofm\\\/#\\\/schema\\\/person\\\/9eb037257fc48a09cdf31d9a2f45619f\"},\"headline\":\"Detienen a hombre por presunto robo de 63 celulares en negocio de Zimatl\u00e1n\",\"datePublished\":\"2026-09-01T14:53:05+00:00\",\"dateModified\":\"2026-09-01T14:53:08+00:00\",\"mainEntityOfPage\":{\"@id\":\"https:\\\/\\\/www.bbmnoticias.com\\\/labravaradiofm\\\/2026\\\/09\\\/01\\\/detienen-a-hombre-por-presunto-robo-de-63-celulares-en-negocio-de-zimatlan\\\/\"},\"wordCount\":386,\"image\":{\"@id\":\"https:\\\/\\\/www.bbmnoticias.com\\\/detienen-a-hombre-por-presunto-robo-de-63-celulares-en-negocio-de-zimatlan\\\/#primaryimage\"},\"thumbnailUrl\":\"https:\\\/\\\/www.bbmnoticias.com\\\/labravaradiofm\\\/wp-content\\\/uploads\\\/sites\\\/5\\\/2026\\\/09\\\/presunto_agresor.jpg\",\"articleSection\":[\"LOCAL\",\"POLICIACA\"],\"inLanguage\":\"es\"},{\"@type\":\"WebPage\",\"@id\":\"https:\\\/\\\/www.bbmnoticias.com\\\/labravaradiofm\\\/2026\\\/09\\\/01\\\/detienen-a-hombre-por-presunto-robo-de-63-celulares-en-negocio-de-zimatlan\\\/\",\"url\":\"https:\\\/\\\/www.bbmnoticias.com\\\/detienen-a-hombre-por-presunto-robo-de-63-celulares-en-negocio-de-zimatlan\\\/\",\"name\":\"Detienen a hombre por presunto robo de 63 celulares en negocio de Zimatl\u00e1n - LA BRAVA RADIO\",\"isPartOf\":{\"@id\":\"https:\\\/\\\/www.bbmnoticias.com\\\/labravaradiofm\\\/#website\"},\"primaryImageOfPage\":{\"@id\":\"https:\\\/\\\/www.bbmnoticias.com\\\/detienen-a-hombre-por-presunto-robo-de-63-celulares-en-negocio-de-zimatlan\\\/#primaryimage\"},\"image\":{\"@id\":\"https:\\\/\\\/www.bbmnoticias.com\\\/detienen-a-hombre-por-presunto-robo-de-63-celulares-en-negocio-de-zimatlan\\\/#primaryimage\"},\"thumbnailUrl\":\"https:\\\/\\\/www.bbmnoticias.com\\\/labravaradiofm\\\/wp-content\\\/uploads\\\/sites\\\/5\\\/2026\\\/09\\\/presunto_agresor.jpg\",\"datePublished\":\"2026-09-01T14:53:05+00:00\",\"dateModified\":\"2026-09-01T14:53:08+00:00\",\"author\":{\"@id\":\"https:\\\/\\\/www.bbmnoticias.com\\\/labravaradiofm\\\/#\\\/schema\\\/person\\\/9eb037257fc48a09cdf31d9a2f45619f\"},\"breadcrumb\":{\"@id\":\"https:\\\/\\\/www.bbmnoticias.com\\\/detienen-a-hombre-por-presunto-robo-de-63-celulares-en-negocio-de-zimatlan\\\/#breadcrumb\"},\"inLanguage\":\"es\",\"potentialAction\":[{\"@type\":\"ReadAction\",\"target\":[\"https:\\\/\\\/www.bbmnoticias.com\\\/detienen-a-hombre-por-presunto-robo-de-63-celulares-en-negocio-de-zimatlan\\\/\"]}]},{\"@type\":\"ImageObject\",\"inLanguage\":\"es\",\"@id\":\"https:\\\/\\\/www.bbmnoticias.com\\\/detienen-a-hombre-por-presunto-robo-de-63-celulares-en-negocio-de-zimatlan\\\/#primaryimage\",\"url\":\"https:\\\/\\\/www.bbmnoticias.com\\\/labravaradiofm\\\/wp-content\\\/uploads\\\/sites\\\/5\\\/2026\\\/09\\\/presunto_agresor.jpg\",\"contentUrl\":\"https:\\\/\\\/www.bbmnoticias.com\\\/labravaradiofm\\\/wp-content\\\/uploads\\\/sites\\\/5\\\/2026\\\/09\\\/presunto_agresor.jpg\",\"width\":800,\"height\":450},{\"@type\":\"BreadcrumbList\",\"@id\":\"https:\\\/\\\/www.bbmnoticias.com\\\/detienen-a-hombre-por-presunto-robo-de-63-celulares-en-negocio-de-zimatlan\\\/#breadcrumb\",\"itemListElement\":[{\"@type\":\"ListItem\",\"position\":1,\"name\":\"Inicio\",\"item\":\"https:\\\/\\\/www.bbmnoticias.com\\\/labravaradiofm\\\/\"},{\"@type\":\"ListItem\",\"position\":2,\"name\":\"Detienen a hombre por presunto robo de 63 celulares en negocio de Zimatl\u00e1n\"}]},{\"@type\":\"WebSite\",\"@id\":\"https:\\\/\\\/www.bbmnoticias.com\\\/labravaradiofm\\\/#website\",\"url\":\"https:\\\/\\\/www.bbmnoticias.com\\\/labravaradiofm\\\/\",\"name\":\"LA BRAVA RADIO\",\"description\":\"Empresa productora de medios, Radiodifusi\u00f3n, Noticias, tendencias y todo lo que necesitas saber de la pol\u00edtica mexicana e internacional; entretenimiento, espect\u00e1culos, salud y mucho m\u00e1s.\",\"potentialAction\":[{\"@type\":\"SearchAction\",\"target\":{\"@type\":\"EntryPoint\",\"urlTemplate\":\"https:\\\/\\\/www.bbmnoticias.com\\\/labravaradiofm\\\/?s={search_term_string}\"},\"query-input\":{\"@type\":\"PropertyValueSpecification\",\"valueRequired\":true,\"valueName\":\"search_term_string\"}}],\"inLanguage\":\"es\"},{\"@type\":\"Person\",\"@id\":\"https:\\\/\\\/www.bbmnoticias.com\\\/labravaradiofm\\\/#\\\/schema\\\/person\\\/9eb037257fc48a09cdf31d9a2f45619f\",\"name\":\"Staff\",\"image\":{\"@type\":\"ImageObject\",\"inLanguage\":\"es\",\"@id\":\"https:\\\/\\\/secure.gravatar.com\\\/avatar\\\/fdd21ad66fd8b98c407f9dee5b5e588cfe7f0d8579ec20fa6527cd59bab7f0f0?s=96&d=mm&r=g\",\"url\":\"https:\\\/\\\/secure.gravatar.com\\\/avatar\\\/fdd21ad66fd8b98c407f9dee5b5e588cfe7f0d8579ec20fa6527cd59bab7f0f0?s=96&d=mm&r=g\",\"contentUrl\":\"https:\\\/\\\/secure.gravatar.com\\\/avatar\\\/fdd21ad66fd8b98c407f9dee5b5e588cfe7f0d8579ec20fa6527cd59bab7f0f0?s=96&d=mm&r=g\",\"caption\":\"Staff\"},\"url\":\"https:\\\/\\\/www.bbmnoticias.com\\\/labravaradiofm\\\/author\\\/redaccion\\\/\"}]}<\/script>\n<!-- \/ Yoast SEO plugin. -->","yoast_head_json":{"title":"Detienen a hombre por presunto robo de 63 celulares en negocio de Zimatl\u00e1n - LA BRAVA RADIO","robots":{"index":"index","follow":"follow","max-snippet":"max-snippet:-1","max-image-preview":"max-image-preview:large","max-video-preview":"max-video-preview:-1"},"canonical":"https:\/\/www.bbmnoticias.com\/detienen-a-hombre-por-presunto-robo-de-63-celulares-en-negocio-de-zimatlan\/","og_locale":"es_MX","og_type":"article","og_title":"Detienen a hombre por presunto robo de 63 celulares en negocio de Zimatl\u00e1n - LA BRAVA RADIO","og_description":"Oaxaca de Ju\u00e1rez, Oax., 1 de septiembre de 2026.\u2014 La Fiscal\u00eda General del Estado de Oaxaca (FGEO) ejecut\u00f3 una orden de aprehensi\u00f3n contra un hombre identificado con las iniciales H.O.G., se\u00f1alado como probable responsable del delito de robo con violencia f\u00edsica y moral a las personas, cometido en un establecimiento dedicado a la venta de [&hellip;]","og_url":"https:\/\/www.bbmnoticias.com\/detienen-a-hombre-por-presunto-robo-de-63-celulares-en-negocio-de-zimatlan\/","og_site_name":"LA BRAVA RADIO","article_published_time":"2026-09-01T14:53:05+00:00","article_modified_time":"2026-09-01T14:53:08+00:00","og_image":[{"width":800,"height":450,"url":"https:\/\/www.bbmnoticias.com\/labravaradiofm\/wp-content\/uploads\/sites\/5\/2026\/09\/presunto_agresor.jpg","type":"image\/jpeg"}],"author":"Staff","twitter_card":"summary_large_image","twitter_misc":{"Escrito por":"Staff","Tiempo de lectura":"2 minutos"},"schema":{"@context":"https:\/\/schema.org","@graph":[{"@type":"Article","@id":"https:\/\/www.bbmnoticias.com\/detienen-a-hombre-por-presunto-robo-de-63-celulares-en-negocio-de-zimatlan\/#article","isPartOf":{"@id":"https:\/\/www.bbmnoticias.com\/labravaradiofm\/2026\/09\/01\/detienen-a-hombre-por-presunto-robo-de-63-celulares-en-negocio-de-zimatlan\/"},"author":{"name":"Staff","@id":"https:\/\/www.bbmnoticias.com\/labravaradiofm\/#\/schema\/person\/9eb037257fc48a09cdf31d9a2f45619f"},"headline":"Detienen a hombre por presunto robo de 63 celulares en negocio de Zimatl\u00e1n","datePublished":"2026-09-01T14:53:05+00:00","dateModified":"2026-09-01T14:53:08+00:00","mainEntityOfPage":{"@id":"https:\/\/www.bbmnoticias.com\/labravaradiofm\/2026\/09\/01\/detienen-a-hombre-por-presunto-robo-de-63-celulares-en-negocio-de-zimatlan\/"},"wordCount":386,"image":{"@id":"https:\/\/www.bbmnoticias.com\/detienen-a-hombre-por-presunto-robo-de-63-celulares-en-negocio-de-zimatlan\/#primaryimage"},"thumbnailUrl":"https:\/\/www.bbmnoticias.com\/labravaradiofm\/wp-content\/uploads\/sites\/5\/2026\/09\/presunto_agresor.jpg","articleSection":["LOCAL","POLICIACA"],"inLanguage":"es"},{"@type":"WebPage","@id":"https:\/\/www.bbmnoticias.com\/labravaradiofm\/2026\/09\/01\/detienen-a-hombre-por-presunto-robo-de-63-celulares-en-negocio-de-zimatlan\/","url":"https:\/\/www.bbmnoticias.com\/detienen-a-hombre-por-presunto-robo-de-63-celulares-en-negocio-de-zimatlan\/","name":"Detienen a hombre por presunto robo de 63 celulares en negocio de Zimatl\u00e1n - LA BRAVA RADIO","isPartOf":{"@id":"https:\/\/www.bbmnoticias.com\/labravaradiofm\/#website"},"primaryImageOfPage":{"@id":"https:\/\/www.bbmnoticias.com\/detienen-a-hombre-por-presunto-robo-de-63-celulares-en-negocio-de-zimatlan\/#primaryimage"},"image":{"@id":"https:\/\/www.bbmnoticias.com\/detienen-a-hombre-por-presunto-robo-de-63-celulares-en-negocio-de-zimatlan\/#primaryimage"},"thumbnailUrl":"https:\/\/www.bbmnoticias.com\/labravaradiofm\/wp-content\/uploads\/sites\/5\/2026\/09\/presunto_agresor.jpg","datePublished":"2026-09-01T14:53:05+00:00","dateModified":"2026-09-01T14:53:08+00:00","author":{"@id":"https:\/\/www.bbmnoticias.com\/labravaradiofm\/#\/schema\/person\/9eb037257fc48a09cdf31d9a2f45619f"},"breadcrumb":{"@id":"https:\/\/www.bbmnoticias.com\/detienen-a-hombre-por-presunto-robo-de-63-celulares-en-negocio-de-zimatlan\/#breadcrumb"},"inLanguage":"es","potentialAction":[{"@type":"ReadAction","target":["https:\/\/www.bbmnoticias.com\/detienen-a-hombre-por-presunto-robo-de-63-celulares-en-negocio-de-zimatlan\/"]}]},{"@type":"ImageObject","inLanguage":"es","@id":"https:\/\/www.bbmnoticias.com\/detienen-a-hombre-por-presunto-robo-de-63-celulares-en-negocio-de-zimatlan\/#primaryimage","url":"https:\/\/www.bbmnoticias.com\/labravaradiofm\/wp-content\/uploads\/sites\/5\/2026\/09\/presunto_agresor.jpg","contentUrl":"https:\/\/www.bbmnoticias.com\/labravaradiofm\/wp-content\/uploads\/sites\/5\/2026\/09\/presunto_agresor.jpg","width":800,"height":450},{"@type":"BreadcrumbList","@id":"https:\/\/www.bbmnoticias.com\/detienen-a-hombre-por-presunto-robo-de-63-celulares-en-negocio-de-zimatlan\/#breadcrumb","itemListElement":[{"@type":"ListItem","position":1,"name":"Inicio","item":"https:\/\/www.bbmnoticias.com\/labravaradiofm\/"},{"@type":"ListItem","position":2,"name":"Detienen a hombre por presunto robo de 63 celulares en negocio de Zimatl\u00e1n"}]},{"@type":"WebSite","@id":"https:\/\/www.bbmnoticias.com\/labravaradiofm\/#website","url":"https:\/\/www.bbmnoticias.com\/labravaradiofm\/","name":"LA BRAVA RADIO","description":"Empresa productora de medios, Radiodifusi\u00f3n, Noticias, tendencias y todo lo que necesitas saber de la pol\u00edtica mexicana e internacional; entretenimiento, espect\u00e1culos, salud y mucho m\u00e1s.","potentialAction":[{"@type":"SearchAction","target":{"@type":"EntryPoint","urlTemplate":"https:\/\/www.bbmnoticias.com\/labravaradiofm\/?s={search_term_string}"},"query-input":{"@type":"PropertyValueSpecification","valueRequired":true,"valueName":"search_term_string"}}],"inLanguage":"es"},{"@type":"Person","@id":"https:\/\/www.bbmnoticias.com\/labravaradiofm\/#\/schema\/person\/9eb037257fc48a09cdf31d9a2f45619f","name":"Staff","image":{"@type":"ImageObject","inLanguage":"es","@id":"https:\/\/secure.gravatar.com\/avatar\/fdd21ad66fd8b98c407f9dee5b5e588cfe7f0d8579ec20fa6527cd59bab7f0f0?s=96&d=mm&r=g","url":"https:\/\/secure.gravatar.com\/avatar\/fdd21ad66fd8b98c407f9dee5b5e588cfe7f0d8579ec20fa6527cd59bab7f0f0?s=96&d=mm&r=g","contentUrl":"https:\/\/secure.gravatar.com\/avatar\/fdd21ad66fd8b98c407f9dee5b5e588cfe7f0d8579ec20fa6527cd59bab7f0f0?s=96&d=mm&r=g","caption":"Staff"},"url":"https:\/\/www.bbmnoticias.com\/labravaradiofm\/author\/redaccion\/"}]}},"_links":{"self":[{"href":"https:\/\/www.bbmnoticias.com\/labravaradiofm\/wp-json\/wp\/v2\/posts\/81316","targetHints":{"allow":["GET"]}}],"collection":[{"href":"https:\/\/www.bbmnoticias.com\/labravaradiofm\/wp-json\/wp\/v2\/posts"}],"about":[{"href":"https:\/\/www.bbmnoticias.com\/labravaradiofm\/wp-json\/wp\/v2\/types\/post"}],"author":[{"embeddable":true,"href":"https:\/\/www.bbmnoticias.com\/labravaradiofm\/wp-json\/wp\/v2\/users\/2"}],"replies":[{"embeddable":true,"href":"https:\/\/www.bbmnoticias.com\/labravaradiofm\/wp-json\/wp\/v2\/comments?post=81316"}],"version-history":[{"count":1,"href":"https:\/\/www.bbmnoticias.com\/labravaradiofm\/wp-json\/wp\/v2\/posts\/81316\/revisions"}],"predecessor-version":[{"id":81317,"href":"https:\/\/www.bbmnoticias.com\/labravaradiofm\/wp-json\/wp\/v2\/posts\/81316\/revisions\/81317"}],"wp:featuredmedia":[{"embeddable":true,"href":"https:\/\/www.bbmnoticias.com\/labravaradiofm\/wp-json\/wp\/v2\/media\/81318"}],"wp:attachment":[{"href":"https:\/\/www.bbmnoticias.com\/labravaradiofm\/wp-json\/wp\/v2\/media?parent=81316"}],"wp:term":[{"taxonomy":"category","embeddable":true,"href":"https:\/\/www.bbmnoticias.com\/labravaradiofm\/wp-json\/wp\/v2\/categories?post=81316"},{"taxonomy":"post_tag","embeddable":true,"href":"https:\/\/www.bbmnoticias.com\/labravaradiofm\/wp-json\/wp\/v2\/tags?post=81316"}],"curies":[{"name":"wp","href":"https:\/\/api.w.org\/{rel}","templated":true}]}}