{"id":81313,"date":"2026-09-01T08:35:37","date_gmt":"2026-09-01T14:35:37","guid":{"rendered":"https:\/\/www.bbmnoticias.com\/labravaradiofm\/2026\/09\/01\/oaxaca-inicia-septiembre-con-lluvias-tormentas-y-oleaje-elevado-advierten-por-bancos-de-niebla\/"},"modified":"2026-09-01T08:35:43","modified_gmt":"2026-09-01T14:35:43","slug":"oaxaca-inicia-septiembre-con-lluvias-tormentas-y-oleaje-elevado-advierten-por-bancos-de-niebla","status":"publish","type":"post","link":"https:\/\/www.bbmnoticias.com\/labravaradiofm\/2026\/09\/01\/oaxaca-inicia-septiembre-con-lluvias-tormentas-y-oleaje-elevado-advierten-por-bancos-de-niebla\/","title":{"rendered":"Oaxaca inicia septiembre con lluvias, tormentas y oleaje elevado; advierten por bancos de niebla"},"content":{"rendered":"\n<p class=\"wp-block-paragraph\"><strong>Oaxaca de Ju\u00e1rez, Oax.\u2014<\/strong> El estado de Oaxaca inicia septiembre bajo condiciones de inestabilidad atmosf\u00e9rica, con lluvias y posibles tormentas durante la tarde y noche, debido a la influencia de la onda tropical n\u00famero 35, una circulaci\u00f3n cicl\u00f3nica y una vaguada en niveles altos de la atm\u00f3sfera.<\/p>\n\n\n\n<p class=\"wp-block-paragraph\">De acuerdo con el pron\u00f3stico meteorol\u00f3gico estatal para este martes 1 de septiembre, se esperan <strong>cielos mayormente nublados y precipitaciones de ligeras a moderadas en buena parte de la entidad<\/strong>. En las regiones monta\u00f1osas existe adem\u00e1s la posibilidad de tormentas acompa\u00f1adas de actividad el\u00e9ctrica y rachas de viento.<\/p>\n\n\n\n<p class=\"wp-block-paragraph\">En las zonas serranas tambi\u00e9n podr\u00eda registrarse la formaci\u00f3n de <strong>bancos de niebla durante la noche y las primeras horas de la ma\u00f1ana<\/strong>, lo que ocasionar\u00eda una reducci\u00f3n de la visibilidad, principalmente en carreteras y caminos de las regiones monta\u00f1osas.<\/p>\n\n\n\n<p class=\"wp-block-paragraph\">Las temperaturas, en tanto, no presentar\u00edan cambios importantes. Sin embargo, en la <strong>Costa y las zonas bajas de la Cuenca del Papaloapan<\/strong> continuar\u00e1n los periodos prolongados de calor, acompa\u00f1ados de una elevada sensaci\u00f3n de bochorno.<\/p>\n\n\n\n<h2 class=\"wp-block-heading\">Advierten por oleaje elevado en la Costa<\/h2>\n\n\n\n<p class=\"wp-block-paragraph\">Para el litoral oaxaque\u00f1o se mantiene la vigilancia ante <strong>oleaje elevado y vientos con rachas fuertes<\/strong>, asociados a las condiciones atmosf\u00e9ricas que prevalecen en el Pac\u00edfico y a la posible formaci\u00f3n de un cicl\u00f3n tropical frente al Pac\u00edfico central.<\/p>\n\n\n\n<p class=\"wp-block-paragraph\">Ante este escenario, las autoridades recomiendan a la poblaci\u00f3n mantenerse atenta a los avisos meteorol\u00f3gicos y extremar precauciones, particularmente en zonas costeras y durante actividades mar\u00edtimas.<\/p>\n\n\n\n<h2 class=\"wp-block-heading\">Recomiendan precauci\u00f3n ante lluvias y tormentas<\/h2>\n\n\n\n<p class=\"wp-block-paragraph\">Debido a las precipitaciones previstas, se recomienda conducir con precauci\u00f3n en carreteras y caminos de terracer\u00eda, evitar cruzar zonas inundadas y mantenerse alejado de r\u00edos, arroyos y otros sitios susceptibles a presentar crecidas repentinas.<\/p>\n\n\n\n<p class=\"wp-block-paragraph\">Durante las tormentas el\u00e9ctricas, la recomendaci\u00f3n es <strong>suspender actividades al aire libre y evitar permanecer debajo de \u00e1rboles o cerca de postes y estructuras que puedan representar un riesgo<\/strong>.<\/p>\n\n\n\n<p class=\"wp-block-paragraph\">Asimismo, se aconseja evitar playas, r\u00edos, lagunas y albercas mientras se registre actividad el\u00e9ctrica.<\/p>\n\n\n\n<h2 class=\"wp-block-heading\">Septiembre marca el inicio de la temporada de frentes fr\u00edos<\/h2>\n\n\n\n<p class=\"wp-block-paragraph\">El 1 de septiembre tambi\u00e9n marca, de acuerdo con el reporte meteorol\u00f3gico estatal, <strong>el inicio de la temporada de frentes fr\u00edos 2026-2027<\/strong>, la cual se extender\u00e1 hasta mayo del pr\u00f3ximo a\u00f1o.<\/p>\n\n\n\n<p class=\"wp-block-paragraph\">Aunque durante los primeros d\u00edas de septiembre continuar\u00e1n predominando condiciones c\u00e1lidas en distintas regiones de Oaxaca, la llegada de esta temporada anticipa un periodo en el que los sistemas frontales comenzar\u00e1n a influir gradualmente en las condiciones meteorol\u00f3gicas del estado.<\/p>\n\n\n\n<p class=\"wp-block-paragraph\">Las autoridades llaman a la poblaci\u00f3n a mantenerse informada sobre la evoluci\u00f3n de los sistemas atmosf\u00e9ricos y atender las recomendaciones de Protecci\u00f3n Civil, especialmente ante lluvias intensas, tormentas el\u00e9ctricas, reducci\u00f3n de visibilidad y condiciones adversas en el litoral.<\/p>\n\n\n\n<p class=\"wp-block-paragraph\"><\/p>\n","protected":false},"excerpt":{"rendered":"<p>Oaxaca de Ju\u00e1rez, Oax.\u2014 El estado de Oaxaca inicia septiembre bajo condiciones de inestabilidad atmosf\u00e9rica, con lluvias y posibles tormentas durante la tarde y noche, debido a la influencia de la onda tropical n\u00famero 35, una circulaci\u00f3n cicl\u00f3nica y una vaguada en niveles altos de la atm\u00f3sfera. De acuerdo con el pron\u00f3stico meteorol\u00f3gico estatal para [&hellip;]<\/p>\n","protected":false},"author":2,"featured_media":81315,"comment_status":"closed","ping_status":"open","sticky":false,"template":"","format":"standard","meta":{"footnotes":""},"categories":[2],"tags":[],"class_list":["post-81313","post","type-post","status-publish","format-standard","has-post-thumbnail","hentry","category-oaxaca"],"yoast_head":"<!-- This site is optimized with the Yoast SEO plugin v28.1 - https:\/\/yoast.com\/product\/yoast-seo-wordpress\/ -->\n<title>Oaxaca inicia septiembre con lluvias, tormentas y oleaje elevado; advierten por bancos de niebla - LA BRAVA RADIO<\/title>\n<meta name=\"robots\" content=\"index, follow, max-snippet:-1, max-image-preview:large, max-video-preview:-1\" \/>\n<link rel=\"canonical\" href=\"https:\/\/www.bbmnoticias.com\/oaxaca-inicia-septiembre-con-lluvias-tormentas-y-oleaje-elevado-advierten-por-bancos-de-niebla\/\" \/>\n<meta property=\"og:locale\" content=\"es_MX\" \/>\n<meta property=\"og:type\" content=\"article\" \/>\n<meta property=\"og:title\" content=\"Oaxaca inicia septiembre con lluvias, tormentas y oleaje elevado; advierten por bancos de niebla - LA BRAVA RADIO\" \/>\n<meta property=\"og:description\" content=\"Oaxaca de Ju\u00e1rez, Oax.\u2014 El estado de Oaxaca inicia septiembre bajo condiciones de inestabilidad atmosf\u00e9rica, con lluvias y posibles tormentas durante la tarde y noche, debido a la influencia de la onda tropical n\u00famero 35, una circulaci\u00f3n cicl\u00f3nica y una vaguada en niveles altos de la atm\u00f3sfera. De acuerdo con el pron\u00f3stico meteorol\u00f3gico estatal para [&hellip;]\" \/>\n<meta property=\"og:url\" content=\"https:\/\/www.bbmnoticias.com\/oaxaca-inicia-septiembre-con-lluvias-tormentas-y-oleaje-elevado-advierten-por-bancos-de-niebla\/\" \/>\n<meta property=\"og:site_name\" content=\"LA BRAVA RADIO\" \/>\n<meta property=\"article:published_time\" content=\"2026-09-01T14:35:37+00:00\" \/>\n<meta property=\"article:modified_time\" content=\"2026-09-01T14:35:43+00:00\" \/>\n<meta property=\"og:image\" content=\"https:\/\/www.bbmnoticias.com\/labravaradiofm\/wp-content\/uploads\/sites\/5\/2026\/09\/clima_oaxaca.jpg\" \/>\n\t<meta property=\"og:image:width\" content=\"800\" \/>\n\t<meta property=\"og:image:height\" content=\"438\" \/>\n\t<meta property=\"og:image:type\" content=\"image\/jpeg\" \/>\n<meta name=\"author\" content=\"Staff\" \/>\n<meta name=\"twitter:card\" content=\"summary_large_image\" \/>\n<meta name=\"twitter:label1\" content=\"Escrito por\" \/>\n\t<meta name=\"twitter:data1\" content=\"Staff\" \/>\n\t<meta name=\"twitter:label2\" content=\"Tiempo de lectura\" \/>\n\t<meta name=\"twitter:data2\" content=\"2 minutos\" \/>\n<script type=\"application\/ld+json\" class=\"yoast-schema-graph\">{\"@context\":\"https:\\\/\\\/schema.org\",\"@graph\":[{\"@type\":\"Article\",\"@id\":\"https:\\\/\\\/www.bbmnoticias.com\\\/oaxaca-inicia-septiembre-con-lluvias-tormentas-y-oleaje-elevado-advierten-por-bancos-de-niebla\\\/#article\",\"isPartOf\":{\"@id\":\"https:\\\/\\\/www.bbmnoticias.com\\\/labravaradiofm\\\/2026\\\/09\\\/01\\\/oaxaca-inicia-septiembre-con-lluvias-tormentas-y-oleaje-elevado-advierten-por-bancos-de-niebla\\\/\"},\"author\":{\"name\":\"Staff\",\"@id\":\"https:\\\/\\\/www.bbmnoticias.com\\\/labravaradiofm\\\/#\\\/schema\\\/person\\\/9eb037257fc48a09cdf31d9a2f45619f\"},\"headline\":\"Oaxaca inicia septiembre con lluvias, tormentas y oleaje elevado; advierten por bancos de niebla\",\"datePublished\":\"2026-09-01T14:35:37+00:00\",\"dateModified\":\"2026-09-01T14:35:43+00:00\",\"mainEntityOfPage\":{\"@id\":\"https:\\\/\\\/www.bbmnoticias.com\\\/labravaradiofm\\\/2026\\\/09\\\/01\\\/oaxaca-inicia-septiembre-con-lluvias-tormentas-y-oleaje-elevado-advierten-por-bancos-de-niebla\\\/\"},\"wordCount\":512,\"image\":{\"@id\":\"https:\\\/\\\/www.bbmnoticias.com\\\/oaxaca-inicia-septiembre-con-lluvias-tormentas-y-oleaje-elevado-advierten-por-bancos-de-niebla\\\/#primaryimage\"},\"thumbnailUrl\":\"https:\\\/\\\/www.bbmnoticias.com\\\/labravaradiofm\\\/wp-content\\\/uploads\\\/sites\\\/5\\\/2026\\\/09\\\/clima_oaxaca.jpg\",\"articleSection\":[\"LOCAL\"],\"inLanguage\":\"es\"},{\"@type\":\"WebPage\",\"@id\":\"https:\\\/\\\/www.bbmnoticias.com\\\/labravaradiofm\\\/2026\\\/09\\\/01\\\/oaxaca-inicia-septiembre-con-lluvias-tormentas-y-oleaje-elevado-advierten-por-bancos-de-niebla\\\/\",\"url\":\"https:\\\/\\\/www.bbmnoticias.com\\\/oaxaca-inicia-septiembre-con-lluvias-tormentas-y-oleaje-elevado-advierten-por-bancos-de-niebla\\\/\",\"name\":\"Oaxaca inicia septiembre con lluvias, tormentas y oleaje elevado; advierten por bancos de niebla - LA BRAVA RADIO\",\"isPartOf\":{\"@id\":\"https:\\\/\\\/www.bbmnoticias.com\\\/labravaradiofm\\\/#website\"},\"primaryImageOfPage\":{\"@id\":\"https:\\\/\\\/www.bbmnoticias.com\\\/oaxaca-inicia-septiembre-con-lluvias-tormentas-y-oleaje-elevado-advierten-por-bancos-de-niebla\\\/#primaryimage\"},\"image\":{\"@id\":\"https:\\\/\\\/www.bbmnoticias.com\\\/oaxaca-inicia-septiembre-con-lluvias-tormentas-y-oleaje-elevado-advierten-por-bancos-de-niebla\\\/#primaryimage\"},\"thumbnailUrl\":\"https:\\\/\\\/www.bbmnoticias.com\\\/labravaradiofm\\\/wp-content\\\/uploads\\\/sites\\\/5\\\/2026\\\/09\\\/clima_oaxaca.jpg\",\"datePublished\":\"2026-09-01T14:35:37+00:00\",\"dateModified\":\"2026-09-01T14:35:43+00:00\",\"author\":{\"@id\":\"https:\\\/\\\/www.bbmnoticias.com\\\/labravaradiofm\\\/#\\\/schema\\\/person\\\/9eb037257fc48a09cdf31d9a2f45619f\"},\"breadcrumb\":{\"@id\":\"https:\\\/\\\/www.bbmnoticias.com\\\/oaxaca-inicia-septiembre-con-lluvias-tormentas-y-oleaje-elevado-advierten-por-bancos-de-niebla\\\/#breadcrumb\"},\"inLanguage\":\"es\",\"potentialAction\":[{\"@type\":\"ReadAction\",\"target\":[\"https:\\\/\\\/www.bbmnoticias.com\\\/oaxaca-inicia-septiembre-con-lluvias-tormentas-y-oleaje-elevado-advierten-por-bancos-de-niebla\\\/\"]}]},{\"@type\":\"ImageObject\",\"inLanguage\":\"es\",\"@id\":\"https:\\\/\\\/www.bbmnoticias.com\\\/oaxaca-inicia-septiembre-con-lluvias-tormentas-y-oleaje-elevado-advierten-por-bancos-de-niebla\\\/#primaryimage\",\"url\":\"https:\\\/\\\/www.bbmnoticias.com\\\/labravaradiofm\\\/wp-content\\\/uploads\\\/sites\\\/5\\\/2026\\\/09\\\/clima_oaxaca.jpg\",\"contentUrl\":\"https:\\\/\\\/www.bbmnoticias.com\\\/labravaradiofm\\\/wp-content\\\/uploads\\\/sites\\\/5\\\/2026\\\/09\\\/clima_oaxaca.jpg\",\"width\":800,\"height\":438},{\"@type\":\"BreadcrumbList\",\"@id\":\"https:\\\/\\\/www.bbmnoticias.com\\\/oaxaca-inicia-septiembre-con-lluvias-tormentas-y-oleaje-elevado-advierten-por-bancos-de-niebla\\\/#breadcrumb\",\"itemListElement\":[{\"@type\":\"ListItem\",\"position\":1,\"name\":\"Inicio\",\"item\":\"https:\\\/\\\/www.bbmnoticias.com\\\/labravaradiofm\\\/\"},{\"@type\":\"ListItem\",\"position\":2,\"name\":\"Oaxaca inicia septiembre con lluvias, tormentas y oleaje elevado; advierten por bancos de niebla\"}]},{\"@type\":\"WebSite\",\"@id\":\"https:\\\/\\\/www.bbmnoticias.com\\\/labravaradiofm\\\/#website\",\"url\":\"https:\\\/\\\/www.bbmnoticias.com\\\/labravaradiofm\\\/\",\"name\":\"LA BRAVA RADIO\",\"description\":\"Empresa productora de medios, Radiodifusi\u00f3n, Noticias, tendencias y todo lo que necesitas saber de la pol\u00edtica mexicana e internacional; entretenimiento, espect\u00e1culos, salud y mucho m\u00e1s.\",\"potentialAction\":[{\"@type\":\"SearchAction\",\"target\":{\"@type\":\"EntryPoint\",\"urlTemplate\":\"https:\\\/\\\/www.bbmnoticias.com\\\/labravaradiofm\\\/?s={search_term_string}\"},\"query-input\":{\"@type\":\"PropertyValueSpecification\",\"valueRequired\":true,\"valueName\":\"search_term_string\"}}],\"inLanguage\":\"es\"},{\"@type\":\"Person\",\"@id\":\"https:\\\/\\\/www.bbmnoticias.com\\\/labravaradiofm\\\/#\\\/schema\\\/person\\\/9eb037257fc48a09cdf31d9a2f45619f\",\"name\":\"Staff\",\"image\":{\"@type\":\"ImageObject\",\"inLanguage\":\"es\",\"@id\":\"https:\\\/\\\/secure.gravatar.com\\\/avatar\\\/fdd21ad66fd8b98c407f9dee5b5e588cfe7f0d8579ec20fa6527cd59bab7f0f0?s=96&d=mm&r=g\",\"url\":\"https:\\\/\\\/secure.gravatar.com\\\/avatar\\\/fdd21ad66fd8b98c407f9dee5b5e588cfe7f0d8579ec20fa6527cd59bab7f0f0?s=96&d=mm&r=g\",\"contentUrl\":\"https:\\\/\\\/secure.gravatar.com\\\/avatar\\\/fdd21ad66fd8b98c407f9dee5b5e588cfe7f0d8579ec20fa6527cd59bab7f0f0?s=96&d=mm&r=g\",\"caption\":\"Staff\"},\"url\":\"https:\\\/\\\/www.bbmnoticias.com\\\/labravaradiofm\\\/author\\\/redaccion\\\/\"}]}<\/script>\n<!-- \/ Yoast SEO plugin. -->","yoast_head_json":{"title":"Oaxaca inicia septiembre con lluvias, tormentas y oleaje elevado; advierten por bancos de niebla - LA BRAVA RADIO","robots":{"index":"index","follow":"follow","max-snippet":"max-snippet:-1","max-image-preview":"max-image-preview:large","max-video-preview":"max-video-preview:-1"},"canonical":"https:\/\/www.bbmnoticias.com\/oaxaca-inicia-septiembre-con-lluvias-tormentas-y-oleaje-elevado-advierten-por-bancos-de-niebla\/","og_locale":"es_MX","og_type":"article","og_title":"Oaxaca inicia septiembre con lluvias, tormentas y oleaje elevado; advierten por bancos de niebla - LA BRAVA RADIO","og_description":"Oaxaca de Ju\u00e1rez, Oax.\u2014 El estado de Oaxaca inicia septiembre bajo condiciones de inestabilidad atmosf\u00e9rica, con lluvias y posibles tormentas durante la tarde y noche, debido a la influencia de la onda tropical n\u00famero 35, una circulaci\u00f3n cicl\u00f3nica y una vaguada en niveles altos de la atm\u00f3sfera. De acuerdo con el pron\u00f3stico meteorol\u00f3gico estatal para [&hellip;]","og_url":"https:\/\/www.bbmnoticias.com\/oaxaca-inicia-septiembre-con-lluvias-tormentas-y-oleaje-elevado-advierten-por-bancos-de-niebla\/","og_site_name":"LA BRAVA RADIO","article_published_time":"2026-09-01T14:35:37+00:00","article_modified_time":"2026-09-01T14:35:43+00:00","og_image":[{"width":800,"height":438,"url":"https:\/\/www.bbmnoticias.com\/labravaradiofm\/wp-content\/uploads\/sites\/5\/2026\/09\/clima_oaxaca.jpg","type":"image\/jpeg"}],"author":"Staff","twitter_card":"summary_large_image","twitter_misc":{"Escrito por":"Staff","Tiempo de lectura":"2 minutos"},"schema":{"@context":"https:\/\/schema.org","@graph":[{"@type":"Article","@id":"https:\/\/www.bbmnoticias.com\/oaxaca-inicia-septiembre-con-lluvias-tormentas-y-oleaje-elevado-advierten-por-bancos-de-niebla\/#article","isPartOf":{"@id":"https:\/\/www.bbmnoticias.com\/labravaradiofm\/2026\/09\/01\/oaxaca-inicia-septiembre-con-lluvias-tormentas-y-oleaje-elevado-advierten-por-bancos-de-niebla\/"},"author":{"name":"Staff","@id":"https:\/\/www.bbmnoticias.com\/labravaradiofm\/#\/schema\/person\/9eb037257fc48a09cdf31d9a2f45619f"},"headline":"Oaxaca inicia septiembre con lluvias, tormentas y oleaje elevado; advierten por bancos de niebla","datePublished":"2026-09-01T14:35:37+00:00","dateModified":"2026-09-01T14:35:43+00:00","mainEntityOfPage":{"@id":"https:\/\/www.bbmnoticias.com\/labravaradiofm\/2026\/09\/01\/oaxaca-inicia-septiembre-con-lluvias-tormentas-y-oleaje-elevado-advierten-por-bancos-de-niebla\/"},"wordCount":512,"image":{"@id":"https:\/\/www.bbmnoticias.com\/oaxaca-inicia-septiembre-con-lluvias-tormentas-y-oleaje-elevado-advierten-por-bancos-de-niebla\/#primaryimage"},"thumbnailUrl":"https:\/\/www.bbmnoticias.com\/labravaradiofm\/wp-content\/uploads\/sites\/5\/2026\/09\/clima_oaxaca.jpg","articleSection":["LOCAL"],"inLanguage":"es"},{"@type":"WebPage","@id":"https:\/\/www.bbmnoticias.com\/labravaradiofm\/2026\/09\/01\/oaxaca-inicia-septiembre-con-lluvias-tormentas-y-oleaje-elevado-advierten-por-bancos-de-niebla\/","url":"https:\/\/www.bbmnoticias.com\/oaxaca-inicia-septiembre-con-lluvias-tormentas-y-oleaje-elevado-advierten-por-bancos-de-niebla\/","name":"Oaxaca inicia septiembre con lluvias, tormentas y oleaje elevado; advierten por bancos de niebla - LA BRAVA RADIO","isPartOf":{"@id":"https:\/\/www.bbmnoticias.com\/labravaradiofm\/#website"},"primaryImageOfPage":{"@id":"https:\/\/www.bbmnoticias.com\/oaxaca-inicia-septiembre-con-lluvias-tormentas-y-oleaje-elevado-advierten-por-bancos-de-niebla\/#primaryimage"},"image":{"@id":"https:\/\/www.bbmnoticias.com\/oaxaca-inicia-septiembre-con-lluvias-tormentas-y-oleaje-elevado-advierten-por-bancos-de-niebla\/#primaryimage"},"thumbnailUrl":"https:\/\/www.bbmnoticias.com\/labravaradiofm\/wp-content\/uploads\/sites\/5\/2026\/09\/clima_oaxaca.jpg","datePublished":"2026-09-01T14:35:37+00:00","dateModified":"2026-09-01T14:35:43+00:00","author":{"@id":"https:\/\/www.bbmnoticias.com\/labravaradiofm\/#\/schema\/person\/9eb037257fc48a09cdf31d9a2f45619f"},"breadcrumb":{"@id":"https:\/\/www.bbmnoticias.com\/oaxaca-inicia-septiembre-con-lluvias-tormentas-y-oleaje-elevado-advierten-por-bancos-de-niebla\/#breadcrumb"},"inLanguage":"es","potentialAction":[{"@type":"ReadAction","target":["https:\/\/www.bbmnoticias.com\/oaxaca-inicia-septiembre-con-lluvias-tormentas-y-oleaje-elevado-advierten-por-bancos-de-niebla\/"]}]},{"@type":"ImageObject","inLanguage":"es","@id":"https:\/\/www.bbmnoticias.com\/oaxaca-inicia-septiembre-con-lluvias-tormentas-y-oleaje-elevado-advierten-por-bancos-de-niebla\/#primaryimage","url":"https:\/\/www.bbmnoticias.com\/labravaradiofm\/wp-content\/uploads\/sites\/5\/2026\/09\/clima_oaxaca.jpg","contentUrl":"https:\/\/www.bbmnoticias.com\/labravaradiofm\/wp-content\/uploads\/sites\/5\/2026\/09\/clima_oaxaca.jpg","width":800,"height":438},{"@type":"BreadcrumbList","@id":"https:\/\/www.bbmnoticias.com\/oaxaca-inicia-septiembre-con-lluvias-tormentas-y-oleaje-elevado-advierten-por-bancos-de-niebla\/#breadcrumb","itemListElement":[{"@type":"ListItem","position":1,"name":"Inicio","item":"https:\/\/www.bbmnoticias.com\/labravaradiofm\/"},{"@type":"ListItem","position":2,"name":"Oaxaca inicia septiembre con lluvias, tormentas y oleaje elevado; advierten por bancos de niebla"}]},{"@type":"WebSite","@id":"https:\/\/www.bbmnoticias.com\/labravaradiofm\/#website","url":"https:\/\/www.bbmnoticias.com\/labravaradiofm\/","name":"LA BRAVA RADIO","description":"Empresa productora de medios, Radiodifusi\u00f3n, Noticias, tendencias y todo lo que necesitas saber de la pol\u00edtica mexicana e internacional; entretenimiento, espect\u00e1culos, salud y mucho m\u00e1s.","potentialAction":[{"@type":"SearchAction","target":{"@type":"EntryPoint","urlTemplate":"https:\/\/www.bbmnoticias.com\/labravaradiofm\/?s={search_term_string}"},"query-input":{"@type":"PropertyValueSpecification","valueRequired":true,"valueName":"search_term_string"}}],"inLanguage":"es"},{"@type":"Person","@id":"https:\/\/www.bbmnoticias.com\/labravaradiofm\/#\/schema\/person\/9eb037257fc48a09cdf31d9a2f45619f","name":"Staff","image":{"@type":"ImageObject","inLanguage":"es","@id":"https:\/\/secure.gravatar.com\/avatar\/fdd21ad66fd8b98c407f9dee5b5e588cfe7f0d8579ec20fa6527cd59bab7f0f0?s=96&d=mm&r=g","url":"https:\/\/secure.gravatar.com\/avatar\/fdd21ad66fd8b98c407f9dee5b5e588cfe7f0d8579ec20fa6527cd59bab7f0f0?s=96&d=mm&r=g","contentUrl":"https:\/\/secure.gravatar.com\/avatar\/fdd21ad66fd8b98c407f9dee5b5e588cfe7f0d8579ec20fa6527cd59bab7f0f0?s=96&d=mm&r=g","caption":"Staff"},"url":"https:\/\/www.bbmnoticias.com\/labravaradiofm\/author\/redaccion\/"}]}},"_links":{"self":[{"href":"https:\/\/www.bbmnoticias.com\/labravaradiofm\/wp-json\/wp\/v2\/posts\/81313","targetHints":{"allow":["GET"]}}],"collection":[{"href":"https:\/\/www.bbmnoticias.com\/labravaradiofm\/wp-json\/wp\/v2\/posts"}],"about":[{"href":"https:\/\/www.bbmnoticias.com\/labravaradiofm\/wp-json\/wp\/v2\/types\/post"}],"author":[{"embeddable":true,"href":"https:\/\/www.bbmnoticias.com\/labravaradiofm\/wp-json\/wp\/v2\/users\/2"}],"replies":[{"embeddable":true,"href":"https:\/\/www.bbmnoticias.com\/labravaradiofm\/wp-json\/wp\/v2\/comments?post=81313"}],"version-history":[{"count":1,"href":"https:\/\/www.bbmnoticias.com\/labravaradiofm\/wp-json\/wp\/v2\/posts\/81313\/revisions"}],"predecessor-version":[{"id":81314,"href":"https:\/\/www.bbmnoticias.com\/labravaradiofm\/wp-json\/wp\/v2\/posts\/81313\/revisions\/81314"}],"wp:featuredmedia":[{"embeddable":true,"href":"https:\/\/www.bbmnoticias.com\/labravaradiofm\/wp-json\/wp\/v2\/media\/81315"}],"wp:attachment":[{"href":"https:\/\/www.bbmnoticias.com\/labravaradiofm\/wp-json\/wp\/v2\/media?parent=81313"}],"wp:term":[{"taxonomy":"category","embeddable":true,"href":"https:\/\/www.bbmnoticias.com\/labravaradiofm\/wp-json\/wp\/v2\/categories?post=81313"},{"taxonomy":"post_tag","embeddable":true,"href":"https:\/\/www.bbmnoticias.com\/labravaradiofm\/wp-json\/wp\/v2\/tags?post=81313"}],"curies":[{"name":"wp","href":"https:\/\/api.w.org\/{rel}","templated":true}]}}