{"id":81310,"date":"2026-08-31T21:33:00","date_gmt":"2026-09-01T03:33:00","guid":{"rendered":"https:\/\/www.bbmnoticias.com\/labravaradiofm\/2026\/08\/31\/el-pri-se-desinfla-pierde-casi-600-mil-militantes-en-tres-anos-segun-el-ine\/"},"modified":"2026-08-31T21:33:03","modified_gmt":"2026-09-01T03:33:03","slug":"el-pri-se-desinfla-pierde-casi-600-mil-militantes-en-tres-anos-segun-el-ine","status":"publish","type":"post","link":"https:\/\/www.bbmnoticias.com\/labravaradiofm\/2026\/08\/31\/el-pri-se-desinfla-pierde-casi-600-mil-militantes-en-tres-anos-segun-el-ine\/","title":{"rendered":"El PRI se desinfla: pierde casi 600 mil militantes en tres a\u00f1os, seg\u00fan el INE"},"content":{"rendered":"\n<p class=\"wp-block-paragraph\"><strong>El partido que gobern\u00f3 M\u00e9xico durante m\u00e1s de siete d\u00e9cadas pas\u00f3 de 1.4 millones de afiliados en 2023 a poco m\u00e1s de 819 mil en 2026. Morena, en contraste, multiplic\u00f3 su padr\u00f3n y super\u00f3 los 11.6 millones de militantes.<\/strong><\/p>\n\n\n\n<p class=\"wp-block-paragraph\"><strong>Ciudad de M\u00e9xico.<\/strong>\u2014 El Partido Revolucionario Institucional (PRI), que gobern\u00f3 M\u00e9xico durante m\u00e1s de 70 a\u00f1os, perdi\u00f3 casi <strong>600 mil militantes en apenas tres a\u00f1os<\/strong>, de acuerdo con los datos de los padrones electorales verificados por el Instituto Nacional Electoral (INE).<\/p>\n\n\n\n<p class=\"wp-block-paragraph\">Las cifras muestran que el n\u00famero de afiliados al PRI pas\u00f3 de <strong>1 mill\u00f3n 411 mil en 2023 a 819 mil 103 en 2026<\/strong>, lo que representa una p\u00e9rdida cercana a 592 mil militantes.<\/p>\n\n\n\n<p class=\"wp-block-paragraph\">La disminuci\u00f3n se produce previo al proceso electoral intermedio de 2027, cuando el INE debe verificar que los partidos pol\u00edticos conserven el n\u00famero m\u00ednimo de afiliados requerido para mantener su registro.<\/p>\n\n\n\n<p class=\"wp-block-paragraph\">De acuerdo con la legislaci\u00f3n electoral, los partidos deben contar con militantes equivalentes, como m\u00ednimo, a <strong>0.26 por ciento del padr\u00f3n electoral<\/strong>.<\/p>\n\n\n\n<h2 class=\"wp-block-heading\">El desplome del PRI durante la 4T<\/h2>\n\n\n\n<p class=\"wp-block-paragraph\">La ca\u00edda del padr\u00f3n priista no es reciente. En 2019, cuando el partido todav\u00eda gobernaba entidades como el Estado de M\u00e9xico, Hidalgo y Oaxaca, reportaba alrededor de <strong>6.5 millones de militantes<\/strong>.<\/p>\n\n\n\n<p class=\"wp-block-paragraph\">Un a\u00f1o despu\u00e9s, en 2020, la cifra se redujo a aproximadamente <strong>1.5 millones<\/strong>, una ca\u00edda de 76 por ciento.<\/p>\n\n\n\n<p class=\"wp-block-paragraph\">Los datos revisados por el INE tambi\u00e9n detectaron irregularidades en el padr\u00f3n del PRI. En total, fueron identificados <strong>95 mil 317 registros con inconsistencias<\/strong>.<\/p>\n\n\n\n<p class=\"wp-block-paragraph\">Entre ellos hab\u00eda alrededor de <strong>27 mil registros correspondientes a personas fallecidas<\/strong>, mientras que <strong>41 mil 371 militantes aparec\u00edan duplicados en el padr\u00f3n de otro partido pol\u00edtico<\/strong>.<\/p>\n\n\n\n<p class=\"wp-block-paragraph\">El deterioro del padr\u00f3n ocurre bajo la dirigencia de Alejandro \u201cAlito\u201d Moreno C\u00e1rdenas, presidente nacional del PRI.<\/p>\n\n\n\n<h2 class=\"wp-block-heading\">Movimiento Ciudadano tambi\u00e9n pierde afiliados<\/h2>\n\n\n\n<p class=\"wp-block-paragraph\">El PRI no fue el \u00fanico partido que redujo su n\u00famero de militantes durante el periodo analizado.<\/p>\n\n\n\n<p class=\"wp-block-paragraph\">Movimiento Ciudadano, encabezado por el excandidato presidencial Jorge \u00c1lvarez M\u00e1ynez, pas\u00f3 de <strong>384 mil cinco militantes en 2023 a 318 mil 642 en 2026<\/strong>.<\/p>\n\n\n\n<p class=\"wp-block-paragraph\">La reducci\u00f3n representa una p\u00e9rdida de m\u00e1s de 65 mil afiliados en tres a\u00f1os.<\/p>\n\n\n\n<h2 class=\"wp-block-heading\">Morena dispara su padr\u00f3n<\/h2>\n\n\n\n<p class=\"wp-block-paragraph\">En contraste, Morena registr\u00f3 un crecimiento significativo y se consolid\u00f3 como el partido con el mayor n\u00famero de militantes.<\/p>\n\n\n\n<p class=\"wp-block-paragraph\">El partido pas\u00f3 de <strong>2 millones 322 mil 136 afiliados en 2023 a 11 millones 629 mil 541 en 2026<\/strong>.<\/p>\n\n\n\n<p class=\"wp-block-paragraph\">Morena llev\u00f3 a cabo una intensa campa\u00f1a de afiliaci\u00f3n durante el periodo en que Andr\u00e9s Manuel L\u00f3pez Beltr\u00e1n se desempe\u00f1\u00f3 como secretario general, con el objetivo de superar los 10 millones de militantes.<\/p>\n\n\n\n<p class=\"wp-block-paragraph\">Las cifras del INE muestran que el partido no solo alcanz\u00f3 esa meta, sino que la super\u00f3 por m\u00e1s de 1.6 millones de afiliados.<\/p>\n\n\n\n<h2 class=\"wp-block-heading\">PVEM y PT tambi\u00e9n crecen<\/h2>\n\n\n\n<p class=\"wp-block-paragraph\">Los partidos aliados de Morena tambi\u00e9n incrementaron sus padrones.<\/p>\n\n\n\n<p class=\"wp-block-paragraph\">El Partido Verde Ecologista de M\u00e9xico (PVEM) pas\u00f3 de <strong>592 mil militantes en 2023 a 1 mill\u00f3n 61 mil en 2026<\/strong>.<\/p>\n\n\n\n<p class=\"wp-block-paragraph\">Por su parte, el Partido del Trabajo (PT) aument\u00f3 su padr\u00f3n de <strong>457 mil a 590 mil afiliados<\/strong> durante el mismo periodo.<\/p>\n\n\n\n<p class=\"wp-block-paragraph\">El crecimiento de ambas organizaciones contrasta con la p\u00e9rdida registrada por los principales partidos de oposici\u00f3n.<\/p>\n\n\n\n<h2 class=\"wp-block-heading\">PAN, por debajo del Verde y el PT<\/h2>\n\n\n\n<p class=\"wp-block-paragraph\">El Partido Acci\u00f3n Nacional (PAN), una de las principales fuerzas opositoras y que actualmente gobierna estados como Chihuahua y Quer\u00e9taro, registr\u00f3 <strong>366 mil militantes en 2026<\/strong>.<\/p>\n\n\n\n<p class=\"wp-block-paragraph\">La cifra representa un incremento de aproximadamente 99 mil afiliados respecto de los registrados tres a\u00f1os atr\u00e1s.<\/p>\n\n\n\n<p class=\"wp-block-paragraph\">Sin embargo, su padr\u00f3n permanece por debajo del correspondiente al PVEM y al PT.<\/p>\n\n\n\n<p class=\"wp-block-paragraph\">Los datos muestran as\u00ed una transformaci\u00f3n importante en la estructura partidista del pa\u00eds: mientras el PRI contin\u00faa reduciendo de manera significativa su base de militantes, Morena y sus aliados han ampliado sus padrones, modificando el peso relativo de las principales fuerzas pol\u00edticas de cara a las elecciones intermedias de 2027.<\/p>\n\n\n\n<p class=\"wp-block-paragraph\"><\/p>\n","protected":false},"excerpt":{"rendered":"<p>El partido que gobern\u00f3 M\u00e9xico durante m\u00e1s de siete d\u00e9cadas pas\u00f3 de 1.4 millones de afiliados en 2023 a poco m\u00e1s de 819 mil en 2026. Morena, en contraste, multiplic\u00f3 su padr\u00f3n y super\u00f3 los 11.6 millones de militantes. Ciudad de M\u00e9xico.\u2014 El Partido Revolucionario Institucional (PRI), que gobern\u00f3 M\u00e9xico durante m\u00e1s de 70 a\u00f1os, [&hellip;]<\/p>\n","protected":false},"author":2,"featured_media":81312,"comment_status":"closed","ping_status":"open","sticky":false,"template":"","format":"standard","meta":{"footnotes":""},"categories":[2,19],"tags":[],"class_list":["post-81310","post","type-post","status-publish","format-standard","has-post-thumbnail","hentry","category-oaxaca","category-nacional"],"yoast_head":"<!-- This site is optimized with the Yoast SEO plugin v28.1 - https:\/\/yoast.com\/product\/yoast-seo-wordpress\/ -->\n<title>El PRI se desinfla: pierde casi 600 mil militantes en tres a\u00f1os, seg\u00fan el INE - LA BRAVA RADIO<\/title>\n<meta name=\"robots\" content=\"index, follow, max-snippet:-1, max-image-preview:large, max-video-preview:-1\" \/>\n<link rel=\"canonical\" href=\"https:\/\/www.bbmnoticias.com\/el-pri-se-desinfla-pierde-casi-600-mil-militantes-en-tres-anos-segun-el-ine\/\" \/>\n<meta property=\"og:locale\" content=\"es_MX\" \/>\n<meta property=\"og:type\" content=\"article\" \/>\n<meta property=\"og:title\" content=\"El PRI se desinfla: pierde casi 600 mil militantes en tres a\u00f1os, seg\u00fan el INE - LA BRAVA RADIO\" \/>\n<meta property=\"og:description\" content=\"El partido que gobern\u00f3 M\u00e9xico durante m\u00e1s de siete d\u00e9cadas pas\u00f3 de 1.4 millones de afiliados en 2023 a poco m\u00e1s de 819 mil en 2026. Morena, en contraste, multiplic\u00f3 su padr\u00f3n y super\u00f3 los 11.6 millones de militantes. Ciudad de M\u00e9xico.\u2014 El Partido Revolucionario Institucional (PRI), que gobern\u00f3 M\u00e9xico durante m\u00e1s de 70 a\u00f1os, [&hellip;]\" \/>\n<meta property=\"og:url\" content=\"https:\/\/www.bbmnoticias.com\/el-pri-se-desinfla-pierde-casi-600-mil-militantes-en-tres-anos-segun-el-ine\/\" \/>\n<meta property=\"og:site_name\" content=\"LA BRAVA RADIO\" \/>\n<meta property=\"article:published_time\" content=\"2026-09-01T03:33:00+00:00\" \/>\n<meta property=\"article:modified_time\" content=\"2026-09-01T03:33:03+00:00\" \/>\n<meta property=\"og:image\" content=\"https:\/\/www.bbmnoticias.com\/labravaradiofm\/wp-content\/uploads\/sites\/5\/2026\/08\/pri.jpg\" \/>\n\t<meta property=\"og:image:width\" content=\"800\" \/>\n\t<meta property=\"og:image:height\" content=\"533\" \/>\n\t<meta property=\"og:image:type\" content=\"image\/jpeg\" \/>\n<meta name=\"author\" content=\"Staff\" \/>\n<meta name=\"twitter:card\" content=\"summary_large_image\" \/>\n<meta name=\"twitter:label1\" content=\"Escrito por\" \/>\n\t<meta name=\"twitter:data1\" content=\"Staff\" \/>\n\t<meta name=\"twitter:label2\" content=\"Tiempo de lectura\" \/>\n\t<meta name=\"twitter:data2\" content=\"3 minutos\" \/>\n<script type=\"application\/ld+json\" class=\"yoast-schema-graph\">{\"@context\":\"https:\\\/\\\/schema.org\",\"@graph\":[{\"@type\":\"Article\",\"@id\":\"https:\\\/\\\/www.bbmnoticias.com\\\/el-pri-se-desinfla-pierde-casi-600-mil-militantes-en-tres-anos-segun-el-ine\\\/#article\",\"isPartOf\":{\"@id\":\"https:\\\/\\\/www.bbmnoticias.com\\\/labravaradiofm\\\/2026\\\/08\\\/31\\\/el-pri-se-desinfla-pierde-casi-600-mil-militantes-en-tres-anos-segun-el-ine\\\/\"},\"author\":{\"name\":\"Staff\",\"@id\":\"https:\\\/\\\/www.bbmnoticias.com\\\/labravaradiofm\\\/#\\\/schema\\\/person\\\/9eb037257fc48a09cdf31d9a2f45619f\"},\"headline\":\"El PRI se desinfla: pierde casi 600 mil militantes en tres a\u00f1os, seg\u00fan el INE\",\"datePublished\":\"2026-09-01T03:33:00+00:00\",\"dateModified\":\"2026-09-01T03:33:03+00:00\",\"mainEntityOfPage\":{\"@id\":\"https:\\\/\\\/www.bbmnoticias.com\\\/labravaradiofm\\\/2026\\\/08\\\/31\\\/el-pri-se-desinfla-pierde-casi-600-mil-militantes-en-tres-anos-segun-el-ine\\\/\"},\"wordCount\":669,\"image\":{\"@id\":\"https:\\\/\\\/www.bbmnoticias.com\\\/el-pri-se-desinfla-pierde-casi-600-mil-militantes-en-tres-anos-segun-el-ine\\\/#primaryimage\"},\"thumbnailUrl\":\"https:\\\/\\\/www.bbmnoticias.com\\\/labravaradiofm\\\/wp-content\\\/uploads\\\/sites\\\/5\\\/2026\\\/08\\\/pri.jpg\",\"articleSection\":[\"LOCAL\",\"NACIONAL\"],\"inLanguage\":\"es\"},{\"@type\":\"WebPage\",\"@id\":\"https:\\\/\\\/www.bbmnoticias.com\\\/labravaradiofm\\\/2026\\\/08\\\/31\\\/el-pri-se-desinfla-pierde-casi-600-mil-militantes-en-tres-anos-segun-el-ine\\\/\",\"url\":\"https:\\\/\\\/www.bbmnoticias.com\\\/el-pri-se-desinfla-pierde-casi-600-mil-militantes-en-tres-anos-segun-el-ine\\\/\",\"name\":\"El PRI se desinfla: pierde casi 600 mil militantes en tres a\u00f1os, seg\u00fan el INE - LA BRAVA RADIO\",\"isPartOf\":{\"@id\":\"https:\\\/\\\/www.bbmnoticias.com\\\/labravaradiofm\\\/#website\"},\"primaryImageOfPage\":{\"@id\":\"https:\\\/\\\/www.bbmnoticias.com\\\/el-pri-se-desinfla-pierde-casi-600-mil-militantes-en-tres-anos-segun-el-ine\\\/#primaryimage\"},\"image\":{\"@id\":\"https:\\\/\\\/www.bbmnoticias.com\\\/el-pri-se-desinfla-pierde-casi-600-mil-militantes-en-tres-anos-segun-el-ine\\\/#primaryimage\"},\"thumbnailUrl\":\"https:\\\/\\\/www.bbmnoticias.com\\\/labravaradiofm\\\/wp-content\\\/uploads\\\/sites\\\/5\\\/2026\\\/08\\\/pri.jpg\",\"datePublished\":\"2026-09-01T03:33:00+00:00\",\"dateModified\":\"2026-09-01T03:33:03+00:00\",\"author\":{\"@id\":\"https:\\\/\\\/www.bbmnoticias.com\\\/labravaradiofm\\\/#\\\/schema\\\/person\\\/9eb037257fc48a09cdf31d9a2f45619f\"},\"breadcrumb\":{\"@id\":\"https:\\\/\\\/www.bbmnoticias.com\\\/el-pri-se-desinfla-pierde-casi-600-mil-militantes-en-tres-anos-segun-el-ine\\\/#breadcrumb\"},\"inLanguage\":\"es\",\"potentialAction\":[{\"@type\":\"ReadAction\",\"target\":[\"https:\\\/\\\/www.bbmnoticias.com\\\/el-pri-se-desinfla-pierde-casi-600-mil-militantes-en-tres-anos-segun-el-ine\\\/\"]}]},{\"@type\":\"ImageObject\",\"inLanguage\":\"es\",\"@id\":\"https:\\\/\\\/www.bbmnoticias.com\\\/el-pri-se-desinfla-pierde-casi-600-mil-militantes-en-tres-anos-segun-el-ine\\\/#primaryimage\",\"url\":\"https:\\\/\\\/www.bbmnoticias.com\\\/labravaradiofm\\\/wp-content\\\/uploads\\\/sites\\\/5\\\/2026\\\/08\\\/pri.jpg\",\"contentUrl\":\"https:\\\/\\\/www.bbmnoticias.com\\\/labravaradiofm\\\/wp-content\\\/uploads\\\/sites\\\/5\\\/2026\\\/08\\\/pri.jpg\",\"width\":800,\"height\":533},{\"@type\":\"BreadcrumbList\",\"@id\":\"https:\\\/\\\/www.bbmnoticias.com\\\/el-pri-se-desinfla-pierde-casi-600-mil-militantes-en-tres-anos-segun-el-ine\\\/#breadcrumb\",\"itemListElement\":[{\"@type\":\"ListItem\",\"position\":1,\"name\":\"Inicio\",\"item\":\"https:\\\/\\\/www.bbmnoticias.com\\\/labravaradiofm\\\/\"},{\"@type\":\"ListItem\",\"position\":2,\"name\":\"El PRI se desinfla: pierde casi 600 mil militantes en tres a\u00f1os, seg\u00fan el INE\"}]},{\"@type\":\"WebSite\",\"@id\":\"https:\\\/\\\/www.bbmnoticias.com\\\/labravaradiofm\\\/#website\",\"url\":\"https:\\\/\\\/www.bbmnoticias.com\\\/labravaradiofm\\\/\",\"name\":\"LA BRAVA RADIO\",\"description\":\"Empresa productora de medios, Radiodifusi\u00f3n, Noticias, tendencias y todo lo que necesitas saber de la pol\u00edtica mexicana e internacional; entretenimiento, espect\u00e1culos, salud y mucho m\u00e1s.\",\"potentialAction\":[{\"@type\":\"SearchAction\",\"target\":{\"@type\":\"EntryPoint\",\"urlTemplate\":\"https:\\\/\\\/www.bbmnoticias.com\\\/labravaradiofm\\\/?s={search_term_string}\"},\"query-input\":{\"@type\":\"PropertyValueSpecification\",\"valueRequired\":true,\"valueName\":\"search_term_string\"}}],\"inLanguage\":\"es\"},{\"@type\":\"Person\",\"@id\":\"https:\\\/\\\/www.bbmnoticias.com\\\/labravaradiofm\\\/#\\\/schema\\\/person\\\/9eb037257fc48a09cdf31d9a2f45619f\",\"name\":\"Staff\",\"image\":{\"@type\":\"ImageObject\",\"inLanguage\":\"es\",\"@id\":\"https:\\\/\\\/secure.gravatar.com\\\/avatar\\\/fdd21ad66fd8b98c407f9dee5b5e588cfe7f0d8579ec20fa6527cd59bab7f0f0?s=96&d=mm&r=g\",\"url\":\"https:\\\/\\\/secure.gravatar.com\\\/avatar\\\/fdd21ad66fd8b98c407f9dee5b5e588cfe7f0d8579ec20fa6527cd59bab7f0f0?s=96&d=mm&r=g\",\"contentUrl\":\"https:\\\/\\\/secure.gravatar.com\\\/avatar\\\/fdd21ad66fd8b98c407f9dee5b5e588cfe7f0d8579ec20fa6527cd59bab7f0f0?s=96&d=mm&r=g\",\"caption\":\"Staff\"},\"url\":\"https:\\\/\\\/www.bbmnoticias.com\\\/labravaradiofm\\\/author\\\/redaccion\\\/\"}]}<\/script>\n<!-- \/ Yoast SEO plugin. -->","yoast_head_json":{"title":"El PRI se desinfla: pierde casi 600 mil militantes en tres a\u00f1os, seg\u00fan el INE - LA BRAVA RADIO","robots":{"index":"index","follow":"follow","max-snippet":"max-snippet:-1","max-image-preview":"max-image-preview:large","max-video-preview":"max-video-preview:-1"},"canonical":"https:\/\/www.bbmnoticias.com\/el-pri-se-desinfla-pierde-casi-600-mil-militantes-en-tres-anos-segun-el-ine\/","og_locale":"es_MX","og_type":"article","og_title":"El PRI se desinfla: pierde casi 600 mil militantes en tres a\u00f1os, seg\u00fan el INE - LA BRAVA RADIO","og_description":"El partido que gobern\u00f3 M\u00e9xico durante m\u00e1s de siete d\u00e9cadas pas\u00f3 de 1.4 millones de afiliados en 2023 a poco m\u00e1s de 819 mil en 2026. Morena, en contraste, multiplic\u00f3 su padr\u00f3n y super\u00f3 los 11.6 millones de militantes. Ciudad de M\u00e9xico.\u2014 El Partido Revolucionario Institucional (PRI), que gobern\u00f3 M\u00e9xico durante m\u00e1s de 70 a\u00f1os, [&hellip;]","og_url":"https:\/\/www.bbmnoticias.com\/el-pri-se-desinfla-pierde-casi-600-mil-militantes-en-tres-anos-segun-el-ine\/","og_site_name":"LA BRAVA RADIO","article_published_time":"2026-09-01T03:33:00+00:00","article_modified_time":"2026-09-01T03:33:03+00:00","og_image":[{"width":800,"height":533,"url":"https:\/\/www.bbmnoticias.com\/labravaradiofm\/wp-content\/uploads\/sites\/5\/2026\/08\/pri.jpg","type":"image\/jpeg"}],"author":"Staff","twitter_card":"summary_large_image","twitter_misc":{"Escrito por":"Staff","Tiempo de lectura":"3 minutos"},"schema":{"@context":"https:\/\/schema.org","@graph":[{"@type":"Article","@id":"https:\/\/www.bbmnoticias.com\/el-pri-se-desinfla-pierde-casi-600-mil-militantes-en-tres-anos-segun-el-ine\/#article","isPartOf":{"@id":"https:\/\/www.bbmnoticias.com\/labravaradiofm\/2026\/08\/31\/el-pri-se-desinfla-pierde-casi-600-mil-militantes-en-tres-anos-segun-el-ine\/"},"author":{"name":"Staff","@id":"https:\/\/www.bbmnoticias.com\/labravaradiofm\/#\/schema\/person\/9eb037257fc48a09cdf31d9a2f45619f"},"headline":"El PRI se desinfla: pierde casi 600 mil militantes en tres a\u00f1os, seg\u00fan el INE","datePublished":"2026-09-01T03:33:00+00:00","dateModified":"2026-09-01T03:33:03+00:00","mainEntityOfPage":{"@id":"https:\/\/www.bbmnoticias.com\/labravaradiofm\/2026\/08\/31\/el-pri-se-desinfla-pierde-casi-600-mil-militantes-en-tres-anos-segun-el-ine\/"},"wordCount":669,"image":{"@id":"https:\/\/www.bbmnoticias.com\/el-pri-se-desinfla-pierde-casi-600-mil-militantes-en-tres-anos-segun-el-ine\/#primaryimage"},"thumbnailUrl":"https:\/\/www.bbmnoticias.com\/labravaradiofm\/wp-content\/uploads\/sites\/5\/2026\/08\/pri.jpg","articleSection":["LOCAL","NACIONAL"],"inLanguage":"es"},{"@type":"WebPage","@id":"https:\/\/www.bbmnoticias.com\/labravaradiofm\/2026\/08\/31\/el-pri-se-desinfla-pierde-casi-600-mil-militantes-en-tres-anos-segun-el-ine\/","url":"https:\/\/www.bbmnoticias.com\/el-pri-se-desinfla-pierde-casi-600-mil-militantes-en-tres-anos-segun-el-ine\/","name":"El PRI se desinfla: pierde casi 600 mil militantes en tres a\u00f1os, seg\u00fan el INE - LA BRAVA RADIO","isPartOf":{"@id":"https:\/\/www.bbmnoticias.com\/labravaradiofm\/#website"},"primaryImageOfPage":{"@id":"https:\/\/www.bbmnoticias.com\/el-pri-se-desinfla-pierde-casi-600-mil-militantes-en-tres-anos-segun-el-ine\/#primaryimage"},"image":{"@id":"https:\/\/www.bbmnoticias.com\/el-pri-se-desinfla-pierde-casi-600-mil-militantes-en-tres-anos-segun-el-ine\/#primaryimage"},"thumbnailUrl":"https:\/\/www.bbmnoticias.com\/labravaradiofm\/wp-content\/uploads\/sites\/5\/2026\/08\/pri.jpg","datePublished":"2026-09-01T03:33:00+00:00","dateModified":"2026-09-01T03:33:03+00:00","author":{"@id":"https:\/\/www.bbmnoticias.com\/labravaradiofm\/#\/schema\/person\/9eb037257fc48a09cdf31d9a2f45619f"},"breadcrumb":{"@id":"https:\/\/www.bbmnoticias.com\/el-pri-se-desinfla-pierde-casi-600-mil-militantes-en-tres-anos-segun-el-ine\/#breadcrumb"},"inLanguage":"es","potentialAction":[{"@type":"ReadAction","target":["https:\/\/www.bbmnoticias.com\/el-pri-se-desinfla-pierde-casi-600-mil-militantes-en-tres-anos-segun-el-ine\/"]}]},{"@type":"ImageObject","inLanguage":"es","@id":"https:\/\/www.bbmnoticias.com\/el-pri-se-desinfla-pierde-casi-600-mil-militantes-en-tres-anos-segun-el-ine\/#primaryimage","url":"https:\/\/www.bbmnoticias.com\/labravaradiofm\/wp-content\/uploads\/sites\/5\/2026\/08\/pri.jpg","contentUrl":"https:\/\/www.bbmnoticias.com\/labravaradiofm\/wp-content\/uploads\/sites\/5\/2026\/08\/pri.jpg","width":800,"height":533},{"@type":"BreadcrumbList","@id":"https:\/\/www.bbmnoticias.com\/el-pri-se-desinfla-pierde-casi-600-mil-militantes-en-tres-anos-segun-el-ine\/#breadcrumb","itemListElement":[{"@type":"ListItem","position":1,"name":"Inicio","item":"https:\/\/www.bbmnoticias.com\/labravaradiofm\/"},{"@type":"ListItem","position":2,"name":"El PRI se desinfla: pierde casi 600 mil militantes en tres a\u00f1os, seg\u00fan el INE"}]},{"@type":"WebSite","@id":"https:\/\/www.bbmnoticias.com\/labravaradiofm\/#website","url":"https:\/\/www.bbmnoticias.com\/labravaradiofm\/","name":"LA BRAVA RADIO","description":"Empresa productora de medios, Radiodifusi\u00f3n, Noticias, tendencias y todo lo que necesitas saber de la pol\u00edtica mexicana e internacional; entretenimiento, espect\u00e1culos, salud y mucho m\u00e1s.","potentialAction":[{"@type":"SearchAction","target":{"@type":"EntryPoint","urlTemplate":"https:\/\/www.bbmnoticias.com\/labravaradiofm\/?s={search_term_string}"},"query-input":{"@type":"PropertyValueSpecification","valueRequired":true,"valueName":"search_term_string"}}],"inLanguage":"es"},{"@type":"Person","@id":"https:\/\/www.bbmnoticias.com\/labravaradiofm\/#\/schema\/person\/9eb037257fc48a09cdf31d9a2f45619f","name":"Staff","image":{"@type":"ImageObject","inLanguage":"es","@id":"https:\/\/secure.gravatar.com\/avatar\/fdd21ad66fd8b98c407f9dee5b5e588cfe7f0d8579ec20fa6527cd59bab7f0f0?s=96&d=mm&r=g","url":"https:\/\/secure.gravatar.com\/avatar\/fdd21ad66fd8b98c407f9dee5b5e588cfe7f0d8579ec20fa6527cd59bab7f0f0?s=96&d=mm&r=g","contentUrl":"https:\/\/secure.gravatar.com\/avatar\/fdd21ad66fd8b98c407f9dee5b5e588cfe7f0d8579ec20fa6527cd59bab7f0f0?s=96&d=mm&r=g","caption":"Staff"},"url":"https:\/\/www.bbmnoticias.com\/labravaradiofm\/author\/redaccion\/"}]}},"_links":{"self":[{"href":"https:\/\/www.bbmnoticias.com\/labravaradiofm\/wp-json\/wp\/v2\/posts\/81310","targetHints":{"allow":["GET"]}}],"collection":[{"href":"https:\/\/www.bbmnoticias.com\/labravaradiofm\/wp-json\/wp\/v2\/posts"}],"about":[{"href":"https:\/\/www.bbmnoticias.com\/labravaradiofm\/wp-json\/wp\/v2\/types\/post"}],"author":[{"embeddable":true,"href":"https:\/\/www.bbmnoticias.com\/labravaradiofm\/wp-json\/wp\/v2\/users\/2"}],"replies":[{"embeddable":true,"href":"https:\/\/www.bbmnoticias.com\/labravaradiofm\/wp-json\/wp\/v2\/comments?post=81310"}],"version-history":[{"count":1,"href":"https:\/\/www.bbmnoticias.com\/labravaradiofm\/wp-json\/wp\/v2\/posts\/81310\/revisions"}],"predecessor-version":[{"id":81311,"href":"https:\/\/www.bbmnoticias.com\/labravaradiofm\/wp-json\/wp\/v2\/posts\/81310\/revisions\/81311"}],"wp:featuredmedia":[{"embeddable":true,"href":"https:\/\/www.bbmnoticias.com\/labravaradiofm\/wp-json\/wp\/v2\/media\/81312"}],"wp:attachment":[{"href":"https:\/\/www.bbmnoticias.com\/labravaradiofm\/wp-json\/wp\/v2\/media?parent=81310"}],"wp:term":[{"taxonomy":"category","embeddable":true,"href":"https:\/\/www.bbmnoticias.com\/labravaradiofm\/wp-json\/wp\/v2\/categories?post=81310"},{"taxonomy":"post_tag","embeddable":true,"href":"https:\/\/www.bbmnoticias.com\/labravaradiofm\/wp-json\/wp\/v2\/tags?post=81310"}],"curies":[{"name":"wp","href":"https:\/\/api.w.org\/{rel}","templated":true}]}}