{"id":81304,"date":"2026-08-31T20:38:07","date_gmt":"2026-09-01T02:38:07","guid":{"rendered":"https:\/\/www.bbmnoticias.com\/labravaradiofm\/2026\/08\/31\/raul-bolanos-cacho-presidira-la-mesa-directiva-de-la-camara-de-diputados\/"},"modified":"2026-08-31T20:38:10","modified_gmt":"2026-09-01T02:38:10","slug":"raul-bolanos-cacho-presidira-la-mesa-directiva-de-la-camara-de-diputados","status":"publish","type":"post","link":"https:\/\/www.bbmnoticias.com\/labravaradiofm\/2026\/08\/31\/raul-bolanos-cacho-presidira-la-mesa-directiva-de-la-camara-de-diputados\/","title":{"rendered":"Ra\u00fal Bola\u00f1os Cacho presidir\u00e1 la Mesa Directiva de la C\u00e1mara de Diputados"},"content":{"rendered":"\n<p class=\"wp-block-paragraph\"><strong>El legislador del PVEM fue elegido con 432 votos a favor; 10 diputados de Morena se abstuvieron y uno vot\u00f3 en contra. Con su designaci\u00f3n, se convierte en el segundo integrante del Verde en encabezar los trabajos de San L\u00e1zaro.<\/strong><\/p>\n\n\n\n<p class=\"wp-block-paragraph\"><strong>Ciudad de M\u00e9xico.<\/strong>\u2014 La C\u00e1mara de Diputados realiz\u00f3 este lunes su sesi\u00f3n preparatoria para el \u00faltimo a\u00f1o de la actual Legislatura y eligi\u00f3 a la nueva integraci\u00f3n de la Mesa Directiva, que ser\u00e1 presidida por el legislador oaxaque\u00f1o Ra\u00fal Bola\u00f1os Cacho, del Partido Verde Ecologista de M\u00e9xico (PVEM).<\/p>\n\n\n\n<p class=\"wp-block-paragraph\">Bola\u00f1os Cacho se convierte as\u00ed en el segundo legislador del PVEM en la historia del Congreso en asumir la presidencia de la Mesa Directiva.<\/p>\n\n\n\n<p class=\"wp-block-paragraph\">La elecci\u00f3n recibi\u00f3 <strong>432 votos a favor<\/strong>, provenientes de todas las bancadas, mientras que se registraron <strong>10 abstenciones de diputados de Morena<\/strong> y un voto en contra, emitido por el tambi\u00e9n morenista Ed\u00e9n Garc\u00e9s.<\/p>\n\n\n\n<p class=\"wp-block-paragraph\">De las abstenciones, ocho correspondieron a legisladores de Veracruz, quienes con su voto manifestaron su rechazo a que Sergio Gonz\u00e1lez Luna permaneciera por segundo a\u00f1o como vicepresidente de la Mesa Directiva.<\/p>\n\n\n\n<p class=\"wp-block-paragraph\">Durante su discurso despu\u00e9s de ser designado, Bola\u00f1os Cacho destac\u00f3 su pertenencia a la coalici\u00f3n integrada por Morena, el PVEM y el Partido del Trabajo, y subray\u00f3 el significado de representar al bloque pol\u00edtico que llev\u00f3 a Claudia Sheinbaum Pardo a la Presidencia de la Rep\u00fablica.<\/p>\n\n\n\n<blockquote class=\"wp-block-quote is-layout-flow wp-block-quote-is-layout-flow\">\n<p class=\"wp-block-paragraph\">\u201cA mis compa\u00f1eros de Morena, del Partido Verde y del Partido del Trabajo, para m\u00ed representar a nuestra coalici\u00f3n que llev\u00f3 a la primera mujer, a la doctora Claudia Sheinbaum Pardo, a la Presidencia de la Rep\u00fablica, es un alt\u00edsimo honor que no me permite fallar\u201d.<\/p>\n<\/blockquote>\n\n\n\n<p class=\"wp-block-paragraph\">El pronunciamiento cobra relevancia luego de que el pasado 11 de marzo, durante la discusi\u00f3n de la reforma constitucional en materia electoral, la \u00fanica abstenci\u00f3n registrada en el tablero de votaci\u00f3n correspondiera precisamente a Bola\u00f1os Cacho.<\/p>\n\n\n\n<h2 class=\"wp-block-heading\">Cambios en la Mesa Directiva<\/h2>\n\n\n\n<p class=\"wp-block-paragraph\">Como parte de la nueva integraci\u00f3n, el PAN sustituy\u00f3 a Kenia L\u00f3pez Rabad\u00e1n y Paulina Rubio, quienes concluyen sus funciones como presidenta y vicepresidenta, respectivamente.<\/p>\n\n\n\n<p class=\"wp-block-paragraph\">En su lugar, la bancada panista propuso a <strong>Annia Sarah\u00ed G\u00f3mez C\u00e1rdenas<\/strong> y <strong>Diana Estefan\u00eda Guti\u00e9rrez Valtierra<\/strong>.<\/p>\n\n\n\n<p class=\"wp-block-paragraph\">La llegada de Bola\u00f1os Cacho a la presidencia de la Mesa Directiva tiene como antecedente la ocasi\u00f3n en que otro legislador del PVEM, Tom\u00e1s Torres Mercado, asumi\u00f3 provisionalmente esa responsabilidad entre febrero y marzo de 2015.<\/p>\n\n\n\n<p class=\"wp-block-paragraph\">En aquel momento, Torres Mercado, entonces primer vicepresidente de la C\u00e1mara, ocup\u00f3 la presidencia mientras se resolv\u00eda una crisis interna por el control de San L\u00e1zaro entre distintas corrientes del entonces Partido de la Revoluci\u00f3n Democr\u00e1tica (PRD).<\/p>\n\n\n\n<p class=\"wp-block-paragraph\">El conflicto involucr\u00f3 a las corrientes conocidas como Los Chuchos, Izquierda Democr\u00e1tica Nacional y Alternativa Democr\u00e1tica Nacional, y se agudiz\u00f3 despu\u00e9s de que el entonces presidente de la Mesa Directiva, Silvano Aureoles Conejo, solicitara licencia para competir por la candidatura al gobierno de Michoac\u00e1n.<\/p>\n\n\n\n<p class=\"wp-block-paragraph\">El acuerdo entre las corrientes perredistas finalmente favoreci\u00f3 a Julio C\u00e9sar Moreno, quien entonces presid\u00eda la Comisi\u00f3n de Puntos Constitucionales. Moreno, integrante del PRD en aquella etapa, actualmente milita en Morena.<\/p>\n\n\n\n<h2 class=\"wp-block-heading\">Convocan a Congreso General<\/h2>\n\n\n\n<p class=\"wp-block-paragraph\">Tras asumir la presidencia de la Mesa Directiva, Bola\u00f1os Cacho convoc\u00f3 de inmediato a la sesi\u00f3n de <strong>Congreso General<\/strong>, programada para la tarde de este martes en la C\u00e1mara de Diputados.<\/p>\n\n\n\n<p class=\"wp-block-paragraph\">En dicha sesi\u00f3n se recibir\u00e1 el <strong>Segundo Informe de Gobierno de la presidenta Claudia Sheinbaum Pardo<\/strong>, con lo que formalmente comenzar\u00e1n los trabajos del \u00faltimo a\u00f1o de la actual Legislatura.<\/p>\n\n\n\n<p class=\"wp-block-paragraph\"><\/p>\n","protected":false},"excerpt":{"rendered":"<p>El legislador del PVEM fue elegido con 432 votos a favor; 10 diputados de Morena se abstuvieron y uno vot\u00f3 en contra. Con su designaci\u00f3n, se convierte en el segundo integrante del Verde en encabezar los trabajos de San L\u00e1zaro. Ciudad de M\u00e9xico.\u2014 La C\u00e1mara de Diputados realiz\u00f3 este lunes su sesi\u00f3n preparatoria para el [&hellip;]<\/p>\n","protected":false},"author":4,"featured_media":81306,"comment_status":"closed","ping_status":"open","sticky":false,"template":"","format":"standard","meta":{"footnotes":""},"categories":[2],"tags":[],"class_list":["post-81304","post","type-post","status-publish","format-standard","has-post-thumbnail","hentry","category-oaxaca"],"yoast_head":"<!-- This site is optimized with the Yoast SEO plugin v28.1 - https:\/\/yoast.com\/product\/yoast-seo-wordpress\/ -->\n<title>Ra\u00fal Bola\u00f1os Cacho presidir\u00e1 la Mesa Directiva de la C\u00e1mara de Diputados - LA BRAVA RADIO<\/title>\n<meta name=\"robots\" content=\"index, follow, max-snippet:-1, max-image-preview:large, max-video-preview:-1\" \/>\n<link rel=\"canonical\" href=\"https:\/\/www.bbmnoticias.com\/raul-bolanos-cacho-presidira-la-mesa-directiva-de-la-camara-de-diputados\/\" \/>\n<meta property=\"og:locale\" content=\"es_MX\" \/>\n<meta property=\"og:type\" content=\"article\" \/>\n<meta property=\"og:title\" content=\"Ra\u00fal Bola\u00f1os Cacho presidir\u00e1 la Mesa Directiva de la C\u00e1mara de Diputados - LA BRAVA RADIO\" \/>\n<meta property=\"og:description\" content=\"El legislador del PVEM fue elegido con 432 votos a favor; 10 diputados de Morena se abstuvieron y uno vot\u00f3 en contra. Con su designaci\u00f3n, se convierte en el segundo integrante del Verde en encabezar los trabajos de San L\u00e1zaro. Ciudad de M\u00e9xico.\u2014 La C\u00e1mara de Diputados realiz\u00f3 este lunes su sesi\u00f3n preparatoria para el [&hellip;]\" \/>\n<meta property=\"og:url\" content=\"https:\/\/www.bbmnoticias.com\/raul-bolanos-cacho-presidira-la-mesa-directiva-de-la-camara-de-diputados\/\" \/>\n<meta property=\"og:site_name\" content=\"LA BRAVA RADIO\" \/>\n<meta property=\"article:published_time\" content=\"2026-09-01T02:38:07+00:00\" \/>\n<meta property=\"article:modified_time\" content=\"2026-09-01T02:38:10+00:00\" \/>\n<meta property=\"og:image\" content=\"https:\/\/www.bbmnoticias.com\/labravaradiofm\/wp-content\/uploads\/sites\/5\/2026\/08\/raul-bolanos-cacho-del-pvem-asume-presidencia-de-la-mesa-directiva-del-congreso.webp\" \/>\n\t<meta property=\"og:image:width\" content=\"1200\" \/>\n\t<meta property=\"og:image:height\" content=\"800\" \/>\n\t<meta property=\"og:image:type\" content=\"image\/webp\" \/>\n<meta name=\"author\" content=\"Agencias\" \/>\n<meta name=\"twitter:card\" content=\"summary_large_image\" \/>\n<meta name=\"twitter:label1\" content=\"Escrito por\" \/>\n\t<meta name=\"twitter:data1\" content=\"Agencias\" \/>\n\t<meta name=\"twitter:label2\" content=\"Tiempo de lectura\" \/>\n\t<meta name=\"twitter:data2\" content=\"3 minutos\" \/>\n<script type=\"application\/ld+json\" class=\"yoast-schema-graph\">{\"@context\":\"https:\\\/\\\/schema.org\",\"@graph\":[{\"@type\":\"Article\",\"@id\":\"https:\\\/\\\/www.bbmnoticias.com\\\/raul-bolanos-cacho-presidira-la-mesa-directiva-de-la-camara-de-diputados\\\/#article\",\"isPartOf\":{\"@id\":\"https:\\\/\\\/www.bbmnoticias.com\\\/labravaradiofm\\\/2026\\\/08\\\/31\\\/raul-bolanos-cacho-presidira-la-mesa-directiva-de-la-camara-de-diputados\\\/\"},\"author\":{\"name\":\"Agencias\",\"@id\":\"https:\\\/\\\/www.bbmnoticias.com\\\/labravaradiofm\\\/#\\\/schema\\\/person\\\/9fbc5ce7940cac56d0ea1e2b03b6d30c\"},\"headline\":\"Ra\u00fal Bola\u00f1os Cacho presidir\u00e1 la Mesa Directiva de la C\u00e1mara de Diputados\",\"datePublished\":\"2026-09-01T02:38:07+00:00\",\"dateModified\":\"2026-09-01T02:38:10+00:00\",\"mainEntityOfPage\":{\"@id\":\"https:\\\/\\\/www.bbmnoticias.com\\\/labravaradiofm\\\/2026\\\/08\\\/31\\\/raul-bolanos-cacho-presidira-la-mesa-directiva-de-la-camara-de-diputados\\\/\"},\"wordCount\":633,\"image\":{\"@id\":\"https:\\\/\\\/www.bbmnoticias.com\\\/raul-bolanos-cacho-presidira-la-mesa-directiva-de-la-camara-de-diputados\\\/#primaryimage\"},\"thumbnailUrl\":\"https:\\\/\\\/www.bbmnoticias.com\\\/labravaradiofm\\\/wp-content\\\/uploads\\\/sites\\\/5\\\/2026\\\/08\\\/raul-bolanos-cacho-del-pvem-asume-presidencia-de-la-mesa-directiva-del-congreso.webp\",\"articleSection\":[\"LOCAL\"],\"inLanguage\":\"es\"},{\"@type\":\"WebPage\",\"@id\":\"https:\\\/\\\/www.bbmnoticias.com\\\/labravaradiofm\\\/2026\\\/08\\\/31\\\/raul-bolanos-cacho-presidira-la-mesa-directiva-de-la-camara-de-diputados\\\/\",\"url\":\"https:\\\/\\\/www.bbmnoticias.com\\\/raul-bolanos-cacho-presidira-la-mesa-directiva-de-la-camara-de-diputados\\\/\",\"name\":\"Ra\u00fal Bola\u00f1os Cacho presidir\u00e1 la Mesa Directiva de la C\u00e1mara de Diputados - LA BRAVA RADIO\",\"isPartOf\":{\"@id\":\"https:\\\/\\\/www.bbmnoticias.com\\\/labravaradiofm\\\/#website\"},\"primaryImageOfPage\":{\"@id\":\"https:\\\/\\\/www.bbmnoticias.com\\\/raul-bolanos-cacho-presidira-la-mesa-directiva-de-la-camara-de-diputados\\\/#primaryimage\"},\"image\":{\"@id\":\"https:\\\/\\\/www.bbmnoticias.com\\\/raul-bolanos-cacho-presidira-la-mesa-directiva-de-la-camara-de-diputados\\\/#primaryimage\"},\"thumbnailUrl\":\"https:\\\/\\\/www.bbmnoticias.com\\\/labravaradiofm\\\/wp-content\\\/uploads\\\/sites\\\/5\\\/2026\\\/08\\\/raul-bolanos-cacho-del-pvem-asume-presidencia-de-la-mesa-directiva-del-congreso.webp\",\"datePublished\":\"2026-09-01T02:38:07+00:00\",\"dateModified\":\"2026-09-01T02:38:10+00:00\",\"author\":{\"@id\":\"https:\\\/\\\/www.bbmnoticias.com\\\/labravaradiofm\\\/#\\\/schema\\\/person\\\/9fbc5ce7940cac56d0ea1e2b03b6d30c\"},\"breadcrumb\":{\"@id\":\"https:\\\/\\\/www.bbmnoticias.com\\\/raul-bolanos-cacho-presidira-la-mesa-directiva-de-la-camara-de-diputados\\\/#breadcrumb\"},\"inLanguage\":\"es\",\"potentialAction\":[{\"@type\":\"ReadAction\",\"target\":[\"https:\\\/\\\/www.bbmnoticias.com\\\/raul-bolanos-cacho-presidira-la-mesa-directiva-de-la-camara-de-diputados\\\/\"]}]},{\"@type\":\"ImageObject\",\"inLanguage\":\"es\",\"@id\":\"https:\\\/\\\/www.bbmnoticias.com\\\/raul-bolanos-cacho-presidira-la-mesa-directiva-de-la-camara-de-diputados\\\/#primaryimage\",\"url\":\"https:\\\/\\\/www.bbmnoticias.com\\\/labravaradiofm\\\/wp-content\\\/uploads\\\/sites\\\/5\\\/2026\\\/08\\\/raul-bolanos-cacho-del-pvem-asume-presidencia-de-la-mesa-directiva-del-congreso.webp\",\"contentUrl\":\"https:\\\/\\\/www.bbmnoticias.com\\\/labravaradiofm\\\/wp-content\\\/uploads\\\/sites\\\/5\\\/2026\\\/08\\\/raul-bolanos-cacho-del-pvem-asume-presidencia-de-la-mesa-directiva-del-congreso.webp\",\"width\":1200,\"height\":800},{\"@type\":\"BreadcrumbList\",\"@id\":\"https:\\\/\\\/www.bbmnoticias.com\\\/raul-bolanos-cacho-presidira-la-mesa-directiva-de-la-camara-de-diputados\\\/#breadcrumb\",\"itemListElement\":[{\"@type\":\"ListItem\",\"position\":1,\"name\":\"Inicio\",\"item\":\"https:\\\/\\\/www.bbmnoticias.com\\\/labravaradiofm\\\/\"},{\"@type\":\"ListItem\",\"position\":2,\"name\":\"Ra\u00fal Bola\u00f1os Cacho presidir\u00e1 la Mesa Directiva de la C\u00e1mara de Diputados\"}]},{\"@type\":\"WebSite\",\"@id\":\"https:\\\/\\\/www.bbmnoticias.com\\\/labravaradiofm\\\/#website\",\"url\":\"https:\\\/\\\/www.bbmnoticias.com\\\/labravaradiofm\\\/\",\"name\":\"LA BRAVA RADIO\",\"description\":\"Empresa productora de medios, Radiodifusi\u00f3n, Noticias, tendencias y todo lo que necesitas saber de la pol\u00edtica mexicana e internacional; entretenimiento, espect\u00e1culos, salud y mucho m\u00e1s.\",\"potentialAction\":[{\"@type\":\"SearchAction\",\"target\":{\"@type\":\"EntryPoint\",\"urlTemplate\":\"https:\\\/\\\/www.bbmnoticias.com\\\/labravaradiofm\\\/?s={search_term_string}\"},\"query-input\":{\"@type\":\"PropertyValueSpecification\",\"valueRequired\":true,\"valueName\":\"search_term_string\"}}],\"inLanguage\":\"es\"},{\"@type\":\"Person\",\"@id\":\"https:\\\/\\\/www.bbmnoticias.com\\\/labravaradiofm\\\/#\\\/schema\\\/person\\\/9fbc5ce7940cac56d0ea1e2b03b6d30c\",\"name\":\"Agencias\",\"image\":{\"@type\":\"ImageObject\",\"inLanguage\":\"es\",\"@id\":\"https:\\\/\\\/secure.gravatar.com\\\/avatar\\\/739e0b61adf9e398b425c36718c8752286da0e8cd90f20ce9a86678abc26aa0d?s=96&d=mm&r=g\",\"url\":\"https:\\\/\\\/secure.gravatar.com\\\/avatar\\\/739e0b61adf9e398b425c36718c8752286da0e8cd90f20ce9a86678abc26aa0d?s=96&d=mm&r=g\",\"contentUrl\":\"https:\\\/\\\/secure.gravatar.com\\\/avatar\\\/739e0b61adf9e398b425c36718c8752286da0e8cd90f20ce9a86678abc26aa0d?s=96&d=mm&r=g\",\"caption\":\"Agencias\"},\"url\":\"https:\\\/\\\/www.bbmnoticias.com\\\/labravaradiofm\\\/author\\\/agencias\\\/\"}]}<\/script>\n<!-- \/ Yoast SEO plugin. -->","yoast_head_json":{"title":"Ra\u00fal Bola\u00f1os Cacho presidir\u00e1 la Mesa Directiva de la C\u00e1mara de Diputados - LA BRAVA RADIO","robots":{"index":"index","follow":"follow","max-snippet":"max-snippet:-1","max-image-preview":"max-image-preview:large","max-video-preview":"max-video-preview:-1"},"canonical":"https:\/\/www.bbmnoticias.com\/raul-bolanos-cacho-presidira-la-mesa-directiva-de-la-camara-de-diputados\/","og_locale":"es_MX","og_type":"article","og_title":"Ra\u00fal Bola\u00f1os Cacho presidir\u00e1 la Mesa Directiva de la C\u00e1mara de Diputados - LA BRAVA RADIO","og_description":"El legislador del PVEM fue elegido con 432 votos a favor; 10 diputados de Morena se abstuvieron y uno vot\u00f3 en contra. Con su designaci\u00f3n, se convierte en el segundo integrante del Verde en encabezar los trabajos de San L\u00e1zaro. Ciudad de M\u00e9xico.\u2014 La C\u00e1mara de Diputados realiz\u00f3 este lunes su sesi\u00f3n preparatoria para el [&hellip;]","og_url":"https:\/\/www.bbmnoticias.com\/raul-bolanos-cacho-presidira-la-mesa-directiva-de-la-camara-de-diputados\/","og_site_name":"LA BRAVA RADIO","article_published_time":"2026-09-01T02:38:07+00:00","article_modified_time":"2026-09-01T02:38:10+00:00","og_image":[{"width":1200,"height":800,"url":"https:\/\/www.bbmnoticias.com\/labravaradiofm\/wp-content\/uploads\/sites\/5\/2026\/08\/raul-bolanos-cacho-del-pvem-asume-presidencia-de-la-mesa-directiva-del-congreso.webp","type":"image\/webp"}],"author":"Agencias","twitter_card":"summary_large_image","twitter_misc":{"Escrito por":"Agencias","Tiempo de lectura":"3 minutos"},"schema":{"@context":"https:\/\/schema.org","@graph":[{"@type":"Article","@id":"https:\/\/www.bbmnoticias.com\/raul-bolanos-cacho-presidira-la-mesa-directiva-de-la-camara-de-diputados\/#article","isPartOf":{"@id":"https:\/\/www.bbmnoticias.com\/labravaradiofm\/2026\/08\/31\/raul-bolanos-cacho-presidira-la-mesa-directiva-de-la-camara-de-diputados\/"},"author":{"name":"Agencias","@id":"https:\/\/www.bbmnoticias.com\/labravaradiofm\/#\/schema\/person\/9fbc5ce7940cac56d0ea1e2b03b6d30c"},"headline":"Ra\u00fal Bola\u00f1os Cacho presidir\u00e1 la Mesa Directiva de la C\u00e1mara de Diputados","datePublished":"2026-09-01T02:38:07+00:00","dateModified":"2026-09-01T02:38:10+00:00","mainEntityOfPage":{"@id":"https:\/\/www.bbmnoticias.com\/labravaradiofm\/2026\/08\/31\/raul-bolanos-cacho-presidira-la-mesa-directiva-de-la-camara-de-diputados\/"},"wordCount":633,"image":{"@id":"https:\/\/www.bbmnoticias.com\/raul-bolanos-cacho-presidira-la-mesa-directiva-de-la-camara-de-diputados\/#primaryimage"},"thumbnailUrl":"https:\/\/www.bbmnoticias.com\/labravaradiofm\/wp-content\/uploads\/sites\/5\/2026\/08\/raul-bolanos-cacho-del-pvem-asume-presidencia-de-la-mesa-directiva-del-congreso.webp","articleSection":["LOCAL"],"inLanguage":"es"},{"@type":"WebPage","@id":"https:\/\/www.bbmnoticias.com\/labravaradiofm\/2026\/08\/31\/raul-bolanos-cacho-presidira-la-mesa-directiva-de-la-camara-de-diputados\/","url":"https:\/\/www.bbmnoticias.com\/raul-bolanos-cacho-presidira-la-mesa-directiva-de-la-camara-de-diputados\/","name":"Ra\u00fal Bola\u00f1os Cacho presidir\u00e1 la Mesa Directiva de la C\u00e1mara de Diputados - LA BRAVA RADIO","isPartOf":{"@id":"https:\/\/www.bbmnoticias.com\/labravaradiofm\/#website"},"primaryImageOfPage":{"@id":"https:\/\/www.bbmnoticias.com\/raul-bolanos-cacho-presidira-la-mesa-directiva-de-la-camara-de-diputados\/#primaryimage"},"image":{"@id":"https:\/\/www.bbmnoticias.com\/raul-bolanos-cacho-presidira-la-mesa-directiva-de-la-camara-de-diputados\/#primaryimage"},"thumbnailUrl":"https:\/\/www.bbmnoticias.com\/labravaradiofm\/wp-content\/uploads\/sites\/5\/2026\/08\/raul-bolanos-cacho-del-pvem-asume-presidencia-de-la-mesa-directiva-del-congreso.webp","datePublished":"2026-09-01T02:38:07+00:00","dateModified":"2026-09-01T02:38:10+00:00","author":{"@id":"https:\/\/www.bbmnoticias.com\/labravaradiofm\/#\/schema\/person\/9fbc5ce7940cac56d0ea1e2b03b6d30c"},"breadcrumb":{"@id":"https:\/\/www.bbmnoticias.com\/raul-bolanos-cacho-presidira-la-mesa-directiva-de-la-camara-de-diputados\/#breadcrumb"},"inLanguage":"es","potentialAction":[{"@type":"ReadAction","target":["https:\/\/www.bbmnoticias.com\/raul-bolanos-cacho-presidira-la-mesa-directiva-de-la-camara-de-diputados\/"]}]},{"@type":"ImageObject","inLanguage":"es","@id":"https:\/\/www.bbmnoticias.com\/raul-bolanos-cacho-presidira-la-mesa-directiva-de-la-camara-de-diputados\/#primaryimage","url":"https:\/\/www.bbmnoticias.com\/labravaradiofm\/wp-content\/uploads\/sites\/5\/2026\/08\/raul-bolanos-cacho-del-pvem-asume-presidencia-de-la-mesa-directiva-del-congreso.webp","contentUrl":"https:\/\/www.bbmnoticias.com\/labravaradiofm\/wp-content\/uploads\/sites\/5\/2026\/08\/raul-bolanos-cacho-del-pvem-asume-presidencia-de-la-mesa-directiva-del-congreso.webp","width":1200,"height":800},{"@type":"BreadcrumbList","@id":"https:\/\/www.bbmnoticias.com\/raul-bolanos-cacho-presidira-la-mesa-directiva-de-la-camara-de-diputados\/#breadcrumb","itemListElement":[{"@type":"ListItem","position":1,"name":"Inicio","item":"https:\/\/www.bbmnoticias.com\/labravaradiofm\/"},{"@type":"ListItem","position":2,"name":"Ra\u00fal Bola\u00f1os Cacho presidir\u00e1 la Mesa Directiva de la C\u00e1mara de Diputados"}]},{"@type":"WebSite","@id":"https:\/\/www.bbmnoticias.com\/labravaradiofm\/#website","url":"https:\/\/www.bbmnoticias.com\/labravaradiofm\/","name":"LA BRAVA RADIO","description":"Empresa productora de medios, Radiodifusi\u00f3n, Noticias, tendencias y todo lo que necesitas saber de la pol\u00edtica mexicana e internacional; entretenimiento, espect\u00e1culos, salud y mucho m\u00e1s.","potentialAction":[{"@type":"SearchAction","target":{"@type":"EntryPoint","urlTemplate":"https:\/\/www.bbmnoticias.com\/labravaradiofm\/?s={search_term_string}"},"query-input":{"@type":"PropertyValueSpecification","valueRequired":true,"valueName":"search_term_string"}}],"inLanguage":"es"},{"@type":"Person","@id":"https:\/\/www.bbmnoticias.com\/labravaradiofm\/#\/schema\/person\/9fbc5ce7940cac56d0ea1e2b03b6d30c","name":"Agencias","image":{"@type":"ImageObject","inLanguage":"es","@id":"https:\/\/secure.gravatar.com\/avatar\/739e0b61adf9e398b425c36718c8752286da0e8cd90f20ce9a86678abc26aa0d?s=96&d=mm&r=g","url":"https:\/\/secure.gravatar.com\/avatar\/739e0b61adf9e398b425c36718c8752286da0e8cd90f20ce9a86678abc26aa0d?s=96&d=mm&r=g","contentUrl":"https:\/\/secure.gravatar.com\/avatar\/739e0b61adf9e398b425c36718c8752286da0e8cd90f20ce9a86678abc26aa0d?s=96&d=mm&r=g","caption":"Agencias"},"url":"https:\/\/www.bbmnoticias.com\/labravaradiofm\/author\/agencias\/"}]}},"_links":{"self":[{"href":"https:\/\/www.bbmnoticias.com\/labravaradiofm\/wp-json\/wp\/v2\/posts\/81304","targetHints":{"allow":["GET"]}}],"collection":[{"href":"https:\/\/www.bbmnoticias.com\/labravaradiofm\/wp-json\/wp\/v2\/posts"}],"about":[{"href":"https:\/\/www.bbmnoticias.com\/labravaradiofm\/wp-json\/wp\/v2\/types\/post"}],"author":[{"embeddable":true,"href":"https:\/\/www.bbmnoticias.com\/labravaradiofm\/wp-json\/wp\/v2\/users\/4"}],"replies":[{"embeddable":true,"href":"https:\/\/www.bbmnoticias.com\/labravaradiofm\/wp-json\/wp\/v2\/comments?post=81304"}],"version-history":[{"count":1,"href":"https:\/\/www.bbmnoticias.com\/labravaradiofm\/wp-json\/wp\/v2\/posts\/81304\/revisions"}],"predecessor-version":[{"id":81305,"href":"https:\/\/www.bbmnoticias.com\/labravaradiofm\/wp-json\/wp\/v2\/posts\/81304\/revisions\/81305"}],"wp:featuredmedia":[{"embeddable":true,"href":"https:\/\/www.bbmnoticias.com\/labravaradiofm\/wp-json\/wp\/v2\/media\/81306"}],"wp:attachment":[{"href":"https:\/\/www.bbmnoticias.com\/labravaradiofm\/wp-json\/wp\/v2\/media?parent=81304"}],"wp:term":[{"taxonomy":"category","embeddable":true,"href":"https:\/\/www.bbmnoticias.com\/labravaradiofm\/wp-json\/wp\/v2\/categories?post=81304"},{"taxonomy":"post_tag","embeddable":true,"href":"https:\/\/www.bbmnoticias.com\/labravaradiofm\/wp-json\/wp\/v2\/tags?post=81304"}],"curies":[{"name":"wp","href":"https:\/\/api.w.org\/{rel}","templated":true}]}}