{"id":81301,"date":"2026-08-31T19:40:25","date_gmt":"2026-09-01T01:40:25","guid":{"rendered":"https:\/\/www.bbmnoticias.com\/labravaradiofm\/2026\/08\/31\/fiscalia-de-oaxaca-localiza-a-mujer-y-a-su-hija-reportadas-como-no-localizadas\/"},"modified":"2026-08-31T19:40:27","modified_gmt":"2026-09-01T01:40:27","slug":"fiscalia-de-oaxaca-localiza-a-mujer-y-a-su-hija-reportadas-como-no-localizadas","status":"publish","type":"post","link":"https:\/\/www.bbmnoticias.com\/labravaradiofm\/2026\/08\/31\/fiscalia-de-oaxaca-localiza-a-mujer-y-a-su-hija-reportadas-como-no-localizadas\/","title":{"rendered":"Fiscal\u00eda de Oaxaca localiza a mujer y a su hija reportadas como no localizadas"},"content":{"rendered":"\n<p class=\"wp-block-paragraph\"><strong>Oaxaca de Ju\u00e1rez, Oax., 31 de agosto de 2026<\/strong>.- Derivado de una investigaci\u00f3n integral, especializada y multidisciplinaria, la Fiscal\u00eda General del Estado de Oaxaca (FGEO) localiz\u00f3 a una mujer identificada como I.O.D. y a su hija menor de edad, quienes hab\u00edan sido reportadas como no localizadas.<\/p>\n\n\n\n<p class=\"wp-block-paragraph\">Desde que recibi\u00f3 la denuncia, el 26 de agosto, la Vicefiscal\u00eda Regional de la Sierra Sur despleg\u00f3 las acciones de b\u00fasqueda e investigaci\u00f3n correspondientes, con la aplicaci\u00f3n de perspectiva de g\u00e9nero y de infancia, as\u00ed como la intervenci\u00f3n de personal especializado.<\/p>\n\n\n\n<p class=\"wp-block-paragraph\">Como resultado de estas labores, ambas personas fueron localizadas en 72 horas, el 29 de agosto.<\/p>\n\n\n\n<p class=\"wp-block-paragraph\">La FGEO estableci\u00f3 que se trat\u00f3 de una ausencia voluntaria. Sin embargo, esta circunstancia no representa una desprotecci\u00f3n institucional. Por el contrario, los protocolos de la Fiscal\u00eda de Oaxaca contemplan la activaci\u00f3n inmediata de las \u00e1reas especializadas para garantizar el derecho a la b\u00fasqueda, la protecci\u00f3n de la vida privada, la no revictimizaci\u00f3n y el acceso a una atenci\u00f3n integral, tanto para las personas localizadas como para sus familias.<\/p>\n\n\n\n<p class=\"wp-block-paragraph\">La intervenci\u00f3n institucional tambi\u00e9n contempla el acompa\u00f1amiento psicoemocional como parte del modelo integral de atenci\u00f3n a v\u00edctimas, con el prop\u00f3sito de generar condiciones de confianza, brindar contenci\u00f3n emocional y fortalecer la colaboraci\u00f3n con las familias, reconocidas como v\u00edctimas indirectas cuando corresponde.<\/p>\n\n\n\n<p class=\"wp-block-paragraph\"><\/p>\n","protected":false},"excerpt":{"rendered":"<p>Oaxaca de Ju\u00e1rez, Oax., 31 de agosto de 2026.- Derivado de una investigaci\u00f3n integral, especializada y multidisciplinaria, la Fiscal\u00eda General del Estado de Oaxaca (FGEO) localiz\u00f3 a una mujer identificada como I.O.D. y a su hija menor de edad, quienes hab\u00edan sido reportadas como no localizadas. Desde que recibi\u00f3 la denuncia, el 26 de agosto, [&hellip;]<\/p>\n","protected":false},"author":2,"featured_media":81303,"comment_status":"closed","ping_status":"open","sticky":false,"template":"","format":"standard","meta":{"footnotes":""},"categories":[2,20],"tags":[],"class_list":["post-81301","post","type-post","status-publish","format-standard","has-post-thumbnail","hentry","category-oaxaca","category-policiaca"],"yoast_head":"<!-- This site is optimized with the Yoast SEO plugin v28.1 - https:\/\/yoast.com\/product\/yoast-seo-wordpress\/ -->\n<title>Fiscal\u00eda de Oaxaca localiza a mujer y a su hija reportadas como no localizadas - LA BRAVA RADIO<\/title>\n<meta name=\"robots\" content=\"index, follow, max-snippet:-1, max-image-preview:large, max-video-preview:-1\" \/>\n<link rel=\"canonical\" href=\"https:\/\/www.bbmnoticias.com\/fiscalia-de-oaxaca-localiza-a-mujer-y-a-su-hija-reportadas-como-no-localizadas\/\" \/>\n<meta property=\"og:locale\" content=\"es_MX\" \/>\n<meta property=\"og:type\" content=\"article\" \/>\n<meta property=\"og:title\" content=\"Fiscal\u00eda de Oaxaca localiza a mujer y a su hija reportadas como no localizadas - LA BRAVA RADIO\" \/>\n<meta property=\"og:description\" content=\"Oaxaca de Ju\u00e1rez, Oax., 31 de agosto de 2026.- Derivado de una investigaci\u00f3n integral, especializada y multidisciplinaria, la Fiscal\u00eda General del Estado de Oaxaca (FGEO) localiz\u00f3 a una mujer identificada como I.O.D. y a su hija menor de edad, quienes hab\u00edan sido reportadas como no localizadas. Desde que recibi\u00f3 la denuncia, el 26 de agosto, [&hellip;]\" \/>\n<meta property=\"og:url\" content=\"https:\/\/www.bbmnoticias.com\/fiscalia-de-oaxaca-localiza-a-mujer-y-a-su-hija-reportadas-como-no-localizadas\/\" \/>\n<meta property=\"og:site_name\" content=\"LA BRAVA RADIO\" \/>\n<meta property=\"article:published_time\" content=\"2026-09-01T01:40:25+00:00\" \/>\n<meta property=\"article:modified_time\" content=\"2026-09-01T01:40:27+00:00\" \/>\n<meta property=\"og:image\" content=\"https:\/\/www.bbmnoticias.com\/labravaradiofm\/wp-content\/uploads\/sites\/5\/2026\/08\/persona_localizada.jpg\" \/>\n\t<meta property=\"og:image:width\" content=\"800\" \/>\n\t<meta property=\"og:image:height\" content=\"450\" \/>\n\t<meta property=\"og:image:type\" content=\"image\/jpeg\" \/>\n<meta name=\"author\" content=\"Staff\" \/>\n<meta name=\"twitter:card\" content=\"summary_large_image\" \/>\n<meta name=\"twitter:label1\" content=\"Escrito por\" \/>\n\t<meta name=\"twitter:data1\" content=\"Staff\" \/>\n\t<meta name=\"twitter:label2\" content=\"Tiempo de lectura\" \/>\n\t<meta name=\"twitter:data2\" content=\"1 minuto\" \/>\n<script type=\"application\/ld+json\" class=\"yoast-schema-graph\">{\"@context\":\"https:\\\/\\\/schema.org\",\"@graph\":[{\"@type\":\"Article\",\"@id\":\"https:\\\/\\\/www.bbmnoticias.com\\\/fiscalia-de-oaxaca-localiza-a-mujer-y-a-su-hija-reportadas-como-no-localizadas\\\/#article\",\"isPartOf\":{\"@id\":\"https:\\\/\\\/www.bbmnoticias.com\\\/labravaradiofm\\\/2026\\\/08\\\/31\\\/fiscalia-de-oaxaca-localiza-a-mujer-y-a-su-hija-reportadas-como-no-localizadas\\\/\"},\"author\":{\"name\":\"Staff\",\"@id\":\"https:\\\/\\\/www.bbmnoticias.com\\\/labravaradiofm\\\/#\\\/schema\\\/person\\\/9eb037257fc48a09cdf31d9a2f45619f\"},\"headline\":\"Fiscal\u00eda de Oaxaca localiza a mujer y a su hija reportadas como no localizadas\",\"datePublished\":\"2026-09-01T01:40:25+00:00\",\"dateModified\":\"2026-09-01T01:40:27+00:00\",\"mainEntityOfPage\":{\"@id\":\"https:\\\/\\\/www.bbmnoticias.com\\\/labravaradiofm\\\/2026\\\/08\\\/31\\\/fiscalia-de-oaxaca-localiza-a-mujer-y-a-su-hija-reportadas-como-no-localizadas\\\/\"},\"wordCount\":252,\"image\":{\"@id\":\"https:\\\/\\\/www.bbmnoticias.com\\\/fiscalia-de-oaxaca-localiza-a-mujer-y-a-su-hija-reportadas-como-no-localizadas\\\/#primaryimage\"},\"thumbnailUrl\":\"https:\\\/\\\/www.bbmnoticias.com\\\/labravaradiofm\\\/wp-content\\\/uploads\\\/sites\\\/5\\\/2026\\\/08\\\/persona_localizada.jpg\",\"articleSection\":[\"LOCAL\",\"POLICIACA\"],\"inLanguage\":\"es\"},{\"@type\":\"WebPage\",\"@id\":\"https:\\\/\\\/www.bbmnoticias.com\\\/labravaradiofm\\\/2026\\\/08\\\/31\\\/fiscalia-de-oaxaca-localiza-a-mujer-y-a-su-hija-reportadas-como-no-localizadas\\\/\",\"url\":\"https:\\\/\\\/www.bbmnoticias.com\\\/fiscalia-de-oaxaca-localiza-a-mujer-y-a-su-hija-reportadas-como-no-localizadas\\\/\",\"name\":\"Fiscal\u00eda de Oaxaca localiza a mujer y a su hija reportadas como no localizadas - LA BRAVA RADIO\",\"isPartOf\":{\"@id\":\"https:\\\/\\\/www.bbmnoticias.com\\\/labravaradiofm\\\/#website\"},\"primaryImageOfPage\":{\"@id\":\"https:\\\/\\\/www.bbmnoticias.com\\\/fiscalia-de-oaxaca-localiza-a-mujer-y-a-su-hija-reportadas-como-no-localizadas\\\/#primaryimage\"},\"image\":{\"@id\":\"https:\\\/\\\/www.bbmnoticias.com\\\/fiscalia-de-oaxaca-localiza-a-mujer-y-a-su-hija-reportadas-como-no-localizadas\\\/#primaryimage\"},\"thumbnailUrl\":\"https:\\\/\\\/www.bbmnoticias.com\\\/labravaradiofm\\\/wp-content\\\/uploads\\\/sites\\\/5\\\/2026\\\/08\\\/persona_localizada.jpg\",\"datePublished\":\"2026-09-01T01:40:25+00:00\",\"dateModified\":\"2026-09-01T01:40:27+00:00\",\"author\":{\"@id\":\"https:\\\/\\\/www.bbmnoticias.com\\\/labravaradiofm\\\/#\\\/schema\\\/person\\\/9eb037257fc48a09cdf31d9a2f45619f\"},\"breadcrumb\":{\"@id\":\"https:\\\/\\\/www.bbmnoticias.com\\\/fiscalia-de-oaxaca-localiza-a-mujer-y-a-su-hija-reportadas-como-no-localizadas\\\/#breadcrumb\"},\"inLanguage\":\"es\",\"potentialAction\":[{\"@type\":\"ReadAction\",\"target\":[\"https:\\\/\\\/www.bbmnoticias.com\\\/fiscalia-de-oaxaca-localiza-a-mujer-y-a-su-hija-reportadas-como-no-localizadas\\\/\"]}]},{\"@type\":\"ImageObject\",\"inLanguage\":\"es\",\"@id\":\"https:\\\/\\\/www.bbmnoticias.com\\\/fiscalia-de-oaxaca-localiza-a-mujer-y-a-su-hija-reportadas-como-no-localizadas\\\/#primaryimage\",\"url\":\"https:\\\/\\\/www.bbmnoticias.com\\\/labravaradiofm\\\/wp-content\\\/uploads\\\/sites\\\/5\\\/2026\\\/08\\\/persona_localizada.jpg\",\"contentUrl\":\"https:\\\/\\\/www.bbmnoticias.com\\\/labravaradiofm\\\/wp-content\\\/uploads\\\/sites\\\/5\\\/2026\\\/08\\\/persona_localizada.jpg\",\"width\":800,\"height\":450},{\"@type\":\"BreadcrumbList\",\"@id\":\"https:\\\/\\\/www.bbmnoticias.com\\\/fiscalia-de-oaxaca-localiza-a-mujer-y-a-su-hija-reportadas-como-no-localizadas\\\/#breadcrumb\",\"itemListElement\":[{\"@type\":\"ListItem\",\"position\":1,\"name\":\"Inicio\",\"item\":\"https:\\\/\\\/www.bbmnoticias.com\\\/labravaradiofm\\\/\"},{\"@type\":\"ListItem\",\"position\":2,\"name\":\"Fiscal\u00eda de Oaxaca localiza a mujer y a su hija reportadas como no localizadas\"}]},{\"@type\":\"WebSite\",\"@id\":\"https:\\\/\\\/www.bbmnoticias.com\\\/labravaradiofm\\\/#website\",\"url\":\"https:\\\/\\\/www.bbmnoticias.com\\\/labravaradiofm\\\/\",\"name\":\"LA BRAVA RADIO\",\"description\":\"Empresa productora de medios, Radiodifusi\u00f3n, Noticias, tendencias y todo lo que necesitas saber de la pol\u00edtica mexicana e internacional; entretenimiento, espect\u00e1culos, salud y mucho m\u00e1s.\",\"potentialAction\":[{\"@type\":\"SearchAction\",\"target\":{\"@type\":\"EntryPoint\",\"urlTemplate\":\"https:\\\/\\\/www.bbmnoticias.com\\\/labravaradiofm\\\/?s={search_term_string}\"},\"query-input\":{\"@type\":\"PropertyValueSpecification\",\"valueRequired\":true,\"valueName\":\"search_term_string\"}}],\"inLanguage\":\"es\"},{\"@type\":\"Person\",\"@id\":\"https:\\\/\\\/www.bbmnoticias.com\\\/labravaradiofm\\\/#\\\/schema\\\/person\\\/9eb037257fc48a09cdf31d9a2f45619f\",\"name\":\"Staff\",\"image\":{\"@type\":\"ImageObject\",\"inLanguage\":\"es\",\"@id\":\"https:\\\/\\\/secure.gravatar.com\\\/avatar\\\/fdd21ad66fd8b98c407f9dee5b5e588cfe7f0d8579ec20fa6527cd59bab7f0f0?s=96&d=mm&r=g\",\"url\":\"https:\\\/\\\/secure.gravatar.com\\\/avatar\\\/fdd21ad66fd8b98c407f9dee5b5e588cfe7f0d8579ec20fa6527cd59bab7f0f0?s=96&d=mm&r=g\",\"contentUrl\":\"https:\\\/\\\/secure.gravatar.com\\\/avatar\\\/fdd21ad66fd8b98c407f9dee5b5e588cfe7f0d8579ec20fa6527cd59bab7f0f0?s=96&d=mm&r=g\",\"caption\":\"Staff\"},\"url\":\"https:\\\/\\\/www.bbmnoticias.com\\\/labravaradiofm\\\/author\\\/redaccion\\\/\"}]}<\/script>\n<!-- \/ Yoast SEO plugin. -->","yoast_head_json":{"title":"Fiscal\u00eda de Oaxaca localiza a mujer y a su hija reportadas como no localizadas - LA BRAVA RADIO","robots":{"index":"index","follow":"follow","max-snippet":"max-snippet:-1","max-image-preview":"max-image-preview:large","max-video-preview":"max-video-preview:-1"},"canonical":"https:\/\/www.bbmnoticias.com\/fiscalia-de-oaxaca-localiza-a-mujer-y-a-su-hija-reportadas-como-no-localizadas\/","og_locale":"es_MX","og_type":"article","og_title":"Fiscal\u00eda de Oaxaca localiza a mujer y a su hija reportadas como no localizadas - LA BRAVA RADIO","og_description":"Oaxaca de Ju\u00e1rez, Oax., 31 de agosto de 2026.- Derivado de una investigaci\u00f3n integral, especializada y multidisciplinaria, la Fiscal\u00eda General del Estado de Oaxaca (FGEO) localiz\u00f3 a una mujer identificada como I.O.D. y a su hija menor de edad, quienes hab\u00edan sido reportadas como no localizadas. Desde que recibi\u00f3 la denuncia, el 26 de agosto, [&hellip;]","og_url":"https:\/\/www.bbmnoticias.com\/fiscalia-de-oaxaca-localiza-a-mujer-y-a-su-hija-reportadas-como-no-localizadas\/","og_site_name":"LA BRAVA RADIO","article_published_time":"2026-09-01T01:40:25+00:00","article_modified_time":"2026-09-01T01:40:27+00:00","og_image":[{"width":800,"height":450,"url":"https:\/\/www.bbmnoticias.com\/labravaradiofm\/wp-content\/uploads\/sites\/5\/2026\/08\/persona_localizada.jpg","type":"image\/jpeg"}],"author":"Staff","twitter_card":"summary_large_image","twitter_misc":{"Escrito por":"Staff","Tiempo de lectura":"1 minuto"},"schema":{"@context":"https:\/\/schema.org","@graph":[{"@type":"Article","@id":"https:\/\/www.bbmnoticias.com\/fiscalia-de-oaxaca-localiza-a-mujer-y-a-su-hija-reportadas-como-no-localizadas\/#article","isPartOf":{"@id":"https:\/\/www.bbmnoticias.com\/labravaradiofm\/2026\/08\/31\/fiscalia-de-oaxaca-localiza-a-mujer-y-a-su-hija-reportadas-como-no-localizadas\/"},"author":{"name":"Staff","@id":"https:\/\/www.bbmnoticias.com\/labravaradiofm\/#\/schema\/person\/9eb037257fc48a09cdf31d9a2f45619f"},"headline":"Fiscal\u00eda de Oaxaca localiza a mujer y a su hija reportadas como no localizadas","datePublished":"2026-09-01T01:40:25+00:00","dateModified":"2026-09-01T01:40:27+00:00","mainEntityOfPage":{"@id":"https:\/\/www.bbmnoticias.com\/labravaradiofm\/2026\/08\/31\/fiscalia-de-oaxaca-localiza-a-mujer-y-a-su-hija-reportadas-como-no-localizadas\/"},"wordCount":252,"image":{"@id":"https:\/\/www.bbmnoticias.com\/fiscalia-de-oaxaca-localiza-a-mujer-y-a-su-hija-reportadas-como-no-localizadas\/#primaryimage"},"thumbnailUrl":"https:\/\/www.bbmnoticias.com\/labravaradiofm\/wp-content\/uploads\/sites\/5\/2026\/08\/persona_localizada.jpg","articleSection":["LOCAL","POLICIACA"],"inLanguage":"es"},{"@type":"WebPage","@id":"https:\/\/www.bbmnoticias.com\/labravaradiofm\/2026\/08\/31\/fiscalia-de-oaxaca-localiza-a-mujer-y-a-su-hija-reportadas-como-no-localizadas\/","url":"https:\/\/www.bbmnoticias.com\/fiscalia-de-oaxaca-localiza-a-mujer-y-a-su-hija-reportadas-como-no-localizadas\/","name":"Fiscal\u00eda de Oaxaca localiza a mujer y a su hija reportadas como no localizadas - LA BRAVA RADIO","isPartOf":{"@id":"https:\/\/www.bbmnoticias.com\/labravaradiofm\/#website"},"primaryImageOfPage":{"@id":"https:\/\/www.bbmnoticias.com\/fiscalia-de-oaxaca-localiza-a-mujer-y-a-su-hija-reportadas-como-no-localizadas\/#primaryimage"},"image":{"@id":"https:\/\/www.bbmnoticias.com\/fiscalia-de-oaxaca-localiza-a-mujer-y-a-su-hija-reportadas-como-no-localizadas\/#primaryimage"},"thumbnailUrl":"https:\/\/www.bbmnoticias.com\/labravaradiofm\/wp-content\/uploads\/sites\/5\/2026\/08\/persona_localizada.jpg","datePublished":"2026-09-01T01:40:25+00:00","dateModified":"2026-09-01T01:40:27+00:00","author":{"@id":"https:\/\/www.bbmnoticias.com\/labravaradiofm\/#\/schema\/person\/9eb037257fc48a09cdf31d9a2f45619f"},"breadcrumb":{"@id":"https:\/\/www.bbmnoticias.com\/fiscalia-de-oaxaca-localiza-a-mujer-y-a-su-hija-reportadas-como-no-localizadas\/#breadcrumb"},"inLanguage":"es","potentialAction":[{"@type":"ReadAction","target":["https:\/\/www.bbmnoticias.com\/fiscalia-de-oaxaca-localiza-a-mujer-y-a-su-hija-reportadas-como-no-localizadas\/"]}]},{"@type":"ImageObject","inLanguage":"es","@id":"https:\/\/www.bbmnoticias.com\/fiscalia-de-oaxaca-localiza-a-mujer-y-a-su-hija-reportadas-como-no-localizadas\/#primaryimage","url":"https:\/\/www.bbmnoticias.com\/labravaradiofm\/wp-content\/uploads\/sites\/5\/2026\/08\/persona_localizada.jpg","contentUrl":"https:\/\/www.bbmnoticias.com\/labravaradiofm\/wp-content\/uploads\/sites\/5\/2026\/08\/persona_localizada.jpg","width":800,"height":450},{"@type":"BreadcrumbList","@id":"https:\/\/www.bbmnoticias.com\/fiscalia-de-oaxaca-localiza-a-mujer-y-a-su-hija-reportadas-como-no-localizadas\/#breadcrumb","itemListElement":[{"@type":"ListItem","position":1,"name":"Inicio","item":"https:\/\/www.bbmnoticias.com\/labravaradiofm\/"},{"@type":"ListItem","position":2,"name":"Fiscal\u00eda de Oaxaca localiza a mujer y a su hija reportadas como no localizadas"}]},{"@type":"WebSite","@id":"https:\/\/www.bbmnoticias.com\/labravaradiofm\/#website","url":"https:\/\/www.bbmnoticias.com\/labravaradiofm\/","name":"LA BRAVA RADIO","description":"Empresa productora de medios, Radiodifusi\u00f3n, Noticias, tendencias y todo lo que necesitas saber de la pol\u00edtica mexicana e internacional; entretenimiento, espect\u00e1culos, salud y mucho m\u00e1s.","potentialAction":[{"@type":"SearchAction","target":{"@type":"EntryPoint","urlTemplate":"https:\/\/www.bbmnoticias.com\/labravaradiofm\/?s={search_term_string}"},"query-input":{"@type":"PropertyValueSpecification","valueRequired":true,"valueName":"search_term_string"}}],"inLanguage":"es"},{"@type":"Person","@id":"https:\/\/www.bbmnoticias.com\/labravaradiofm\/#\/schema\/person\/9eb037257fc48a09cdf31d9a2f45619f","name":"Staff","image":{"@type":"ImageObject","inLanguage":"es","@id":"https:\/\/secure.gravatar.com\/avatar\/fdd21ad66fd8b98c407f9dee5b5e588cfe7f0d8579ec20fa6527cd59bab7f0f0?s=96&d=mm&r=g","url":"https:\/\/secure.gravatar.com\/avatar\/fdd21ad66fd8b98c407f9dee5b5e588cfe7f0d8579ec20fa6527cd59bab7f0f0?s=96&d=mm&r=g","contentUrl":"https:\/\/secure.gravatar.com\/avatar\/fdd21ad66fd8b98c407f9dee5b5e588cfe7f0d8579ec20fa6527cd59bab7f0f0?s=96&d=mm&r=g","caption":"Staff"},"url":"https:\/\/www.bbmnoticias.com\/labravaradiofm\/author\/redaccion\/"}]}},"_links":{"self":[{"href":"https:\/\/www.bbmnoticias.com\/labravaradiofm\/wp-json\/wp\/v2\/posts\/81301","targetHints":{"allow":["GET"]}}],"collection":[{"href":"https:\/\/www.bbmnoticias.com\/labravaradiofm\/wp-json\/wp\/v2\/posts"}],"about":[{"href":"https:\/\/www.bbmnoticias.com\/labravaradiofm\/wp-json\/wp\/v2\/types\/post"}],"author":[{"embeddable":true,"href":"https:\/\/www.bbmnoticias.com\/labravaradiofm\/wp-json\/wp\/v2\/users\/2"}],"replies":[{"embeddable":true,"href":"https:\/\/www.bbmnoticias.com\/labravaradiofm\/wp-json\/wp\/v2\/comments?post=81301"}],"version-history":[{"count":1,"href":"https:\/\/www.bbmnoticias.com\/labravaradiofm\/wp-json\/wp\/v2\/posts\/81301\/revisions"}],"predecessor-version":[{"id":81302,"href":"https:\/\/www.bbmnoticias.com\/labravaradiofm\/wp-json\/wp\/v2\/posts\/81301\/revisions\/81302"}],"wp:featuredmedia":[{"embeddable":true,"href":"https:\/\/www.bbmnoticias.com\/labravaradiofm\/wp-json\/wp\/v2\/media\/81303"}],"wp:attachment":[{"href":"https:\/\/www.bbmnoticias.com\/labravaradiofm\/wp-json\/wp\/v2\/media?parent=81301"}],"wp:term":[{"taxonomy":"category","embeddable":true,"href":"https:\/\/www.bbmnoticias.com\/labravaradiofm\/wp-json\/wp\/v2\/categories?post=81301"},{"taxonomy":"post_tag","embeddable":true,"href":"https:\/\/www.bbmnoticias.com\/labravaradiofm\/wp-json\/wp\/v2\/tags?post=81301"}],"curies":[{"name":"wp","href":"https:\/\/api.w.org\/{rel}","templated":true}]}}