{"id":81295,"date":"2026-08-31T15:43:53","date_gmt":"2026-08-31T21:43:53","guid":{"rendered":"https:\/\/www.bbmnoticias.com\/labravaradiofm\/2026\/08\/31\/asi-es-el-nuevo-vagon-de-dos-pisos-del-tren-interoceanico\/"},"modified":"2026-08-31T15:43:56","modified_gmt":"2026-08-31T21:43:56","slug":"asi-es-el-nuevo-vagon-de-dos-pisos-del-tren-interoceanico","status":"publish","type":"post","link":"https:\/\/www.bbmnoticias.com\/labravaradiofm\/2026\/08\/31\/asi-es-el-nuevo-vagon-de-dos-pisos-del-tren-interoceanico\/","title":{"rendered":"As\u00ed es el nuevo vag\u00f3n de dos pisos del Tren Interoce\u00e1nico"},"content":{"rendered":"\n<p class=\"wp-block-paragraph\"><strong>Un coche Bombardier Coaster lleg\u00f3 a Coatzacoalcos<\/strong> para ser incorporado al servicio del Ferrocarril Interoce\u00e1nico, espec\u00edficamente en la L\u00ednea Z, como <strong>parte del equipamiento destinado al transporte ferroviario<\/strong> de pasajeros en el sur de Veracruz.<\/p>\n\n\n\n<p class=\"wp-block-paragraph\">El vag\u00f3n, conocido formalmente como Bombardier BiLevel Coach, es un veh\u00edculo ferroviario de dos pisos dise\u00f1ado para movilizar una gran cantidad de pasajeros, por lo que<strong> su incorporaci\u00f3n representa una alternativa<\/strong> para incrementar la capacidad del servicio que conecta distintos puntos del Corredor Interoce\u00e1nico.<\/p>\n\n\n\n<p class=\"wp-block-paragraph\">Los coches de este tipo <strong>est\u00e1n dise\u00f1ados para trenes de cercan\u00edas <\/strong>y destacan por aprovechar al m\u00e1ximo el espacio disponible.<\/p>\n\n\n\n<h2 class=\"wp-block-heading\">\u00bfC\u00f3mo es el coche Bombardier Coaster?<\/h2>\n\n\n\n<p class=\"wp-block-paragraph\">Su configuraci\u00f3n de dos niveles <strong>permite transportar a un mayor n\u00famero de usuarios<\/strong> sin incrementar de manera proporcional la longitud del convoy.<\/p>\n\n\n\n<p class=\"wp-block-paragraph\">Una de sus caracter\u00edsticas m\u00e1s distintivas <strong>es su estructura exterior de perfil octogonal,<\/strong> con una forma que asemeja a un rombo.<\/p>\n\n\n\n<p class=\"wp-block-paragraph\">Este dise\u00f1o no solo le proporciona una apariencia particular, sino que <strong>tambi\u00e9n permite ampliar el espacio interior<\/strong> para ofrecer mayor capacidad a los pasajeros.<\/p>\n\n\n\n<p class=\"wp-block-paragraph\">La llegada del Bombardier Coaster a Coatzacoalcos <strong>despierta inter\u00e9s entre usuarios y habitantes de la regi\u00f3n<\/strong>, particularmente ante el crecimiento de la operaci\u00f3n ferroviaria de pasajeros vinculada con el Ferrocarril Interoce\u00e1nico y la L\u00ednea Z.<\/p>\n\n\n\n<p class=\"wp-block-paragraph\">El nombre \u201cCoaster\u201d est\u00e1 relacionado con el servicio ferroviario de cercan\u00edas COASTER, que opera en el condado de San Diego, California, y que <strong>hist\u00f3ricamente ha utilizado equipos fabricados por Bombardier.<\/strong><\/p>\n\n\n\n<p class=\"wp-block-paragraph\">Los BiLevel Coach fueron <strong>desarrollados precisamente para atender las necesidades de sistemas<\/strong> ferroviarios con alta demanda de pasajeros.<\/p>\n\n\n\n<p class=\"wp-block-paragraph\">Ahora, el coche deber\u00e1 ser entregado al servicio del Ferrocarril Interoce\u00e1nico, donde se espera que forme parte de las unidades destinadas a fortalecer la movilidad ferroviaria de pasajeros en la regi\u00f3n.<\/p>\n\n\n\n<p class=\"wp-block-paragraph\">Su presencia en Coatzacoalcos marca as\u00ed la llegada de nuevo material rodante para una infraestructura que busca recuperar al tren como una opci\u00f3n de transporte para la poblaci\u00f3n.<\/p>\n\n\n\n<p class=\"wp-block-paragraph\">Con informaci\u00f3n de Diario del Istmo<\/p>\n","protected":false},"excerpt":{"rendered":"<p>Un coche Bombardier Coaster lleg\u00f3 a Coatzacoalcos para ser incorporado al servicio del Ferrocarril Interoce\u00e1nico, espec\u00edficamente en la L\u00ednea Z, como parte del equipamiento destinado al transporte ferroviario de pasajeros en el sur de Veracruz. El vag\u00f3n, conocido formalmente como Bombardier BiLevel Coach, es un veh\u00edculo ferroviario de dos pisos dise\u00f1ado para movilizar una gran [&hellip;]<\/p>\n","protected":false},"author":4,"featured_media":81297,"comment_status":"closed","ping_status":"open","sticky":false,"template":"","format":"standard","meta":{"footnotes":""},"categories":[2],"tags":[],"class_list":["post-81295","post","type-post","status-publish","format-standard","has-post-thumbnail","hentry","category-oaxaca"],"yoast_head":"<!-- This site is optimized with the Yoast SEO plugin v28.1 - https:\/\/yoast.com\/product\/yoast-seo-wordpress\/ -->\n<title>As\u00ed es el nuevo vag\u00f3n de dos pisos del Tren Interoce\u00e1nico - LA BRAVA RADIO<\/title>\n<meta name=\"robots\" content=\"index, follow, max-snippet:-1, max-image-preview:large, max-video-preview:-1\" \/>\n<link rel=\"canonical\" href=\"https:\/\/www.bbmnoticias.com\/asi-es-el-nuevo-vagon-de-dos-pisos-del-tren-interoceanico\/\" \/>\n<meta property=\"og:locale\" content=\"es_MX\" \/>\n<meta property=\"og:type\" content=\"article\" \/>\n<meta property=\"og:title\" content=\"As\u00ed es el nuevo vag\u00f3n de dos pisos del Tren Interoce\u00e1nico - LA BRAVA RADIO\" \/>\n<meta property=\"og:description\" content=\"Un coche Bombardier Coaster lleg\u00f3 a Coatzacoalcos para ser incorporado al servicio del Ferrocarril Interoce\u00e1nico, espec\u00edficamente en la L\u00ednea Z, como parte del equipamiento destinado al transporte ferroviario de pasajeros en el sur de Veracruz. El vag\u00f3n, conocido formalmente como Bombardier BiLevel Coach, es un veh\u00edculo ferroviario de dos pisos dise\u00f1ado para movilizar una gran [&hellip;]\" \/>\n<meta property=\"og:url\" content=\"https:\/\/www.bbmnoticias.com\/asi-es-el-nuevo-vagon-de-dos-pisos-del-tren-interoceanico\/\" \/>\n<meta property=\"og:site_name\" content=\"LA BRAVA RADIO\" \/>\n<meta property=\"article:published_time\" content=\"2026-08-31T21:43:53+00:00\" \/>\n<meta property=\"article:modified_time\" content=\"2026-08-31T21:43:56+00:00\" \/>\n<meta property=\"og:image\" content=\"https:\/\/www.bbmnoticias.com\/labravaradiofm\/wp-content\/uploads\/sites\/5\/2026\/08\/vagon_dos_pisos.jpg\" \/>\n\t<meta property=\"og:image:width\" content=\"860\" \/>\n\t<meta property=\"og:image:height\" content=\"448\" \/>\n\t<meta property=\"og:image:type\" content=\"image\/jpeg\" \/>\n<meta name=\"author\" content=\"Agencias\" \/>\n<meta name=\"twitter:card\" content=\"summary_large_image\" \/>\n<meta name=\"twitter:label1\" content=\"Escrito por\" \/>\n\t<meta name=\"twitter:data1\" content=\"Agencias\" \/>\n\t<meta name=\"twitter:label2\" content=\"Tiempo de lectura\" \/>\n\t<meta name=\"twitter:data2\" content=\"2 minutos\" \/>\n<script type=\"application\/ld+json\" class=\"yoast-schema-graph\">{\"@context\":\"https:\\\/\\\/schema.org\",\"@graph\":[{\"@type\":\"Article\",\"@id\":\"https:\\\/\\\/www.bbmnoticias.com\\\/asi-es-el-nuevo-vagon-de-dos-pisos-del-tren-interoceanico\\\/#article\",\"isPartOf\":{\"@id\":\"https:\\\/\\\/www.bbmnoticias.com\\\/labravaradiofm\\\/2026\\\/08\\\/31\\\/asi-es-el-nuevo-vagon-de-dos-pisos-del-tren-interoceanico\\\/\"},\"author\":{\"name\":\"Agencias\",\"@id\":\"https:\\\/\\\/www.bbmnoticias.com\\\/labravaradiofm\\\/#\\\/schema\\\/person\\\/9fbc5ce7940cac56d0ea1e2b03b6d30c\"},\"headline\":\"As\u00ed es el nuevo vag\u00f3n de dos pisos del Tren Interoce\u00e1nico\",\"datePublished\":\"2026-08-31T21:43:53+00:00\",\"dateModified\":\"2026-08-31T21:43:56+00:00\",\"mainEntityOfPage\":{\"@id\":\"https:\\\/\\\/www.bbmnoticias.com\\\/labravaradiofm\\\/2026\\\/08\\\/31\\\/asi-es-el-nuevo-vagon-de-dos-pisos-del-tren-interoceanico\\\/\"},\"wordCount\":364,\"image\":{\"@id\":\"https:\\\/\\\/www.bbmnoticias.com\\\/asi-es-el-nuevo-vagon-de-dos-pisos-del-tren-interoceanico\\\/#primaryimage\"},\"thumbnailUrl\":\"https:\\\/\\\/www.bbmnoticias.com\\\/labravaradiofm\\\/wp-content\\\/uploads\\\/sites\\\/5\\\/2026\\\/08\\\/vagon_dos_pisos.jpg\",\"articleSection\":[\"LOCAL\"],\"inLanguage\":\"es\"},{\"@type\":\"WebPage\",\"@id\":\"https:\\\/\\\/www.bbmnoticias.com\\\/labravaradiofm\\\/2026\\\/08\\\/31\\\/asi-es-el-nuevo-vagon-de-dos-pisos-del-tren-interoceanico\\\/\",\"url\":\"https:\\\/\\\/www.bbmnoticias.com\\\/asi-es-el-nuevo-vagon-de-dos-pisos-del-tren-interoceanico\\\/\",\"name\":\"As\u00ed es el nuevo vag\u00f3n de dos pisos del Tren Interoce\u00e1nico - LA BRAVA RADIO\",\"isPartOf\":{\"@id\":\"https:\\\/\\\/www.bbmnoticias.com\\\/labravaradiofm\\\/#website\"},\"primaryImageOfPage\":{\"@id\":\"https:\\\/\\\/www.bbmnoticias.com\\\/asi-es-el-nuevo-vagon-de-dos-pisos-del-tren-interoceanico\\\/#primaryimage\"},\"image\":{\"@id\":\"https:\\\/\\\/www.bbmnoticias.com\\\/asi-es-el-nuevo-vagon-de-dos-pisos-del-tren-interoceanico\\\/#primaryimage\"},\"thumbnailUrl\":\"https:\\\/\\\/www.bbmnoticias.com\\\/labravaradiofm\\\/wp-content\\\/uploads\\\/sites\\\/5\\\/2026\\\/08\\\/vagon_dos_pisos.jpg\",\"datePublished\":\"2026-08-31T21:43:53+00:00\",\"dateModified\":\"2026-08-31T21:43:56+00:00\",\"author\":{\"@id\":\"https:\\\/\\\/www.bbmnoticias.com\\\/labravaradiofm\\\/#\\\/schema\\\/person\\\/9fbc5ce7940cac56d0ea1e2b03b6d30c\"},\"breadcrumb\":{\"@id\":\"https:\\\/\\\/www.bbmnoticias.com\\\/asi-es-el-nuevo-vagon-de-dos-pisos-del-tren-interoceanico\\\/#breadcrumb\"},\"inLanguage\":\"es\",\"potentialAction\":[{\"@type\":\"ReadAction\",\"target\":[\"https:\\\/\\\/www.bbmnoticias.com\\\/asi-es-el-nuevo-vagon-de-dos-pisos-del-tren-interoceanico\\\/\"]}]},{\"@type\":\"ImageObject\",\"inLanguage\":\"es\",\"@id\":\"https:\\\/\\\/www.bbmnoticias.com\\\/asi-es-el-nuevo-vagon-de-dos-pisos-del-tren-interoceanico\\\/#primaryimage\",\"url\":\"https:\\\/\\\/www.bbmnoticias.com\\\/labravaradiofm\\\/wp-content\\\/uploads\\\/sites\\\/5\\\/2026\\\/08\\\/vagon_dos_pisos.jpg\",\"contentUrl\":\"https:\\\/\\\/www.bbmnoticias.com\\\/labravaradiofm\\\/wp-content\\\/uploads\\\/sites\\\/5\\\/2026\\\/08\\\/vagon_dos_pisos.jpg\",\"width\":860,\"height\":448},{\"@type\":\"BreadcrumbList\",\"@id\":\"https:\\\/\\\/www.bbmnoticias.com\\\/asi-es-el-nuevo-vagon-de-dos-pisos-del-tren-interoceanico\\\/#breadcrumb\",\"itemListElement\":[{\"@type\":\"ListItem\",\"position\":1,\"name\":\"Inicio\",\"item\":\"https:\\\/\\\/www.bbmnoticias.com\\\/labravaradiofm\\\/\"},{\"@type\":\"ListItem\",\"position\":2,\"name\":\"As\u00ed es el nuevo vag\u00f3n de dos pisos del Tren Interoce\u00e1nico\"}]},{\"@type\":\"WebSite\",\"@id\":\"https:\\\/\\\/www.bbmnoticias.com\\\/labravaradiofm\\\/#website\",\"url\":\"https:\\\/\\\/www.bbmnoticias.com\\\/labravaradiofm\\\/\",\"name\":\"LA BRAVA RADIO\",\"description\":\"Empresa productora de medios, Radiodifusi\u00f3n, Noticias, tendencias y todo lo que necesitas saber de la pol\u00edtica mexicana e internacional; entretenimiento, espect\u00e1culos, salud y mucho m\u00e1s.\",\"potentialAction\":[{\"@type\":\"SearchAction\",\"target\":{\"@type\":\"EntryPoint\",\"urlTemplate\":\"https:\\\/\\\/www.bbmnoticias.com\\\/labravaradiofm\\\/?s={search_term_string}\"},\"query-input\":{\"@type\":\"PropertyValueSpecification\",\"valueRequired\":true,\"valueName\":\"search_term_string\"}}],\"inLanguage\":\"es\"},{\"@type\":\"Person\",\"@id\":\"https:\\\/\\\/www.bbmnoticias.com\\\/labravaradiofm\\\/#\\\/schema\\\/person\\\/9fbc5ce7940cac56d0ea1e2b03b6d30c\",\"name\":\"Agencias\",\"image\":{\"@type\":\"ImageObject\",\"inLanguage\":\"es\",\"@id\":\"https:\\\/\\\/secure.gravatar.com\\\/avatar\\\/739e0b61adf9e398b425c36718c8752286da0e8cd90f20ce9a86678abc26aa0d?s=96&d=mm&r=g\",\"url\":\"https:\\\/\\\/secure.gravatar.com\\\/avatar\\\/739e0b61adf9e398b425c36718c8752286da0e8cd90f20ce9a86678abc26aa0d?s=96&d=mm&r=g\",\"contentUrl\":\"https:\\\/\\\/secure.gravatar.com\\\/avatar\\\/739e0b61adf9e398b425c36718c8752286da0e8cd90f20ce9a86678abc26aa0d?s=96&d=mm&r=g\",\"caption\":\"Agencias\"},\"url\":\"https:\\\/\\\/www.bbmnoticias.com\\\/labravaradiofm\\\/author\\\/agencias\\\/\"}]}<\/script>\n<!-- \/ Yoast SEO plugin. -->","yoast_head_json":{"title":"As\u00ed es el nuevo vag\u00f3n de dos pisos del Tren Interoce\u00e1nico - LA BRAVA RADIO","robots":{"index":"index","follow":"follow","max-snippet":"max-snippet:-1","max-image-preview":"max-image-preview:large","max-video-preview":"max-video-preview:-1"},"canonical":"https:\/\/www.bbmnoticias.com\/asi-es-el-nuevo-vagon-de-dos-pisos-del-tren-interoceanico\/","og_locale":"es_MX","og_type":"article","og_title":"As\u00ed es el nuevo vag\u00f3n de dos pisos del Tren Interoce\u00e1nico - LA BRAVA RADIO","og_description":"Un coche Bombardier Coaster lleg\u00f3 a Coatzacoalcos para ser incorporado al servicio del Ferrocarril Interoce\u00e1nico, espec\u00edficamente en la L\u00ednea Z, como parte del equipamiento destinado al transporte ferroviario de pasajeros en el sur de Veracruz. El vag\u00f3n, conocido formalmente como Bombardier BiLevel Coach, es un veh\u00edculo ferroviario de dos pisos dise\u00f1ado para movilizar una gran [&hellip;]","og_url":"https:\/\/www.bbmnoticias.com\/asi-es-el-nuevo-vagon-de-dos-pisos-del-tren-interoceanico\/","og_site_name":"LA BRAVA RADIO","article_published_time":"2026-08-31T21:43:53+00:00","article_modified_time":"2026-08-31T21:43:56+00:00","og_image":[{"width":860,"height":448,"url":"https:\/\/www.bbmnoticias.com\/labravaradiofm\/wp-content\/uploads\/sites\/5\/2026\/08\/vagon_dos_pisos.jpg","type":"image\/jpeg"}],"author":"Agencias","twitter_card":"summary_large_image","twitter_misc":{"Escrito por":"Agencias","Tiempo de lectura":"2 minutos"},"schema":{"@context":"https:\/\/schema.org","@graph":[{"@type":"Article","@id":"https:\/\/www.bbmnoticias.com\/asi-es-el-nuevo-vagon-de-dos-pisos-del-tren-interoceanico\/#article","isPartOf":{"@id":"https:\/\/www.bbmnoticias.com\/labravaradiofm\/2026\/08\/31\/asi-es-el-nuevo-vagon-de-dos-pisos-del-tren-interoceanico\/"},"author":{"name":"Agencias","@id":"https:\/\/www.bbmnoticias.com\/labravaradiofm\/#\/schema\/person\/9fbc5ce7940cac56d0ea1e2b03b6d30c"},"headline":"As\u00ed es el nuevo vag\u00f3n de dos pisos del Tren Interoce\u00e1nico","datePublished":"2026-08-31T21:43:53+00:00","dateModified":"2026-08-31T21:43:56+00:00","mainEntityOfPage":{"@id":"https:\/\/www.bbmnoticias.com\/labravaradiofm\/2026\/08\/31\/asi-es-el-nuevo-vagon-de-dos-pisos-del-tren-interoceanico\/"},"wordCount":364,"image":{"@id":"https:\/\/www.bbmnoticias.com\/asi-es-el-nuevo-vagon-de-dos-pisos-del-tren-interoceanico\/#primaryimage"},"thumbnailUrl":"https:\/\/www.bbmnoticias.com\/labravaradiofm\/wp-content\/uploads\/sites\/5\/2026\/08\/vagon_dos_pisos.jpg","articleSection":["LOCAL"],"inLanguage":"es"},{"@type":"WebPage","@id":"https:\/\/www.bbmnoticias.com\/labravaradiofm\/2026\/08\/31\/asi-es-el-nuevo-vagon-de-dos-pisos-del-tren-interoceanico\/","url":"https:\/\/www.bbmnoticias.com\/asi-es-el-nuevo-vagon-de-dos-pisos-del-tren-interoceanico\/","name":"As\u00ed es el nuevo vag\u00f3n de dos pisos del Tren Interoce\u00e1nico - LA BRAVA RADIO","isPartOf":{"@id":"https:\/\/www.bbmnoticias.com\/labravaradiofm\/#website"},"primaryImageOfPage":{"@id":"https:\/\/www.bbmnoticias.com\/asi-es-el-nuevo-vagon-de-dos-pisos-del-tren-interoceanico\/#primaryimage"},"image":{"@id":"https:\/\/www.bbmnoticias.com\/asi-es-el-nuevo-vagon-de-dos-pisos-del-tren-interoceanico\/#primaryimage"},"thumbnailUrl":"https:\/\/www.bbmnoticias.com\/labravaradiofm\/wp-content\/uploads\/sites\/5\/2026\/08\/vagon_dos_pisos.jpg","datePublished":"2026-08-31T21:43:53+00:00","dateModified":"2026-08-31T21:43:56+00:00","author":{"@id":"https:\/\/www.bbmnoticias.com\/labravaradiofm\/#\/schema\/person\/9fbc5ce7940cac56d0ea1e2b03b6d30c"},"breadcrumb":{"@id":"https:\/\/www.bbmnoticias.com\/asi-es-el-nuevo-vagon-de-dos-pisos-del-tren-interoceanico\/#breadcrumb"},"inLanguage":"es","potentialAction":[{"@type":"ReadAction","target":["https:\/\/www.bbmnoticias.com\/asi-es-el-nuevo-vagon-de-dos-pisos-del-tren-interoceanico\/"]}]},{"@type":"ImageObject","inLanguage":"es","@id":"https:\/\/www.bbmnoticias.com\/asi-es-el-nuevo-vagon-de-dos-pisos-del-tren-interoceanico\/#primaryimage","url":"https:\/\/www.bbmnoticias.com\/labravaradiofm\/wp-content\/uploads\/sites\/5\/2026\/08\/vagon_dos_pisos.jpg","contentUrl":"https:\/\/www.bbmnoticias.com\/labravaradiofm\/wp-content\/uploads\/sites\/5\/2026\/08\/vagon_dos_pisos.jpg","width":860,"height":448},{"@type":"BreadcrumbList","@id":"https:\/\/www.bbmnoticias.com\/asi-es-el-nuevo-vagon-de-dos-pisos-del-tren-interoceanico\/#breadcrumb","itemListElement":[{"@type":"ListItem","position":1,"name":"Inicio","item":"https:\/\/www.bbmnoticias.com\/labravaradiofm\/"},{"@type":"ListItem","position":2,"name":"As\u00ed es el nuevo vag\u00f3n de dos pisos del Tren Interoce\u00e1nico"}]},{"@type":"WebSite","@id":"https:\/\/www.bbmnoticias.com\/labravaradiofm\/#website","url":"https:\/\/www.bbmnoticias.com\/labravaradiofm\/","name":"LA BRAVA RADIO","description":"Empresa productora de medios, Radiodifusi\u00f3n, Noticias, tendencias y todo lo que necesitas saber de la pol\u00edtica mexicana e internacional; entretenimiento, espect\u00e1culos, salud y mucho m\u00e1s.","potentialAction":[{"@type":"SearchAction","target":{"@type":"EntryPoint","urlTemplate":"https:\/\/www.bbmnoticias.com\/labravaradiofm\/?s={search_term_string}"},"query-input":{"@type":"PropertyValueSpecification","valueRequired":true,"valueName":"search_term_string"}}],"inLanguage":"es"},{"@type":"Person","@id":"https:\/\/www.bbmnoticias.com\/labravaradiofm\/#\/schema\/person\/9fbc5ce7940cac56d0ea1e2b03b6d30c","name":"Agencias","image":{"@type":"ImageObject","inLanguage":"es","@id":"https:\/\/secure.gravatar.com\/avatar\/739e0b61adf9e398b425c36718c8752286da0e8cd90f20ce9a86678abc26aa0d?s=96&d=mm&r=g","url":"https:\/\/secure.gravatar.com\/avatar\/739e0b61adf9e398b425c36718c8752286da0e8cd90f20ce9a86678abc26aa0d?s=96&d=mm&r=g","contentUrl":"https:\/\/secure.gravatar.com\/avatar\/739e0b61adf9e398b425c36718c8752286da0e8cd90f20ce9a86678abc26aa0d?s=96&d=mm&r=g","caption":"Agencias"},"url":"https:\/\/www.bbmnoticias.com\/labravaradiofm\/author\/agencias\/"}]}},"_links":{"self":[{"href":"https:\/\/www.bbmnoticias.com\/labravaradiofm\/wp-json\/wp\/v2\/posts\/81295","targetHints":{"allow":["GET"]}}],"collection":[{"href":"https:\/\/www.bbmnoticias.com\/labravaradiofm\/wp-json\/wp\/v2\/posts"}],"about":[{"href":"https:\/\/www.bbmnoticias.com\/labravaradiofm\/wp-json\/wp\/v2\/types\/post"}],"author":[{"embeddable":true,"href":"https:\/\/www.bbmnoticias.com\/labravaradiofm\/wp-json\/wp\/v2\/users\/4"}],"replies":[{"embeddable":true,"href":"https:\/\/www.bbmnoticias.com\/labravaradiofm\/wp-json\/wp\/v2\/comments?post=81295"}],"version-history":[{"count":1,"href":"https:\/\/www.bbmnoticias.com\/labravaradiofm\/wp-json\/wp\/v2\/posts\/81295\/revisions"}],"predecessor-version":[{"id":81296,"href":"https:\/\/www.bbmnoticias.com\/labravaradiofm\/wp-json\/wp\/v2\/posts\/81295\/revisions\/81296"}],"wp:featuredmedia":[{"embeddable":true,"href":"https:\/\/www.bbmnoticias.com\/labravaradiofm\/wp-json\/wp\/v2\/media\/81297"}],"wp:attachment":[{"href":"https:\/\/www.bbmnoticias.com\/labravaradiofm\/wp-json\/wp\/v2\/media?parent=81295"}],"wp:term":[{"taxonomy":"category","embeddable":true,"href":"https:\/\/www.bbmnoticias.com\/labravaradiofm\/wp-json\/wp\/v2\/categories?post=81295"},{"taxonomy":"post_tag","embeddable":true,"href":"https:\/\/www.bbmnoticias.com\/labravaradiofm\/wp-json\/wp\/v2\/tags?post=81295"}],"curies":[{"name":"wp","href":"https:\/\/api.w.org\/{rel}","templated":true}]}}