{"id":81289,"date":"2026-08-31T15:14:33","date_gmt":"2026-08-31T21:14:33","guid":{"rendered":"https:\/\/www.bbmnoticias.com\/labravaradiofm\/2026\/08\/31\/abaten-a-el-wicho-jefe-de-una-faccion-de-carteles-unidos-durante-operativo-en-michoacan\/"},"modified":"2026-08-31T15:14:36","modified_gmt":"2026-08-31T21:14:36","slug":"abaten-a-el-wicho-jefe-de-una-faccion-de-carteles-unidos-durante-operativo-en-michoacan","status":"publish","type":"post","link":"https:\/\/www.bbmnoticias.com\/labravaradiofm\/2026\/08\/31\/abaten-a-el-wicho-jefe-de-una-faccion-de-carteles-unidos-durante-operativo-en-michoacan\/","title":{"rendered":"Abaten a \u2018El Wicho\u2019, jefe de una facci\u00f3n de C\u00e1rteles Unidos, durante operativo en Michoac\u00e1n"},"content":{"rendered":"\n<p class=\"wp-block-paragraph\"><strong>Luis Enrique Barrag\u00e1n Ch\u00e1vez, alias \u2018R5\u2019, era se\u00f1alado por Estados Unidos como responsable de operaciones de narcotr\u00e1fico y extorsi\u00f3n a productores de aguacate<\/strong><\/p>\n\n\n\n<p class=\"wp-block-paragraph\"><strong>Michoac\u00e1n, 31 de agosto de 2026.-<\/strong> Luis Enrique Barrag\u00e1n Ch\u00e1vez, alias <strong>\u2018R5\u2019 o \u2018El Wicho\u2019<\/strong>, identificado como uno de los l\u00edderes de una facci\u00f3n de <strong>C\u00e1rteles Unidos<\/strong>, habr\u00eda sido abatido este lunes durante un operativo de fuerzas federales en el municipio de <strong>Los Reyes, Michoac\u00e1n<\/strong>.<\/p>\n\n\n\n<p class=\"wp-block-paragraph\">El gobernador de Michoac\u00e1n, Alfredo Ram\u00edrez Bedolla, confirm\u00f3 que se registr\u00f3 un enfrentamiento en la zona y se\u00f1al\u00f3 que las autoridades se encontraban a la espera de la confirmaci\u00f3n oficial sobre la identidad de la persona abatida.<\/p>\n\n\n\n<p class=\"wp-block-paragraph\">\u201cHay todo un despliegue para combatir y erradicar la extorsi\u00f3n en esta zona en Los Reyes, en la regi\u00f3n occidente frontera con Jalisco\u201d, declar\u00f3 el mandatario durante una rueda de prensa.<\/p>\n\n\n\n<h2 class=\"wp-block-heading\">\u00bfQui\u00e9n era \u2018El Wicho\u2019?<\/h2>\n\n\n\n<p class=\"wp-block-paragraph\">Luis Enrique Barrag\u00e1n Ch\u00e1vez hab\u00eda sido identificado por autoridades estadounidenses como uno de los principales integrantes de una estructura de <strong>C\u00e1rteles Unidos<\/strong>, organizaci\u00f3n con presencia en Michoac\u00e1n.<\/p>\n\n\n\n<p class=\"wp-block-paragraph\">En <strong>agosto de 2025<\/strong>, el Departamento del Tesoro de Estados Unidos sancion\u00f3 a Barrag\u00e1n Ch\u00e1vez por su presunta participaci\u00f3n en actividades de extorsi\u00f3n contra productores de aguacate en Michoac\u00e1n en beneficio de C\u00e1rteles Unidos.<\/p>\n\n\n\n<p class=\"wp-block-paragraph\">El Gobierno estadounidense tambi\u00e9n lleg\u00f3 a ofrecer una <strong>recompensa de 3 millones de d\u00f3lares<\/strong> por informaci\u00f3n que permitiera su captura.<\/p>\n\n\n\n<p class=\"wp-block-paragraph\">Barrag\u00e1n Ch\u00e1vez era se\u00f1alado como jefe del denominado <strong>C\u00e1rtel de Los Reyes<\/strong>, una de las agrupaciones que forman parte de C\u00e1rteles Unidos.<\/p>\n\n\n\n<h2 class=\"wp-block-heading\">\u00bfC\u00f3mo detect\u00f3 EU las operaciones de \u2018R5\u2019?<\/h2>\n\n\n\n<p class=\"wp-block-paragraph\">Las investigaciones estadounidenses sobre Barrag\u00e1n Ch\u00e1vez se remontan a un hallazgo ocurrido en <strong>2019<\/strong>, cuando autoridades localizaron una cantidad considerable de metanfetamina en un autom\u00f3vil que sufri\u00f3 un accidente en Knoxville, Tennessee.<\/p>\n\n\n\n<p class=\"wp-block-paragraph\">El rastreo de la droga condujo a un domicilio en Atlanta, Georgia, y posteriormente a una red dedicada al tr\u00e1fico de <strong>metanfetamina, coca\u00edna y fentanilo<\/strong>, que de acuerdo con la investigaci\u00f3n estaba vinculada con Barrag\u00e1n Ch\u00e1vez.<\/p>\n\n\n\n<p class=\"wp-block-paragraph\">Seg\u00fan autoridades estadounidenses, los recursos obtenidos mediante estas actividades il\u00edcitas habr\u00edan sido utilizados para financiar operaciones contra el <strong>C\u00e1rtel Jalisco Nueva Generaci\u00f3n (CJNG)<\/strong> y ampliar el control territorial de C\u00e1rteles Unidos en Michoac\u00e1n.<\/p>\n\n\n\n<h2 class=\"wp-block-heading\">Acusado de adquirir armamento y contratar mercenarios<\/h2>\n\n\n\n<p class=\"wp-block-paragraph\">Las autoridades estadounidenses tambi\u00e9n se\u00f1alaron a \u2018El Wicho\u2019 por presuntamente adquirir <strong>armamento pesado, minas terrestres y veh\u00edculos blindados<\/strong> para fortalecer las capacidades de su organizaci\u00f3n.<\/p>\n\n\n\n<p class=\"wp-block-paragraph\">Adem\u00e1s, de acuerdo con la investigaci\u00f3n de Estados Unidos, habr\u00eda contratado a <strong>mercenarios colombianos<\/strong> para participar en operaciones armadas.<\/p>\n\n\n\n<p class=\"wp-block-paragraph\">\u201cBarrag\u00e1n estuvo al frente de esas operaciones de combate y se convirti\u00f3 en un sicario y l\u00edder de combate conocido, trabajando estrechamente con otros integrantes de C\u00e1rteles Unidos\u201d, se\u00f1al\u00f3 el Departamento de Estado estadounidense.<\/p>\n\n\n\n<p class=\"wp-block-paragraph\">C\u00e1rteles Unidos surgi\u00f3, de acuerdo con la descripci\u00f3n del Gobierno de Estados Unidos, a partir de la uni\u00f3n de distintas organizaciones criminales de menor tama\u00f1o en Michoac\u00e1n que buscaban hacer frente a grupos de mayor alcance, entre ellos el CJNG.<\/p>\n\n\n\n<p class=\"wp-block-paragraph\">La informaci\u00f3n sobre la muerte de \u2018R5\u2019 permanece sujeta a la confirmaci\u00f3n oficial de las autoridades, mientras contin\u00faa el despliegue de fuerzas federales en la regi\u00f3n de Los Reyes.<\/p>\n\n\n\n<p class=\"wp-block-paragraph\"><\/p>\n","protected":false},"excerpt":{"rendered":"<p>Luis Enrique Barrag\u00e1n Ch\u00e1vez, alias \u2018R5\u2019, era se\u00f1alado por Estados Unidos como responsable de operaciones de narcotr\u00e1fico y extorsi\u00f3n a productores de aguacate Michoac\u00e1n, 31 de agosto de 2026.- Luis Enrique Barrag\u00e1n Ch\u00e1vez, alias \u2018R5\u2019 o \u2018El Wicho\u2019, identificado como uno de los l\u00edderes de una facci\u00f3n de C\u00e1rteles Unidos, habr\u00eda sido abatido este lunes [&hellip;]<\/p>\n","protected":false},"author":2,"featured_media":81291,"comment_status":"closed","ping_status":"open","sticky":false,"template":"","format":"standard","meta":{"footnotes":""},"categories":[2,19],"tags":[],"class_list":["post-81289","post","type-post","status-publish","format-standard","has-post-thumbnail","hentry","category-oaxaca","category-nacional"],"yoast_head":"<!-- This site is optimized with the Yoast SEO plugin v28.1 - https:\/\/yoast.com\/product\/yoast-seo-wordpress\/ -->\n<title>Abaten a \u2018El Wicho\u2019, jefe de una facci\u00f3n de C\u00e1rteles Unidos, durante operativo en Michoac\u00e1n - LA BRAVA RADIO<\/title>\n<meta name=\"robots\" content=\"index, follow, max-snippet:-1, max-image-preview:large, max-video-preview:-1\" \/>\n<link rel=\"canonical\" href=\"https:\/\/www.bbmnoticias.com\/abaten-a-el-wicho-jefe-de-una-faccion-de-carteles-unidos-durante-operativo-en-michoacan\/\" \/>\n<meta property=\"og:locale\" content=\"es_MX\" \/>\n<meta property=\"og:type\" content=\"article\" \/>\n<meta property=\"og:title\" content=\"Abaten a \u2018El Wicho\u2019, jefe de una facci\u00f3n de C\u00e1rteles Unidos, durante operativo en Michoac\u00e1n - LA BRAVA RADIO\" \/>\n<meta property=\"og:description\" content=\"Luis Enrique Barrag\u00e1n Ch\u00e1vez, alias \u2018R5\u2019, era se\u00f1alado por Estados Unidos como responsable de operaciones de narcotr\u00e1fico y extorsi\u00f3n a productores de aguacate Michoac\u00e1n, 31 de agosto de 2026.- Luis Enrique Barrag\u00e1n Ch\u00e1vez, alias \u2018R5\u2019 o \u2018El Wicho\u2019, identificado como uno de los l\u00edderes de una facci\u00f3n de C\u00e1rteles Unidos, habr\u00eda sido abatido este lunes [&hellip;]\" \/>\n<meta property=\"og:url\" content=\"https:\/\/www.bbmnoticias.com\/abaten-a-el-wicho-jefe-de-una-faccion-de-carteles-unidos-durante-operativo-en-michoacan\/\" \/>\n<meta property=\"og:site_name\" content=\"LA BRAVA RADIO\" \/>\n<meta property=\"article:published_time\" content=\"2026-08-31T21:14:33+00:00\" \/>\n<meta property=\"article:modified_time\" content=\"2026-08-31T21:14:36+00:00\" \/>\n<meta property=\"og:image\" content=\"https:\/\/www.bbmnoticias.com\/labravaradiofm\/wp-content\/uploads\/sites\/5\/2026\/08\/el_wicho_detenido.jpg\" \/>\n\t<meta property=\"og:image:width\" content=\"800\" \/>\n\t<meta property=\"og:image:height\" content=\"450\" \/>\n\t<meta property=\"og:image:type\" content=\"image\/jpeg\" \/>\n<meta name=\"author\" content=\"Staff\" \/>\n<meta name=\"twitter:card\" content=\"summary_large_image\" \/>\n<meta name=\"twitter:label1\" content=\"Escrito por\" \/>\n\t<meta name=\"twitter:data1\" content=\"Staff\" \/>\n\t<meta name=\"twitter:label2\" content=\"Tiempo de lectura\" \/>\n\t<meta name=\"twitter:data2\" content=\"3 minutos\" \/>\n<script type=\"application\/ld+json\" class=\"yoast-schema-graph\">{\"@context\":\"https:\\\/\\\/schema.org\",\"@graph\":[{\"@type\":\"Article\",\"@id\":\"https:\\\/\\\/www.bbmnoticias.com\\\/abaten-a-el-wicho-jefe-de-una-faccion-de-carteles-unidos-durante-operativo-en-michoacan\\\/#article\",\"isPartOf\":{\"@id\":\"https:\\\/\\\/www.bbmnoticias.com\\\/labravaradiofm\\\/2026\\\/08\\\/31\\\/abaten-a-el-wicho-jefe-de-una-faccion-de-carteles-unidos-durante-operativo-en-michoacan\\\/\"},\"author\":{\"name\":\"Staff\",\"@id\":\"https:\\\/\\\/www.bbmnoticias.com\\\/labravaradiofm\\\/#\\\/schema\\\/person\\\/9eb037257fc48a09cdf31d9a2f45619f\"},\"headline\":\"Abaten a \u2018El Wicho\u2019, jefe de una facci\u00f3n de C\u00e1rteles Unidos, durante operativo en Michoac\u00e1n\",\"datePublished\":\"2026-08-31T21:14:33+00:00\",\"dateModified\":\"2026-08-31T21:14:36+00:00\",\"mainEntityOfPage\":{\"@id\":\"https:\\\/\\\/www.bbmnoticias.com\\\/labravaradiofm\\\/2026\\\/08\\\/31\\\/abaten-a-el-wicho-jefe-de-una-faccion-de-carteles-unidos-durante-operativo-en-michoacan\\\/\"},\"wordCount\":595,\"image\":{\"@id\":\"https:\\\/\\\/www.bbmnoticias.com\\\/abaten-a-el-wicho-jefe-de-una-faccion-de-carteles-unidos-durante-operativo-en-michoacan\\\/#primaryimage\"},\"thumbnailUrl\":\"https:\\\/\\\/www.bbmnoticias.com\\\/labravaradiofm\\\/wp-content\\\/uploads\\\/sites\\\/5\\\/2026\\\/08\\\/el_wicho_detenido.jpg\",\"articleSection\":[\"LOCAL\",\"NACIONAL\"],\"inLanguage\":\"es\"},{\"@type\":\"WebPage\",\"@id\":\"https:\\\/\\\/www.bbmnoticias.com\\\/labravaradiofm\\\/2026\\\/08\\\/31\\\/abaten-a-el-wicho-jefe-de-una-faccion-de-carteles-unidos-durante-operativo-en-michoacan\\\/\",\"url\":\"https:\\\/\\\/www.bbmnoticias.com\\\/abaten-a-el-wicho-jefe-de-una-faccion-de-carteles-unidos-durante-operativo-en-michoacan\\\/\",\"name\":\"Abaten a \u2018El Wicho\u2019, jefe de una facci\u00f3n de C\u00e1rteles Unidos, durante operativo en Michoac\u00e1n - LA BRAVA RADIO\",\"isPartOf\":{\"@id\":\"https:\\\/\\\/www.bbmnoticias.com\\\/labravaradiofm\\\/#website\"},\"primaryImageOfPage\":{\"@id\":\"https:\\\/\\\/www.bbmnoticias.com\\\/abaten-a-el-wicho-jefe-de-una-faccion-de-carteles-unidos-durante-operativo-en-michoacan\\\/#primaryimage\"},\"image\":{\"@id\":\"https:\\\/\\\/www.bbmnoticias.com\\\/abaten-a-el-wicho-jefe-de-una-faccion-de-carteles-unidos-durante-operativo-en-michoacan\\\/#primaryimage\"},\"thumbnailUrl\":\"https:\\\/\\\/www.bbmnoticias.com\\\/labravaradiofm\\\/wp-content\\\/uploads\\\/sites\\\/5\\\/2026\\\/08\\\/el_wicho_detenido.jpg\",\"datePublished\":\"2026-08-31T21:14:33+00:00\",\"dateModified\":\"2026-08-31T21:14:36+00:00\",\"author\":{\"@id\":\"https:\\\/\\\/www.bbmnoticias.com\\\/labravaradiofm\\\/#\\\/schema\\\/person\\\/9eb037257fc48a09cdf31d9a2f45619f\"},\"breadcrumb\":{\"@id\":\"https:\\\/\\\/www.bbmnoticias.com\\\/abaten-a-el-wicho-jefe-de-una-faccion-de-carteles-unidos-durante-operativo-en-michoacan\\\/#breadcrumb\"},\"inLanguage\":\"es\",\"potentialAction\":[{\"@type\":\"ReadAction\",\"target\":[\"https:\\\/\\\/www.bbmnoticias.com\\\/abaten-a-el-wicho-jefe-de-una-faccion-de-carteles-unidos-durante-operativo-en-michoacan\\\/\"]}]},{\"@type\":\"ImageObject\",\"inLanguage\":\"es\",\"@id\":\"https:\\\/\\\/www.bbmnoticias.com\\\/abaten-a-el-wicho-jefe-de-una-faccion-de-carteles-unidos-durante-operativo-en-michoacan\\\/#primaryimage\",\"url\":\"https:\\\/\\\/www.bbmnoticias.com\\\/labravaradiofm\\\/wp-content\\\/uploads\\\/sites\\\/5\\\/2026\\\/08\\\/el_wicho_detenido.jpg\",\"contentUrl\":\"https:\\\/\\\/www.bbmnoticias.com\\\/labravaradiofm\\\/wp-content\\\/uploads\\\/sites\\\/5\\\/2026\\\/08\\\/el_wicho_detenido.jpg\",\"width\":800,\"height\":450},{\"@type\":\"BreadcrumbList\",\"@id\":\"https:\\\/\\\/www.bbmnoticias.com\\\/abaten-a-el-wicho-jefe-de-una-faccion-de-carteles-unidos-durante-operativo-en-michoacan\\\/#breadcrumb\",\"itemListElement\":[{\"@type\":\"ListItem\",\"position\":1,\"name\":\"Inicio\",\"item\":\"https:\\\/\\\/www.bbmnoticias.com\\\/labravaradiofm\\\/\"},{\"@type\":\"ListItem\",\"position\":2,\"name\":\"Abaten a \u2018El Wicho\u2019, jefe de una facci\u00f3n de C\u00e1rteles Unidos, durante operativo en Michoac\u00e1n\"}]},{\"@type\":\"WebSite\",\"@id\":\"https:\\\/\\\/www.bbmnoticias.com\\\/labravaradiofm\\\/#website\",\"url\":\"https:\\\/\\\/www.bbmnoticias.com\\\/labravaradiofm\\\/\",\"name\":\"LA BRAVA RADIO\",\"description\":\"Empresa productora de medios, Radiodifusi\u00f3n, Noticias, tendencias y todo lo que necesitas saber de la pol\u00edtica mexicana e internacional; entretenimiento, espect\u00e1culos, salud y mucho m\u00e1s.\",\"potentialAction\":[{\"@type\":\"SearchAction\",\"target\":{\"@type\":\"EntryPoint\",\"urlTemplate\":\"https:\\\/\\\/www.bbmnoticias.com\\\/labravaradiofm\\\/?s={search_term_string}\"},\"query-input\":{\"@type\":\"PropertyValueSpecification\",\"valueRequired\":true,\"valueName\":\"search_term_string\"}}],\"inLanguage\":\"es\"},{\"@type\":\"Person\",\"@id\":\"https:\\\/\\\/www.bbmnoticias.com\\\/labravaradiofm\\\/#\\\/schema\\\/person\\\/9eb037257fc48a09cdf31d9a2f45619f\",\"name\":\"Staff\",\"image\":{\"@type\":\"ImageObject\",\"inLanguage\":\"es\",\"@id\":\"https:\\\/\\\/secure.gravatar.com\\\/avatar\\\/fdd21ad66fd8b98c407f9dee5b5e588cfe7f0d8579ec20fa6527cd59bab7f0f0?s=96&d=mm&r=g\",\"url\":\"https:\\\/\\\/secure.gravatar.com\\\/avatar\\\/fdd21ad66fd8b98c407f9dee5b5e588cfe7f0d8579ec20fa6527cd59bab7f0f0?s=96&d=mm&r=g\",\"contentUrl\":\"https:\\\/\\\/secure.gravatar.com\\\/avatar\\\/fdd21ad66fd8b98c407f9dee5b5e588cfe7f0d8579ec20fa6527cd59bab7f0f0?s=96&d=mm&r=g\",\"caption\":\"Staff\"},\"url\":\"https:\\\/\\\/www.bbmnoticias.com\\\/labravaradiofm\\\/author\\\/redaccion\\\/\"}]}<\/script>\n<!-- \/ Yoast SEO plugin. -->","yoast_head_json":{"title":"Abaten a \u2018El Wicho\u2019, jefe de una facci\u00f3n de C\u00e1rteles Unidos, durante operativo en Michoac\u00e1n - LA BRAVA RADIO","robots":{"index":"index","follow":"follow","max-snippet":"max-snippet:-1","max-image-preview":"max-image-preview:large","max-video-preview":"max-video-preview:-1"},"canonical":"https:\/\/www.bbmnoticias.com\/abaten-a-el-wicho-jefe-de-una-faccion-de-carteles-unidos-durante-operativo-en-michoacan\/","og_locale":"es_MX","og_type":"article","og_title":"Abaten a \u2018El Wicho\u2019, jefe de una facci\u00f3n de C\u00e1rteles Unidos, durante operativo en Michoac\u00e1n - LA BRAVA RADIO","og_description":"Luis Enrique Barrag\u00e1n Ch\u00e1vez, alias \u2018R5\u2019, era se\u00f1alado por Estados Unidos como responsable de operaciones de narcotr\u00e1fico y extorsi\u00f3n a productores de aguacate Michoac\u00e1n, 31 de agosto de 2026.- Luis Enrique Barrag\u00e1n Ch\u00e1vez, alias \u2018R5\u2019 o \u2018El Wicho\u2019, identificado como uno de los l\u00edderes de una facci\u00f3n de C\u00e1rteles Unidos, habr\u00eda sido abatido este lunes [&hellip;]","og_url":"https:\/\/www.bbmnoticias.com\/abaten-a-el-wicho-jefe-de-una-faccion-de-carteles-unidos-durante-operativo-en-michoacan\/","og_site_name":"LA BRAVA RADIO","article_published_time":"2026-08-31T21:14:33+00:00","article_modified_time":"2026-08-31T21:14:36+00:00","og_image":[{"width":800,"height":450,"url":"https:\/\/www.bbmnoticias.com\/labravaradiofm\/wp-content\/uploads\/sites\/5\/2026\/08\/el_wicho_detenido.jpg","type":"image\/jpeg"}],"author":"Staff","twitter_card":"summary_large_image","twitter_misc":{"Escrito por":"Staff","Tiempo de lectura":"3 minutos"},"schema":{"@context":"https:\/\/schema.org","@graph":[{"@type":"Article","@id":"https:\/\/www.bbmnoticias.com\/abaten-a-el-wicho-jefe-de-una-faccion-de-carteles-unidos-durante-operativo-en-michoacan\/#article","isPartOf":{"@id":"https:\/\/www.bbmnoticias.com\/labravaradiofm\/2026\/08\/31\/abaten-a-el-wicho-jefe-de-una-faccion-de-carteles-unidos-durante-operativo-en-michoacan\/"},"author":{"name":"Staff","@id":"https:\/\/www.bbmnoticias.com\/labravaradiofm\/#\/schema\/person\/9eb037257fc48a09cdf31d9a2f45619f"},"headline":"Abaten a \u2018El Wicho\u2019, jefe de una facci\u00f3n de C\u00e1rteles Unidos, durante operativo en Michoac\u00e1n","datePublished":"2026-08-31T21:14:33+00:00","dateModified":"2026-08-31T21:14:36+00:00","mainEntityOfPage":{"@id":"https:\/\/www.bbmnoticias.com\/labravaradiofm\/2026\/08\/31\/abaten-a-el-wicho-jefe-de-una-faccion-de-carteles-unidos-durante-operativo-en-michoacan\/"},"wordCount":595,"image":{"@id":"https:\/\/www.bbmnoticias.com\/abaten-a-el-wicho-jefe-de-una-faccion-de-carteles-unidos-durante-operativo-en-michoacan\/#primaryimage"},"thumbnailUrl":"https:\/\/www.bbmnoticias.com\/labravaradiofm\/wp-content\/uploads\/sites\/5\/2026\/08\/el_wicho_detenido.jpg","articleSection":["LOCAL","NACIONAL"],"inLanguage":"es"},{"@type":"WebPage","@id":"https:\/\/www.bbmnoticias.com\/labravaradiofm\/2026\/08\/31\/abaten-a-el-wicho-jefe-de-una-faccion-de-carteles-unidos-durante-operativo-en-michoacan\/","url":"https:\/\/www.bbmnoticias.com\/abaten-a-el-wicho-jefe-de-una-faccion-de-carteles-unidos-durante-operativo-en-michoacan\/","name":"Abaten a \u2018El Wicho\u2019, jefe de una facci\u00f3n de C\u00e1rteles Unidos, durante operativo en Michoac\u00e1n - LA BRAVA RADIO","isPartOf":{"@id":"https:\/\/www.bbmnoticias.com\/labravaradiofm\/#website"},"primaryImageOfPage":{"@id":"https:\/\/www.bbmnoticias.com\/abaten-a-el-wicho-jefe-de-una-faccion-de-carteles-unidos-durante-operativo-en-michoacan\/#primaryimage"},"image":{"@id":"https:\/\/www.bbmnoticias.com\/abaten-a-el-wicho-jefe-de-una-faccion-de-carteles-unidos-durante-operativo-en-michoacan\/#primaryimage"},"thumbnailUrl":"https:\/\/www.bbmnoticias.com\/labravaradiofm\/wp-content\/uploads\/sites\/5\/2026\/08\/el_wicho_detenido.jpg","datePublished":"2026-08-31T21:14:33+00:00","dateModified":"2026-08-31T21:14:36+00:00","author":{"@id":"https:\/\/www.bbmnoticias.com\/labravaradiofm\/#\/schema\/person\/9eb037257fc48a09cdf31d9a2f45619f"},"breadcrumb":{"@id":"https:\/\/www.bbmnoticias.com\/abaten-a-el-wicho-jefe-de-una-faccion-de-carteles-unidos-durante-operativo-en-michoacan\/#breadcrumb"},"inLanguage":"es","potentialAction":[{"@type":"ReadAction","target":["https:\/\/www.bbmnoticias.com\/abaten-a-el-wicho-jefe-de-una-faccion-de-carteles-unidos-durante-operativo-en-michoacan\/"]}]},{"@type":"ImageObject","inLanguage":"es","@id":"https:\/\/www.bbmnoticias.com\/abaten-a-el-wicho-jefe-de-una-faccion-de-carteles-unidos-durante-operativo-en-michoacan\/#primaryimage","url":"https:\/\/www.bbmnoticias.com\/labravaradiofm\/wp-content\/uploads\/sites\/5\/2026\/08\/el_wicho_detenido.jpg","contentUrl":"https:\/\/www.bbmnoticias.com\/labravaradiofm\/wp-content\/uploads\/sites\/5\/2026\/08\/el_wicho_detenido.jpg","width":800,"height":450},{"@type":"BreadcrumbList","@id":"https:\/\/www.bbmnoticias.com\/abaten-a-el-wicho-jefe-de-una-faccion-de-carteles-unidos-durante-operativo-en-michoacan\/#breadcrumb","itemListElement":[{"@type":"ListItem","position":1,"name":"Inicio","item":"https:\/\/www.bbmnoticias.com\/labravaradiofm\/"},{"@type":"ListItem","position":2,"name":"Abaten a \u2018El Wicho\u2019, jefe de una facci\u00f3n de C\u00e1rteles Unidos, durante operativo en Michoac\u00e1n"}]},{"@type":"WebSite","@id":"https:\/\/www.bbmnoticias.com\/labravaradiofm\/#website","url":"https:\/\/www.bbmnoticias.com\/labravaradiofm\/","name":"LA BRAVA RADIO","description":"Empresa productora de medios, Radiodifusi\u00f3n, Noticias, tendencias y todo lo que necesitas saber de la pol\u00edtica mexicana e internacional; entretenimiento, espect\u00e1culos, salud y mucho m\u00e1s.","potentialAction":[{"@type":"SearchAction","target":{"@type":"EntryPoint","urlTemplate":"https:\/\/www.bbmnoticias.com\/labravaradiofm\/?s={search_term_string}"},"query-input":{"@type":"PropertyValueSpecification","valueRequired":true,"valueName":"search_term_string"}}],"inLanguage":"es"},{"@type":"Person","@id":"https:\/\/www.bbmnoticias.com\/labravaradiofm\/#\/schema\/person\/9eb037257fc48a09cdf31d9a2f45619f","name":"Staff","image":{"@type":"ImageObject","inLanguage":"es","@id":"https:\/\/secure.gravatar.com\/avatar\/fdd21ad66fd8b98c407f9dee5b5e588cfe7f0d8579ec20fa6527cd59bab7f0f0?s=96&d=mm&r=g","url":"https:\/\/secure.gravatar.com\/avatar\/fdd21ad66fd8b98c407f9dee5b5e588cfe7f0d8579ec20fa6527cd59bab7f0f0?s=96&d=mm&r=g","contentUrl":"https:\/\/secure.gravatar.com\/avatar\/fdd21ad66fd8b98c407f9dee5b5e588cfe7f0d8579ec20fa6527cd59bab7f0f0?s=96&d=mm&r=g","caption":"Staff"},"url":"https:\/\/www.bbmnoticias.com\/labravaradiofm\/author\/redaccion\/"}]}},"_links":{"self":[{"href":"https:\/\/www.bbmnoticias.com\/labravaradiofm\/wp-json\/wp\/v2\/posts\/81289","targetHints":{"allow":["GET"]}}],"collection":[{"href":"https:\/\/www.bbmnoticias.com\/labravaradiofm\/wp-json\/wp\/v2\/posts"}],"about":[{"href":"https:\/\/www.bbmnoticias.com\/labravaradiofm\/wp-json\/wp\/v2\/types\/post"}],"author":[{"embeddable":true,"href":"https:\/\/www.bbmnoticias.com\/labravaradiofm\/wp-json\/wp\/v2\/users\/2"}],"replies":[{"embeddable":true,"href":"https:\/\/www.bbmnoticias.com\/labravaradiofm\/wp-json\/wp\/v2\/comments?post=81289"}],"version-history":[{"count":1,"href":"https:\/\/www.bbmnoticias.com\/labravaradiofm\/wp-json\/wp\/v2\/posts\/81289\/revisions"}],"predecessor-version":[{"id":81290,"href":"https:\/\/www.bbmnoticias.com\/labravaradiofm\/wp-json\/wp\/v2\/posts\/81289\/revisions\/81290"}],"wp:featuredmedia":[{"embeddable":true,"href":"https:\/\/www.bbmnoticias.com\/labravaradiofm\/wp-json\/wp\/v2\/media\/81291"}],"wp:attachment":[{"href":"https:\/\/www.bbmnoticias.com\/labravaradiofm\/wp-json\/wp\/v2\/media?parent=81289"}],"wp:term":[{"taxonomy":"category","embeddable":true,"href":"https:\/\/www.bbmnoticias.com\/labravaradiofm\/wp-json\/wp\/v2\/categories?post=81289"},{"taxonomy":"post_tag","embeddable":true,"href":"https:\/\/www.bbmnoticias.com\/labravaradiofm\/wp-json\/wp\/v2\/tags?post=81289"}],"curies":[{"name":"wp","href":"https:\/\/api.w.org\/{rel}","templated":true}]}}