{"id":81286,"date":"2026-08-31T15:04:37","date_gmt":"2026-08-31T21:04:37","guid":{"rendered":"https:\/\/www.bbmnoticias.com\/labravaradiofm\/2026\/08\/31\/protestan-trabajadores-del-hospital-civil-de-oaxaca-por-falta-de-elevador-y-carencias\/"},"modified":"2026-08-31T15:04:39","modified_gmt":"2026-08-31T21:04:39","slug":"protestan-trabajadores-del-hospital-civil-de-oaxaca-por-falta-de-elevador-y-carencias","status":"publish","type":"post","link":"https:\/\/www.bbmnoticias.com\/labravaradiofm\/2026\/08\/31\/protestan-trabajadores-del-hospital-civil-de-oaxaca-por-falta-de-elevador-y-carencias\/","title":{"rendered":"Protestan trabajadores del Hospital Civil de Oaxaca por falta de elevador y carencias"},"content":{"rendered":"\n<p class=\"wp-block-paragraph\"><strong>Personal exige al IMSS-Bienestar garantizar condiciones seguras para el traslado de pacientes, principalmente en el \u00e1rea de Pediatr\u00eda<\/strong><\/p>\n\n\n\n<p class=\"wp-block-paragraph\"><strong>Oaxaca, M\u00e9xico.-<\/strong> Trabajadores del Hospital General <strong>Dr. Aurelio Valdivieso<\/strong> protestaron este lunes en las inmediaciones del nosocomio para exigir al IMSS-Bienestar atenci\u00f3n a las distintas carencias que afectan la operaci\u00f3n hospitalaria, entre ellas la falta de un elevador en el \u00e1rea de Pediatr\u00eda.<\/p>\n\n\n\n<p class=\"wp-block-paragraph\">El personal se concentr\u00f3 en los cruceros cercanos al hospital y aprovech\u00f3 los altos del sem\u00e1foro para mostrar pancartas y exponer sus demandas a automovilistas y transe\u00fantes. La protesta se realiz\u00f3 <strong>sin bloquear la circulaci\u00f3n vehicular<\/strong>.<\/p>\n\n\n\n<p class=\"wp-block-paragraph\">La movilizaci\u00f3n forma parte de las acciones que mantiene la <strong>Subsecci\u00f3n 07 de la Secci\u00f3n 35 del Sindicato Nacional de Trabajadores de la Secretar\u00eda de Salud<\/strong>, ante las condiciones que enfrenta el Hospital Civil.<\/p>\n\n\n\n<h2 class=\"wp-block-heading\">Exigen garantizar traslados seguros de pacientes<\/h2>\n\n\n\n<p class=\"wp-block-paragraph\">Patricia M\u00e9ndez, secretaria general de la Subsecci\u00f3n 07, explic\u00f3 que una de las principales exigencias es que el IMSS-Bienestar entregue un documento en el que establezca la responsabilidad de la autoridad ante cualquier incidente que pudiera registrarse durante el traslado de pacientes por las rampas, debido a la falta del elevador.<\/p>\n\n\n\n<p class=\"wp-block-paragraph\">Explic\u00f3 que el problema afecta particularmente al \u00e1rea de <strong>Pediatr\u00eda<\/strong>, donde reci\u00e9n nacidos y otros pacientes requieren ser trasladados para realizarse estudios o acudir a distintos servicios dentro del hospital.<\/p>\n\n\n\n<p class=\"wp-block-paragraph\">Ante la falta del equipo, el personal debe utilizar las rampas como alternativa, una situaci\u00f3n que, de acuerdo con la dirigente sindical, representa un riesgo tanto para los pacientes como para los trabajadores encargados de realizar los traslados.<\/p>\n\n\n\n<h2 class=\"wp-block-heading\">Elevadores presentan una problem\u00e1tica de a\u00f1os<\/h2>\n\n\n\n<p class=\"wp-block-paragraph\">M\u00e9ndez se\u00f1al\u00f3 que desde hace aproximadamente <strong>un a\u00f1o<\/strong> los trabajadores solicitaron un dictamen sobre las condiciones de los elevadores del hospital, tomando en cuenta la antig\u00fcedad del inmueble.<\/p>\n\n\n\n<p class=\"wp-block-paragraph\">Sin embargo, asegur\u00f3 que hasta el momento dicho documento no les ha sido entregado.<\/p>\n\n\n\n<p class=\"wp-block-paragraph\">La dirigente sindical indic\u00f3 que existe un compromiso de las autoridades para sustituir los equipos, aunque la alternativa planteada contempla trabajos de modernizaci\u00f3n, por lo que los trabajadores demandan una soluci\u00f3n que permita garantizar la seguridad de los pacientes y del personal.<\/p>\n\n\n\n<h2 class=\"wp-block-heading\">Denuncian falta de personal, medicamentos e insumos<\/h2>\n\n\n\n<p class=\"wp-block-paragraph\">Adem\u00e1s del problema con los elevadores, los trabajadores se\u00f1alaron que persisten otras carencias dentro del Hospital General Dr. Aurelio Valdivieso, entre ellas <strong>falta de personal m\u00e9dico, medicamentos e insumos<\/strong>, as\u00ed como saturaci\u00f3n en algunas \u00e1reas.<\/p>\n\n\n\n<p class=\"wp-block-paragraph\">Como ejemplo, M\u00e9ndez se\u00f1al\u00f3 que el \u00e1rea de <strong>valoraci\u00f3n cr\u00edtica cuenta con 18 pacientes<\/strong>, pese a que tiene una capacidad para siete personas.<\/p>\n\n\n\n<p class=\"wp-block-paragraph\">De manera general, estim\u00f3 que el hospital mantiene una ocupaci\u00f3n cercana al <strong>80 por ciento<\/strong>, situaci\u00f3n que, sumada a la falta de recursos y personal, incrementa la presi\u00f3n sobre los servicios m\u00e9dicos.<\/p>\n\n\n\n<p class=\"wp-block-paragraph\">Los trabajadores advirtieron que continuar\u00e1n con acciones de protesta hasta obtener respuestas y soluciones por parte del IMSS-Bienestar a las distintas necesidades que enfrenta el hospital.<\/p>\n","protected":false},"excerpt":{"rendered":"<p>Personal exige al IMSS-Bienestar garantizar condiciones seguras para el traslado de pacientes, principalmente en el \u00e1rea de Pediatr\u00eda Oaxaca, M\u00e9xico.- Trabajadores del Hospital General Dr. Aurelio Valdivieso protestaron este lunes en las inmediaciones del nosocomio para exigir al IMSS-Bienestar atenci\u00f3n a las distintas carencias que afectan la operaci\u00f3n hospitalaria, entre ellas la falta de un [&hellip;]<\/p>\n","protected":false},"author":2,"featured_media":81288,"comment_status":"closed","ping_status":"open","sticky":false,"template":"","format":"standard","meta":{"footnotes":""},"categories":[2],"tags":[],"class_list":["post-81286","post","type-post","status-publish","format-standard","has-post-thumbnail","hentry","category-oaxaca"],"yoast_head":"<!-- This site is optimized with the Yoast SEO plugin v28.1 - https:\/\/yoast.com\/product\/yoast-seo-wordpress\/ -->\n<title>Protestan trabajadores del Hospital Civil de Oaxaca por falta de elevador y carencias - LA BRAVA RADIO<\/title>\n<meta name=\"robots\" content=\"index, follow, max-snippet:-1, max-image-preview:large, max-video-preview:-1\" \/>\n<link rel=\"canonical\" href=\"https:\/\/www.bbmnoticias.com\/protestan-trabajadores-del-hospital-civil-de-oaxaca-por-falta-de-elevador-y-carencias\/\" \/>\n<meta property=\"og:locale\" content=\"es_MX\" \/>\n<meta property=\"og:type\" content=\"article\" \/>\n<meta property=\"og:title\" content=\"Protestan trabajadores del Hospital Civil de Oaxaca por falta de elevador y carencias - LA BRAVA RADIO\" \/>\n<meta property=\"og:description\" content=\"Personal exige al IMSS-Bienestar garantizar condiciones seguras para el traslado de pacientes, principalmente en el \u00e1rea de Pediatr\u00eda Oaxaca, M\u00e9xico.- Trabajadores del Hospital General Dr. Aurelio Valdivieso protestaron este lunes en las inmediaciones del nosocomio para exigir al IMSS-Bienestar atenci\u00f3n a las distintas carencias que afectan la operaci\u00f3n hospitalaria, entre ellas la falta de un [&hellip;]\" \/>\n<meta property=\"og:url\" content=\"https:\/\/www.bbmnoticias.com\/protestan-trabajadores-del-hospital-civil-de-oaxaca-por-falta-de-elevador-y-carencias\/\" \/>\n<meta property=\"og:site_name\" content=\"LA BRAVA RADIO\" \/>\n<meta property=\"article:published_time\" content=\"2026-08-31T21:04:37+00:00\" \/>\n<meta property=\"article:modified_time\" content=\"2026-08-31T21:04:39+00:00\" \/>\n<meta property=\"og:image\" content=\"https:\/\/www.bbmnoticias.com\/labravaradiofm\/wp-content\/uploads\/sites\/5\/2026\/08\/hospital_civil_oaxaca.jpg\" \/>\n\t<meta property=\"og:image:width\" content=\"800\" \/>\n\t<meta property=\"og:image:height\" content=\"448\" \/>\n\t<meta property=\"og:image:type\" content=\"image\/jpeg\" \/>\n<meta name=\"author\" content=\"Staff\" \/>\n<meta name=\"twitter:card\" content=\"summary_large_image\" \/>\n<meta name=\"twitter:label1\" content=\"Escrito por\" \/>\n\t<meta name=\"twitter:data1\" content=\"Staff\" \/>\n\t<meta name=\"twitter:label2\" content=\"Tiempo de lectura\" \/>\n\t<meta name=\"twitter:data2\" content=\"3 minutos\" \/>\n<script type=\"application\/ld+json\" class=\"yoast-schema-graph\">{\"@context\":\"https:\\\/\\\/schema.org\",\"@graph\":[{\"@type\":\"Article\",\"@id\":\"https:\\\/\\\/www.bbmnoticias.com\\\/protestan-trabajadores-del-hospital-civil-de-oaxaca-por-falta-de-elevador-y-carencias\\\/#article\",\"isPartOf\":{\"@id\":\"https:\\\/\\\/www.bbmnoticias.com\\\/labravaradiofm\\\/2026\\\/08\\\/31\\\/protestan-trabajadores-del-hospital-civil-de-oaxaca-por-falta-de-elevador-y-carencias\\\/\"},\"author\":{\"name\":\"Staff\",\"@id\":\"https:\\\/\\\/www.bbmnoticias.com\\\/labravaradiofm\\\/#\\\/schema\\\/person\\\/9eb037257fc48a09cdf31d9a2f45619f\"},\"headline\":\"Protestan trabajadores del Hospital Civil de Oaxaca por falta de elevador y carencias\",\"datePublished\":\"2026-08-31T21:04:37+00:00\",\"dateModified\":\"2026-08-31T21:04:39+00:00\",\"mainEntityOfPage\":{\"@id\":\"https:\\\/\\\/www.bbmnoticias.com\\\/labravaradiofm\\\/2026\\\/08\\\/31\\\/protestan-trabajadores-del-hospital-civil-de-oaxaca-por-falta-de-elevador-y-carencias\\\/\"},\"wordCount\":516,\"image\":{\"@id\":\"https:\\\/\\\/www.bbmnoticias.com\\\/protestan-trabajadores-del-hospital-civil-de-oaxaca-por-falta-de-elevador-y-carencias\\\/#primaryimage\"},\"thumbnailUrl\":\"https:\\\/\\\/www.bbmnoticias.com\\\/labravaradiofm\\\/wp-content\\\/uploads\\\/sites\\\/5\\\/2026\\\/08\\\/hospital_civil_oaxaca.jpg\",\"articleSection\":[\"LOCAL\"],\"inLanguage\":\"es\"},{\"@type\":\"WebPage\",\"@id\":\"https:\\\/\\\/www.bbmnoticias.com\\\/labravaradiofm\\\/2026\\\/08\\\/31\\\/protestan-trabajadores-del-hospital-civil-de-oaxaca-por-falta-de-elevador-y-carencias\\\/\",\"url\":\"https:\\\/\\\/www.bbmnoticias.com\\\/protestan-trabajadores-del-hospital-civil-de-oaxaca-por-falta-de-elevador-y-carencias\\\/\",\"name\":\"Protestan trabajadores del Hospital Civil de Oaxaca por falta de elevador y carencias - LA BRAVA RADIO\",\"isPartOf\":{\"@id\":\"https:\\\/\\\/www.bbmnoticias.com\\\/labravaradiofm\\\/#website\"},\"primaryImageOfPage\":{\"@id\":\"https:\\\/\\\/www.bbmnoticias.com\\\/protestan-trabajadores-del-hospital-civil-de-oaxaca-por-falta-de-elevador-y-carencias\\\/#primaryimage\"},\"image\":{\"@id\":\"https:\\\/\\\/www.bbmnoticias.com\\\/protestan-trabajadores-del-hospital-civil-de-oaxaca-por-falta-de-elevador-y-carencias\\\/#primaryimage\"},\"thumbnailUrl\":\"https:\\\/\\\/www.bbmnoticias.com\\\/labravaradiofm\\\/wp-content\\\/uploads\\\/sites\\\/5\\\/2026\\\/08\\\/hospital_civil_oaxaca.jpg\",\"datePublished\":\"2026-08-31T21:04:37+00:00\",\"dateModified\":\"2026-08-31T21:04:39+00:00\",\"author\":{\"@id\":\"https:\\\/\\\/www.bbmnoticias.com\\\/labravaradiofm\\\/#\\\/schema\\\/person\\\/9eb037257fc48a09cdf31d9a2f45619f\"},\"breadcrumb\":{\"@id\":\"https:\\\/\\\/www.bbmnoticias.com\\\/protestan-trabajadores-del-hospital-civil-de-oaxaca-por-falta-de-elevador-y-carencias\\\/#breadcrumb\"},\"inLanguage\":\"es\",\"potentialAction\":[{\"@type\":\"ReadAction\",\"target\":[\"https:\\\/\\\/www.bbmnoticias.com\\\/protestan-trabajadores-del-hospital-civil-de-oaxaca-por-falta-de-elevador-y-carencias\\\/\"]}]},{\"@type\":\"ImageObject\",\"inLanguage\":\"es\",\"@id\":\"https:\\\/\\\/www.bbmnoticias.com\\\/protestan-trabajadores-del-hospital-civil-de-oaxaca-por-falta-de-elevador-y-carencias\\\/#primaryimage\",\"url\":\"https:\\\/\\\/www.bbmnoticias.com\\\/labravaradiofm\\\/wp-content\\\/uploads\\\/sites\\\/5\\\/2026\\\/08\\\/hospital_civil_oaxaca.jpg\",\"contentUrl\":\"https:\\\/\\\/www.bbmnoticias.com\\\/labravaradiofm\\\/wp-content\\\/uploads\\\/sites\\\/5\\\/2026\\\/08\\\/hospital_civil_oaxaca.jpg\",\"width\":800,\"height\":448},{\"@type\":\"BreadcrumbList\",\"@id\":\"https:\\\/\\\/www.bbmnoticias.com\\\/protestan-trabajadores-del-hospital-civil-de-oaxaca-por-falta-de-elevador-y-carencias\\\/#breadcrumb\",\"itemListElement\":[{\"@type\":\"ListItem\",\"position\":1,\"name\":\"Inicio\",\"item\":\"https:\\\/\\\/www.bbmnoticias.com\\\/labravaradiofm\\\/\"},{\"@type\":\"ListItem\",\"position\":2,\"name\":\"Protestan trabajadores del Hospital Civil de Oaxaca por falta de elevador y carencias\"}]},{\"@type\":\"WebSite\",\"@id\":\"https:\\\/\\\/www.bbmnoticias.com\\\/labravaradiofm\\\/#website\",\"url\":\"https:\\\/\\\/www.bbmnoticias.com\\\/labravaradiofm\\\/\",\"name\":\"LA BRAVA RADIO\",\"description\":\"Empresa productora de medios, Radiodifusi\u00f3n, Noticias, tendencias y todo lo que necesitas saber de la pol\u00edtica mexicana e internacional; entretenimiento, espect\u00e1culos, salud y mucho m\u00e1s.\",\"potentialAction\":[{\"@type\":\"SearchAction\",\"target\":{\"@type\":\"EntryPoint\",\"urlTemplate\":\"https:\\\/\\\/www.bbmnoticias.com\\\/labravaradiofm\\\/?s={search_term_string}\"},\"query-input\":{\"@type\":\"PropertyValueSpecification\",\"valueRequired\":true,\"valueName\":\"search_term_string\"}}],\"inLanguage\":\"es\"},{\"@type\":\"Person\",\"@id\":\"https:\\\/\\\/www.bbmnoticias.com\\\/labravaradiofm\\\/#\\\/schema\\\/person\\\/9eb037257fc48a09cdf31d9a2f45619f\",\"name\":\"Staff\",\"image\":{\"@type\":\"ImageObject\",\"inLanguage\":\"es\",\"@id\":\"https:\\\/\\\/secure.gravatar.com\\\/avatar\\\/fdd21ad66fd8b98c407f9dee5b5e588cfe7f0d8579ec20fa6527cd59bab7f0f0?s=96&d=mm&r=g\",\"url\":\"https:\\\/\\\/secure.gravatar.com\\\/avatar\\\/fdd21ad66fd8b98c407f9dee5b5e588cfe7f0d8579ec20fa6527cd59bab7f0f0?s=96&d=mm&r=g\",\"contentUrl\":\"https:\\\/\\\/secure.gravatar.com\\\/avatar\\\/fdd21ad66fd8b98c407f9dee5b5e588cfe7f0d8579ec20fa6527cd59bab7f0f0?s=96&d=mm&r=g\",\"caption\":\"Staff\"},\"url\":\"https:\\\/\\\/www.bbmnoticias.com\\\/labravaradiofm\\\/author\\\/redaccion\\\/\"}]}<\/script>\n<!-- \/ Yoast SEO plugin. -->","yoast_head_json":{"title":"Protestan trabajadores del Hospital Civil de Oaxaca por falta de elevador y carencias - LA BRAVA RADIO","robots":{"index":"index","follow":"follow","max-snippet":"max-snippet:-1","max-image-preview":"max-image-preview:large","max-video-preview":"max-video-preview:-1"},"canonical":"https:\/\/www.bbmnoticias.com\/protestan-trabajadores-del-hospital-civil-de-oaxaca-por-falta-de-elevador-y-carencias\/","og_locale":"es_MX","og_type":"article","og_title":"Protestan trabajadores del Hospital Civil de Oaxaca por falta de elevador y carencias - LA BRAVA RADIO","og_description":"Personal exige al IMSS-Bienestar garantizar condiciones seguras para el traslado de pacientes, principalmente en el \u00e1rea de Pediatr\u00eda Oaxaca, M\u00e9xico.- Trabajadores del Hospital General Dr. Aurelio Valdivieso protestaron este lunes en las inmediaciones del nosocomio para exigir al IMSS-Bienestar atenci\u00f3n a las distintas carencias que afectan la operaci\u00f3n hospitalaria, entre ellas la falta de un [&hellip;]","og_url":"https:\/\/www.bbmnoticias.com\/protestan-trabajadores-del-hospital-civil-de-oaxaca-por-falta-de-elevador-y-carencias\/","og_site_name":"LA BRAVA RADIO","article_published_time":"2026-08-31T21:04:37+00:00","article_modified_time":"2026-08-31T21:04:39+00:00","og_image":[{"width":800,"height":448,"url":"https:\/\/www.bbmnoticias.com\/labravaradiofm\/wp-content\/uploads\/sites\/5\/2026\/08\/hospital_civil_oaxaca.jpg","type":"image\/jpeg"}],"author":"Staff","twitter_card":"summary_large_image","twitter_misc":{"Escrito por":"Staff","Tiempo de lectura":"3 minutos"},"schema":{"@context":"https:\/\/schema.org","@graph":[{"@type":"Article","@id":"https:\/\/www.bbmnoticias.com\/protestan-trabajadores-del-hospital-civil-de-oaxaca-por-falta-de-elevador-y-carencias\/#article","isPartOf":{"@id":"https:\/\/www.bbmnoticias.com\/labravaradiofm\/2026\/08\/31\/protestan-trabajadores-del-hospital-civil-de-oaxaca-por-falta-de-elevador-y-carencias\/"},"author":{"name":"Staff","@id":"https:\/\/www.bbmnoticias.com\/labravaradiofm\/#\/schema\/person\/9eb037257fc48a09cdf31d9a2f45619f"},"headline":"Protestan trabajadores del Hospital Civil de Oaxaca por falta de elevador y carencias","datePublished":"2026-08-31T21:04:37+00:00","dateModified":"2026-08-31T21:04:39+00:00","mainEntityOfPage":{"@id":"https:\/\/www.bbmnoticias.com\/labravaradiofm\/2026\/08\/31\/protestan-trabajadores-del-hospital-civil-de-oaxaca-por-falta-de-elevador-y-carencias\/"},"wordCount":516,"image":{"@id":"https:\/\/www.bbmnoticias.com\/protestan-trabajadores-del-hospital-civil-de-oaxaca-por-falta-de-elevador-y-carencias\/#primaryimage"},"thumbnailUrl":"https:\/\/www.bbmnoticias.com\/labravaradiofm\/wp-content\/uploads\/sites\/5\/2026\/08\/hospital_civil_oaxaca.jpg","articleSection":["LOCAL"],"inLanguage":"es"},{"@type":"WebPage","@id":"https:\/\/www.bbmnoticias.com\/labravaradiofm\/2026\/08\/31\/protestan-trabajadores-del-hospital-civil-de-oaxaca-por-falta-de-elevador-y-carencias\/","url":"https:\/\/www.bbmnoticias.com\/protestan-trabajadores-del-hospital-civil-de-oaxaca-por-falta-de-elevador-y-carencias\/","name":"Protestan trabajadores del Hospital Civil de Oaxaca por falta de elevador y carencias - LA BRAVA RADIO","isPartOf":{"@id":"https:\/\/www.bbmnoticias.com\/labravaradiofm\/#website"},"primaryImageOfPage":{"@id":"https:\/\/www.bbmnoticias.com\/protestan-trabajadores-del-hospital-civil-de-oaxaca-por-falta-de-elevador-y-carencias\/#primaryimage"},"image":{"@id":"https:\/\/www.bbmnoticias.com\/protestan-trabajadores-del-hospital-civil-de-oaxaca-por-falta-de-elevador-y-carencias\/#primaryimage"},"thumbnailUrl":"https:\/\/www.bbmnoticias.com\/labravaradiofm\/wp-content\/uploads\/sites\/5\/2026\/08\/hospital_civil_oaxaca.jpg","datePublished":"2026-08-31T21:04:37+00:00","dateModified":"2026-08-31T21:04:39+00:00","author":{"@id":"https:\/\/www.bbmnoticias.com\/labravaradiofm\/#\/schema\/person\/9eb037257fc48a09cdf31d9a2f45619f"},"breadcrumb":{"@id":"https:\/\/www.bbmnoticias.com\/protestan-trabajadores-del-hospital-civil-de-oaxaca-por-falta-de-elevador-y-carencias\/#breadcrumb"},"inLanguage":"es","potentialAction":[{"@type":"ReadAction","target":["https:\/\/www.bbmnoticias.com\/protestan-trabajadores-del-hospital-civil-de-oaxaca-por-falta-de-elevador-y-carencias\/"]}]},{"@type":"ImageObject","inLanguage":"es","@id":"https:\/\/www.bbmnoticias.com\/protestan-trabajadores-del-hospital-civil-de-oaxaca-por-falta-de-elevador-y-carencias\/#primaryimage","url":"https:\/\/www.bbmnoticias.com\/labravaradiofm\/wp-content\/uploads\/sites\/5\/2026\/08\/hospital_civil_oaxaca.jpg","contentUrl":"https:\/\/www.bbmnoticias.com\/labravaradiofm\/wp-content\/uploads\/sites\/5\/2026\/08\/hospital_civil_oaxaca.jpg","width":800,"height":448},{"@type":"BreadcrumbList","@id":"https:\/\/www.bbmnoticias.com\/protestan-trabajadores-del-hospital-civil-de-oaxaca-por-falta-de-elevador-y-carencias\/#breadcrumb","itemListElement":[{"@type":"ListItem","position":1,"name":"Inicio","item":"https:\/\/www.bbmnoticias.com\/labravaradiofm\/"},{"@type":"ListItem","position":2,"name":"Protestan trabajadores del Hospital Civil de Oaxaca por falta de elevador y carencias"}]},{"@type":"WebSite","@id":"https:\/\/www.bbmnoticias.com\/labravaradiofm\/#website","url":"https:\/\/www.bbmnoticias.com\/labravaradiofm\/","name":"LA BRAVA RADIO","description":"Empresa productora de medios, Radiodifusi\u00f3n, Noticias, tendencias y todo lo que necesitas saber de la pol\u00edtica mexicana e internacional; entretenimiento, espect\u00e1culos, salud y mucho m\u00e1s.","potentialAction":[{"@type":"SearchAction","target":{"@type":"EntryPoint","urlTemplate":"https:\/\/www.bbmnoticias.com\/labravaradiofm\/?s={search_term_string}"},"query-input":{"@type":"PropertyValueSpecification","valueRequired":true,"valueName":"search_term_string"}}],"inLanguage":"es"},{"@type":"Person","@id":"https:\/\/www.bbmnoticias.com\/labravaradiofm\/#\/schema\/person\/9eb037257fc48a09cdf31d9a2f45619f","name":"Staff","image":{"@type":"ImageObject","inLanguage":"es","@id":"https:\/\/secure.gravatar.com\/avatar\/fdd21ad66fd8b98c407f9dee5b5e588cfe7f0d8579ec20fa6527cd59bab7f0f0?s=96&d=mm&r=g","url":"https:\/\/secure.gravatar.com\/avatar\/fdd21ad66fd8b98c407f9dee5b5e588cfe7f0d8579ec20fa6527cd59bab7f0f0?s=96&d=mm&r=g","contentUrl":"https:\/\/secure.gravatar.com\/avatar\/fdd21ad66fd8b98c407f9dee5b5e588cfe7f0d8579ec20fa6527cd59bab7f0f0?s=96&d=mm&r=g","caption":"Staff"},"url":"https:\/\/www.bbmnoticias.com\/labravaradiofm\/author\/redaccion\/"}]}},"_links":{"self":[{"href":"https:\/\/www.bbmnoticias.com\/labravaradiofm\/wp-json\/wp\/v2\/posts\/81286","targetHints":{"allow":["GET"]}}],"collection":[{"href":"https:\/\/www.bbmnoticias.com\/labravaradiofm\/wp-json\/wp\/v2\/posts"}],"about":[{"href":"https:\/\/www.bbmnoticias.com\/labravaradiofm\/wp-json\/wp\/v2\/types\/post"}],"author":[{"embeddable":true,"href":"https:\/\/www.bbmnoticias.com\/labravaradiofm\/wp-json\/wp\/v2\/users\/2"}],"replies":[{"embeddable":true,"href":"https:\/\/www.bbmnoticias.com\/labravaradiofm\/wp-json\/wp\/v2\/comments?post=81286"}],"version-history":[{"count":1,"href":"https:\/\/www.bbmnoticias.com\/labravaradiofm\/wp-json\/wp\/v2\/posts\/81286\/revisions"}],"predecessor-version":[{"id":81287,"href":"https:\/\/www.bbmnoticias.com\/labravaradiofm\/wp-json\/wp\/v2\/posts\/81286\/revisions\/81287"}],"wp:featuredmedia":[{"embeddable":true,"href":"https:\/\/www.bbmnoticias.com\/labravaradiofm\/wp-json\/wp\/v2\/media\/81288"}],"wp:attachment":[{"href":"https:\/\/www.bbmnoticias.com\/labravaradiofm\/wp-json\/wp\/v2\/media?parent=81286"}],"wp:term":[{"taxonomy":"category","embeddable":true,"href":"https:\/\/www.bbmnoticias.com\/labravaradiofm\/wp-json\/wp\/v2\/categories?post=81286"},{"taxonomy":"post_tag","embeddable":true,"href":"https:\/\/www.bbmnoticias.com\/labravaradiofm\/wp-json\/wp\/v2\/tags?post=81286"}],"curies":[{"name":"wp","href":"https:\/\/api.w.org\/{rel}","templated":true}]}}