{"id":81283,"date":"2026-08-31T14:45:08","date_gmt":"2026-08-31T20:45:08","guid":{"rendered":"https:\/\/www.bbmnoticias.com\/labravaradiofm\/2026\/08\/31\/jucopo-acuerda-ruta-parlamentaria-para-inicio-de-sesiones-ordinarias-perfilan-a-raul-bolanos-para-presidir-la-mesa-directiva\/"},"modified":"2026-08-31T14:45:12","modified_gmt":"2026-08-31T20:45:12","slug":"jucopo-acuerda-ruta-parlamentaria-para-inicio-de-sesiones-ordinarias-perfilan-a-raul-bolanos-para-presidir-la-mesa-directiva","status":"publish","type":"post","link":"https:\/\/www.bbmnoticias.com\/labravaradiofm\/2026\/08\/31\/jucopo-acuerda-ruta-parlamentaria-para-inicio-de-sesiones-ordinarias-perfilan-a-raul-bolanos-para-presidir-la-mesa-directiva\/","title":{"rendered":"Jucopo acuerda ruta parlamentaria para inicio de sesiones ordinarias; perfilan a Ra\u00fal Bola\u00f1os para presidir la Mesa Directiva"},"content":{"rendered":"\n<p class=\"wp-block-paragraph\"><strong>Ciudad de M\u00e9xico, 31 de agosto de 2026.-<\/strong> La Junta de Coordinaci\u00f3n Pol\u00edtica (Jucopo) de la C\u00e1mara de Diputados acord\u00f3 por unanimidad la ruta parlamentaria para el inicio del tercer a\u00f1o de ejercicio de la LXVI Legislatura, que contempla la renovaci\u00f3n de la Mesa Directiva, la recepci\u00f3n del Segundo Informe de Gobierno de la presidenta Claudia Sheinbaum y la conmemoraci\u00f3n del D\u00eda de la Mujer Ind\u00edgena.<\/p>\n\n\n\n<p class=\"wp-block-paragraph\">El presidente de la Jucopo, <strong>Ricardo Monreal<\/strong>, inform\u00f3 que los acuerdos establecen las actividades que se desarrollar\u00e1n durante esta semana en San L\u00e1zaro.<\/p>\n\n\n\n<p class=\"wp-block-paragraph\">\u201cHoy, en la reuni\u00f3n de la Jucopo, acordamos por unanimidad la ruta parlamentaria de esta semana: instalaci\u00f3n de la Mesa Directiva, recepci\u00f3n del Segundo Informe de la Presidenta Claudia Sheinbaum y la conmemoraci\u00f3n por el D\u00eda de la Mujer Ind\u00edgena\u201d, se\u00f1al\u00f3 a trav\u00e9s de redes sociales.<\/p>\n\n\n\n<h2 class=\"wp-block-heading\">Prev\u00e9n elegir a Ra\u00fal Bola\u00f1os como presidente de la Mesa Directiva<\/h2>\n\n\n\n<p class=\"wp-block-paragraph\">Como parte del proceso de renovaci\u00f3n del \u00f3rgano legislativo, este lunes se llevar\u00e1 a cabo una sesi\u00f3n preparatoria a las <strong>17:00 horas<\/strong>, en la que se prev\u00e9 la elecci\u00f3n del diputado del Partido Verde, <strong>Ra\u00fal Bola\u00f1os<\/strong>, como presidente de la Mesa Directiva.<\/p>\n\n\n\n<p class=\"wp-block-paragraph\">Asimismo, la C\u00e1mara de Diputados tendr\u00e1 sesiones ordinarias los d\u00edas <strong>1 y 2 de septiembre<\/strong>.<\/p>\n\n\n\n<p class=\"wp-block-paragraph\">El coordinador del PRI en San L\u00e1zaro, <strong>Rub\u00e9n Moreira<\/strong>, adelant\u00f3 que su bancada votar\u00e1 a favor de la propuesta, al considerar que Bola\u00f1os cumple con los acuerdos establecidos para la actual Legislatura.<\/p>\n\n\n\n<p class=\"wp-block-paragraph\">Moreira sostuvo que conf\u00edan en que el legislador desempe\u00f1ar\u00e1 el cargo con prudencia y como \u00e1rbitro de los trabajos parlamentarios, garantizando la libre discusi\u00f3n de las ideas.<\/p>\n\n\n\n<h2 class=\"wp-block-heading\">PRI plantea ampliar los periodos de sesiones<\/h2>\n\n\n\n<p class=\"wp-block-paragraph\">Ante la existencia de m\u00e1s de <strong>6 mil iniciativas pendientes de dictaminar<\/strong>, el coordinador priista adelant\u00f3 que su bancada presentar\u00e1 una iniciativa para ampliar los periodos ordinarios de sesiones.<\/p>\n\n\n\n<p class=\"wp-block-paragraph\">La propuesta tambi\u00e9n contempla establecer la obligaci\u00f3n de las comisiones legislativas de resolver, a favor o en contra, los asuntos que les sean turnados durante el mismo periodo.<\/p>\n\n\n\n<p class=\"wp-block-paragraph\">\u201cPorque no est\u00e1n sesionando, no est\u00e1n haciendo dict\u00e1menes. Esa es la verdad, por eso tampoco se vota en el pleno\u201d, afirm\u00f3 Moreira.<\/p>\n\n\n\n<p class=\"wp-block-paragraph\">El legislador tambi\u00e9n adelant\u00f3 que el PRI buscar\u00e1 impulsar mayores recursos para el <strong>Poder Judicial, la Secretar\u00eda de Seguridad y la Secretar\u00eda de Relaciones Exteriores<\/strong>, particularmente para fortalecer la protecci\u00f3n consular de los mexicanos que se encuentran en el extranjero.<\/p>\n\n\n\n<h2 class=\"wp-block-heading\">Movimiento Ciudadano buscar\u00e1 autonom\u00eda de las fiscal\u00edas<\/h2>\n\n\n\n<p class=\"wp-block-paragraph\">Por su parte, la coordinadora de Movimiento Ciudadano, <strong>Ivonne Ortega<\/strong>, cuestion\u00f3 el funcionamiento de las fiscal\u00edas federal y estatales y anunci\u00f3 que su bancada impulsar\u00e1 una iniciativa para fortalecer su autonom\u00eda.<\/p>\n\n\n\n<p class=\"wp-block-paragraph\">\u201cVamos por la autonom\u00eda de las fiscal\u00edas\u201d, sentenci\u00f3.<\/p>\n\n\n\n<p class=\"wp-block-paragraph\">La legisladora sostuvo que, desde su perspectiva, las fiscal\u00edas han dejado de actuar con independencia y se han convertido en instrumentos de los gobiernos.<\/p>\n\n\n\n<p class=\"wp-block-paragraph\">Como ejemplo, mencion\u00f3 la situaci\u00f3n en Veracruz, donde afirm\u00f3 que m\u00e1s de <strong>3 mil personas han sido encarceladas<\/strong>, adem\u00e1s de cuestionar procesos contra dos presidentes municipales.<\/p>\n\n\n\n<p class=\"wp-block-paragraph\">Ortega se\u00f1al\u00f3 que su bancada buscar\u00e1 presentar lo antes posible una propuesta para garantizar que las fiscal\u00edas federal y estatales recuperen su independencia y act\u00faen en funci\u00f3n de las necesidades de la sociedad.<\/p>\n","protected":false},"excerpt":{"rendered":"<p>Ciudad de M\u00e9xico, 31 de agosto de 2026.- La Junta de Coordinaci\u00f3n Pol\u00edtica (Jucopo) de la C\u00e1mara de Diputados acord\u00f3 por unanimidad la ruta parlamentaria para el inicio del tercer a\u00f1o de ejercicio de la LXVI Legislatura, que contempla la renovaci\u00f3n de la Mesa Directiva, la recepci\u00f3n del Segundo Informe de Gobierno de la presidenta [&hellip;]<\/p>\n","protected":false},"author":4,"featured_media":81285,"comment_status":"closed","ping_status":"open","sticky":false,"template":"","format":"standard","meta":{"footnotes":""},"categories":[2,19],"tags":[],"class_list":["post-81283","post","type-post","status-publish","format-standard","has-post-thumbnail","hentry","category-oaxaca","category-nacional"],"yoast_head":"<!-- This site is optimized with the Yoast SEO plugin v28.1 - https:\/\/yoast.com\/product\/yoast-seo-wordpress\/ -->\n<title>Jucopo acuerda ruta parlamentaria para inicio de sesiones ordinarias; perfilan a Ra\u00fal Bola\u00f1os para presidir la Mesa Directiva - LA BRAVA RADIO<\/title>\n<meta name=\"robots\" content=\"index, follow, max-snippet:-1, max-image-preview:large, max-video-preview:-1\" \/>\n<link rel=\"canonical\" href=\"https:\/\/www.bbmnoticias.com\/jucopo-acuerda-ruta-parlamentaria-para-inicio-de-sesiones-ordinarias-perfilan-a-raul-bolanos-para-presidir-la-mesa-directiva\/\" \/>\n<meta property=\"og:locale\" content=\"es_MX\" \/>\n<meta property=\"og:type\" content=\"article\" \/>\n<meta property=\"og:title\" content=\"Jucopo acuerda ruta parlamentaria para inicio de sesiones ordinarias; perfilan a Ra\u00fal Bola\u00f1os para presidir la Mesa Directiva - LA BRAVA RADIO\" \/>\n<meta property=\"og:description\" content=\"Ciudad de M\u00e9xico, 31 de agosto de 2026.- La Junta de Coordinaci\u00f3n Pol\u00edtica (Jucopo) de la C\u00e1mara de Diputados acord\u00f3 por unanimidad la ruta parlamentaria para el inicio del tercer a\u00f1o de ejercicio de la LXVI Legislatura, que contempla la renovaci\u00f3n de la Mesa Directiva, la recepci\u00f3n del Segundo Informe de Gobierno de la presidenta [&hellip;]\" \/>\n<meta property=\"og:url\" content=\"https:\/\/www.bbmnoticias.com\/jucopo-acuerda-ruta-parlamentaria-para-inicio-de-sesiones-ordinarias-perfilan-a-raul-bolanos-para-presidir-la-mesa-directiva\/\" \/>\n<meta property=\"og:site_name\" content=\"LA BRAVA RADIO\" \/>\n<meta property=\"article:published_time\" content=\"2026-08-31T20:45:08+00:00\" \/>\n<meta property=\"article:modified_time\" content=\"2026-08-31T20:45:12+00:00\" \/>\n<meta property=\"og:image\" content=\"https:\/\/www.bbmnoticias.com\/labravaradiofm\/wp-content\/uploads\/sites\/5\/2026\/08\/jucopo_mexico.webp\" \/>\n\t<meta property=\"og:image:width\" content=\"848\" \/>\n\t<meta property=\"og:image:height\" content=\"477\" \/>\n\t<meta property=\"og:image:type\" content=\"image\/webp\" \/>\n<meta name=\"author\" content=\"Agencias\" \/>\n<meta name=\"twitter:card\" content=\"summary_large_image\" \/>\n<meta name=\"twitter:label1\" content=\"Escrito por\" \/>\n\t<meta name=\"twitter:data1\" content=\"Agencias\" \/>\n\t<meta name=\"twitter:label2\" content=\"Tiempo de lectura\" \/>\n\t<meta name=\"twitter:data2\" content=\"3 minutos\" \/>\n<script type=\"application\/ld+json\" class=\"yoast-schema-graph\">{\"@context\":\"https:\\\/\\\/schema.org\",\"@graph\":[{\"@type\":\"Article\",\"@id\":\"https:\\\/\\\/www.bbmnoticias.com\\\/jucopo-acuerda-ruta-parlamentaria-para-inicio-de-sesiones-ordinarias-perfilan-a-raul-bolanos-para-presidir-la-mesa-directiva\\\/#article\",\"isPartOf\":{\"@id\":\"https:\\\/\\\/www.bbmnoticias.com\\\/labravaradiofm\\\/2026\\\/08\\\/31\\\/jucopo-acuerda-ruta-parlamentaria-para-inicio-de-sesiones-ordinarias-perfilan-a-raul-bolanos-para-presidir-la-mesa-directiva\\\/\"},\"author\":{\"name\":\"Agencias\",\"@id\":\"https:\\\/\\\/www.bbmnoticias.com\\\/labravaradiofm\\\/#\\\/schema\\\/person\\\/9fbc5ce7940cac56d0ea1e2b03b6d30c\"},\"headline\":\"Jucopo acuerda ruta parlamentaria para inicio de sesiones ordinarias; perfilan a Ra\u00fal Bola\u00f1os para presidir la Mesa Directiva\",\"datePublished\":\"2026-08-31T20:45:08+00:00\",\"dateModified\":\"2026-08-31T20:45:12+00:00\",\"mainEntityOfPage\":{\"@id\":\"https:\\\/\\\/www.bbmnoticias.com\\\/labravaradiofm\\\/2026\\\/08\\\/31\\\/jucopo-acuerda-ruta-parlamentaria-para-inicio-de-sesiones-ordinarias-perfilan-a-raul-bolanos-para-presidir-la-mesa-directiva\\\/\"},\"wordCount\":591,\"image\":{\"@id\":\"https:\\\/\\\/www.bbmnoticias.com\\\/jucopo-acuerda-ruta-parlamentaria-para-inicio-de-sesiones-ordinarias-perfilan-a-raul-bolanos-para-presidir-la-mesa-directiva\\\/#primaryimage\"},\"thumbnailUrl\":\"https:\\\/\\\/www.bbmnoticias.com\\\/labravaradiofm\\\/wp-content\\\/uploads\\\/sites\\\/5\\\/2026\\\/08\\\/jucopo_mexico.webp\",\"articleSection\":[\"LOCAL\",\"NACIONAL\"],\"inLanguage\":\"es\"},{\"@type\":\"WebPage\",\"@id\":\"https:\\\/\\\/www.bbmnoticias.com\\\/labravaradiofm\\\/2026\\\/08\\\/31\\\/jucopo-acuerda-ruta-parlamentaria-para-inicio-de-sesiones-ordinarias-perfilan-a-raul-bolanos-para-presidir-la-mesa-directiva\\\/\",\"url\":\"https:\\\/\\\/www.bbmnoticias.com\\\/jucopo-acuerda-ruta-parlamentaria-para-inicio-de-sesiones-ordinarias-perfilan-a-raul-bolanos-para-presidir-la-mesa-directiva\\\/\",\"name\":\"Jucopo acuerda ruta parlamentaria para inicio de sesiones ordinarias; perfilan a Ra\u00fal Bola\u00f1os para presidir la Mesa Directiva - LA BRAVA RADIO\",\"isPartOf\":{\"@id\":\"https:\\\/\\\/www.bbmnoticias.com\\\/labravaradiofm\\\/#website\"},\"primaryImageOfPage\":{\"@id\":\"https:\\\/\\\/www.bbmnoticias.com\\\/jucopo-acuerda-ruta-parlamentaria-para-inicio-de-sesiones-ordinarias-perfilan-a-raul-bolanos-para-presidir-la-mesa-directiva\\\/#primaryimage\"},\"image\":{\"@id\":\"https:\\\/\\\/www.bbmnoticias.com\\\/jucopo-acuerda-ruta-parlamentaria-para-inicio-de-sesiones-ordinarias-perfilan-a-raul-bolanos-para-presidir-la-mesa-directiva\\\/#primaryimage\"},\"thumbnailUrl\":\"https:\\\/\\\/www.bbmnoticias.com\\\/labravaradiofm\\\/wp-content\\\/uploads\\\/sites\\\/5\\\/2026\\\/08\\\/jucopo_mexico.webp\",\"datePublished\":\"2026-08-31T20:45:08+00:00\",\"dateModified\":\"2026-08-31T20:45:12+00:00\",\"author\":{\"@id\":\"https:\\\/\\\/www.bbmnoticias.com\\\/labravaradiofm\\\/#\\\/schema\\\/person\\\/9fbc5ce7940cac56d0ea1e2b03b6d30c\"},\"breadcrumb\":{\"@id\":\"https:\\\/\\\/www.bbmnoticias.com\\\/jucopo-acuerda-ruta-parlamentaria-para-inicio-de-sesiones-ordinarias-perfilan-a-raul-bolanos-para-presidir-la-mesa-directiva\\\/#breadcrumb\"},\"inLanguage\":\"es\",\"potentialAction\":[{\"@type\":\"ReadAction\",\"target\":[\"https:\\\/\\\/www.bbmnoticias.com\\\/jucopo-acuerda-ruta-parlamentaria-para-inicio-de-sesiones-ordinarias-perfilan-a-raul-bolanos-para-presidir-la-mesa-directiva\\\/\"]}]},{\"@type\":\"ImageObject\",\"inLanguage\":\"es\",\"@id\":\"https:\\\/\\\/www.bbmnoticias.com\\\/jucopo-acuerda-ruta-parlamentaria-para-inicio-de-sesiones-ordinarias-perfilan-a-raul-bolanos-para-presidir-la-mesa-directiva\\\/#primaryimage\",\"url\":\"https:\\\/\\\/www.bbmnoticias.com\\\/labravaradiofm\\\/wp-content\\\/uploads\\\/sites\\\/5\\\/2026\\\/08\\\/jucopo_mexico.webp\",\"contentUrl\":\"https:\\\/\\\/www.bbmnoticias.com\\\/labravaradiofm\\\/wp-content\\\/uploads\\\/sites\\\/5\\\/2026\\\/08\\\/jucopo_mexico.webp\",\"width\":848,\"height\":477},{\"@type\":\"BreadcrumbList\",\"@id\":\"https:\\\/\\\/www.bbmnoticias.com\\\/jucopo-acuerda-ruta-parlamentaria-para-inicio-de-sesiones-ordinarias-perfilan-a-raul-bolanos-para-presidir-la-mesa-directiva\\\/#breadcrumb\",\"itemListElement\":[{\"@type\":\"ListItem\",\"position\":1,\"name\":\"Inicio\",\"item\":\"https:\\\/\\\/www.bbmnoticias.com\\\/labravaradiofm\\\/\"},{\"@type\":\"ListItem\",\"position\":2,\"name\":\"Jucopo acuerda ruta parlamentaria para inicio de sesiones ordinarias; perfilan a Ra\u00fal Bola\u00f1os para presidir la Mesa Directiva\"}]},{\"@type\":\"WebSite\",\"@id\":\"https:\\\/\\\/www.bbmnoticias.com\\\/labravaradiofm\\\/#website\",\"url\":\"https:\\\/\\\/www.bbmnoticias.com\\\/labravaradiofm\\\/\",\"name\":\"LA BRAVA RADIO\",\"description\":\"Empresa productora de medios, Radiodifusi\u00f3n, Noticias, tendencias y todo lo que necesitas saber de la pol\u00edtica mexicana e internacional; entretenimiento, espect\u00e1culos, salud y mucho m\u00e1s.\",\"potentialAction\":[{\"@type\":\"SearchAction\",\"target\":{\"@type\":\"EntryPoint\",\"urlTemplate\":\"https:\\\/\\\/www.bbmnoticias.com\\\/labravaradiofm\\\/?s={search_term_string}\"},\"query-input\":{\"@type\":\"PropertyValueSpecification\",\"valueRequired\":true,\"valueName\":\"search_term_string\"}}],\"inLanguage\":\"es\"},{\"@type\":\"Person\",\"@id\":\"https:\\\/\\\/www.bbmnoticias.com\\\/labravaradiofm\\\/#\\\/schema\\\/person\\\/9fbc5ce7940cac56d0ea1e2b03b6d30c\",\"name\":\"Agencias\",\"image\":{\"@type\":\"ImageObject\",\"inLanguage\":\"es\",\"@id\":\"https:\\\/\\\/secure.gravatar.com\\\/avatar\\\/739e0b61adf9e398b425c36718c8752286da0e8cd90f20ce9a86678abc26aa0d?s=96&d=mm&r=g\",\"url\":\"https:\\\/\\\/secure.gravatar.com\\\/avatar\\\/739e0b61adf9e398b425c36718c8752286da0e8cd90f20ce9a86678abc26aa0d?s=96&d=mm&r=g\",\"contentUrl\":\"https:\\\/\\\/secure.gravatar.com\\\/avatar\\\/739e0b61adf9e398b425c36718c8752286da0e8cd90f20ce9a86678abc26aa0d?s=96&d=mm&r=g\",\"caption\":\"Agencias\"},\"url\":\"https:\\\/\\\/www.bbmnoticias.com\\\/labravaradiofm\\\/author\\\/agencias\\\/\"}]}<\/script>\n<!-- \/ Yoast SEO plugin. -->","yoast_head_json":{"title":"Jucopo acuerda ruta parlamentaria para inicio de sesiones ordinarias; perfilan a Ra\u00fal Bola\u00f1os para presidir la Mesa Directiva - LA BRAVA RADIO","robots":{"index":"index","follow":"follow","max-snippet":"max-snippet:-1","max-image-preview":"max-image-preview:large","max-video-preview":"max-video-preview:-1"},"canonical":"https:\/\/www.bbmnoticias.com\/jucopo-acuerda-ruta-parlamentaria-para-inicio-de-sesiones-ordinarias-perfilan-a-raul-bolanos-para-presidir-la-mesa-directiva\/","og_locale":"es_MX","og_type":"article","og_title":"Jucopo acuerda ruta parlamentaria para inicio de sesiones ordinarias; perfilan a Ra\u00fal Bola\u00f1os para presidir la Mesa Directiva - LA BRAVA RADIO","og_description":"Ciudad de M\u00e9xico, 31 de agosto de 2026.- La Junta de Coordinaci\u00f3n Pol\u00edtica (Jucopo) de la C\u00e1mara de Diputados acord\u00f3 por unanimidad la ruta parlamentaria para el inicio del tercer a\u00f1o de ejercicio de la LXVI Legislatura, que contempla la renovaci\u00f3n de la Mesa Directiva, la recepci\u00f3n del Segundo Informe de Gobierno de la presidenta [&hellip;]","og_url":"https:\/\/www.bbmnoticias.com\/jucopo-acuerda-ruta-parlamentaria-para-inicio-de-sesiones-ordinarias-perfilan-a-raul-bolanos-para-presidir-la-mesa-directiva\/","og_site_name":"LA BRAVA RADIO","article_published_time":"2026-08-31T20:45:08+00:00","article_modified_time":"2026-08-31T20:45:12+00:00","og_image":[{"width":848,"height":477,"url":"https:\/\/www.bbmnoticias.com\/labravaradiofm\/wp-content\/uploads\/sites\/5\/2026\/08\/jucopo_mexico.webp","type":"image\/webp"}],"author":"Agencias","twitter_card":"summary_large_image","twitter_misc":{"Escrito por":"Agencias","Tiempo de lectura":"3 minutos"},"schema":{"@context":"https:\/\/schema.org","@graph":[{"@type":"Article","@id":"https:\/\/www.bbmnoticias.com\/jucopo-acuerda-ruta-parlamentaria-para-inicio-de-sesiones-ordinarias-perfilan-a-raul-bolanos-para-presidir-la-mesa-directiva\/#article","isPartOf":{"@id":"https:\/\/www.bbmnoticias.com\/labravaradiofm\/2026\/08\/31\/jucopo-acuerda-ruta-parlamentaria-para-inicio-de-sesiones-ordinarias-perfilan-a-raul-bolanos-para-presidir-la-mesa-directiva\/"},"author":{"name":"Agencias","@id":"https:\/\/www.bbmnoticias.com\/labravaradiofm\/#\/schema\/person\/9fbc5ce7940cac56d0ea1e2b03b6d30c"},"headline":"Jucopo acuerda ruta parlamentaria para inicio de sesiones ordinarias; perfilan a Ra\u00fal Bola\u00f1os para presidir la Mesa Directiva","datePublished":"2026-08-31T20:45:08+00:00","dateModified":"2026-08-31T20:45:12+00:00","mainEntityOfPage":{"@id":"https:\/\/www.bbmnoticias.com\/labravaradiofm\/2026\/08\/31\/jucopo-acuerda-ruta-parlamentaria-para-inicio-de-sesiones-ordinarias-perfilan-a-raul-bolanos-para-presidir-la-mesa-directiva\/"},"wordCount":591,"image":{"@id":"https:\/\/www.bbmnoticias.com\/jucopo-acuerda-ruta-parlamentaria-para-inicio-de-sesiones-ordinarias-perfilan-a-raul-bolanos-para-presidir-la-mesa-directiva\/#primaryimage"},"thumbnailUrl":"https:\/\/www.bbmnoticias.com\/labravaradiofm\/wp-content\/uploads\/sites\/5\/2026\/08\/jucopo_mexico.webp","articleSection":["LOCAL","NACIONAL"],"inLanguage":"es"},{"@type":"WebPage","@id":"https:\/\/www.bbmnoticias.com\/labravaradiofm\/2026\/08\/31\/jucopo-acuerda-ruta-parlamentaria-para-inicio-de-sesiones-ordinarias-perfilan-a-raul-bolanos-para-presidir-la-mesa-directiva\/","url":"https:\/\/www.bbmnoticias.com\/jucopo-acuerda-ruta-parlamentaria-para-inicio-de-sesiones-ordinarias-perfilan-a-raul-bolanos-para-presidir-la-mesa-directiva\/","name":"Jucopo acuerda ruta parlamentaria para inicio de sesiones ordinarias; perfilan a Ra\u00fal Bola\u00f1os para presidir la Mesa Directiva - LA BRAVA RADIO","isPartOf":{"@id":"https:\/\/www.bbmnoticias.com\/labravaradiofm\/#website"},"primaryImageOfPage":{"@id":"https:\/\/www.bbmnoticias.com\/jucopo-acuerda-ruta-parlamentaria-para-inicio-de-sesiones-ordinarias-perfilan-a-raul-bolanos-para-presidir-la-mesa-directiva\/#primaryimage"},"image":{"@id":"https:\/\/www.bbmnoticias.com\/jucopo-acuerda-ruta-parlamentaria-para-inicio-de-sesiones-ordinarias-perfilan-a-raul-bolanos-para-presidir-la-mesa-directiva\/#primaryimage"},"thumbnailUrl":"https:\/\/www.bbmnoticias.com\/labravaradiofm\/wp-content\/uploads\/sites\/5\/2026\/08\/jucopo_mexico.webp","datePublished":"2026-08-31T20:45:08+00:00","dateModified":"2026-08-31T20:45:12+00:00","author":{"@id":"https:\/\/www.bbmnoticias.com\/labravaradiofm\/#\/schema\/person\/9fbc5ce7940cac56d0ea1e2b03b6d30c"},"breadcrumb":{"@id":"https:\/\/www.bbmnoticias.com\/jucopo-acuerda-ruta-parlamentaria-para-inicio-de-sesiones-ordinarias-perfilan-a-raul-bolanos-para-presidir-la-mesa-directiva\/#breadcrumb"},"inLanguage":"es","potentialAction":[{"@type":"ReadAction","target":["https:\/\/www.bbmnoticias.com\/jucopo-acuerda-ruta-parlamentaria-para-inicio-de-sesiones-ordinarias-perfilan-a-raul-bolanos-para-presidir-la-mesa-directiva\/"]}]},{"@type":"ImageObject","inLanguage":"es","@id":"https:\/\/www.bbmnoticias.com\/jucopo-acuerda-ruta-parlamentaria-para-inicio-de-sesiones-ordinarias-perfilan-a-raul-bolanos-para-presidir-la-mesa-directiva\/#primaryimage","url":"https:\/\/www.bbmnoticias.com\/labravaradiofm\/wp-content\/uploads\/sites\/5\/2026\/08\/jucopo_mexico.webp","contentUrl":"https:\/\/www.bbmnoticias.com\/labravaradiofm\/wp-content\/uploads\/sites\/5\/2026\/08\/jucopo_mexico.webp","width":848,"height":477},{"@type":"BreadcrumbList","@id":"https:\/\/www.bbmnoticias.com\/jucopo-acuerda-ruta-parlamentaria-para-inicio-de-sesiones-ordinarias-perfilan-a-raul-bolanos-para-presidir-la-mesa-directiva\/#breadcrumb","itemListElement":[{"@type":"ListItem","position":1,"name":"Inicio","item":"https:\/\/www.bbmnoticias.com\/labravaradiofm\/"},{"@type":"ListItem","position":2,"name":"Jucopo acuerda ruta parlamentaria para inicio de sesiones ordinarias; perfilan a Ra\u00fal Bola\u00f1os para presidir la Mesa Directiva"}]},{"@type":"WebSite","@id":"https:\/\/www.bbmnoticias.com\/labravaradiofm\/#website","url":"https:\/\/www.bbmnoticias.com\/labravaradiofm\/","name":"LA BRAVA RADIO","description":"Empresa productora de medios, Radiodifusi\u00f3n, Noticias, tendencias y todo lo que necesitas saber de la pol\u00edtica mexicana e internacional; entretenimiento, espect\u00e1culos, salud y mucho m\u00e1s.","potentialAction":[{"@type":"SearchAction","target":{"@type":"EntryPoint","urlTemplate":"https:\/\/www.bbmnoticias.com\/labravaradiofm\/?s={search_term_string}"},"query-input":{"@type":"PropertyValueSpecification","valueRequired":true,"valueName":"search_term_string"}}],"inLanguage":"es"},{"@type":"Person","@id":"https:\/\/www.bbmnoticias.com\/labravaradiofm\/#\/schema\/person\/9fbc5ce7940cac56d0ea1e2b03b6d30c","name":"Agencias","image":{"@type":"ImageObject","inLanguage":"es","@id":"https:\/\/secure.gravatar.com\/avatar\/739e0b61adf9e398b425c36718c8752286da0e8cd90f20ce9a86678abc26aa0d?s=96&d=mm&r=g","url":"https:\/\/secure.gravatar.com\/avatar\/739e0b61adf9e398b425c36718c8752286da0e8cd90f20ce9a86678abc26aa0d?s=96&d=mm&r=g","contentUrl":"https:\/\/secure.gravatar.com\/avatar\/739e0b61adf9e398b425c36718c8752286da0e8cd90f20ce9a86678abc26aa0d?s=96&d=mm&r=g","caption":"Agencias"},"url":"https:\/\/www.bbmnoticias.com\/labravaradiofm\/author\/agencias\/"}]}},"_links":{"self":[{"href":"https:\/\/www.bbmnoticias.com\/labravaradiofm\/wp-json\/wp\/v2\/posts\/81283","targetHints":{"allow":["GET"]}}],"collection":[{"href":"https:\/\/www.bbmnoticias.com\/labravaradiofm\/wp-json\/wp\/v2\/posts"}],"about":[{"href":"https:\/\/www.bbmnoticias.com\/labravaradiofm\/wp-json\/wp\/v2\/types\/post"}],"author":[{"embeddable":true,"href":"https:\/\/www.bbmnoticias.com\/labravaradiofm\/wp-json\/wp\/v2\/users\/4"}],"replies":[{"embeddable":true,"href":"https:\/\/www.bbmnoticias.com\/labravaradiofm\/wp-json\/wp\/v2\/comments?post=81283"}],"version-history":[{"count":1,"href":"https:\/\/www.bbmnoticias.com\/labravaradiofm\/wp-json\/wp\/v2\/posts\/81283\/revisions"}],"predecessor-version":[{"id":81284,"href":"https:\/\/www.bbmnoticias.com\/labravaradiofm\/wp-json\/wp\/v2\/posts\/81283\/revisions\/81284"}],"wp:featuredmedia":[{"embeddable":true,"href":"https:\/\/www.bbmnoticias.com\/labravaradiofm\/wp-json\/wp\/v2\/media\/81285"}],"wp:attachment":[{"href":"https:\/\/www.bbmnoticias.com\/labravaradiofm\/wp-json\/wp\/v2\/media?parent=81283"}],"wp:term":[{"taxonomy":"category","embeddable":true,"href":"https:\/\/www.bbmnoticias.com\/labravaradiofm\/wp-json\/wp\/v2\/categories?post=81283"},{"taxonomy":"post_tag","embeddable":true,"href":"https:\/\/www.bbmnoticias.com\/labravaradiofm\/wp-json\/wp\/v2\/tags?post=81283"}],"curies":[{"name":"wp","href":"https:\/\/api.w.org\/{rel}","templated":true}]}}