{"id":81277,"date":"2026-08-31T12:58:23","date_gmt":"2026-08-31T18:58:23","guid":{"rendered":"https:\/\/www.bbmnoticias.com\/labravaradiofm\/2026\/08\/31\/en-mexico-se-construye-un-proyecto-con-raices-en-el-humanismo-y-una-vision-moderna\/"},"modified":"2026-08-31T12:58:36","modified_gmt":"2026-08-31T18:58:36","slug":"en-mexico-se-construye-un-proyecto-con-raices-en-el-humanismo-y-una-vision-moderna","status":"publish","type":"post","link":"https:\/\/www.bbmnoticias.com\/labravaradiofm\/2026\/08\/31\/en-mexico-se-construye-un-proyecto-con-raices-en-el-humanismo-y-una-vision-moderna\/","title":{"rendered":"En M\u00e9xico se construye un proyecto con ra\u00edces en el humanismo y una visi\u00f3n moderna"},"content":{"rendered":"\n<p class=\"wp-block-paragraph\">Bajo el liderazgo firme y honesto de la Presidenta Claudia Sheinbaum, en M\u00e9xico se construye el segundo piso de la Cuarta Transformaci\u00f3n. Un proyecto con ra\u00edces profundas en el humanismo mexicano y con una visi\u00f3n moderna: desarrollo con bienestar, innovaci\u00f3n con soberan\u00eda, crecimiento con justicia, prosperidad compartida y honestidad con resultados.<\/p>\n\n\n\n<p class=\"wp-block-paragraph\">As\u00ed lo manifest\u00f3 la secretaria de Gobernaci\u00f3n, Rosa Icela Rodr\u00edguez, al participar en la Plenaria del grupo parlamentario de Morena en la C\u00e1mara de Diputados, previo al inicio del Periodo Ordinario de Sesiones.<\/p>\n\n\n\n<p class=\"wp-block-paragraph\">Ah\u00ed expres\u00f3 que esta etapa exige responsabilidad, visi\u00f3n de Estado y capacidad de anteponer el inter\u00e9s colectivo sobre cualquier otro, para avanzar en los cambios que requiere el pa\u00eds.<\/p>\n\n\n\n<p class=\"wp-block-paragraph\">A las y los diputados les mencion\u00f3 que las reformas y leyes que habr\u00e1n de discutirse y, en su caso, aprobarse son instrumentos fundamentales para fortalecer las instituciones, garantizar derechos, impulsar el desarrollo y responder a las demandas leg\u00edtimas de la gente.<\/p>\n\n\n\n<p class=\"wp-block-paragraph\">Entre ellas, la iniciativa de reforma constitucional para garantizar que la persona que asuma la Presidencia de la Rep\u00fablica y los gobiernos de los estados solo cuente con la nacionalidad mexicana y ninguna otra; la iniciativa de la Ley General para Prevenir y Sancionar el Delito de Feminicidio, que busca unificar criterios penales en todo el pa\u00eds; as\u00ed como el paquete Anticorrupci\u00f3n y el paquete Econ\u00f3mico.<\/p>\n\n\n\n<p class=\"wp-block-paragraph\">Destac\u00f3 que M\u00e9xico cuenta con una mayor\u00eda transformadora, cohesionada en torno a las causas del pueblo, capaz de dialogar, de corregir cuando sea necesario y de mantenerse unida cuando est\u00e9 en juego el inter\u00e9s nacional.<\/p>\n\n\n\n<p class=\"wp-block-paragraph\">\u201cHoy ustedes est\u00e1n siendo protagonistas de una etapa hist\u00f3rica de nuestro pa\u00eds, porque son quienes llevan a la realidad, con su trabajo legislativo, lo que mexicanas y mexicanos han anhelado durante d\u00e9cadas y los gobiernos neoliberales se encargaron de desaparecer, que es el ejercicio pleno de sus derechos\u201d, destac\u00f3.<\/p>\n\n\n\n<p class=\"wp-block-paragraph\">Les expres\u00f3, adem\u00e1s, que es momento de mantener una conducta a la altura de los principios que dieron origen al movimiento, ya que la autoridad moral se construye todos los d\u00edas; la honestidad no es un discurso, es una forma de vida, una obligaci\u00f3n pol\u00edtica y la principal fortaleza de la transformaci\u00f3n.<\/p>\n\n\n\n<p class=\"wp-block-paragraph\">La secretaria Rodr\u00edguez afirm\u00f3 que el proceso electoral que se aproxima pondr\u00e1 a prueba al movimiento; habr\u00e1 competencia, como corresponde a una democracia, habr\u00e1 leg\u00edtimas aspiraciones y definiciones partidistas.<\/p>\n\n\n\n<p class=\"wp-block-paragraph\">\u201cEn los momentos decisivos debemos recordar que los cargos son transitorios y que el mandato del pueblo es permanente. Ninguna posici\u00f3n vale la divisi\u00f3n del movimiento y ninguna visi\u00f3n electoral justifica apartarnos de nuestros principios; ninguna visi\u00f3n individual puede estar por encima de M\u00e9xico\u201d, exclam\u00f3.<\/p>\n\n\n\n<p class=\"wp-block-paragraph\">Reconoci\u00f3 la labor del grupo parlamentario, el trato respetuoso y la buena coordinaci\u00f3n para hacer posible la construcci\u00f3n de acuerdos, ya que el respaldo al movimiento permiti\u00f3 convertir los compromisos en derechos y pol\u00edticas p\u00fablicas.<\/p>\n\n\n\n<p class=\"wp-block-paragraph\">La titular de Gobernaci\u00f3n subray\u00f3 que la justicia social tambi\u00e9n es una pol\u00edtica econ\u00f3mica eficaz para que las personas puedan estudiar, trabajar, producir, cuidar y vivir con dignidad.<\/p>\n\n\n\n<p class=\"wp-block-paragraph\">En materia de seguridad, se implementa una estrategia sustentada en cuatro ejes: atenci\u00f3n a las causas, consolidaci\u00f3n de la Guardia Nacional, inteligencia e investigaci\u00f3n, y coordinaci\u00f3n, lo cual ha hecho posible la reducci\u00f3n en la incidencia delictiva.<\/p>\n\n\n\n<p class=\"wp-block-paragraph\">El homicidio doloso baj\u00f3 51 por ciento y la percepci\u00f3n de inseguridad en junio disminuy\u00f3 cuatro puntos porcentuales en relaci\u00f3n con diciembre de 2025.<\/p>\n\n\n\n<p class=\"wp-block-paragraph\">Puntualiz\u00f3 que la Estrategia Nacional de Seguridad P\u00fablica funciona, ya que la Presidenta encabeza todos los d\u00edas el Gabinete de Seguridad para atender las problem\u00e1ticas que se registran en el pa\u00eds y mantener la gobernabilidad.<\/p>\n\n\n\n<p class=\"wp-block-paragraph\"><strong>B\u00fasqueda de personas desaparecidas<\/strong><\/p>\n\n\n\n<p class=\"wp-block-paragraph\">Coment\u00f3 que en materia de b\u00fasqueda de personas desaparecidas se fortaleci\u00f3 la coordinaci\u00f3n con fiscal\u00edas, comisiones de b\u00fasqueda, entidades federativas y colectivos. Con el apoyo del Legislativo se aprobaron reformas para tener nuevas herramientas de identidad y mecanismos para agilizar la localizaci\u00f3n.<\/p>\n\n\n\n<p class=\"wp-block-paragraph\">Se cre\u00f3 la Alerta Nacional de B\u00fasqueda Inmediata (ANBI), y desde el 6 de marzo se instal\u00f3, en la Secretar\u00eda de Gobernaci\u00f3n, un Centro de Mando que opera las 24 horas, los siete d\u00edas de la semana.<\/p>\n\n\n\n<p class=\"wp-block-paragraph\">En este espacio, apunt\u00f3, hay personal de la Comisi\u00f3n Nacional de B\u00fasqueda (CNB), Guardia Nacional, Fiscal\u00eda General de la Rep\u00fablica (FGR) y Secretar\u00eda de Seguridad y Protecci\u00f3n Ciudadana (SSPC), quienes, ante un reporte, activan los protocolos y trabajan de manera coordinada para lograr la localizaci\u00f3n.<\/p>\n\n\n\n<p class=\"wp-block-paragraph\">A trav\u00e9s de distintas acciones que lleva a cabo el Gobierno de M\u00e9xico, se han localizado un total de 13 mil 625 personas.<\/p>\n\n\n\n<p class=\"wp-block-paragraph\">Se\u00f1al\u00f3 que se privilegia la atenci\u00f3n directa porque ning\u00fan conflicto se resuelve a la distancia y ninguna demanda leg\u00edtima debe encontrarse con una puerta cerrada.<\/p>\n\n\n\n<p class=\"wp-block-paragraph\">\u201cHoy mexicanas y mexicanos ejercen su derecho a la vida, derecho a la libertad, derecho a la libertad de expresi\u00f3n, derecho a circular libremente, derecho a la igualdad entre hombres y mujeres, derecho a la libertad de culto, derecho a la vivienda, derecho a la salud, derecho a la recreaci\u00f3n, derecho a la cultura\u201d, dijo.<\/p>\n\n\n\n<p class=\"wp-block-paragraph\"><strong>M\u00e9xico Te Abraza<\/strong><\/p>\n\n\n\n<p class=\"wp-block-paragraph\">En su exposici\u00f3n, la secretaria de Gobernaci\u00f3n inform\u00f3 que desde el 20 de enero de 2025 a la fecha han sido repatriadas m\u00e1s de 280 mil personas mexicanas, como parte de la pol\u00edtica migratoria de Estados Unidos.<\/p>\n\n\n\n<p class=\"wp-block-paragraph\">Para garantizar su recibimiento y reincorporaci\u00f3n a su tierra natal, por instrucci\u00f3n de la Presidenta, se puso en marcha la Estrategia Nacional de Repatriaci\u00f3n \u201cM\u00e9xico Te Abraza\u201d, a trav\u00e9s de la cual se han brindado m\u00e1s de 1 mill\u00f3n 600 mil servicios. A las y los connacionales se les proporciona traslado, alimentaci\u00f3n, documentos, afiliaci\u00f3n a la seguridad social, acceso a programas y acompa\u00f1amiento para su reintegraci\u00f3n.<\/p>\n\n\n\n<p class=\"wp-block-paragraph\">Todo este trabajo ha generado que el nivel de confianza de la poblaci\u00f3n en el gobierno est\u00e9 por encima del promedio de los pa\u00edses de la Organizaci\u00f3n para la Cooperaci\u00f3n y el Desarrollo Econ\u00f3micos (OCDE) y m\u00e1s del 70 por ciento de la gente apruebe la labor de la Presidenta.<\/p>\n\n\n\n<p class=\"wp-block-paragraph\">\u201cHoy M\u00e9xico vive una transformaci\u00f3n profunda. No se trata solamente de un cambio de gobierno ni de una alternancia entre partidos. Se trata de un aut\u00e9ntico cambio de r\u00e9gimen iniciado hace casi ocho a\u00f1os. Es de una nueva manera de entender el poder y de ejercer el servicio p\u00fablico\u201d, apunt\u00f3.<\/p>\n\n\n\n<p class=\"wp-block-paragraph\"><\/p>\n","protected":false},"excerpt":{"rendered":"<p>Bajo el liderazgo firme y honesto de la Presidenta Claudia Sheinbaum, en M\u00e9xico se construye el segundo piso de la Cuarta Transformaci\u00f3n. Un proyecto con ra\u00edces profundas en el humanismo mexicano y con una visi\u00f3n moderna: desarrollo con bienestar, innovaci\u00f3n con soberan\u00eda, crecimiento con justicia, prosperidad compartida y honestidad con resultados. As\u00ed lo manifest\u00f3 la [&hellip;]<\/p>\n","protected":false},"author":2,"featured_media":81279,"comment_status":"closed","ping_status":"open","sticky":false,"template":"","format":"standard","meta":{"footnotes":""},"categories":[2,19],"tags":[],"class_list":["post-81277","post","type-post","status-publish","format-standard","has-post-thumbnail","hentry","category-oaxaca","category-nacional"],"yoast_head":"<!-- This site is optimized with the Yoast SEO plugin v28.1 - https:\/\/yoast.com\/product\/yoast-seo-wordpress\/ -->\n<title>En M\u00e9xico se construye un proyecto con ra\u00edces en el humanismo y una visi\u00f3n moderna - LA BRAVA RADIO<\/title>\n<meta name=\"robots\" content=\"index, follow, max-snippet:-1, max-image-preview:large, max-video-preview:-1\" \/>\n<link rel=\"canonical\" href=\"https:\/\/www.bbmnoticias.com\/en-mexico-se-construye-un-proyecto-con-raices-en-el-humanismo-y-una-vision-moderna\/\" \/>\n<meta property=\"og:locale\" content=\"es_MX\" \/>\n<meta property=\"og:type\" content=\"article\" \/>\n<meta property=\"og:title\" content=\"En M\u00e9xico se construye un proyecto con ra\u00edces en el humanismo y una visi\u00f3n moderna - LA BRAVA RADIO\" \/>\n<meta property=\"og:description\" content=\"Bajo el liderazgo firme y honesto de la Presidenta Claudia Sheinbaum, en M\u00e9xico se construye el segundo piso de la Cuarta Transformaci\u00f3n. Un proyecto con ra\u00edces profundas en el humanismo mexicano y con una visi\u00f3n moderna: desarrollo con bienestar, innovaci\u00f3n con soberan\u00eda, crecimiento con justicia, prosperidad compartida y honestidad con resultados. As\u00ed lo manifest\u00f3 la [&hellip;]\" \/>\n<meta property=\"og:url\" content=\"https:\/\/www.bbmnoticias.com\/en-mexico-se-construye-un-proyecto-con-raices-en-el-humanismo-y-una-vision-moderna\/\" \/>\n<meta property=\"og:site_name\" content=\"LA BRAVA RADIO\" \/>\n<meta property=\"article:published_time\" content=\"2026-08-31T18:58:23+00:00\" \/>\n<meta property=\"article:modified_time\" content=\"2026-08-31T18:58:36+00:00\" \/>\n<meta property=\"og:image\" content=\"https:\/\/www.bbmnoticias.com\/labravaradiofm\/wp-content\/uploads\/sites\/5\/2026\/08\/boletin_mexico.jpg\" \/>\n\t<meta property=\"og:image:width\" content=\"800\" \/>\n\t<meta property=\"og:image:height\" content=\"473\" \/>\n\t<meta property=\"og:image:type\" content=\"image\/jpeg\" \/>\n<meta name=\"author\" content=\"Staff\" \/>\n<meta name=\"twitter:card\" content=\"summary_large_image\" \/>\n<meta name=\"twitter:label1\" content=\"Escrito por\" \/>\n\t<meta name=\"twitter:data1\" content=\"Staff\" \/>\n\t<meta name=\"twitter:label2\" content=\"Tiempo de lectura\" \/>\n\t<meta name=\"twitter:data2\" content=\"6 minutos\" \/>\n<script type=\"application\/ld+json\" class=\"yoast-schema-graph\">{\"@context\":\"https:\\\/\\\/schema.org\",\"@graph\":[{\"@type\":\"Article\",\"@id\":\"https:\\\/\\\/www.bbmnoticias.com\\\/en-mexico-se-construye-un-proyecto-con-raices-en-el-humanismo-y-una-vision-moderna\\\/#article\",\"isPartOf\":{\"@id\":\"https:\\\/\\\/www.bbmnoticias.com\\\/labravaradiofm\\\/2026\\\/08\\\/31\\\/en-mexico-se-construye-un-proyecto-con-raices-en-el-humanismo-y-una-vision-moderna\\\/\"},\"author\":{\"name\":\"Staff\",\"@id\":\"https:\\\/\\\/www.bbmnoticias.com\\\/labravaradiofm\\\/#\\\/schema\\\/person\\\/9eb037257fc48a09cdf31d9a2f45619f\"},\"headline\":\"En M\u00e9xico se construye un proyecto con ra\u00edces en el humanismo y una visi\u00f3n moderna\",\"datePublished\":\"2026-08-31T18:58:23+00:00\",\"dateModified\":\"2026-08-31T18:58:36+00:00\",\"mainEntityOfPage\":{\"@id\":\"https:\\\/\\\/www.bbmnoticias.com\\\/labravaradiofm\\\/2026\\\/08\\\/31\\\/en-mexico-se-construye-un-proyecto-con-raices-en-el-humanismo-y-una-vision-moderna\\\/\"},\"wordCount\":1142,\"image\":{\"@id\":\"https:\\\/\\\/www.bbmnoticias.com\\\/en-mexico-se-construye-un-proyecto-con-raices-en-el-humanismo-y-una-vision-moderna\\\/#primaryimage\"},\"thumbnailUrl\":\"https:\\\/\\\/www.bbmnoticias.com\\\/labravaradiofm\\\/wp-content\\\/uploads\\\/sites\\\/5\\\/2026\\\/08\\\/boletin_mexico.jpg\",\"articleSection\":[\"LOCAL\",\"NACIONAL\"],\"inLanguage\":\"es\"},{\"@type\":\"WebPage\",\"@id\":\"https:\\\/\\\/www.bbmnoticias.com\\\/labravaradiofm\\\/2026\\\/08\\\/31\\\/en-mexico-se-construye-un-proyecto-con-raices-en-el-humanismo-y-una-vision-moderna\\\/\",\"url\":\"https:\\\/\\\/www.bbmnoticias.com\\\/en-mexico-se-construye-un-proyecto-con-raices-en-el-humanismo-y-una-vision-moderna\\\/\",\"name\":\"En M\u00e9xico se construye un proyecto con ra\u00edces en el humanismo y una visi\u00f3n moderna - LA BRAVA RADIO\",\"isPartOf\":{\"@id\":\"https:\\\/\\\/www.bbmnoticias.com\\\/labravaradiofm\\\/#website\"},\"primaryImageOfPage\":{\"@id\":\"https:\\\/\\\/www.bbmnoticias.com\\\/en-mexico-se-construye-un-proyecto-con-raices-en-el-humanismo-y-una-vision-moderna\\\/#primaryimage\"},\"image\":{\"@id\":\"https:\\\/\\\/www.bbmnoticias.com\\\/en-mexico-se-construye-un-proyecto-con-raices-en-el-humanismo-y-una-vision-moderna\\\/#primaryimage\"},\"thumbnailUrl\":\"https:\\\/\\\/www.bbmnoticias.com\\\/labravaradiofm\\\/wp-content\\\/uploads\\\/sites\\\/5\\\/2026\\\/08\\\/boletin_mexico.jpg\",\"datePublished\":\"2026-08-31T18:58:23+00:00\",\"dateModified\":\"2026-08-31T18:58:36+00:00\",\"author\":{\"@id\":\"https:\\\/\\\/www.bbmnoticias.com\\\/labravaradiofm\\\/#\\\/schema\\\/person\\\/9eb037257fc48a09cdf31d9a2f45619f\"},\"breadcrumb\":{\"@id\":\"https:\\\/\\\/www.bbmnoticias.com\\\/en-mexico-se-construye-un-proyecto-con-raices-en-el-humanismo-y-una-vision-moderna\\\/#breadcrumb\"},\"inLanguage\":\"es\",\"potentialAction\":[{\"@type\":\"ReadAction\",\"target\":[\"https:\\\/\\\/www.bbmnoticias.com\\\/en-mexico-se-construye-un-proyecto-con-raices-en-el-humanismo-y-una-vision-moderna\\\/\"]}]},{\"@type\":\"ImageObject\",\"inLanguage\":\"es\",\"@id\":\"https:\\\/\\\/www.bbmnoticias.com\\\/en-mexico-se-construye-un-proyecto-con-raices-en-el-humanismo-y-una-vision-moderna\\\/#primaryimage\",\"url\":\"https:\\\/\\\/www.bbmnoticias.com\\\/labravaradiofm\\\/wp-content\\\/uploads\\\/sites\\\/5\\\/2026\\\/08\\\/boletin_mexico.jpg\",\"contentUrl\":\"https:\\\/\\\/www.bbmnoticias.com\\\/labravaradiofm\\\/wp-content\\\/uploads\\\/sites\\\/5\\\/2026\\\/08\\\/boletin_mexico.jpg\",\"width\":800,\"height\":473},{\"@type\":\"BreadcrumbList\",\"@id\":\"https:\\\/\\\/www.bbmnoticias.com\\\/en-mexico-se-construye-un-proyecto-con-raices-en-el-humanismo-y-una-vision-moderna\\\/#breadcrumb\",\"itemListElement\":[{\"@type\":\"ListItem\",\"position\":1,\"name\":\"Inicio\",\"item\":\"https:\\\/\\\/www.bbmnoticias.com\\\/labravaradiofm\\\/\"},{\"@type\":\"ListItem\",\"position\":2,\"name\":\"En M\u00e9xico se construye un proyecto con ra\u00edces en el humanismo y una visi\u00f3n moderna\"}]},{\"@type\":\"WebSite\",\"@id\":\"https:\\\/\\\/www.bbmnoticias.com\\\/labravaradiofm\\\/#website\",\"url\":\"https:\\\/\\\/www.bbmnoticias.com\\\/labravaradiofm\\\/\",\"name\":\"LA BRAVA RADIO\",\"description\":\"Empresa productora de medios, Radiodifusi\u00f3n, Noticias, tendencias y todo lo que necesitas saber de la pol\u00edtica mexicana e internacional; entretenimiento, espect\u00e1culos, salud y mucho m\u00e1s.\",\"potentialAction\":[{\"@type\":\"SearchAction\",\"target\":{\"@type\":\"EntryPoint\",\"urlTemplate\":\"https:\\\/\\\/www.bbmnoticias.com\\\/labravaradiofm\\\/?s={search_term_string}\"},\"query-input\":{\"@type\":\"PropertyValueSpecification\",\"valueRequired\":true,\"valueName\":\"search_term_string\"}}],\"inLanguage\":\"es\"},{\"@type\":\"Person\",\"@id\":\"https:\\\/\\\/www.bbmnoticias.com\\\/labravaradiofm\\\/#\\\/schema\\\/person\\\/9eb037257fc48a09cdf31d9a2f45619f\",\"name\":\"Staff\",\"image\":{\"@type\":\"ImageObject\",\"inLanguage\":\"es\",\"@id\":\"https:\\\/\\\/secure.gravatar.com\\\/avatar\\\/fdd21ad66fd8b98c407f9dee5b5e588cfe7f0d8579ec20fa6527cd59bab7f0f0?s=96&d=mm&r=g\",\"url\":\"https:\\\/\\\/secure.gravatar.com\\\/avatar\\\/fdd21ad66fd8b98c407f9dee5b5e588cfe7f0d8579ec20fa6527cd59bab7f0f0?s=96&d=mm&r=g\",\"contentUrl\":\"https:\\\/\\\/secure.gravatar.com\\\/avatar\\\/fdd21ad66fd8b98c407f9dee5b5e588cfe7f0d8579ec20fa6527cd59bab7f0f0?s=96&d=mm&r=g\",\"caption\":\"Staff\"},\"url\":\"https:\\\/\\\/www.bbmnoticias.com\\\/labravaradiofm\\\/author\\\/redaccion\\\/\"}]}<\/script>\n<!-- \/ Yoast SEO plugin. -->","yoast_head_json":{"title":"En M\u00e9xico se construye un proyecto con ra\u00edces en el humanismo y una visi\u00f3n moderna - LA BRAVA RADIO","robots":{"index":"index","follow":"follow","max-snippet":"max-snippet:-1","max-image-preview":"max-image-preview:large","max-video-preview":"max-video-preview:-1"},"canonical":"https:\/\/www.bbmnoticias.com\/en-mexico-se-construye-un-proyecto-con-raices-en-el-humanismo-y-una-vision-moderna\/","og_locale":"es_MX","og_type":"article","og_title":"En M\u00e9xico se construye un proyecto con ra\u00edces en el humanismo y una visi\u00f3n moderna - LA BRAVA RADIO","og_description":"Bajo el liderazgo firme y honesto de la Presidenta Claudia Sheinbaum, en M\u00e9xico se construye el segundo piso de la Cuarta Transformaci\u00f3n. Un proyecto con ra\u00edces profundas en el humanismo mexicano y con una visi\u00f3n moderna: desarrollo con bienestar, innovaci\u00f3n con soberan\u00eda, crecimiento con justicia, prosperidad compartida y honestidad con resultados. As\u00ed lo manifest\u00f3 la [&hellip;]","og_url":"https:\/\/www.bbmnoticias.com\/en-mexico-se-construye-un-proyecto-con-raices-en-el-humanismo-y-una-vision-moderna\/","og_site_name":"LA BRAVA RADIO","article_published_time":"2026-08-31T18:58:23+00:00","article_modified_time":"2026-08-31T18:58:36+00:00","og_image":[{"width":800,"height":473,"url":"https:\/\/www.bbmnoticias.com\/labravaradiofm\/wp-content\/uploads\/sites\/5\/2026\/08\/boletin_mexico.jpg","type":"image\/jpeg"}],"author":"Staff","twitter_card":"summary_large_image","twitter_misc":{"Escrito por":"Staff","Tiempo de lectura":"6 minutos"},"schema":{"@context":"https:\/\/schema.org","@graph":[{"@type":"Article","@id":"https:\/\/www.bbmnoticias.com\/en-mexico-se-construye-un-proyecto-con-raices-en-el-humanismo-y-una-vision-moderna\/#article","isPartOf":{"@id":"https:\/\/www.bbmnoticias.com\/labravaradiofm\/2026\/08\/31\/en-mexico-se-construye-un-proyecto-con-raices-en-el-humanismo-y-una-vision-moderna\/"},"author":{"name":"Staff","@id":"https:\/\/www.bbmnoticias.com\/labravaradiofm\/#\/schema\/person\/9eb037257fc48a09cdf31d9a2f45619f"},"headline":"En M\u00e9xico se construye un proyecto con ra\u00edces en el humanismo y una visi\u00f3n moderna","datePublished":"2026-08-31T18:58:23+00:00","dateModified":"2026-08-31T18:58:36+00:00","mainEntityOfPage":{"@id":"https:\/\/www.bbmnoticias.com\/labravaradiofm\/2026\/08\/31\/en-mexico-se-construye-un-proyecto-con-raices-en-el-humanismo-y-una-vision-moderna\/"},"wordCount":1142,"image":{"@id":"https:\/\/www.bbmnoticias.com\/en-mexico-se-construye-un-proyecto-con-raices-en-el-humanismo-y-una-vision-moderna\/#primaryimage"},"thumbnailUrl":"https:\/\/www.bbmnoticias.com\/labravaradiofm\/wp-content\/uploads\/sites\/5\/2026\/08\/boletin_mexico.jpg","articleSection":["LOCAL","NACIONAL"],"inLanguage":"es"},{"@type":"WebPage","@id":"https:\/\/www.bbmnoticias.com\/labravaradiofm\/2026\/08\/31\/en-mexico-se-construye-un-proyecto-con-raices-en-el-humanismo-y-una-vision-moderna\/","url":"https:\/\/www.bbmnoticias.com\/en-mexico-se-construye-un-proyecto-con-raices-en-el-humanismo-y-una-vision-moderna\/","name":"En M\u00e9xico se construye un proyecto con ra\u00edces en el humanismo y una visi\u00f3n moderna - LA BRAVA RADIO","isPartOf":{"@id":"https:\/\/www.bbmnoticias.com\/labravaradiofm\/#website"},"primaryImageOfPage":{"@id":"https:\/\/www.bbmnoticias.com\/en-mexico-se-construye-un-proyecto-con-raices-en-el-humanismo-y-una-vision-moderna\/#primaryimage"},"image":{"@id":"https:\/\/www.bbmnoticias.com\/en-mexico-se-construye-un-proyecto-con-raices-en-el-humanismo-y-una-vision-moderna\/#primaryimage"},"thumbnailUrl":"https:\/\/www.bbmnoticias.com\/labravaradiofm\/wp-content\/uploads\/sites\/5\/2026\/08\/boletin_mexico.jpg","datePublished":"2026-08-31T18:58:23+00:00","dateModified":"2026-08-31T18:58:36+00:00","author":{"@id":"https:\/\/www.bbmnoticias.com\/labravaradiofm\/#\/schema\/person\/9eb037257fc48a09cdf31d9a2f45619f"},"breadcrumb":{"@id":"https:\/\/www.bbmnoticias.com\/en-mexico-se-construye-un-proyecto-con-raices-en-el-humanismo-y-una-vision-moderna\/#breadcrumb"},"inLanguage":"es","potentialAction":[{"@type":"ReadAction","target":["https:\/\/www.bbmnoticias.com\/en-mexico-se-construye-un-proyecto-con-raices-en-el-humanismo-y-una-vision-moderna\/"]}]},{"@type":"ImageObject","inLanguage":"es","@id":"https:\/\/www.bbmnoticias.com\/en-mexico-se-construye-un-proyecto-con-raices-en-el-humanismo-y-una-vision-moderna\/#primaryimage","url":"https:\/\/www.bbmnoticias.com\/labravaradiofm\/wp-content\/uploads\/sites\/5\/2026\/08\/boletin_mexico.jpg","contentUrl":"https:\/\/www.bbmnoticias.com\/labravaradiofm\/wp-content\/uploads\/sites\/5\/2026\/08\/boletin_mexico.jpg","width":800,"height":473},{"@type":"BreadcrumbList","@id":"https:\/\/www.bbmnoticias.com\/en-mexico-se-construye-un-proyecto-con-raices-en-el-humanismo-y-una-vision-moderna\/#breadcrumb","itemListElement":[{"@type":"ListItem","position":1,"name":"Inicio","item":"https:\/\/www.bbmnoticias.com\/labravaradiofm\/"},{"@type":"ListItem","position":2,"name":"En M\u00e9xico se construye un proyecto con ra\u00edces en el humanismo y una visi\u00f3n moderna"}]},{"@type":"WebSite","@id":"https:\/\/www.bbmnoticias.com\/labravaradiofm\/#website","url":"https:\/\/www.bbmnoticias.com\/labravaradiofm\/","name":"LA BRAVA RADIO","description":"Empresa productora de medios, Radiodifusi\u00f3n, Noticias, tendencias y todo lo que necesitas saber de la pol\u00edtica mexicana e internacional; entretenimiento, espect\u00e1culos, salud y mucho m\u00e1s.","potentialAction":[{"@type":"SearchAction","target":{"@type":"EntryPoint","urlTemplate":"https:\/\/www.bbmnoticias.com\/labravaradiofm\/?s={search_term_string}"},"query-input":{"@type":"PropertyValueSpecification","valueRequired":true,"valueName":"search_term_string"}}],"inLanguage":"es"},{"@type":"Person","@id":"https:\/\/www.bbmnoticias.com\/labravaradiofm\/#\/schema\/person\/9eb037257fc48a09cdf31d9a2f45619f","name":"Staff","image":{"@type":"ImageObject","inLanguage":"es","@id":"https:\/\/secure.gravatar.com\/avatar\/fdd21ad66fd8b98c407f9dee5b5e588cfe7f0d8579ec20fa6527cd59bab7f0f0?s=96&d=mm&r=g","url":"https:\/\/secure.gravatar.com\/avatar\/fdd21ad66fd8b98c407f9dee5b5e588cfe7f0d8579ec20fa6527cd59bab7f0f0?s=96&d=mm&r=g","contentUrl":"https:\/\/secure.gravatar.com\/avatar\/fdd21ad66fd8b98c407f9dee5b5e588cfe7f0d8579ec20fa6527cd59bab7f0f0?s=96&d=mm&r=g","caption":"Staff"},"url":"https:\/\/www.bbmnoticias.com\/labravaradiofm\/author\/redaccion\/"}]}},"_links":{"self":[{"href":"https:\/\/www.bbmnoticias.com\/labravaradiofm\/wp-json\/wp\/v2\/posts\/81277","targetHints":{"allow":["GET"]}}],"collection":[{"href":"https:\/\/www.bbmnoticias.com\/labravaradiofm\/wp-json\/wp\/v2\/posts"}],"about":[{"href":"https:\/\/www.bbmnoticias.com\/labravaradiofm\/wp-json\/wp\/v2\/types\/post"}],"author":[{"embeddable":true,"href":"https:\/\/www.bbmnoticias.com\/labravaradiofm\/wp-json\/wp\/v2\/users\/2"}],"replies":[{"embeddable":true,"href":"https:\/\/www.bbmnoticias.com\/labravaradiofm\/wp-json\/wp\/v2\/comments?post=81277"}],"version-history":[{"count":1,"href":"https:\/\/www.bbmnoticias.com\/labravaradiofm\/wp-json\/wp\/v2\/posts\/81277\/revisions"}],"predecessor-version":[{"id":81278,"href":"https:\/\/www.bbmnoticias.com\/labravaradiofm\/wp-json\/wp\/v2\/posts\/81277\/revisions\/81278"}],"wp:featuredmedia":[{"embeddable":true,"href":"https:\/\/www.bbmnoticias.com\/labravaradiofm\/wp-json\/wp\/v2\/media\/81279"}],"wp:attachment":[{"href":"https:\/\/www.bbmnoticias.com\/labravaradiofm\/wp-json\/wp\/v2\/media?parent=81277"}],"wp:term":[{"taxonomy":"category","embeddable":true,"href":"https:\/\/www.bbmnoticias.com\/labravaradiofm\/wp-json\/wp\/v2\/categories?post=81277"},{"taxonomy":"post_tag","embeddable":true,"href":"https:\/\/www.bbmnoticias.com\/labravaradiofm\/wp-json\/wp\/v2\/tags?post=81277"}],"curies":[{"name":"wp","href":"https:\/\/api.w.org\/{rel}","templated":true}]}}