{"id":81271,"date":"2026-08-31T10:26:25","date_gmt":"2026-08-31T16:26:25","guid":{"rendered":"https:\/\/www.bbmnoticias.com\/labravaradiofm\/2026\/08\/31\/me-preocupa-mas-lo-que-vive-salina-cruz-que-la-guerra-sucia-en-mi-contra-coco-leon\/"},"modified":"2026-08-31T10:26:27","modified_gmt":"2026-08-31T16:26:27","slug":"me-preocupa-mas-lo-que-vive-salina-cruz-que-la-guerra-sucia-en-mi-contra-coco-leon","status":"publish","type":"post","link":"https:\/\/www.bbmnoticias.com\/labravaradiofm\/2026\/08\/31\/me-preocupa-mas-lo-que-vive-salina-cruz-que-la-guerra-sucia-en-mi-contra-coco-leon\/","title":{"rendered":"\u201dMe preocupa m\u00e1s lo que vive Salina Cruz que la guerra sucia en mi contra\u201d: Coco Le\u00f3n"},"content":{"rendered":"\n<p class=\"wp-block-paragraph\">Hasta la casa de Rodolfo Le\u00f3n Arag\u00f3n \u201cCoco Le\u00f3n\u201d llegaron colonos para expresarle su respaldo y confianza, en un encuentro donde el ex presidente municipal dej\u00f3 claro que, m\u00e1s all\u00e1 de ataques o se\u00f1alamientos, su prioridad sigue siendo Salina Cruz y sus familias.<\/p>\n\n\n\n<p class=\"wp-block-paragraph\">Ante quienes acudieron a manifestarle su apoyo, Coco Le\u00f3n afirm\u00f3 que no le preocupa la guerra sucia que se ha emprendido en su contra, porque su atenci\u00f3n est\u00e1 puesta en los problemas que enfrenta actualmente la ciudadan\u00eda: la inseguridad, los constantes robos, la falta de empleo y las dificultades econ\u00f3micas que viven muchas familias.<\/p>\n\n\n\n<p class=\"wp-block-paragraph\">\u201cA m\u00ed me preocupa lo que yo oigo en mi casa, lo que me dice la gente\u201d, expres\u00f3, al se\u00f1alar que su compromiso es escuchar a los ciudadanos y caminar junto a ellos para buscar soluciones, sin importar colores partidistas.<\/p>\n\n\n\n<p class=\"wp-block-paragraph\">\u201cEl que manda es el pueblo\u201d, sostuvo, al agradecer la muestra de cari\u00f1o y respaldo. Y ante los colonos que llegaron hasta su hogar, fue contundente: \u201cVoy a caminar con ustedes. No les decepcionar\u00e9. Saldremos adelante\u201d.<\/p>\n\n\n\n<p class=\"wp-block-paragraph\"><\/p>\n","protected":false},"excerpt":{"rendered":"<p>Hasta la casa de Rodolfo Le\u00f3n Arag\u00f3n \u201cCoco Le\u00f3n\u201d llegaron colonos para expresarle su respaldo y confianza, en un encuentro donde el ex presidente municipal dej\u00f3 claro que, m\u00e1s all\u00e1 de ataques o se\u00f1alamientos, su prioridad sigue siendo Salina Cruz y sus familias. Ante quienes acudieron a manifestarle su apoyo, Coco Le\u00f3n afirm\u00f3 que no [&hellip;]<\/p>\n","protected":false},"author":2,"featured_media":81273,"comment_status":"closed","ping_status":"open","sticky":false,"template":"","format":"standard","meta":{"footnotes":""},"categories":[2],"tags":[],"class_list":["post-81271","post","type-post","status-publish","format-standard","has-post-thumbnail","hentry","category-oaxaca"],"yoast_head":"<!-- This site is optimized with the Yoast SEO plugin v28.1 - https:\/\/yoast.com\/product\/yoast-seo-wordpress\/ -->\n<title>\u201dMe preocupa m\u00e1s lo que vive Salina Cruz que la guerra sucia en mi contra\u201d: Coco Le\u00f3n - LA BRAVA RADIO<\/title>\n<meta name=\"robots\" content=\"index, follow, max-snippet:-1, max-image-preview:large, max-video-preview:-1\" \/>\n<link rel=\"canonical\" href=\"https:\/\/www.bbmnoticias.com\/me-preocupa-mas-lo-que-vive-salina-cruz-que-la-guerra-sucia-en-mi-contra-coco-leon\/\" \/>\n<meta property=\"og:locale\" content=\"es_MX\" \/>\n<meta property=\"og:type\" content=\"article\" \/>\n<meta property=\"og:title\" content=\"\u201dMe preocupa m\u00e1s lo que vive Salina Cruz que la guerra sucia en mi contra\u201d: Coco Le\u00f3n - LA BRAVA RADIO\" \/>\n<meta property=\"og:description\" content=\"Hasta la casa de Rodolfo Le\u00f3n Arag\u00f3n \u201cCoco Le\u00f3n\u201d llegaron colonos para expresarle su respaldo y confianza, en un encuentro donde el ex presidente municipal dej\u00f3 claro que, m\u00e1s all\u00e1 de ataques o se\u00f1alamientos, su prioridad sigue siendo Salina Cruz y sus familias. Ante quienes acudieron a manifestarle su apoyo, Coco Le\u00f3n afirm\u00f3 que no [&hellip;]\" \/>\n<meta property=\"og:url\" content=\"https:\/\/www.bbmnoticias.com\/me-preocupa-mas-lo-que-vive-salina-cruz-que-la-guerra-sucia-en-mi-contra-coco-leon\/\" \/>\n<meta property=\"og:site_name\" content=\"LA BRAVA RADIO\" \/>\n<meta property=\"article:published_time\" content=\"2026-08-31T16:26:25+00:00\" \/>\n<meta property=\"article:modified_time\" content=\"2026-08-31T16:26:27+00:00\" \/>\n<meta property=\"og:image\" content=\"https:\/\/www.bbmnoticias.com\/labravaradiofm\/wp-content\/uploads\/sites\/5\/2026\/08\/coco_leon_salinacruz.jpg\" \/>\n\t<meta property=\"og:image:width\" content=\"800\" \/>\n\t<meta property=\"og:image:height\" content=\"499\" \/>\n\t<meta property=\"og:image:type\" content=\"image\/jpeg\" \/>\n<meta name=\"author\" content=\"Staff\" \/>\n<meta name=\"twitter:card\" content=\"summary_large_image\" \/>\n<meta name=\"twitter:label1\" content=\"Escrito por\" \/>\n\t<meta name=\"twitter:data1\" content=\"Staff\" \/>\n\t<meta name=\"twitter:label2\" content=\"Tiempo de lectura\" \/>\n\t<meta name=\"twitter:data2\" content=\"1 minuto\" \/>\n<script type=\"application\/ld+json\" class=\"yoast-schema-graph\">{\"@context\":\"https:\\\/\\\/schema.org\",\"@graph\":[{\"@type\":\"Article\",\"@id\":\"https:\\\/\\\/www.bbmnoticias.com\\\/me-preocupa-mas-lo-que-vive-salina-cruz-que-la-guerra-sucia-en-mi-contra-coco-leon\\\/#article\",\"isPartOf\":{\"@id\":\"https:\\\/\\\/www.bbmnoticias.com\\\/labravaradiofm\\\/2026\\\/08\\\/31\\\/me-preocupa-mas-lo-que-vive-salina-cruz-que-la-guerra-sucia-en-mi-contra-coco-leon\\\/\"},\"author\":{\"name\":\"Staff\",\"@id\":\"https:\\\/\\\/www.bbmnoticias.com\\\/labravaradiofm\\\/#\\\/schema\\\/person\\\/9eb037257fc48a09cdf31d9a2f45619f\"},\"headline\":\"\u201dMe preocupa m\u00e1s lo que vive Salina Cruz que la guerra sucia en mi contra\u201d: Coco Le\u00f3n\",\"datePublished\":\"2026-08-31T16:26:25+00:00\",\"dateModified\":\"2026-08-31T16:26:27+00:00\",\"mainEntityOfPage\":{\"@id\":\"https:\\\/\\\/www.bbmnoticias.com\\\/labravaradiofm\\\/2026\\\/08\\\/31\\\/me-preocupa-mas-lo-que-vive-salina-cruz-que-la-guerra-sucia-en-mi-contra-coco-leon\\\/\"},\"wordCount\":203,\"image\":{\"@id\":\"https:\\\/\\\/www.bbmnoticias.com\\\/me-preocupa-mas-lo-que-vive-salina-cruz-que-la-guerra-sucia-en-mi-contra-coco-leon\\\/#primaryimage\"},\"thumbnailUrl\":\"https:\\\/\\\/www.bbmnoticias.com\\\/labravaradiofm\\\/wp-content\\\/uploads\\\/sites\\\/5\\\/2026\\\/08\\\/coco_leon_salinacruz.jpg\",\"articleSection\":[\"LOCAL\"],\"inLanguage\":\"es\"},{\"@type\":\"WebPage\",\"@id\":\"https:\\\/\\\/www.bbmnoticias.com\\\/labravaradiofm\\\/2026\\\/08\\\/31\\\/me-preocupa-mas-lo-que-vive-salina-cruz-que-la-guerra-sucia-en-mi-contra-coco-leon\\\/\",\"url\":\"https:\\\/\\\/www.bbmnoticias.com\\\/me-preocupa-mas-lo-que-vive-salina-cruz-que-la-guerra-sucia-en-mi-contra-coco-leon\\\/\",\"name\":\"\u201dMe preocupa m\u00e1s lo que vive Salina Cruz que la guerra sucia en mi contra\u201d: Coco Le\u00f3n - LA BRAVA RADIO\",\"isPartOf\":{\"@id\":\"https:\\\/\\\/www.bbmnoticias.com\\\/labravaradiofm\\\/#website\"},\"primaryImageOfPage\":{\"@id\":\"https:\\\/\\\/www.bbmnoticias.com\\\/me-preocupa-mas-lo-que-vive-salina-cruz-que-la-guerra-sucia-en-mi-contra-coco-leon\\\/#primaryimage\"},\"image\":{\"@id\":\"https:\\\/\\\/www.bbmnoticias.com\\\/me-preocupa-mas-lo-que-vive-salina-cruz-que-la-guerra-sucia-en-mi-contra-coco-leon\\\/#primaryimage\"},\"thumbnailUrl\":\"https:\\\/\\\/www.bbmnoticias.com\\\/labravaradiofm\\\/wp-content\\\/uploads\\\/sites\\\/5\\\/2026\\\/08\\\/coco_leon_salinacruz.jpg\",\"datePublished\":\"2026-08-31T16:26:25+00:00\",\"dateModified\":\"2026-08-31T16:26:27+00:00\",\"author\":{\"@id\":\"https:\\\/\\\/www.bbmnoticias.com\\\/labravaradiofm\\\/#\\\/schema\\\/person\\\/9eb037257fc48a09cdf31d9a2f45619f\"},\"breadcrumb\":{\"@id\":\"https:\\\/\\\/www.bbmnoticias.com\\\/me-preocupa-mas-lo-que-vive-salina-cruz-que-la-guerra-sucia-en-mi-contra-coco-leon\\\/#breadcrumb\"},\"inLanguage\":\"es\",\"potentialAction\":[{\"@type\":\"ReadAction\",\"target\":[\"https:\\\/\\\/www.bbmnoticias.com\\\/me-preocupa-mas-lo-que-vive-salina-cruz-que-la-guerra-sucia-en-mi-contra-coco-leon\\\/\"]}]},{\"@type\":\"ImageObject\",\"inLanguage\":\"es\",\"@id\":\"https:\\\/\\\/www.bbmnoticias.com\\\/me-preocupa-mas-lo-que-vive-salina-cruz-que-la-guerra-sucia-en-mi-contra-coco-leon\\\/#primaryimage\",\"url\":\"https:\\\/\\\/www.bbmnoticias.com\\\/labravaradiofm\\\/wp-content\\\/uploads\\\/sites\\\/5\\\/2026\\\/08\\\/coco_leon_salinacruz.jpg\",\"contentUrl\":\"https:\\\/\\\/www.bbmnoticias.com\\\/labravaradiofm\\\/wp-content\\\/uploads\\\/sites\\\/5\\\/2026\\\/08\\\/coco_leon_salinacruz.jpg\",\"width\":800,\"height\":499},{\"@type\":\"BreadcrumbList\",\"@id\":\"https:\\\/\\\/www.bbmnoticias.com\\\/me-preocupa-mas-lo-que-vive-salina-cruz-que-la-guerra-sucia-en-mi-contra-coco-leon\\\/#breadcrumb\",\"itemListElement\":[{\"@type\":\"ListItem\",\"position\":1,\"name\":\"Inicio\",\"item\":\"https:\\\/\\\/www.bbmnoticias.com\\\/labravaradiofm\\\/\"},{\"@type\":\"ListItem\",\"position\":2,\"name\":\"\u201dMe preocupa m\u00e1s lo que vive Salina Cruz que la guerra sucia en mi contra\u201d: Coco Le\u00f3n\"}]},{\"@type\":\"WebSite\",\"@id\":\"https:\\\/\\\/www.bbmnoticias.com\\\/labravaradiofm\\\/#website\",\"url\":\"https:\\\/\\\/www.bbmnoticias.com\\\/labravaradiofm\\\/\",\"name\":\"LA BRAVA RADIO\",\"description\":\"Empresa productora de medios, Radiodifusi\u00f3n, Noticias, tendencias y todo lo que necesitas saber de la pol\u00edtica mexicana e internacional; entretenimiento, espect\u00e1culos, salud y mucho m\u00e1s.\",\"potentialAction\":[{\"@type\":\"SearchAction\",\"target\":{\"@type\":\"EntryPoint\",\"urlTemplate\":\"https:\\\/\\\/www.bbmnoticias.com\\\/labravaradiofm\\\/?s={search_term_string}\"},\"query-input\":{\"@type\":\"PropertyValueSpecification\",\"valueRequired\":true,\"valueName\":\"search_term_string\"}}],\"inLanguage\":\"es\"},{\"@type\":\"Person\",\"@id\":\"https:\\\/\\\/www.bbmnoticias.com\\\/labravaradiofm\\\/#\\\/schema\\\/person\\\/9eb037257fc48a09cdf31d9a2f45619f\",\"name\":\"Staff\",\"image\":{\"@type\":\"ImageObject\",\"inLanguage\":\"es\",\"@id\":\"https:\\\/\\\/secure.gravatar.com\\\/avatar\\\/fdd21ad66fd8b98c407f9dee5b5e588cfe7f0d8579ec20fa6527cd59bab7f0f0?s=96&d=mm&r=g\",\"url\":\"https:\\\/\\\/secure.gravatar.com\\\/avatar\\\/fdd21ad66fd8b98c407f9dee5b5e588cfe7f0d8579ec20fa6527cd59bab7f0f0?s=96&d=mm&r=g\",\"contentUrl\":\"https:\\\/\\\/secure.gravatar.com\\\/avatar\\\/fdd21ad66fd8b98c407f9dee5b5e588cfe7f0d8579ec20fa6527cd59bab7f0f0?s=96&d=mm&r=g\",\"caption\":\"Staff\"},\"url\":\"https:\\\/\\\/www.bbmnoticias.com\\\/labravaradiofm\\\/author\\\/redaccion\\\/\"}]}<\/script>\n<!-- \/ Yoast SEO plugin. -->","yoast_head_json":{"title":"\u201dMe preocupa m\u00e1s lo que vive Salina Cruz que la guerra sucia en mi contra\u201d: Coco Le\u00f3n - LA BRAVA RADIO","robots":{"index":"index","follow":"follow","max-snippet":"max-snippet:-1","max-image-preview":"max-image-preview:large","max-video-preview":"max-video-preview:-1"},"canonical":"https:\/\/www.bbmnoticias.com\/me-preocupa-mas-lo-que-vive-salina-cruz-que-la-guerra-sucia-en-mi-contra-coco-leon\/","og_locale":"es_MX","og_type":"article","og_title":"\u201dMe preocupa m\u00e1s lo que vive Salina Cruz que la guerra sucia en mi contra\u201d: Coco Le\u00f3n - LA BRAVA RADIO","og_description":"Hasta la casa de Rodolfo Le\u00f3n Arag\u00f3n \u201cCoco Le\u00f3n\u201d llegaron colonos para expresarle su respaldo y confianza, en un encuentro donde el ex presidente municipal dej\u00f3 claro que, m\u00e1s all\u00e1 de ataques o se\u00f1alamientos, su prioridad sigue siendo Salina Cruz y sus familias. Ante quienes acudieron a manifestarle su apoyo, Coco Le\u00f3n afirm\u00f3 que no [&hellip;]","og_url":"https:\/\/www.bbmnoticias.com\/me-preocupa-mas-lo-que-vive-salina-cruz-que-la-guerra-sucia-en-mi-contra-coco-leon\/","og_site_name":"LA BRAVA RADIO","article_published_time":"2026-08-31T16:26:25+00:00","article_modified_time":"2026-08-31T16:26:27+00:00","og_image":[{"width":800,"height":499,"url":"https:\/\/www.bbmnoticias.com\/labravaradiofm\/wp-content\/uploads\/sites\/5\/2026\/08\/coco_leon_salinacruz.jpg","type":"image\/jpeg"}],"author":"Staff","twitter_card":"summary_large_image","twitter_misc":{"Escrito por":"Staff","Tiempo de lectura":"1 minuto"},"schema":{"@context":"https:\/\/schema.org","@graph":[{"@type":"Article","@id":"https:\/\/www.bbmnoticias.com\/me-preocupa-mas-lo-que-vive-salina-cruz-que-la-guerra-sucia-en-mi-contra-coco-leon\/#article","isPartOf":{"@id":"https:\/\/www.bbmnoticias.com\/labravaradiofm\/2026\/08\/31\/me-preocupa-mas-lo-que-vive-salina-cruz-que-la-guerra-sucia-en-mi-contra-coco-leon\/"},"author":{"name":"Staff","@id":"https:\/\/www.bbmnoticias.com\/labravaradiofm\/#\/schema\/person\/9eb037257fc48a09cdf31d9a2f45619f"},"headline":"\u201dMe preocupa m\u00e1s lo que vive Salina Cruz que la guerra sucia en mi contra\u201d: Coco Le\u00f3n","datePublished":"2026-08-31T16:26:25+00:00","dateModified":"2026-08-31T16:26:27+00:00","mainEntityOfPage":{"@id":"https:\/\/www.bbmnoticias.com\/labravaradiofm\/2026\/08\/31\/me-preocupa-mas-lo-que-vive-salina-cruz-que-la-guerra-sucia-en-mi-contra-coco-leon\/"},"wordCount":203,"image":{"@id":"https:\/\/www.bbmnoticias.com\/me-preocupa-mas-lo-que-vive-salina-cruz-que-la-guerra-sucia-en-mi-contra-coco-leon\/#primaryimage"},"thumbnailUrl":"https:\/\/www.bbmnoticias.com\/labravaradiofm\/wp-content\/uploads\/sites\/5\/2026\/08\/coco_leon_salinacruz.jpg","articleSection":["LOCAL"],"inLanguage":"es"},{"@type":"WebPage","@id":"https:\/\/www.bbmnoticias.com\/labravaradiofm\/2026\/08\/31\/me-preocupa-mas-lo-que-vive-salina-cruz-que-la-guerra-sucia-en-mi-contra-coco-leon\/","url":"https:\/\/www.bbmnoticias.com\/me-preocupa-mas-lo-que-vive-salina-cruz-que-la-guerra-sucia-en-mi-contra-coco-leon\/","name":"\u201dMe preocupa m\u00e1s lo que vive Salina Cruz que la guerra sucia en mi contra\u201d: Coco Le\u00f3n - LA BRAVA RADIO","isPartOf":{"@id":"https:\/\/www.bbmnoticias.com\/labravaradiofm\/#website"},"primaryImageOfPage":{"@id":"https:\/\/www.bbmnoticias.com\/me-preocupa-mas-lo-que-vive-salina-cruz-que-la-guerra-sucia-en-mi-contra-coco-leon\/#primaryimage"},"image":{"@id":"https:\/\/www.bbmnoticias.com\/me-preocupa-mas-lo-que-vive-salina-cruz-que-la-guerra-sucia-en-mi-contra-coco-leon\/#primaryimage"},"thumbnailUrl":"https:\/\/www.bbmnoticias.com\/labravaradiofm\/wp-content\/uploads\/sites\/5\/2026\/08\/coco_leon_salinacruz.jpg","datePublished":"2026-08-31T16:26:25+00:00","dateModified":"2026-08-31T16:26:27+00:00","author":{"@id":"https:\/\/www.bbmnoticias.com\/labravaradiofm\/#\/schema\/person\/9eb037257fc48a09cdf31d9a2f45619f"},"breadcrumb":{"@id":"https:\/\/www.bbmnoticias.com\/me-preocupa-mas-lo-que-vive-salina-cruz-que-la-guerra-sucia-en-mi-contra-coco-leon\/#breadcrumb"},"inLanguage":"es","potentialAction":[{"@type":"ReadAction","target":["https:\/\/www.bbmnoticias.com\/me-preocupa-mas-lo-que-vive-salina-cruz-que-la-guerra-sucia-en-mi-contra-coco-leon\/"]}]},{"@type":"ImageObject","inLanguage":"es","@id":"https:\/\/www.bbmnoticias.com\/me-preocupa-mas-lo-que-vive-salina-cruz-que-la-guerra-sucia-en-mi-contra-coco-leon\/#primaryimage","url":"https:\/\/www.bbmnoticias.com\/labravaradiofm\/wp-content\/uploads\/sites\/5\/2026\/08\/coco_leon_salinacruz.jpg","contentUrl":"https:\/\/www.bbmnoticias.com\/labravaradiofm\/wp-content\/uploads\/sites\/5\/2026\/08\/coco_leon_salinacruz.jpg","width":800,"height":499},{"@type":"BreadcrumbList","@id":"https:\/\/www.bbmnoticias.com\/me-preocupa-mas-lo-que-vive-salina-cruz-que-la-guerra-sucia-en-mi-contra-coco-leon\/#breadcrumb","itemListElement":[{"@type":"ListItem","position":1,"name":"Inicio","item":"https:\/\/www.bbmnoticias.com\/labravaradiofm\/"},{"@type":"ListItem","position":2,"name":"\u201dMe preocupa m\u00e1s lo que vive Salina Cruz que la guerra sucia en mi contra\u201d: Coco Le\u00f3n"}]},{"@type":"WebSite","@id":"https:\/\/www.bbmnoticias.com\/labravaradiofm\/#website","url":"https:\/\/www.bbmnoticias.com\/labravaradiofm\/","name":"LA BRAVA RADIO","description":"Empresa productora de medios, Radiodifusi\u00f3n, Noticias, tendencias y todo lo que necesitas saber de la pol\u00edtica mexicana e internacional; entretenimiento, espect\u00e1culos, salud y mucho m\u00e1s.","potentialAction":[{"@type":"SearchAction","target":{"@type":"EntryPoint","urlTemplate":"https:\/\/www.bbmnoticias.com\/labravaradiofm\/?s={search_term_string}"},"query-input":{"@type":"PropertyValueSpecification","valueRequired":true,"valueName":"search_term_string"}}],"inLanguage":"es"},{"@type":"Person","@id":"https:\/\/www.bbmnoticias.com\/labravaradiofm\/#\/schema\/person\/9eb037257fc48a09cdf31d9a2f45619f","name":"Staff","image":{"@type":"ImageObject","inLanguage":"es","@id":"https:\/\/secure.gravatar.com\/avatar\/fdd21ad66fd8b98c407f9dee5b5e588cfe7f0d8579ec20fa6527cd59bab7f0f0?s=96&d=mm&r=g","url":"https:\/\/secure.gravatar.com\/avatar\/fdd21ad66fd8b98c407f9dee5b5e588cfe7f0d8579ec20fa6527cd59bab7f0f0?s=96&d=mm&r=g","contentUrl":"https:\/\/secure.gravatar.com\/avatar\/fdd21ad66fd8b98c407f9dee5b5e588cfe7f0d8579ec20fa6527cd59bab7f0f0?s=96&d=mm&r=g","caption":"Staff"},"url":"https:\/\/www.bbmnoticias.com\/labravaradiofm\/author\/redaccion\/"}]}},"_links":{"self":[{"href":"https:\/\/www.bbmnoticias.com\/labravaradiofm\/wp-json\/wp\/v2\/posts\/81271","targetHints":{"allow":["GET"]}}],"collection":[{"href":"https:\/\/www.bbmnoticias.com\/labravaradiofm\/wp-json\/wp\/v2\/posts"}],"about":[{"href":"https:\/\/www.bbmnoticias.com\/labravaradiofm\/wp-json\/wp\/v2\/types\/post"}],"author":[{"embeddable":true,"href":"https:\/\/www.bbmnoticias.com\/labravaradiofm\/wp-json\/wp\/v2\/users\/2"}],"replies":[{"embeddable":true,"href":"https:\/\/www.bbmnoticias.com\/labravaradiofm\/wp-json\/wp\/v2\/comments?post=81271"}],"version-history":[{"count":1,"href":"https:\/\/www.bbmnoticias.com\/labravaradiofm\/wp-json\/wp\/v2\/posts\/81271\/revisions"}],"predecessor-version":[{"id":81272,"href":"https:\/\/www.bbmnoticias.com\/labravaradiofm\/wp-json\/wp\/v2\/posts\/81271\/revisions\/81272"}],"wp:featuredmedia":[{"embeddable":true,"href":"https:\/\/www.bbmnoticias.com\/labravaradiofm\/wp-json\/wp\/v2\/media\/81273"}],"wp:attachment":[{"href":"https:\/\/www.bbmnoticias.com\/labravaradiofm\/wp-json\/wp\/v2\/media?parent=81271"}],"wp:term":[{"taxonomy":"category","embeddable":true,"href":"https:\/\/www.bbmnoticias.com\/labravaradiofm\/wp-json\/wp\/v2\/categories?post=81271"},{"taxonomy":"post_tag","embeddable":true,"href":"https:\/\/www.bbmnoticias.com\/labravaradiofm\/wp-json\/wp\/v2\/tags?post=81271"}],"curies":[{"name":"wp","href":"https:\/\/api.w.org\/{rel}","templated":true}]}}