{"id":8127,"date":"2022-01-05T10:40:09","date_gmt":"2022-01-05T16:40:09","guid":{"rendered":"https:\/\/www.bbmnoticias.com\/labravaradiofm\/?p=8127"},"modified":"2022-01-05T10:40:10","modified_gmt":"2022-01-05T16:40:10","slug":"abre-cco-proceso-de-inscripcion-en-linea-a-sus-talleres-artisticos","status":"publish","type":"post","link":"https:\/\/www.bbmnoticias.com\/labravaradiofm\/2022\/01\/05\/abre-cco-proceso-de-inscripcion-en-linea-a-sus-talleres-artisticos\/","title":{"rendered":"Abre CCO proceso de inscripci\u00f3n en l\u00ednea a sus talleres art\u00edsticos"},"content":{"rendered":"<div style=\"margin-top: 0px; margin-bottom: 0px;\" class=\"sharethis-inline-share-buttons\" ><\/div>\n<p><strong>Oaxaca de Ju\u00e1rez, Oax. 5 de enero de 2022.<\/strong> La Secretar\u00eda de las Culturas y Artes de Oaxaca (Seculta), a trav\u00e9s de la Casa de la Cultura Oaxaque\u00f1a(CCO), abri\u00f3 su proceso de inscripci\u00f3n que, por cuestiones de la emergencia sanitaria por la COVID-19, se realizar\u00e1 por segundo a\u00f1o consecutivo en l\u00ednea en el sitio institucional <a href=\"http:\/\/www.oaxaca.gob.mx\/cco\" target=\"_blank\" rel=\"noreferrer noopener\">www.oaxaca.gob.mx\/cco<\/a>, del 10 al 13 de enero del presente a\u00f1o.<\/p>\n\n\n\n<p>En el portal web de la CCO, se aloj\u00f3 un banner que dirigir\u00e1 a las y los interesados al micrositio que fue creado especialmente para llevar a cabo el registro en l\u00ednea, asimismo en el sitio podr\u00e1n visualizar un cat\u00e1logo de consulta para identificar las claves de los talleres art\u00edsticos, horarios, cupos y costos.<\/p>\n\n\n\n<p>La oferta para este cuatrimestre enero-abril es de 157 talleres art\u00edsticos distribuidos de la siguiente manera: 74 de m\u00fasica, 35 de artes pl\u00e1sticas, 29 de danza, 3 de cultura infantil, 4 de teatro y 12 de alternativos.<\/p>\n\n\n\n<p>Es importante mencionar que para el registro en l\u00ednea de las y los interesados, ser\u00e1 indispensable contar con una direcci\u00f3n de correo electr\u00f3nico de Gmail, la Clave \u00danica de Registro de Poblaci\u00f3n (CURP) en formato digital y aceptar el Aviso de Privacidad de la instituci\u00f3n para que la inscripci\u00f3n sea v\u00e1lida.<\/p>\n\n\n\n<p>Para aclarar cualquier duda sobre el proceso de inscripci\u00f3n, la Casa de la Cultura Oaxaque\u00f1a activ\u00f3 su centro de mensajes v\u00eda WhatsApp, este servicio estar\u00e1 operando durante el proceso de inscripci\u00f3n en un horario de 08:00 a 15:00 y de 17:00 a 20:00 horas. Para poder comunicarse podr\u00e1n enviar sus dudas al 951 392 4390.<\/p>\n\n\n\n<p><\/p>\n\n\n\n<figure class=\"wp-block-image size-full\"><img loading=\"lazy\" decoding=\"async\" width=\"800\" height=\"293\" src=\"https:\/\/www.bbmnoticias.com\/labravaradiofm\/wp-content\/uploads\/sites\/5\/2022\/01\/casa-cultura-oaxaca-2.jpeg\" alt=\"\" class=\"wp-image-8129\" srcset=\"https:\/\/www.bbmnoticias.com\/labravaradiofm\/wp-content\/uploads\/sites\/5\/2022\/01\/casa-cultura-oaxaca-2.jpeg 800w, https:\/\/www.bbmnoticias.com\/labravaradiofm\/wp-content\/uploads\/sites\/5\/2022\/01\/casa-cultura-oaxaca-2-300x110.jpeg 300w, https:\/\/www.bbmnoticias.com\/labravaradiofm\/wp-content\/uploads\/sites\/5\/2022\/01\/casa-cultura-oaxaca-2-768x281.jpeg 768w, https:\/\/www.bbmnoticias.com\/labravaradiofm\/wp-content\/uploads\/sites\/5\/2022\/01\/casa-cultura-oaxaca-2-640x234.jpeg 640w, https:\/\/www.bbmnoticias.com\/labravaradiofm\/wp-content\/uploads\/sites\/5\/2022\/01\/casa-cultura-oaxaca-2-681x249.jpeg 681w\" sizes=\"auto, (max-width: 800px) 100vw, 800px\" \/><\/figure>\n\n\n\n<p>Cabe resaltar que para garantizar los procesos de ense\u00f1anza\u2013aprendizaje, la Casa de la Cultura Oaxaque\u00f1a informa que los cupos a los talleres art\u00edsticos que imparten 40 talleristas, ser\u00e1n limitados, por lo que es importante llevar a cabo el registro durante los cuatro d\u00edas que dura la convocatoria.<\/p>\n\n\n\n<p>A ra\u00edz de la pandemia, la instituci\u00f3n se ha enfrentado a una nueva realidad que la oblig\u00f3 a transitar a una modalidad virtual para garantizar los derechos culturales y art\u00edsticos de las y los ciudadanos en general, y los talleres que oferta a sus alumnas y alumnos, no han sido la excepci\u00f3n.<\/p>\n\n\n\n<p>Por lo anterior, la instituci\u00f3n invita a la poblaci\u00f3n en general para que sea parte de su comunidad y se inscriba a los 157 talleres art\u00edsticos que se impartir\u00e1n en la modalidad en l\u00ednea utilizando las plataformas Google Classroom, Google Meet y Zoom.<\/p>\n","protected":false},"excerpt":{"rendered":"<p>Oaxaca de Ju\u00e1rez, Oax. 5 de enero de 2022. La Secretar\u00eda de las Culturas y Artes de Oaxaca (Seculta), a trav\u00e9s de la Casa de la Cultura Oaxaque\u00f1a(CCO), abri\u00f3 su proceso de inscripci\u00f3n que, por cuestiones de la emergencia sanitaria por la COVID-19, se realizar\u00e1 por segundo a\u00f1o consecutivo en l\u00ednea en el sitio institucional [&hellip;]<\/p>\n","protected":false},"author":2,"featured_media":8128,"comment_status":"closed","ping_status":"closed","sticky":false,"template":"","format":"standard","meta":{"footnotes":""},"categories":[2],"tags":[],"class_list":{"0":"post-8127","1":"post","2":"type-post","3":"status-publish","4":"format-standard","5":"has-post-thumbnail","7":"category-oaxaca"},"yoast_head":"<!-- This site is optimized with the Yoast SEO plugin v27.4 - https:\/\/yoast.com\/product\/yoast-seo-wordpress\/ -->\n<title>Abre CCO proceso de inscripci\u00f3n en l\u00ednea a sus talleres art\u00edsticos - LA BRAVA RADIO<\/title>\n<meta name=\"robots\" content=\"index, follow, max-snippet:-1, max-image-preview:large, max-video-preview:-1\" \/>\n<link rel=\"canonical\" href=\"https:\/\/www.bbmnoticias.com\/labravaradiofm\/2022\/01\/05\/abre-cco-proceso-de-inscripcion-en-linea-a-sus-talleres-artisticos\/\" \/>\n<meta property=\"og:locale\" content=\"es_MX\" \/>\n<meta property=\"og:type\" content=\"article\" \/>\n<meta property=\"og:title\" content=\"Abre CCO proceso de inscripci\u00f3n en l\u00ednea a sus talleres art\u00edsticos - LA BRAVA RADIO\" \/>\n<meta property=\"og:description\" content=\"Oaxaca de Ju\u00e1rez, Oax. 5 de enero de 2022. La Secretar\u00eda de las Culturas y Artes de Oaxaca (Seculta), a trav\u00e9s de la Casa de la Cultura Oaxaque\u00f1a(CCO), abri\u00f3 su proceso de inscripci\u00f3n que, por cuestiones de la emergencia sanitaria por la COVID-19, se realizar\u00e1 por segundo a\u00f1o consecutivo en l\u00ednea en el sitio institucional [&hellip;]\" \/>\n<meta property=\"og:url\" content=\"https:\/\/www.bbmnoticias.com\/labravaradiofm\/2022\/01\/05\/abre-cco-proceso-de-inscripcion-en-linea-a-sus-talleres-artisticos\/\" \/>\n<meta property=\"og:site_name\" content=\"LA BRAVA RADIO\" \/>\n<meta property=\"article:published_time\" content=\"2022-01-05T16:40:09+00:00\" \/>\n<meta property=\"article:modified_time\" content=\"2022-01-05T16:40:10+00:00\" \/>\n<meta property=\"og:image\" content=\"https:\/\/www.bbmnoticias.com\/labravaradiofm\/wp-content\/uploads\/sites\/5\/2022\/01\/casa-cultura-oaxaca.jpeg\" \/>\n\t<meta property=\"og:image:width\" content=\"800\" \/>\n\t<meta property=\"og:image:height\" content=\"366\" \/>\n\t<meta property=\"og:image:type\" content=\"image\/jpeg\" \/>\n<meta name=\"author\" content=\"Staff\" \/>\n<meta name=\"twitter:card\" content=\"summary_large_image\" \/>\n<meta name=\"twitter:label1\" content=\"Escrito por\" \/>\n\t<meta name=\"twitter:data1\" content=\"Staff\" \/>\n\t<meta name=\"twitter:label2\" content=\"Tiempo de lectura\" \/>\n\t<meta name=\"twitter:data2\" content=\"3 minutos\" \/>\n<script type=\"application\/ld+json\" class=\"yoast-schema-graph\">{\"@context\":\"https:\\\/\\\/schema.org\",\"@graph\":[{\"@type\":\"Article\",\"@id\":\"https:\\\/\\\/www.bbmnoticias.com\\\/labravaradiofm\\\/2022\\\/01\\\/05\\\/abre-cco-proceso-de-inscripcion-en-linea-a-sus-talleres-artisticos\\\/#article\",\"isPartOf\":{\"@id\":\"https:\\\/\\\/www.bbmnoticias.com\\\/labravaradiofm\\\/2022\\\/01\\\/05\\\/abre-cco-proceso-de-inscripcion-en-linea-a-sus-talleres-artisticos\\\/\"},\"author\":{\"name\":\"Staff\",\"@id\":\"https:\\\/\\\/www.bbmnoticias.com\\\/labravaradiofm\\\/#\\\/schema\\\/person\\\/68a9e9036ef3c5b55aeb2b71dc8bab45\"},\"headline\":\"Abre CCO proceso de inscripci\u00f3n en l\u00ednea a sus talleres art\u00edsticos\",\"datePublished\":\"2022-01-05T16:40:09+00:00\",\"dateModified\":\"2022-01-05T16:40:10+00:00\",\"mainEntityOfPage\":{\"@id\":\"https:\\\/\\\/www.bbmnoticias.com\\\/labravaradiofm\\\/2022\\\/01\\\/05\\\/abre-cco-proceso-de-inscripcion-en-linea-a-sus-talleres-artisticos\\\/\"},\"wordCount\":445,\"image\":{\"@id\":\"https:\\\/\\\/www.bbmnoticias.com\\\/labravaradiofm\\\/2022\\\/01\\\/05\\\/abre-cco-proceso-de-inscripcion-en-linea-a-sus-talleres-artisticos\\\/#primaryimage\"},\"thumbnailUrl\":\"https:\\\/\\\/www.bbmnoticias.com\\\/labravaradiofm\\\/wp-content\\\/uploads\\\/sites\\\/5\\\/2022\\\/01\\\/casa-cultura-oaxaca.jpeg\",\"articleSection\":[\"LOCAL\"],\"inLanguage\":\"es\"},{\"@type\":\"WebPage\",\"@id\":\"https:\\\/\\\/www.bbmnoticias.com\\\/labravaradiofm\\\/2022\\\/01\\\/05\\\/abre-cco-proceso-de-inscripcion-en-linea-a-sus-talleres-artisticos\\\/\",\"url\":\"https:\\\/\\\/www.bbmnoticias.com\\\/labravaradiofm\\\/2022\\\/01\\\/05\\\/abre-cco-proceso-de-inscripcion-en-linea-a-sus-talleres-artisticos\\\/\",\"name\":\"Abre CCO proceso de inscripci\u00f3n en l\u00ednea a sus talleres art\u00edsticos - LA BRAVA RADIO\",\"isPartOf\":{\"@id\":\"https:\\\/\\\/www.bbmnoticias.com\\\/labravaradiofm\\\/#website\"},\"primaryImageOfPage\":{\"@id\":\"https:\\\/\\\/www.bbmnoticias.com\\\/labravaradiofm\\\/2022\\\/01\\\/05\\\/abre-cco-proceso-de-inscripcion-en-linea-a-sus-talleres-artisticos\\\/#primaryimage\"},\"image\":{\"@id\":\"https:\\\/\\\/www.bbmnoticias.com\\\/labravaradiofm\\\/2022\\\/01\\\/05\\\/abre-cco-proceso-de-inscripcion-en-linea-a-sus-talleres-artisticos\\\/#primaryimage\"},\"thumbnailUrl\":\"https:\\\/\\\/www.bbmnoticias.com\\\/labravaradiofm\\\/wp-content\\\/uploads\\\/sites\\\/5\\\/2022\\\/01\\\/casa-cultura-oaxaca.jpeg\",\"datePublished\":\"2022-01-05T16:40:09+00:00\",\"dateModified\":\"2022-01-05T16:40:10+00:00\",\"author\":{\"@id\":\"https:\\\/\\\/www.bbmnoticias.com\\\/labravaradiofm\\\/#\\\/schema\\\/person\\\/68a9e9036ef3c5b55aeb2b71dc8bab45\"},\"breadcrumb\":{\"@id\":\"https:\\\/\\\/www.bbmnoticias.com\\\/labravaradiofm\\\/2022\\\/01\\\/05\\\/abre-cco-proceso-de-inscripcion-en-linea-a-sus-talleres-artisticos\\\/#breadcrumb\"},\"inLanguage\":\"es\",\"potentialAction\":[{\"@type\":\"ReadAction\",\"target\":[\"https:\\\/\\\/www.bbmnoticias.com\\\/labravaradiofm\\\/2022\\\/01\\\/05\\\/abre-cco-proceso-de-inscripcion-en-linea-a-sus-talleres-artisticos\\\/\"]}]},{\"@type\":\"ImageObject\",\"inLanguage\":\"es\",\"@id\":\"https:\\\/\\\/www.bbmnoticias.com\\\/labravaradiofm\\\/2022\\\/01\\\/05\\\/abre-cco-proceso-de-inscripcion-en-linea-a-sus-talleres-artisticos\\\/#primaryimage\",\"url\":\"https:\\\/\\\/www.bbmnoticias.com\\\/labravaradiofm\\\/wp-content\\\/uploads\\\/sites\\\/5\\\/2022\\\/01\\\/casa-cultura-oaxaca.jpeg\",\"contentUrl\":\"https:\\\/\\\/www.bbmnoticias.com\\\/labravaradiofm\\\/wp-content\\\/uploads\\\/sites\\\/5\\\/2022\\\/01\\\/casa-cultura-oaxaca.jpeg\",\"width\":800,\"height\":366},{\"@type\":\"BreadcrumbList\",\"@id\":\"https:\\\/\\\/www.bbmnoticias.com\\\/labravaradiofm\\\/2022\\\/01\\\/05\\\/abre-cco-proceso-de-inscripcion-en-linea-a-sus-talleres-artisticos\\\/#breadcrumb\",\"itemListElement\":[{\"@type\":\"ListItem\",\"position\":1,\"name\":\"Inicio\",\"item\":\"https:\\\/\\\/www.bbmnoticias.com\\\/labravaradiofm\\\/\"},{\"@type\":\"ListItem\",\"position\":2,\"name\":\"Abre CCO proceso de inscripci\u00f3n en l\u00ednea a sus talleres art\u00edsticos\"}]},{\"@type\":\"WebSite\",\"@id\":\"https:\\\/\\\/www.bbmnoticias.com\\\/labravaradiofm\\\/#website\",\"url\":\"https:\\\/\\\/www.bbmnoticias.com\\\/labravaradiofm\\\/\",\"name\":\"LA BRAVA RADIO\",\"description\":\"Empresa productora de medios, Radiodifusi\u00f3n, Noticias, tendencias y todo lo que necesitas saber de la pol\u00edtica mexicana e internacional; entretenimiento, espect\u00e1culos, salud y mucho m\u00e1s.\",\"potentialAction\":[{\"@type\":\"SearchAction\",\"target\":{\"@type\":\"EntryPoint\",\"urlTemplate\":\"https:\\\/\\\/www.bbmnoticias.com\\\/labravaradiofm\\\/?s={search_term_string}\"},\"query-input\":{\"@type\":\"PropertyValueSpecification\",\"valueRequired\":true,\"valueName\":\"search_term_string\"}}],\"inLanguage\":\"es\"},{\"@type\":\"Person\",\"@id\":\"https:\\\/\\\/www.bbmnoticias.com\\\/labravaradiofm\\\/#\\\/schema\\\/person\\\/68a9e9036ef3c5b55aeb2b71dc8bab45\",\"name\":\"Staff\",\"image\":{\"@type\":\"ImageObject\",\"inLanguage\":\"es\",\"@id\":\"https:\\\/\\\/secure.gravatar.com\\\/avatar\\\/fdd21ad66fd8b98c407f9dee5b5e588cfe7f0d8579ec20fa6527cd59bab7f0f0?s=96&d=mm&r=g\",\"url\":\"https:\\\/\\\/secure.gravatar.com\\\/avatar\\\/fdd21ad66fd8b98c407f9dee5b5e588cfe7f0d8579ec20fa6527cd59bab7f0f0?s=96&d=mm&r=g\",\"contentUrl\":\"https:\\\/\\\/secure.gravatar.com\\\/avatar\\\/fdd21ad66fd8b98c407f9dee5b5e588cfe7f0d8579ec20fa6527cd59bab7f0f0?s=96&d=mm&r=g\",\"caption\":\"Staff\"},\"url\":\"https:\\\/\\\/www.bbmnoticias.com\\\/labravaradiofm\\\/author\\\/redaccion\\\/\"}]}<\/script>\n<!-- \/ Yoast SEO plugin. -->","yoast_head_json":{"title":"Abre CCO proceso de inscripci\u00f3n en l\u00ednea a sus talleres art\u00edsticos - LA BRAVA RADIO","robots":{"index":"index","follow":"follow","max-snippet":"max-snippet:-1","max-image-preview":"max-image-preview:large","max-video-preview":"max-video-preview:-1"},"canonical":"https:\/\/www.bbmnoticias.com\/labravaradiofm\/2022\/01\/05\/abre-cco-proceso-de-inscripcion-en-linea-a-sus-talleres-artisticos\/","og_locale":"es_MX","og_type":"article","og_title":"Abre CCO proceso de inscripci\u00f3n en l\u00ednea a sus talleres art\u00edsticos - LA BRAVA RADIO","og_description":"Oaxaca de Ju\u00e1rez, Oax. 5 de enero de 2022. La Secretar\u00eda de las Culturas y Artes de Oaxaca (Seculta), a trav\u00e9s de la Casa de la Cultura Oaxaque\u00f1a(CCO), abri\u00f3 su proceso de inscripci\u00f3n que, por cuestiones de la emergencia sanitaria por la COVID-19, se realizar\u00e1 por segundo a\u00f1o consecutivo en l\u00ednea en el sitio institucional [&hellip;]","og_url":"https:\/\/www.bbmnoticias.com\/labravaradiofm\/2022\/01\/05\/abre-cco-proceso-de-inscripcion-en-linea-a-sus-talleres-artisticos\/","og_site_name":"LA BRAVA RADIO","article_published_time":"2022-01-05T16:40:09+00:00","article_modified_time":"2022-01-05T16:40:10+00:00","og_image":[{"width":800,"height":366,"url":"https:\/\/www.bbmnoticias.com\/labravaradiofm\/wp-content\/uploads\/sites\/5\/2022\/01\/casa-cultura-oaxaca.jpeg","type":"image\/jpeg"}],"author":"Staff","twitter_card":"summary_large_image","twitter_misc":{"Escrito por":"Staff","Tiempo de lectura":"3 minutos"},"schema":{"@context":"https:\/\/schema.org","@graph":[{"@type":"Article","@id":"https:\/\/www.bbmnoticias.com\/labravaradiofm\/2022\/01\/05\/abre-cco-proceso-de-inscripcion-en-linea-a-sus-talleres-artisticos\/#article","isPartOf":{"@id":"https:\/\/www.bbmnoticias.com\/labravaradiofm\/2022\/01\/05\/abre-cco-proceso-de-inscripcion-en-linea-a-sus-talleres-artisticos\/"},"author":{"name":"Staff","@id":"https:\/\/www.bbmnoticias.com\/labravaradiofm\/#\/schema\/person\/68a9e9036ef3c5b55aeb2b71dc8bab45"},"headline":"Abre CCO proceso de inscripci\u00f3n en l\u00ednea a sus talleres art\u00edsticos","datePublished":"2022-01-05T16:40:09+00:00","dateModified":"2022-01-05T16:40:10+00:00","mainEntityOfPage":{"@id":"https:\/\/www.bbmnoticias.com\/labravaradiofm\/2022\/01\/05\/abre-cco-proceso-de-inscripcion-en-linea-a-sus-talleres-artisticos\/"},"wordCount":445,"image":{"@id":"https:\/\/www.bbmnoticias.com\/labravaradiofm\/2022\/01\/05\/abre-cco-proceso-de-inscripcion-en-linea-a-sus-talleres-artisticos\/#primaryimage"},"thumbnailUrl":"https:\/\/www.bbmnoticias.com\/labravaradiofm\/wp-content\/uploads\/sites\/5\/2022\/01\/casa-cultura-oaxaca.jpeg","articleSection":["LOCAL"],"inLanguage":"es"},{"@type":"WebPage","@id":"https:\/\/www.bbmnoticias.com\/labravaradiofm\/2022\/01\/05\/abre-cco-proceso-de-inscripcion-en-linea-a-sus-talleres-artisticos\/","url":"https:\/\/www.bbmnoticias.com\/labravaradiofm\/2022\/01\/05\/abre-cco-proceso-de-inscripcion-en-linea-a-sus-talleres-artisticos\/","name":"Abre CCO proceso de inscripci\u00f3n en l\u00ednea a sus talleres art\u00edsticos - LA BRAVA RADIO","isPartOf":{"@id":"https:\/\/www.bbmnoticias.com\/labravaradiofm\/#website"},"primaryImageOfPage":{"@id":"https:\/\/www.bbmnoticias.com\/labravaradiofm\/2022\/01\/05\/abre-cco-proceso-de-inscripcion-en-linea-a-sus-talleres-artisticos\/#primaryimage"},"image":{"@id":"https:\/\/www.bbmnoticias.com\/labravaradiofm\/2022\/01\/05\/abre-cco-proceso-de-inscripcion-en-linea-a-sus-talleres-artisticos\/#primaryimage"},"thumbnailUrl":"https:\/\/www.bbmnoticias.com\/labravaradiofm\/wp-content\/uploads\/sites\/5\/2022\/01\/casa-cultura-oaxaca.jpeg","datePublished":"2022-01-05T16:40:09+00:00","dateModified":"2022-01-05T16:40:10+00:00","author":{"@id":"https:\/\/www.bbmnoticias.com\/labravaradiofm\/#\/schema\/person\/68a9e9036ef3c5b55aeb2b71dc8bab45"},"breadcrumb":{"@id":"https:\/\/www.bbmnoticias.com\/labravaradiofm\/2022\/01\/05\/abre-cco-proceso-de-inscripcion-en-linea-a-sus-talleres-artisticos\/#breadcrumb"},"inLanguage":"es","potentialAction":[{"@type":"ReadAction","target":["https:\/\/www.bbmnoticias.com\/labravaradiofm\/2022\/01\/05\/abre-cco-proceso-de-inscripcion-en-linea-a-sus-talleres-artisticos\/"]}]},{"@type":"ImageObject","inLanguage":"es","@id":"https:\/\/www.bbmnoticias.com\/labravaradiofm\/2022\/01\/05\/abre-cco-proceso-de-inscripcion-en-linea-a-sus-talleres-artisticos\/#primaryimage","url":"https:\/\/www.bbmnoticias.com\/labravaradiofm\/wp-content\/uploads\/sites\/5\/2022\/01\/casa-cultura-oaxaca.jpeg","contentUrl":"https:\/\/www.bbmnoticias.com\/labravaradiofm\/wp-content\/uploads\/sites\/5\/2022\/01\/casa-cultura-oaxaca.jpeg","width":800,"height":366},{"@type":"BreadcrumbList","@id":"https:\/\/www.bbmnoticias.com\/labravaradiofm\/2022\/01\/05\/abre-cco-proceso-de-inscripcion-en-linea-a-sus-talleres-artisticos\/#breadcrumb","itemListElement":[{"@type":"ListItem","position":1,"name":"Inicio","item":"https:\/\/www.bbmnoticias.com\/labravaradiofm\/"},{"@type":"ListItem","position":2,"name":"Abre CCO proceso de inscripci\u00f3n en l\u00ednea a sus talleres art\u00edsticos"}]},{"@type":"WebSite","@id":"https:\/\/www.bbmnoticias.com\/labravaradiofm\/#website","url":"https:\/\/www.bbmnoticias.com\/labravaradiofm\/","name":"LA BRAVA RADIO","description":"Empresa productora de medios, Radiodifusi\u00f3n, Noticias, tendencias y todo lo que necesitas saber de la pol\u00edtica mexicana e internacional; entretenimiento, espect\u00e1culos, salud y mucho m\u00e1s.","potentialAction":[{"@type":"SearchAction","target":{"@type":"EntryPoint","urlTemplate":"https:\/\/www.bbmnoticias.com\/labravaradiofm\/?s={search_term_string}"},"query-input":{"@type":"PropertyValueSpecification","valueRequired":true,"valueName":"search_term_string"}}],"inLanguage":"es"},{"@type":"Person","@id":"https:\/\/www.bbmnoticias.com\/labravaradiofm\/#\/schema\/person\/68a9e9036ef3c5b55aeb2b71dc8bab45","name":"Staff","image":{"@type":"ImageObject","inLanguage":"es","@id":"https:\/\/secure.gravatar.com\/avatar\/fdd21ad66fd8b98c407f9dee5b5e588cfe7f0d8579ec20fa6527cd59bab7f0f0?s=96&d=mm&r=g","url":"https:\/\/secure.gravatar.com\/avatar\/fdd21ad66fd8b98c407f9dee5b5e588cfe7f0d8579ec20fa6527cd59bab7f0f0?s=96&d=mm&r=g","contentUrl":"https:\/\/secure.gravatar.com\/avatar\/fdd21ad66fd8b98c407f9dee5b5e588cfe7f0d8579ec20fa6527cd59bab7f0f0?s=96&d=mm&r=g","caption":"Staff"},"url":"https:\/\/www.bbmnoticias.com\/labravaradiofm\/author\/redaccion\/"}]}},"_links":{"self":[{"href":"https:\/\/www.bbmnoticias.com\/labravaradiofm\/wp-json\/wp\/v2\/posts\/8127","targetHints":{"allow":["GET"]}}],"collection":[{"href":"https:\/\/www.bbmnoticias.com\/labravaradiofm\/wp-json\/wp\/v2\/posts"}],"about":[{"href":"https:\/\/www.bbmnoticias.com\/labravaradiofm\/wp-json\/wp\/v2\/types\/post"}],"author":[{"embeddable":true,"href":"https:\/\/www.bbmnoticias.com\/labravaradiofm\/wp-json\/wp\/v2\/users\/2"}],"replies":[{"embeddable":true,"href":"https:\/\/www.bbmnoticias.com\/labravaradiofm\/wp-json\/wp\/v2\/comments?post=8127"}],"version-history":[{"count":0,"href":"https:\/\/www.bbmnoticias.com\/labravaradiofm\/wp-json\/wp\/v2\/posts\/8127\/revisions"}],"wp:featuredmedia":[{"embeddable":true,"href":"https:\/\/www.bbmnoticias.com\/labravaradiofm\/wp-json\/wp\/v2\/media\/8128"}],"wp:attachment":[{"href":"https:\/\/www.bbmnoticias.com\/labravaradiofm\/wp-json\/wp\/v2\/media?parent=8127"}],"wp:term":[{"taxonomy":"category","embeddable":true,"href":"https:\/\/www.bbmnoticias.com\/labravaradiofm\/wp-json\/wp\/v2\/categories?post=8127"},{"taxonomy":"post_tag","embeddable":true,"href":"https:\/\/www.bbmnoticias.com\/labravaradiofm\/wp-json\/wp\/v2\/tags?post=8127"}],"curies":[{"name":"wp","href":"https:\/\/api.w.org\/{rel}","templated":true}]}}