{"id":81267,"date":"2026-08-31T09:54:25","date_gmt":"2026-08-31T15:54:25","guid":{"rendered":"https:\/\/www.bbmnoticias.com\/labravaradiofm\/2026\/08\/31\/la-libertad-de-trabajar-la-libertad-de-organizarse-por-jesus-romero\/"},"modified":"2026-08-31T09:55:51","modified_gmt":"2026-08-31T15:55:51","slug":"la-libertad-de-trabajar-la-libertad-de-organizarse-por-jesus-romero","status":"publish","type":"post","link":"https:\/\/www.bbmnoticias.com\/labravaradiofm\/2026\/08\/31\/la-libertad-de-trabajar-la-libertad-de-organizarse-por-jesus-romero\/","title":{"rendered":"La libertad de trabajar, la libertad de organizarse Por Jes\u00fas Romero"},"content":{"rendered":"\n<p class=\"wp-block-paragraph\">El pasado 27 de agosto, un operativo coordinado entre autoridades federales y estatales llev\u00f3 a la detenci\u00f3n en Oaxaca de dirigentes e integrantes de una organizaci\u00f3n gremial. Las investigaciones los relacionan presuntamente con una c\u00e9lula delictiva y con pr\u00e1cticas como extorsi\u00f3n, cobro de cuotas e invasi\u00f3n de predios. Adem\u00e1s, han surgido se\u00f1alamientos sobre posibles v\u00ednculos con estructuras de delincuencia organizada. Corresponder\u00e1 a las autoridades competentes y a los tribunales determinar las responsabilidades individuales.<\/p>\n\n\n\n<p class=\"wp-block-paragraph\">Pero reducir lo ocurrido a una nota policiaca ser\u00eda quedarnos solamente con el \u00faltimo cap\u00edtulo de una historia mucho m\u00e1s larga. La pregunta de fondo es c\u00f3mo llegamos al punto en que estructuras surgidas bajo la figura de la representaci\u00f3n sindical o gremial pudieron alejarse de la defensa de sus integrantes hasta convertirse, en algunos casos, en mecanismos de control sobre el trabajo y las actividades econ\u00f3micas.<\/p>\n\n\n\n<p class=\"wp-block-paragraph\">Para entenderlo hay que mirar hacia atr\u00e1s.<\/p>\n\n\n\n<p class=\"wp-block-paragraph\">Durante buena parte de nuestra historia reciente, Oaxaca vivi\u00f3 bajo un sistema profundamente corporativo. CTM, CROC, CNC, CNOP y otras centrales organizaron a obreros, campesinos, transportistas, comerciantes y amplios sectores populares alrededor del partido hegem\u00f3nico. En nuestro estado, ese corporativismo se entrelaz\u00f3 adem\u00e1s con un caciquismo priista que someti\u00f3 buena parte de la vida pol\u00edtica, social y econ\u00f3mica.<\/p>\n\n\n\n<p class=\"wp-block-paragraph\">No se trataba \u00fanicamente de representar intereses o gestionar demandas. El sistema constru\u00eda intermediarios entre las personas y el poder. Una concesi\u00f3n, una gesti\u00f3n, una oportunidad de trabajo o el acceso a determinado espacio pod\u00edan depender de la pertenencia a una organizaci\u00f3n y, muchas veces, de una determinada lealtad pol\u00edtica. El corporativismo administraba representaci\u00f3n, pero tambi\u00e9n disciplina.<\/p>\n\n\n\n<p class=\"wp-block-paragraph\">Romper esa hegemon\u00eda fue una de las grandes luchas por la democratizaci\u00f3n de Oaxaca.<\/p>\n\n\n\n<p class=\"wp-block-paragraph\">Desde las regiones, las comunidades, las colonias y los sectores populares surgi\u00f3 un movimiento social amplio y diverso que disput\u00f3 al viejo caciquismo el monopolio de la representaci\u00f3n. CIPO, CODEP, UGOCP, FNIC, FIOB, MULT, UCP, FALP, CODEDI, CODECI, UCIZONI, UCD, FPR, UCO, COCEI y muchas otras expresiones ind\u00edgenas, campesinas, urbanas, comunitarias y regionales formaron parte de ese largo proceso.<\/p>\n\n\n\n<p class=\"wp-block-paragraph\">No se trata de idealizar a ninguna de ellas. Tuvieron diferencias, contradicciones, aciertos y errores. Pero tampoco podemos desconocer lo que representaron en su conjunto: abrieron espacios que hab\u00edan permanecido cerrados y demostraron que campesinos, ind\u00edgenas, comerciantes, transportistas, colonias y trabajadores no estaban condenados a depender siempre de las mismas estructuras del poder.<\/p>\n\n\n\n<p class=\"wp-block-paragraph\">Aquella lucha tuvo un profundo contenido democratizador. La sociedad comenz\u00f3 a tener m\u00e1s de una puerta, m\u00e1s de un interlocutor y mayor libertad frente a quienes durante a\u00f1os hab\u00edan pretendido representarla de manera exclusiva.<\/p>\n\n\n\n<p class=\"wp-block-paragraph\">Sin embargo, los procesos sociales cambian. Muchas de aquellas organizaciones conservaron presencia pol\u00edtica y comunitaria, pero encontraron mayores dificultades para representar una realidad econ\u00f3mica que se transformaba aceleradamente. Crecieron y se fragmentaron el transporte, el comercio popular, los servicios, las concesiones, la construcci\u00f3n y el acarreo de materiales. En algunos espacios qued\u00f3 un vac\u00edo de representaci\u00f3n y, en otros, las antiguas formas de organizaci\u00f3n ya no pudieron contener esas nuevas din\u00e1micas.<\/p>\n\n\n\n<p class=\"wp-block-paragraph\">Ese espacio comenz\u00f3 a ser ocupado por estructuras de naturaleza distinta.<\/p>\n\n\n\n<p class=\"wp-block-paragraph\">Durante los a\u00f1os de la alternancia con Gabino Cu\u00e9 y, posteriormente, con el retorno del PRI al gobierno estatal, se consolidaron organizaciones que ya no proven\u00edan necesariamente de aquellas luchas comunitarias o democratizadoras. Tampoco eran una simple reproducci\u00f3n de las antiguas centrales nacionales. Construyeron poder alrededor del control de actividades econ\u00f3micas, la concentraci\u00f3n de concesionarios y trabajadores, la capacidad de movilizaci\u00f3n y una creciente intermediaci\u00f3n frente a autoridades, empresas y particulares.<\/p>\n\n\n\n<p class=\"wp-block-paragraph\">En algunos casos incorporaron, adem\u00e1s, la violencia como m\u00e9todo de presi\u00f3n e imposici\u00f3n: para disputar espacios, controlar actividades, inhibir a competidores o someter a quienes se resist\u00edan a formar parte de esas estructuras.<\/p>\n\n\n\n<p class=\"wp-block-paragraph\">As\u00ed fueron tomando forma nuevos cacicazgos. Ya no necesariamente vinculados a una sola estructura partidista, sino poderes fragmentados, con capacidad econ\u00f3mica y territorial, que pod\u00edan ejercer control sobre sitios de taxis, rutas, grupos de camiones y pipas, acarreo de materiales, mercados, v\u00eda p\u00fablica, comerciantes y determinadas actividades o servicios.<\/p>\n\n\n\n<p class=\"wp-block-paragraph\">Se lleg\u00f3 a hablar de un \u201cnuevo sindicalismo\u201d. Sin embargo, una parte de ese modelo termin\u00f3 reproduciendo, bajo otras siglas y liderazgos, pr\u00e1cticas que la democratizaci\u00f3n oaxaque\u00f1a hab\u00eda buscado superar. Pertenecer a una organizaci\u00f3n pod\u00eda significar acceso al trabajo o protecci\u00f3n; permanecer fuera, enfrentar obst\u00e1culos. La representaci\u00f3n comenz\u00f3 entonces a confundirse con control y dominaci\u00f3n.<\/p>\n\n\n\n<p class=\"wp-block-paragraph\">Ese fen\u00f3meno se incub\u00f3 y consolid\u00f3 particularmente durante las dos administraciones anteriores a la actual. Dej\u00f3 confrontaciones por rutas, sitios, obras, contratos y espacios econ\u00f3micos; amenazas, bloqueos, agresiones y numerosas v\u00edctimas de la violencia entre organizaciones.<\/p>\n\n\n\n<p class=\"wp-block-paragraph\">Durante la actual administraci\u00f3n, y particularmente desde la Secretar\u00eda de Gobierno, nos ha tocado enfrentar esos resabios y recuperar espacios que durante a\u00f1os estuvieron sujetos a esas formas de presi\u00f3n e imposici\u00f3n. No es una tarea sencilla, porque se trata de estructuras que construyeron intereses, relaciones y poderes durante mucho tiempo.<\/p>\n\n\n\n<p class=\"wp-block-paragraph\">Los acontecimientos recientes muestran adem\u00e1s que, en determinados casos, esa degradaci\u00f3n pudo llegar todav\u00eda m\u00e1s lejos. Cuando investigaciones relacionan a personas pertenecientes a estructuras gremiales con c\u00e9lulas delictivas y aparecen conductas como extorsi\u00f3n, cobro de piso, despojo o imposici\u00f3n mediante la violencia, se ha cruzado una frontera que nunca debi\u00f3 cruzarse.<\/p>\n\n\n\n<p class=\"wp-block-paragraph\">Esas pr\u00e1cticas no son sindicalismo.<\/p>\n\n\n\n<p class=\"wp-block-paragraph\">Por supuesto, debemos ser cuidadosos. No podemos criminalizar a miles de trabajadores honestos que leg\u00edtimamente se organizan para defender sus derechos. La libertad de asociaci\u00f3n es una conquista democr\u00e1tica y debe protegerse. Pero defender al verdadero sindicalismo tambi\u00e9n implica distinguirlo de quienes pudieran utilizar una estructura gremial como mecanismo de coerci\u00f3n o cobertura para actividades il\u00edcitas.<\/p>\n\n\n\n<p class=\"wp-block-paragraph\">Y esta discusi\u00f3n no se limita al transporte.<\/p>\n\n\n\n<p class=\"wp-block-paragraph\">Estamos hablando de taxistas, camioneros y piperos, pero tambi\u00e9n de diableros, comerciantes establecidos, ambulantes, semifijos y fijos, prestadores de servicios, peque\u00f1os negocios y empresas. Todos deben poder desarrollar una actividad l\u00edcita sin necesitar que alguien les venda protecci\u00f3n, les cobre por dejarlos trabajar o se asuma propietario de una actividad econ\u00f3mica que no le pertenece.<\/p>\n\n\n\n<p class=\"wp-block-paragraph\">Una organizaci\u00f3n puede servir para defender derechos, negociar mejores condiciones y representar intereses comunes. Lo que nunca debe hacer es apropiarse de la libertad de sus integrantes o condicionar la de quienes decidieron no pertenecer a ella.<\/p>\n\n\n\n<p class=\"wp-block-paragraph\">La libertad de organizarse incluye tambi\u00e9n la libertad de no organizarse con nadie.<\/p>\n\n\n\n<p class=\"wp-block-paragraph\">Un concesionario debe valer por su concesi\u00f3n y no por la calcoman\u00eda que lleve en su veh\u00edculo. Un comerciante debe sujetarse a las reglas de la autoridad, no a las condiciones impuestas por un dirigente. Una empresa debe poder ejecutar una obra conforme a la ley sin que nadie pretenda adjudicarse por la fuerza el transporte, los materiales o una parte de los trabajos. Y abandonar una agrupaci\u00f3n nunca debe significar perder el derecho a ganarse la vida.<\/p>\n\n\n\n<p class=\"wp-block-paragraph\">Lo mismo vale para la pol\u00edtica. Haber combatido el viejo corporativismo priista para terminar reproduci\u00e9ndolo con otros colores ser\u00eda una contradicci\u00f3n hist\u00f3rica. Ning\u00fan trabajador, comerciante, transportista o concesionario debe pertenecer a partido alguno para conservar sus oportunidades. Las organizaciones gremiales no pueden convertirse en patrimonio electoral de nadie.<\/p>\n\n\n\n<p class=\"wp-block-paragraph\">Tampoco corresponde a los gobiernos fabricar organizaciones, escoger dirigentes o decidir qu\u00e9 grupo sustituye a otro. Hacerlo solamente reemplazar\u00eda un corporativismo por uno nuevo. La responsabilidad del Estado es garantizar legalidad, reglas iguales y libertad para organizarse o permanecer independiente.<\/p>\n\n\n\n<p class=\"wp-block-paragraph\">Los municipios tienen tambi\u00e9n una responsabilidad esencial. Mercados, calles, sitios y espacios p\u00fablicos deben administrarse mediante reglas claras, padrones transparentes y una relaci\u00f3n institucional directa con quienes leg\u00edtimamente trabajan en ellos. Cuando una autoridad permite que un intermediario decida qui\u00e9n entra, qui\u00e9n trabaja o cu\u00e1nto paga, deja espacio para la aparici\u00f3n de poderes de hecho.<\/p>\n\n\n\n<figure class=\"wp-block-image size-full\"><img decoding=\"async\" src=\"https:\/\/www.bbmnoticias.com\/wp-content\/uploads\/2026\/08\/jesus_romero2.jpg\" alt=\"\" class=\"wp-image-83667\"\/><\/figure>\n\n\n\n<p class=\"wp-block-paragraph\">Por eso Oaxaca necesita avanzar hacia una nueva etapa. Los sindicatos deben existir y ser fuertes cuando sus integrantes libremente as\u00ed lo decidan, pero no son la \u00fanica forma de organizaci\u00f3n. Tambi\u00e9n existen cooperativas, asociaciones independientes, colectivos de trabajadores y modelos autogestivos y comunitarios donde las personas pueden elegir a sus representantes, conocer el destino de sus aportaciones y retirarse cuando lo determinen.<\/p>\n\n\n\n<p class=\"wp-block-paragraph\">Oaxaca tiene una profunda tradici\u00f3n de organizaci\u00f3n colectiva. La asamblea, el tequio, la cooperaci\u00f3n, la ayuda mutua y la responsabilidad comunitaria forman parte de nuestra vida social. No se trata de trasladar mec\u00e1nicamente esas formas a una ciudad, un mercado o una empresa, sino de recuperar su principio esencial: organizarse para resolver juntos, con libertad y responsabilidad compartida, sin que el esfuerzo colectivo termine subordinado a quien temporalmente representa a los dem\u00e1s.<\/p>\n\n\n\n<p class=\"wp-block-paragraph\">El movimiento social oaxaque\u00f1o luch\u00f3 durante a\u00f1os para romper el caciquismo y los monopolios de representaci\u00f3n. Esa lucha abri\u00f3 nuestra vida p\u00fablica y gener\u00f3 pluralidad. Despu\u00e9s surgieron nuevas formas de concentraci\u00f3n y control cuyos resabios hoy nos corresponde enfrentar.<\/p>\n\n\n\n<p class=\"wp-block-paragraph\">Desde la responsabilidad p\u00fablica que hoy desempe\u00f1o tengo una convicci\u00f3n: la autoridad no puede ser indiferente cuando alguien intenta apropiarse del derecho de otro a trabajar. Debemos proteger a quien se organiza libremente, pero con la misma determinaci\u00f3n garantizar la libertad de quien decide no hacerlo. Ning\u00fan inter\u00e9s pol\u00edtico, sindical, econ\u00f3mico o partidista puede estar por encima de ese principio.<\/p>\n\n\n\n<p class=\"wp-block-paragraph\">La siguiente transformaci\u00f3n democr\u00e1tica de Oaxaca debe consistir precisamente en pasar de la pluralidad de organizaciones a la libertad plena de las personas. Que nadie pueda asumirse due\u00f1o del taxista, del comerciante, del transportista, del trabajador o del peque\u00f1o empresario, y que quien decida asociarse lo haga porque encuentra solidaridad y fuerza colectiva, nunca porque tenga miedo de permanecer fuera.<\/p>\n\n\n\n<p class=\"wp-block-paragraph\">La libertad de trabajar y la libertad de organizarse no son derechos opuestos. Son dos expresiones de una misma democracia. Oaxaca debe proteger ambas y recuperar el verdadero sentido de la organizaci\u00f3n colectiva: organizarnos para ser m\u00e1s fuertes y m\u00e1s libres, nunca para someter a los dem\u00e1s.<\/p>\n\n\n\n<p class=\"wp-block-paragraph\"><\/p>\n","protected":false},"excerpt":{"rendered":"<p>El pasado 27 de agosto, un operativo coordinado entre autoridades federales y estatales llev\u00f3 a la detenci\u00f3n en Oaxaca de dirigentes e integrantes de una organizaci\u00f3n gremial. Las investigaciones los relacionan presuntamente con una c\u00e9lula delictiva y con pr\u00e1cticas como extorsi\u00f3n, cobro de cuotas e invasi\u00f3n de predios. Adem\u00e1s, han surgido se\u00f1alamientos sobre posibles v\u00ednculos [&hellip;]<\/p>\n","protected":false},"author":2,"featured_media":81269,"comment_status":"closed","ping_status":"open","sticky":false,"template":"","format":"standard","meta":{"footnotes":""},"categories":[2],"tags":[],"class_list":["post-81267","post","type-post","status-publish","format-standard","has-post-thumbnail","hentry","category-oaxaca"],"yoast_head":"<!-- This site is optimized with the Yoast SEO plugin v28.1 - https:\/\/yoast.com\/product\/yoast-seo-wordpress\/ -->\n<title>La libertad de trabajar, la libertad de organizarse Por Jes\u00fas Romero - LA BRAVA RADIO<\/title>\n<meta name=\"robots\" content=\"index, follow, max-snippet:-1, max-image-preview:large, max-video-preview:-1\" \/>\n<link rel=\"canonical\" href=\"https:\/\/www.bbmnoticias.com\/la-libertad-de-trabajar-la-libertad-de-organizarse-por-jesus-romero\/\" \/>\n<meta property=\"og:locale\" content=\"es_MX\" \/>\n<meta property=\"og:type\" content=\"article\" \/>\n<meta property=\"og:title\" content=\"La libertad de trabajar, la libertad de organizarse Por Jes\u00fas Romero - LA BRAVA RADIO\" \/>\n<meta property=\"og:description\" content=\"El pasado 27 de agosto, un operativo coordinado entre autoridades federales y estatales llev\u00f3 a la detenci\u00f3n en Oaxaca de dirigentes e integrantes de una organizaci\u00f3n gremial. Las investigaciones los relacionan presuntamente con una c\u00e9lula delictiva y con pr\u00e1cticas como extorsi\u00f3n, cobro de cuotas e invasi\u00f3n de predios. Adem\u00e1s, han surgido se\u00f1alamientos sobre posibles v\u00ednculos [&hellip;]\" \/>\n<meta property=\"og:url\" content=\"https:\/\/www.bbmnoticias.com\/la-libertad-de-trabajar-la-libertad-de-organizarse-por-jesus-romero\/\" \/>\n<meta property=\"og:site_name\" content=\"LA BRAVA RADIO\" \/>\n<meta property=\"article:published_time\" content=\"2026-08-31T15:54:25+00:00\" \/>\n<meta property=\"article:modified_time\" content=\"2026-08-31T15:55:51+00:00\" \/>\n<meta property=\"og:image\" content=\"https:\/\/www.bbmnoticias.com\/labravaradiofm\/wp-content\/uploads\/sites\/5\/2026\/08\/jesus_romero-7.jpg\" \/>\n\t<meta property=\"og:image:width\" content=\"800\" \/>\n\t<meta property=\"og:image:height\" content=\"533\" \/>\n\t<meta property=\"og:image:type\" content=\"image\/jpeg\" \/>\n<meta name=\"author\" content=\"Staff\" \/>\n<meta name=\"twitter:card\" content=\"summary_large_image\" \/>\n<meta name=\"twitter:label1\" content=\"Escrito por\" \/>\n\t<meta name=\"twitter:data1\" content=\"Staff\" \/>\n\t<meta name=\"twitter:label2\" content=\"Tiempo de lectura\" \/>\n\t<meta name=\"twitter:data2\" content=\"8 minutos\" \/>\n<script type=\"application\/ld+json\" class=\"yoast-schema-graph\">{\"@context\":\"https:\\\/\\\/schema.org\",\"@graph\":[{\"@type\":\"Article\",\"@id\":\"https:\\\/\\\/www.bbmnoticias.com\\\/la-libertad-de-trabajar-la-libertad-de-organizarse-por-jesus-romero\\\/#article\",\"isPartOf\":{\"@id\":\"https:\\\/\\\/www.bbmnoticias.com\\\/labravaradiofm\\\/2026\\\/08\\\/31\\\/la-libertad-de-trabajar-la-libertad-de-organizarse-por-jesus-romero\\\/\"},\"author\":{\"name\":\"Staff\",\"@id\":\"https:\\\/\\\/www.bbmnoticias.com\\\/labravaradiofm\\\/#\\\/schema\\\/person\\\/9eb037257fc48a09cdf31d9a2f45619f\"},\"headline\":\"La libertad de trabajar, la libertad de organizarse Por Jes\u00fas Romero\",\"datePublished\":\"2026-08-31T15:54:25+00:00\",\"dateModified\":\"2026-08-31T15:55:51+00:00\",\"mainEntityOfPage\":{\"@id\":\"https:\\\/\\\/www.bbmnoticias.com\\\/labravaradiofm\\\/2026\\\/08\\\/31\\\/la-libertad-de-trabajar-la-libertad-de-organizarse-por-jesus-romero\\\/\"},\"wordCount\":1746,\"image\":{\"@id\":\"https:\\\/\\\/www.bbmnoticias.com\\\/la-libertad-de-trabajar-la-libertad-de-organizarse-por-jesus-romero\\\/#primaryimage\"},\"thumbnailUrl\":\"https:\\\/\\\/www.bbmnoticias.com\\\/labravaradiofm\\\/wp-content\\\/uploads\\\/sites\\\/5\\\/2026\\\/08\\\/jesus_romero-7.jpg\",\"articleSection\":[\"LOCAL\"],\"inLanguage\":\"es\"},{\"@type\":\"WebPage\",\"@id\":\"https:\\\/\\\/www.bbmnoticias.com\\\/labravaradiofm\\\/2026\\\/08\\\/31\\\/la-libertad-de-trabajar-la-libertad-de-organizarse-por-jesus-romero\\\/\",\"url\":\"https:\\\/\\\/www.bbmnoticias.com\\\/la-libertad-de-trabajar-la-libertad-de-organizarse-por-jesus-romero\\\/\",\"name\":\"La libertad de trabajar, la libertad de organizarse Por Jes\u00fas Romero - LA BRAVA RADIO\",\"isPartOf\":{\"@id\":\"https:\\\/\\\/www.bbmnoticias.com\\\/labravaradiofm\\\/#website\"},\"primaryImageOfPage\":{\"@id\":\"https:\\\/\\\/www.bbmnoticias.com\\\/la-libertad-de-trabajar-la-libertad-de-organizarse-por-jesus-romero\\\/#primaryimage\"},\"image\":{\"@id\":\"https:\\\/\\\/www.bbmnoticias.com\\\/la-libertad-de-trabajar-la-libertad-de-organizarse-por-jesus-romero\\\/#primaryimage\"},\"thumbnailUrl\":\"https:\\\/\\\/www.bbmnoticias.com\\\/labravaradiofm\\\/wp-content\\\/uploads\\\/sites\\\/5\\\/2026\\\/08\\\/jesus_romero-7.jpg\",\"datePublished\":\"2026-08-31T15:54:25+00:00\",\"dateModified\":\"2026-08-31T15:55:51+00:00\",\"author\":{\"@id\":\"https:\\\/\\\/www.bbmnoticias.com\\\/labravaradiofm\\\/#\\\/schema\\\/person\\\/9eb037257fc48a09cdf31d9a2f45619f\"},\"breadcrumb\":{\"@id\":\"https:\\\/\\\/www.bbmnoticias.com\\\/la-libertad-de-trabajar-la-libertad-de-organizarse-por-jesus-romero\\\/#breadcrumb\"},\"inLanguage\":\"es\",\"potentialAction\":[{\"@type\":\"ReadAction\",\"target\":[\"https:\\\/\\\/www.bbmnoticias.com\\\/la-libertad-de-trabajar-la-libertad-de-organizarse-por-jesus-romero\\\/\"]}]},{\"@type\":\"ImageObject\",\"inLanguage\":\"es\",\"@id\":\"https:\\\/\\\/www.bbmnoticias.com\\\/la-libertad-de-trabajar-la-libertad-de-organizarse-por-jesus-romero\\\/#primaryimage\",\"url\":\"https:\\\/\\\/www.bbmnoticias.com\\\/labravaradiofm\\\/wp-content\\\/uploads\\\/sites\\\/5\\\/2026\\\/08\\\/jesus_romero-7.jpg\",\"contentUrl\":\"https:\\\/\\\/www.bbmnoticias.com\\\/labravaradiofm\\\/wp-content\\\/uploads\\\/sites\\\/5\\\/2026\\\/08\\\/jesus_romero-7.jpg\",\"width\":800,\"height\":533},{\"@type\":\"BreadcrumbList\",\"@id\":\"https:\\\/\\\/www.bbmnoticias.com\\\/la-libertad-de-trabajar-la-libertad-de-organizarse-por-jesus-romero\\\/#breadcrumb\",\"itemListElement\":[{\"@type\":\"ListItem\",\"position\":1,\"name\":\"Inicio\",\"item\":\"https:\\\/\\\/www.bbmnoticias.com\\\/labravaradiofm\\\/\"},{\"@type\":\"ListItem\",\"position\":2,\"name\":\"La libertad de trabajar, la libertad de organizarse Por Jes\u00fas Romero\"}]},{\"@type\":\"WebSite\",\"@id\":\"https:\\\/\\\/www.bbmnoticias.com\\\/labravaradiofm\\\/#website\",\"url\":\"https:\\\/\\\/www.bbmnoticias.com\\\/labravaradiofm\\\/\",\"name\":\"LA BRAVA RADIO\",\"description\":\"Empresa productora de medios, Radiodifusi\u00f3n, Noticias, tendencias y todo lo que necesitas saber de la pol\u00edtica mexicana e internacional; entretenimiento, espect\u00e1culos, salud y mucho m\u00e1s.\",\"potentialAction\":[{\"@type\":\"SearchAction\",\"target\":{\"@type\":\"EntryPoint\",\"urlTemplate\":\"https:\\\/\\\/www.bbmnoticias.com\\\/labravaradiofm\\\/?s={search_term_string}\"},\"query-input\":{\"@type\":\"PropertyValueSpecification\",\"valueRequired\":true,\"valueName\":\"search_term_string\"}}],\"inLanguage\":\"es\"},{\"@type\":\"Person\",\"@id\":\"https:\\\/\\\/www.bbmnoticias.com\\\/labravaradiofm\\\/#\\\/schema\\\/person\\\/9eb037257fc48a09cdf31d9a2f45619f\",\"name\":\"Staff\",\"image\":{\"@type\":\"ImageObject\",\"inLanguage\":\"es\",\"@id\":\"https:\\\/\\\/secure.gravatar.com\\\/avatar\\\/fdd21ad66fd8b98c407f9dee5b5e588cfe7f0d8579ec20fa6527cd59bab7f0f0?s=96&d=mm&r=g\",\"url\":\"https:\\\/\\\/secure.gravatar.com\\\/avatar\\\/fdd21ad66fd8b98c407f9dee5b5e588cfe7f0d8579ec20fa6527cd59bab7f0f0?s=96&d=mm&r=g\",\"contentUrl\":\"https:\\\/\\\/secure.gravatar.com\\\/avatar\\\/fdd21ad66fd8b98c407f9dee5b5e588cfe7f0d8579ec20fa6527cd59bab7f0f0?s=96&d=mm&r=g\",\"caption\":\"Staff\"},\"url\":\"https:\\\/\\\/www.bbmnoticias.com\\\/labravaradiofm\\\/author\\\/redaccion\\\/\"}]}<\/script>\n<!-- \/ Yoast SEO plugin. -->","yoast_head_json":{"title":"La libertad de trabajar, la libertad de organizarse Por Jes\u00fas Romero - LA BRAVA RADIO","robots":{"index":"index","follow":"follow","max-snippet":"max-snippet:-1","max-image-preview":"max-image-preview:large","max-video-preview":"max-video-preview:-1"},"canonical":"https:\/\/www.bbmnoticias.com\/la-libertad-de-trabajar-la-libertad-de-organizarse-por-jesus-romero\/","og_locale":"es_MX","og_type":"article","og_title":"La libertad de trabajar, la libertad de organizarse Por Jes\u00fas Romero - LA BRAVA RADIO","og_description":"El pasado 27 de agosto, un operativo coordinado entre autoridades federales y estatales llev\u00f3 a la detenci\u00f3n en Oaxaca de dirigentes e integrantes de una organizaci\u00f3n gremial. Las investigaciones los relacionan presuntamente con una c\u00e9lula delictiva y con pr\u00e1cticas como extorsi\u00f3n, cobro de cuotas e invasi\u00f3n de predios. Adem\u00e1s, han surgido se\u00f1alamientos sobre posibles v\u00ednculos [&hellip;]","og_url":"https:\/\/www.bbmnoticias.com\/la-libertad-de-trabajar-la-libertad-de-organizarse-por-jesus-romero\/","og_site_name":"LA BRAVA RADIO","article_published_time":"2026-08-31T15:54:25+00:00","article_modified_time":"2026-08-31T15:55:51+00:00","og_image":[{"width":800,"height":533,"url":"https:\/\/www.bbmnoticias.com\/labravaradiofm\/wp-content\/uploads\/sites\/5\/2026\/08\/jesus_romero-7.jpg","type":"image\/jpeg"}],"author":"Staff","twitter_card":"summary_large_image","twitter_misc":{"Escrito por":"Staff","Tiempo de lectura":"8 minutos"},"schema":{"@context":"https:\/\/schema.org","@graph":[{"@type":"Article","@id":"https:\/\/www.bbmnoticias.com\/la-libertad-de-trabajar-la-libertad-de-organizarse-por-jesus-romero\/#article","isPartOf":{"@id":"https:\/\/www.bbmnoticias.com\/labravaradiofm\/2026\/08\/31\/la-libertad-de-trabajar-la-libertad-de-organizarse-por-jesus-romero\/"},"author":{"name":"Staff","@id":"https:\/\/www.bbmnoticias.com\/labravaradiofm\/#\/schema\/person\/9eb037257fc48a09cdf31d9a2f45619f"},"headline":"La libertad de trabajar, la libertad de organizarse Por Jes\u00fas Romero","datePublished":"2026-08-31T15:54:25+00:00","dateModified":"2026-08-31T15:55:51+00:00","mainEntityOfPage":{"@id":"https:\/\/www.bbmnoticias.com\/labravaradiofm\/2026\/08\/31\/la-libertad-de-trabajar-la-libertad-de-organizarse-por-jesus-romero\/"},"wordCount":1746,"image":{"@id":"https:\/\/www.bbmnoticias.com\/la-libertad-de-trabajar-la-libertad-de-organizarse-por-jesus-romero\/#primaryimage"},"thumbnailUrl":"https:\/\/www.bbmnoticias.com\/labravaradiofm\/wp-content\/uploads\/sites\/5\/2026\/08\/jesus_romero-7.jpg","articleSection":["LOCAL"],"inLanguage":"es"},{"@type":"WebPage","@id":"https:\/\/www.bbmnoticias.com\/labravaradiofm\/2026\/08\/31\/la-libertad-de-trabajar-la-libertad-de-organizarse-por-jesus-romero\/","url":"https:\/\/www.bbmnoticias.com\/la-libertad-de-trabajar-la-libertad-de-organizarse-por-jesus-romero\/","name":"La libertad de trabajar, la libertad de organizarse Por Jes\u00fas Romero - LA BRAVA RADIO","isPartOf":{"@id":"https:\/\/www.bbmnoticias.com\/labravaradiofm\/#website"},"primaryImageOfPage":{"@id":"https:\/\/www.bbmnoticias.com\/la-libertad-de-trabajar-la-libertad-de-organizarse-por-jesus-romero\/#primaryimage"},"image":{"@id":"https:\/\/www.bbmnoticias.com\/la-libertad-de-trabajar-la-libertad-de-organizarse-por-jesus-romero\/#primaryimage"},"thumbnailUrl":"https:\/\/www.bbmnoticias.com\/labravaradiofm\/wp-content\/uploads\/sites\/5\/2026\/08\/jesus_romero-7.jpg","datePublished":"2026-08-31T15:54:25+00:00","dateModified":"2026-08-31T15:55:51+00:00","author":{"@id":"https:\/\/www.bbmnoticias.com\/labravaradiofm\/#\/schema\/person\/9eb037257fc48a09cdf31d9a2f45619f"},"breadcrumb":{"@id":"https:\/\/www.bbmnoticias.com\/la-libertad-de-trabajar-la-libertad-de-organizarse-por-jesus-romero\/#breadcrumb"},"inLanguage":"es","potentialAction":[{"@type":"ReadAction","target":["https:\/\/www.bbmnoticias.com\/la-libertad-de-trabajar-la-libertad-de-organizarse-por-jesus-romero\/"]}]},{"@type":"ImageObject","inLanguage":"es","@id":"https:\/\/www.bbmnoticias.com\/la-libertad-de-trabajar-la-libertad-de-organizarse-por-jesus-romero\/#primaryimage","url":"https:\/\/www.bbmnoticias.com\/labravaradiofm\/wp-content\/uploads\/sites\/5\/2026\/08\/jesus_romero-7.jpg","contentUrl":"https:\/\/www.bbmnoticias.com\/labravaradiofm\/wp-content\/uploads\/sites\/5\/2026\/08\/jesus_romero-7.jpg","width":800,"height":533},{"@type":"BreadcrumbList","@id":"https:\/\/www.bbmnoticias.com\/la-libertad-de-trabajar-la-libertad-de-organizarse-por-jesus-romero\/#breadcrumb","itemListElement":[{"@type":"ListItem","position":1,"name":"Inicio","item":"https:\/\/www.bbmnoticias.com\/labravaradiofm\/"},{"@type":"ListItem","position":2,"name":"La libertad de trabajar, la libertad de organizarse Por Jes\u00fas Romero"}]},{"@type":"WebSite","@id":"https:\/\/www.bbmnoticias.com\/labravaradiofm\/#website","url":"https:\/\/www.bbmnoticias.com\/labravaradiofm\/","name":"LA BRAVA RADIO","description":"Empresa productora de medios, Radiodifusi\u00f3n, Noticias, tendencias y todo lo que necesitas saber de la pol\u00edtica mexicana e internacional; entretenimiento, espect\u00e1culos, salud y mucho m\u00e1s.","potentialAction":[{"@type":"SearchAction","target":{"@type":"EntryPoint","urlTemplate":"https:\/\/www.bbmnoticias.com\/labravaradiofm\/?s={search_term_string}"},"query-input":{"@type":"PropertyValueSpecification","valueRequired":true,"valueName":"search_term_string"}}],"inLanguage":"es"},{"@type":"Person","@id":"https:\/\/www.bbmnoticias.com\/labravaradiofm\/#\/schema\/person\/9eb037257fc48a09cdf31d9a2f45619f","name":"Staff","image":{"@type":"ImageObject","inLanguage":"es","@id":"https:\/\/secure.gravatar.com\/avatar\/fdd21ad66fd8b98c407f9dee5b5e588cfe7f0d8579ec20fa6527cd59bab7f0f0?s=96&d=mm&r=g","url":"https:\/\/secure.gravatar.com\/avatar\/fdd21ad66fd8b98c407f9dee5b5e588cfe7f0d8579ec20fa6527cd59bab7f0f0?s=96&d=mm&r=g","contentUrl":"https:\/\/secure.gravatar.com\/avatar\/fdd21ad66fd8b98c407f9dee5b5e588cfe7f0d8579ec20fa6527cd59bab7f0f0?s=96&d=mm&r=g","caption":"Staff"},"url":"https:\/\/www.bbmnoticias.com\/labravaradiofm\/author\/redaccion\/"}]}},"_links":{"self":[{"href":"https:\/\/www.bbmnoticias.com\/labravaradiofm\/wp-json\/wp\/v2\/posts\/81267","targetHints":{"allow":["GET"]}}],"collection":[{"href":"https:\/\/www.bbmnoticias.com\/labravaradiofm\/wp-json\/wp\/v2\/posts"}],"about":[{"href":"https:\/\/www.bbmnoticias.com\/labravaradiofm\/wp-json\/wp\/v2\/types\/post"}],"author":[{"embeddable":true,"href":"https:\/\/www.bbmnoticias.com\/labravaradiofm\/wp-json\/wp\/v2\/users\/2"}],"replies":[{"embeddable":true,"href":"https:\/\/www.bbmnoticias.com\/labravaradiofm\/wp-json\/wp\/v2\/comments?post=81267"}],"version-history":[{"count":2,"href":"https:\/\/www.bbmnoticias.com\/labravaradiofm\/wp-json\/wp\/v2\/posts\/81267\/revisions"}],"predecessor-version":[{"id":81270,"href":"https:\/\/www.bbmnoticias.com\/labravaradiofm\/wp-json\/wp\/v2\/posts\/81267\/revisions\/81270"}],"wp:featuredmedia":[{"embeddable":true,"href":"https:\/\/www.bbmnoticias.com\/labravaradiofm\/wp-json\/wp\/v2\/media\/81269"}],"wp:attachment":[{"href":"https:\/\/www.bbmnoticias.com\/labravaradiofm\/wp-json\/wp\/v2\/media?parent=81267"}],"wp:term":[{"taxonomy":"category","embeddable":true,"href":"https:\/\/www.bbmnoticias.com\/labravaradiofm\/wp-json\/wp\/v2\/categories?post=81267"},{"taxonomy":"post_tag","embeddable":true,"href":"https:\/\/www.bbmnoticias.com\/labravaradiofm\/wp-json\/wp\/v2\/tags?post=81267"}],"curies":[{"name":"wp","href":"https:\/\/api.w.org\/{rel}","templated":true}]}}