{"id":81261,"date":"2026-08-31T08:58:27","date_gmt":"2026-08-31T14:58:27","guid":{"rendered":"https:\/\/www.bbmnoticias.com\/labravaradiofm\/2026\/08\/31\/sheinbaum-reitera-su-postura-sobre-la-regulacion-del-uso-de-celulares-en-las-escuelas\/"},"modified":"2026-08-31T08:58:32","modified_gmt":"2026-08-31T14:58:32","slug":"sheinbaum-reitera-su-postura-sobre-la-regulacion-del-uso-de-celulares-en-las-escuelas","status":"publish","type":"post","link":"https:\/\/www.bbmnoticias.com\/labravaradiofm\/2026\/08\/31\/sheinbaum-reitera-su-postura-sobre-la-regulacion-del-uso-de-celulares-en-las-escuelas\/","title":{"rendered":"Sheinbaum reitera su postura sobre la regulaci\u00f3n del uso de celulares en las escuelas"},"content":{"rendered":"\n<p class=\"wp-block-paragraph\">La presidenta Claudia Sheinbaum reiter\u00f3 su postura sobre la regulaci\u00f3n del uso del celular en las escuelas. Desde la Secundaria T\u00e9cnica No.10 \u201cArtes Gr\u00e1ficas\u201d, la mandataria se pronunci\u00f3 en contra del scrolling, que causa adicci\u00f3n.<\/p>\n\n\n\n<p class=\"wp-block-paragraph\">\u201cEs lo que no queremos que pase, que un ni\u00f1o o ni\u00f1a, adolescente, en vez de estar jugando, en vez de estar estudiando, en vez de estar leyendo, pues se la pas\u00e9 todo el d\u00eda metido en el celular, scrolleando, como le llaman.&nbsp;<\/p>\n\n\n\n<p class=\"wp-block-paragraph\">\u201cEntonces, por eso queremos limitar, informar, porque si uno est\u00e1 todo el d\u00eda metido en el celular, pues entonces a qu\u00e9 hora juega con los amigos, amigas. &nbsp;Si uno est\u00e1 metido todo el d\u00eda en el celular, \u00bfa qu\u00e9 hora lee?\u201d, sostuvo en la Ma\u00f1anera de este 31 de agosto.&nbsp;<\/p>\n\n\n\n<h2 class=\"wp-block-heading\">Volver a los juegos tradicionales<\/h2>\n\n\n\n<p class=\"wp-block-paragraph\">Frente a los alumnos y alumnas de la secundaria, la mandataria pregunt\u00f3: \u00bfqui\u00e9n juega resorte?, la mayor\u00eda levant\u00f3 la mano; \u00bfqui\u00e9n juega yoyo?, la mayor\u00eda levant\u00f3 la mano.<\/p>\n\n\n\n<p class=\"wp-block-paragraph\">\u201c\u00c1ndale, muchas felicidades, maestra. Eso es lo que queremos regresar a juegos tradicionales que nos ayuden al desarrollo de la mente\u201d, agreg\u00f3.<\/p>\n","protected":false},"excerpt":{"rendered":"<p>La presidenta Claudia Sheinbaum reiter\u00f3 su postura sobre la regulaci\u00f3n del uso del celular en las escuelas. Desde la Secundaria T\u00e9cnica No.10 \u201cArtes Gr\u00e1ficas\u201d, la mandataria se pronunci\u00f3 en contra del scrolling, que causa adicci\u00f3n. \u201cEs lo que no queremos que pase, que un ni\u00f1o o ni\u00f1a, adolescente, en vez de estar jugando, en vez [&hellip;]<\/p>\n","protected":false},"author":4,"featured_media":81263,"comment_status":"closed","ping_status":"open","sticky":false,"template":"","format":"standard","meta":{"footnotes":""},"categories":[2,19],"tags":[],"class_list":["post-81261","post","type-post","status-publish","format-standard","has-post-thumbnail","hentry","category-oaxaca","category-nacional"],"yoast_head":"<!-- This site is optimized with the Yoast SEO plugin v28.1 - https:\/\/yoast.com\/product\/yoast-seo-wordpress\/ -->\n<title>Sheinbaum reitera su postura sobre la regulaci\u00f3n del uso de celulares en las escuelas - LA BRAVA RADIO<\/title>\n<meta name=\"robots\" content=\"index, follow, max-snippet:-1, max-image-preview:large, max-video-preview:-1\" \/>\n<link rel=\"canonical\" href=\"https:\/\/www.bbmnoticias.com\/sheinbaum-reitera-su-postura-sobre-la-regulacion-del-uso-de-celulares-en-las-escuelas\/\" \/>\n<meta property=\"og:locale\" content=\"es_MX\" \/>\n<meta property=\"og:type\" content=\"article\" \/>\n<meta property=\"og:title\" content=\"Sheinbaum reitera su postura sobre la regulaci\u00f3n del uso de celulares en las escuelas - LA BRAVA RADIO\" \/>\n<meta property=\"og:description\" content=\"La presidenta Claudia Sheinbaum reiter\u00f3 su postura sobre la regulaci\u00f3n del uso del celular en las escuelas. Desde la Secundaria T\u00e9cnica No.10 \u201cArtes Gr\u00e1ficas\u201d, la mandataria se pronunci\u00f3 en contra del scrolling, que causa adicci\u00f3n. \u201cEs lo que no queremos que pase, que un ni\u00f1o o ni\u00f1a, adolescente, en vez de estar jugando, en vez [&hellip;]\" \/>\n<meta property=\"og:url\" content=\"https:\/\/www.bbmnoticias.com\/sheinbaum-reitera-su-postura-sobre-la-regulacion-del-uso-de-celulares-en-las-escuelas\/\" \/>\n<meta property=\"og:site_name\" content=\"LA BRAVA RADIO\" \/>\n<meta property=\"article:published_time\" content=\"2026-08-31T14:58:27+00:00\" \/>\n<meta property=\"article:modified_time\" content=\"2026-08-31T14:58:32+00:00\" \/>\n<meta property=\"og:image\" content=\"https:\/\/www.bbmnoticias.com\/labravaradiofm\/wp-content\/uploads\/sites\/5\/2026\/08\/claudia_sheinbaum-2.webp\" \/>\n\t<meta property=\"og:image:width\" content=\"848\" \/>\n\t<meta property=\"og:image:height\" content=\"477\" \/>\n\t<meta property=\"og:image:type\" content=\"image\/webp\" \/>\n<meta name=\"author\" content=\"Agencias\" \/>\n<meta name=\"twitter:card\" content=\"summary_large_image\" \/>\n<meta name=\"twitter:label1\" content=\"Escrito por\" \/>\n\t<meta name=\"twitter:data1\" content=\"Agencias\" \/>\n\t<meta name=\"twitter:label2\" content=\"Tiempo de lectura\" \/>\n\t<meta name=\"twitter:data2\" content=\"1 minuto\" \/>\n<script type=\"application\/ld+json\" class=\"yoast-schema-graph\">{\"@context\":\"https:\\\/\\\/schema.org\",\"@graph\":[{\"@type\":\"Article\",\"@id\":\"https:\\\/\\\/www.bbmnoticias.com\\\/sheinbaum-reitera-su-postura-sobre-la-regulacion-del-uso-de-celulares-en-las-escuelas\\\/#article\",\"isPartOf\":{\"@id\":\"https:\\\/\\\/www.bbmnoticias.com\\\/labravaradiofm\\\/2026\\\/08\\\/31\\\/sheinbaum-reitera-su-postura-sobre-la-regulacion-del-uso-de-celulares-en-las-escuelas\\\/\"},\"author\":{\"name\":\"Agencias\",\"@id\":\"https:\\\/\\\/www.bbmnoticias.com\\\/labravaradiofm\\\/#\\\/schema\\\/person\\\/9fbc5ce7940cac56d0ea1e2b03b6d30c\"},\"headline\":\"Sheinbaum reitera su postura sobre la regulaci\u00f3n del uso de celulares en las escuelas\",\"datePublished\":\"2026-08-31T14:58:27+00:00\",\"dateModified\":\"2026-08-31T14:58:32+00:00\",\"mainEntityOfPage\":{\"@id\":\"https:\\\/\\\/www.bbmnoticias.com\\\/labravaradiofm\\\/2026\\\/08\\\/31\\\/sheinbaum-reitera-su-postura-sobre-la-regulacion-del-uso-de-celulares-en-las-escuelas\\\/\"},\"wordCount\":214,\"image\":{\"@id\":\"https:\\\/\\\/www.bbmnoticias.com\\\/sheinbaum-reitera-su-postura-sobre-la-regulacion-del-uso-de-celulares-en-las-escuelas\\\/#primaryimage\"},\"thumbnailUrl\":\"https:\\\/\\\/www.bbmnoticias.com\\\/labravaradiofm\\\/wp-content\\\/uploads\\\/sites\\\/5\\\/2026\\\/08\\\/claudia_sheinbaum-2.webp\",\"articleSection\":[\"LOCAL\",\"NACIONAL\"],\"inLanguage\":\"es\"},{\"@type\":\"WebPage\",\"@id\":\"https:\\\/\\\/www.bbmnoticias.com\\\/labravaradiofm\\\/2026\\\/08\\\/31\\\/sheinbaum-reitera-su-postura-sobre-la-regulacion-del-uso-de-celulares-en-las-escuelas\\\/\",\"url\":\"https:\\\/\\\/www.bbmnoticias.com\\\/sheinbaum-reitera-su-postura-sobre-la-regulacion-del-uso-de-celulares-en-las-escuelas\\\/\",\"name\":\"Sheinbaum reitera su postura sobre la regulaci\u00f3n del uso de celulares en las escuelas - LA BRAVA RADIO\",\"isPartOf\":{\"@id\":\"https:\\\/\\\/www.bbmnoticias.com\\\/labravaradiofm\\\/#website\"},\"primaryImageOfPage\":{\"@id\":\"https:\\\/\\\/www.bbmnoticias.com\\\/sheinbaum-reitera-su-postura-sobre-la-regulacion-del-uso-de-celulares-en-las-escuelas\\\/#primaryimage\"},\"image\":{\"@id\":\"https:\\\/\\\/www.bbmnoticias.com\\\/sheinbaum-reitera-su-postura-sobre-la-regulacion-del-uso-de-celulares-en-las-escuelas\\\/#primaryimage\"},\"thumbnailUrl\":\"https:\\\/\\\/www.bbmnoticias.com\\\/labravaradiofm\\\/wp-content\\\/uploads\\\/sites\\\/5\\\/2026\\\/08\\\/claudia_sheinbaum-2.webp\",\"datePublished\":\"2026-08-31T14:58:27+00:00\",\"dateModified\":\"2026-08-31T14:58:32+00:00\",\"author\":{\"@id\":\"https:\\\/\\\/www.bbmnoticias.com\\\/labravaradiofm\\\/#\\\/schema\\\/person\\\/9fbc5ce7940cac56d0ea1e2b03b6d30c\"},\"breadcrumb\":{\"@id\":\"https:\\\/\\\/www.bbmnoticias.com\\\/sheinbaum-reitera-su-postura-sobre-la-regulacion-del-uso-de-celulares-en-las-escuelas\\\/#breadcrumb\"},\"inLanguage\":\"es\",\"potentialAction\":[{\"@type\":\"ReadAction\",\"target\":[\"https:\\\/\\\/www.bbmnoticias.com\\\/sheinbaum-reitera-su-postura-sobre-la-regulacion-del-uso-de-celulares-en-las-escuelas\\\/\"]}]},{\"@type\":\"ImageObject\",\"inLanguage\":\"es\",\"@id\":\"https:\\\/\\\/www.bbmnoticias.com\\\/sheinbaum-reitera-su-postura-sobre-la-regulacion-del-uso-de-celulares-en-las-escuelas\\\/#primaryimage\",\"url\":\"https:\\\/\\\/www.bbmnoticias.com\\\/labravaradiofm\\\/wp-content\\\/uploads\\\/sites\\\/5\\\/2026\\\/08\\\/claudia_sheinbaum-2.webp\",\"contentUrl\":\"https:\\\/\\\/www.bbmnoticias.com\\\/labravaradiofm\\\/wp-content\\\/uploads\\\/sites\\\/5\\\/2026\\\/08\\\/claudia_sheinbaum-2.webp\",\"width\":848,\"height\":477},{\"@type\":\"BreadcrumbList\",\"@id\":\"https:\\\/\\\/www.bbmnoticias.com\\\/sheinbaum-reitera-su-postura-sobre-la-regulacion-del-uso-de-celulares-en-las-escuelas\\\/#breadcrumb\",\"itemListElement\":[{\"@type\":\"ListItem\",\"position\":1,\"name\":\"Inicio\",\"item\":\"https:\\\/\\\/www.bbmnoticias.com\\\/labravaradiofm\\\/\"},{\"@type\":\"ListItem\",\"position\":2,\"name\":\"Sheinbaum reitera su postura sobre la regulaci\u00f3n del uso de celulares en las escuelas\"}]},{\"@type\":\"WebSite\",\"@id\":\"https:\\\/\\\/www.bbmnoticias.com\\\/labravaradiofm\\\/#website\",\"url\":\"https:\\\/\\\/www.bbmnoticias.com\\\/labravaradiofm\\\/\",\"name\":\"LA BRAVA RADIO\",\"description\":\"Empresa productora de medios, Radiodifusi\u00f3n, Noticias, tendencias y todo lo que necesitas saber de la pol\u00edtica mexicana e internacional; entretenimiento, espect\u00e1culos, salud y mucho m\u00e1s.\",\"potentialAction\":[{\"@type\":\"SearchAction\",\"target\":{\"@type\":\"EntryPoint\",\"urlTemplate\":\"https:\\\/\\\/www.bbmnoticias.com\\\/labravaradiofm\\\/?s={search_term_string}\"},\"query-input\":{\"@type\":\"PropertyValueSpecification\",\"valueRequired\":true,\"valueName\":\"search_term_string\"}}],\"inLanguage\":\"es\"},{\"@type\":\"Person\",\"@id\":\"https:\\\/\\\/www.bbmnoticias.com\\\/labravaradiofm\\\/#\\\/schema\\\/person\\\/9fbc5ce7940cac56d0ea1e2b03b6d30c\",\"name\":\"Agencias\",\"image\":{\"@type\":\"ImageObject\",\"inLanguage\":\"es\",\"@id\":\"https:\\\/\\\/secure.gravatar.com\\\/avatar\\\/739e0b61adf9e398b425c36718c8752286da0e8cd90f20ce9a86678abc26aa0d?s=96&d=mm&r=g\",\"url\":\"https:\\\/\\\/secure.gravatar.com\\\/avatar\\\/739e0b61adf9e398b425c36718c8752286da0e8cd90f20ce9a86678abc26aa0d?s=96&d=mm&r=g\",\"contentUrl\":\"https:\\\/\\\/secure.gravatar.com\\\/avatar\\\/739e0b61adf9e398b425c36718c8752286da0e8cd90f20ce9a86678abc26aa0d?s=96&d=mm&r=g\",\"caption\":\"Agencias\"},\"url\":\"https:\\\/\\\/www.bbmnoticias.com\\\/labravaradiofm\\\/author\\\/agencias\\\/\"}]}<\/script>\n<!-- \/ Yoast SEO plugin. -->","yoast_head_json":{"title":"Sheinbaum reitera su postura sobre la regulaci\u00f3n del uso de celulares en las escuelas - LA BRAVA RADIO","robots":{"index":"index","follow":"follow","max-snippet":"max-snippet:-1","max-image-preview":"max-image-preview:large","max-video-preview":"max-video-preview:-1"},"canonical":"https:\/\/www.bbmnoticias.com\/sheinbaum-reitera-su-postura-sobre-la-regulacion-del-uso-de-celulares-en-las-escuelas\/","og_locale":"es_MX","og_type":"article","og_title":"Sheinbaum reitera su postura sobre la regulaci\u00f3n del uso de celulares en las escuelas - LA BRAVA RADIO","og_description":"La presidenta Claudia Sheinbaum reiter\u00f3 su postura sobre la regulaci\u00f3n del uso del celular en las escuelas. Desde la Secundaria T\u00e9cnica No.10 \u201cArtes Gr\u00e1ficas\u201d, la mandataria se pronunci\u00f3 en contra del scrolling, que causa adicci\u00f3n. \u201cEs lo que no queremos que pase, que un ni\u00f1o o ni\u00f1a, adolescente, en vez de estar jugando, en vez [&hellip;]","og_url":"https:\/\/www.bbmnoticias.com\/sheinbaum-reitera-su-postura-sobre-la-regulacion-del-uso-de-celulares-en-las-escuelas\/","og_site_name":"LA BRAVA RADIO","article_published_time":"2026-08-31T14:58:27+00:00","article_modified_time":"2026-08-31T14:58:32+00:00","og_image":[{"width":848,"height":477,"url":"https:\/\/www.bbmnoticias.com\/labravaradiofm\/wp-content\/uploads\/sites\/5\/2026\/08\/claudia_sheinbaum-2.webp","type":"image\/webp"}],"author":"Agencias","twitter_card":"summary_large_image","twitter_misc":{"Escrito por":"Agencias","Tiempo de lectura":"1 minuto"},"schema":{"@context":"https:\/\/schema.org","@graph":[{"@type":"Article","@id":"https:\/\/www.bbmnoticias.com\/sheinbaum-reitera-su-postura-sobre-la-regulacion-del-uso-de-celulares-en-las-escuelas\/#article","isPartOf":{"@id":"https:\/\/www.bbmnoticias.com\/labravaradiofm\/2026\/08\/31\/sheinbaum-reitera-su-postura-sobre-la-regulacion-del-uso-de-celulares-en-las-escuelas\/"},"author":{"name":"Agencias","@id":"https:\/\/www.bbmnoticias.com\/labravaradiofm\/#\/schema\/person\/9fbc5ce7940cac56d0ea1e2b03b6d30c"},"headline":"Sheinbaum reitera su postura sobre la regulaci\u00f3n del uso de celulares en las escuelas","datePublished":"2026-08-31T14:58:27+00:00","dateModified":"2026-08-31T14:58:32+00:00","mainEntityOfPage":{"@id":"https:\/\/www.bbmnoticias.com\/labravaradiofm\/2026\/08\/31\/sheinbaum-reitera-su-postura-sobre-la-regulacion-del-uso-de-celulares-en-las-escuelas\/"},"wordCount":214,"image":{"@id":"https:\/\/www.bbmnoticias.com\/sheinbaum-reitera-su-postura-sobre-la-regulacion-del-uso-de-celulares-en-las-escuelas\/#primaryimage"},"thumbnailUrl":"https:\/\/www.bbmnoticias.com\/labravaradiofm\/wp-content\/uploads\/sites\/5\/2026\/08\/claudia_sheinbaum-2.webp","articleSection":["LOCAL","NACIONAL"],"inLanguage":"es"},{"@type":"WebPage","@id":"https:\/\/www.bbmnoticias.com\/labravaradiofm\/2026\/08\/31\/sheinbaum-reitera-su-postura-sobre-la-regulacion-del-uso-de-celulares-en-las-escuelas\/","url":"https:\/\/www.bbmnoticias.com\/sheinbaum-reitera-su-postura-sobre-la-regulacion-del-uso-de-celulares-en-las-escuelas\/","name":"Sheinbaum reitera su postura sobre la regulaci\u00f3n del uso de celulares en las escuelas - LA BRAVA RADIO","isPartOf":{"@id":"https:\/\/www.bbmnoticias.com\/labravaradiofm\/#website"},"primaryImageOfPage":{"@id":"https:\/\/www.bbmnoticias.com\/sheinbaum-reitera-su-postura-sobre-la-regulacion-del-uso-de-celulares-en-las-escuelas\/#primaryimage"},"image":{"@id":"https:\/\/www.bbmnoticias.com\/sheinbaum-reitera-su-postura-sobre-la-regulacion-del-uso-de-celulares-en-las-escuelas\/#primaryimage"},"thumbnailUrl":"https:\/\/www.bbmnoticias.com\/labravaradiofm\/wp-content\/uploads\/sites\/5\/2026\/08\/claudia_sheinbaum-2.webp","datePublished":"2026-08-31T14:58:27+00:00","dateModified":"2026-08-31T14:58:32+00:00","author":{"@id":"https:\/\/www.bbmnoticias.com\/labravaradiofm\/#\/schema\/person\/9fbc5ce7940cac56d0ea1e2b03b6d30c"},"breadcrumb":{"@id":"https:\/\/www.bbmnoticias.com\/sheinbaum-reitera-su-postura-sobre-la-regulacion-del-uso-de-celulares-en-las-escuelas\/#breadcrumb"},"inLanguage":"es","potentialAction":[{"@type":"ReadAction","target":["https:\/\/www.bbmnoticias.com\/sheinbaum-reitera-su-postura-sobre-la-regulacion-del-uso-de-celulares-en-las-escuelas\/"]}]},{"@type":"ImageObject","inLanguage":"es","@id":"https:\/\/www.bbmnoticias.com\/sheinbaum-reitera-su-postura-sobre-la-regulacion-del-uso-de-celulares-en-las-escuelas\/#primaryimage","url":"https:\/\/www.bbmnoticias.com\/labravaradiofm\/wp-content\/uploads\/sites\/5\/2026\/08\/claudia_sheinbaum-2.webp","contentUrl":"https:\/\/www.bbmnoticias.com\/labravaradiofm\/wp-content\/uploads\/sites\/5\/2026\/08\/claudia_sheinbaum-2.webp","width":848,"height":477},{"@type":"BreadcrumbList","@id":"https:\/\/www.bbmnoticias.com\/sheinbaum-reitera-su-postura-sobre-la-regulacion-del-uso-de-celulares-en-las-escuelas\/#breadcrumb","itemListElement":[{"@type":"ListItem","position":1,"name":"Inicio","item":"https:\/\/www.bbmnoticias.com\/labravaradiofm\/"},{"@type":"ListItem","position":2,"name":"Sheinbaum reitera su postura sobre la regulaci\u00f3n del uso de celulares en las escuelas"}]},{"@type":"WebSite","@id":"https:\/\/www.bbmnoticias.com\/labravaradiofm\/#website","url":"https:\/\/www.bbmnoticias.com\/labravaradiofm\/","name":"LA BRAVA RADIO","description":"Empresa productora de medios, Radiodifusi\u00f3n, Noticias, tendencias y todo lo que necesitas saber de la pol\u00edtica mexicana e internacional; entretenimiento, espect\u00e1culos, salud y mucho m\u00e1s.","potentialAction":[{"@type":"SearchAction","target":{"@type":"EntryPoint","urlTemplate":"https:\/\/www.bbmnoticias.com\/labravaradiofm\/?s={search_term_string}"},"query-input":{"@type":"PropertyValueSpecification","valueRequired":true,"valueName":"search_term_string"}}],"inLanguage":"es"},{"@type":"Person","@id":"https:\/\/www.bbmnoticias.com\/labravaradiofm\/#\/schema\/person\/9fbc5ce7940cac56d0ea1e2b03b6d30c","name":"Agencias","image":{"@type":"ImageObject","inLanguage":"es","@id":"https:\/\/secure.gravatar.com\/avatar\/739e0b61adf9e398b425c36718c8752286da0e8cd90f20ce9a86678abc26aa0d?s=96&d=mm&r=g","url":"https:\/\/secure.gravatar.com\/avatar\/739e0b61adf9e398b425c36718c8752286da0e8cd90f20ce9a86678abc26aa0d?s=96&d=mm&r=g","contentUrl":"https:\/\/secure.gravatar.com\/avatar\/739e0b61adf9e398b425c36718c8752286da0e8cd90f20ce9a86678abc26aa0d?s=96&d=mm&r=g","caption":"Agencias"},"url":"https:\/\/www.bbmnoticias.com\/labravaradiofm\/author\/agencias\/"}]}},"_links":{"self":[{"href":"https:\/\/www.bbmnoticias.com\/labravaradiofm\/wp-json\/wp\/v2\/posts\/81261","targetHints":{"allow":["GET"]}}],"collection":[{"href":"https:\/\/www.bbmnoticias.com\/labravaradiofm\/wp-json\/wp\/v2\/posts"}],"about":[{"href":"https:\/\/www.bbmnoticias.com\/labravaradiofm\/wp-json\/wp\/v2\/types\/post"}],"author":[{"embeddable":true,"href":"https:\/\/www.bbmnoticias.com\/labravaradiofm\/wp-json\/wp\/v2\/users\/4"}],"replies":[{"embeddable":true,"href":"https:\/\/www.bbmnoticias.com\/labravaradiofm\/wp-json\/wp\/v2\/comments?post=81261"}],"version-history":[{"count":1,"href":"https:\/\/www.bbmnoticias.com\/labravaradiofm\/wp-json\/wp\/v2\/posts\/81261\/revisions"}],"predecessor-version":[{"id":81262,"href":"https:\/\/www.bbmnoticias.com\/labravaradiofm\/wp-json\/wp\/v2\/posts\/81261\/revisions\/81262"}],"wp:featuredmedia":[{"embeddable":true,"href":"https:\/\/www.bbmnoticias.com\/labravaradiofm\/wp-json\/wp\/v2\/media\/81263"}],"wp:attachment":[{"href":"https:\/\/www.bbmnoticias.com\/labravaradiofm\/wp-json\/wp\/v2\/media?parent=81261"}],"wp:term":[{"taxonomy":"category","embeddable":true,"href":"https:\/\/www.bbmnoticias.com\/labravaradiofm\/wp-json\/wp\/v2\/categories?post=81261"},{"taxonomy":"post_tag","embeddable":true,"href":"https:\/\/www.bbmnoticias.com\/labravaradiofm\/wp-json\/wp\/v2\/tags?post=81261"}],"curies":[{"name":"wp","href":"https:\/\/api.w.org\/{rel}","templated":true}]}}