{"id":81255,"date":"2026-08-31T08:42:05","date_gmt":"2026-08-31T14:42:05","guid":{"rendered":"https:\/\/www.bbmnoticias.com\/labravaradiofm\/2026\/08\/31\/arranca-en-oaxaca-el-ciclo-escolar-2026-2027-regresan-mas-de-800-mil-estudiantes\/"},"modified":"2026-08-31T08:42:08","modified_gmt":"2026-08-31T14:42:08","slug":"arranca-en-oaxaca-el-ciclo-escolar-2026-2027-regresan-mas-de-800-mil-estudiantes","status":"publish","type":"post","link":"https:\/\/www.bbmnoticias.com\/labravaradiofm\/2026\/08\/31\/arranca-en-oaxaca-el-ciclo-escolar-2026-2027-regresan-mas-de-800-mil-estudiantes\/","title":{"rendered":"Arranca en Oaxaca el ciclo escolar 2026-2027; regresan m\u00e1s de 800 mil estudiantes"},"content":{"rendered":"\n<p class=\"wp-block-paragraph\"><strong>M\u00e1s de 11 mil planteles reabren sus puertas este lunes en las ocho regiones del estado; autoridades reportan que m\u00e1s del 95% de las escuelas est\u00e1n listas<\/strong><\/p>\n\n\n\n<p class=\"wp-block-paragraph\"><strong>Oaxaca, M\u00e9xico, 31 de agosto de 2026.-<\/strong> M\u00e1s de <strong>800 mil ni\u00f1as, ni\u00f1os y adolescentes de educaci\u00f3n b\u00e1sica<\/strong> regresan este lunes a las aulas en Oaxaca, con el inicio oficial del ciclo escolar <strong>2026-2027<\/strong> en m\u00e1s de 11 mil planteles distribuidos en las ocho regiones de la entidad.<\/p>\n\n\n\n<p class=\"wp-block-paragraph\">De acuerdo con el calendario oficial de la Secretar\u00eda de Educaci\u00f3n P\u00fablica (SEP), las actividades escolares comienzan este <strong>31 de agosto<\/strong> en todo el pa\u00eds y concluir\u00e1n el <strong>9 de julio de 2027<\/strong>.<\/p>\n\n\n\n<p class=\"wp-block-paragraph\">En Oaxaca, el Instituto Estatal de Educaci\u00f3n P\u00fablica de Oaxaca (IEEPO) inform\u00f3 que existen condiciones para el arranque del nuevo ciclo y que <strong>m\u00e1s del 95 por ciento de las escuelas se encuentran listas<\/strong> para recibir a las y los estudiantes.<\/p>\n\n\n\n<p class=\"wp-block-paragraph\">Mientras tanto, en el resto de los planteles contin\u00faan las evaluaciones para determinar las condiciones de infraestructura, disponibilidad de servicios y posibles conflictos que persisten en algunas comunidades.<\/p>\n\n\n\n<h2 class=\"wp-block-heading\">Regreso a clases genera mayor movilidad<\/h2>\n\n\n\n<p class=\"wp-block-paragraph\">El retorno a las aulas movilizar\u00e1 desde las primeras horas de este lunes a miles de familias oaxaque\u00f1as. La mayor concentraci\u00f3n vehicular se prev\u00e9 en <strong>Oaxaca de Ju\u00e1rez y municipios de la Zona Metropolitana<\/strong>, particularmente durante los horarios de entrada y salida de los centros educativos.<\/p>\n\n\n\n<p class=\"wp-block-paragraph\">Ante el incremento en la circulaci\u00f3n, se espera tambi\u00e9n una mayor presencia de veh\u00edculos particulares, transporte p\u00fablico y peatones en las inmediaciones de las escuelas.<\/p>\n\n\n\n<h2 class=\"wp-block-heading\">Un ciclo escolar que concluir\u00e1 en julio de 2027<\/h2>\n\n\n\n<p class=\"wp-block-paragraph\">El calendario escolar contempla al menos <strong>185 d\u00edas efectivos de clases<\/strong>, adem\u00e1s de jornadas destinadas a la formaci\u00f3n y capacitaci\u00f3n del personal docente.<\/p>\n\n\n\n<p class=\"wp-block-paragraph\">Con el regreso a las aulas inicia una nueva etapa para estudiantes, maestras, maestros y familias de Oaxaca, quienes retomar\u00e1n las actividades acad\u00e9micas que se extender\u00e1n durante los pr\u00f3ximos meses hasta el cierre del ciclo escolar en julio de 2027.<\/p>\n\n\n\n<p class=\"wp-block-paragraph\"><\/p>\n","protected":false},"excerpt":{"rendered":"<p>M\u00e1s de 11 mil planteles reabren sus puertas este lunes en las ocho regiones del estado; autoridades reportan que m\u00e1s del 95% de las escuelas est\u00e1n listas Oaxaca, M\u00e9xico, 31 de agosto de 2026.- M\u00e1s de 800 mil ni\u00f1as, ni\u00f1os y adolescentes de educaci\u00f3n b\u00e1sica regresan este lunes a las aulas en Oaxaca, con el [&hellip;]<\/p>\n","protected":false},"author":2,"featured_media":81257,"comment_status":"closed","ping_status":"open","sticky":false,"template":"","format":"standard","meta":{"footnotes":""},"categories":[2],"tags":[],"class_list":["post-81255","post","type-post","status-publish","format-standard","has-post-thumbnail","hentry","category-oaxaca"],"yoast_head":"<!-- This site is optimized with the Yoast SEO plugin v28.1 - https:\/\/yoast.com\/product\/yoast-seo-wordpress\/ -->\n<title>Arranca en Oaxaca el ciclo escolar 2026-2027; regresan m\u00e1s de 800 mil estudiantes - LA BRAVA RADIO<\/title>\n<meta name=\"robots\" content=\"index, follow, max-snippet:-1, max-image-preview:large, max-video-preview:-1\" \/>\n<link rel=\"canonical\" href=\"https:\/\/www.bbmnoticias.com\/arranca-en-oaxaca-el-ciclo-escolar-2026-2027-regresan-mas-de-800-mil-estudiantes\/\" \/>\n<meta property=\"og:locale\" content=\"es_MX\" \/>\n<meta property=\"og:type\" content=\"article\" \/>\n<meta property=\"og:title\" content=\"Arranca en Oaxaca el ciclo escolar 2026-2027; regresan m\u00e1s de 800 mil estudiantes - LA BRAVA RADIO\" \/>\n<meta property=\"og:description\" content=\"M\u00e1s de 11 mil planteles reabren sus puertas este lunes en las ocho regiones del estado; autoridades reportan que m\u00e1s del 95% de las escuelas est\u00e1n listas Oaxaca, M\u00e9xico, 31 de agosto de 2026.- M\u00e1s de 800 mil ni\u00f1as, ni\u00f1os y adolescentes de educaci\u00f3n b\u00e1sica regresan este lunes a las aulas en Oaxaca, con el [&hellip;]\" \/>\n<meta property=\"og:url\" content=\"https:\/\/www.bbmnoticias.com\/arranca-en-oaxaca-el-ciclo-escolar-2026-2027-regresan-mas-de-800-mil-estudiantes\/\" \/>\n<meta property=\"og:site_name\" content=\"LA BRAVA RADIO\" \/>\n<meta property=\"article:published_time\" content=\"2026-08-31T14:42:05+00:00\" \/>\n<meta property=\"article:modified_time\" content=\"2026-08-31T14:42:08+00:00\" \/>\n<meta property=\"og:image\" content=\"https:\/\/www.bbmnoticias.com\/labravaradiofm\/wp-content\/uploads\/sites\/5\/2026\/08\/regreso-clases.jpg\" \/>\n\t<meta property=\"og:image:width\" content=\"1024\" \/>\n\t<meta property=\"og:image:height\" content=\"576\" \/>\n\t<meta property=\"og:image:type\" content=\"image\/jpeg\" \/>\n<meta name=\"author\" content=\"Staff\" \/>\n<meta name=\"twitter:card\" content=\"summary_large_image\" \/>\n<meta name=\"twitter:label1\" content=\"Escrito por\" \/>\n\t<meta name=\"twitter:data1\" content=\"Staff\" \/>\n\t<meta name=\"twitter:label2\" content=\"Tiempo de lectura\" \/>\n\t<meta name=\"twitter:data2\" content=\"2 minutos\" \/>\n<script type=\"application\/ld+json\" class=\"yoast-schema-graph\">{\"@context\":\"https:\\\/\\\/schema.org\",\"@graph\":[{\"@type\":\"Article\",\"@id\":\"https:\\\/\\\/www.bbmnoticias.com\\\/arranca-en-oaxaca-el-ciclo-escolar-2026-2027-regresan-mas-de-800-mil-estudiantes\\\/#article\",\"isPartOf\":{\"@id\":\"https:\\\/\\\/www.bbmnoticias.com\\\/labravaradiofm\\\/2026\\\/08\\\/31\\\/arranca-en-oaxaca-el-ciclo-escolar-2026-2027-regresan-mas-de-800-mil-estudiantes\\\/\"},\"author\":{\"name\":\"Staff\",\"@id\":\"https:\\\/\\\/www.bbmnoticias.com\\\/labravaradiofm\\\/#\\\/schema\\\/person\\\/9eb037257fc48a09cdf31d9a2f45619f\"},\"headline\":\"Arranca en Oaxaca el ciclo escolar 2026-2027; regresan m\u00e1s de 800 mil estudiantes\",\"datePublished\":\"2026-08-31T14:42:05+00:00\",\"dateModified\":\"2026-08-31T14:42:08+00:00\",\"mainEntityOfPage\":{\"@id\":\"https:\\\/\\\/www.bbmnoticias.com\\\/labravaradiofm\\\/2026\\\/08\\\/31\\\/arranca-en-oaxaca-el-ciclo-escolar-2026-2027-regresan-mas-de-800-mil-estudiantes\\\/\"},\"wordCount\":361,\"image\":{\"@id\":\"https:\\\/\\\/www.bbmnoticias.com\\\/arranca-en-oaxaca-el-ciclo-escolar-2026-2027-regresan-mas-de-800-mil-estudiantes\\\/#primaryimage\"},\"thumbnailUrl\":\"https:\\\/\\\/www.bbmnoticias.com\\\/labravaradiofm\\\/wp-content\\\/uploads\\\/sites\\\/5\\\/2026\\\/08\\\/regreso-clases.jpg\",\"articleSection\":[\"LOCAL\"],\"inLanguage\":\"es\"},{\"@type\":\"WebPage\",\"@id\":\"https:\\\/\\\/www.bbmnoticias.com\\\/labravaradiofm\\\/2026\\\/08\\\/31\\\/arranca-en-oaxaca-el-ciclo-escolar-2026-2027-regresan-mas-de-800-mil-estudiantes\\\/\",\"url\":\"https:\\\/\\\/www.bbmnoticias.com\\\/arranca-en-oaxaca-el-ciclo-escolar-2026-2027-regresan-mas-de-800-mil-estudiantes\\\/\",\"name\":\"Arranca en Oaxaca el ciclo escolar 2026-2027; regresan m\u00e1s de 800 mil estudiantes - LA BRAVA RADIO\",\"isPartOf\":{\"@id\":\"https:\\\/\\\/www.bbmnoticias.com\\\/labravaradiofm\\\/#website\"},\"primaryImageOfPage\":{\"@id\":\"https:\\\/\\\/www.bbmnoticias.com\\\/arranca-en-oaxaca-el-ciclo-escolar-2026-2027-regresan-mas-de-800-mil-estudiantes\\\/#primaryimage\"},\"image\":{\"@id\":\"https:\\\/\\\/www.bbmnoticias.com\\\/arranca-en-oaxaca-el-ciclo-escolar-2026-2027-regresan-mas-de-800-mil-estudiantes\\\/#primaryimage\"},\"thumbnailUrl\":\"https:\\\/\\\/www.bbmnoticias.com\\\/labravaradiofm\\\/wp-content\\\/uploads\\\/sites\\\/5\\\/2026\\\/08\\\/regreso-clases.jpg\",\"datePublished\":\"2026-08-31T14:42:05+00:00\",\"dateModified\":\"2026-08-31T14:42:08+00:00\",\"author\":{\"@id\":\"https:\\\/\\\/www.bbmnoticias.com\\\/labravaradiofm\\\/#\\\/schema\\\/person\\\/9eb037257fc48a09cdf31d9a2f45619f\"},\"breadcrumb\":{\"@id\":\"https:\\\/\\\/www.bbmnoticias.com\\\/arranca-en-oaxaca-el-ciclo-escolar-2026-2027-regresan-mas-de-800-mil-estudiantes\\\/#breadcrumb\"},\"inLanguage\":\"es\",\"potentialAction\":[{\"@type\":\"ReadAction\",\"target\":[\"https:\\\/\\\/www.bbmnoticias.com\\\/arranca-en-oaxaca-el-ciclo-escolar-2026-2027-regresan-mas-de-800-mil-estudiantes\\\/\"]}]},{\"@type\":\"ImageObject\",\"inLanguage\":\"es\",\"@id\":\"https:\\\/\\\/www.bbmnoticias.com\\\/arranca-en-oaxaca-el-ciclo-escolar-2026-2027-regresan-mas-de-800-mil-estudiantes\\\/#primaryimage\",\"url\":\"https:\\\/\\\/www.bbmnoticias.com\\\/labravaradiofm\\\/wp-content\\\/uploads\\\/sites\\\/5\\\/2026\\\/08\\\/regreso-clases.jpg\",\"contentUrl\":\"https:\\\/\\\/www.bbmnoticias.com\\\/labravaradiofm\\\/wp-content\\\/uploads\\\/sites\\\/5\\\/2026\\\/08\\\/regreso-clases.jpg\",\"width\":1024,\"height\":576},{\"@type\":\"BreadcrumbList\",\"@id\":\"https:\\\/\\\/www.bbmnoticias.com\\\/arranca-en-oaxaca-el-ciclo-escolar-2026-2027-regresan-mas-de-800-mil-estudiantes\\\/#breadcrumb\",\"itemListElement\":[{\"@type\":\"ListItem\",\"position\":1,\"name\":\"Inicio\",\"item\":\"https:\\\/\\\/www.bbmnoticias.com\\\/labravaradiofm\\\/\"},{\"@type\":\"ListItem\",\"position\":2,\"name\":\"Arranca en Oaxaca el ciclo escolar 2026-2027; regresan m\u00e1s de 800 mil estudiantes\"}]},{\"@type\":\"WebSite\",\"@id\":\"https:\\\/\\\/www.bbmnoticias.com\\\/labravaradiofm\\\/#website\",\"url\":\"https:\\\/\\\/www.bbmnoticias.com\\\/labravaradiofm\\\/\",\"name\":\"LA BRAVA RADIO\",\"description\":\"Empresa productora de medios, Radiodifusi\u00f3n, Noticias, tendencias y todo lo que necesitas saber de la pol\u00edtica mexicana e internacional; entretenimiento, espect\u00e1culos, salud y mucho m\u00e1s.\",\"potentialAction\":[{\"@type\":\"SearchAction\",\"target\":{\"@type\":\"EntryPoint\",\"urlTemplate\":\"https:\\\/\\\/www.bbmnoticias.com\\\/labravaradiofm\\\/?s={search_term_string}\"},\"query-input\":{\"@type\":\"PropertyValueSpecification\",\"valueRequired\":true,\"valueName\":\"search_term_string\"}}],\"inLanguage\":\"es\"},{\"@type\":\"Person\",\"@id\":\"https:\\\/\\\/www.bbmnoticias.com\\\/labravaradiofm\\\/#\\\/schema\\\/person\\\/9eb037257fc48a09cdf31d9a2f45619f\",\"name\":\"Staff\",\"image\":{\"@type\":\"ImageObject\",\"inLanguage\":\"es\",\"@id\":\"https:\\\/\\\/secure.gravatar.com\\\/avatar\\\/fdd21ad66fd8b98c407f9dee5b5e588cfe7f0d8579ec20fa6527cd59bab7f0f0?s=96&d=mm&r=g\",\"url\":\"https:\\\/\\\/secure.gravatar.com\\\/avatar\\\/fdd21ad66fd8b98c407f9dee5b5e588cfe7f0d8579ec20fa6527cd59bab7f0f0?s=96&d=mm&r=g\",\"contentUrl\":\"https:\\\/\\\/secure.gravatar.com\\\/avatar\\\/fdd21ad66fd8b98c407f9dee5b5e588cfe7f0d8579ec20fa6527cd59bab7f0f0?s=96&d=mm&r=g\",\"caption\":\"Staff\"},\"url\":\"https:\\\/\\\/www.bbmnoticias.com\\\/labravaradiofm\\\/author\\\/redaccion\\\/\"}]}<\/script>\n<!-- \/ Yoast SEO plugin. -->","yoast_head_json":{"title":"Arranca en Oaxaca el ciclo escolar 2026-2027; regresan m\u00e1s de 800 mil estudiantes - LA BRAVA RADIO","robots":{"index":"index","follow":"follow","max-snippet":"max-snippet:-1","max-image-preview":"max-image-preview:large","max-video-preview":"max-video-preview:-1"},"canonical":"https:\/\/www.bbmnoticias.com\/arranca-en-oaxaca-el-ciclo-escolar-2026-2027-regresan-mas-de-800-mil-estudiantes\/","og_locale":"es_MX","og_type":"article","og_title":"Arranca en Oaxaca el ciclo escolar 2026-2027; regresan m\u00e1s de 800 mil estudiantes - LA BRAVA RADIO","og_description":"M\u00e1s de 11 mil planteles reabren sus puertas este lunes en las ocho regiones del estado; autoridades reportan que m\u00e1s del 95% de las escuelas est\u00e1n listas Oaxaca, M\u00e9xico, 31 de agosto de 2026.- M\u00e1s de 800 mil ni\u00f1as, ni\u00f1os y adolescentes de educaci\u00f3n b\u00e1sica regresan este lunes a las aulas en Oaxaca, con el [&hellip;]","og_url":"https:\/\/www.bbmnoticias.com\/arranca-en-oaxaca-el-ciclo-escolar-2026-2027-regresan-mas-de-800-mil-estudiantes\/","og_site_name":"LA BRAVA RADIO","article_published_time":"2026-08-31T14:42:05+00:00","article_modified_time":"2026-08-31T14:42:08+00:00","og_image":[{"width":1024,"height":576,"url":"https:\/\/www.bbmnoticias.com\/labravaradiofm\/wp-content\/uploads\/sites\/5\/2026\/08\/regreso-clases.jpg","type":"image\/jpeg"}],"author":"Staff","twitter_card":"summary_large_image","twitter_misc":{"Escrito por":"Staff","Tiempo de lectura":"2 minutos"},"schema":{"@context":"https:\/\/schema.org","@graph":[{"@type":"Article","@id":"https:\/\/www.bbmnoticias.com\/arranca-en-oaxaca-el-ciclo-escolar-2026-2027-regresan-mas-de-800-mil-estudiantes\/#article","isPartOf":{"@id":"https:\/\/www.bbmnoticias.com\/labravaradiofm\/2026\/08\/31\/arranca-en-oaxaca-el-ciclo-escolar-2026-2027-regresan-mas-de-800-mil-estudiantes\/"},"author":{"name":"Staff","@id":"https:\/\/www.bbmnoticias.com\/labravaradiofm\/#\/schema\/person\/9eb037257fc48a09cdf31d9a2f45619f"},"headline":"Arranca en Oaxaca el ciclo escolar 2026-2027; regresan m\u00e1s de 800 mil estudiantes","datePublished":"2026-08-31T14:42:05+00:00","dateModified":"2026-08-31T14:42:08+00:00","mainEntityOfPage":{"@id":"https:\/\/www.bbmnoticias.com\/labravaradiofm\/2026\/08\/31\/arranca-en-oaxaca-el-ciclo-escolar-2026-2027-regresan-mas-de-800-mil-estudiantes\/"},"wordCount":361,"image":{"@id":"https:\/\/www.bbmnoticias.com\/arranca-en-oaxaca-el-ciclo-escolar-2026-2027-regresan-mas-de-800-mil-estudiantes\/#primaryimage"},"thumbnailUrl":"https:\/\/www.bbmnoticias.com\/labravaradiofm\/wp-content\/uploads\/sites\/5\/2026\/08\/regreso-clases.jpg","articleSection":["LOCAL"],"inLanguage":"es"},{"@type":"WebPage","@id":"https:\/\/www.bbmnoticias.com\/labravaradiofm\/2026\/08\/31\/arranca-en-oaxaca-el-ciclo-escolar-2026-2027-regresan-mas-de-800-mil-estudiantes\/","url":"https:\/\/www.bbmnoticias.com\/arranca-en-oaxaca-el-ciclo-escolar-2026-2027-regresan-mas-de-800-mil-estudiantes\/","name":"Arranca en Oaxaca el ciclo escolar 2026-2027; regresan m\u00e1s de 800 mil estudiantes - LA BRAVA RADIO","isPartOf":{"@id":"https:\/\/www.bbmnoticias.com\/labravaradiofm\/#website"},"primaryImageOfPage":{"@id":"https:\/\/www.bbmnoticias.com\/arranca-en-oaxaca-el-ciclo-escolar-2026-2027-regresan-mas-de-800-mil-estudiantes\/#primaryimage"},"image":{"@id":"https:\/\/www.bbmnoticias.com\/arranca-en-oaxaca-el-ciclo-escolar-2026-2027-regresan-mas-de-800-mil-estudiantes\/#primaryimage"},"thumbnailUrl":"https:\/\/www.bbmnoticias.com\/labravaradiofm\/wp-content\/uploads\/sites\/5\/2026\/08\/regreso-clases.jpg","datePublished":"2026-08-31T14:42:05+00:00","dateModified":"2026-08-31T14:42:08+00:00","author":{"@id":"https:\/\/www.bbmnoticias.com\/labravaradiofm\/#\/schema\/person\/9eb037257fc48a09cdf31d9a2f45619f"},"breadcrumb":{"@id":"https:\/\/www.bbmnoticias.com\/arranca-en-oaxaca-el-ciclo-escolar-2026-2027-regresan-mas-de-800-mil-estudiantes\/#breadcrumb"},"inLanguage":"es","potentialAction":[{"@type":"ReadAction","target":["https:\/\/www.bbmnoticias.com\/arranca-en-oaxaca-el-ciclo-escolar-2026-2027-regresan-mas-de-800-mil-estudiantes\/"]}]},{"@type":"ImageObject","inLanguage":"es","@id":"https:\/\/www.bbmnoticias.com\/arranca-en-oaxaca-el-ciclo-escolar-2026-2027-regresan-mas-de-800-mil-estudiantes\/#primaryimage","url":"https:\/\/www.bbmnoticias.com\/labravaradiofm\/wp-content\/uploads\/sites\/5\/2026\/08\/regreso-clases.jpg","contentUrl":"https:\/\/www.bbmnoticias.com\/labravaradiofm\/wp-content\/uploads\/sites\/5\/2026\/08\/regreso-clases.jpg","width":1024,"height":576},{"@type":"BreadcrumbList","@id":"https:\/\/www.bbmnoticias.com\/arranca-en-oaxaca-el-ciclo-escolar-2026-2027-regresan-mas-de-800-mil-estudiantes\/#breadcrumb","itemListElement":[{"@type":"ListItem","position":1,"name":"Inicio","item":"https:\/\/www.bbmnoticias.com\/labravaradiofm\/"},{"@type":"ListItem","position":2,"name":"Arranca en Oaxaca el ciclo escolar 2026-2027; regresan m\u00e1s de 800 mil estudiantes"}]},{"@type":"WebSite","@id":"https:\/\/www.bbmnoticias.com\/labravaradiofm\/#website","url":"https:\/\/www.bbmnoticias.com\/labravaradiofm\/","name":"LA BRAVA RADIO","description":"Empresa productora de medios, Radiodifusi\u00f3n, Noticias, tendencias y todo lo que necesitas saber de la pol\u00edtica mexicana e internacional; entretenimiento, espect\u00e1culos, salud y mucho m\u00e1s.","potentialAction":[{"@type":"SearchAction","target":{"@type":"EntryPoint","urlTemplate":"https:\/\/www.bbmnoticias.com\/labravaradiofm\/?s={search_term_string}"},"query-input":{"@type":"PropertyValueSpecification","valueRequired":true,"valueName":"search_term_string"}}],"inLanguage":"es"},{"@type":"Person","@id":"https:\/\/www.bbmnoticias.com\/labravaradiofm\/#\/schema\/person\/9eb037257fc48a09cdf31d9a2f45619f","name":"Staff","image":{"@type":"ImageObject","inLanguage":"es","@id":"https:\/\/secure.gravatar.com\/avatar\/fdd21ad66fd8b98c407f9dee5b5e588cfe7f0d8579ec20fa6527cd59bab7f0f0?s=96&d=mm&r=g","url":"https:\/\/secure.gravatar.com\/avatar\/fdd21ad66fd8b98c407f9dee5b5e588cfe7f0d8579ec20fa6527cd59bab7f0f0?s=96&d=mm&r=g","contentUrl":"https:\/\/secure.gravatar.com\/avatar\/fdd21ad66fd8b98c407f9dee5b5e588cfe7f0d8579ec20fa6527cd59bab7f0f0?s=96&d=mm&r=g","caption":"Staff"},"url":"https:\/\/www.bbmnoticias.com\/labravaradiofm\/author\/redaccion\/"}]}},"_links":{"self":[{"href":"https:\/\/www.bbmnoticias.com\/labravaradiofm\/wp-json\/wp\/v2\/posts\/81255","targetHints":{"allow":["GET"]}}],"collection":[{"href":"https:\/\/www.bbmnoticias.com\/labravaradiofm\/wp-json\/wp\/v2\/posts"}],"about":[{"href":"https:\/\/www.bbmnoticias.com\/labravaradiofm\/wp-json\/wp\/v2\/types\/post"}],"author":[{"embeddable":true,"href":"https:\/\/www.bbmnoticias.com\/labravaradiofm\/wp-json\/wp\/v2\/users\/2"}],"replies":[{"embeddable":true,"href":"https:\/\/www.bbmnoticias.com\/labravaradiofm\/wp-json\/wp\/v2\/comments?post=81255"}],"version-history":[{"count":1,"href":"https:\/\/www.bbmnoticias.com\/labravaradiofm\/wp-json\/wp\/v2\/posts\/81255\/revisions"}],"predecessor-version":[{"id":81256,"href":"https:\/\/www.bbmnoticias.com\/labravaradiofm\/wp-json\/wp\/v2\/posts\/81255\/revisions\/81256"}],"wp:featuredmedia":[{"embeddable":true,"href":"https:\/\/www.bbmnoticias.com\/labravaradiofm\/wp-json\/wp\/v2\/media\/81257"}],"wp:attachment":[{"href":"https:\/\/www.bbmnoticias.com\/labravaradiofm\/wp-json\/wp\/v2\/media?parent=81255"}],"wp:term":[{"taxonomy":"category","embeddable":true,"href":"https:\/\/www.bbmnoticias.com\/labravaradiofm\/wp-json\/wp\/v2\/categories?post=81255"},{"taxonomy":"post_tag","embeddable":true,"href":"https:\/\/www.bbmnoticias.com\/labravaradiofm\/wp-json\/wp\/v2\/tags?post=81255"}],"curies":[{"name":"wp","href":"https:\/\/api.w.org\/{rel}","templated":true}]}}