{"id":81252,"date":"2026-08-31T08:22:47","date_gmt":"2026-08-31T14:22:47","guid":{"rendered":"https:\/\/www.bbmnoticias.com\/labravaradiofm\/2026\/08\/31\/preven-lluvias-y-tormentas-fuertes-en-oaxaca-este-lunes-alertan-por-oleaje-elevado\/"},"modified":"2026-08-31T08:22:49","modified_gmt":"2026-08-31T14:22:49","slug":"preven-lluvias-y-tormentas-fuertes-en-oaxaca-este-lunes-alertan-por-oleaje-elevado","status":"publish","type":"post","link":"https:\/\/www.bbmnoticias.com\/labravaradiofm\/2026\/08\/31\/preven-lluvias-y-tormentas-fuertes-en-oaxaca-este-lunes-alertan-por-oleaje-elevado\/","title":{"rendered":"Prev\u00e9n lluvias y tormentas fuertes en Oaxaca este lunes; alertan por oleaje elevado"},"content":{"rendered":"\n<p class=\"wp-block-paragraph\">La CEPCyGR inform\u00f3 que aumentar\u00e1n las condiciones para lluvias en gran parte del estado, con actividad el\u00e9ctrica y rachas de viento, principalmente en zonas monta\u00f1osas<\/p>\n\n\n\n<p class=\"wp-block-paragraph\">Oaxaca, M\u00e9xico.- Las condiciones meteorol\u00f3gicas se tornar\u00e1n m\u00e1s lluviosas este lunes en gran parte de Oaxaca, con posibilidad de tormentas vespertinas localmente fuertes, acompa\u00f1adas de actividad el\u00e9ctrica y rachas de viento, principalmente en regiones monta\u00f1osas.<\/p>\n\n\n\n<p class=\"wp-block-paragraph\">La Coordinaci\u00f3n Estatal de Protecci\u00f3n Civil y Gesti\u00f3n de Riesgos (CEPCyGR) se\u00f1al\u00f3 que este escenario estar\u00e1 asociado con la presencia de una circulaci\u00f3n cicl\u00f3nica y el desplazamiento de la onda tropical n\u00famero 34.<\/p>\n\n\n\n<p class=\"wp-block-paragraph\">De acuerdo con el pron\u00f3stico emitido por la Comisi\u00f3n Nacional del Agua (Conagua), la presencia de nubosidad y lluvias favorecer\u00e1 ligeros descensos en las temperaturas m\u00e1ximas a lo largo de la entidad.<\/p>\n\n\n\n<p class=\"wp-block-paragraph\"><strong>Temperaturas previstas por regi\u00f3n<\/strong><\/p>\n\n\n\n<p class=\"wp-block-paragraph\">Para este lunes, se esperan las siguientes condiciones:<\/p>\n\n\n\n<ul class=\"wp-block-list\">\n<li>Valles Centrales: m\u00ednima de 15 y m\u00e1xima de 31 grados.<\/li>\n\n\n\n<li>Istmo de Tehuantepec: m\u00ednima de 23 y m\u00e1xima de 36 grados.<\/li>\n\n\n\n<li>Cuenca del Papaloapan: m\u00ednima de 23 y m\u00e1xima de 34 grados.<\/li>\n\n\n\n<li>Costa: m\u00ednima de 23 y m\u00e1xima de 35 grados.<\/li>\n\n\n\n<li>Mixteca: m\u00ednima de 15 y m\u00e1xima de 30 grados.<\/li>\n\n\n\n<li>Sierra de Flores Mag\u00f3n: m\u00ednima de 16 y m\u00e1xima de 34 grados.<\/li>\n\n\n\n<li>Sierra de Ju\u00e1rez: m\u00ednima de 11 y m\u00e1xima de 28 grados.<\/li>\n\n\n\n<li>Sierra Sur: m\u00ednima de 13 y m\u00e1xima de 30 grados.<\/li>\n\n\n\n<li><\/li>\n<\/ul>\n\n\n\n<p class=\"wp-block-paragraph\"><strong>Mantienen alerta por condiciones mar\u00edtimas<\/strong><\/p>\n\n\n\n<p class=\"wp-block-paragraph\">Adem\u00e1s de las lluvias, las autoridades mantienen la advertencia por oleaje elevado y mar picado a lo largo del litoral oaxaque\u00f1o.<\/p>\n\n\n\n<p class=\"wp-block-paragraph\">Ante estas condiciones, la CEPCyGR llam\u00f3 a la poblaci\u00f3n y, particularmente, a quienes realizan actividades mar\u00edtimas y tur\u00edsticas, a extremar precauciones y atender las indicaciones de las autoridades y de las Capitan\u00edas de Puerto.<\/p>\n\n\n\n<p class=\"wp-block-paragraph\">Protecci\u00f3n Civil recomend\u00f3 mantenerse informados sobre la evoluci\u00f3n de las condiciones meteorol\u00f3gicas mediante los canales oficiales y seguir las indicaciones preventivas ante posibles tormentas, especialmente en zonas monta\u00f1osas y \u00e1reas expuestas a fuertes rachas de viento.<\/p>\n\n\n\n<p class=\"wp-block-paragraph\">La informaci\u00f3n oficial puede consultarse en Facebook, a trav\u00e9s de @CEPCYGRGobOax, y en X, mediante @CEPCyGR_GobOax.<\/p>\n\n\n\n<p class=\"wp-block-paragraph\"><\/p>\n","protected":false},"excerpt":{"rendered":"<p>La CEPCyGR inform\u00f3 que aumentar\u00e1n las condiciones para lluvias en gran parte del estado, con actividad el\u00e9ctrica y rachas de viento, principalmente en zonas monta\u00f1osas Oaxaca, M\u00e9xico.- Las condiciones meteorol\u00f3gicas se tornar\u00e1n m\u00e1s lluviosas este lunes en gran parte de Oaxaca, con posibilidad de tormentas vespertinas localmente fuertes, acompa\u00f1adas de actividad el\u00e9ctrica y rachas de [&hellip;]<\/p>\n","protected":false},"author":2,"featured_media":81254,"comment_status":"closed","ping_status":"open","sticky":false,"template":"","format":"standard","meta":{"footnotes":""},"categories":[2],"tags":[],"class_list":["post-81252","post","type-post","status-publish","format-standard","has-post-thumbnail","hentry","category-oaxaca"],"yoast_head":"<!-- This site is optimized with the Yoast SEO plugin v28.1 - https:\/\/yoast.com\/product\/yoast-seo-wordpress\/ -->\n<title>Prev\u00e9n lluvias y tormentas fuertes en Oaxaca este lunes; alertan por oleaje elevado - LA BRAVA RADIO<\/title>\n<meta name=\"robots\" content=\"index, follow, max-snippet:-1, max-image-preview:large, max-video-preview:-1\" \/>\n<link rel=\"canonical\" href=\"https:\/\/www.bbmnoticias.com\/preven-lluvias-y-tormentas-fuertes-en-oaxaca-este-lunes-alertan-por-oleaje-elevado\/\" \/>\n<meta property=\"og:locale\" content=\"es_MX\" \/>\n<meta property=\"og:type\" content=\"article\" \/>\n<meta property=\"og:title\" content=\"Prev\u00e9n lluvias y tormentas fuertes en Oaxaca este lunes; alertan por oleaje elevado - LA BRAVA RADIO\" \/>\n<meta property=\"og:description\" content=\"La CEPCyGR inform\u00f3 que aumentar\u00e1n las condiciones para lluvias en gran parte del estado, con actividad el\u00e9ctrica y rachas de viento, principalmente en zonas monta\u00f1osas Oaxaca, M\u00e9xico.- Las condiciones meteorol\u00f3gicas se tornar\u00e1n m\u00e1s lluviosas este lunes en gran parte de Oaxaca, con posibilidad de tormentas vespertinas localmente fuertes, acompa\u00f1adas de actividad el\u00e9ctrica y rachas de [&hellip;]\" \/>\n<meta property=\"og:url\" content=\"https:\/\/www.bbmnoticias.com\/preven-lluvias-y-tormentas-fuertes-en-oaxaca-este-lunes-alertan-por-oleaje-elevado\/\" \/>\n<meta property=\"og:site_name\" content=\"LA BRAVA RADIO\" \/>\n<meta property=\"article:published_time\" content=\"2026-08-31T14:22:47+00:00\" \/>\n<meta property=\"article:modified_time\" content=\"2026-08-31T14:22:49+00:00\" \/>\n<meta property=\"og:image\" content=\"https:\/\/www.bbmnoticias.com\/labravaradiofm\/wp-content\/uploads\/sites\/5\/2026\/08\/clima_oaxaca-12.jpg\" \/>\n\t<meta property=\"og:image:width\" content=\"800\" \/>\n\t<meta property=\"og:image:height\" content=\"442\" \/>\n\t<meta property=\"og:image:type\" content=\"image\/jpeg\" \/>\n<meta name=\"author\" content=\"Staff\" \/>\n<meta name=\"twitter:card\" content=\"summary_large_image\" \/>\n<meta name=\"twitter:label1\" content=\"Escrito por\" \/>\n\t<meta name=\"twitter:data1\" content=\"Staff\" \/>\n\t<meta name=\"twitter:label2\" content=\"Tiempo de lectura\" \/>\n\t<meta name=\"twitter:data2\" content=\"2 minutos\" \/>\n<script type=\"application\/ld+json\" class=\"yoast-schema-graph\">{\"@context\":\"https:\\\/\\\/schema.org\",\"@graph\":[{\"@type\":\"Article\",\"@id\":\"https:\\\/\\\/www.bbmnoticias.com\\\/preven-lluvias-y-tormentas-fuertes-en-oaxaca-este-lunes-alertan-por-oleaje-elevado\\\/#article\",\"isPartOf\":{\"@id\":\"https:\\\/\\\/www.bbmnoticias.com\\\/labravaradiofm\\\/2026\\\/08\\\/31\\\/preven-lluvias-y-tormentas-fuertes-en-oaxaca-este-lunes-alertan-por-oleaje-elevado\\\/\"},\"author\":{\"name\":\"Staff\",\"@id\":\"https:\\\/\\\/www.bbmnoticias.com\\\/labravaradiofm\\\/#\\\/schema\\\/person\\\/9eb037257fc48a09cdf31d9a2f45619f\"},\"headline\":\"Prev\u00e9n lluvias y tormentas fuertes en Oaxaca este lunes; alertan por oleaje elevado\",\"datePublished\":\"2026-08-31T14:22:47+00:00\",\"dateModified\":\"2026-08-31T14:22:49+00:00\",\"mainEntityOfPage\":{\"@id\":\"https:\\\/\\\/www.bbmnoticias.com\\\/labravaradiofm\\\/2026\\\/08\\\/31\\\/preven-lluvias-y-tormentas-fuertes-en-oaxaca-este-lunes-alertan-por-oleaje-elevado\\\/\"},\"wordCount\":383,\"image\":{\"@id\":\"https:\\\/\\\/www.bbmnoticias.com\\\/preven-lluvias-y-tormentas-fuertes-en-oaxaca-este-lunes-alertan-por-oleaje-elevado\\\/#primaryimage\"},\"thumbnailUrl\":\"https:\\\/\\\/www.bbmnoticias.com\\\/labravaradiofm\\\/wp-content\\\/uploads\\\/sites\\\/5\\\/2026\\\/08\\\/clima_oaxaca-12.jpg\",\"articleSection\":[\"LOCAL\"],\"inLanguage\":\"es\"},{\"@type\":\"WebPage\",\"@id\":\"https:\\\/\\\/www.bbmnoticias.com\\\/labravaradiofm\\\/2026\\\/08\\\/31\\\/preven-lluvias-y-tormentas-fuertes-en-oaxaca-este-lunes-alertan-por-oleaje-elevado\\\/\",\"url\":\"https:\\\/\\\/www.bbmnoticias.com\\\/preven-lluvias-y-tormentas-fuertes-en-oaxaca-este-lunes-alertan-por-oleaje-elevado\\\/\",\"name\":\"Prev\u00e9n lluvias y tormentas fuertes en Oaxaca este lunes; alertan por oleaje elevado - LA BRAVA RADIO\",\"isPartOf\":{\"@id\":\"https:\\\/\\\/www.bbmnoticias.com\\\/labravaradiofm\\\/#website\"},\"primaryImageOfPage\":{\"@id\":\"https:\\\/\\\/www.bbmnoticias.com\\\/preven-lluvias-y-tormentas-fuertes-en-oaxaca-este-lunes-alertan-por-oleaje-elevado\\\/#primaryimage\"},\"image\":{\"@id\":\"https:\\\/\\\/www.bbmnoticias.com\\\/preven-lluvias-y-tormentas-fuertes-en-oaxaca-este-lunes-alertan-por-oleaje-elevado\\\/#primaryimage\"},\"thumbnailUrl\":\"https:\\\/\\\/www.bbmnoticias.com\\\/labravaradiofm\\\/wp-content\\\/uploads\\\/sites\\\/5\\\/2026\\\/08\\\/clima_oaxaca-12.jpg\",\"datePublished\":\"2026-08-31T14:22:47+00:00\",\"dateModified\":\"2026-08-31T14:22:49+00:00\",\"author\":{\"@id\":\"https:\\\/\\\/www.bbmnoticias.com\\\/labravaradiofm\\\/#\\\/schema\\\/person\\\/9eb037257fc48a09cdf31d9a2f45619f\"},\"breadcrumb\":{\"@id\":\"https:\\\/\\\/www.bbmnoticias.com\\\/preven-lluvias-y-tormentas-fuertes-en-oaxaca-este-lunes-alertan-por-oleaje-elevado\\\/#breadcrumb\"},\"inLanguage\":\"es\",\"potentialAction\":[{\"@type\":\"ReadAction\",\"target\":[\"https:\\\/\\\/www.bbmnoticias.com\\\/preven-lluvias-y-tormentas-fuertes-en-oaxaca-este-lunes-alertan-por-oleaje-elevado\\\/\"]}]},{\"@type\":\"ImageObject\",\"inLanguage\":\"es\",\"@id\":\"https:\\\/\\\/www.bbmnoticias.com\\\/preven-lluvias-y-tormentas-fuertes-en-oaxaca-este-lunes-alertan-por-oleaje-elevado\\\/#primaryimage\",\"url\":\"https:\\\/\\\/www.bbmnoticias.com\\\/labravaradiofm\\\/wp-content\\\/uploads\\\/sites\\\/5\\\/2026\\\/08\\\/clima_oaxaca-12.jpg\",\"contentUrl\":\"https:\\\/\\\/www.bbmnoticias.com\\\/labravaradiofm\\\/wp-content\\\/uploads\\\/sites\\\/5\\\/2026\\\/08\\\/clima_oaxaca-12.jpg\",\"width\":800,\"height\":442},{\"@type\":\"BreadcrumbList\",\"@id\":\"https:\\\/\\\/www.bbmnoticias.com\\\/preven-lluvias-y-tormentas-fuertes-en-oaxaca-este-lunes-alertan-por-oleaje-elevado\\\/#breadcrumb\",\"itemListElement\":[{\"@type\":\"ListItem\",\"position\":1,\"name\":\"Inicio\",\"item\":\"https:\\\/\\\/www.bbmnoticias.com\\\/labravaradiofm\\\/\"},{\"@type\":\"ListItem\",\"position\":2,\"name\":\"Prev\u00e9n lluvias y tormentas fuertes en Oaxaca este lunes; alertan por oleaje elevado\"}]},{\"@type\":\"WebSite\",\"@id\":\"https:\\\/\\\/www.bbmnoticias.com\\\/labravaradiofm\\\/#website\",\"url\":\"https:\\\/\\\/www.bbmnoticias.com\\\/labravaradiofm\\\/\",\"name\":\"LA BRAVA RADIO\",\"description\":\"Empresa productora de medios, Radiodifusi\u00f3n, Noticias, tendencias y todo lo que necesitas saber de la pol\u00edtica mexicana e internacional; entretenimiento, espect\u00e1culos, salud y mucho m\u00e1s.\",\"potentialAction\":[{\"@type\":\"SearchAction\",\"target\":{\"@type\":\"EntryPoint\",\"urlTemplate\":\"https:\\\/\\\/www.bbmnoticias.com\\\/labravaradiofm\\\/?s={search_term_string}\"},\"query-input\":{\"@type\":\"PropertyValueSpecification\",\"valueRequired\":true,\"valueName\":\"search_term_string\"}}],\"inLanguage\":\"es\"},{\"@type\":\"Person\",\"@id\":\"https:\\\/\\\/www.bbmnoticias.com\\\/labravaradiofm\\\/#\\\/schema\\\/person\\\/9eb037257fc48a09cdf31d9a2f45619f\",\"name\":\"Staff\",\"image\":{\"@type\":\"ImageObject\",\"inLanguage\":\"es\",\"@id\":\"https:\\\/\\\/secure.gravatar.com\\\/avatar\\\/fdd21ad66fd8b98c407f9dee5b5e588cfe7f0d8579ec20fa6527cd59bab7f0f0?s=96&d=mm&r=g\",\"url\":\"https:\\\/\\\/secure.gravatar.com\\\/avatar\\\/fdd21ad66fd8b98c407f9dee5b5e588cfe7f0d8579ec20fa6527cd59bab7f0f0?s=96&d=mm&r=g\",\"contentUrl\":\"https:\\\/\\\/secure.gravatar.com\\\/avatar\\\/fdd21ad66fd8b98c407f9dee5b5e588cfe7f0d8579ec20fa6527cd59bab7f0f0?s=96&d=mm&r=g\",\"caption\":\"Staff\"},\"url\":\"https:\\\/\\\/www.bbmnoticias.com\\\/labravaradiofm\\\/author\\\/redaccion\\\/\"}]}<\/script>\n<!-- \/ Yoast SEO plugin. -->","yoast_head_json":{"title":"Prev\u00e9n lluvias y tormentas fuertes en Oaxaca este lunes; alertan por oleaje elevado - LA BRAVA RADIO","robots":{"index":"index","follow":"follow","max-snippet":"max-snippet:-1","max-image-preview":"max-image-preview:large","max-video-preview":"max-video-preview:-1"},"canonical":"https:\/\/www.bbmnoticias.com\/preven-lluvias-y-tormentas-fuertes-en-oaxaca-este-lunes-alertan-por-oleaje-elevado\/","og_locale":"es_MX","og_type":"article","og_title":"Prev\u00e9n lluvias y tormentas fuertes en Oaxaca este lunes; alertan por oleaje elevado - LA BRAVA RADIO","og_description":"La CEPCyGR inform\u00f3 que aumentar\u00e1n las condiciones para lluvias en gran parte del estado, con actividad el\u00e9ctrica y rachas de viento, principalmente en zonas monta\u00f1osas Oaxaca, M\u00e9xico.- Las condiciones meteorol\u00f3gicas se tornar\u00e1n m\u00e1s lluviosas este lunes en gran parte de Oaxaca, con posibilidad de tormentas vespertinas localmente fuertes, acompa\u00f1adas de actividad el\u00e9ctrica y rachas de [&hellip;]","og_url":"https:\/\/www.bbmnoticias.com\/preven-lluvias-y-tormentas-fuertes-en-oaxaca-este-lunes-alertan-por-oleaje-elevado\/","og_site_name":"LA BRAVA RADIO","article_published_time":"2026-08-31T14:22:47+00:00","article_modified_time":"2026-08-31T14:22:49+00:00","og_image":[{"width":800,"height":442,"url":"https:\/\/www.bbmnoticias.com\/labravaradiofm\/wp-content\/uploads\/sites\/5\/2026\/08\/clima_oaxaca-12.jpg","type":"image\/jpeg"}],"author":"Staff","twitter_card":"summary_large_image","twitter_misc":{"Escrito por":"Staff","Tiempo de lectura":"2 minutos"},"schema":{"@context":"https:\/\/schema.org","@graph":[{"@type":"Article","@id":"https:\/\/www.bbmnoticias.com\/preven-lluvias-y-tormentas-fuertes-en-oaxaca-este-lunes-alertan-por-oleaje-elevado\/#article","isPartOf":{"@id":"https:\/\/www.bbmnoticias.com\/labravaradiofm\/2026\/08\/31\/preven-lluvias-y-tormentas-fuertes-en-oaxaca-este-lunes-alertan-por-oleaje-elevado\/"},"author":{"name":"Staff","@id":"https:\/\/www.bbmnoticias.com\/labravaradiofm\/#\/schema\/person\/9eb037257fc48a09cdf31d9a2f45619f"},"headline":"Prev\u00e9n lluvias y tormentas fuertes en Oaxaca este lunes; alertan por oleaje elevado","datePublished":"2026-08-31T14:22:47+00:00","dateModified":"2026-08-31T14:22:49+00:00","mainEntityOfPage":{"@id":"https:\/\/www.bbmnoticias.com\/labravaradiofm\/2026\/08\/31\/preven-lluvias-y-tormentas-fuertes-en-oaxaca-este-lunes-alertan-por-oleaje-elevado\/"},"wordCount":383,"image":{"@id":"https:\/\/www.bbmnoticias.com\/preven-lluvias-y-tormentas-fuertes-en-oaxaca-este-lunes-alertan-por-oleaje-elevado\/#primaryimage"},"thumbnailUrl":"https:\/\/www.bbmnoticias.com\/labravaradiofm\/wp-content\/uploads\/sites\/5\/2026\/08\/clima_oaxaca-12.jpg","articleSection":["LOCAL"],"inLanguage":"es"},{"@type":"WebPage","@id":"https:\/\/www.bbmnoticias.com\/labravaradiofm\/2026\/08\/31\/preven-lluvias-y-tormentas-fuertes-en-oaxaca-este-lunes-alertan-por-oleaje-elevado\/","url":"https:\/\/www.bbmnoticias.com\/preven-lluvias-y-tormentas-fuertes-en-oaxaca-este-lunes-alertan-por-oleaje-elevado\/","name":"Prev\u00e9n lluvias y tormentas fuertes en Oaxaca este lunes; alertan por oleaje elevado - LA BRAVA RADIO","isPartOf":{"@id":"https:\/\/www.bbmnoticias.com\/labravaradiofm\/#website"},"primaryImageOfPage":{"@id":"https:\/\/www.bbmnoticias.com\/preven-lluvias-y-tormentas-fuertes-en-oaxaca-este-lunes-alertan-por-oleaje-elevado\/#primaryimage"},"image":{"@id":"https:\/\/www.bbmnoticias.com\/preven-lluvias-y-tormentas-fuertes-en-oaxaca-este-lunes-alertan-por-oleaje-elevado\/#primaryimage"},"thumbnailUrl":"https:\/\/www.bbmnoticias.com\/labravaradiofm\/wp-content\/uploads\/sites\/5\/2026\/08\/clima_oaxaca-12.jpg","datePublished":"2026-08-31T14:22:47+00:00","dateModified":"2026-08-31T14:22:49+00:00","author":{"@id":"https:\/\/www.bbmnoticias.com\/labravaradiofm\/#\/schema\/person\/9eb037257fc48a09cdf31d9a2f45619f"},"breadcrumb":{"@id":"https:\/\/www.bbmnoticias.com\/preven-lluvias-y-tormentas-fuertes-en-oaxaca-este-lunes-alertan-por-oleaje-elevado\/#breadcrumb"},"inLanguage":"es","potentialAction":[{"@type":"ReadAction","target":["https:\/\/www.bbmnoticias.com\/preven-lluvias-y-tormentas-fuertes-en-oaxaca-este-lunes-alertan-por-oleaje-elevado\/"]}]},{"@type":"ImageObject","inLanguage":"es","@id":"https:\/\/www.bbmnoticias.com\/preven-lluvias-y-tormentas-fuertes-en-oaxaca-este-lunes-alertan-por-oleaje-elevado\/#primaryimage","url":"https:\/\/www.bbmnoticias.com\/labravaradiofm\/wp-content\/uploads\/sites\/5\/2026\/08\/clima_oaxaca-12.jpg","contentUrl":"https:\/\/www.bbmnoticias.com\/labravaradiofm\/wp-content\/uploads\/sites\/5\/2026\/08\/clima_oaxaca-12.jpg","width":800,"height":442},{"@type":"BreadcrumbList","@id":"https:\/\/www.bbmnoticias.com\/preven-lluvias-y-tormentas-fuertes-en-oaxaca-este-lunes-alertan-por-oleaje-elevado\/#breadcrumb","itemListElement":[{"@type":"ListItem","position":1,"name":"Inicio","item":"https:\/\/www.bbmnoticias.com\/labravaradiofm\/"},{"@type":"ListItem","position":2,"name":"Prev\u00e9n lluvias y tormentas fuertes en Oaxaca este lunes; alertan por oleaje elevado"}]},{"@type":"WebSite","@id":"https:\/\/www.bbmnoticias.com\/labravaradiofm\/#website","url":"https:\/\/www.bbmnoticias.com\/labravaradiofm\/","name":"LA BRAVA RADIO","description":"Empresa productora de medios, Radiodifusi\u00f3n, Noticias, tendencias y todo lo que necesitas saber de la pol\u00edtica mexicana e internacional; entretenimiento, espect\u00e1culos, salud y mucho m\u00e1s.","potentialAction":[{"@type":"SearchAction","target":{"@type":"EntryPoint","urlTemplate":"https:\/\/www.bbmnoticias.com\/labravaradiofm\/?s={search_term_string}"},"query-input":{"@type":"PropertyValueSpecification","valueRequired":true,"valueName":"search_term_string"}}],"inLanguage":"es"},{"@type":"Person","@id":"https:\/\/www.bbmnoticias.com\/labravaradiofm\/#\/schema\/person\/9eb037257fc48a09cdf31d9a2f45619f","name":"Staff","image":{"@type":"ImageObject","inLanguage":"es","@id":"https:\/\/secure.gravatar.com\/avatar\/fdd21ad66fd8b98c407f9dee5b5e588cfe7f0d8579ec20fa6527cd59bab7f0f0?s=96&d=mm&r=g","url":"https:\/\/secure.gravatar.com\/avatar\/fdd21ad66fd8b98c407f9dee5b5e588cfe7f0d8579ec20fa6527cd59bab7f0f0?s=96&d=mm&r=g","contentUrl":"https:\/\/secure.gravatar.com\/avatar\/fdd21ad66fd8b98c407f9dee5b5e588cfe7f0d8579ec20fa6527cd59bab7f0f0?s=96&d=mm&r=g","caption":"Staff"},"url":"https:\/\/www.bbmnoticias.com\/labravaradiofm\/author\/redaccion\/"}]}},"_links":{"self":[{"href":"https:\/\/www.bbmnoticias.com\/labravaradiofm\/wp-json\/wp\/v2\/posts\/81252","targetHints":{"allow":["GET"]}}],"collection":[{"href":"https:\/\/www.bbmnoticias.com\/labravaradiofm\/wp-json\/wp\/v2\/posts"}],"about":[{"href":"https:\/\/www.bbmnoticias.com\/labravaradiofm\/wp-json\/wp\/v2\/types\/post"}],"author":[{"embeddable":true,"href":"https:\/\/www.bbmnoticias.com\/labravaradiofm\/wp-json\/wp\/v2\/users\/2"}],"replies":[{"embeddable":true,"href":"https:\/\/www.bbmnoticias.com\/labravaradiofm\/wp-json\/wp\/v2\/comments?post=81252"}],"version-history":[{"count":1,"href":"https:\/\/www.bbmnoticias.com\/labravaradiofm\/wp-json\/wp\/v2\/posts\/81252\/revisions"}],"predecessor-version":[{"id":81253,"href":"https:\/\/www.bbmnoticias.com\/labravaradiofm\/wp-json\/wp\/v2\/posts\/81252\/revisions\/81253"}],"wp:featuredmedia":[{"embeddable":true,"href":"https:\/\/www.bbmnoticias.com\/labravaradiofm\/wp-json\/wp\/v2\/media\/81254"}],"wp:attachment":[{"href":"https:\/\/www.bbmnoticias.com\/labravaradiofm\/wp-json\/wp\/v2\/media?parent=81252"}],"wp:term":[{"taxonomy":"category","embeddable":true,"href":"https:\/\/www.bbmnoticias.com\/labravaradiofm\/wp-json\/wp\/v2\/categories?post=81252"},{"taxonomy":"post_tag","embeddable":true,"href":"https:\/\/www.bbmnoticias.com\/labravaradiofm\/wp-json\/wp\/v2\/tags?post=81252"}],"curies":[{"name":"wp","href":"https:\/\/api.w.org\/{rel}","templated":true}]}}