{"id":81249,"date":"2026-08-30T15:57:32","date_gmt":"2026-08-30T21:57:32","guid":{"rendered":"https:\/\/www.bbmnoticias.com\/labravaradiofm\/2026\/08\/30\/la-leyenda-continua-mas-vivo-que-nunca-fuerza-ivette-pedro-botero\/"},"modified":"2026-08-30T15:57:38","modified_gmt":"2026-08-30T21:57:38","slug":"la-leyenda-continua-mas-vivo-que-nunca-fuerza-ivette-pedro-botero","status":"publish","type":"post","link":"https:\/\/www.bbmnoticias.com\/labravaradiofm\/2026\/08\/30\/la-leyenda-continua-mas-vivo-que-nunca-fuerza-ivette-pedro-botero\/","title":{"rendered":"*La leyenda continua. Mas vivo que nunca. *Fuerza Ivette. Pedro BOTERO"},"content":{"rendered":"\n<p class=\"wp-block-paragraph\"><strong>La LEYENDA CONTINUA<\/strong>\u2026 Al estilo de la famosa concentraci\u00f3n motera invernal que se celebra cada a\u00f1o en Cantalejo, Segovia, Espa\u00f1a, re\u00fane a miles de aficionados a las dos ruedas, as\u00ed se dieron cita miles en el domicilio del \u201c<strong>HOMBRE LEYENDA\u201d, Rodolfo COCO Le\u00f3n Arag\u00f3n, <\/strong>refrend\u00e1ndole el cari\u00f1o y apoyo para lo que se ofrezca.<\/p>\n\n\n\n<p class=\"wp-block-paragraph\"><strong>Despu\u00e9s de las mentiras plasmadas en medios nacionales<\/strong>, que hab\u00eda sido detenido por ventas de plazas y otras lindezas, los paisanos salinacrucenses, se presentaron para decirle que no est\u00e1 solo y estar\u00e1n con \u00e9l para lo que venga.<\/p>\n\n\n\n<p class=\"wp-block-paragraph\"><strong>D\u00e9jeme les platico:<\/strong><\/p>\n\n\n\n<p class=\"wp-block-paragraph\">Coco Le\u00f3n, en el 2017, fue presidente municipal de extracci\u00f3n pri\u00edsta, logrando una <strong>elecci\u00f3n hist\u00f3rica que ayud\u00f3 y mucho al resultado final que llev\u00f3 a la gubernatura a Alejandro Murat Hinojkosa<\/strong>.<\/p>\n\n\n\n<p class=\"wp-block-paragraph\"><strong>Le\u00f3n Arag\u00f3n, le toc\u00f3 la presidencia de 2 a\u00f1os. Uno de ellos el terremoto del 2017 y&nbsp; la tormenta CALVIN <\/strong>. De los 2 a\u00f1os de gobierno pr\u00e1cticamente le toc\u00f3 gobernar al 100, &nbsp;solo 12 meses.<\/p>\n\n\n\n<p class=\"wp-block-paragraph\">Posteriormente, ya con el fen\u00f3meno de AMLO, la reelecci\u00f3n no pudo perdiendo con el candidato de <strong>MORENA que lleg\u00f3 con todo el poder de L\u00f3pez Obrador. Eran los inicios del sunami llamado 4T que arras\u00f3 en todo los estados del pa\u00eds. \u201cNo dejaban t\u00edtere con cabeza.\u201d<\/strong><\/p>\n\n\n\n<p class=\"wp-block-paragraph\"><strong>En tres ocasiones, Rodolfo Le\u00f3n Arag\u00f3n, como pri\u00edsta jam\u00e1s fue impugnado, cuestionado y mucho menos crucificado<\/strong> como en los tiempos modernos de Morena, por los medios convencionales como los calificaba AMLO. Todo lo que ayude a mantenerse en el poder a Morena, los medios convencionales van contra.<\/p>\n\n\n\n<p class=\"wp-block-paragraph\"><strong>Despu\u00e9s de los ataques medi\u00e1ticos a los que fue expuesto Coco Le\u00f3n<\/strong>, sus paisanos, conociendo su historia, se <strong>volcaron<\/strong> para brindarle su confianza y soporte para donde vaya, hablando pol\u00edticamente.<\/p>\n\n\n\n<p class=\"wp-block-paragraph\"><strong>Los partidos pol\u00edticos, al conocer el comunicado del CEN de Morena<\/strong>, sin firma de la presidenta Montiel y sin postura del CDE del mismo partido, se <strong>acercaron<\/strong> para ofrecerle la candidatura a la presidencia municipal de Salina Cruz.<\/p>\n\n\n\n<p class=\"wp-block-paragraph\"><strong>Entre los partidos que se acercaron a Coco Le\u00f3n, est\u00e1 el VERDE, MC y PAZ. La \u201cleyenda continua\u201d.<\/strong><\/p>\n\n\n\n<p class=\"wp-block-paragraph\"><strong>Pd.- A prop\u00f3sito de la INSEGURIDAD, asaltos, asesinatos en un Salina Cruz m\u00e1s violento e inseguro, EL NOMBRE del \u201cHombre Leyenda\u201d Coco Le\u00f3n, suena fuerte entre los salinacrucenses. Recuerdan que sus 2 a\u00f1os de gobierno fueron los m\u00e1s seguros que han vivido en los \u00faltimos 20 a\u00f1os.<\/strong><\/p>\n\n\n\n<p class=\"wp-block-paragraph\"><strong>Pd 2.- A prop\u00f3sito de Salina Cruz, un personaje que es buscado por diferentes partidos es Marco Cruz Toledo \u201cMarco Gardenia\u201d, hijo prodigo del populoso Barrio Espinal. Ex presidente del Comit\u00e9 de Vecinos, es un personaje muy querido no solo en su Barrio, sino en todo el puerto Xhunco.<\/strong><\/p>\n\n\n\n<p class=\"wp-block-paragraph\"><strong>Fuerza Ivette.<\/strong><\/p>\n\n\n\n<p class=\"wp-block-paragraph\"><strong>A lo sembrado, su cosecha. <\/strong>En sus 6 a\u00f1os al frente del DIF&nbsp; \u201ccomparti\u00f3 amor, sembr\u00f3 esperanza para construir un mejor ma\u00f1ana\u201d. Las y los artesanos no la olvidan.<\/p>\n\n\n\n<p class=\"wp-block-paragraph\"><strong>Ivette Mor\u00e1n<\/strong>, impuls\u00f3 a nivel nacional e internacional el arte de los artesanos oaxaque\u00f1os. \u201cAl Cesar lo que es del Cesar\u201d.&nbsp;<\/p>\n\n\n\n<p class=\"wp-block-paragraph\"><strong>\u201cCafecitoConIvette\u201d<\/strong> aunque no lo quieran y se me enojen, ya les lleva una considerable ventaja a las \u201ccorcholatas\u201d del mandatario estatal.<\/p>\n\n\n\n<p class=\"wp-block-paragraph\">Por hoy es tocho. Recuerden, cuando el B\u00faho Canta el indio Muere. <strong>Pd. &#8211; El que sigue sumando y multiplicando es el empresario Marco Hern\u00e1ndez, presidente de la Fundaci\u00f3n Marco, perfilado para la diputaci\u00f3n local por Juchit\u00e1n. <\/strong>Por m\u00e1s de 6 a\u00f1os al frente de la obra del <strong>ferrocarril Ixtepec- Tapachula Linea K,<\/strong> sembr\u00f3 amistades v\u00eda apoyo <strong>para las comunidades de los municipios de la zona oriente del Istmo de Tehuantepec. Pd.- Todo indica que en Tehuantepec seguir\u00e1n gobernando las mujeres. <\/strong>La dos veces diputada local por ese Distrito <strong>Denis Garc\u00eda Guti\u00e9rrez<\/strong> se perfila para la candidatura de MORENA para su natal Tierra de la Inmortal Sandunga. <strong>En 2 ocasiones fue sacrificada <\/strong>&nbsp;por su partido cediendo el paso a <strong>Vilma Mart\u00ednez y a Cecilia P\u00e9rez Velasquez. Ya le toca. Pd 3<\/strong>.- El grupo teatral Tehuantepec y su teatro Casa de Ensayo\u201d, sigue haciendo historia en Tehuantepec. <strong>Marcos Petriz y esposa Gaby<\/strong>, mantienen viva la tradici\u00f3n del teatro urbano en la Inmortal Sandunga. Dos obras de fin de semana: \u201c<strong>Las Tandas del Tamal\u201d y las Historias del \u201cAhuehuete Sabio\u201d. <\/strong>Enhorabuena y que no se pierda esa bonita costumbre y tradici\u00f3n.<\/p>\n\n\n\n<p class=\"wp-block-paragraph\"><strong>Recuerde escucharnos en NOTICIEROS BBM NOTICIAS de lunes a viernes 06:00 a 09:00 hrs de lunes a viernes <\/strong><\/p>\n\n\n\n<p class=\"wp-block-paragraph\"><strong>106.5 FM XHSCCK LA BRAVA y en facebbok bbmnoticias Oaxaca<\/strong><\/p>\n\n\n\n<p class=\"wp-block-paragraph\"><\/p>\n\n\n\n<p class=\"wp-block-paragraph\"><\/p>\n","protected":false},"excerpt":{"rendered":"<p>La LEYENDA CONTINUA\u2026 Al estilo de la famosa concentraci\u00f3n motera invernal que se celebra cada a\u00f1o en Cantalejo, Segovia, Espa\u00f1a, re\u00fane a miles de aficionados a las dos ruedas, as\u00ed se dieron cita miles en el domicilio del \u201cHOMBRE LEYENDA\u201d, Rodolfo COCO Le\u00f3n Arag\u00f3n, refrend\u00e1ndole el cari\u00f1o y apoyo para lo que se ofrezca. Despu\u00e9s [&hellip;]<\/p>\n","protected":false},"author":18,"featured_media":81251,"comment_status":"closed","ping_status":"open","sticky":false,"template":"","format":"standard","meta":{"footnotes":""},"categories":[950,2],"tags":[],"class_list":["post-81249","post","type-post","status-publish","format-standard","has-post-thumbnail","hentry","category-el-canto-del-buho","category-oaxaca"],"yoast_head":"<!-- This site is optimized with the Yoast SEO plugin v28.1 - https:\/\/yoast.com\/product\/yoast-seo-wordpress\/ -->\n<title>*La leyenda continua. Mas vivo que nunca. *Fuerza Ivette. Pedro BOTERO - LA BRAVA RADIO<\/title>\n<meta name=\"robots\" content=\"index, follow, max-snippet:-1, max-image-preview:large, max-video-preview:-1\" \/>\n<link rel=\"canonical\" href=\"https:\/\/www.bbmnoticias.com\/la-leyenda-continua-mas-vivo-que-nunca-fuerza-ivette-pedro-botero\/\" \/>\n<meta property=\"og:locale\" content=\"es_MX\" \/>\n<meta property=\"og:type\" content=\"article\" \/>\n<meta property=\"og:title\" content=\"*La leyenda continua. Mas vivo que nunca. *Fuerza Ivette. Pedro BOTERO - LA BRAVA RADIO\" \/>\n<meta property=\"og:description\" content=\"La LEYENDA CONTINUA\u2026 Al estilo de la famosa concentraci\u00f3n motera invernal que se celebra cada a\u00f1o en Cantalejo, Segovia, Espa\u00f1a, re\u00fane a miles de aficionados a las dos ruedas, as\u00ed se dieron cita miles en el domicilio del \u201cHOMBRE LEYENDA\u201d, Rodolfo COCO Le\u00f3n Arag\u00f3n, refrend\u00e1ndole el cari\u00f1o y apoyo para lo que se ofrezca. Despu\u00e9s [&hellip;]\" \/>\n<meta property=\"og:url\" content=\"https:\/\/www.bbmnoticias.com\/la-leyenda-continua-mas-vivo-que-nunca-fuerza-ivette-pedro-botero\/\" \/>\n<meta property=\"og:site_name\" content=\"LA BRAVA RADIO\" \/>\n<meta property=\"article:published_time\" content=\"2026-08-30T21:57:32+00:00\" \/>\n<meta property=\"article:modified_time\" content=\"2026-08-30T21:57:38+00:00\" \/>\n<meta property=\"og:image\" content=\"https:\/\/www.bbmnoticias.com\/labravaradiofm\/wp-content\/uploads\/sites\/5\/2026\/08\/elcanto5.jpg\" \/>\n\t<meta property=\"og:image:width\" content=\"750\" \/>\n\t<meta property=\"og:image:height\" content=\"415\" \/>\n\t<meta property=\"og:image:type\" content=\"image\/jpeg\" \/>\n<meta name=\"author\" content=\"Pedro Botero\" \/>\n<meta name=\"twitter:card\" content=\"summary_large_image\" \/>\n<meta name=\"twitter:label1\" content=\"Escrito por\" \/>\n\t<meta name=\"twitter:data1\" content=\"Pedro Botero\" \/>\n\t<meta name=\"twitter:label2\" content=\"Tiempo de lectura\" \/>\n\t<meta name=\"twitter:data2\" content=\"4 minutos\" \/>\n<script type=\"application\/ld+json\" class=\"yoast-schema-graph\">{\"@context\":\"https:\\\/\\\/schema.org\",\"@graph\":[{\"@type\":\"Article\",\"@id\":\"https:\\\/\\\/www.bbmnoticias.com\\\/la-leyenda-continua-mas-vivo-que-nunca-fuerza-ivette-pedro-botero\\\/#article\",\"isPartOf\":{\"@id\":\"https:\\\/\\\/www.bbmnoticias.com\\\/labravaradiofm\\\/2026\\\/08\\\/30\\\/la-leyenda-continua-mas-vivo-que-nunca-fuerza-ivette-pedro-botero\\\/\"},\"author\":{\"name\":\"Pedro Botero\",\"@id\":\"https:\\\/\\\/www.bbmnoticias.com\\\/labravaradiofm\\\/#\\\/schema\\\/person\\\/c841a04cc29e321ddfd55b1146c65c11\"},\"headline\":\"*La leyenda continua. Mas vivo que nunca. *Fuerza Ivette. Pedro BOTERO\",\"datePublished\":\"2026-08-30T21:57:32+00:00\",\"dateModified\":\"2026-08-30T21:57:38+00:00\",\"mainEntityOfPage\":{\"@id\":\"https:\\\/\\\/www.bbmnoticias.com\\\/labravaradiofm\\\/2026\\\/08\\\/30\\\/la-leyenda-continua-mas-vivo-que-nunca-fuerza-ivette-pedro-botero\\\/\"},\"wordCount\":793,\"image\":{\"@id\":\"https:\\\/\\\/www.bbmnoticias.com\\\/la-leyenda-continua-mas-vivo-que-nunca-fuerza-ivette-pedro-botero\\\/#primaryimage\"},\"thumbnailUrl\":\"https:\\\/\\\/www.bbmnoticias.com\\\/labravaradiofm\\\/wp-content\\\/uploads\\\/sites\\\/5\\\/2026\\\/08\\\/elcanto5.jpg\",\"articleSection\":[\"EL CANTO DEL B\u00daHO\",\"LOCAL\"],\"inLanguage\":\"es\"},{\"@type\":\"WebPage\",\"@id\":\"https:\\\/\\\/www.bbmnoticias.com\\\/labravaradiofm\\\/2026\\\/08\\\/30\\\/la-leyenda-continua-mas-vivo-que-nunca-fuerza-ivette-pedro-botero\\\/\",\"url\":\"https:\\\/\\\/www.bbmnoticias.com\\\/la-leyenda-continua-mas-vivo-que-nunca-fuerza-ivette-pedro-botero\\\/\",\"name\":\"*La leyenda continua. Mas vivo que nunca. *Fuerza Ivette. Pedro BOTERO - LA BRAVA RADIO\",\"isPartOf\":{\"@id\":\"https:\\\/\\\/www.bbmnoticias.com\\\/labravaradiofm\\\/#website\"},\"primaryImageOfPage\":{\"@id\":\"https:\\\/\\\/www.bbmnoticias.com\\\/la-leyenda-continua-mas-vivo-que-nunca-fuerza-ivette-pedro-botero\\\/#primaryimage\"},\"image\":{\"@id\":\"https:\\\/\\\/www.bbmnoticias.com\\\/la-leyenda-continua-mas-vivo-que-nunca-fuerza-ivette-pedro-botero\\\/#primaryimage\"},\"thumbnailUrl\":\"https:\\\/\\\/www.bbmnoticias.com\\\/labravaradiofm\\\/wp-content\\\/uploads\\\/sites\\\/5\\\/2026\\\/08\\\/elcanto5.jpg\",\"datePublished\":\"2026-08-30T21:57:32+00:00\",\"dateModified\":\"2026-08-30T21:57:38+00:00\",\"author\":{\"@id\":\"https:\\\/\\\/www.bbmnoticias.com\\\/labravaradiofm\\\/#\\\/schema\\\/person\\\/c841a04cc29e321ddfd55b1146c65c11\"},\"breadcrumb\":{\"@id\":\"https:\\\/\\\/www.bbmnoticias.com\\\/la-leyenda-continua-mas-vivo-que-nunca-fuerza-ivette-pedro-botero\\\/#breadcrumb\"},\"inLanguage\":\"es\",\"potentialAction\":[{\"@type\":\"ReadAction\",\"target\":[\"https:\\\/\\\/www.bbmnoticias.com\\\/la-leyenda-continua-mas-vivo-que-nunca-fuerza-ivette-pedro-botero\\\/\"]}]},{\"@type\":\"ImageObject\",\"inLanguage\":\"es\",\"@id\":\"https:\\\/\\\/www.bbmnoticias.com\\\/la-leyenda-continua-mas-vivo-que-nunca-fuerza-ivette-pedro-botero\\\/#primaryimage\",\"url\":\"https:\\\/\\\/www.bbmnoticias.com\\\/labravaradiofm\\\/wp-content\\\/uploads\\\/sites\\\/5\\\/2026\\\/08\\\/elcanto5.jpg\",\"contentUrl\":\"https:\\\/\\\/www.bbmnoticias.com\\\/labravaradiofm\\\/wp-content\\\/uploads\\\/sites\\\/5\\\/2026\\\/08\\\/elcanto5.jpg\",\"width\":750,\"height\":415},{\"@type\":\"BreadcrumbList\",\"@id\":\"https:\\\/\\\/www.bbmnoticias.com\\\/la-leyenda-continua-mas-vivo-que-nunca-fuerza-ivette-pedro-botero\\\/#breadcrumb\",\"itemListElement\":[{\"@type\":\"ListItem\",\"position\":1,\"name\":\"Inicio\",\"item\":\"https:\\\/\\\/www.bbmnoticias.com\\\/labravaradiofm\\\/\"},{\"@type\":\"ListItem\",\"position\":2,\"name\":\"*La leyenda continua. Mas vivo que nunca. *Fuerza Ivette. Pedro BOTERO\"}]},{\"@type\":\"WebSite\",\"@id\":\"https:\\\/\\\/www.bbmnoticias.com\\\/labravaradiofm\\\/#website\",\"url\":\"https:\\\/\\\/www.bbmnoticias.com\\\/labravaradiofm\\\/\",\"name\":\"LA BRAVA RADIO\",\"description\":\"Empresa productora de medios, Radiodifusi\u00f3n, Noticias, tendencias y todo lo que necesitas saber de la pol\u00edtica mexicana e internacional; entretenimiento, espect\u00e1culos, salud y mucho m\u00e1s.\",\"potentialAction\":[{\"@type\":\"SearchAction\",\"target\":{\"@type\":\"EntryPoint\",\"urlTemplate\":\"https:\\\/\\\/www.bbmnoticias.com\\\/labravaradiofm\\\/?s={search_term_string}\"},\"query-input\":{\"@type\":\"PropertyValueSpecification\",\"valueRequired\":true,\"valueName\":\"search_term_string\"}}],\"inLanguage\":\"es\"},{\"@type\":\"Person\",\"@id\":\"https:\\\/\\\/www.bbmnoticias.com\\\/labravaradiofm\\\/#\\\/schema\\\/person\\\/c841a04cc29e321ddfd55b1146c65c11\",\"name\":\"Pedro Botero\",\"image\":{\"@type\":\"ImageObject\",\"inLanguage\":\"es\",\"@id\":\"https:\\\/\\\/secure.gravatar.com\\\/avatar\\\/3e1604f74223697b158b4f0509f030050c1609806bd1c24b9ac5d9759b30b353?s=96&d=mm&r=g\",\"url\":\"https:\\\/\\\/secure.gravatar.com\\\/avatar\\\/3e1604f74223697b158b4f0509f030050c1609806bd1c24b9ac5d9759b30b353?s=96&d=mm&r=g\",\"contentUrl\":\"https:\\\/\\\/secure.gravatar.com\\\/avatar\\\/3e1604f74223697b158b4f0509f030050c1609806bd1c24b9ac5d9759b30b353?s=96&d=mm&r=g\",\"caption\":\"Pedro Botero\"},\"sameAs\":[\"http:\\\/\\\/www.bbmnoticias.com\"],\"url\":\"https:\\\/\\\/www.bbmnoticias.com\\\/labravaradiofm\\\/author\\\/pedrobotero\\\/\"}]}<\/script>\n<!-- \/ Yoast SEO plugin. -->","yoast_head_json":{"title":"*La leyenda continua. Mas vivo que nunca. *Fuerza Ivette. Pedro BOTERO - LA BRAVA RADIO","robots":{"index":"index","follow":"follow","max-snippet":"max-snippet:-1","max-image-preview":"max-image-preview:large","max-video-preview":"max-video-preview:-1"},"canonical":"https:\/\/www.bbmnoticias.com\/la-leyenda-continua-mas-vivo-que-nunca-fuerza-ivette-pedro-botero\/","og_locale":"es_MX","og_type":"article","og_title":"*La leyenda continua. Mas vivo que nunca. *Fuerza Ivette. Pedro BOTERO - LA BRAVA RADIO","og_description":"La LEYENDA CONTINUA\u2026 Al estilo de la famosa concentraci\u00f3n motera invernal que se celebra cada a\u00f1o en Cantalejo, Segovia, Espa\u00f1a, re\u00fane a miles de aficionados a las dos ruedas, as\u00ed se dieron cita miles en el domicilio del \u201cHOMBRE LEYENDA\u201d, Rodolfo COCO Le\u00f3n Arag\u00f3n, refrend\u00e1ndole el cari\u00f1o y apoyo para lo que se ofrezca. Despu\u00e9s [&hellip;]","og_url":"https:\/\/www.bbmnoticias.com\/la-leyenda-continua-mas-vivo-que-nunca-fuerza-ivette-pedro-botero\/","og_site_name":"LA BRAVA RADIO","article_published_time":"2026-08-30T21:57:32+00:00","article_modified_time":"2026-08-30T21:57:38+00:00","og_image":[{"width":750,"height":415,"url":"https:\/\/www.bbmnoticias.com\/labravaradiofm\/wp-content\/uploads\/sites\/5\/2026\/08\/elcanto5.jpg","type":"image\/jpeg"}],"author":"Pedro Botero","twitter_card":"summary_large_image","twitter_misc":{"Escrito por":"Pedro Botero","Tiempo de lectura":"4 minutos"},"schema":{"@context":"https:\/\/schema.org","@graph":[{"@type":"Article","@id":"https:\/\/www.bbmnoticias.com\/la-leyenda-continua-mas-vivo-que-nunca-fuerza-ivette-pedro-botero\/#article","isPartOf":{"@id":"https:\/\/www.bbmnoticias.com\/labravaradiofm\/2026\/08\/30\/la-leyenda-continua-mas-vivo-que-nunca-fuerza-ivette-pedro-botero\/"},"author":{"name":"Pedro Botero","@id":"https:\/\/www.bbmnoticias.com\/labravaradiofm\/#\/schema\/person\/c841a04cc29e321ddfd55b1146c65c11"},"headline":"*La leyenda continua. Mas vivo que nunca. *Fuerza Ivette. Pedro BOTERO","datePublished":"2026-08-30T21:57:32+00:00","dateModified":"2026-08-30T21:57:38+00:00","mainEntityOfPage":{"@id":"https:\/\/www.bbmnoticias.com\/labravaradiofm\/2026\/08\/30\/la-leyenda-continua-mas-vivo-que-nunca-fuerza-ivette-pedro-botero\/"},"wordCount":793,"image":{"@id":"https:\/\/www.bbmnoticias.com\/la-leyenda-continua-mas-vivo-que-nunca-fuerza-ivette-pedro-botero\/#primaryimage"},"thumbnailUrl":"https:\/\/www.bbmnoticias.com\/labravaradiofm\/wp-content\/uploads\/sites\/5\/2026\/08\/elcanto5.jpg","articleSection":["EL CANTO DEL B\u00daHO","LOCAL"],"inLanguage":"es"},{"@type":"WebPage","@id":"https:\/\/www.bbmnoticias.com\/labravaradiofm\/2026\/08\/30\/la-leyenda-continua-mas-vivo-que-nunca-fuerza-ivette-pedro-botero\/","url":"https:\/\/www.bbmnoticias.com\/la-leyenda-continua-mas-vivo-que-nunca-fuerza-ivette-pedro-botero\/","name":"*La leyenda continua. Mas vivo que nunca. *Fuerza Ivette. Pedro BOTERO - LA BRAVA RADIO","isPartOf":{"@id":"https:\/\/www.bbmnoticias.com\/labravaradiofm\/#website"},"primaryImageOfPage":{"@id":"https:\/\/www.bbmnoticias.com\/la-leyenda-continua-mas-vivo-que-nunca-fuerza-ivette-pedro-botero\/#primaryimage"},"image":{"@id":"https:\/\/www.bbmnoticias.com\/la-leyenda-continua-mas-vivo-que-nunca-fuerza-ivette-pedro-botero\/#primaryimage"},"thumbnailUrl":"https:\/\/www.bbmnoticias.com\/labravaradiofm\/wp-content\/uploads\/sites\/5\/2026\/08\/elcanto5.jpg","datePublished":"2026-08-30T21:57:32+00:00","dateModified":"2026-08-30T21:57:38+00:00","author":{"@id":"https:\/\/www.bbmnoticias.com\/labravaradiofm\/#\/schema\/person\/c841a04cc29e321ddfd55b1146c65c11"},"breadcrumb":{"@id":"https:\/\/www.bbmnoticias.com\/la-leyenda-continua-mas-vivo-que-nunca-fuerza-ivette-pedro-botero\/#breadcrumb"},"inLanguage":"es","potentialAction":[{"@type":"ReadAction","target":["https:\/\/www.bbmnoticias.com\/la-leyenda-continua-mas-vivo-que-nunca-fuerza-ivette-pedro-botero\/"]}]},{"@type":"ImageObject","inLanguage":"es","@id":"https:\/\/www.bbmnoticias.com\/la-leyenda-continua-mas-vivo-que-nunca-fuerza-ivette-pedro-botero\/#primaryimage","url":"https:\/\/www.bbmnoticias.com\/labravaradiofm\/wp-content\/uploads\/sites\/5\/2026\/08\/elcanto5.jpg","contentUrl":"https:\/\/www.bbmnoticias.com\/labravaradiofm\/wp-content\/uploads\/sites\/5\/2026\/08\/elcanto5.jpg","width":750,"height":415},{"@type":"BreadcrumbList","@id":"https:\/\/www.bbmnoticias.com\/la-leyenda-continua-mas-vivo-que-nunca-fuerza-ivette-pedro-botero\/#breadcrumb","itemListElement":[{"@type":"ListItem","position":1,"name":"Inicio","item":"https:\/\/www.bbmnoticias.com\/labravaradiofm\/"},{"@type":"ListItem","position":2,"name":"*La leyenda continua. Mas vivo que nunca. *Fuerza Ivette. Pedro BOTERO"}]},{"@type":"WebSite","@id":"https:\/\/www.bbmnoticias.com\/labravaradiofm\/#website","url":"https:\/\/www.bbmnoticias.com\/labravaradiofm\/","name":"LA BRAVA RADIO","description":"Empresa productora de medios, Radiodifusi\u00f3n, Noticias, tendencias y todo lo que necesitas saber de la pol\u00edtica mexicana e internacional; entretenimiento, espect\u00e1culos, salud y mucho m\u00e1s.","potentialAction":[{"@type":"SearchAction","target":{"@type":"EntryPoint","urlTemplate":"https:\/\/www.bbmnoticias.com\/labravaradiofm\/?s={search_term_string}"},"query-input":{"@type":"PropertyValueSpecification","valueRequired":true,"valueName":"search_term_string"}}],"inLanguage":"es"},{"@type":"Person","@id":"https:\/\/www.bbmnoticias.com\/labravaradiofm\/#\/schema\/person\/c841a04cc29e321ddfd55b1146c65c11","name":"Pedro Botero","image":{"@type":"ImageObject","inLanguage":"es","@id":"https:\/\/secure.gravatar.com\/avatar\/3e1604f74223697b158b4f0509f030050c1609806bd1c24b9ac5d9759b30b353?s=96&d=mm&r=g","url":"https:\/\/secure.gravatar.com\/avatar\/3e1604f74223697b158b4f0509f030050c1609806bd1c24b9ac5d9759b30b353?s=96&d=mm&r=g","contentUrl":"https:\/\/secure.gravatar.com\/avatar\/3e1604f74223697b158b4f0509f030050c1609806bd1c24b9ac5d9759b30b353?s=96&d=mm&r=g","caption":"Pedro Botero"},"sameAs":["http:\/\/www.bbmnoticias.com"],"url":"https:\/\/www.bbmnoticias.com\/labravaradiofm\/author\/pedrobotero\/"}]}},"_links":{"self":[{"href":"https:\/\/www.bbmnoticias.com\/labravaradiofm\/wp-json\/wp\/v2\/posts\/81249","targetHints":{"allow":["GET"]}}],"collection":[{"href":"https:\/\/www.bbmnoticias.com\/labravaradiofm\/wp-json\/wp\/v2\/posts"}],"about":[{"href":"https:\/\/www.bbmnoticias.com\/labravaradiofm\/wp-json\/wp\/v2\/types\/post"}],"author":[{"embeddable":true,"href":"https:\/\/www.bbmnoticias.com\/labravaradiofm\/wp-json\/wp\/v2\/users\/18"}],"replies":[{"embeddable":true,"href":"https:\/\/www.bbmnoticias.com\/labravaradiofm\/wp-json\/wp\/v2\/comments?post=81249"}],"version-history":[{"count":1,"href":"https:\/\/www.bbmnoticias.com\/labravaradiofm\/wp-json\/wp\/v2\/posts\/81249\/revisions"}],"predecessor-version":[{"id":81250,"href":"https:\/\/www.bbmnoticias.com\/labravaradiofm\/wp-json\/wp\/v2\/posts\/81249\/revisions\/81250"}],"wp:featuredmedia":[{"embeddable":true,"href":"https:\/\/www.bbmnoticias.com\/labravaradiofm\/wp-json\/wp\/v2\/media\/81251"}],"wp:attachment":[{"href":"https:\/\/www.bbmnoticias.com\/labravaradiofm\/wp-json\/wp\/v2\/media?parent=81249"}],"wp:term":[{"taxonomy":"category","embeddable":true,"href":"https:\/\/www.bbmnoticias.com\/labravaradiofm\/wp-json\/wp\/v2\/categories?post=81249"},{"taxonomy":"post_tag","embeddable":true,"href":"https:\/\/www.bbmnoticias.com\/labravaradiofm\/wp-json\/wp\/v2\/tags?post=81249"}],"curies":[{"name":"wp","href":"https:\/\/api.w.org\/{rel}","templated":true}]}}