{"id":81237,"date":"2026-08-28T18:29:09","date_gmt":"2026-08-29T00:29:09","guid":{"rendered":"https:\/\/www.bbmnoticias.com\/labravaradiofm\/2026\/08\/28\/morena-minimiza-alcance-de-iniciativa-contra-doble-nacionalidad\/"},"modified":"2026-08-28T18:29:13","modified_gmt":"2026-08-29T00:29:13","slug":"morena-minimiza-alcance-de-iniciativa-contra-doble-nacionalidad","status":"publish","type":"post","link":"https:\/\/www.bbmnoticias.com\/labravaradiofm\/2026\/08\/28\/morena-minimiza-alcance-de-iniciativa-contra-doble-nacionalidad\/","title":{"rendered":"Morena minimiza alcance de iniciativa contra doble nacionalidad"},"content":{"rendered":"\n<p class=\"wp-block-paragraph\">La diputada federal de Morena, Dolores Padierna, minimiz\u00f3 el alcance de la reforma para impedir que <strong>personas con doble nacionalidad ocupen la Presidencia de la Rep\u00fablica,<\/strong> gubernaturas o la Jefatura de Gobierno.<\/p>\n\n\n\n<p class=\"wp-block-paragraph\">Asegur\u00f3 que, de aprobarse, la modificaci\u00f3n a los art\u00edculos 82, 116 y 122 de la Constituci\u00f3n Pol\u00edtica de los Estados Unidos Mexicanos no afectar\u00e1 a millones de mexicanos en el extranjero que cuentan con una segunda nacionalidad, <strong>sino a \u201cunas tres o cinco personas\u201d que se encuentran en esta condici\u00f3n,<\/strong> dijo sin dar nombres.<\/p>\n\n\n\n<h3 class=\"wp-block-heading\">Son excepcionales, son tres, cinco personas que realmente tienen doble nacionalidad y podr\u00edan aspirar a ser presidentes de la Rep\u00fablica para el 2030\u201d, recalc\u00f3.<\/h3>\n\n\n\n<p class=\"wp-block-paragraph\">En entrevista con Exc\u00e9lsior, luego de presentar la nueva edici\u00f3n del libro \u201cFidel, el imaginario mexicano\u201d, Padierna Luna sostuvo que la <strong>doble nacionalidad permanecer\u00e1 como un derecho constitucional<\/strong>; sin embargo, la restricci\u00f3n se aplicar\u00eda \u00fanicamente a quienes aspiren a ocupar los principales cargos de elecci\u00f3n en el pa\u00eds.<\/p>\n\n\n\n<p class=\"wp-block-paragraph\">La vicecoordinadora de la bancada de Morena en San L\u00e1zaro justific\u00f3 la medida bajo el argumento de <strong>evitar conflictos de inter\u00e9s en el ejercicio del poder.<\/strong><\/p>\n\n\n\n<h3 class=\"wp-block-heading\">Quien quiera gobernar su estado, cualquiera de los 31 estados, o la Jefatura de Gobierno, tiene que ser mexicano por un asunto de conflicto de inter\u00e9s. No puede haber doble inter\u00e9s. Se tiene que gobernar para nuestro pa\u00eds, para los mexicanos, defender siempre el inter\u00e9s nacional y el inter\u00e9s del pueblo de M\u00e9xico. No puede haber otro inter\u00e9s que ese\u201d, agreg\u00f3.<\/h3>\n\n\n\n<p class=\"wp-block-paragraph\">Cuestionada sobre si la propuesta tiene dedicatoria para una persona en espec\u00edfico, entre ellos el <strong>exgobernador de Tamaulipas, Francisco Javier Garc\u00eda Cabeza de <\/strong>Vaca o alg\u00fan gobernador o gobernadora de estados fronterizos, Dolores Padierna enfatiz\u00f3 que no se trata de un \u201cveto personal para nadie\u201d.<\/p>\n\n\n\n<p class=\"wp-block-paragraph\">Sin embargo, reconoci\u00f3 que s\u00ed tendr\u00eda <strong>consecuencias para quien cuente con doble nacionalidad<\/strong> y busque competir por la Presidencia.<\/p>\n\n\n\n<p class=\"wp-block-paragraph\">Se refiri\u00f3 al caso de <strong>Maru Campos<\/strong>, quien en 2022 fue se\u00f1alada por el exgobernador Javier Corral, <strong>de tener nacionalidad estadounidense<\/strong>, lo que fue desmentido por la actual gobernadora panista de Chihuahua.&nbsp;<\/p>\n\n\n\n<h3 class=\"wp-block-heading\">No tiene dedicatoria a Maru Campos, tiene dedicatoria a quien quiera ser presidente o presidenta y tenga que renunciar a la otra nacionalidad. Aqu\u00ed queremos mexicanos de mil por ciento\u201d, remat\u00f3 Dolores Padierna.<\/h3>\n\n\n\n<p class=\"wp-block-paragraph\">La iniciativa, anunciada por la presidenta Claudia Sheinbaum, se espera que sea enviada al Congreso <strong>al inicio del periodo ordinario de sesiones<\/strong>, el pr\u00f3ximo 1 de septiembre y sea analizada de manera prioritaria.<\/p>\n\n\n\n<h2 class=\"wp-block-heading\">Morena alista agenda de m\u00e1s de 30 iniciativas<\/h2>\n\n\n\n<p class=\"wp-block-paragraph\">Dolores Padierna adelant\u00f3 que la bancada de Morena llegar\u00e1 a su reuni\u00f3n plenaria del pr\u00f3ximo domingo 30 de agosto con una <strong>agenda legislativa \u201cimpresionantemente fuerte\u201d,<\/strong> en la que se definir\u00e1n las prioridades para el nuevo periodo de sesiones.<\/p>\n\n\n\n<p class=\"wp-block-paragraph\">La legisladora explic\u00f3 que los diputados comenzar\u00e1n con las iniciativas que ya fueron estudiadas durante la Comisi\u00f3n Permanente, posteriormente <strong>incorporar\u00e1n nuevas propuestas presidenciales,<\/strong> entre ellas, la de la doble nacionalidad.<\/p>\n\n\n\n<p class=\"wp-block-paragraph\">Detall\u00f3 que entre los temas que perfilan para el periodo se encuentra la <strong>legislaci\u00f3n sobre bienestar animal, <\/strong>que lleva cuatro d\u00e9cadas pendiente; la reforma en materia <strong>de pueblos y comunidades ind\u00edgenas y afromexicanas,<\/strong> actualmente en consulta; una iniciativa para proteger a ni\u00f1as, ni\u00f1os y adolescentes de <strong>contenidos no aptos y otros riesgos en redes sociales.<\/strong><\/p>\n\n\n\n<h3 class=\"wp-block-heading\">Vamos a obligar a las plataformas para que pongan todo lo que tengan que hacer para proteger a nuestra ni\u00f1ez y adolescencia\u201d, sostuvo.<\/h3>\n\n\n\n<p class=\"wp-block-paragraph\">A la plenaria, que se realizar\u00e1 en la sede del Palacio Legislativo de San L\u00e1zaro, acudir\u00e1n funcionarios del gobierno federal para <strong>presentar propuestas y definir l\u00edneas de acci\u00f3n.<\/strong><\/p>\n\n\n\n<p class=\"wp-block-paragraph\">Est\u00e1 prevista la participaci\u00f3n de los secretarios de Gobernaci\u00f3n, Rosa Icela Rodr\u00edguez; de Econom\u00eda, Marcelo Ebrard; de Relaciones Exteriores, Roberto Velasco y de Hacienda, Edgar Amador Zamora, quien <strong>expondr\u00e1 los alcances del paquete econ\u00f3mico<\/strong> que el Ejecutivo entregar\u00e1 al Congreso el 8 de septiembre.<\/p>\n\n\n\n<p class=\"wp-block-paragraph\">Tambi\u00e9n participar\u00e1 la consejera jur\u00eddica de la Presidencia, Luisa Mar\u00eda Alcalde, para revisar el <strong>paquete de iniciativas que prepara el gobierno federal<\/strong>.<\/p>\n\n\n\n<p class=\"wp-block-paragraph\">Padierna tambi\u00e9n mencion\u00f3 como parte de la agenda el an\u00e1lisis del Tratado entre M\u00e9xico, Estados Unidos y Canad\u00e1 y las <strong>condiciones comerciales con sus socios de Am\u00e9rica del Norte<\/strong>.<\/p>\n","protected":false},"excerpt":{"rendered":"<p>La diputada federal de Morena, Dolores Padierna, minimiz\u00f3 el alcance de la reforma para impedir que personas con doble nacionalidad ocupen la Presidencia de la Rep\u00fablica, gubernaturas o la Jefatura de Gobierno. Asegur\u00f3 que, de aprobarse, la modificaci\u00f3n a los art\u00edculos 82, 116 y 122 de la Constituci\u00f3n Pol\u00edtica de los Estados Unidos Mexicanos no [&hellip;]<\/p>\n","protected":false},"author":8,"featured_media":81239,"comment_status":"closed","ping_status":"open","sticky":false,"template":"","format":"standard","meta":{"footnotes":""},"categories":[2,19],"tags":[],"class_list":["post-81237","post","type-post","status-publish","format-standard","has-post-thumbnail","hentry","category-oaxaca","category-nacional"],"yoast_head":"<!-- This site is optimized with the Yoast SEO plugin v28.1 - https:\/\/yoast.com\/product\/yoast-seo-wordpress\/ -->\n<title>Morena minimiza alcance de iniciativa contra doble nacionalidad - LA BRAVA RADIO<\/title>\n<meta name=\"robots\" content=\"index, follow, max-snippet:-1, max-image-preview:large, max-video-preview:-1\" \/>\n<link rel=\"canonical\" href=\"https:\/\/www.bbmnoticias.com\/morena-minimiza-alcance-de-iniciativa-contra-doble-nacionalidad\/\" \/>\n<meta property=\"og:locale\" content=\"es_MX\" \/>\n<meta property=\"og:type\" content=\"article\" \/>\n<meta property=\"og:title\" content=\"Morena minimiza alcance de iniciativa contra doble nacionalidad - LA BRAVA RADIO\" \/>\n<meta property=\"og:description\" content=\"La diputada federal de Morena, Dolores Padierna, minimiz\u00f3 el alcance de la reforma para impedir que personas con doble nacionalidad ocupen la Presidencia de la Rep\u00fablica, gubernaturas o la Jefatura de Gobierno. Asegur\u00f3 que, de aprobarse, la modificaci\u00f3n a los art\u00edculos 82, 116 y 122 de la Constituci\u00f3n Pol\u00edtica de los Estados Unidos Mexicanos no [&hellip;]\" \/>\n<meta property=\"og:url\" content=\"https:\/\/www.bbmnoticias.com\/morena-minimiza-alcance-de-iniciativa-contra-doble-nacionalidad\/\" \/>\n<meta property=\"og:site_name\" content=\"LA BRAVA RADIO\" \/>\n<meta property=\"article:published_time\" content=\"2026-08-29T00:29:09+00:00\" \/>\n<meta property=\"article:modified_time\" content=\"2026-08-29T00:29:13+00:00\" \/>\n<meta property=\"og:image\" content=\"https:\/\/www.bbmnoticias.com\/labravaradiofm\/wp-content\/uploads\/sites\/5\/2026\/08\/66652.jpg\" \/>\n\t<meta property=\"og:image:width\" content=\"765\" \/>\n\t<meta property=\"og:image:height\" content=\"501\" \/>\n\t<meta property=\"og:image:type\" content=\"image\/jpeg\" \/>\n<meta name=\"author\" content=\"Exc\u00e9lsior\" \/>\n<meta name=\"twitter:card\" content=\"summary_large_image\" \/>\n<meta name=\"twitter:label1\" content=\"Escrito por\" \/>\n\t<meta name=\"twitter:data1\" content=\"Exc\u00e9lsior\" \/>\n\t<meta name=\"twitter:label2\" content=\"Tiempo de lectura\" \/>\n\t<meta name=\"twitter:data2\" content=\"4 minutos\" \/>\n<script type=\"application\/ld+json\" class=\"yoast-schema-graph\">{\"@context\":\"https:\\\/\\\/schema.org\",\"@graph\":[{\"@type\":\"Article\",\"@id\":\"https:\\\/\\\/www.bbmnoticias.com\\\/morena-minimiza-alcance-de-iniciativa-contra-doble-nacionalidad\\\/#article\",\"isPartOf\":{\"@id\":\"https:\\\/\\\/www.bbmnoticias.com\\\/labravaradiofm\\\/2026\\\/08\\\/28\\\/morena-minimiza-alcance-de-iniciativa-contra-doble-nacionalidad\\\/\"},\"author\":{\"name\":\"Exc\u00e9lsior\",\"@id\":\"https:\\\/\\\/www.bbmnoticias.com\\\/labravaradiofm\\\/#\\\/schema\\\/person\\\/92571928210861b7374edfc7068926ba\"},\"headline\":\"Morena minimiza alcance de iniciativa contra doble nacionalidad\",\"datePublished\":\"2026-08-29T00:29:09+00:00\",\"dateModified\":\"2026-08-29T00:29:13+00:00\",\"mainEntityOfPage\":{\"@id\":\"https:\\\/\\\/www.bbmnoticias.com\\\/labravaradiofm\\\/2026\\\/08\\\/28\\\/morena-minimiza-alcance-de-iniciativa-contra-doble-nacionalidad\\\/\"},\"wordCount\":741,\"image\":{\"@id\":\"https:\\\/\\\/www.bbmnoticias.com\\\/morena-minimiza-alcance-de-iniciativa-contra-doble-nacionalidad\\\/#primaryimage\"},\"thumbnailUrl\":\"https:\\\/\\\/www.bbmnoticias.com\\\/labravaradiofm\\\/wp-content\\\/uploads\\\/sites\\\/5\\\/2026\\\/08\\\/66652.jpg\",\"articleSection\":[\"LOCAL\",\"NACIONAL\"],\"inLanguage\":\"es\"},{\"@type\":\"WebPage\",\"@id\":\"https:\\\/\\\/www.bbmnoticias.com\\\/labravaradiofm\\\/2026\\\/08\\\/28\\\/morena-minimiza-alcance-de-iniciativa-contra-doble-nacionalidad\\\/\",\"url\":\"https:\\\/\\\/www.bbmnoticias.com\\\/morena-minimiza-alcance-de-iniciativa-contra-doble-nacionalidad\\\/\",\"name\":\"Morena minimiza alcance de iniciativa contra doble nacionalidad - LA BRAVA RADIO\",\"isPartOf\":{\"@id\":\"https:\\\/\\\/www.bbmnoticias.com\\\/labravaradiofm\\\/#website\"},\"primaryImageOfPage\":{\"@id\":\"https:\\\/\\\/www.bbmnoticias.com\\\/morena-minimiza-alcance-de-iniciativa-contra-doble-nacionalidad\\\/#primaryimage\"},\"image\":{\"@id\":\"https:\\\/\\\/www.bbmnoticias.com\\\/morena-minimiza-alcance-de-iniciativa-contra-doble-nacionalidad\\\/#primaryimage\"},\"thumbnailUrl\":\"https:\\\/\\\/www.bbmnoticias.com\\\/labravaradiofm\\\/wp-content\\\/uploads\\\/sites\\\/5\\\/2026\\\/08\\\/66652.jpg\",\"datePublished\":\"2026-08-29T00:29:09+00:00\",\"dateModified\":\"2026-08-29T00:29:13+00:00\",\"author\":{\"@id\":\"https:\\\/\\\/www.bbmnoticias.com\\\/labravaradiofm\\\/#\\\/schema\\\/person\\\/92571928210861b7374edfc7068926ba\"},\"breadcrumb\":{\"@id\":\"https:\\\/\\\/www.bbmnoticias.com\\\/morena-minimiza-alcance-de-iniciativa-contra-doble-nacionalidad\\\/#breadcrumb\"},\"inLanguage\":\"es\",\"potentialAction\":[{\"@type\":\"ReadAction\",\"target\":[\"https:\\\/\\\/www.bbmnoticias.com\\\/morena-minimiza-alcance-de-iniciativa-contra-doble-nacionalidad\\\/\"]}]},{\"@type\":\"ImageObject\",\"inLanguage\":\"es\",\"@id\":\"https:\\\/\\\/www.bbmnoticias.com\\\/morena-minimiza-alcance-de-iniciativa-contra-doble-nacionalidad\\\/#primaryimage\",\"url\":\"https:\\\/\\\/www.bbmnoticias.com\\\/labravaradiofm\\\/wp-content\\\/uploads\\\/sites\\\/5\\\/2026\\\/08\\\/66652.jpg\",\"contentUrl\":\"https:\\\/\\\/www.bbmnoticias.com\\\/labravaradiofm\\\/wp-content\\\/uploads\\\/sites\\\/5\\\/2026\\\/08\\\/66652.jpg\",\"width\":765,\"height\":501},{\"@type\":\"BreadcrumbList\",\"@id\":\"https:\\\/\\\/www.bbmnoticias.com\\\/morena-minimiza-alcance-de-iniciativa-contra-doble-nacionalidad\\\/#breadcrumb\",\"itemListElement\":[{\"@type\":\"ListItem\",\"position\":1,\"name\":\"Inicio\",\"item\":\"https:\\\/\\\/www.bbmnoticias.com\\\/labravaradiofm\\\/\"},{\"@type\":\"ListItem\",\"position\":2,\"name\":\"Morena minimiza alcance de iniciativa contra doble nacionalidad\"}]},{\"@type\":\"WebSite\",\"@id\":\"https:\\\/\\\/www.bbmnoticias.com\\\/labravaradiofm\\\/#website\",\"url\":\"https:\\\/\\\/www.bbmnoticias.com\\\/labravaradiofm\\\/\",\"name\":\"LA BRAVA RADIO\",\"description\":\"Empresa productora de medios, Radiodifusi\u00f3n, Noticias, tendencias y todo lo que necesitas saber de la pol\u00edtica mexicana e internacional; entretenimiento, espect\u00e1culos, salud y mucho m\u00e1s.\",\"potentialAction\":[{\"@type\":\"SearchAction\",\"target\":{\"@type\":\"EntryPoint\",\"urlTemplate\":\"https:\\\/\\\/www.bbmnoticias.com\\\/labravaradiofm\\\/?s={search_term_string}\"},\"query-input\":{\"@type\":\"PropertyValueSpecification\",\"valueRequired\":true,\"valueName\":\"search_term_string\"}}],\"inLanguage\":\"es\"},{\"@type\":\"Person\",\"@id\":\"https:\\\/\\\/www.bbmnoticias.com\\\/labravaradiofm\\\/#\\\/schema\\\/person\\\/92571928210861b7374edfc7068926ba\",\"name\":\"Exc\u00e9lsior\",\"image\":{\"@type\":\"ImageObject\",\"inLanguage\":\"es\",\"@id\":\"https:\\\/\\\/secure.gravatar.com\\\/avatar\\\/497265c4dbe1cd0e2f3f1b19aba0f5779c7f95d09e139a5b83c1ecd47b4e780d?s=96&d=mm&r=g\",\"url\":\"https:\\\/\\\/secure.gravatar.com\\\/avatar\\\/497265c4dbe1cd0e2f3f1b19aba0f5779c7f95d09e139a5b83c1ecd47b4e780d?s=96&d=mm&r=g\",\"contentUrl\":\"https:\\\/\\\/secure.gravatar.com\\\/avatar\\\/497265c4dbe1cd0e2f3f1b19aba0f5779c7f95d09e139a5b83c1ecd47b4e780d?s=96&d=mm&r=g\",\"caption\":\"Exc\u00e9lsior\"},\"url\":\"https:\\\/\\\/www.bbmnoticias.com\\\/labravaradiofm\\\/author\\\/excelsior\\\/\"}]}<\/script>\n<!-- \/ Yoast SEO plugin. -->","yoast_head_json":{"title":"Morena minimiza alcance de iniciativa contra doble nacionalidad - LA BRAVA RADIO","robots":{"index":"index","follow":"follow","max-snippet":"max-snippet:-1","max-image-preview":"max-image-preview:large","max-video-preview":"max-video-preview:-1"},"canonical":"https:\/\/www.bbmnoticias.com\/morena-minimiza-alcance-de-iniciativa-contra-doble-nacionalidad\/","og_locale":"es_MX","og_type":"article","og_title":"Morena minimiza alcance de iniciativa contra doble nacionalidad - LA BRAVA RADIO","og_description":"La diputada federal de Morena, Dolores Padierna, minimiz\u00f3 el alcance de la reforma para impedir que personas con doble nacionalidad ocupen la Presidencia de la Rep\u00fablica, gubernaturas o la Jefatura de Gobierno. Asegur\u00f3 que, de aprobarse, la modificaci\u00f3n a los art\u00edculos 82, 116 y 122 de la Constituci\u00f3n Pol\u00edtica de los Estados Unidos Mexicanos no [&hellip;]","og_url":"https:\/\/www.bbmnoticias.com\/morena-minimiza-alcance-de-iniciativa-contra-doble-nacionalidad\/","og_site_name":"LA BRAVA RADIO","article_published_time":"2026-08-29T00:29:09+00:00","article_modified_time":"2026-08-29T00:29:13+00:00","og_image":[{"width":765,"height":501,"url":"https:\/\/www.bbmnoticias.com\/labravaradiofm\/wp-content\/uploads\/sites\/5\/2026\/08\/66652.jpg","type":"image\/jpeg"}],"author":"Exc\u00e9lsior","twitter_card":"summary_large_image","twitter_misc":{"Escrito por":"Exc\u00e9lsior","Tiempo de lectura":"4 minutos"},"schema":{"@context":"https:\/\/schema.org","@graph":[{"@type":"Article","@id":"https:\/\/www.bbmnoticias.com\/morena-minimiza-alcance-de-iniciativa-contra-doble-nacionalidad\/#article","isPartOf":{"@id":"https:\/\/www.bbmnoticias.com\/labravaradiofm\/2026\/08\/28\/morena-minimiza-alcance-de-iniciativa-contra-doble-nacionalidad\/"},"author":{"name":"Exc\u00e9lsior","@id":"https:\/\/www.bbmnoticias.com\/labravaradiofm\/#\/schema\/person\/92571928210861b7374edfc7068926ba"},"headline":"Morena minimiza alcance de iniciativa contra doble nacionalidad","datePublished":"2026-08-29T00:29:09+00:00","dateModified":"2026-08-29T00:29:13+00:00","mainEntityOfPage":{"@id":"https:\/\/www.bbmnoticias.com\/labravaradiofm\/2026\/08\/28\/morena-minimiza-alcance-de-iniciativa-contra-doble-nacionalidad\/"},"wordCount":741,"image":{"@id":"https:\/\/www.bbmnoticias.com\/morena-minimiza-alcance-de-iniciativa-contra-doble-nacionalidad\/#primaryimage"},"thumbnailUrl":"https:\/\/www.bbmnoticias.com\/labravaradiofm\/wp-content\/uploads\/sites\/5\/2026\/08\/66652.jpg","articleSection":["LOCAL","NACIONAL"],"inLanguage":"es"},{"@type":"WebPage","@id":"https:\/\/www.bbmnoticias.com\/labravaradiofm\/2026\/08\/28\/morena-minimiza-alcance-de-iniciativa-contra-doble-nacionalidad\/","url":"https:\/\/www.bbmnoticias.com\/morena-minimiza-alcance-de-iniciativa-contra-doble-nacionalidad\/","name":"Morena minimiza alcance de iniciativa contra doble nacionalidad - LA BRAVA RADIO","isPartOf":{"@id":"https:\/\/www.bbmnoticias.com\/labravaradiofm\/#website"},"primaryImageOfPage":{"@id":"https:\/\/www.bbmnoticias.com\/morena-minimiza-alcance-de-iniciativa-contra-doble-nacionalidad\/#primaryimage"},"image":{"@id":"https:\/\/www.bbmnoticias.com\/morena-minimiza-alcance-de-iniciativa-contra-doble-nacionalidad\/#primaryimage"},"thumbnailUrl":"https:\/\/www.bbmnoticias.com\/labravaradiofm\/wp-content\/uploads\/sites\/5\/2026\/08\/66652.jpg","datePublished":"2026-08-29T00:29:09+00:00","dateModified":"2026-08-29T00:29:13+00:00","author":{"@id":"https:\/\/www.bbmnoticias.com\/labravaradiofm\/#\/schema\/person\/92571928210861b7374edfc7068926ba"},"breadcrumb":{"@id":"https:\/\/www.bbmnoticias.com\/morena-minimiza-alcance-de-iniciativa-contra-doble-nacionalidad\/#breadcrumb"},"inLanguage":"es","potentialAction":[{"@type":"ReadAction","target":["https:\/\/www.bbmnoticias.com\/morena-minimiza-alcance-de-iniciativa-contra-doble-nacionalidad\/"]}]},{"@type":"ImageObject","inLanguage":"es","@id":"https:\/\/www.bbmnoticias.com\/morena-minimiza-alcance-de-iniciativa-contra-doble-nacionalidad\/#primaryimage","url":"https:\/\/www.bbmnoticias.com\/labravaradiofm\/wp-content\/uploads\/sites\/5\/2026\/08\/66652.jpg","contentUrl":"https:\/\/www.bbmnoticias.com\/labravaradiofm\/wp-content\/uploads\/sites\/5\/2026\/08\/66652.jpg","width":765,"height":501},{"@type":"BreadcrumbList","@id":"https:\/\/www.bbmnoticias.com\/morena-minimiza-alcance-de-iniciativa-contra-doble-nacionalidad\/#breadcrumb","itemListElement":[{"@type":"ListItem","position":1,"name":"Inicio","item":"https:\/\/www.bbmnoticias.com\/labravaradiofm\/"},{"@type":"ListItem","position":2,"name":"Morena minimiza alcance de iniciativa contra doble nacionalidad"}]},{"@type":"WebSite","@id":"https:\/\/www.bbmnoticias.com\/labravaradiofm\/#website","url":"https:\/\/www.bbmnoticias.com\/labravaradiofm\/","name":"LA BRAVA RADIO","description":"Empresa productora de medios, Radiodifusi\u00f3n, Noticias, tendencias y todo lo que necesitas saber de la pol\u00edtica mexicana e internacional; entretenimiento, espect\u00e1culos, salud y mucho m\u00e1s.","potentialAction":[{"@type":"SearchAction","target":{"@type":"EntryPoint","urlTemplate":"https:\/\/www.bbmnoticias.com\/labravaradiofm\/?s={search_term_string}"},"query-input":{"@type":"PropertyValueSpecification","valueRequired":true,"valueName":"search_term_string"}}],"inLanguage":"es"},{"@type":"Person","@id":"https:\/\/www.bbmnoticias.com\/labravaradiofm\/#\/schema\/person\/92571928210861b7374edfc7068926ba","name":"Exc\u00e9lsior","image":{"@type":"ImageObject","inLanguage":"es","@id":"https:\/\/secure.gravatar.com\/avatar\/497265c4dbe1cd0e2f3f1b19aba0f5779c7f95d09e139a5b83c1ecd47b4e780d?s=96&d=mm&r=g","url":"https:\/\/secure.gravatar.com\/avatar\/497265c4dbe1cd0e2f3f1b19aba0f5779c7f95d09e139a5b83c1ecd47b4e780d?s=96&d=mm&r=g","contentUrl":"https:\/\/secure.gravatar.com\/avatar\/497265c4dbe1cd0e2f3f1b19aba0f5779c7f95d09e139a5b83c1ecd47b4e780d?s=96&d=mm&r=g","caption":"Exc\u00e9lsior"},"url":"https:\/\/www.bbmnoticias.com\/labravaradiofm\/author\/excelsior\/"}]}},"_links":{"self":[{"href":"https:\/\/www.bbmnoticias.com\/labravaradiofm\/wp-json\/wp\/v2\/posts\/81237","targetHints":{"allow":["GET"]}}],"collection":[{"href":"https:\/\/www.bbmnoticias.com\/labravaradiofm\/wp-json\/wp\/v2\/posts"}],"about":[{"href":"https:\/\/www.bbmnoticias.com\/labravaradiofm\/wp-json\/wp\/v2\/types\/post"}],"author":[{"embeddable":true,"href":"https:\/\/www.bbmnoticias.com\/labravaradiofm\/wp-json\/wp\/v2\/users\/8"}],"replies":[{"embeddable":true,"href":"https:\/\/www.bbmnoticias.com\/labravaradiofm\/wp-json\/wp\/v2\/comments?post=81237"}],"version-history":[{"count":1,"href":"https:\/\/www.bbmnoticias.com\/labravaradiofm\/wp-json\/wp\/v2\/posts\/81237\/revisions"}],"predecessor-version":[{"id":81238,"href":"https:\/\/www.bbmnoticias.com\/labravaradiofm\/wp-json\/wp\/v2\/posts\/81237\/revisions\/81238"}],"wp:featuredmedia":[{"embeddable":true,"href":"https:\/\/www.bbmnoticias.com\/labravaradiofm\/wp-json\/wp\/v2\/media\/81239"}],"wp:attachment":[{"href":"https:\/\/www.bbmnoticias.com\/labravaradiofm\/wp-json\/wp\/v2\/media?parent=81237"}],"wp:term":[{"taxonomy":"category","embeddable":true,"href":"https:\/\/www.bbmnoticias.com\/labravaradiofm\/wp-json\/wp\/v2\/categories?post=81237"},{"taxonomy":"post_tag","embeddable":true,"href":"https:\/\/www.bbmnoticias.com\/labravaradiofm\/wp-json\/wp\/v2\/tags?post=81237"}],"curies":[{"name":"wp","href":"https:\/\/api.w.org\/{rel}","templated":true}]}}