{"id":81234,"date":"2026-08-28T18:27:05","date_gmt":"2026-08-29T00:27:05","guid":{"rendered":"https:\/\/www.bbmnoticias.com\/labravaradiofm\/2026\/08\/28\/helicoptero-donde-se-trasladaba-el-gobernador-de-chiapas-eduardo-ramirez-sufre-incidente-y-aplican-maniobra-de-emergencia\/"},"modified":"2026-08-28T18:27:13","modified_gmt":"2026-08-29T00:27:13","slug":"helicoptero-donde-se-trasladaba-el-gobernador-de-chiapas-eduardo-ramirez-sufre-incidente-y-aplican-maniobra-de-emergencia","status":"publish","type":"post","link":"https:\/\/www.bbmnoticias.com\/labravaradiofm\/2026\/08\/28\/helicoptero-donde-se-trasladaba-el-gobernador-de-chiapas-eduardo-ramirez-sufre-incidente-y-aplican-maniobra-de-emergencia\/","title":{"rendered":"Helic\u00f3ptero donde se trasladaba el gobernador de Chiapas, Eduardo Ram\u00edrez, sufre incidente y aplican maniobra de emergencia"},"content":{"rendered":"\n<p class=\"wp-block-paragraph\">Este 28 de agosto de 2026, el helic\u00f3ptero donde se trasladaba el gobernador de <strong>Chiapas<\/strong>, <strong>Eduardo Ram\u00edrez<\/strong>, sufri\u00f3 un incidente cuando se dirig\u00eda al municipio de <strong>Pantepec<\/strong>, debido a la <strong>poca visibilidad<\/strong> el piloto tuvo que aplicar una <strong>maniobra de emergencia<\/strong>.<\/p>\n\n\n\n<p class=\"wp-block-paragraph\">El <strong>momento de tensi\u00f3n <\/strong>fue comunicado por el mandatario estatal a trav\u00e9s de sus redes sociales, donde confirm\u00f3 el traslado accidentado que tuvo durante su traslado para dar cumplimiento con un evento de su agenda del d\u00eda:<\/p>\n\n\n\n<p class=\"wp-block-paragraph\">\u201cEl d\u00eda de hoy, en mi acostumbrada <strong>agenda de trabajo<\/strong>, acud\u00ed al municipio de Pantepec acompa\u00f1ado del Gabinete de Infraestructura, Comunicaci\u00f3n Social y Atenci\u00f3n Ciudadana, para cumplir con nuestra responsabilidad de llegar a los rincones m\u00e1s apartados de <strong>Chiapas<\/strong> llevando aulas, agua potable, caminos y dem\u00e1s infraestructura\u201d.<\/p>\n\n\n\n<p class=\"wp-block-paragraph\">Eduardo Ram\u00edrez precis\u00f3 que el incidente se gener\u00f3 tras el \u201c<strong>cruce de aves y la poca visibilidad<\/strong>\u201d, por lo que los pilotos se vieron obligados a <strong>cambiar de direcci\u00f3n<\/strong>, en su mensaje, reconoci\u00f3 las acciones que llevaron a <strong>salvaguardar la vida <\/strong>de quienes se encontraban al interior de la aeronave.<\/p>\n\n\n\n<p class=\"wp-block-paragraph\">\u201cUn cruce de aves y la poca visibilidad nos oblig\u00f3 a cambiar de direcci\u00f3n. Quiero reconocer a los pilotos por su destreza y profesionalismo, que nos ayud\u00f3 a <strong>salvaguardar nuestras vidas y evit\u00f3 que esto terminara en un percance mayor<\/strong>\u201d, detall\u00f3 el gobernador de Chiapas.<\/p>\n\n\n\n<p class=\"wp-block-paragraph\">El mensaje del mandatario chiapaneco estuvo acompa\u00f1ado de una reflexi\u00f3n tras el descenso de emergencia, adem\u00e1s de fotograf\u00edas que dieron cuenta del momento que vivi\u00f3 junto a parte de su gabinete:<\/p>\n\n\n\n<p class=\"wp-block-paragraph\">\u201cNuestro paso por la vida es fugaz, avanza de manera vertiginosa y no nos damos cuenta de que el d\u00eda a d\u00eda se nos va segundo a segundo; se consume el mayor bien inmaterial que es el tiempo que pasamos en esta vida. Sean felices, abracen la vida con humor y mucho amor al pr\u00f3jimo\u201d.<\/p>\n\n\n\n<p class=\"wp-block-paragraph\">Luego de aterrizar en el municipio de Pantepec, el gobernador de Chiapas realiz\u00f3 la verificaci\u00f3n de la obra de construcci\u00f3n del <strong>Sistema de Agua Potable, <\/strong>donde confirm\u00f3 la ampliaci\u00f3n del sistema de agua potable en dos localidades m\u00e1s, <strong>La Soledad <\/strong>y <strong>Carrizal<\/strong>, con una inversi\u00f3n superior a los 30 millones de pesos, que beneficiar\u00e1 a m\u00e1s de tres mil 500 habitantes.<\/p>\n\n\n\n<p class=\"wp-block-paragraph\">Eduardo Ram\u00edrez inaugur\u00f3 este viernes la reconstrucci\u00f3n del camino <strong>E.C. (Ray\u00f3n-Pantepec)-San Isidro Las Banderas<\/strong>, el cual tuvo una inversi\u00f3n que super\u00f3 los 27 millones de pesos, seg\u00fan datos del mandatario.<\/p>\n\n\n\n<p class=\"wp-block-paragraph\">La segunda obra entregada en el municipio de Pantepec se estima que beneficie a m\u00e1s de <strong>8 mil 700 habitantes<\/strong>.<\/p>\n\n\n\n<p class=\"wp-block-paragraph\">Otro incidente a\u00e9reo registrado este 28 de agosto fue el desplome de un<strong> helic\u00f3ptero UH-60M Black Hawk de la Fuerza A\u00e9rea Mexicana<\/strong> en el Campo Militar de El Salto, municipio de <strong>Pueblo Nuevo, Durango<\/strong>.<\/p>\n\n\n\n<p class=\"wp-block-paragraph\">La aeronave perdi\u00f3 potencia durante la fase de despegue, comenz\u00f3 a girar sobre su propio eje y se impact\u00f3 contra el suelo dentro del per\u00edmetro de las instalaciones; <strong>la aeronave transportaba siete elementos militares<\/strong>, todos con contusiones leves, quienes recibieron atenci\u00f3n de inmediato por personal de Sanidad Militar en el Centro de Adiestramiento Regional de El Salto.<\/p>\n","protected":false},"excerpt":{"rendered":"<p>Este 28 de agosto de 2026, el helic\u00f3ptero donde se trasladaba el gobernador de Chiapas, Eduardo Ram\u00edrez, sufri\u00f3 un incidente cuando se dirig\u00eda al municipio de Pantepec, debido a la poca visibilidad el piloto tuvo que aplicar una maniobra de emergencia. El momento de tensi\u00f3n fue comunicado por el mandatario estatal a trav\u00e9s de sus [&hellip;]<\/p>\n","protected":false},"author":11,"featured_media":81236,"comment_status":"closed","ping_status":"open","sticky":false,"template":"","format":"standard","meta":{"footnotes":""},"categories":[2,19],"tags":[],"class_list":["post-81234","post","type-post","status-publish","format-standard","has-post-thumbnail","hentry","category-oaxaca","category-nacional"],"yoast_head":"<!-- This site is optimized with the Yoast SEO plugin v28.1 - https:\/\/yoast.com\/product\/yoast-seo-wordpress\/ -->\n<title>Helic\u00f3ptero donde se trasladaba el gobernador de Chiapas, Eduardo Ram\u00edrez, sufre incidente y aplican maniobra de emergencia - LA BRAVA RADIO<\/title>\n<meta name=\"robots\" content=\"index, follow, max-snippet:-1, max-image-preview:large, max-video-preview:-1\" \/>\n<link rel=\"canonical\" href=\"https:\/\/www.bbmnoticias.com\/helicoptero-donde-se-trasladaba-el-gobernador-de-chiapas-eduardo-ramirez-sufre-incidente-y-aplican-maniobra-de-emergencia\/\" \/>\n<meta property=\"og:locale\" content=\"es_MX\" \/>\n<meta property=\"og:type\" content=\"article\" \/>\n<meta property=\"og:title\" content=\"Helic\u00f3ptero donde se trasladaba el gobernador de Chiapas, Eduardo Ram\u00edrez, sufre incidente y aplican maniobra de emergencia - LA BRAVA RADIO\" \/>\n<meta property=\"og:description\" content=\"Este 28 de agosto de 2026, el helic\u00f3ptero donde se trasladaba el gobernador de Chiapas, Eduardo Ram\u00edrez, sufri\u00f3 un incidente cuando se dirig\u00eda al municipio de Pantepec, debido a la poca visibilidad el piloto tuvo que aplicar una maniobra de emergencia. El momento de tensi\u00f3n fue comunicado por el mandatario estatal a trav\u00e9s de sus [&hellip;]\" \/>\n<meta property=\"og:url\" content=\"https:\/\/www.bbmnoticias.com\/helicoptero-donde-se-trasladaba-el-gobernador-de-chiapas-eduardo-ramirez-sufre-incidente-y-aplican-maniobra-de-emergencia\/\" \/>\n<meta property=\"og:site_name\" content=\"LA BRAVA RADIO\" \/>\n<meta property=\"article:published_time\" content=\"2026-08-29T00:27:05+00:00\" \/>\n<meta property=\"article:modified_time\" content=\"2026-08-29T00:27:13+00:00\" \/>\n<meta property=\"og:image\" content=\"https:\/\/www.bbmnoticias.com\/labravaradiofm\/wp-content\/uploads\/sites\/5\/2026\/08\/gobernador-de-chiapas-sufre.jpg\" \/>\n\t<meta property=\"og:image:width\" content=\"528\" \/>\n\t<meta property=\"og:image:height\" content=\"286\" \/>\n\t<meta property=\"og:image:type\" content=\"image\/jpeg\" \/>\n<meta name=\"author\" content=\"Infobae\" \/>\n<meta name=\"twitter:card\" content=\"summary_large_image\" \/>\n<meta name=\"twitter:label1\" content=\"Escrito por\" \/>\n\t<meta name=\"twitter:data1\" content=\"Infobae\" \/>\n\t<meta name=\"twitter:label2\" content=\"Tiempo de lectura\" \/>\n\t<meta name=\"twitter:data2\" content=\"3 minutos\" \/>\n<script type=\"application\/ld+json\" class=\"yoast-schema-graph\">{\"@context\":\"https:\\\/\\\/schema.org\",\"@graph\":[{\"@type\":\"Article\",\"@id\":\"https:\\\/\\\/www.bbmnoticias.com\\\/helicoptero-donde-se-trasladaba-el-gobernador-de-chiapas-eduardo-ramirez-sufre-incidente-y-aplican-maniobra-de-emergencia\\\/#article\",\"isPartOf\":{\"@id\":\"https:\\\/\\\/www.bbmnoticias.com\\\/labravaradiofm\\\/2026\\\/08\\\/28\\\/helicoptero-donde-se-trasladaba-el-gobernador-de-chiapas-eduardo-ramirez-sufre-incidente-y-aplican-maniobra-de-emergencia\\\/\"},\"author\":{\"name\":\"Infobae\",\"@id\":\"https:\\\/\\\/www.bbmnoticias.com\\\/labravaradiofm\\\/#\\\/schema\\\/person\\\/f3033a2fe0535dce55fc20768344cc41\"},\"headline\":\"Helic\u00f3ptero donde se trasladaba el gobernador de Chiapas, Eduardo Ram\u00edrez, sufre incidente y aplican maniobra de emergencia\",\"datePublished\":\"2026-08-29T00:27:05+00:00\",\"dateModified\":\"2026-08-29T00:27:13+00:00\",\"mainEntityOfPage\":{\"@id\":\"https:\\\/\\\/www.bbmnoticias.com\\\/labravaradiofm\\\/2026\\\/08\\\/28\\\/helicoptero-donde-se-trasladaba-el-gobernador-de-chiapas-eduardo-ramirez-sufre-incidente-y-aplican-maniobra-de-emergencia\\\/\"},\"wordCount\":561,\"image\":{\"@id\":\"https:\\\/\\\/www.bbmnoticias.com\\\/helicoptero-donde-se-trasladaba-el-gobernador-de-chiapas-eduardo-ramirez-sufre-incidente-y-aplican-maniobra-de-emergencia\\\/#primaryimage\"},\"thumbnailUrl\":\"https:\\\/\\\/www.bbmnoticias.com\\\/labravaradiofm\\\/wp-content\\\/uploads\\\/sites\\\/5\\\/2026\\\/08\\\/gobernador-de-chiapas-sufre.jpg\",\"articleSection\":[\"LOCAL\",\"NACIONAL\"],\"inLanguage\":\"es\"},{\"@type\":\"WebPage\",\"@id\":\"https:\\\/\\\/www.bbmnoticias.com\\\/labravaradiofm\\\/2026\\\/08\\\/28\\\/helicoptero-donde-se-trasladaba-el-gobernador-de-chiapas-eduardo-ramirez-sufre-incidente-y-aplican-maniobra-de-emergencia\\\/\",\"url\":\"https:\\\/\\\/www.bbmnoticias.com\\\/helicoptero-donde-se-trasladaba-el-gobernador-de-chiapas-eduardo-ramirez-sufre-incidente-y-aplican-maniobra-de-emergencia\\\/\",\"name\":\"Helic\u00f3ptero donde se trasladaba el gobernador de Chiapas, Eduardo Ram\u00edrez, sufre incidente y aplican maniobra de emergencia - LA BRAVA RADIO\",\"isPartOf\":{\"@id\":\"https:\\\/\\\/www.bbmnoticias.com\\\/labravaradiofm\\\/#website\"},\"primaryImageOfPage\":{\"@id\":\"https:\\\/\\\/www.bbmnoticias.com\\\/helicoptero-donde-se-trasladaba-el-gobernador-de-chiapas-eduardo-ramirez-sufre-incidente-y-aplican-maniobra-de-emergencia\\\/#primaryimage\"},\"image\":{\"@id\":\"https:\\\/\\\/www.bbmnoticias.com\\\/helicoptero-donde-se-trasladaba-el-gobernador-de-chiapas-eduardo-ramirez-sufre-incidente-y-aplican-maniobra-de-emergencia\\\/#primaryimage\"},\"thumbnailUrl\":\"https:\\\/\\\/www.bbmnoticias.com\\\/labravaradiofm\\\/wp-content\\\/uploads\\\/sites\\\/5\\\/2026\\\/08\\\/gobernador-de-chiapas-sufre.jpg\",\"datePublished\":\"2026-08-29T00:27:05+00:00\",\"dateModified\":\"2026-08-29T00:27:13+00:00\",\"author\":{\"@id\":\"https:\\\/\\\/www.bbmnoticias.com\\\/labravaradiofm\\\/#\\\/schema\\\/person\\\/f3033a2fe0535dce55fc20768344cc41\"},\"breadcrumb\":{\"@id\":\"https:\\\/\\\/www.bbmnoticias.com\\\/helicoptero-donde-se-trasladaba-el-gobernador-de-chiapas-eduardo-ramirez-sufre-incidente-y-aplican-maniobra-de-emergencia\\\/#breadcrumb\"},\"inLanguage\":\"es\",\"potentialAction\":[{\"@type\":\"ReadAction\",\"target\":[\"https:\\\/\\\/www.bbmnoticias.com\\\/helicoptero-donde-se-trasladaba-el-gobernador-de-chiapas-eduardo-ramirez-sufre-incidente-y-aplican-maniobra-de-emergencia\\\/\"]}]},{\"@type\":\"ImageObject\",\"inLanguage\":\"es\",\"@id\":\"https:\\\/\\\/www.bbmnoticias.com\\\/helicoptero-donde-se-trasladaba-el-gobernador-de-chiapas-eduardo-ramirez-sufre-incidente-y-aplican-maniobra-de-emergencia\\\/#primaryimage\",\"url\":\"https:\\\/\\\/www.bbmnoticias.com\\\/labravaradiofm\\\/wp-content\\\/uploads\\\/sites\\\/5\\\/2026\\\/08\\\/gobernador-de-chiapas-sufre.jpg\",\"contentUrl\":\"https:\\\/\\\/www.bbmnoticias.com\\\/labravaradiofm\\\/wp-content\\\/uploads\\\/sites\\\/5\\\/2026\\\/08\\\/gobernador-de-chiapas-sufre.jpg\",\"width\":528,\"height\":286},{\"@type\":\"BreadcrumbList\",\"@id\":\"https:\\\/\\\/www.bbmnoticias.com\\\/helicoptero-donde-se-trasladaba-el-gobernador-de-chiapas-eduardo-ramirez-sufre-incidente-y-aplican-maniobra-de-emergencia\\\/#breadcrumb\",\"itemListElement\":[{\"@type\":\"ListItem\",\"position\":1,\"name\":\"Inicio\",\"item\":\"https:\\\/\\\/www.bbmnoticias.com\\\/labravaradiofm\\\/\"},{\"@type\":\"ListItem\",\"position\":2,\"name\":\"Helic\u00f3ptero donde se trasladaba el gobernador de Chiapas, Eduardo Ram\u00edrez, sufre incidente y aplican maniobra de emergencia\"}]},{\"@type\":\"WebSite\",\"@id\":\"https:\\\/\\\/www.bbmnoticias.com\\\/labravaradiofm\\\/#website\",\"url\":\"https:\\\/\\\/www.bbmnoticias.com\\\/labravaradiofm\\\/\",\"name\":\"LA BRAVA RADIO\",\"description\":\"Empresa productora de medios, Radiodifusi\u00f3n, Noticias, tendencias y todo lo que necesitas saber de la pol\u00edtica mexicana e internacional; entretenimiento, espect\u00e1culos, salud y mucho m\u00e1s.\",\"potentialAction\":[{\"@type\":\"SearchAction\",\"target\":{\"@type\":\"EntryPoint\",\"urlTemplate\":\"https:\\\/\\\/www.bbmnoticias.com\\\/labravaradiofm\\\/?s={search_term_string}\"},\"query-input\":{\"@type\":\"PropertyValueSpecification\",\"valueRequired\":true,\"valueName\":\"search_term_string\"}}],\"inLanguage\":\"es\"},{\"@type\":\"Person\",\"@id\":\"https:\\\/\\\/www.bbmnoticias.com\\\/labravaradiofm\\\/#\\\/schema\\\/person\\\/f3033a2fe0535dce55fc20768344cc41\",\"name\":\"Infobae\",\"image\":{\"@type\":\"ImageObject\",\"inLanguage\":\"es\",\"@id\":\"https:\\\/\\\/secure.gravatar.com\\\/avatar\\\/516600970682560d6fbeb0f1663b27fb5fbe4ca00f4dc3eaa4a972bfc5485f05?s=96&d=mm&r=g\",\"url\":\"https:\\\/\\\/secure.gravatar.com\\\/avatar\\\/516600970682560d6fbeb0f1663b27fb5fbe4ca00f4dc3eaa4a972bfc5485f05?s=96&d=mm&r=g\",\"contentUrl\":\"https:\\\/\\\/secure.gravatar.com\\\/avatar\\\/516600970682560d6fbeb0f1663b27fb5fbe4ca00f4dc3eaa4a972bfc5485f05?s=96&d=mm&r=g\",\"caption\":\"Infobae\"},\"url\":\"https:\\\/\\\/www.bbmnoticias.com\\\/labravaradiofm\\\/author\\\/infobae\\\/\"}]}<\/script>\n<!-- \/ Yoast SEO plugin. -->","yoast_head_json":{"title":"Helic\u00f3ptero donde se trasladaba el gobernador de Chiapas, Eduardo Ram\u00edrez, sufre incidente y aplican maniobra de emergencia - LA BRAVA RADIO","robots":{"index":"index","follow":"follow","max-snippet":"max-snippet:-1","max-image-preview":"max-image-preview:large","max-video-preview":"max-video-preview:-1"},"canonical":"https:\/\/www.bbmnoticias.com\/helicoptero-donde-se-trasladaba-el-gobernador-de-chiapas-eduardo-ramirez-sufre-incidente-y-aplican-maniobra-de-emergencia\/","og_locale":"es_MX","og_type":"article","og_title":"Helic\u00f3ptero donde se trasladaba el gobernador de Chiapas, Eduardo Ram\u00edrez, sufre incidente y aplican maniobra de emergencia - LA BRAVA RADIO","og_description":"Este 28 de agosto de 2026, el helic\u00f3ptero donde se trasladaba el gobernador de Chiapas, Eduardo Ram\u00edrez, sufri\u00f3 un incidente cuando se dirig\u00eda al municipio de Pantepec, debido a la poca visibilidad el piloto tuvo que aplicar una maniobra de emergencia. El momento de tensi\u00f3n fue comunicado por el mandatario estatal a trav\u00e9s de sus [&hellip;]","og_url":"https:\/\/www.bbmnoticias.com\/helicoptero-donde-se-trasladaba-el-gobernador-de-chiapas-eduardo-ramirez-sufre-incidente-y-aplican-maniobra-de-emergencia\/","og_site_name":"LA BRAVA RADIO","article_published_time":"2026-08-29T00:27:05+00:00","article_modified_time":"2026-08-29T00:27:13+00:00","og_image":[{"width":528,"height":286,"url":"https:\/\/www.bbmnoticias.com\/labravaradiofm\/wp-content\/uploads\/sites\/5\/2026\/08\/gobernador-de-chiapas-sufre.jpg","type":"image\/jpeg"}],"author":"Infobae","twitter_card":"summary_large_image","twitter_misc":{"Escrito por":"Infobae","Tiempo de lectura":"3 minutos"},"schema":{"@context":"https:\/\/schema.org","@graph":[{"@type":"Article","@id":"https:\/\/www.bbmnoticias.com\/helicoptero-donde-se-trasladaba-el-gobernador-de-chiapas-eduardo-ramirez-sufre-incidente-y-aplican-maniobra-de-emergencia\/#article","isPartOf":{"@id":"https:\/\/www.bbmnoticias.com\/labravaradiofm\/2026\/08\/28\/helicoptero-donde-se-trasladaba-el-gobernador-de-chiapas-eduardo-ramirez-sufre-incidente-y-aplican-maniobra-de-emergencia\/"},"author":{"name":"Infobae","@id":"https:\/\/www.bbmnoticias.com\/labravaradiofm\/#\/schema\/person\/f3033a2fe0535dce55fc20768344cc41"},"headline":"Helic\u00f3ptero donde se trasladaba el gobernador de Chiapas, Eduardo Ram\u00edrez, sufre incidente y aplican maniobra de emergencia","datePublished":"2026-08-29T00:27:05+00:00","dateModified":"2026-08-29T00:27:13+00:00","mainEntityOfPage":{"@id":"https:\/\/www.bbmnoticias.com\/labravaradiofm\/2026\/08\/28\/helicoptero-donde-se-trasladaba-el-gobernador-de-chiapas-eduardo-ramirez-sufre-incidente-y-aplican-maniobra-de-emergencia\/"},"wordCount":561,"image":{"@id":"https:\/\/www.bbmnoticias.com\/helicoptero-donde-se-trasladaba-el-gobernador-de-chiapas-eduardo-ramirez-sufre-incidente-y-aplican-maniobra-de-emergencia\/#primaryimage"},"thumbnailUrl":"https:\/\/www.bbmnoticias.com\/labravaradiofm\/wp-content\/uploads\/sites\/5\/2026\/08\/gobernador-de-chiapas-sufre.jpg","articleSection":["LOCAL","NACIONAL"],"inLanguage":"es"},{"@type":"WebPage","@id":"https:\/\/www.bbmnoticias.com\/labravaradiofm\/2026\/08\/28\/helicoptero-donde-se-trasladaba-el-gobernador-de-chiapas-eduardo-ramirez-sufre-incidente-y-aplican-maniobra-de-emergencia\/","url":"https:\/\/www.bbmnoticias.com\/helicoptero-donde-se-trasladaba-el-gobernador-de-chiapas-eduardo-ramirez-sufre-incidente-y-aplican-maniobra-de-emergencia\/","name":"Helic\u00f3ptero donde se trasladaba el gobernador de Chiapas, Eduardo Ram\u00edrez, sufre incidente y aplican maniobra de emergencia - LA BRAVA RADIO","isPartOf":{"@id":"https:\/\/www.bbmnoticias.com\/labravaradiofm\/#website"},"primaryImageOfPage":{"@id":"https:\/\/www.bbmnoticias.com\/helicoptero-donde-se-trasladaba-el-gobernador-de-chiapas-eduardo-ramirez-sufre-incidente-y-aplican-maniobra-de-emergencia\/#primaryimage"},"image":{"@id":"https:\/\/www.bbmnoticias.com\/helicoptero-donde-se-trasladaba-el-gobernador-de-chiapas-eduardo-ramirez-sufre-incidente-y-aplican-maniobra-de-emergencia\/#primaryimage"},"thumbnailUrl":"https:\/\/www.bbmnoticias.com\/labravaradiofm\/wp-content\/uploads\/sites\/5\/2026\/08\/gobernador-de-chiapas-sufre.jpg","datePublished":"2026-08-29T00:27:05+00:00","dateModified":"2026-08-29T00:27:13+00:00","author":{"@id":"https:\/\/www.bbmnoticias.com\/labravaradiofm\/#\/schema\/person\/f3033a2fe0535dce55fc20768344cc41"},"breadcrumb":{"@id":"https:\/\/www.bbmnoticias.com\/helicoptero-donde-se-trasladaba-el-gobernador-de-chiapas-eduardo-ramirez-sufre-incidente-y-aplican-maniobra-de-emergencia\/#breadcrumb"},"inLanguage":"es","potentialAction":[{"@type":"ReadAction","target":["https:\/\/www.bbmnoticias.com\/helicoptero-donde-se-trasladaba-el-gobernador-de-chiapas-eduardo-ramirez-sufre-incidente-y-aplican-maniobra-de-emergencia\/"]}]},{"@type":"ImageObject","inLanguage":"es","@id":"https:\/\/www.bbmnoticias.com\/helicoptero-donde-se-trasladaba-el-gobernador-de-chiapas-eduardo-ramirez-sufre-incidente-y-aplican-maniobra-de-emergencia\/#primaryimage","url":"https:\/\/www.bbmnoticias.com\/labravaradiofm\/wp-content\/uploads\/sites\/5\/2026\/08\/gobernador-de-chiapas-sufre.jpg","contentUrl":"https:\/\/www.bbmnoticias.com\/labravaradiofm\/wp-content\/uploads\/sites\/5\/2026\/08\/gobernador-de-chiapas-sufre.jpg","width":528,"height":286},{"@type":"BreadcrumbList","@id":"https:\/\/www.bbmnoticias.com\/helicoptero-donde-se-trasladaba-el-gobernador-de-chiapas-eduardo-ramirez-sufre-incidente-y-aplican-maniobra-de-emergencia\/#breadcrumb","itemListElement":[{"@type":"ListItem","position":1,"name":"Inicio","item":"https:\/\/www.bbmnoticias.com\/labravaradiofm\/"},{"@type":"ListItem","position":2,"name":"Helic\u00f3ptero donde se trasladaba el gobernador de Chiapas, Eduardo Ram\u00edrez, sufre incidente y aplican maniobra de emergencia"}]},{"@type":"WebSite","@id":"https:\/\/www.bbmnoticias.com\/labravaradiofm\/#website","url":"https:\/\/www.bbmnoticias.com\/labravaradiofm\/","name":"LA BRAVA RADIO","description":"Empresa productora de medios, Radiodifusi\u00f3n, Noticias, tendencias y todo lo que necesitas saber de la pol\u00edtica mexicana e internacional; entretenimiento, espect\u00e1culos, salud y mucho m\u00e1s.","potentialAction":[{"@type":"SearchAction","target":{"@type":"EntryPoint","urlTemplate":"https:\/\/www.bbmnoticias.com\/labravaradiofm\/?s={search_term_string}"},"query-input":{"@type":"PropertyValueSpecification","valueRequired":true,"valueName":"search_term_string"}}],"inLanguage":"es"},{"@type":"Person","@id":"https:\/\/www.bbmnoticias.com\/labravaradiofm\/#\/schema\/person\/f3033a2fe0535dce55fc20768344cc41","name":"Infobae","image":{"@type":"ImageObject","inLanguage":"es","@id":"https:\/\/secure.gravatar.com\/avatar\/516600970682560d6fbeb0f1663b27fb5fbe4ca00f4dc3eaa4a972bfc5485f05?s=96&d=mm&r=g","url":"https:\/\/secure.gravatar.com\/avatar\/516600970682560d6fbeb0f1663b27fb5fbe4ca00f4dc3eaa4a972bfc5485f05?s=96&d=mm&r=g","contentUrl":"https:\/\/secure.gravatar.com\/avatar\/516600970682560d6fbeb0f1663b27fb5fbe4ca00f4dc3eaa4a972bfc5485f05?s=96&d=mm&r=g","caption":"Infobae"},"url":"https:\/\/www.bbmnoticias.com\/labravaradiofm\/author\/infobae\/"}]}},"_links":{"self":[{"href":"https:\/\/www.bbmnoticias.com\/labravaradiofm\/wp-json\/wp\/v2\/posts\/81234","targetHints":{"allow":["GET"]}}],"collection":[{"href":"https:\/\/www.bbmnoticias.com\/labravaradiofm\/wp-json\/wp\/v2\/posts"}],"about":[{"href":"https:\/\/www.bbmnoticias.com\/labravaradiofm\/wp-json\/wp\/v2\/types\/post"}],"author":[{"embeddable":true,"href":"https:\/\/www.bbmnoticias.com\/labravaradiofm\/wp-json\/wp\/v2\/users\/11"}],"replies":[{"embeddable":true,"href":"https:\/\/www.bbmnoticias.com\/labravaradiofm\/wp-json\/wp\/v2\/comments?post=81234"}],"version-history":[{"count":1,"href":"https:\/\/www.bbmnoticias.com\/labravaradiofm\/wp-json\/wp\/v2\/posts\/81234\/revisions"}],"predecessor-version":[{"id":81235,"href":"https:\/\/www.bbmnoticias.com\/labravaradiofm\/wp-json\/wp\/v2\/posts\/81234\/revisions\/81235"}],"wp:featuredmedia":[{"embeddable":true,"href":"https:\/\/www.bbmnoticias.com\/labravaradiofm\/wp-json\/wp\/v2\/media\/81236"}],"wp:attachment":[{"href":"https:\/\/www.bbmnoticias.com\/labravaradiofm\/wp-json\/wp\/v2\/media?parent=81234"}],"wp:term":[{"taxonomy":"category","embeddable":true,"href":"https:\/\/www.bbmnoticias.com\/labravaradiofm\/wp-json\/wp\/v2\/categories?post=81234"},{"taxonomy":"post_tag","embeddable":true,"href":"https:\/\/www.bbmnoticias.com\/labravaradiofm\/wp-json\/wp\/v2\/tags?post=81234"}],"curies":[{"name":"wp","href":"https:\/\/api.w.org\/{rel}","templated":true}]}}