{"id":81225,"date":"2026-08-28T15:27:35","date_gmt":"2026-08-28T21:27:35","guid":{"rendered":"https:\/\/www.bbmnoticias.com\/labravaradiofm\/2026\/08\/28\/edil-de-oaxaca-de-juarez-desmarca-a-ayuntamiento-por-detencion-de-sindico-nadie-esta-por-encima-de-la-ley\/"},"modified":"2026-08-28T15:27:37","modified_gmt":"2026-08-28T21:27:37","slug":"edil-de-oaxaca-de-juarez-desmarca-a-ayuntamiento-por-detencion-de-sindico-nadie-esta-por-encima-de-la-ley","status":"publish","type":"post","link":"https:\/\/www.bbmnoticias.com\/labravaradiofm\/2026\/08\/28\/edil-de-oaxaca-de-juarez-desmarca-a-ayuntamiento-por-detencion-de-sindico-nadie-esta-por-encima-de-la-ley\/","title":{"rendered":"Edil de Oaxaca de Ju\u00e1rez desmarca a Ayuntamiento por detenci\u00f3n de S\u00edndico: \u201cNadie est\u00e1 por encima de la ley\u201d"},"content":{"rendered":"\n<p class=\"wp-block-paragraph\">El alcalde de Oaxaca de Ju\u00e1rez rechaza que el proceso por robo y da\u00f1o patrimonial golpee al Ayuntamiento y advierte que las actuaciones personales deber\u00e1n responderse ante las autoridades.<\/p>\n\n\n\n<p class=\"wp-block-paragraph\">El presidente municipal de <strong>Oaxaca de Ju\u00e1rez,<\/strong> <strong>Ray Chagoya<\/strong>, puso distancia entre su gobierno y el proceso penal que enfrenta un s\u00edndico municipal, Ricardo Ram\u00edrez P., alias \u201cEl Duck\u201d, al afirmar que las acusaciones por robo y da\u00f1o patrimonial corresponden exclusivamente a actuaciones personales.<\/p>\n\n\n\n<p class=\"wp-block-paragraph\">\u201cNadie est\u00e1 por encima de la ley\u201d, sostuvo el edil al fijar postura sobre la situaci\u00f3n jur\u00eddica del integrante del Cabildo, quien deber\u00e1 enfrentar el procedimiento ante las autoridades competentes.<\/p>\n\n\n\n<p class=\"wp-block-paragraph\">El edil fue categ\u00f3rico al se\u00f1alar que el Ayuntamiento no intervendr\u00e1 para frenar ni alterar el curso de las investigaciones, y que su participaci\u00f3n se limitar\u00e1 a mantener un acompa\u00f1amiento institucional dentro del marco legal, con pleno respeto al debido proceso y a las determinaciones de la Fiscal\u00eda.<\/p>\n\n\n\n<p class=\"wp-block-paragraph\">Chagoya rechaz\u00f3 que el caso represente una crisis para el gobierno capitalino o que haya generado afectaciones en la operaci\u00f3n municipal. Tambi\u00e9n descart\u00f3 tener conocimiento de una alerta interna relacionada con otros funcionarios.<\/p>\n\n\n\n<p class=\"wp-block-paragraph\">Frente a los cuestionamientos sobre si podr\u00edan existir m\u00e1s investigaciones, el alcalde puntualiz\u00f3 que el municipio no tiene entre sus atribuciones investigar la vida personal de sus servidores p\u00fablicos. La responsabilidad de la administraci\u00f3n, dijo, est\u00e1 en atender a la poblaci\u00f3n, prevenir delitos y mantener la seguridad y los servicios en las colonias.<\/p>\n\n\n\n<h2 class=\"wp-block-heading\">Se deslinda de operativos y detenciones<\/h2>\n\n\n\n<p class=\"wp-block-paragraph\">Chagoya tambi\u00e9n estableci\u00f3 una separaci\u00f3n entre la actuaci\u00f3n de la Polic\u00eda Municipal y los operativos efectuados por autoridades estatales o federales.<\/p>\n\n\n\n<p class=\"wp-block-paragraph\">Precis\u00f3 que la corporaci\u00f3n capitalina se conduce bajo las facultades establecidas en el art\u00edculo 115 constitucional, con tareas de prevenci\u00f3n, proximidad social y atenci\u00f3n ciudadana, por lo que no participa en investigaciones que correspondan a otras instituciones de seguridad y procuraci\u00f3n de justicia.<\/p>\n\n\n\n<p class=\"wp-block-paragraph\">El alcalde insisti\u00f3 en que cualquier persona que incurra en una conducta presuntamente delictiva debe responder ante las instancias correspondientes, independientemente del cargo que ocupe.<\/p>\n\n\n\n<h3 class=\"wp-block-heading\">Gobierno no se detiene<\/h3>\n\n\n\n<p class=\"wp-block-paragraph\">Chagoya defendi\u00f3 la continuidad de su administraci\u00f3n y afirm\u00f3 que el caso jur\u00eddico que involucra al s\u00edndico no detendr\u00e1 la agenda del Ayuntamiento ni la atenci\u00f3n a los habitantes de la capital.<\/p>\n\n\n\n<p class=\"wp-block-paragraph\">Al presentar avances del d\u00eda 87 del programa \u201c100 d\u00edas de alta intensidad\u201d, destac\u00f3 la reducci\u00f3n de \u00edndices delictivos reportada en la mesa estatal de seguridad y el avance de obras y programas sociales.<\/p>\n\n\n\n<p class=\"wp-block-paragraph\">Entre las acciones mencion\u00f3 el inicio de la construcci\u00f3n de un centro comunitario en Puebla Nueva, con una inversi\u00f3n de 10 millones de pesos, as\u00ed como el seguimiento quincenal a 10 programas federales que operan en <strong>Oaxaca de Ju\u00e1rez<\/strong>.<\/p>\n\n\n\n<p class=\"wp-block-paragraph\">Tambi\u00e9n report\u00f3 la entrega de apoyos escolares en beneficio de m\u00e1s de 700 ni\u00f1as y ni\u00f1os. El mensaje del presidente municipal fue contundente: el cargo p\u00fablico no representa un blindaje frente a la justicia y cualquier conducta personal deber\u00e1 ser esclarecida por las autoridades correspondientes. Mientras tanto, asegur\u00f3, el Ayuntamiento continuar\u00e1 funcionando y atendiendo a la ciudadan\u00eda.<\/p>\n","protected":false},"excerpt":{"rendered":"<p>El alcalde de Oaxaca de Ju\u00e1rez rechaza que el proceso por robo y da\u00f1o patrimonial golpee al Ayuntamiento y advierte que las actuaciones personales deber\u00e1n responderse ante las autoridades. El presidente municipal de Oaxaca de Ju\u00e1rez, Ray Chagoya, puso distancia entre su gobierno y el proceso penal que enfrenta un s\u00edndico municipal, Ricardo Ram\u00edrez P., [&hellip;]<\/p>\n","protected":false},"author":15,"featured_media":81227,"comment_status":"closed","ping_status":"open","sticky":false,"template":"","format":"standard","meta":{"footnotes":""},"categories":[2],"tags":[],"class_list":["post-81225","post","type-post","status-publish","format-standard","has-post-thumbnail","hentry","category-oaxaca"],"yoast_head":"<!-- This site is optimized with the Yoast SEO plugin v28.1 - https:\/\/yoast.com\/product\/yoast-seo-wordpress\/ -->\n<title>Edil de Oaxaca de Ju\u00e1rez desmarca a Ayuntamiento por detenci\u00f3n de S\u00edndico: \u201cNadie est\u00e1 por encima de la ley\u201d - LA BRAVA RADIO<\/title>\n<meta name=\"robots\" content=\"index, follow, max-snippet:-1, max-image-preview:large, max-video-preview:-1\" \/>\n<link rel=\"canonical\" href=\"https:\/\/www.bbmnoticias.com\/edil-de-oaxaca-de-juarez-desmarca-a-ayuntamiento-por-detencion-de-sindico-nadie-esta-por-encima-de-la-ley\/\" \/>\n<meta property=\"og:locale\" content=\"es_MX\" \/>\n<meta property=\"og:type\" content=\"article\" \/>\n<meta property=\"og:title\" content=\"Edil de Oaxaca de Ju\u00e1rez desmarca a Ayuntamiento por detenci\u00f3n de S\u00edndico: \u201cNadie est\u00e1 por encima de la ley\u201d - LA BRAVA RADIO\" \/>\n<meta property=\"og:description\" content=\"El alcalde de Oaxaca de Ju\u00e1rez rechaza que el proceso por robo y da\u00f1o patrimonial golpee al Ayuntamiento y advierte que las actuaciones personales deber\u00e1n responderse ante las autoridades. El presidente municipal de Oaxaca de Ju\u00e1rez, Ray Chagoya, puso distancia entre su gobierno y el proceso penal que enfrenta un s\u00edndico municipal, Ricardo Ram\u00edrez P., [&hellip;]\" \/>\n<meta property=\"og:url\" content=\"https:\/\/www.bbmnoticias.com\/edil-de-oaxaca-de-juarez-desmarca-a-ayuntamiento-por-detencion-de-sindico-nadie-esta-por-encima-de-la-ley\/\" \/>\n<meta property=\"og:site_name\" content=\"LA BRAVA RADIO\" \/>\n<meta property=\"article:published_time\" content=\"2026-08-28T21:27:35+00:00\" \/>\n<meta property=\"article:modified_time\" content=\"2026-08-28T21:27:37+00:00\" \/>\n<meta property=\"og:image\" content=\"https:\/\/www.bbmnoticias.com\/labravaradiofm\/wp-content\/uploads\/sites\/5\/2026\/08\/PY8p9J6J.jpg\" \/>\n\t<meta property=\"og:image:width\" content=\"679\" \/>\n\t<meta property=\"og:image:height\" content=\"412\" \/>\n\t<meta property=\"og:image:type\" content=\"image\/jpeg\" \/>\n<meta name=\"author\" content=\"El Heraldo\" \/>\n<meta name=\"twitter:card\" content=\"summary_large_image\" \/>\n<meta name=\"twitter:label1\" content=\"Escrito por\" \/>\n\t<meta name=\"twitter:data1\" content=\"El Heraldo\" \/>\n\t<meta name=\"twitter:label2\" content=\"Tiempo de lectura\" \/>\n\t<meta name=\"twitter:data2\" content=\"3 minutos\" \/>\n<script type=\"application\/ld+json\" class=\"yoast-schema-graph\">{\"@context\":\"https:\\\/\\\/schema.org\",\"@graph\":[{\"@type\":\"Article\",\"@id\":\"https:\\\/\\\/www.bbmnoticias.com\\\/edil-de-oaxaca-de-juarez-desmarca-a-ayuntamiento-por-detencion-de-sindico-nadie-esta-por-encima-de-la-ley\\\/#article\",\"isPartOf\":{\"@id\":\"https:\\\/\\\/www.bbmnoticias.com\\\/labravaradiofm\\\/2026\\\/08\\\/28\\\/edil-de-oaxaca-de-juarez-desmarca-a-ayuntamiento-por-detencion-de-sindico-nadie-esta-por-encima-de-la-ley\\\/\"},\"author\":{\"name\":\"El Heraldo\",\"@id\":\"https:\\\/\\\/www.bbmnoticias.com\\\/labravaradiofm\\\/#\\\/schema\\\/person\\\/32f1fc7382033a43789e6a250ee81243\"},\"headline\":\"Edil de Oaxaca de Ju\u00e1rez desmarca a Ayuntamiento por detenci\u00f3n de S\u00edndico: \u201cNadie est\u00e1 por encima de la ley\u201d\",\"datePublished\":\"2026-08-28T21:27:35+00:00\",\"dateModified\":\"2026-08-28T21:27:37+00:00\",\"mainEntityOfPage\":{\"@id\":\"https:\\\/\\\/www.bbmnoticias.com\\\/labravaradiofm\\\/2026\\\/08\\\/28\\\/edil-de-oaxaca-de-juarez-desmarca-a-ayuntamiento-por-detencion-de-sindico-nadie-esta-por-encima-de-la-ley\\\/\"},\"wordCount\":560,\"image\":{\"@id\":\"https:\\\/\\\/www.bbmnoticias.com\\\/edil-de-oaxaca-de-juarez-desmarca-a-ayuntamiento-por-detencion-de-sindico-nadie-esta-por-encima-de-la-ley\\\/#primaryimage\"},\"thumbnailUrl\":\"https:\\\/\\\/www.bbmnoticias.com\\\/labravaradiofm\\\/wp-content\\\/uploads\\\/sites\\\/5\\\/2026\\\/08\\\/PY8p9J6J.jpg\",\"articleSection\":[\"LOCAL\"],\"inLanguage\":\"es\"},{\"@type\":\"WebPage\",\"@id\":\"https:\\\/\\\/www.bbmnoticias.com\\\/labravaradiofm\\\/2026\\\/08\\\/28\\\/edil-de-oaxaca-de-juarez-desmarca-a-ayuntamiento-por-detencion-de-sindico-nadie-esta-por-encima-de-la-ley\\\/\",\"url\":\"https:\\\/\\\/www.bbmnoticias.com\\\/edil-de-oaxaca-de-juarez-desmarca-a-ayuntamiento-por-detencion-de-sindico-nadie-esta-por-encima-de-la-ley\\\/\",\"name\":\"Edil de Oaxaca de Ju\u00e1rez desmarca a Ayuntamiento por detenci\u00f3n de S\u00edndico: \u201cNadie est\u00e1 por encima de la ley\u201d - LA BRAVA RADIO\",\"isPartOf\":{\"@id\":\"https:\\\/\\\/www.bbmnoticias.com\\\/labravaradiofm\\\/#website\"},\"primaryImageOfPage\":{\"@id\":\"https:\\\/\\\/www.bbmnoticias.com\\\/edil-de-oaxaca-de-juarez-desmarca-a-ayuntamiento-por-detencion-de-sindico-nadie-esta-por-encima-de-la-ley\\\/#primaryimage\"},\"image\":{\"@id\":\"https:\\\/\\\/www.bbmnoticias.com\\\/edil-de-oaxaca-de-juarez-desmarca-a-ayuntamiento-por-detencion-de-sindico-nadie-esta-por-encima-de-la-ley\\\/#primaryimage\"},\"thumbnailUrl\":\"https:\\\/\\\/www.bbmnoticias.com\\\/labravaradiofm\\\/wp-content\\\/uploads\\\/sites\\\/5\\\/2026\\\/08\\\/PY8p9J6J.jpg\",\"datePublished\":\"2026-08-28T21:27:35+00:00\",\"dateModified\":\"2026-08-28T21:27:37+00:00\",\"author\":{\"@id\":\"https:\\\/\\\/www.bbmnoticias.com\\\/labravaradiofm\\\/#\\\/schema\\\/person\\\/32f1fc7382033a43789e6a250ee81243\"},\"breadcrumb\":{\"@id\":\"https:\\\/\\\/www.bbmnoticias.com\\\/edil-de-oaxaca-de-juarez-desmarca-a-ayuntamiento-por-detencion-de-sindico-nadie-esta-por-encima-de-la-ley\\\/#breadcrumb\"},\"inLanguage\":\"es\",\"potentialAction\":[{\"@type\":\"ReadAction\",\"target\":[\"https:\\\/\\\/www.bbmnoticias.com\\\/edil-de-oaxaca-de-juarez-desmarca-a-ayuntamiento-por-detencion-de-sindico-nadie-esta-por-encima-de-la-ley\\\/\"]}]},{\"@type\":\"ImageObject\",\"inLanguage\":\"es\",\"@id\":\"https:\\\/\\\/www.bbmnoticias.com\\\/edil-de-oaxaca-de-juarez-desmarca-a-ayuntamiento-por-detencion-de-sindico-nadie-esta-por-encima-de-la-ley\\\/#primaryimage\",\"url\":\"https:\\\/\\\/www.bbmnoticias.com\\\/labravaradiofm\\\/wp-content\\\/uploads\\\/sites\\\/5\\\/2026\\\/08\\\/PY8p9J6J.jpg\",\"contentUrl\":\"https:\\\/\\\/www.bbmnoticias.com\\\/labravaradiofm\\\/wp-content\\\/uploads\\\/sites\\\/5\\\/2026\\\/08\\\/PY8p9J6J.jpg\",\"width\":679,\"height\":412},{\"@type\":\"BreadcrumbList\",\"@id\":\"https:\\\/\\\/www.bbmnoticias.com\\\/edil-de-oaxaca-de-juarez-desmarca-a-ayuntamiento-por-detencion-de-sindico-nadie-esta-por-encima-de-la-ley\\\/#breadcrumb\",\"itemListElement\":[{\"@type\":\"ListItem\",\"position\":1,\"name\":\"Inicio\",\"item\":\"https:\\\/\\\/www.bbmnoticias.com\\\/labravaradiofm\\\/\"},{\"@type\":\"ListItem\",\"position\":2,\"name\":\"Edil de Oaxaca de Ju\u00e1rez desmarca a Ayuntamiento por detenci\u00f3n de S\u00edndico: \u201cNadie est\u00e1 por encima de la ley\u201d\"}]},{\"@type\":\"WebSite\",\"@id\":\"https:\\\/\\\/www.bbmnoticias.com\\\/labravaradiofm\\\/#website\",\"url\":\"https:\\\/\\\/www.bbmnoticias.com\\\/labravaradiofm\\\/\",\"name\":\"LA BRAVA RADIO\",\"description\":\"Empresa productora de medios, Radiodifusi\u00f3n, Noticias, tendencias y todo lo que necesitas saber de la pol\u00edtica mexicana e internacional; entretenimiento, espect\u00e1culos, salud y mucho m\u00e1s.\",\"potentialAction\":[{\"@type\":\"SearchAction\",\"target\":{\"@type\":\"EntryPoint\",\"urlTemplate\":\"https:\\\/\\\/www.bbmnoticias.com\\\/labravaradiofm\\\/?s={search_term_string}\"},\"query-input\":{\"@type\":\"PropertyValueSpecification\",\"valueRequired\":true,\"valueName\":\"search_term_string\"}}],\"inLanguage\":\"es\"},{\"@type\":\"Person\",\"@id\":\"https:\\\/\\\/www.bbmnoticias.com\\\/labravaradiofm\\\/#\\\/schema\\\/person\\\/32f1fc7382033a43789e6a250ee81243\",\"name\":\"El Heraldo\",\"image\":{\"@type\":\"ImageObject\",\"inLanguage\":\"es\",\"@id\":\"https:\\\/\\\/secure.gravatar.com\\\/avatar\\\/463017be041288b5a196814ef7242bd62699b857f306e4b5b61b533e8a87f404?s=96&d=mm&r=g\",\"url\":\"https:\\\/\\\/secure.gravatar.com\\\/avatar\\\/463017be041288b5a196814ef7242bd62699b857f306e4b5b61b533e8a87f404?s=96&d=mm&r=g\",\"contentUrl\":\"https:\\\/\\\/secure.gravatar.com\\\/avatar\\\/463017be041288b5a196814ef7242bd62699b857f306e4b5b61b533e8a87f404?s=96&d=mm&r=g\",\"caption\":\"El Heraldo\"},\"url\":\"https:\\\/\\\/www.bbmnoticias.com\\\/labravaradiofm\\\/author\\\/heraldo\\\/\"}]}<\/script>\n<!-- \/ Yoast SEO plugin. -->","yoast_head_json":{"title":"Edil de Oaxaca de Ju\u00e1rez desmarca a Ayuntamiento por detenci\u00f3n de S\u00edndico: \u201cNadie est\u00e1 por encima de la ley\u201d - LA BRAVA RADIO","robots":{"index":"index","follow":"follow","max-snippet":"max-snippet:-1","max-image-preview":"max-image-preview:large","max-video-preview":"max-video-preview:-1"},"canonical":"https:\/\/www.bbmnoticias.com\/edil-de-oaxaca-de-juarez-desmarca-a-ayuntamiento-por-detencion-de-sindico-nadie-esta-por-encima-de-la-ley\/","og_locale":"es_MX","og_type":"article","og_title":"Edil de Oaxaca de Ju\u00e1rez desmarca a Ayuntamiento por detenci\u00f3n de S\u00edndico: \u201cNadie est\u00e1 por encima de la ley\u201d - LA BRAVA RADIO","og_description":"El alcalde de Oaxaca de Ju\u00e1rez rechaza que el proceso por robo y da\u00f1o patrimonial golpee al Ayuntamiento y advierte que las actuaciones personales deber\u00e1n responderse ante las autoridades. El presidente municipal de Oaxaca de Ju\u00e1rez, Ray Chagoya, puso distancia entre su gobierno y el proceso penal que enfrenta un s\u00edndico municipal, Ricardo Ram\u00edrez P., [&hellip;]","og_url":"https:\/\/www.bbmnoticias.com\/edil-de-oaxaca-de-juarez-desmarca-a-ayuntamiento-por-detencion-de-sindico-nadie-esta-por-encima-de-la-ley\/","og_site_name":"LA BRAVA RADIO","article_published_time":"2026-08-28T21:27:35+00:00","article_modified_time":"2026-08-28T21:27:37+00:00","og_image":[{"width":679,"height":412,"url":"https:\/\/www.bbmnoticias.com\/labravaradiofm\/wp-content\/uploads\/sites\/5\/2026\/08\/PY8p9J6J.jpg","type":"image\/jpeg"}],"author":"El Heraldo","twitter_card":"summary_large_image","twitter_misc":{"Escrito por":"El Heraldo","Tiempo de lectura":"3 minutos"},"schema":{"@context":"https:\/\/schema.org","@graph":[{"@type":"Article","@id":"https:\/\/www.bbmnoticias.com\/edil-de-oaxaca-de-juarez-desmarca-a-ayuntamiento-por-detencion-de-sindico-nadie-esta-por-encima-de-la-ley\/#article","isPartOf":{"@id":"https:\/\/www.bbmnoticias.com\/labravaradiofm\/2026\/08\/28\/edil-de-oaxaca-de-juarez-desmarca-a-ayuntamiento-por-detencion-de-sindico-nadie-esta-por-encima-de-la-ley\/"},"author":{"name":"El Heraldo","@id":"https:\/\/www.bbmnoticias.com\/labravaradiofm\/#\/schema\/person\/32f1fc7382033a43789e6a250ee81243"},"headline":"Edil de Oaxaca de Ju\u00e1rez desmarca a Ayuntamiento por detenci\u00f3n de S\u00edndico: \u201cNadie est\u00e1 por encima de la ley\u201d","datePublished":"2026-08-28T21:27:35+00:00","dateModified":"2026-08-28T21:27:37+00:00","mainEntityOfPage":{"@id":"https:\/\/www.bbmnoticias.com\/labravaradiofm\/2026\/08\/28\/edil-de-oaxaca-de-juarez-desmarca-a-ayuntamiento-por-detencion-de-sindico-nadie-esta-por-encima-de-la-ley\/"},"wordCount":560,"image":{"@id":"https:\/\/www.bbmnoticias.com\/edil-de-oaxaca-de-juarez-desmarca-a-ayuntamiento-por-detencion-de-sindico-nadie-esta-por-encima-de-la-ley\/#primaryimage"},"thumbnailUrl":"https:\/\/www.bbmnoticias.com\/labravaradiofm\/wp-content\/uploads\/sites\/5\/2026\/08\/PY8p9J6J.jpg","articleSection":["LOCAL"],"inLanguage":"es"},{"@type":"WebPage","@id":"https:\/\/www.bbmnoticias.com\/labravaradiofm\/2026\/08\/28\/edil-de-oaxaca-de-juarez-desmarca-a-ayuntamiento-por-detencion-de-sindico-nadie-esta-por-encima-de-la-ley\/","url":"https:\/\/www.bbmnoticias.com\/edil-de-oaxaca-de-juarez-desmarca-a-ayuntamiento-por-detencion-de-sindico-nadie-esta-por-encima-de-la-ley\/","name":"Edil de Oaxaca de Ju\u00e1rez desmarca a Ayuntamiento por detenci\u00f3n de S\u00edndico: \u201cNadie est\u00e1 por encima de la ley\u201d - LA BRAVA RADIO","isPartOf":{"@id":"https:\/\/www.bbmnoticias.com\/labravaradiofm\/#website"},"primaryImageOfPage":{"@id":"https:\/\/www.bbmnoticias.com\/edil-de-oaxaca-de-juarez-desmarca-a-ayuntamiento-por-detencion-de-sindico-nadie-esta-por-encima-de-la-ley\/#primaryimage"},"image":{"@id":"https:\/\/www.bbmnoticias.com\/edil-de-oaxaca-de-juarez-desmarca-a-ayuntamiento-por-detencion-de-sindico-nadie-esta-por-encima-de-la-ley\/#primaryimage"},"thumbnailUrl":"https:\/\/www.bbmnoticias.com\/labravaradiofm\/wp-content\/uploads\/sites\/5\/2026\/08\/PY8p9J6J.jpg","datePublished":"2026-08-28T21:27:35+00:00","dateModified":"2026-08-28T21:27:37+00:00","author":{"@id":"https:\/\/www.bbmnoticias.com\/labravaradiofm\/#\/schema\/person\/32f1fc7382033a43789e6a250ee81243"},"breadcrumb":{"@id":"https:\/\/www.bbmnoticias.com\/edil-de-oaxaca-de-juarez-desmarca-a-ayuntamiento-por-detencion-de-sindico-nadie-esta-por-encima-de-la-ley\/#breadcrumb"},"inLanguage":"es","potentialAction":[{"@type":"ReadAction","target":["https:\/\/www.bbmnoticias.com\/edil-de-oaxaca-de-juarez-desmarca-a-ayuntamiento-por-detencion-de-sindico-nadie-esta-por-encima-de-la-ley\/"]}]},{"@type":"ImageObject","inLanguage":"es","@id":"https:\/\/www.bbmnoticias.com\/edil-de-oaxaca-de-juarez-desmarca-a-ayuntamiento-por-detencion-de-sindico-nadie-esta-por-encima-de-la-ley\/#primaryimage","url":"https:\/\/www.bbmnoticias.com\/labravaradiofm\/wp-content\/uploads\/sites\/5\/2026\/08\/PY8p9J6J.jpg","contentUrl":"https:\/\/www.bbmnoticias.com\/labravaradiofm\/wp-content\/uploads\/sites\/5\/2026\/08\/PY8p9J6J.jpg","width":679,"height":412},{"@type":"BreadcrumbList","@id":"https:\/\/www.bbmnoticias.com\/edil-de-oaxaca-de-juarez-desmarca-a-ayuntamiento-por-detencion-de-sindico-nadie-esta-por-encima-de-la-ley\/#breadcrumb","itemListElement":[{"@type":"ListItem","position":1,"name":"Inicio","item":"https:\/\/www.bbmnoticias.com\/labravaradiofm\/"},{"@type":"ListItem","position":2,"name":"Edil de Oaxaca de Ju\u00e1rez desmarca a Ayuntamiento por detenci\u00f3n de S\u00edndico: \u201cNadie est\u00e1 por encima de la ley\u201d"}]},{"@type":"WebSite","@id":"https:\/\/www.bbmnoticias.com\/labravaradiofm\/#website","url":"https:\/\/www.bbmnoticias.com\/labravaradiofm\/","name":"LA BRAVA RADIO","description":"Empresa productora de medios, Radiodifusi\u00f3n, Noticias, tendencias y todo lo que necesitas saber de la pol\u00edtica mexicana e internacional; entretenimiento, espect\u00e1culos, salud y mucho m\u00e1s.","potentialAction":[{"@type":"SearchAction","target":{"@type":"EntryPoint","urlTemplate":"https:\/\/www.bbmnoticias.com\/labravaradiofm\/?s={search_term_string}"},"query-input":{"@type":"PropertyValueSpecification","valueRequired":true,"valueName":"search_term_string"}}],"inLanguage":"es"},{"@type":"Person","@id":"https:\/\/www.bbmnoticias.com\/labravaradiofm\/#\/schema\/person\/32f1fc7382033a43789e6a250ee81243","name":"El Heraldo","image":{"@type":"ImageObject","inLanguage":"es","@id":"https:\/\/secure.gravatar.com\/avatar\/463017be041288b5a196814ef7242bd62699b857f306e4b5b61b533e8a87f404?s=96&d=mm&r=g","url":"https:\/\/secure.gravatar.com\/avatar\/463017be041288b5a196814ef7242bd62699b857f306e4b5b61b533e8a87f404?s=96&d=mm&r=g","contentUrl":"https:\/\/secure.gravatar.com\/avatar\/463017be041288b5a196814ef7242bd62699b857f306e4b5b61b533e8a87f404?s=96&d=mm&r=g","caption":"El Heraldo"},"url":"https:\/\/www.bbmnoticias.com\/labravaradiofm\/author\/heraldo\/"}]}},"_links":{"self":[{"href":"https:\/\/www.bbmnoticias.com\/labravaradiofm\/wp-json\/wp\/v2\/posts\/81225","targetHints":{"allow":["GET"]}}],"collection":[{"href":"https:\/\/www.bbmnoticias.com\/labravaradiofm\/wp-json\/wp\/v2\/posts"}],"about":[{"href":"https:\/\/www.bbmnoticias.com\/labravaradiofm\/wp-json\/wp\/v2\/types\/post"}],"author":[{"embeddable":true,"href":"https:\/\/www.bbmnoticias.com\/labravaradiofm\/wp-json\/wp\/v2\/users\/15"}],"replies":[{"embeddable":true,"href":"https:\/\/www.bbmnoticias.com\/labravaradiofm\/wp-json\/wp\/v2\/comments?post=81225"}],"version-history":[{"count":1,"href":"https:\/\/www.bbmnoticias.com\/labravaradiofm\/wp-json\/wp\/v2\/posts\/81225\/revisions"}],"predecessor-version":[{"id":81226,"href":"https:\/\/www.bbmnoticias.com\/labravaradiofm\/wp-json\/wp\/v2\/posts\/81225\/revisions\/81226"}],"wp:featuredmedia":[{"embeddable":true,"href":"https:\/\/www.bbmnoticias.com\/labravaradiofm\/wp-json\/wp\/v2\/media\/81227"}],"wp:attachment":[{"href":"https:\/\/www.bbmnoticias.com\/labravaradiofm\/wp-json\/wp\/v2\/media?parent=81225"}],"wp:term":[{"taxonomy":"category","embeddable":true,"href":"https:\/\/www.bbmnoticias.com\/labravaradiofm\/wp-json\/wp\/v2\/categories?post=81225"},{"taxonomy":"post_tag","embeddable":true,"href":"https:\/\/www.bbmnoticias.com\/labravaradiofm\/wp-json\/wp\/v2\/tags?post=81225"}],"curies":[{"name":"wp","href":"https:\/\/api.w.org\/{rel}","templated":true}]}}