{"id":81219,"date":"2026-08-28T14:25:48","date_gmt":"2026-08-28T20:25:48","guid":{"rendered":"https:\/\/www.bbmnoticias.com\/labravaradiofm\/2026\/08\/28\/pacientes-familiares-y-trabajadores-protestan-por-falla-en-elevador-de-pediatria-del-hospital-civil-de-oaxaca\/"},"modified":"2026-08-28T14:29:47","modified_gmt":"2026-08-28T20:29:47","slug":"pacientes-familiares-y-trabajadores-protestan-por-falla-en-elevador-de-pediatria-del-hospital-civil-de-oaxaca","status":"publish","type":"post","link":"https:\/\/www.bbmnoticias.com\/labravaradiofm\/2026\/08\/28\/pacientes-familiares-y-trabajadores-protestan-por-falla-en-elevador-de-pediatria-del-hospital-civil-de-oaxaca\/","title":{"rendered":"Pacientes, familiares y trabajadores  protestan por falla en elevador de Pediatr\u00eda del Hospital Civil de Oaxaca"},"content":{"rendered":"\n<h3 class=\"wp-block-heading\">Pacientes, familiares y trabajadores protestan por las dificultades para trasladar a menores y personas con movilidad limitada; IMSS-Bienestar reconoce que la reparaci\u00f3n podr\u00eda tardar un mes<\/h3>\n\n\n\n<p class=\"wp-block-paragraph\"><strong>Oaxaca de Ju\u00e1rez, Oaxaca.\u2014<\/strong> La falta de funcionamiento del elevador del \u00e1rea de Pediatr\u00eda del Hospital Civil de Oaxaca provoc\u00f3 nuevas protestas de pacientes, familiares, personal m\u00e9dico y trabajadores, quienes exigieron al IMSS-Bienestar una soluci\u00f3n urgente ante las dificultades que enfrentan para trasladar a los pacientes dentro del nosocomio.<\/p>\n\n\n\n<p class=\"wp-block-paragraph\">Con pancartas y bloqueos intermitentes en vialidades cercanas al hospital, los inconformes denunciaron que el elevador permanece fuera de servicio desde julio, situaci\u00f3n que, aseguran, complica especialmente el traslado de reci\u00e9n nacidos, ni\u00f1as y ni\u00f1os, mujeres en periodo de lactancia y personas con movilidad limitada.<\/p>\n\n\n\n<p class=\"wp-block-paragraph\">Los manifestantes cuestionaron la falta de una respuesta inmediata de las autoridades y advirtieron que mantener fuera de operaci\u00f3n un elevador indispensable en un hospital representa un riesgo para pacientes que requieren atenci\u00f3n y traslado oportuno.<\/p>\n\n\n\n<h3 class=\"wp-block-heading\">Reparaci\u00f3n tardar\u00eda alrededor de un mes<\/h3>\n\n\n\n<p class=\"wp-block-paragraph\">Ante la inconformidad, el coordinador de Infraestructura del IMSS-Bienestar, <strong>Carlos Bautista Leyva<\/strong>, reconoci\u00f3 que el elevador de Pediatr\u00eda presenta una falla seria y que su reparaci\u00f3n no ser\u00e1 sencilla ni inmediata.<\/p>\n\n\n\n<p class=\"wp-block-paragraph\">De acuerdo con el funcionario, la empresa encargada de los trabajos inform\u00f3 que pr\u00e1cticamente ser\u00e1 necesario renovar el sistema del elevador, proceso que podr\u00eda tomar <strong>alrededor de un mes<\/strong>.<\/p>\n\n\n\n<p class=\"wp-block-paragraph\">Bautista Leyva se\u00f1al\u00f3 que se trabaja con la empresa para tratar de acelerar los tiempos de reparaci\u00f3n y explic\u00f3 que, mientras se resuelve la falla, se implement\u00f3 una gu\u00eda hospitalaria para realizar los traslados de pacientes por otras v\u00edas y evitar afectaciones en la atenci\u00f3n m\u00e9dica.<\/p>\n\n\n\n<h3 class=\"wp-block-heading\">Hospital Civil, \u201cpr\u00e1cticamente colapsado\u201d<\/h3>\n\n\n\n<p class=\"wp-block-paragraph\">El funcionario tambi\u00e9n reconoci\u00f3 que la problem\u00e1tica del elevador ocurre en un contexto de deterioro y saturaci\u00f3n de la infraestructura hospitalaria.<\/p>\n\n\n\n<p class=\"wp-block-paragraph\">Bautista Leyva se\u00f1al\u00f3 que el Hospital Civil de Oaxaca se encuentra <strong>\u201cpr\u00e1cticamente colapsado\u201d<\/strong>, por lo que consider\u00f3 necesaria la construcci\u00f3n de un nuevo nosocomio que permita ofrecer una atenci\u00f3n adecuada a la poblaci\u00f3n.<\/p>\n\n\n\n<p class=\"wp-block-paragraph\">A la par, trabajadores sindicalizados de la Secci\u00f3n 35 mantienen una protesta en demanda de la soluci\u00f3n al problema del elevador y por otras exigencias laborales.<\/p>\n\n\n\n<p class=\"wp-block-paragraph\">El coordinador de Infraestructura del IMSS-Bienestar manifest\u00f3 su disposici\u00f3n para dialogar con los trabajadores y buscar acuerdos que permitan atender sus demandas sin generar mayores afectaciones a los pacientes.<\/p>\n\n\n\n<p class=\"wp-block-paragraph\">Mientras tanto, pacientes y familiares contin\u00faan a la espera de una soluci\u00f3n definitiva al problema del elevador y de mayor certeza sobre el futuro del Hospital Civil de Oaxaca, cuya infraestructura enfrenta cada vez mayores dificultades para responder a la demanda de atenci\u00f3n m\u00e9dica.<\/p>\n\n\n\n<p class=\"wp-block-paragraph\"><\/p>\n","protected":false},"excerpt":{"rendered":"<p>Pacientes, familiares y trabajadores protestan por las dificultades para trasladar a menores y personas con movilidad limitada; IMSS-Bienestar reconoce que la reparaci\u00f3n podr\u00eda tardar un mes Oaxaca de Ju\u00e1rez, Oaxaca.\u2014 La falta de funcionamiento del elevador del \u00e1rea de Pediatr\u00eda del Hospital Civil de Oaxaca provoc\u00f3 nuevas protestas de pacientes, familiares, personal m\u00e9dico y trabajadores, [&hellip;]<\/p>\n","protected":false},"author":2,"featured_media":81221,"comment_status":"closed","ping_status":"open","sticky":false,"template":"","format":"standard","meta":{"footnotes":""},"categories":[2],"tags":[],"class_list":["post-81219","post","type-post","status-publish","format-standard","has-post-thumbnail","hentry","category-oaxaca"],"yoast_head":"<!-- This site is optimized with the Yoast SEO plugin v28.1 - https:\/\/yoast.com\/product\/yoast-seo-wordpress\/ -->\n<title>Pacientes, familiares y trabajadores protestan por falla en elevador de Pediatr\u00eda del Hospital Civil de Oaxaca - LA BRAVA RADIO<\/title>\n<meta name=\"robots\" content=\"index, follow, max-snippet:-1, max-image-preview:large, max-video-preview:-1\" \/>\n<link rel=\"canonical\" href=\"https:\/\/www.bbmnoticias.com\/pacientes-familiares-y-trabajadores-protestan-por-falla-en-elevador-de-pediatria-del-hospital-civil-de-oaxaca\/\" \/>\n<meta property=\"og:locale\" content=\"es_MX\" \/>\n<meta property=\"og:type\" content=\"article\" \/>\n<meta property=\"og:title\" content=\"Pacientes, familiares y trabajadores protestan por falla en elevador de Pediatr\u00eda del Hospital Civil de Oaxaca - LA BRAVA RADIO\" \/>\n<meta property=\"og:description\" content=\"Pacientes, familiares y trabajadores protestan por las dificultades para trasladar a menores y personas con movilidad limitada; IMSS-Bienestar reconoce que la reparaci\u00f3n podr\u00eda tardar un mes Oaxaca de Ju\u00e1rez, Oaxaca.\u2014 La falta de funcionamiento del elevador del \u00e1rea de Pediatr\u00eda del Hospital Civil de Oaxaca provoc\u00f3 nuevas protestas de pacientes, familiares, personal m\u00e9dico y trabajadores, [&hellip;]\" \/>\n<meta property=\"og:url\" content=\"https:\/\/www.bbmnoticias.com\/pacientes-familiares-y-trabajadores-protestan-por-falla-en-elevador-de-pediatria-del-hospital-civil-de-oaxaca\/\" \/>\n<meta property=\"og:site_name\" content=\"LA BRAVA RADIO\" \/>\n<meta property=\"article:published_time\" content=\"2026-08-28T20:25:48+00:00\" \/>\n<meta property=\"article:modified_time\" content=\"2026-08-28T20:29:47+00:00\" \/>\n<meta property=\"og:image\" content=\"https:\/\/www.bbmnoticias.com\/labravaradiofm\/wp-content\/uploads\/sites\/5\/2026\/08\/HQ1Rw26W4AA_4eX.jpg\" \/>\n\t<meta property=\"og:image:width\" content=\"680\" \/>\n\t<meta property=\"og:image:height\" content=\"596\" \/>\n\t<meta property=\"og:image:type\" content=\"image\/jpeg\" \/>\n<meta name=\"author\" content=\"Staff\" \/>\n<meta name=\"twitter:card\" content=\"summary_large_image\" \/>\n<meta name=\"twitter:label1\" content=\"Escrito por\" \/>\n\t<meta name=\"twitter:data1\" content=\"Staff\" \/>\n\t<meta name=\"twitter:label2\" content=\"Tiempo de lectura\" \/>\n\t<meta name=\"twitter:data2\" content=\"3 minutos\" \/>\n<script type=\"application\/ld+json\" class=\"yoast-schema-graph\">{\"@context\":\"https:\\\/\\\/schema.org\",\"@graph\":[{\"@type\":\"Article\",\"@id\":\"https:\\\/\\\/www.bbmnoticias.com\\\/pacientes-familiares-y-trabajadores-protestan-por-falla-en-elevador-de-pediatria-del-hospital-civil-de-oaxaca\\\/#article\",\"isPartOf\":{\"@id\":\"https:\\\/\\\/www.bbmnoticias.com\\\/labravaradiofm\\\/2026\\\/08\\\/28\\\/pacientes-familiares-y-trabajadores-protestan-por-falla-en-elevador-de-pediatria-del-hospital-civil-de-oaxaca\\\/\"},\"author\":{\"name\":\"Staff\",\"@id\":\"https:\\\/\\\/www.bbmnoticias.com\\\/labravaradiofm\\\/#\\\/schema\\\/person\\\/9eb037257fc48a09cdf31d9a2f45619f\"},\"headline\":\"Pacientes, familiares y trabajadores protestan por falla en elevador de Pediatr\u00eda del Hospital Civil de Oaxaca\",\"datePublished\":\"2026-08-28T20:25:48+00:00\",\"dateModified\":\"2026-08-28T20:29:47+00:00\",\"mainEntityOfPage\":{\"@id\":\"https:\\\/\\\/www.bbmnoticias.com\\\/labravaradiofm\\\/2026\\\/08\\\/28\\\/pacientes-familiares-y-trabajadores-protestan-por-falla-en-elevador-de-pediatria-del-hospital-civil-de-oaxaca\\\/\"},\"wordCount\":481,\"image\":{\"@id\":\"https:\\\/\\\/www.bbmnoticias.com\\\/pacientes-familiares-y-trabajadores-protestan-por-falla-en-elevador-de-pediatria-del-hospital-civil-de-oaxaca\\\/#primaryimage\"},\"thumbnailUrl\":\"https:\\\/\\\/www.bbmnoticias.com\\\/labravaradiofm\\\/wp-content\\\/uploads\\\/sites\\\/5\\\/2026\\\/08\\\/HQ1Rw26W4AA_4eX.jpg\",\"articleSection\":[\"LOCAL\"],\"inLanguage\":\"es\"},{\"@type\":\"WebPage\",\"@id\":\"https:\\\/\\\/www.bbmnoticias.com\\\/labravaradiofm\\\/2026\\\/08\\\/28\\\/pacientes-familiares-y-trabajadores-protestan-por-falla-en-elevador-de-pediatria-del-hospital-civil-de-oaxaca\\\/\",\"url\":\"https:\\\/\\\/www.bbmnoticias.com\\\/pacientes-familiares-y-trabajadores-protestan-por-falla-en-elevador-de-pediatria-del-hospital-civil-de-oaxaca\\\/\",\"name\":\"Pacientes, familiares y trabajadores protestan por falla en elevador de Pediatr\u00eda del Hospital Civil de Oaxaca - LA BRAVA RADIO\",\"isPartOf\":{\"@id\":\"https:\\\/\\\/www.bbmnoticias.com\\\/labravaradiofm\\\/#website\"},\"primaryImageOfPage\":{\"@id\":\"https:\\\/\\\/www.bbmnoticias.com\\\/pacientes-familiares-y-trabajadores-protestan-por-falla-en-elevador-de-pediatria-del-hospital-civil-de-oaxaca\\\/#primaryimage\"},\"image\":{\"@id\":\"https:\\\/\\\/www.bbmnoticias.com\\\/pacientes-familiares-y-trabajadores-protestan-por-falla-en-elevador-de-pediatria-del-hospital-civil-de-oaxaca\\\/#primaryimage\"},\"thumbnailUrl\":\"https:\\\/\\\/www.bbmnoticias.com\\\/labravaradiofm\\\/wp-content\\\/uploads\\\/sites\\\/5\\\/2026\\\/08\\\/HQ1Rw26W4AA_4eX.jpg\",\"datePublished\":\"2026-08-28T20:25:48+00:00\",\"dateModified\":\"2026-08-28T20:29:47+00:00\",\"author\":{\"@id\":\"https:\\\/\\\/www.bbmnoticias.com\\\/labravaradiofm\\\/#\\\/schema\\\/person\\\/9eb037257fc48a09cdf31d9a2f45619f\"},\"breadcrumb\":{\"@id\":\"https:\\\/\\\/www.bbmnoticias.com\\\/pacientes-familiares-y-trabajadores-protestan-por-falla-en-elevador-de-pediatria-del-hospital-civil-de-oaxaca\\\/#breadcrumb\"},\"inLanguage\":\"es\",\"potentialAction\":[{\"@type\":\"ReadAction\",\"target\":[\"https:\\\/\\\/www.bbmnoticias.com\\\/pacientes-familiares-y-trabajadores-protestan-por-falla-en-elevador-de-pediatria-del-hospital-civil-de-oaxaca\\\/\"]}]},{\"@type\":\"ImageObject\",\"inLanguage\":\"es\",\"@id\":\"https:\\\/\\\/www.bbmnoticias.com\\\/pacientes-familiares-y-trabajadores-protestan-por-falla-en-elevador-de-pediatria-del-hospital-civil-de-oaxaca\\\/#primaryimage\",\"url\":\"https:\\\/\\\/www.bbmnoticias.com\\\/labravaradiofm\\\/wp-content\\\/uploads\\\/sites\\\/5\\\/2026\\\/08\\\/HQ1Rw26W4AA_4eX.jpg\",\"contentUrl\":\"https:\\\/\\\/www.bbmnoticias.com\\\/labravaradiofm\\\/wp-content\\\/uploads\\\/sites\\\/5\\\/2026\\\/08\\\/HQ1Rw26W4AA_4eX.jpg\",\"width\":680,\"height\":596},{\"@type\":\"BreadcrumbList\",\"@id\":\"https:\\\/\\\/www.bbmnoticias.com\\\/pacientes-familiares-y-trabajadores-protestan-por-falla-en-elevador-de-pediatria-del-hospital-civil-de-oaxaca\\\/#breadcrumb\",\"itemListElement\":[{\"@type\":\"ListItem\",\"position\":1,\"name\":\"Inicio\",\"item\":\"https:\\\/\\\/www.bbmnoticias.com\\\/labravaradiofm\\\/\"},{\"@type\":\"ListItem\",\"position\":2,\"name\":\"Pacientes, familiares y trabajadores protestan por falla en elevador de Pediatr\u00eda del Hospital Civil de Oaxaca\"}]},{\"@type\":\"WebSite\",\"@id\":\"https:\\\/\\\/www.bbmnoticias.com\\\/labravaradiofm\\\/#website\",\"url\":\"https:\\\/\\\/www.bbmnoticias.com\\\/labravaradiofm\\\/\",\"name\":\"LA BRAVA RADIO\",\"description\":\"Empresa productora de medios, Radiodifusi\u00f3n, Noticias, tendencias y todo lo que necesitas saber de la pol\u00edtica mexicana e internacional; entretenimiento, espect\u00e1culos, salud y mucho m\u00e1s.\",\"potentialAction\":[{\"@type\":\"SearchAction\",\"target\":{\"@type\":\"EntryPoint\",\"urlTemplate\":\"https:\\\/\\\/www.bbmnoticias.com\\\/labravaradiofm\\\/?s={search_term_string}\"},\"query-input\":{\"@type\":\"PropertyValueSpecification\",\"valueRequired\":true,\"valueName\":\"search_term_string\"}}],\"inLanguage\":\"es\"},{\"@type\":\"Person\",\"@id\":\"https:\\\/\\\/www.bbmnoticias.com\\\/labravaradiofm\\\/#\\\/schema\\\/person\\\/9eb037257fc48a09cdf31d9a2f45619f\",\"name\":\"Staff\",\"image\":{\"@type\":\"ImageObject\",\"inLanguage\":\"es\",\"@id\":\"https:\\\/\\\/secure.gravatar.com\\\/avatar\\\/fdd21ad66fd8b98c407f9dee5b5e588cfe7f0d8579ec20fa6527cd59bab7f0f0?s=96&d=mm&r=g\",\"url\":\"https:\\\/\\\/secure.gravatar.com\\\/avatar\\\/fdd21ad66fd8b98c407f9dee5b5e588cfe7f0d8579ec20fa6527cd59bab7f0f0?s=96&d=mm&r=g\",\"contentUrl\":\"https:\\\/\\\/secure.gravatar.com\\\/avatar\\\/fdd21ad66fd8b98c407f9dee5b5e588cfe7f0d8579ec20fa6527cd59bab7f0f0?s=96&d=mm&r=g\",\"caption\":\"Staff\"},\"url\":\"https:\\\/\\\/www.bbmnoticias.com\\\/labravaradiofm\\\/author\\\/redaccion\\\/\"}]}<\/script>\n<!-- \/ Yoast SEO plugin. -->","yoast_head_json":{"title":"Pacientes, familiares y trabajadores protestan por falla en elevador de Pediatr\u00eda del Hospital Civil de Oaxaca - LA BRAVA RADIO","robots":{"index":"index","follow":"follow","max-snippet":"max-snippet:-1","max-image-preview":"max-image-preview:large","max-video-preview":"max-video-preview:-1"},"canonical":"https:\/\/www.bbmnoticias.com\/pacientes-familiares-y-trabajadores-protestan-por-falla-en-elevador-de-pediatria-del-hospital-civil-de-oaxaca\/","og_locale":"es_MX","og_type":"article","og_title":"Pacientes, familiares y trabajadores protestan por falla en elevador de Pediatr\u00eda del Hospital Civil de Oaxaca - LA BRAVA RADIO","og_description":"Pacientes, familiares y trabajadores protestan por las dificultades para trasladar a menores y personas con movilidad limitada; IMSS-Bienestar reconoce que la reparaci\u00f3n podr\u00eda tardar un mes Oaxaca de Ju\u00e1rez, Oaxaca.\u2014 La falta de funcionamiento del elevador del \u00e1rea de Pediatr\u00eda del Hospital Civil de Oaxaca provoc\u00f3 nuevas protestas de pacientes, familiares, personal m\u00e9dico y trabajadores, [&hellip;]","og_url":"https:\/\/www.bbmnoticias.com\/pacientes-familiares-y-trabajadores-protestan-por-falla-en-elevador-de-pediatria-del-hospital-civil-de-oaxaca\/","og_site_name":"LA BRAVA RADIO","article_published_time":"2026-08-28T20:25:48+00:00","article_modified_time":"2026-08-28T20:29:47+00:00","og_image":[{"width":680,"height":596,"url":"https:\/\/www.bbmnoticias.com\/labravaradiofm\/wp-content\/uploads\/sites\/5\/2026\/08\/HQ1Rw26W4AA_4eX.jpg","type":"image\/jpeg"}],"author":"Staff","twitter_card":"summary_large_image","twitter_misc":{"Escrito por":"Staff","Tiempo de lectura":"3 minutos"},"schema":{"@context":"https:\/\/schema.org","@graph":[{"@type":"Article","@id":"https:\/\/www.bbmnoticias.com\/pacientes-familiares-y-trabajadores-protestan-por-falla-en-elevador-de-pediatria-del-hospital-civil-de-oaxaca\/#article","isPartOf":{"@id":"https:\/\/www.bbmnoticias.com\/labravaradiofm\/2026\/08\/28\/pacientes-familiares-y-trabajadores-protestan-por-falla-en-elevador-de-pediatria-del-hospital-civil-de-oaxaca\/"},"author":{"name":"Staff","@id":"https:\/\/www.bbmnoticias.com\/labravaradiofm\/#\/schema\/person\/9eb037257fc48a09cdf31d9a2f45619f"},"headline":"Pacientes, familiares y trabajadores protestan por falla en elevador de Pediatr\u00eda del Hospital Civil de Oaxaca","datePublished":"2026-08-28T20:25:48+00:00","dateModified":"2026-08-28T20:29:47+00:00","mainEntityOfPage":{"@id":"https:\/\/www.bbmnoticias.com\/labravaradiofm\/2026\/08\/28\/pacientes-familiares-y-trabajadores-protestan-por-falla-en-elevador-de-pediatria-del-hospital-civil-de-oaxaca\/"},"wordCount":481,"image":{"@id":"https:\/\/www.bbmnoticias.com\/pacientes-familiares-y-trabajadores-protestan-por-falla-en-elevador-de-pediatria-del-hospital-civil-de-oaxaca\/#primaryimage"},"thumbnailUrl":"https:\/\/www.bbmnoticias.com\/labravaradiofm\/wp-content\/uploads\/sites\/5\/2026\/08\/HQ1Rw26W4AA_4eX.jpg","articleSection":["LOCAL"],"inLanguage":"es"},{"@type":"WebPage","@id":"https:\/\/www.bbmnoticias.com\/labravaradiofm\/2026\/08\/28\/pacientes-familiares-y-trabajadores-protestan-por-falla-en-elevador-de-pediatria-del-hospital-civil-de-oaxaca\/","url":"https:\/\/www.bbmnoticias.com\/pacientes-familiares-y-trabajadores-protestan-por-falla-en-elevador-de-pediatria-del-hospital-civil-de-oaxaca\/","name":"Pacientes, familiares y trabajadores protestan por falla en elevador de Pediatr\u00eda del Hospital Civil de Oaxaca - LA BRAVA RADIO","isPartOf":{"@id":"https:\/\/www.bbmnoticias.com\/labravaradiofm\/#website"},"primaryImageOfPage":{"@id":"https:\/\/www.bbmnoticias.com\/pacientes-familiares-y-trabajadores-protestan-por-falla-en-elevador-de-pediatria-del-hospital-civil-de-oaxaca\/#primaryimage"},"image":{"@id":"https:\/\/www.bbmnoticias.com\/pacientes-familiares-y-trabajadores-protestan-por-falla-en-elevador-de-pediatria-del-hospital-civil-de-oaxaca\/#primaryimage"},"thumbnailUrl":"https:\/\/www.bbmnoticias.com\/labravaradiofm\/wp-content\/uploads\/sites\/5\/2026\/08\/HQ1Rw26W4AA_4eX.jpg","datePublished":"2026-08-28T20:25:48+00:00","dateModified":"2026-08-28T20:29:47+00:00","author":{"@id":"https:\/\/www.bbmnoticias.com\/labravaradiofm\/#\/schema\/person\/9eb037257fc48a09cdf31d9a2f45619f"},"breadcrumb":{"@id":"https:\/\/www.bbmnoticias.com\/pacientes-familiares-y-trabajadores-protestan-por-falla-en-elevador-de-pediatria-del-hospital-civil-de-oaxaca\/#breadcrumb"},"inLanguage":"es","potentialAction":[{"@type":"ReadAction","target":["https:\/\/www.bbmnoticias.com\/pacientes-familiares-y-trabajadores-protestan-por-falla-en-elevador-de-pediatria-del-hospital-civil-de-oaxaca\/"]}]},{"@type":"ImageObject","inLanguage":"es","@id":"https:\/\/www.bbmnoticias.com\/pacientes-familiares-y-trabajadores-protestan-por-falla-en-elevador-de-pediatria-del-hospital-civil-de-oaxaca\/#primaryimage","url":"https:\/\/www.bbmnoticias.com\/labravaradiofm\/wp-content\/uploads\/sites\/5\/2026\/08\/HQ1Rw26W4AA_4eX.jpg","contentUrl":"https:\/\/www.bbmnoticias.com\/labravaradiofm\/wp-content\/uploads\/sites\/5\/2026\/08\/HQ1Rw26W4AA_4eX.jpg","width":680,"height":596},{"@type":"BreadcrumbList","@id":"https:\/\/www.bbmnoticias.com\/pacientes-familiares-y-trabajadores-protestan-por-falla-en-elevador-de-pediatria-del-hospital-civil-de-oaxaca\/#breadcrumb","itemListElement":[{"@type":"ListItem","position":1,"name":"Inicio","item":"https:\/\/www.bbmnoticias.com\/labravaradiofm\/"},{"@type":"ListItem","position":2,"name":"Pacientes, familiares y trabajadores protestan por falla en elevador de Pediatr\u00eda del Hospital Civil de Oaxaca"}]},{"@type":"WebSite","@id":"https:\/\/www.bbmnoticias.com\/labravaradiofm\/#website","url":"https:\/\/www.bbmnoticias.com\/labravaradiofm\/","name":"LA BRAVA RADIO","description":"Empresa productora de medios, Radiodifusi\u00f3n, Noticias, tendencias y todo lo que necesitas saber de la pol\u00edtica mexicana e internacional; entretenimiento, espect\u00e1culos, salud y mucho m\u00e1s.","potentialAction":[{"@type":"SearchAction","target":{"@type":"EntryPoint","urlTemplate":"https:\/\/www.bbmnoticias.com\/labravaradiofm\/?s={search_term_string}"},"query-input":{"@type":"PropertyValueSpecification","valueRequired":true,"valueName":"search_term_string"}}],"inLanguage":"es"},{"@type":"Person","@id":"https:\/\/www.bbmnoticias.com\/labravaradiofm\/#\/schema\/person\/9eb037257fc48a09cdf31d9a2f45619f","name":"Staff","image":{"@type":"ImageObject","inLanguage":"es","@id":"https:\/\/secure.gravatar.com\/avatar\/fdd21ad66fd8b98c407f9dee5b5e588cfe7f0d8579ec20fa6527cd59bab7f0f0?s=96&d=mm&r=g","url":"https:\/\/secure.gravatar.com\/avatar\/fdd21ad66fd8b98c407f9dee5b5e588cfe7f0d8579ec20fa6527cd59bab7f0f0?s=96&d=mm&r=g","contentUrl":"https:\/\/secure.gravatar.com\/avatar\/fdd21ad66fd8b98c407f9dee5b5e588cfe7f0d8579ec20fa6527cd59bab7f0f0?s=96&d=mm&r=g","caption":"Staff"},"url":"https:\/\/www.bbmnoticias.com\/labravaradiofm\/author\/redaccion\/"}]}},"_links":{"self":[{"href":"https:\/\/www.bbmnoticias.com\/labravaradiofm\/wp-json\/wp\/v2\/posts\/81219","targetHints":{"allow":["GET"]}}],"collection":[{"href":"https:\/\/www.bbmnoticias.com\/labravaradiofm\/wp-json\/wp\/v2\/posts"}],"about":[{"href":"https:\/\/www.bbmnoticias.com\/labravaradiofm\/wp-json\/wp\/v2\/types\/post"}],"author":[{"embeddable":true,"href":"https:\/\/www.bbmnoticias.com\/labravaradiofm\/wp-json\/wp\/v2\/users\/2"}],"replies":[{"embeddable":true,"href":"https:\/\/www.bbmnoticias.com\/labravaradiofm\/wp-json\/wp\/v2\/comments?post=81219"}],"version-history":[{"count":1,"href":"https:\/\/www.bbmnoticias.com\/labravaradiofm\/wp-json\/wp\/v2\/posts\/81219\/revisions"}],"predecessor-version":[{"id":81220,"href":"https:\/\/www.bbmnoticias.com\/labravaradiofm\/wp-json\/wp\/v2\/posts\/81219\/revisions\/81220"}],"wp:featuredmedia":[{"embeddable":true,"href":"https:\/\/www.bbmnoticias.com\/labravaradiofm\/wp-json\/wp\/v2\/media\/81221"}],"wp:attachment":[{"href":"https:\/\/www.bbmnoticias.com\/labravaradiofm\/wp-json\/wp\/v2\/media?parent=81219"}],"wp:term":[{"taxonomy":"category","embeddable":true,"href":"https:\/\/www.bbmnoticias.com\/labravaradiofm\/wp-json\/wp\/v2\/categories?post=81219"},{"taxonomy":"post_tag","embeddable":true,"href":"https:\/\/www.bbmnoticias.com\/labravaradiofm\/wp-json\/wp\/v2\/tags?post=81219"}],"curies":[{"name":"wp","href":"https:\/\/api.w.org\/{rel}","templated":true}]}}