{"id":81216,"date":"2026-08-28T13:50:07","date_gmt":"2026-08-28T19:50:07","guid":{"rendered":"https:\/\/www.bbmnoticias.com\/labravaradiofm\/2026\/08\/28\/que-es-el-corredor-zapoteco-y-por-que-las-comunidades-de-valles-centrales-se-oponen-al-proyecto-en-oaxaca\/"},"modified":"2026-08-28T13:50:10","modified_gmt":"2026-08-28T19:50:10","slug":"que-es-el-corredor-zapoteco-y-por-que-las-comunidades-de-valles-centrales-se-oponen-al-proyecto-en-oaxaca","status":"publish","type":"post","link":"https:\/\/www.bbmnoticias.com\/labravaradiofm\/2026\/08\/28\/que-es-el-corredor-zapoteco-y-por-que-las-comunidades-de-valles-centrales-se-oponen-al-proyecto-en-oaxaca\/","title":{"rendered":"\u00bfQu\u00e9 es el Corredor Zapoteco y por qu\u00e9 las comunidades de Valles Centrales se oponen al proyecto en Oaxaca?"},"content":{"rendered":"\n<p class=\"wp-block-paragraph\">Se prev\u00e9 que el corredor conecte con las principales carreteras de Oaxaca y contribuya a mejorar la condiciones de movilidad en el estado.<\/p>\n\n\n\n<p class=\"wp-block-paragraph\">Al menos 18 municipios de la regi\u00f3n de <strong>Valles Centrales<\/strong> han rechazado la construcci\u00f3n del <strong>Corredor Vial Zapoteco<\/strong>, proyecto que contar\u00eda con una longitud aproximada de 70 kil\u00f3metros y conectar\u00eda las principales carreteras de <strong>Oaxaca<\/strong> para mejorar las condiciones de movilidad en el estado.<\/p>\n\n\n\n<p class=\"wp-block-paragraph\">El proyecto retomar\u00eda un plan iniciado por el exgobernador Ulises Ruiz Ortiz, el cual fue conocido como Libramiento Sur y no prosper\u00f3 debido al rechazo de los habitantes. Ahora se prev\u00e9 atraviese por varias localidades, desde San Lorenzo Cacaotepec hasta Ocotl\u00e1n de Morelos.<\/p>\n\n\n\n<h2 class=\"wp-block-heading\">\u00bfQu\u00e9 es el Corredor Zapoteco?<\/h2>\n\n\n\n<p class=\"wp-block-paragraph\">De acuerdo con informaci\u00f3n de Caminos Bienestar Oaxaca, el <strong>Corredor Zapoteco<\/strong> permitir\u00e1 que los usuarios provenientes del centro del pa\u00eds y su destino sea la regi\u00f3n del Istmo y la Costa, eviten el paso por la capital de Oaxaca. Esto disminuir\u00e1 el tr\u00e1fico e interconectar\u00e1 las carreteras federales de mayor influencia con lo que se propiciar\u00eda el desarrollo econ\u00f3mico de la entidad.<\/p>\n\n\n\n<p class=\"wp-block-paragraph\">La construcci\u00f3n se planea en dos etapas, la primera iniciar\u00eda en el entronque con la carretera federal 135D en el municipio de Soledad Etla y concluir\u00eda al llegar con la carretera federal 175 en San Mart\u00edn Tilcajete. Mientras que la segunda comenzar\u00eda donde termina la primera fase y continuar\u00eda hasta unirse con la carretera 190 en San Jer\u00f3nimo Tlacochahuaya.<\/p>\n\n\n\n<p class=\"wp-block-paragraph\">La informaci\u00f3n detalla que el camino proyectado ser\u00eda una carretera tipo A2 y requerir\u00e1 un derecho de v\u00eda de 30.00 metros de cada lado del eje, con un total de 60.00 metros y un ancho de corona de 13.00 metros, con dos carriles uno por sentido de 3.50 metros cada uno y acotamientos de 3.00 metros de ancho por cada lado.<\/p>\n\n\n\n<h2 class=\"wp-block-heading\">\u00bfPor qu\u00e9 comunidades pasar\u00e1 la v\u00eda?<\/h2>\n\n\n\n<p class=\"wp-block-paragraph\">La propuesta del eje de trazo es &#8220;preliminar&#8221;, debido a que se requiere la aceptaci\u00f3n de las comunidades que ocupar\u00e1 la v\u00eda. Entre estas se encuentran:<\/p>\n\n\n\n<ul class=\"wp-block-list\">\n<li>Soledad de Etla<\/li>\n\n\n\n<li>San Lorenzo Cacaotepec<\/li>\n\n\n\n<li>San Andr\u00e9s Ixtlahuaca<\/li>\n\n\n\n<li>San Pedro Ixtlahuaca<\/li>\n\n\n\n<li>Agencia de La Concepci\u00f3n, perteneciente a San Pedro Ixtlahuaca<\/li>\n\n\n\n<li>Cuil\u00e1pam de Guerrero<\/li>\n\n\n\n<li>Villa de Zaachila<\/li>\n\n\n\n<li>Trinidad de Zaachila<\/li>\n\n\n\n<li>Agencia de San Miguel Tlanichico, perteneciente a Trinidad Zaachila<\/li>\n\n\n\n<li>Colonia de La Guadalupe, perteneciente a la agencia de Santa Mar\u00eda Roal\u00f3 en Trinidad Zaachila<\/li>\n\n\n\n<li>Zimatl\u00e1n de \u00c1lvarez<\/li>\n\n\n\n<li>Agencia de La Raya, perteneciente a Zimatl\u00e1n de \u00c1lvarez<\/li>\n\n\n\n<li>Ci\u00e9nega Zimatl\u00e1n<\/li>\n\n\n\n<li>Santa Ana Zegache<\/li>\n\n\n\n<li>Agencia de San Jer\u00f3nimo Zegache, del municipio de Santa Ana Zegache<\/li>\n\n\n\n<li>San Mart\u00edn Tilcajete<\/li>\n\n\n\n<li>Agencia de San Pedro Guegorexe, del municipio de Ocotl\u00e1n de Morelos<\/li>\n<\/ul>\n\n\n\n<h2 class=\"wp-block-heading\">\u00bfPor qu\u00e9 las comunidades se oponen al proyecto?<\/h2>\n\n\n\n<p class=\"wp-block-paragraph\">A pesar de que se prev\u00e9 que el <strong>Corredor Zapoteco<\/strong> conecte con las principales carreteras de <strong>Oaxaca<\/strong> y, con ello, se mejore el tr\u00e1nsito y la movilidad, las autoridades comunales de 18 municipios rechazaron el proyecto. Lo anterior, debido a que -dicen- estas construcciones pueden afectar las fuentes de agua, los ecosistemas, las actividades agr\u00edcolas, as\u00ed como los espacios y pr\u00e1cticas sociales y culturales de la comunidad.<\/p>\n\n\n\n<p class=\"wp-block-paragraph\">Asimismo, afirmaron en el Foro Regional \u201cTejiendo organizaci\u00f3n y resistencia frente al despojo en los Valles Centrales de Oaxaca\u201d que no se les ha brindado informaci\u00f3n suficiente sobre el trazo definitivo, las caracter\u00edsticas de la obra, sus impactos y sus alcances.<\/p>\n","protected":false},"excerpt":{"rendered":"<p>Se prev\u00e9 que el corredor conecte con las principales carreteras de Oaxaca y contribuya a mejorar la condiciones de movilidad en el estado. Al menos 18 municipios de la regi\u00f3n de Valles Centrales han rechazado la construcci\u00f3n del Corredor Vial Zapoteco, proyecto que contar\u00eda con una longitud aproximada de 70 kil\u00f3metros y conectar\u00eda las principales [&hellip;]<\/p>\n","protected":false},"author":15,"featured_media":81218,"comment_status":"closed","ping_status":"open","sticky":false,"template":"","format":"standard","meta":{"footnotes":""},"categories":[2],"tags":[],"class_list":["post-81216","post","type-post","status-publish","format-standard","has-post-thumbnail","hentry","category-oaxaca"],"yoast_head":"<!-- This site is optimized with the Yoast SEO plugin v28.1 - https:\/\/yoast.com\/product\/yoast-seo-wordpress\/ -->\n<title>\u00bfQu\u00e9 es el Corredor Zapoteco y por qu\u00e9 las comunidades de Valles Centrales se oponen al proyecto en Oaxaca? - LA BRAVA RADIO<\/title>\n<meta name=\"robots\" content=\"index, follow, max-snippet:-1, max-image-preview:large, max-video-preview:-1\" \/>\n<link rel=\"canonical\" href=\"https:\/\/www.bbmnoticias.com\/que-es-el-corredor-zapoteco-y-por-que-las-comunidades-de-valles-centrales-se-oponen-al-proyecto-en-oaxaca\/\" \/>\n<meta property=\"og:locale\" content=\"es_MX\" \/>\n<meta property=\"og:type\" content=\"article\" \/>\n<meta property=\"og:title\" content=\"\u00bfQu\u00e9 es el Corredor Zapoteco y por qu\u00e9 las comunidades de Valles Centrales se oponen al proyecto en Oaxaca? - LA BRAVA RADIO\" \/>\n<meta property=\"og:description\" content=\"Se prev\u00e9 que el corredor conecte con las principales carreteras de Oaxaca y contribuya a mejorar la condiciones de movilidad en el estado. Al menos 18 municipios de la regi\u00f3n de Valles Centrales han rechazado la construcci\u00f3n del Corredor Vial Zapoteco, proyecto que contar\u00eda con una longitud aproximada de 70 kil\u00f3metros y conectar\u00eda las principales [&hellip;]\" \/>\n<meta property=\"og:url\" content=\"https:\/\/www.bbmnoticias.com\/que-es-el-corredor-zapoteco-y-por-que-las-comunidades-de-valles-centrales-se-oponen-al-proyecto-en-oaxaca\/\" \/>\n<meta property=\"og:site_name\" content=\"LA BRAVA RADIO\" \/>\n<meta property=\"article:published_time\" content=\"2026-08-28T19:50:07+00:00\" \/>\n<meta property=\"article:modified_time\" content=\"2026-08-28T19:50:10+00:00\" \/>\n<meta property=\"og:image\" content=\"https:\/\/www.bbmnoticias.com\/labravaradiofm\/wp-content\/uploads\/sites\/5\/2026\/08\/corredor-zapoteco.jpg\" \/>\n\t<meta property=\"og:image:width\" content=\"535\" \/>\n\t<meta property=\"og:image:height\" content=\"434\" \/>\n\t<meta property=\"og:image:type\" content=\"image\/jpeg\" \/>\n<meta name=\"author\" content=\"El Heraldo\" \/>\n<meta name=\"twitter:card\" content=\"summary_large_image\" \/>\n<meta name=\"twitter:label1\" content=\"Escrito por\" \/>\n\t<meta name=\"twitter:data1\" content=\"El Heraldo\" \/>\n\t<meta name=\"twitter:label2\" content=\"Tiempo de lectura\" \/>\n\t<meta name=\"twitter:data2\" content=\"3 minutos\" \/>\n<script type=\"application\/ld+json\" class=\"yoast-schema-graph\">{\"@context\":\"https:\\\/\\\/schema.org\",\"@graph\":[{\"@type\":\"Article\",\"@id\":\"https:\\\/\\\/www.bbmnoticias.com\\\/que-es-el-corredor-zapoteco-y-por-que-las-comunidades-de-valles-centrales-se-oponen-al-proyecto-en-oaxaca\\\/#article\",\"isPartOf\":{\"@id\":\"https:\\\/\\\/www.bbmnoticias.com\\\/labravaradiofm\\\/2026\\\/08\\\/28\\\/que-es-el-corredor-zapoteco-y-por-que-las-comunidades-de-valles-centrales-se-oponen-al-proyecto-en-oaxaca\\\/\"},\"author\":{\"name\":\"El Heraldo\",\"@id\":\"https:\\\/\\\/www.bbmnoticias.com\\\/labravaradiofm\\\/#\\\/schema\\\/person\\\/32f1fc7382033a43789e6a250ee81243\"},\"headline\":\"\u00bfQu\u00e9 es el Corredor Zapoteco y por qu\u00e9 las comunidades de Valles Centrales se oponen al proyecto en Oaxaca?\",\"datePublished\":\"2026-08-28T19:50:07+00:00\",\"dateModified\":\"2026-08-28T19:50:10+00:00\",\"mainEntityOfPage\":{\"@id\":\"https:\\\/\\\/www.bbmnoticias.com\\\/labravaradiofm\\\/2026\\\/08\\\/28\\\/que-es-el-corredor-zapoteco-y-por-que-las-comunidades-de-valles-centrales-se-oponen-al-proyecto-en-oaxaca\\\/\"},\"wordCount\":593,\"image\":{\"@id\":\"https:\\\/\\\/www.bbmnoticias.com\\\/que-es-el-corredor-zapoteco-y-por-que-las-comunidades-de-valles-centrales-se-oponen-al-proyecto-en-oaxaca\\\/#primaryimage\"},\"thumbnailUrl\":\"https:\\\/\\\/www.bbmnoticias.com\\\/labravaradiofm\\\/wp-content\\\/uploads\\\/sites\\\/5\\\/2026\\\/08\\\/corredor-zapoteco.jpg\",\"articleSection\":[\"LOCAL\"],\"inLanguage\":\"es\"},{\"@type\":\"WebPage\",\"@id\":\"https:\\\/\\\/www.bbmnoticias.com\\\/labravaradiofm\\\/2026\\\/08\\\/28\\\/que-es-el-corredor-zapoteco-y-por-que-las-comunidades-de-valles-centrales-se-oponen-al-proyecto-en-oaxaca\\\/\",\"url\":\"https:\\\/\\\/www.bbmnoticias.com\\\/que-es-el-corredor-zapoteco-y-por-que-las-comunidades-de-valles-centrales-se-oponen-al-proyecto-en-oaxaca\\\/\",\"name\":\"\u00bfQu\u00e9 es el Corredor Zapoteco y por qu\u00e9 las comunidades de Valles Centrales se oponen al proyecto en Oaxaca? - LA BRAVA RADIO\",\"isPartOf\":{\"@id\":\"https:\\\/\\\/www.bbmnoticias.com\\\/labravaradiofm\\\/#website\"},\"primaryImageOfPage\":{\"@id\":\"https:\\\/\\\/www.bbmnoticias.com\\\/que-es-el-corredor-zapoteco-y-por-que-las-comunidades-de-valles-centrales-se-oponen-al-proyecto-en-oaxaca\\\/#primaryimage\"},\"image\":{\"@id\":\"https:\\\/\\\/www.bbmnoticias.com\\\/que-es-el-corredor-zapoteco-y-por-que-las-comunidades-de-valles-centrales-se-oponen-al-proyecto-en-oaxaca\\\/#primaryimage\"},\"thumbnailUrl\":\"https:\\\/\\\/www.bbmnoticias.com\\\/labravaradiofm\\\/wp-content\\\/uploads\\\/sites\\\/5\\\/2026\\\/08\\\/corredor-zapoteco.jpg\",\"datePublished\":\"2026-08-28T19:50:07+00:00\",\"dateModified\":\"2026-08-28T19:50:10+00:00\",\"author\":{\"@id\":\"https:\\\/\\\/www.bbmnoticias.com\\\/labravaradiofm\\\/#\\\/schema\\\/person\\\/32f1fc7382033a43789e6a250ee81243\"},\"breadcrumb\":{\"@id\":\"https:\\\/\\\/www.bbmnoticias.com\\\/que-es-el-corredor-zapoteco-y-por-que-las-comunidades-de-valles-centrales-se-oponen-al-proyecto-en-oaxaca\\\/#breadcrumb\"},\"inLanguage\":\"es\",\"potentialAction\":[{\"@type\":\"ReadAction\",\"target\":[\"https:\\\/\\\/www.bbmnoticias.com\\\/que-es-el-corredor-zapoteco-y-por-que-las-comunidades-de-valles-centrales-se-oponen-al-proyecto-en-oaxaca\\\/\"]}]},{\"@type\":\"ImageObject\",\"inLanguage\":\"es\",\"@id\":\"https:\\\/\\\/www.bbmnoticias.com\\\/que-es-el-corredor-zapoteco-y-por-que-las-comunidades-de-valles-centrales-se-oponen-al-proyecto-en-oaxaca\\\/#primaryimage\",\"url\":\"https:\\\/\\\/www.bbmnoticias.com\\\/labravaradiofm\\\/wp-content\\\/uploads\\\/sites\\\/5\\\/2026\\\/08\\\/corredor-zapoteco.jpg\",\"contentUrl\":\"https:\\\/\\\/www.bbmnoticias.com\\\/labravaradiofm\\\/wp-content\\\/uploads\\\/sites\\\/5\\\/2026\\\/08\\\/corredor-zapoteco.jpg\",\"width\":535,\"height\":434},{\"@type\":\"BreadcrumbList\",\"@id\":\"https:\\\/\\\/www.bbmnoticias.com\\\/que-es-el-corredor-zapoteco-y-por-que-las-comunidades-de-valles-centrales-se-oponen-al-proyecto-en-oaxaca\\\/#breadcrumb\",\"itemListElement\":[{\"@type\":\"ListItem\",\"position\":1,\"name\":\"Inicio\",\"item\":\"https:\\\/\\\/www.bbmnoticias.com\\\/labravaradiofm\\\/\"},{\"@type\":\"ListItem\",\"position\":2,\"name\":\"\u00bfQu\u00e9 es el Corredor Zapoteco y por qu\u00e9 las comunidades de Valles Centrales se oponen al proyecto en Oaxaca?\"}]},{\"@type\":\"WebSite\",\"@id\":\"https:\\\/\\\/www.bbmnoticias.com\\\/labravaradiofm\\\/#website\",\"url\":\"https:\\\/\\\/www.bbmnoticias.com\\\/labravaradiofm\\\/\",\"name\":\"LA BRAVA RADIO\",\"description\":\"Empresa productora de medios, Radiodifusi\u00f3n, Noticias, tendencias y todo lo que necesitas saber de la pol\u00edtica mexicana e internacional; entretenimiento, espect\u00e1culos, salud y mucho m\u00e1s.\",\"potentialAction\":[{\"@type\":\"SearchAction\",\"target\":{\"@type\":\"EntryPoint\",\"urlTemplate\":\"https:\\\/\\\/www.bbmnoticias.com\\\/labravaradiofm\\\/?s={search_term_string}\"},\"query-input\":{\"@type\":\"PropertyValueSpecification\",\"valueRequired\":true,\"valueName\":\"search_term_string\"}}],\"inLanguage\":\"es\"},{\"@type\":\"Person\",\"@id\":\"https:\\\/\\\/www.bbmnoticias.com\\\/labravaradiofm\\\/#\\\/schema\\\/person\\\/32f1fc7382033a43789e6a250ee81243\",\"name\":\"El Heraldo\",\"image\":{\"@type\":\"ImageObject\",\"inLanguage\":\"es\",\"@id\":\"https:\\\/\\\/secure.gravatar.com\\\/avatar\\\/463017be041288b5a196814ef7242bd62699b857f306e4b5b61b533e8a87f404?s=96&d=mm&r=g\",\"url\":\"https:\\\/\\\/secure.gravatar.com\\\/avatar\\\/463017be041288b5a196814ef7242bd62699b857f306e4b5b61b533e8a87f404?s=96&d=mm&r=g\",\"contentUrl\":\"https:\\\/\\\/secure.gravatar.com\\\/avatar\\\/463017be041288b5a196814ef7242bd62699b857f306e4b5b61b533e8a87f404?s=96&d=mm&r=g\",\"caption\":\"El Heraldo\"},\"url\":\"https:\\\/\\\/www.bbmnoticias.com\\\/labravaradiofm\\\/author\\\/heraldo\\\/\"}]}<\/script>\n<!-- \/ Yoast SEO plugin. -->","yoast_head_json":{"title":"\u00bfQu\u00e9 es el Corredor Zapoteco y por qu\u00e9 las comunidades de Valles Centrales se oponen al proyecto en Oaxaca? - LA BRAVA RADIO","robots":{"index":"index","follow":"follow","max-snippet":"max-snippet:-1","max-image-preview":"max-image-preview:large","max-video-preview":"max-video-preview:-1"},"canonical":"https:\/\/www.bbmnoticias.com\/que-es-el-corredor-zapoteco-y-por-que-las-comunidades-de-valles-centrales-se-oponen-al-proyecto-en-oaxaca\/","og_locale":"es_MX","og_type":"article","og_title":"\u00bfQu\u00e9 es el Corredor Zapoteco y por qu\u00e9 las comunidades de Valles Centrales se oponen al proyecto en Oaxaca? - LA BRAVA RADIO","og_description":"Se prev\u00e9 que el corredor conecte con las principales carreteras de Oaxaca y contribuya a mejorar la condiciones de movilidad en el estado. Al menos 18 municipios de la regi\u00f3n de Valles Centrales han rechazado la construcci\u00f3n del Corredor Vial Zapoteco, proyecto que contar\u00eda con una longitud aproximada de 70 kil\u00f3metros y conectar\u00eda las principales [&hellip;]","og_url":"https:\/\/www.bbmnoticias.com\/que-es-el-corredor-zapoteco-y-por-que-las-comunidades-de-valles-centrales-se-oponen-al-proyecto-en-oaxaca\/","og_site_name":"LA BRAVA RADIO","article_published_time":"2026-08-28T19:50:07+00:00","article_modified_time":"2026-08-28T19:50:10+00:00","og_image":[{"width":535,"height":434,"url":"https:\/\/www.bbmnoticias.com\/labravaradiofm\/wp-content\/uploads\/sites\/5\/2026\/08\/corredor-zapoteco.jpg","type":"image\/jpeg"}],"author":"El Heraldo","twitter_card":"summary_large_image","twitter_misc":{"Escrito por":"El Heraldo","Tiempo de lectura":"3 minutos"},"schema":{"@context":"https:\/\/schema.org","@graph":[{"@type":"Article","@id":"https:\/\/www.bbmnoticias.com\/que-es-el-corredor-zapoteco-y-por-que-las-comunidades-de-valles-centrales-se-oponen-al-proyecto-en-oaxaca\/#article","isPartOf":{"@id":"https:\/\/www.bbmnoticias.com\/labravaradiofm\/2026\/08\/28\/que-es-el-corredor-zapoteco-y-por-que-las-comunidades-de-valles-centrales-se-oponen-al-proyecto-en-oaxaca\/"},"author":{"name":"El Heraldo","@id":"https:\/\/www.bbmnoticias.com\/labravaradiofm\/#\/schema\/person\/32f1fc7382033a43789e6a250ee81243"},"headline":"\u00bfQu\u00e9 es el Corredor Zapoteco y por qu\u00e9 las comunidades de Valles Centrales se oponen al proyecto en Oaxaca?","datePublished":"2026-08-28T19:50:07+00:00","dateModified":"2026-08-28T19:50:10+00:00","mainEntityOfPage":{"@id":"https:\/\/www.bbmnoticias.com\/labravaradiofm\/2026\/08\/28\/que-es-el-corredor-zapoteco-y-por-que-las-comunidades-de-valles-centrales-se-oponen-al-proyecto-en-oaxaca\/"},"wordCount":593,"image":{"@id":"https:\/\/www.bbmnoticias.com\/que-es-el-corredor-zapoteco-y-por-que-las-comunidades-de-valles-centrales-se-oponen-al-proyecto-en-oaxaca\/#primaryimage"},"thumbnailUrl":"https:\/\/www.bbmnoticias.com\/labravaradiofm\/wp-content\/uploads\/sites\/5\/2026\/08\/corredor-zapoteco.jpg","articleSection":["LOCAL"],"inLanguage":"es"},{"@type":"WebPage","@id":"https:\/\/www.bbmnoticias.com\/labravaradiofm\/2026\/08\/28\/que-es-el-corredor-zapoteco-y-por-que-las-comunidades-de-valles-centrales-se-oponen-al-proyecto-en-oaxaca\/","url":"https:\/\/www.bbmnoticias.com\/que-es-el-corredor-zapoteco-y-por-que-las-comunidades-de-valles-centrales-se-oponen-al-proyecto-en-oaxaca\/","name":"\u00bfQu\u00e9 es el Corredor Zapoteco y por qu\u00e9 las comunidades de Valles Centrales se oponen al proyecto en Oaxaca? - LA BRAVA RADIO","isPartOf":{"@id":"https:\/\/www.bbmnoticias.com\/labravaradiofm\/#website"},"primaryImageOfPage":{"@id":"https:\/\/www.bbmnoticias.com\/que-es-el-corredor-zapoteco-y-por-que-las-comunidades-de-valles-centrales-se-oponen-al-proyecto-en-oaxaca\/#primaryimage"},"image":{"@id":"https:\/\/www.bbmnoticias.com\/que-es-el-corredor-zapoteco-y-por-que-las-comunidades-de-valles-centrales-se-oponen-al-proyecto-en-oaxaca\/#primaryimage"},"thumbnailUrl":"https:\/\/www.bbmnoticias.com\/labravaradiofm\/wp-content\/uploads\/sites\/5\/2026\/08\/corredor-zapoteco.jpg","datePublished":"2026-08-28T19:50:07+00:00","dateModified":"2026-08-28T19:50:10+00:00","author":{"@id":"https:\/\/www.bbmnoticias.com\/labravaradiofm\/#\/schema\/person\/32f1fc7382033a43789e6a250ee81243"},"breadcrumb":{"@id":"https:\/\/www.bbmnoticias.com\/que-es-el-corredor-zapoteco-y-por-que-las-comunidades-de-valles-centrales-se-oponen-al-proyecto-en-oaxaca\/#breadcrumb"},"inLanguage":"es","potentialAction":[{"@type":"ReadAction","target":["https:\/\/www.bbmnoticias.com\/que-es-el-corredor-zapoteco-y-por-que-las-comunidades-de-valles-centrales-se-oponen-al-proyecto-en-oaxaca\/"]}]},{"@type":"ImageObject","inLanguage":"es","@id":"https:\/\/www.bbmnoticias.com\/que-es-el-corredor-zapoteco-y-por-que-las-comunidades-de-valles-centrales-se-oponen-al-proyecto-en-oaxaca\/#primaryimage","url":"https:\/\/www.bbmnoticias.com\/labravaradiofm\/wp-content\/uploads\/sites\/5\/2026\/08\/corredor-zapoteco.jpg","contentUrl":"https:\/\/www.bbmnoticias.com\/labravaradiofm\/wp-content\/uploads\/sites\/5\/2026\/08\/corredor-zapoteco.jpg","width":535,"height":434},{"@type":"BreadcrumbList","@id":"https:\/\/www.bbmnoticias.com\/que-es-el-corredor-zapoteco-y-por-que-las-comunidades-de-valles-centrales-se-oponen-al-proyecto-en-oaxaca\/#breadcrumb","itemListElement":[{"@type":"ListItem","position":1,"name":"Inicio","item":"https:\/\/www.bbmnoticias.com\/labravaradiofm\/"},{"@type":"ListItem","position":2,"name":"\u00bfQu\u00e9 es el Corredor Zapoteco y por qu\u00e9 las comunidades de Valles Centrales se oponen al proyecto en Oaxaca?"}]},{"@type":"WebSite","@id":"https:\/\/www.bbmnoticias.com\/labravaradiofm\/#website","url":"https:\/\/www.bbmnoticias.com\/labravaradiofm\/","name":"LA BRAVA RADIO","description":"Empresa productora de medios, Radiodifusi\u00f3n, Noticias, tendencias y todo lo que necesitas saber de la pol\u00edtica mexicana e internacional; entretenimiento, espect\u00e1culos, salud y mucho m\u00e1s.","potentialAction":[{"@type":"SearchAction","target":{"@type":"EntryPoint","urlTemplate":"https:\/\/www.bbmnoticias.com\/labravaradiofm\/?s={search_term_string}"},"query-input":{"@type":"PropertyValueSpecification","valueRequired":true,"valueName":"search_term_string"}}],"inLanguage":"es"},{"@type":"Person","@id":"https:\/\/www.bbmnoticias.com\/labravaradiofm\/#\/schema\/person\/32f1fc7382033a43789e6a250ee81243","name":"El Heraldo","image":{"@type":"ImageObject","inLanguage":"es","@id":"https:\/\/secure.gravatar.com\/avatar\/463017be041288b5a196814ef7242bd62699b857f306e4b5b61b533e8a87f404?s=96&d=mm&r=g","url":"https:\/\/secure.gravatar.com\/avatar\/463017be041288b5a196814ef7242bd62699b857f306e4b5b61b533e8a87f404?s=96&d=mm&r=g","contentUrl":"https:\/\/secure.gravatar.com\/avatar\/463017be041288b5a196814ef7242bd62699b857f306e4b5b61b533e8a87f404?s=96&d=mm&r=g","caption":"El Heraldo"},"url":"https:\/\/www.bbmnoticias.com\/labravaradiofm\/author\/heraldo\/"}]}},"_links":{"self":[{"href":"https:\/\/www.bbmnoticias.com\/labravaradiofm\/wp-json\/wp\/v2\/posts\/81216","targetHints":{"allow":["GET"]}}],"collection":[{"href":"https:\/\/www.bbmnoticias.com\/labravaradiofm\/wp-json\/wp\/v2\/posts"}],"about":[{"href":"https:\/\/www.bbmnoticias.com\/labravaradiofm\/wp-json\/wp\/v2\/types\/post"}],"author":[{"embeddable":true,"href":"https:\/\/www.bbmnoticias.com\/labravaradiofm\/wp-json\/wp\/v2\/users\/15"}],"replies":[{"embeddable":true,"href":"https:\/\/www.bbmnoticias.com\/labravaradiofm\/wp-json\/wp\/v2\/comments?post=81216"}],"version-history":[{"count":1,"href":"https:\/\/www.bbmnoticias.com\/labravaradiofm\/wp-json\/wp\/v2\/posts\/81216\/revisions"}],"predecessor-version":[{"id":81217,"href":"https:\/\/www.bbmnoticias.com\/labravaradiofm\/wp-json\/wp\/v2\/posts\/81216\/revisions\/81217"}],"wp:featuredmedia":[{"embeddable":true,"href":"https:\/\/www.bbmnoticias.com\/labravaradiofm\/wp-json\/wp\/v2\/media\/81218"}],"wp:attachment":[{"href":"https:\/\/www.bbmnoticias.com\/labravaradiofm\/wp-json\/wp\/v2\/media?parent=81216"}],"wp:term":[{"taxonomy":"category","embeddable":true,"href":"https:\/\/www.bbmnoticias.com\/labravaradiofm\/wp-json\/wp\/v2\/categories?post=81216"},{"taxonomy":"post_tag","embeddable":true,"href":"https:\/\/www.bbmnoticias.com\/labravaradiofm\/wp-json\/wp\/v2\/tags?post=81216"}],"curies":[{"name":"wp","href":"https:\/\/api.w.org\/{rel}","templated":true}]}}