{"id":81213,"date":"2026-08-28T13:40:43","date_gmt":"2026-08-28T19:40:43","guid":{"rendered":"https:\/\/www.bbmnoticias.com\/labravaradiofm\/2026\/08\/28\/sheinbaum-acusa-que-en-la-guerra-contra-el-narcotrafico-habia-permiso-para-matar\/"},"modified":"2026-08-28T13:40:46","modified_gmt":"2026-08-28T19:40:46","slug":"sheinbaum-acusa-que-en-la-guerra-contra-el-narcotrafico-habia-permiso-para-matar","status":"publish","type":"post","link":"https:\/\/www.bbmnoticias.com\/labravaradiofm\/2026\/08\/28\/sheinbaum-acusa-que-en-la-guerra-contra-el-narcotrafico-habia-permiso-para-matar\/","title":{"rendered":"Sheinbaum acusa que en la guerra contra el narcotr\u00e1fico hab\u00eda &#8220;permiso para matar&#8221;"},"content":{"rendered":"\n<p class=\"wp-block-paragraph\">La <strong>guerra contra el narcotr\u00e1fico<\/strong> iniciada durante el gobierno de <strong>Felipe Calder\u00f3n<\/strong> permiti\u00f3 ejecutar a presuntos delincuentes fuera de la ley y provoc\u00f3 un aumento de la violencia en el pa\u00eds, acus\u00f3 la presidenta Claudia Sheinbaum.<\/p>\n\n\n\n<p class=\"wp-block-paragraph\">Durante la conferencia matutina, la mandataria sostuvo que aquella estrategia funcion\u00f3 como un <strong>estado de excepci\u00f3n<\/strong>, aunque nunca fue declarado formalmente, debido a que las <strong>fuerzas armadas<\/strong> y las corporaciones policiales actuaban sin seguir los procedimientos <strong>legales<\/strong> correspondientes.<\/p>\n\n\n\n<p class=\"wp-block-paragraph\">\u201c\u00bfQu\u00e9 quiere decir guerra? Son condiciones de excepci\u00f3n, que no necesariamente cumples con la ley\u201d, explic\u00f3.<\/p>\n\n\n\n<h2 class=\"wp-block-heading\">Ejecuciones sin ley<\/h2>\n\n\n\n<p class=\"wp-block-paragraph\">A juicio de <strong>Sheinbaum<\/strong>, la respuesta frente a alguien se\u00f1alado por cometer un <strong>delito<\/strong> debe comenzar con una investigaci\u00f3n de la <strong>fiscal\u00eda<\/strong>, continuar con una orden judicial y concluir con un proceso donde se determine su responsabilidad, pero durante aquel <strong>sexenio<\/strong> se permitieron ejecuciones sin agotar esas etapas.<\/p>\n\n\n\n<blockquote class=\"wp-block-quote is-layout-flow wp-block-quote-is-layout-flow\">\n<p class=\"wp-block-paragraph\">\u201cHab\u00eda un delincuente y hab\u00eda permiso para ejecutarlo, esa es la verdad, as\u00ed fue con varios presuntos delincuentes\u201d, acus\u00f3.<\/p>\n<\/blockquote>\n\n\n\n<p class=\"wp-block-paragraph\">La titular del Ejecutivo agreg\u00f3 que el <strong>Ej\u00e9rcito<\/strong> y la <strong>Marina<\/strong> fueron enviados a realizar tareas de seguridad sin una legislaci\u00f3n que respaldara sus operaciones, decisi\u00f3n que atribuy\u00f3 a Calder\u00f3n como entonces comandante supremo de las fuerzas armadas. Seg\u00fan la Presidenta, autoridades federales se aliaron con una <strong>organizaci\u00f3n criminal<\/strong> para combatir a otras, lo cual signific\u00f3 que el Estado tom\u00f3 partido bajo el argumento de que as\u00ed conseguir\u00eda pacificar el territorio.<\/p>\n\n\n\n<p class=\"wp-block-paragraph\">Como resultado de esa <strong>pol\u00edtica<\/strong>, afirm\u00f3, el promedio pas\u00f3 de 27 homicidios diarios en 2006 a m\u00e1s de 70 hacia el final de aquella administraci\u00f3n, mientras numerosas v\u00edctimas ajenas a los enfrentamientos fueron denominadas \u201cda\u00f1os colaterales\u201d.<\/p>\n\n\n\n<p class=\"wp-block-paragraph\">\u201cNinguna guerra lleva a la paz, la paz se construye con justicia\u201d, subray\u00f3.<\/p>\n\n\n\n<h2 class=\"wp-block-heading\">Defiende estrategia de AMLO<\/h2>\n\n\n\n<p class=\"wp-block-paragraph\">Frente a ese modelo, <strong>Sheinbaum Pardo<\/strong> defendi\u00f3 la estrategia iniciada por <strong>Andr\u00e9s Manuel L\u00f3pez Obrador<\/strong>, basada en dar sustento legal a la participaci\u00f3n militar en labores de seguridad, crear la <strong>Guardia Nacional<\/strong> y atender las condiciones que facilitan el reclutamiento de j\u00f3venes por grupos delictivos.<\/p>\n\n\n\n<p class=\"wp-block-paragraph\">Entre las acciones actuales mencion\u00f3 el fortalecimiento de dicha corporaci\u00f3n, la coordinaci\u00f3n entre instituciones, las investigaciones para detener a los responsables dentro de la legalidad y los programas sociales dirigidos a ni\u00f1as, ni\u00f1os y j\u00f3venes. Como ejemplo de los resultados se\u00f1al\u00f3 a Nuevo Laredo, Tamaulipas, una ciudad que describi\u00f3 como sumamente violenta durante el calderonismo y que ahora aparece entre aquellas donde sus habitantes reportan una mayor sensaci\u00f3n de seguridad.<\/p>\n\n\n\n<p class=\"wp-block-paragraph\">Otro caso fue Tlalpan, demarcaci\u00f3n que encabez\u00f3 antes de asumir el Gobierno de la Ciudad de M\u00e9xico y donde, seg\u00fan afirm\u00f3, se ha registrado una de las mayores reducciones en la percepci\u00f3n de inseguridad de la capital, de acuerdo con el Inegi. La Presidenta reconoci\u00f3 que el da\u00f1o ocasionado durante aquellos a\u00f1os no puede revertirse en un periodo corto, aunque asegur\u00f3 que el pa\u00eds avanza mediante una pol\u00edtica centrada en la construcci\u00f3n de paz, el acceso a derechos y la aplicaci\u00f3n de la ley.<\/p>\n\n\n\n<h2 class=\"wp-block-heading\">Cuestiona Sheinbaum a EU por lavado de dinero en el tr\u00e1fico de drogas<\/h2>\n\n\n\n<p class=\"wp-block-paragraph\">La presidenta <strong>Claudia Sheinbaum<\/strong> cuestion\u00f3 a <strong>Estados Unidos<\/strong> por su actuar en el lavado de dinero en el tr\u00e1fico de drogas.<br>Desde Palacio Nacional, la mandataria pidi\u00f3 al pa\u00eds vecino del norte actuaci\u00f3n de los lados de la frontera.<\/p>\n\n\n\n<p class=\"wp-block-paragraph\">\u201cEse dinero de la venta de la droga, \u00bfd\u00f3nde est\u00e1? All\u00e1. O sea, decimos, as\u00ed como aqu\u00ed investigamos el lavado de dinero relacionado con el tr\u00e1fico de drogas, de igual manera all\u00e1 tendr\u00edan que investigar lo mismo del tr\u00e1fico de drogas all\u00e1, de la venta de estupefacientes all\u00e1. Y nos coordinamos, pero tiene que actuarse de los dos lados de la frontera\u201d, afirm\u00f3.<\/p>\n\n\n\n<p class=\"wp-block-paragraph\">La mandataria plantea este cuestionamiento, despu\u00e9s de que la Unidad de Inteligencia Financiera present\u00f3 los resultados en su administraci\u00f3n: entre octubre de 2024 y agosto de 2026, ha logrado bloquear un total de 24 mil 622 cuentas bancarias, congelar un monto acumulado de 8 mil 670 millones 814 mil 57 pesos e incorporar a 2 mil 395 sujetos vinculados con actividades il\u00edcitas.<\/p>\n","protected":false},"excerpt":{"rendered":"<p>La guerra contra el narcotr\u00e1fico iniciada durante el gobierno de Felipe Calder\u00f3n permiti\u00f3 ejecutar a presuntos delincuentes fuera de la ley y provoc\u00f3 un aumento de la violencia en el pa\u00eds, acus\u00f3 la presidenta Claudia Sheinbaum. Durante la conferencia matutina, la mandataria sostuvo que aquella estrategia funcion\u00f3 como un estado de excepci\u00f3n, aunque nunca fue [&hellip;]<\/p>\n","protected":false},"author":15,"featured_media":81215,"comment_status":"closed","ping_status":"open","sticky":false,"template":"","format":"standard","meta":{"footnotes":""},"categories":[2,19],"tags":[],"class_list":["post-81213","post","type-post","status-publish","format-standard","has-post-thumbnail","hentry","category-oaxaca","category-nacional"],"yoast_head":"<!-- This site is optimized with the Yoast SEO plugin v28.1 - https:\/\/yoast.com\/product\/yoast-seo-wordpress\/ -->\n<title>Sheinbaum acusa que en la guerra contra el narcotr\u00e1fico hab\u00eda &quot;permiso para matar&quot; - LA BRAVA RADIO<\/title>\n<meta name=\"robots\" content=\"index, follow, max-snippet:-1, max-image-preview:large, max-video-preview:-1\" \/>\n<link rel=\"canonical\" href=\"https:\/\/www.bbmnoticias.com\/sheinbaum-acusa-que-en-la-guerra-contra-el-narcotrafico-habia-permiso-para-matar\/\" \/>\n<meta property=\"og:locale\" content=\"es_MX\" \/>\n<meta property=\"og:type\" content=\"article\" \/>\n<meta property=\"og:title\" content=\"Sheinbaum acusa que en la guerra contra el narcotr\u00e1fico hab\u00eda &quot;permiso para matar&quot; - LA BRAVA RADIO\" \/>\n<meta property=\"og:description\" content=\"La guerra contra el narcotr\u00e1fico iniciada durante el gobierno de Felipe Calder\u00f3n permiti\u00f3 ejecutar a presuntos delincuentes fuera de la ley y provoc\u00f3 un aumento de la violencia en el pa\u00eds, acus\u00f3 la presidenta Claudia Sheinbaum. Durante la conferencia matutina, la mandataria sostuvo que aquella estrategia funcion\u00f3 como un estado de excepci\u00f3n, aunque nunca fue [&hellip;]\" \/>\n<meta property=\"og:url\" content=\"https:\/\/www.bbmnoticias.com\/sheinbaum-acusa-que-en-la-guerra-contra-el-narcotrafico-habia-permiso-para-matar\/\" \/>\n<meta property=\"og:site_name\" content=\"LA BRAVA RADIO\" \/>\n<meta property=\"article:published_time\" content=\"2026-08-28T19:40:43+00:00\" \/>\n<meta property=\"article:modified_time\" content=\"2026-08-28T19:40:46+00:00\" \/>\n<meta property=\"og:image\" content=\"https:\/\/www.bbmnoticias.com\/labravaradiofm\/wp-content\/uploads\/sites\/5\/2026\/08\/Sheinbaum-acusa-que-en-la-guerra-contra-el-narcotrafico-habia-permiso-para-matar.jpg\" \/>\n\t<meta property=\"og:image:width\" content=\"528\" \/>\n\t<meta property=\"og:image:height\" content=\"353\" \/>\n\t<meta property=\"og:image:type\" content=\"image\/jpeg\" \/>\n<meta name=\"author\" content=\"El Heraldo\" \/>\n<meta name=\"twitter:card\" content=\"summary_large_image\" \/>\n<meta name=\"twitter:label1\" content=\"Escrito por\" \/>\n\t<meta name=\"twitter:data1\" content=\"El Heraldo\" \/>\n\t<meta name=\"twitter:label2\" content=\"Tiempo de lectura\" \/>\n\t<meta name=\"twitter:data2\" content=\"4 minutos\" \/>\n<script type=\"application\/ld+json\" class=\"yoast-schema-graph\">{\"@context\":\"https:\\\/\\\/schema.org\",\"@graph\":[{\"@type\":\"Article\",\"@id\":\"https:\\\/\\\/www.bbmnoticias.com\\\/sheinbaum-acusa-que-en-la-guerra-contra-el-narcotrafico-habia-permiso-para-matar\\\/#article\",\"isPartOf\":{\"@id\":\"https:\\\/\\\/www.bbmnoticias.com\\\/labravaradiofm\\\/2026\\\/08\\\/28\\\/sheinbaum-acusa-que-en-la-guerra-contra-el-narcotrafico-habia-permiso-para-matar\\\/\"},\"author\":{\"name\":\"El Heraldo\",\"@id\":\"https:\\\/\\\/www.bbmnoticias.com\\\/labravaradiofm\\\/#\\\/schema\\\/person\\\/32f1fc7382033a43789e6a250ee81243\"},\"headline\":\"Sheinbaum acusa que en la guerra contra el narcotr\u00e1fico hab\u00eda &#8220;permiso para matar&#8221;\",\"datePublished\":\"2026-08-28T19:40:43+00:00\",\"dateModified\":\"2026-08-28T19:40:46+00:00\",\"mainEntityOfPage\":{\"@id\":\"https:\\\/\\\/www.bbmnoticias.com\\\/labravaradiofm\\\/2026\\\/08\\\/28\\\/sheinbaum-acusa-que-en-la-guerra-contra-el-narcotrafico-habia-permiso-para-matar\\\/\"},\"wordCount\":716,\"image\":{\"@id\":\"https:\\\/\\\/www.bbmnoticias.com\\\/sheinbaum-acusa-que-en-la-guerra-contra-el-narcotrafico-habia-permiso-para-matar\\\/#primaryimage\"},\"thumbnailUrl\":\"https:\\\/\\\/www.bbmnoticias.com\\\/labravaradiofm\\\/wp-content\\\/uploads\\\/sites\\\/5\\\/2026\\\/08\\\/Sheinbaum-acusa-que-en-la-guerra-contra-el-narcotrafico-habia-permiso-para-matar.jpg\",\"articleSection\":[\"LOCAL\",\"NACIONAL\"],\"inLanguage\":\"es\"},{\"@type\":\"WebPage\",\"@id\":\"https:\\\/\\\/www.bbmnoticias.com\\\/labravaradiofm\\\/2026\\\/08\\\/28\\\/sheinbaum-acusa-que-en-la-guerra-contra-el-narcotrafico-habia-permiso-para-matar\\\/\",\"url\":\"https:\\\/\\\/www.bbmnoticias.com\\\/sheinbaum-acusa-que-en-la-guerra-contra-el-narcotrafico-habia-permiso-para-matar\\\/\",\"name\":\"Sheinbaum acusa que en la guerra contra el narcotr\u00e1fico hab\u00eda \\\"permiso para matar\\\" - LA BRAVA RADIO\",\"isPartOf\":{\"@id\":\"https:\\\/\\\/www.bbmnoticias.com\\\/labravaradiofm\\\/#website\"},\"primaryImageOfPage\":{\"@id\":\"https:\\\/\\\/www.bbmnoticias.com\\\/sheinbaum-acusa-que-en-la-guerra-contra-el-narcotrafico-habia-permiso-para-matar\\\/#primaryimage\"},\"image\":{\"@id\":\"https:\\\/\\\/www.bbmnoticias.com\\\/sheinbaum-acusa-que-en-la-guerra-contra-el-narcotrafico-habia-permiso-para-matar\\\/#primaryimage\"},\"thumbnailUrl\":\"https:\\\/\\\/www.bbmnoticias.com\\\/labravaradiofm\\\/wp-content\\\/uploads\\\/sites\\\/5\\\/2026\\\/08\\\/Sheinbaum-acusa-que-en-la-guerra-contra-el-narcotrafico-habia-permiso-para-matar.jpg\",\"datePublished\":\"2026-08-28T19:40:43+00:00\",\"dateModified\":\"2026-08-28T19:40:46+00:00\",\"author\":{\"@id\":\"https:\\\/\\\/www.bbmnoticias.com\\\/labravaradiofm\\\/#\\\/schema\\\/person\\\/32f1fc7382033a43789e6a250ee81243\"},\"breadcrumb\":{\"@id\":\"https:\\\/\\\/www.bbmnoticias.com\\\/sheinbaum-acusa-que-en-la-guerra-contra-el-narcotrafico-habia-permiso-para-matar\\\/#breadcrumb\"},\"inLanguage\":\"es\",\"potentialAction\":[{\"@type\":\"ReadAction\",\"target\":[\"https:\\\/\\\/www.bbmnoticias.com\\\/sheinbaum-acusa-que-en-la-guerra-contra-el-narcotrafico-habia-permiso-para-matar\\\/\"]}]},{\"@type\":\"ImageObject\",\"inLanguage\":\"es\",\"@id\":\"https:\\\/\\\/www.bbmnoticias.com\\\/sheinbaum-acusa-que-en-la-guerra-contra-el-narcotrafico-habia-permiso-para-matar\\\/#primaryimage\",\"url\":\"https:\\\/\\\/www.bbmnoticias.com\\\/labravaradiofm\\\/wp-content\\\/uploads\\\/sites\\\/5\\\/2026\\\/08\\\/Sheinbaum-acusa-que-en-la-guerra-contra-el-narcotrafico-habia-permiso-para-matar.jpg\",\"contentUrl\":\"https:\\\/\\\/www.bbmnoticias.com\\\/labravaradiofm\\\/wp-content\\\/uploads\\\/sites\\\/5\\\/2026\\\/08\\\/Sheinbaum-acusa-que-en-la-guerra-contra-el-narcotrafico-habia-permiso-para-matar.jpg\",\"width\":528,\"height\":353},{\"@type\":\"BreadcrumbList\",\"@id\":\"https:\\\/\\\/www.bbmnoticias.com\\\/sheinbaum-acusa-que-en-la-guerra-contra-el-narcotrafico-habia-permiso-para-matar\\\/#breadcrumb\",\"itemListElement\":[{\"@type\":\"ListItem\",\"position\":1,\"name\":\"Inicio\",\"item\":\"https:\\\/\\\/www.bbmnoticias.com\\\/labravaradiofm\\\/\"},{\"@type\":\"ListItem\",\"position\":2,\"name\":\"Sheinbaum acusa que en la guerra contra el narcotr\u00e1fico hab\u00eda &#8220;permiso para matar&#8221;\"}]},{\"@type\":\"WebSite\",\"@id\":\"https:\\\/\\\/www.bbmnoticias.com\\\/labravaradiofm\\\/#website\",\"url\":\"https:\\\/\\\/www.bbmnoticias.com\\\/labravaradiofm\\\/\",\"name\":\"LA BRAVA RADIO\",\"description\":\"Empresa productora de medios, Radiodifusi\u00f3n, Noticias, tendencias y todo lo que necesitas saber de la pol\u00edtica mexicana e internacional; entretenimiento, espect\u00e1culos, salud y mucho m\u00e1s.\",\"potentialAction\":[{\"@type\":\"SearchAction\",\"target\":{\"@type\":\"EntryPoint\",\"urlTemplate\":\"https:\\\/\\\/www.bbmnoticias.com\\\/labravaradiofm\\\/?s={search_term_string}\"},\"query-input\":{\"@type\":\"PropertyValueSpecification\",\"valueRequired\":true,\"valueName\":\"search_term_string\"}}],\"inLanguage\":\"es\"},{\"@type\":\"Person\",\"@id\":\"https:\\\/\\\/www.bbmnoticias.com\\\/labravaradiofm\\\/#\\\/schema\\\/person\\\/32f1fc7382033a43789e6a250ee81243\",\"name\":\"El Heraldo\",\"image\":{\"@type\":\"ImageObject\",\"inLanguage\":\"es\",\"@id\":\"https:\\\/\\\/secure.gravatar.com\\\/avatar\\\/463017be041288b5a196814ef7242bd62699b857f306e4b5b61b533e8a87f404?s=96&d=mm&r=g\",\"url\":\"https:\\\/\\\/secure.gravatar.com\\\/avatar\\\/463017be041288b5a196814ef7242bd62699b857f306e4b5b61b533e8a87f404?s=96&d=mm&r=g\",\"contentUrl\":\"https:\\\/\\\/secure.gravatar.com\\\/avatar\\\/463017be041288b5a196814ef7242bd62699b857f306e4b5b61b533e8a87f404?s=96&d=mm&r=g\",\"caption\":\"El Heraldo\"},\"url\":\"https:\\\/\\\/www.bbmnoticias.com\\\/labravaradiofm\\\/author\\\/heraldo\\\/\"}]}<\/script>\n<!-- \/ Yoast SEO plugin. -->","yoast_head_json":{"title":"Sheinbaum acusa que en la guerra contra el narcotr\u00e1fico hab\u00eda \"permiso para matar\" - LA BRAVA RADIO","robots":{"index":"index","follow":"follow","max-snippet":"max-snippet:-1","max-image-preview":"max-image-preview:large","max-video-preview":"max-video-preview:-1"},"canonical":"https:\/\/www.bbmnoticias.com\/sheinbaum-acusa-que-en-la-guerra-contra-el-narcotrafico-habia-permiso-para-matar\/","og_locale":"es_MX","og_type":"article","og_title":"Sheinbaum acusa que en la guerra contra el narcotr\u00e1fico hab\u00eda \"permiso para matar\" - LA BRAVA RADIO","og_description":"La guerra contra el narcotr\u00e1fico iniciada durante el gobierno de Felipe Calder\u00f3n permiti\u00f3 ejecutar a presuntos delincuentes fuera de la ley y provoc\u00f3 un aumento de la violencia en el pa\u00eds, acus\u00f3 la presidenta Claudia Sheinbaum. Durante la conferencia matutina, la mandataria sostuvo que aquella estrategia funcion\u00f3 como un estado de excepci\u00f3n, aunque nunca fue [&hellip;]","og_url":"https:\/\/www.bbmnoticias.com\/sheinbaum-acusa-que-en-la-guerra-contra-el-narcotrafico-habia-permiso-para-matar\/","og_site_name":"LA BRAVA RADIO","article_published_time":"2026-08-28T19:40:43+00:00","article_modified_time":"2026-08-28T19:40:46+00:00","og_image":[{"width":528,"height":353,"url":"https:\/\/www.bbmnoticias.com\/labravaradiofm\/wp-content\/uploads\/sites\/5\/2026\/08\/Sheinbaum-acusa-que-en-la-guerra-contra-el-narcotrafico-habia-permiso-para-matar.jpg","type":"image\/jpeg"}],"author":"El Heraldo","twitter_card":"summary_large_image","twitter_misc":{"Escrito por":"El Heraldo","Tiempo de lectura":"4 minutos"},"schema":{"@context":"https:\/\/schema.org","@graph":[{"@type":"Article","@id":"https:\/\/www.bbmnoticias.com\/sheinbaum-acusa-que-en-la-guerra-contra-el-narcotrafico-habia-permiso-para-matar\/#article","isPartOf":{"@id":"https:\/\/www.bbmnoticias.com\/labravaradiofm\/2026\/08\/28\/sheinbaum-acusa-que-en-la-guerra-contra-el-narcotrafico-habia-permiso-para-matar\/"},"author":{"name":"El Heraldo","@id":"https:\/\/www.bbmnoticias.com\/labravaradiofm\/#\/schema\/person\/32f1fc7382033a43789e6a250ee81243"},"headline":"Sheinbaum acusa que en la guerra contra el narcotr\u00e1fico hab\u00eda &#8220;permiso para matar&#8221;","datePublished":"2026-08-28T19:40:43+00:00","dateModified":"2026-08-28T19:40:46+00:00","mainEntityOfPage":{"@id":"https:\/\/www.bbmnoticias.com\/labravaradiofm\/2026\/08\/28\/sheinbaum-acusa-que-en-la-guerra-contra-el-narcotrafico-habia-permiso-para-matar\/"},"wordCount":716,"image":{"@id":"https:\/\/www.bbmnoticias.com\/sheinbaum-acusa-que-en-la-guerra-contra-el-narcotrafico-habia-permiso-para-matar\/#primaryimage"},"thumbnailUrl":"https:\/\/www.bbmnoticias.com\/labravaradiofm\/wp-content\/uploads\/sites\/5\/2026\/08\/Sheinbaum-acusa-que-en-la-guerra-contra-el-narcotrafico-habia-permiso-para-matar.jpg","articleSection":["LOCAL","NACIONAL"],"inLanguage":"es"},{"@type":"WebPage","@id":"https:\/\/www.bbmnoticias.com\/labravaradiofm\/2026\/08\/28\/sheinbaum-acusa-que-en-la-guerra-contra-el-narcotrafico-habia-permiso-para-matar\/","url":"https:\/\/www.bbmnoticias.com\/sheinbaum-acusa-que-en-la-guerra-contra-el-narcotrafico-habia-permiso-para-matar\/","name":"Sheinbaum acusa que en la guerra contra el narcotr\u00e1fico hab\u00eda \"permiso para matar\" - LA BRAVA RADIO","isPartOf":{"@id":"https:\/\/www.bbmnoticias.com\/labravaradiofm\/#website"},"primaryImageOfPage":{"@id":"https:\/\/www.bbmnoticias.com\/sheinbaum-acusa-que-en-la-guerra-contra-el-narcotrafico-habia-permiso-para-matar\/#primaryimage"},"image":{"@id":"https:\/\/www.bbmnoticias.com\/sheinbaum-acusa-que-en-la-guerra-contra-el-narcotrafico-habia-permiso-para-matar\/#primaryimage"},"thumbnailUrl":"https:\/\/www.bbmnoticias.com\/labravaradiofm\/wp-content\/uploads\/sites\/5\/2026\/08\/Sheinbaum-acusa-que-en-la-guerra-contra-el-narcotrafico-habia-permiso-para-matar.jpg","datePublished":"2026-08-28T19:40:43+00:00","dateModified":"2026-08-28T19:40:46+00:00","author":{"@id":"https:\/\/www.bbmnoticias.com\/labravaradiofm\/#\/schema\/person\/32f1fc7382033a43789e6a250ee81243"},"breadcrumb":{"@id":"https:\/\/www.bbmnoticias.com\/sheinbaum-acusa-que-en-la-guerra-contra-el-narcotrafico-habia-permiso-para-matar\/#breadcrumb"},"inLanguage":"es","potentialAction":[{"@type":"ReadAction","target":["https:\/\/www.bbmnoticias.com\/sheinbaum-acusa-que-en-la-guerra-contra-el-narcotrafico-habia-permiso-para-matar\/"]}]},{"@type":"ImageObject","inLanguage":"es","@id":"https:\/\/www.bbmnoticias.com\/sheinbaum-acusa-que-en-la-guerra-contra-el-narcotrafico-habia-permiso-para-matar\/#primaryimage","url":"https:\/\/www.bbmnoticias.com\/labravaradiofm\/wp-content\/uploads\/sites\/5\/2026\/08\/Sheinbaum-acusa-que-en-la-guerra-contra-el-narcotrafico-habia-permiso-para-matar.jpg","contentUrl":"https:\/\/www.bbmnoticias.com\/labravaradiofm\/wp-content\/uploads\/sites\/5\/2026\/08\/Sheinbaum-acusa-que-en-la-guerra-contra-el-narcotrafico-habia-permiso-para-matar.jpg","width":528,"height":353},{"@type":"BreadcrumbList","@id":"https:\/\/www.bbmnoticias.com\/sheinbaum-acusa-que-en-la-guerra-contra-el-narcotrafico-habia-permiso-para-matar\/#breadcrumb","itemListElement":[{"@type":"ListItem","position":1,"name":"Inicio","item":"https:\/\/www.bbmnoticias.com\/labravaradiofm\/"},{"@type":"ListItem","position":2,"name":"Sheinbaum acusa que en la guerra contra el narcotr\u00e1fico hab\u00eda &#8220;permiso para matar&#8221;"}]},{"@type":"WebSite","@id":"https:\/\/www.bbmnoticias.com\/labravaradiofm\/#website","url":"https:\/\/www.bbmnoticias.com\/labravaradiofm\/","name":"LA BRAVA RADIO","description":"Empresa productora de medios, Radiodifusi\u00f3n, Noticias, tendencias y todo lo que necesitas saber de la pol\u00edtica mexicana e internacional; entretenimiento, espect\u00e1culos, salud y mucho m\u00e1s.","potentialAction":[{"@type":"SearchAction","target":{"@type":"EntryPoint","urlTemplate":"https:\/\/www.bbmnoticias.com\/labravaradiofm\/?s={search_term_string}"},"query-input":{"@type":"PropertyValueSpecification","valueRequired":true,"valueName":"search_term_string"}}],"inLanguage":"es"},{"@type":"Person","@id":"https:\/\/www.bbmnoticias.com\/labravaradiofm\/#\/schema\/person\/32f1fc7382033a43789e6a250ee81243","name":"El Heraldo","image":{"@type":"ImageObject","inLanguage":"es","@id":"https:\/\/secure.gravatar.com\/avatar\/463017be041288b5a196814ef7242bd62699b857f306e4b5b61b533e8a87f404?s=96&d=mm&r=g","url":"https:\/\/secure.gravatar.com\/avatar\/463017be041288b5a196814ef7242bd62699b857f306e4b5b61b533e8a87f404?s=96&d=mm&r=g","contentUrl":"https:\/\/secure.gravatar.com\/avatar\/463017be041288b5a196814ef7242bd62699b857f306e4b5b61b533e8a87f404?s=96&d=mm&r=g","caption":"El Heraldo"},"url":"https:\/\/www.bbmnoticias.com\/labravaradiofm\/author\/heraldo\/"}]}},"_links":{"self":[{"href":"https:\/\/www.bbmnoticias.com\/labravaradiofm\/wp-json\/wp\/v2\/posts\/81213","targetHints":{"allow":["GET"]}}],"collection":[{"href":"https:\/\/www.bbmnoticias.com\/labravaradiofm\/wp-json\/wp\/v2\/posts"}],"about":[{"href":"https:\/\/www.bbmnoticias.com\/labravaradiofm\/wp-json\/wp\/v2\/types\/post"}],"author":[{"embeddable":true,"href":"https:\/\/www.bbmnoticias.com\/labravaradiofm\/wp-json\/wp\/v2\/users\/15"}],"replies":[{"embeddable":true,"href":"https:\/\/www.bbmnoticias.com\/labravaradiofm\/wp-json\/wp\/v2\/comments?post=81213"}],"version-history":[{"count":1,"href":"https:\/\/www.bbmnoticias.com\/labravaradiofm\/wp-json\/wp\/v2\/posts\/81213\/revisions"}],"predecessor-version":[{"id":81214,"href":"https:\/\/www.bbmnoticias.com\/labravaradiofm\/wp-json\/wp\/v2\/posts\/81213\/revisions\/81214"}],"wp:featuredmedia":[{"embeddable":true,"href":"https:\/\/www.bbmnoticias.com\/labravaradiofm\/wp-json\/wp\/v2\/media\/81215"}],"wp:attachment":[{"href":"https:\/\/www.bbmnoticias.com\/labravaradiofm\/wp-json\/wp\/v2\/media?parent=81213"}],"wp:term":[{"taxonomy":"category","embeddable":true,"href":"https:\/\/www.bbmnoticias.com\/labravaradiofm\/wp-json\/wp\/v2\/categories?post=81213"},{"taxonomy":"post_tag","embeddable":true,"href":"https:\/\/www.bbmnoticias.com\/labravaradiofm\/wp-json\/wp\/v2\/tags?post=81213"}],"curies":[{"name":"wp","href":"https:\/\/api.w.org\/{rel}","templated":true}]}}