{"id":81207,"date":"2026-08-28T13:31:44","date_gmt":"2026-08-28T19:31:44","guid":{"rendered":"https:\/\/www.bbmnoticias.com\/labravaradiofm\/2026\/08\/28\/nuevo-leon-pide-a-pemex-y-asea-explicacion-por-olores-que-apuntan-a-la-refineria-de-cadereyta\/"},"modified":"2026-08-28T13:31:46","modified_gmt":"2026-08-28T19:31:46","slug":"nuevo-leon-pide-a-pemex-y-asea-explicacion-por-olores-que-apuntan-a-la-refineria-de-cadereyta","status":"publish","type":"post","link":"https:\/\/www.bbmnoticias.com\/labravaradiofm\/2026\/08\/28\/nuevo-leon-pide-a-pemex-y-asea-explicacion-por-olores-que-apuntan-a-la-refineria-de-cadereyta\/","title":{"rendered":"Nuevo Le\u00f3n pide a Pemex y ASEA explicaci\u00f3n por olores que apuntan a la refiner\u00eda de Cadereyta"},"content":{"rendered":"\n<p class=\"wp-block-paragraph\">El gobierno de <strong>Nuevo Le\u00f3n<\/strong>, a trav\u00e9s de la Secretar\u00eda de Medio Ambiente, determin\u00f3 que la <strong>refiner\u00eda<\/strong> ubicada en<strong> Cadereyta<\/strong> es la fuente de los <strong>malos olores <\/strong>que han afectado a diversos municipios de la <strong>zona metropolitana de Monterrey <\/strong>durante los \u00faltimos d\u00edas. Tras recibir m\u00faltiples reportes ciudadanos sobre un <strong>aroma similar al azufre o gas<\/strong>, las autoridades estatales realizaron un despliegue t\u00e9cnico para localizar el origen del problema.<\/p>\n\n\n\n<blockquote class=\"wp-block-quote is-layout-flow wp-block-quote-is-layout-flow\">\n<p class=\"wp-block-paragraph\">En la noche, se empezaron a recibir los primeros reportes. Empezaba muy puntual y terminaba muy puntual, entonces eso te marca que es una actividad programada&#8221;, dijo&nbsp;Ra\u00fal Lozano Caballero, secretario de Medio Ambiente de Nuevo Le\u00f3n en entrevista para el programa de las &#8220;Noticias con Javier Alatorre&#8221;. de Heraldo Radio.<\/p>\n<\/blockquote>\n\n\n\n<p class=\"wp-block-paragraph\">De acuerdo con Ra\u00fal Lozano Caballero, la investigaci\u00f3n, encabezada por la <strong>divisi\u00f3n ambienta<\/strong>l del estado, utiliz\u00f3 sistemas de <strong>monitoreo de calidad del aire y<\/strong> an\u00e1lisis de la direcci\u00f3n de los vientos para rastrear la procedencia de las emisiones. Seg\u00fan la informaci\u00f3n recabada, la predominancia de las corrientes de aire desde el oriente hacia el norponiente permiti\u00f3 confirmar que la refiner\u00eda es el punto de origen, descartando otras causas como <strong>fallas en el drenaje<\/strong>.<\/p>\n\n\n\n<p class=\"wp-block-paragraph\">Para llegar a esta conclusi\u00f3n, el equipo de trabajo analiz\u00f3 la puntualidad de los reportes, los cuales se concentraban en un horario espec\u00edfico durante la noche. Este patr\u00f3n permiti\u00f3 a las autoridades estatales determinar que se trata de una actividad operativa programada dentro de las instalaciones de<strong> Petr\u00f3leos Mexicanos (Pemex)<\/strong>.<\/p>\n\n\n\n<blockquote class=\"wp-block-quote is-layout-flow wp-block-quote-is-layout-flow\">\n<p class=\"wp-block-paragraph\">Por la corriente de los vientos, por la predominancia de las denuncias y por el tipo de olor, pudimos pr\u00e1cticamente determinar que era de un proceso de refinaci\u00f3n de hidrocarburos, obviamente provenientes de la refiner\u00eda que tenemos en Cadereyta.&#8221;<\/p>\n<\/blockquote>\n\n\n\n<h2 class=\"wp-block-heading\">Gesti\u00f3n ante autoridades federales<\/h2>\n\n\n\n<p class=\"wp-block-paragraph\">Ante la persistencia de los olores, representantes del gobierno estatal se trasladaron a la Ciudad de M\u00e9xico para presentar la evidencia t\u00e9cnica recopilada ante Petr\u00f3leos Mexicanos y la Agencia de Seguridad, Energ\u00eda y Ambiente. El objetivo de esta gesti\u00f3n es que las instancias federales tomen medidas inmediatas para evitar que la poblaci\u00f3n contin\u00fae expuesta a esta incertidumbre.<\/p>\n\n\n\n<blockquote class=\"wp-block-quote is-layout-flow wp-block-quote-is-layout-flow\">\n<p class=\"wp-block-paragraph\">Vamos a dejar evidencia de todo lo que se estuvo documentando en estos tres, cuatro d\u00edas, donde estamos, vamos a dejar copia de la predominancia de los vientos, del sistema que se us\u00f3 para medirlos y pues obviamente lo que queremos es que tomen cartas inmediatas en el asunto.&#8221;<\/p>\n<\/blockquote>\n\n\n\n<h2 class=\"wp-block-heading\">Recomendaciones para la poblaci\u00f3n<\/h2>\n\n\n\n<p class=\"wp-block-paragraph\">Aunque las autoridades estatales han evitado emitir juicios m\u00e9dicos, recomendaron a los grupos vulnerables, como adultos mayores, personas con enfermedades cong\u00e9nitas y menores de edad, mantenerse resguardados mientras se obtiene una respuesta oficial por parte de la federaci\u00f3n sobre la naturaleza de estas emisiones y las acciones correctivas que se implementar\u00e1n.<\/p>\n","protected":false},"excerpt":{"rendered":"<p>El gobierno de Nuevo Le\u00f3n, a trav\u00e9s de la Secretar\u00eda de Medio Ambiente, determin\u00f3 que la refiner\u00eda ubicada en Cadereyta es la fuente de los malos olores que han afectado a diversos municipios de la zona metropolitana de Monterrey durante los \u00faltimos d\u00edas. Tras recibir m\u00faltiples reportes ciudadanos sobre un aroma similar al azufre o [&hellip;]<\/p>\n","protected":false},"author":15,"featured_media":81209,"comment_status":"closed","ping_status":"open","sticky":false,"template":"","format":"standard","meta":{"footnotes":""},"categories":[2,19],"tags":[],"class_list":["post-81207","post","type-post","status-publish","format-standard","has-post-thumbnail","hentry","category-oaxaca","category-nacional"],"yoast_head":"<!-- This site is optimized with the Yoast SEO plugin v28.1 - https:\/\/yoast.com\/product\/yoast-seo-wordpress\/ -->\n<title>Nuevo Le\u00f3n pide a Pemex y ASEA explicaci\u00f3n por olores que apuntan a la refiner\u00eda de Cadereyta - LA BRAVA RADIO<\/title>\n<meta name=\"robots\" content=\"index, follow, max-snippet:-1, max-image-preview:large, max-video-preview:-1\" \/>\n<link rel=\"canonical\" href=\"https:\/\/www.bbmnoticias.com\/nuevo-leon-pide-a-pemex-y-asea-explicacion-por-olores-que-apuntan-a-la-refineria-de-cadereyta\/\" \/>\n<meta property=\"og:locale\" content=\"es_MX\" \/>\n<meta property=\"og:type\" content=\"article\" \/>\n<meta property=\"og:title\" content=\"Nuevo Le\u00f3n pide a Pemex y ASEA explicaci\u00f3n por olores que apuntan a la refiner\u00eda de Cadereyta - LA BRAVA RADIO\" \/>\n<meta property=\"og:description\" content=\"El gobierno de Nuevo Le\u00f3n, a trav\u00e9s de la Secretar\u00eda de Medio Ambiente, determin\u00f3 que la refiner\u00eda ubicada en Cadereyta es la fuente de los malos olores que han afectado a diversos municipios de la zona metropolitana de Monterrey durante los \u00faltimos d\u00edas. Tras recibir m\u00faltiples reportes ciudadanos sobre un aroma similar al azufre o [&hellip;]\" \/>\n<meta property=\"og:url\" content=\"https:\/\/www.bbmnoticias.com\/nuevo-leon-pide-a-pemex-y-asea-explicacion-por-olores-que-apuntan-a-la-refineria-de-cadereyta\/\" \/>\n<meta property=\"og:site_name\" content=\"LA BRAVA RADIO\" \/>\n<meta property=\"article:published_time\" content=\"2026-08-28T19:31:44+00:00\" \/>\n<meta property=\"article:modified_time\" content=\"2026-08-28T19:31:46+00:00\" \/>\n<meta property=\"og:image\" content=\"https:\/\/www.bbmnoticias.com\/labravaradiofm\/wp-content\/uploads\/sites\/5\/2026\/08\/n1smjDzD.jpg\" \/>\n\t<meta property=\"og:image:width\" content=\"680\" \/>\n\t<meta property=\"og:image:height\" content=\"383\" \/>\n\t<meta property=\"og:image:type\" content=\"image\/jpeg\" \/>\n<meta name=\"author\" content=\"El Heraldo\" \/>\n<meta name=\"twitter:card\" content=\"summary_large_image\" \/>\n<meta name=\"twitter:label1\" content=\"Escrito por\" \/>\n\t<meta name=\"twitter:data1\" content=\"El Heraldo\" \/>\n\t<meta name=\"twitter:label2\" content=\"Tiempo de lectura\" \/>\n\t<meta name=\"twitter:data2\" content=\"2 minutos\" \/>\n<script type=\"application\/ld+json\" class=\"yoast-schema-graph\">{\"@context\":\"https:\\\/\\\/schema.org\",\"@graph\":[{\"@type\":\"Article\",\"@id\":\"https:\\\/\\\/www.bbmnoticias.com\\\/nuevo-leon-pide-a-pemex-y-asea-explicacion-por-olores-que-apuntan-a-la-refineria-de-cadereyta\\\/#article\",\"isPartOf\":{\"@id\":\"https:\\\/\\\/www.bbmnoticias.com\\\/labravaradiofm\\\/2026\\\/08\\\/28\\\/nuevo-leon-pide-a-pemex-y-asea-explicacion-por-olores-que-apuntan-a-la-refineria-de-cadereyta\\\/\"},\"author\":{\"name\":\"El Heraldo\",\"@id\":\"https:\\\/\\\/www.bbmnoticias.com\\\/labravaradiofm\\\/#\\\/schema\\\/person\\\/32f1fc7382033a43789e6a250ee81243\"},\"headline\":\"Nuevo Le\u00f3n pide a Pemex y ASEA explicaci\u00f3n por olores que apuntan a la refiner\u00eda de Cadereyta\",\"datePublished\":\"2026-08-28T19:31:44+00:00\",\"dateModified\":\"2026-08-28T19:31:46+00:00\",\"mainEntityOfPage\":{\"@id\":\"https:\\\/\\\/www.bbmnoticias.com\\\/labravaradiofm\\\/2026\\\/08\\\/28\\\/nuevo-leon-pide-a-pemex-y-asea-explicacion-por-olores-que-apuntan-a-la-refineria-de-cadereyta\\\/\"},\"wordCount\":506,\"image\":{\"@id\":\"https:\\\/\\\/www.bbmnoticias.com\\\/nuevo-leon-pide-a-pemex-y-asea-explicacion-por-olores-que-apuntan-a-la-refineria-de-cadereyta\\\/#primaryimage\"},\"thumbnailUrl\":\"https:\\\/\\\/www.bbmnoticias.com\\\/labravaradiofm\\\/wp-content\\\/uploads\\\/sites\\\/5\\\/2026\\\/08\\\/n1smjDzD.jpg\",\"articleSection\":[\"LOCAL\",\"NACIONAL\"],\"inLanguage\":\"es\"},{\"@type\":\"WebPage\",\"@id\":\"https:\\\/\\\/www.bbmnoticias.com\\\/labravaradiofm\\\/2026\\\/08\\\/28\\\/nuevo-leon-pide-a-pemex-y-asea-explicacion-por-olores-que-apuntan-a-la-refineria-de-cadereyta\\\/\",\"url\":\"https:\\\/\\\/www.bbmnoticias.com\\\/nuevo-leon-pide-a-pemex-y-asea-explicacion-por-olores-que-apuntan-a-la-refineria-de-cadereyta\\\/\",\"name\":\"Nuevo Le\u00f3n pide a Pemex y ASEA explicaci\u00f3n por olores que apuntan a la refiner\u00eda de Cadereyta - LA BRAVA RADIO\",\"isPartOf\":{\"@id\":\"https:\\\/\\\/www.bbmnoticias.com\\\/labravaradiofm\\\/#website\"},\"primaryImageOfPage\":{\"@id\":\"https:\\\/\\\/www.bbmnoticias.com\\\/nuevo-leon-pide-a-pemex-y-asea-explicacion-por-olores-que-apuntan-a-la-refineria-de-cadereyta\\\/#primaryimage\"},\"image\":{\"@id\":\"https:\\\/\\\/www.bbmnoticias.com\\\/nuevo-leon-pide-a-pemex-y-asea-explicacion-por-olores-que-apuntan-a-la-refineria-de-cadereyta\\\/#primaryimage\"},\"thumbnailUrl\":\"https:\\\/\\\/www.bbmnoticias.com\\\/labravaradiofm\\\/wp-content\\\/uploads\\\/sites\\\/5\\\/2026\\\/08\\\/n1smjDzD.jpg\",\"datePublished\":\"2026-08-28T19:31:44+00:00\",\"dateModified\":\"2026-08-28T19:31:46+00:00\",\"author\":{\"@id\":\"https:\\\/\\\/www.bbmnoticias.com\\\/labravaradiofm\\\/#\\\/schema\\\/person\\\/32f1fc7382033a43789e6a250ee81243\"},\"breadcrumb\":{\"@id\":\"https:\\\/\\\/www.bbmnoticias.com\\\/nuevo-leon-pide-a-pemex-y-asea-explicacion-por-olores-que-apuntan-a-la-refineria-de-cadereyta\\\/#breadcrumb\"},\"inLanguage\":\"es\",\"potentialAction\":[{\"@type\":\"ReadAction\",\"target\":[\"https:\\\/\\\/www.bbmnoticias.com\\\/nuevo-leon-pide-a-pemex-y-asea-explicacion-por-olores-que-apuntan-a-la-refineria-de-cadereyta\\\/\"]}]},{\"@type\":\"ImageObject\",\"inLanguage\":\"es\",\"@id\":\"https:\\\/\\\/www.bbmnoticias.com\\\/nuevo-leon-pide-a-pemex-y-asea-explicacion-por-olores-que-apuntan-a-la-refineria-de-cadereyta\\\/#primaryimage\",\"url\":\"https:\\\/\\\/www.bbmnoticias.com\\\/labravaradiofm\\\/wp-content\\\/uploads\\\/sites\\\/5\\\/2026\\\/08\\\/n1smjDzD.jpg\",\"contentUrl\":\"https:\\\/\\\/www.bbmnoticias.com\\\/labravaradiofm\\\/wp-content\\\/uploads\\\/sites\\\/5\\\/2026\\\/08\\\/n1smjDzD.jpg\",\"width\":680,\"height\":383},{\"@type\":\"BreadcrumbList\",\"@id\":\"https:\\\/\\\/www.bbmnoticias.com\\\/nuevo-leon-pide-a-pemex-y-asea-explicacion-por-olores-que-apuntan-a-la-refineria-de-cadereyta\\\/#breadcrumb\",\"itemListElement\":[{\"@type\":\"ListItem\",\"position\":1,\"name\":\"Inicio\",\"item\":\"https:\\\/\\\/www.bbmnoticias.com\\\/labravaradiofm\\\/\"},{\"@type\":\"ListItem\",\"position\":2,\"name\":\"Nuevo Le\u00f3n pide a Pemex y ASEA explicaci\u00f3n por olores que apuntan a la refiner\u00eda de Cadereyta\"}]},{\"@type\":\"WebSite\",\"@id\":\"https:\\\/\\\/www.bbmnoticias.com\\\/labravaradiofm\\\/#website\",\"url\":\"https:\\\/\\\/www.bbmnoticias.com\\\/labravaradiofm\\\/\",\"name\":\"LA BRAVA RADIO\",\"description\":\"Empresa productora de medios, Radiodifusi\u00f3n, Noticias, tendencias y todo lo que necesitas saber de la pol\u00edtica mexicana e internacional; entretenimiento, espect\u00e1culos, salud y mucho m\u00e1s.\",\"potentialAction\":[{\"@type\":\"SearchAction\",\"target\":{\"@type\":\"EntryPoint\",\"urlTemplate\":\"https:\\\/\\\/www.bbmnoticias.com\\\/labravaradiofm\\\/?s={search_term_string}\"},\"query-input\":{\"@type\":\"PropertyValueSpecification\",\"valueRequired\":true,\"valueName\":\"search_term_string\"}}],\"inLanguage\":\"es\"},{\"@type\":\"Person\",\"@id\":\"https:\\\/\\\/www.bbmnoticias.com\\\/labravaradiofm\\\/#\\\/schema\\\/person\\\/32f1fc7382033a43789e6a250ee81243\",\"name\":\"El Heraldo\",\"image\":{\"@type\":\"ImageObject\",\"inLanguage\":\"es\",\"@id\":\"https:\\\/\\\/secure.gravatar.com\\\/avatar\\\/463017be041288b5a196814ef7242bd62699b857f306e4b5b61b533e8a87f404?s=96&d=mm&r=g\",\"url\":\"https:\\\/\\\/secure.gravatar.com\\\/avatar\\\/463017be041288b5a196814ef7242bd62699b857f306e4b5b61b533e8a87f404?s=96&d=mm&r=g\",\"contentUrl\":\"https:\\\/\\\/secure.gravatar.com\\\/avatar\\\/463017be041288b5a196814ef7242bd62699b857f306e4b5b61b533e8a87f404?s=96&d=mm&r=g\",\"caption\":\"El Heraldo\"},\"url\":\"https:\\\/\\\/www.bbmnoticias.com\\\/labravaradiofm\\\/author\\\/heraldo\\\/\"}]}<\/script>\n<!-- \/ Yoast SEO plugin. -->","yoast_head_json":{"title":"Nuevo Le\u00f3n pide a Pemex y ASEA explicaci\u00f3n por olores que apuntan a la refiner\u00eda de Cadereyta - LA BRAVA RADIO","robots":{"index":"index","follow":"follow","max-snippet":"max-snippet:-1","max-image-preview":"max-image-preview:large","max-video-preview":"max-video-preview:-1"},"canonical":"https:\/\/www.bbmnoticias.com\/nuevo-leon-pide-a-pemex-y-asea-explicacion-por-olores-que-apuntan-a-la-refineria-de-cadereyta\/","og_locale":"es_MX","og_type":"article","og_title":"Nuevo Le\u00f3n pide a Pemex y ASEA explicaci\u00f3n por olores que apuntan a la refiner\u00eda de Cadereyta - LA BRAVA RADIO","og_description":"El gobierno de Nuevo Le\u00f3n, a trav\u00e9s de la Secretar\u00eda de Medio Ambiente, determin\u00f3 que la refiner\u00eda ubicada en Cadereyta es la fuente de los malos olores que han afectado a diversos municipios de la zona metropolitana de Monterrey durante los \u00faltimos d\u00edas. Tras recibir m\u00faltiples reportes ciudadanos sobre un aroma similar al azufre o [&hellip;]","og_url":"https:\/\/www.bbmnoticias.com\/nuevo-leon-pide-a-pemex-y-asea-explicacion-por-olores-que-apuntan-a-la-refineria-de-cadereyta\/","og_site_name":"LA BRAVA RADIO","article_published_time":"2026-08-28T19:31:44+00:00","article_modified_time":"2026-08-28T19:31:46+00:00","og_image":[{"width":680,"height":383,"url":"https:\/\/www.bbmnoticias.com\/labravaradiofm\/wp-content\/uploads\/sites\/5\/2026\/08\/n1smjDzD.jpg","type":"image\/jpeg"}],"author":"El Heraldo","twitter_card":"summary_large_image","twitter_misc":{"Escrito por":"El Heraldo","Tiempo de lectura":"2 minutos"},"schema":{"@context":"https:\/\/schema.org","@graph":[{"@type":"Article","@id":"https:\/\/www.bbmnoticias.com\/nuevo-leon-pide-a-pemex-y-asea-explicacion-por-olores-que-apuntan-a-la-refineria-de-cadereyta\/#article","isPartOf":{"@id":"https:\/\/www.bbmnoticias.com\/labravaradiofm\/2026\/08\/28\/nuevo-leon-pide-a-pemex-y-asea-explicacion-por-olores-que-apuntan-a-la-refineria-de-cadereyta\/"},"author":{"name":"El Heraldo","@id":"https:\/\/www.bbmnoticias.com\/labravaradiofm\/#\/schema\/person\/32f1fc7382033a43789e6a250ee81243"},"headline":"Nuevo Le\u00f3n pide a Pemex y ASEA explicaci\u00f3n por olores que apuntan a la refiner\u00eda de Cadereyta","datePublished":"2026-08-28T19:31:44+00:00","dateModified":"2026-08-28T19:31:46+00:00","mainEntityOfPage":{"@id":"https:\/\/www.bbmnoticias.com\/labravaradiofm\/2026\/08\/28\/nuevo-leon-pide-a-pemex-y-asea-explicacion-por-olores-que-apuntan-a-la-refineria-de-cadereyta\/"},"wordCount":506,"image":{"@id":"https:\/\/www.bbmnoticias.com\/nuevo-leon-pide-a-pemex-y-asea-explicacion-por-olores-que-apuntan-a-la-refineria-de-cadereyta\/#primaryimage"},"thumbnailUrl":"https:\/\/www.bbmnoticias.com\/labravaradiofm\/wp-content\/uploads\/sites\/5\/2026\/08\/n1smjDzD.jpg","articleSection":["LOCAL","NACIONAL"],"inLanguage":"es"},{"@type":"WebPage","@id":"https:\/\/www.bbmnoticias.com\/labravaradiofm\/2026\/08\/28\/nuevo-leon-pide-a-pemex-y-asea-explicacion-por-olores-que-apuntan-a-la-refineria-de-cadereyta\/","url":"https:\/\/www.bbmnoticias.com\/nuevo-leon-pide-a-pemex-y-asea-explicacion-por-olores-que-apuntan-a-la-refineria-de-cadereyta\/","name":"Nuevo Le\u00f3n pide a Pemex y ASEA explicaci\u00f3n por olores que apuntan a la refiner\u00eda de Cadereyta - LA BRAVA RADIO","isPartOf":{"@id":"https:\/\/www.bbmnoticias.com\/labravaradiofm\/#website"},"primaryImageOfPage":{"@id":"https:\/\/www.bbmnoticias.com\/nuevo-leon-pide-a-pemex-y-asea-explicacion-por-olores-que-apuntan-a-la-refineria-de-cadereyta\/#primaryimage"},"image":{"@id":"https:\/\/www.bbmnoticias.com\/nuevo-leon-pide-a-pemex-y-asea-explicacion-por-olores-que-apuntan-a-la-refineria-de-cadereyta\/#primaryimage"},"thumbnailUrl":"https:\/\/www.bbmnoticias.com\/labravaradiofm\/wp-content\/uploads\/sites\/5\/2026\/08\/n1smjDzD.jpg","datePublished":"2026-08-28T19:31:44+00:00","dateModified":"2026-08-28T19:31:46+00:00","author":{"@id":"https:\/\/www.bbmnoticias.com\/labravaradiofm\/#\/schema\/person\/32f1fc7382033a43789e6a250ee81243"},"breadcrumb":{"@id":"https:\/\/www.bbmnoticias.com\/nuevo-leon-pide-a-pemex-y-asea-explicacion-por-olores-que-apuntan-a-la-refineria-de-cadereyta\/#breadcrumb"},"inLanguage":"es","potentialAction":[{"@type":"ReadAction","target":["https:\/\/www.bbmnoticias.com\/nuevo-leon-pide-a-pemex-y-asea-explicacion-por-olores-que-apuntan-a-la-refineria-de-cadereyta\/"]}]},{"@type":"ImageObject","inLanguage":"es","@id":"https:\/\/www.bbmnoticias.com\/nuevo-leon-pide-a-pemex-y-asea-explicacion-por-olores-que-apuntan-a-la-refineria-de-cadereyta\/#primaryimage","url":"https:\/\/www.bbmnoticias.com\/labravaradiofm\/wp-content\/uploads\/sites\/5\/2026\/08\/n1smjDzD.jpg","contentUrl":"https:\/\/www.bbmnoticias.com\/labravaradiofm\/wp-content\/uploads\/sites\/5\/2026\/08\/n1smjDzD.jpg","width":680,"height":383},{"@type":"BreadcrumbList","@id":"https:\/\/www.bbmnoticias.com\/nuevo-leon-pide-a-pemex-y-asea-explicacion-por-olores-que-apuntan-a-la-refineria-de-cadereyta\/#breadcrumb","itemListElement":[{"@type":"ListItem","position":1,"name":"Inicio","item":"https:\/\/www.bbmnoticias.com\/labravaradiofm\/"},{"@type":"ListItem","position":2,"name":"Nuevo Le\u00f3n pide a Pemex y ASEA explicaci\u00f3n por olores que apuntan a la refiner\u00eda de Cadereyta"}]},{"@type":"WebSite","@id":"https:\/\/www.bbmnoticias.com\/labravaradiofm\/#website","url":"https:\/\/www.bbmnoticias.com\/labravaradiofm\/","name":"LA BRAVA RADIO","description":"Empresa productora de medios, Radiodifusi\u00f3n, Noticias, tendencias y todo lo que necesitas saber de la pol\u00edtica mexicana e internacional; entretenimiento, espect\u00e1culos, salud y mucho m\u00e1s.","potentialAction":[{"@type":"SearchAction","target":{"@type":"EntryPoint","urlTemplate":"https:\/\/www.bbmnoticias.com\/labravaradiofm\/?s={search_term_string}"},"query-input":{"@type":"PropertyValueSpecification","valueRequired":true,"valueName":"search_term_string"}}],"inLanguage":"es"},{"@type":"Person","@id":"https:\/\/www.bbmnoticias.com\/labravaradiofm\/#\/schema\/person\/32f1fc7382033a43789e6a250ee81243","name":"El Heraldo","image":{"@type":"ImageObject","inLanguage":"es","@id":"https:\/\/secure.gravatar.com\/avatar\/463017be041288b5a196814ef7242bd62699b857f306e4b5b61b533e8a87f404?s=96&d=mm&r=g","url":"https:\/\/secure.gravatar.com\/avatar\/463017be041288b5a196814ef7242bd62699b857f306e4b5b61b533e8a87f404?s=96&d=mm&r=g","contentUrl":"https:\/\/secure.gravatar.com\/avatar\/463017be041288b5a196814ef7242bd62699b857f306e4b5b61b533e8a87f404?s=96&d=mm&r=g","caption":"El Heraldo"},"url":"https:\/\/www.bbmnoticias.com\/labravaradiofm\/author\/heraldo\/"}]}},"_links":{"self":[{"href":"https:\/\/www.bbmnoticias.com\/labravaradiofm\/wp-json\/wp\/v2\/posts\/81207","targetHints":{"allow":["GET"]}}],"collection":[{"href":"https:\/\/www.bbmnoticias.com\/labravaradiofm\/wp-json\/wp\/v2\/posts"}],"about":[{"href":"https:\/\/www.bbmnoticias.com\/labravaradiofm\/wp-json\/wp\/v2\/types\/post"}],"author":[{"embeddable":true,"href":"https:\/\/www.bbmnoticias.com\/labravaradiofm\/wp-json\/wp\/v2\/users\/15"}],"replies":[{"embeddable":true,"href":"https:\/\/www.bbmnoticias.com\/labravaradiofm\/wp-json\/wp\/v2\/comments?post=81207"}],"version-history":[{"count":1,"href":"https:\/\/www.bbmnoticias.com\/labravaradiofm\/wp-json\/wp\/v2\/posts\/81207\/revisions"}],"predecessor-version":[{"id":81208,"href":"https:\/\/www.bbmnoticias.com\/labravaradiofm\/wp-json\/wp\/v2\/posts\/81207\/revisions\/81208"}],"wp:featuredmedia":[{"embeddable":true,"href":"https:\/\/www.bbmnoticias.com\/labravaradiofm\/wp-json\/wp\/v2\/media\/81209"}],"wp:attachment":[{"href":"https:\/\/www.bbmnoticias.com\/labravaradiofm\/wp-json\/wp\/v2\/media?parent=81207"}],"wp:term":[{"taxonomy":"category","embeddable":true,"href":"https:\/\/www.bbmnoticias.com\/labravaradiofm\/wp-json\/wp\/v2\/categories?post=81207"},{"taxonomy":"post_tag","embeddable":true,"href":"https:\/\/www.bbmnoticias.com\/labravaradiofm\/wp-json\/wp\/v2\/tags?post=81207"}],"curies":[{"name":"wp","href":"https:\/\/api.w.org\/{rel}","templated":true}]}}