{"id":81204,"date":"2026-08-28T12:23:14","date_gmt":"2026-08-28T18:23:14","guid":{"rendered":"https:\/\/www.bbmnoticias.com\/labravaradiofm\/2026\/08\/28\/eu-derriba-tres-drones-en-la-frontera-con-mexico-presuntamente-son-de-carteles\/"},"modified":"2026-08-28T12:23:17","modified_gmt":"2026-08-28T18:23:17","slug":"eu-derriba-tres-drones-en-la-frontera-con-mexico-presuntamente-son-de-carteles","status":"publish","type":"post","link":"https:\/\/www.bbmnoticias.com\/labravaradiofm\/2026\/08\/28\/eu-derriba-tres-drones-en-la-frontera-con-mexico-presuntamente-son-de-carteles\/","title":{"rendered":"EU derriba tres drones en la frontera con M\u00e9xico; presuntamente son de c\u00e1rteles"},"content":{"rendered":"\n<p class=\"wp-block-paragraph\">La <strong>Fuerza de Tarea Conjunta (JTF)<\/strong>, una organizaci\u00f3n fronteriza del <strong>Comando Norte<\/strong>, inform\u00f3 que esta semana ha <strong>derribado tres drones<\/strong>, presuntamente de narcotraficantes, cuando sobrevolaban la frontera.<\/p>\n\n\n\n<p class=\"wp-block-paragraph\">El destacamento no inform\u00f3 d\u00f3nde espec\u00edficamente derrib\u00f3 los drones; la fuerza de tarea tiene su sede en el <strong>Fuerte Bliss, en El Paso<\/strong>, desde donde coordina operaciones de vigilancia y reacci\u00f3n a lo largo de la frontera con M\u00e9xico.<\/p>\n\n\n\n<p class=\"wp-block-paragraph\">&#8220;Las redes de c\u00e1rteles emplean cada vez m\u00e1s sistemas de aeronaves no tripuladas para <strong>facilitar el tr\u00e1fico il\u00edcito de personas y espiar activamente a nuestro personal<\/strong> y a agencias del orden&#8221;, declar\u00f3 el comandante de la JTF, el <strong>mayor general Curtis Taylor<\/strong>.<\/p>\n\n\n\n<p class=\"wp-block-paragraph\">Dijo que el destacamento ha implementado &#8220;contramedidas en capas junto con capacidades avanzadas de energ\u00eda dirigida como el <strong>sistema l\u00e1ser<\/strong>&#8220;, con el que las fuerzas armadas derribaron los drones.<\/p>\n\n\n\n<p class=\"wp-block-paragraph\">&#8220;Tambi\u00e9n agradecemos enormemente el apoyo de nuestros <strong>socios del Ej\u00e9rcito Mexicano<\/strong> mientras trabajamos juntos para combatir esta amenaza a la regi\u00f3n fronteriza&#8221;, dijo el mayor general sin ofrecer detalles.<\/p>\n\n\n\n<p class=\"wp-block-paragraph\">&#8220;Durante la operaci\u00f3n, del <strong>25 y 26 de agosto<\/strong>, el personal de la JTF utiliz\u00f3 el <strong>sistema l\u00e1ser multiprop\u00f3sito de alta energ\u00eda del ej\u00e9rcito<\/strong> para atacar y derrotar tres drones hostiles, que se determin\u00f3 que desarrollaban actividades que representaban una <strong>amenaza f\u00edsica para el personal militar y CBP<\/strong>&#8220;, o Aduanas y Protecci\u00f3n Fronteriza, inform\u00f3 la JTF.<\/p>\n\n\n\n<p class=\"wp-block-paragraph\">Revel\u00f3 que unos <strong>ocho mil efectivos<\/strong> se encuentran actualmente desplegados en la frontera, principalmente en apoyo a CBP, a la que pertenece la patrulla fronteriza.<\/p>\n\n\n\n<p class=\"wp-block-paragraph\">Dijo que desde <strong>marzo del 2025<\/strong>, las fuerzas de la JTF han reforzado cientos de kil\u00f3metros de la frontera sur con obst\u00e1culos de alambre; &#8220;han realizado decenas de miles de patrullas de detecci\u00f3n y monitoreo, incluso en <strong>asociaci\u00f3n con el ej\u00e9rcito mexicano<\/strong>; han ejecutado miles de vuelos de observaci\u00f3n; y han limpiado la vegetaci\u00f3n en \u00e1reas remotas&#8221;.<\/p>\n\n\n\n<p class=\"wp-block-paragraph\">&#8220;Estas operaciones han mejorado el conocimiento de la situaci\u00f3n de CBP, acelerado los tiempos de respuesta y reforzado los esfuerzos generales para <strong>interrumpir la actividad ilegal liderada por c\u00e1rteles en la frontera sur<\/strong>&#8220;, agreg\u00f3 Taylor.<\/p>\n","protected":false},"excerpt":{"rendered":"<p>La Fuerza de Tarea Conjunta (JTF), una organizaci\u00f3n fronteriza del Comando Norte, inform\u00f3 que esta semana ha derribado tres drones, presuntamente de narcotraficantes, cuando sobrevolaban la frontera. El destacamento no inform\u00f3 d\u00f3nde espec\u00edficamente derrib\u00f3 los drones; la fuerza de tarea tiene su sede en el Fuerte Bliss, en El Paso, desde donde coordina operaciones de [&hellip;]<\/p>\n","protected":false},"author":8,"featured_media":81206,"comment_status":"closed","ping_status":"open","sticky":false,"template":"","format":"standard","meta":{"footnotes":""},"categories":[948,2],"tags":[],"class_list":["post-81204","post","type-post","status-publish","format-standard","has-post-thumbnail","hentry","category-internacional","category-oaxaca"],"yoast_head":"<!-- This site is optimized with the Yoast SEO plugin v28.1 - https:\/\/yoast.com\/product\/yoast-seo-wordpress\/ -->\n<title>EU derriba tres drones en la frontera con M\u00e9xico; presuntamente son de c\u00e1rteles - LA BRAVA RADIO<\/title>\n<meta name=\"robots\" content=\"index, follow, max-snippet:-1, max-image-preview:large, max-video-preview:-1\" \/>\n<link rel=\"canonical\" href=\"https:\/\/www.bbmnoticias.com\/eu-derriba-tres-drones-en-la-frontera-con-mexico-presuntamente-son-de-carteles\/\" \/>\n<meta property=\"og:locale\" content=\"es_MX\" \/>\n<meta property=\"og:type\" content=\"article\" \/>\n<meta property=\"og:title\" content=\"EU derriba tres drones en la frontera con M\u00e9xico; presuntamente son de c\u00e1rteles - LA BRAVA RADIO\" \/>\n<meta property=\"og:description\" content=\"La Fuerza de Tarea Conjunta (JTF), una organizaci\u00f3n fronteriza del Comando Norte, inform\u00f3 que esta semana ha derribado tres drones, presuntamente de narcotraficantes, cuando sobrevolaban la frontera. El destacamento no inform\u00f3 d\u00f3nde espec\u00edficamente derrib\u00f3 los drones; la fuerza de tarea tiene su sede en el Fuerte Bliss, en El Paso, desde donde coordina operaciones de [&hellip;]\" \/>\n<meta property=\"og:url\" content=\"https:\/\/www.bbmnoticias.com\/eu-derriba-tres-drones-en-la-frontera-con-mexico-presuntamente-son-de-carteles\/\" \/>\n<meta property=\"og:site_name\" content=\"LA BRAVA RADIO\" \/>\n<meta property=\"article:published_time\" content=\"2026-08-28T18:23:14+00:00\" \/>\n<meta property=\"article:modified_time\" content=\"2026-08-28T18:23:17+00:00\" \/>\n<meta property=\"og:image\" content=\"https:\/\/www.bbmnoticias.com\/labravaradiofm\/wp-content\/uploads\/sites\/5\/2026\/08\/dmsysUKN.jpg\" \/>\n\t<meta property=\"og:image:width\" content=\"680\" \/>\n\t<meta property=\"og:image:height\" content=\"383\" \/>\n\t<meta property=\"og:image:type\" content=\"image\/jpeg\" \/>\n<meta name=\"author\" content=\"Exc\u00e9lsior\" \/>\n<meta name=\"twitter:card\" content=\"summary_large_image\" \/>\n<meta name=\"twitter:label1\" content=\"Escrito por\" \/>\n\t<meta name=\"twitter:data1\" content=\"Exc\u00e9lsior\" \/>\n\t<meta name=\"twitter:label2\" content=\"Tiempo de lectura\" \/>\n\t<meta name=\"twitter:data2\" content=\"2 minutos\" \/>\n<script type=\"application\/ld+json\" class=\"yoast-schema-graph\">{\"@context\":\"https:\\\/\\\/schema.org\",\"@graph\":[{\"@type\":\"Article\",\"@id\":\"https:\\\/\\\/www.bbmnoticias.com\\\/eu-derriba-tres-drones-en-la-frontera-con-mexico-presuntamente-son-de-carteles\\\/#article\",\"isPartOf\":{\"@id\":\"https:\\\/\\\/www.bbmnoticias.com\\\/labravaradiofm\\\/2026\\\/08\\\/28\\\/eu-derriba-tres-drones-en-la-frontera-con-mexico-presuntamente-son-de-carteles\\\/\"},\"author\":{\"name\":\"Exc\u00e9lsior\",\"@id\":\"https:\\\/\\\/www.bbmnoticias.com\\\/labravaradiofm\\\/#\\\/schema\\\/person\\\/92571928210861b7374edfc7068926ba\"},\"headline\":\"EU derriba tres drones en la frontera con M\u00e9xico; presuntamente son de c\u00e1rteles\",\"datePublished\":\"2026-08-28T18:23:14+00:00\",\"dateModified\":\"2026-08-28T18:23:17+00:00\",\"mainEntityOfPage\":{\"@id\":\"https:\\\/\\\/www.bbmnoticias.com\\\/labravaradiofm\\\/2026\\\/08\\\/28\\\/eu-derriba-tres-drones-en-la-frontera-con-mexico-presuntamente-son-de-carteles\\\/\"},\"wordCount\":381,\"image\":{\"@id\":\"https:\\\/\\\/www.bbmnoticias.com\\\/eu-derriba-tres-drones-en-la-frontera-con-mexico-presuntamente-son-de-carteles\\\/#primaryimage\"},\"thumbnailUrl\":\"https:\\\/\\\/www.bbmnoticias.com\\\/labravaradiofm\\\/wp-content\\\/uploads\\\/sites\\\/5\\\/2026\\\/08\\\/dmsysUKN.jpg\",\"articleSection\":[\"INTERNACIONAL\",\"LOCAL\"],\"inLanguage\":\"es\"},{\"@type\":\"WebPage\",\"@id\":\"https:\\\/\\\/www.bbmnoticias.com\\\/labravaradiofm\\\/2026\\\/08\\\/28\\\/eu-derriba-tres-drones-en-la-frontera-con-mexico-presuntamente-son-de-carteles\\\/\",\"url\":\"https:\\\/\\\/www.bbmnoticias.com\\\/eu-derriba-tres-drones-en-la-frontera-con-mexico-presuntamente-son-de-carteles\\\/\",\"name\":\"EU derriba tres drones en la frontera con M\u00e9xico; presuntamente son de c\u00e1rteles - LA BRAVA RADIO\",\"isPartOf\":{\"@id\":\"https:\\\/\\\/www.bbmnoticias.com\\\/labravaradiofm\\\/#website\"},\"primaryImageOfPage\":{\"@id\":\"https:\\\/\\\/www.bbmnoticias.com\\\/eu-derriba-tres-drones-en-la-frontera-con-mexico-presuntamente-son-de-carteles\\\/#primaryimage\"},\"image\":{\"@id\":\"https:\\\/\\\/www.bbmnoticias.com\\\/eu-derriba-tres-drones-en-la-frontera-con-mexico-presuntamente-son-de-carteles\\\/#primaryimage\"},\"thumbnailUrl\":\"https:\\\/\\\/www.bbmnoticias.com\\\/labravaradiofm\\\/wp-content\\\/uploads\\\/sites\\\/5\\\/2026\\\/08\\\/dmsysUKN.jpg\",\"datePublished\":\"2026-08-28T18:23:14+00:00\",\"dateModified\":\"2026-08-28T18:23:17+00:00\",\"author\":{\"@id\":\"https:\\\/\\\/www.bbmnoticias.com\\\/labravaradiofm\\\/#\\\/schema\\\/person\\\/92571928210861b7374edfc7068926ba\"},\"breadcrumb\":{\"@id\":\"https:\\\/\\\/www.bbmnoticias.com\\\/eu-derriba-tres-drones-en-la-frontera-con-mexico-presuntamente-son-de-carteles\\\/#breadcrumb\"},\"inLanguage\":\"es\",\"potentialAction\":[{\"@type\":\"ReadAction\",\"target\":[\"https:\\\/\\\/www.bbmnoticias.com\\\/eu-derriba-tres-drones-en-la-frontera-con-mexico-presuntamente-son-de-carteles\\\/\"]}]},{\"@type\":\"ImageObject\",\"inLanguage\":\"es\",\"@id\":\"https:\\\/\\\/www.bbmnoticias.com\\\/eu-derriba-tres-drones-en-la-frontera-con-mexico-presuntamente-son-de-carteles\\\/#primaryimage\",\"url\":\"https:\\\/\\\/www.bbmnoticias.com\\\/labravaradiofm\\\/wp-content\\\/uploads\\\/sites\\\/5\\\/2026\\\/08\\\/dmsysUKN.jpg\",\"contentUrl\":\"https:\\\/\\\/www.bbmnoticias.com\\\/labravaradiofm\\\/wp-content\\\/uploads\\\/sites\\\/5\\\/2026\\\/08\\\/dmsysUKN.jpg\",\"width\":680,\"height\":383},{\"@type\":\"BreadcrumbList\",\"@id\":\"https:\\\/\\\/www.bbmnoticias.com\\\/eu-derriba-tres-drones-en-la-frontera-con-mexico-presuntamente-son-de-carteles\\\/#breadcrumb\",\"itemListElement\":[{\"@type\":\"ListItem\",\"position\":1,\"name\":\"Inicio\",\"item\":\"https:\\\/\\\/www.bbmnoticias.com\\\/labravaradiofm\\\/\"},{\"@type\":\"ListItem\",\"position\":2,\"name\":\"EU derriba tres drones en la frontera con M\u00e9xico; presuntamente son de c\u00e1rteles\"}]},{\"@type\":\"WebSite\",\"@id\":\"https:\\\/\\\/www.bbmnoticias.com\\\/labravaradiofm\\\/#website\",\"url\":\"https:\\\/\\\/www.bbmnoticias.com\\\/labravaradiofm\\\/\",\"name\":\"LA BRAVA RADIO\",\"description\":\"Empresa productora de medios, Radiodifusi\u00f3n, Noticias, tendencias y todo lo que necesitas saber de la pol\u00edtica mexicana e internacional; entretenimiento, espect\u00e1culos, salud y mucho m\u00e1s.\",\"potentialAction\":[{\"@type\":\"SearchAction\",\"target\":{\"@type\":\"EntryPoint\",\"urlTemplate\":\"https:\\\/\\\/www.bbmnoticias.com\\\/labravaradiofm\\\/?s={search_term_string}\"},\"query-input\":{\"@type\":\"PropertyValueSpecification\",\"valueRequired\":true,\"valueName\":\"search_term_string\"}}],\"inLanguage\":\"es\"},{\"@type\":\"Person\",\"@id\":\"https:\\\/\\\/www.bbmnoticias.com\\\/labravaradiofm\\\/#\\\/schema\\\/person\\\/92571928210861b7374edfc7068926ba\",\"name\":\"Exc\u00e9lsior\",\"image\":{\"@type\":\"ImageObject\",\"inLanguage\":\"es\",\"@id\":\"https:\\\/\\\/secure.gravatar.com\\\/avatar\\\/497265c4dbe1cd0e2f3f1b19aba0f5779c7f95d09e139a5b83c1ecd47b4e780d?s=96&d=mm&r=g\",\"url\":\"https:\\\/\\\/secure.gravatar.com\\\/avatar\\\/497265c4dbe1cd0e2f3f1b19aba0f5779c7f95d09e139a5b83c1ecd47b4e780d?s=96&d=mm&r=g\",\"contentUrl\":\"https:\\\/\\\/secure.gravatar.com\\\/avatar\\\/497265c4dbe1cd0e2f3f1b19aba0f5779c7f95d09e139a5b83c1ecd47b4e780d?s=96&d=mm&r=g\",\"caption\":\"Exc\u00e9lsior\"},\"url\":\"https:\\\/\\\/www.bbmnoticias.com\\\/labravaradiofm\\\/author\\\/excelsior\\\/\"}]}<\/script>\n<!-- \/ Yoast SEO plugin. -->","yoast_head_json":{"title":"EU derriba tres drones en la frontera con M\u00e9xico; presuntamente son de c\u00e1rteles - LA BRAVA RADIO","robots":{"index":"index","follow":"follow","max-snippet":"max-snippet:-1","max-image-preview":"max-image-preview:large","max-video-preview":"max-video-preview:-1"},"canonical":"https:\/\/www.bbmnoticias.com\/eu-derriba-tres-drones-en-la-frontera-con-mexico-presuntamente-son-de-carteles\/","og_locale":"es_MX","og_type":"article","og_title":"EU derriba tres drones en la frontera con M\u00e9xico; presuntamente son de c\u00e1rteles - LA BRAVA RADIO","og_description":"La Fuerza de Tarea Conjunta (JTF), una organizaci\u00f3n fronteriza del Comando Norte, inform\u00f3 que esta semana ha derribado tres drones, presuntamente de narcotraficantes, cuando sobrevolaban la frontera. El destacamento no inform\u00f3 d\u00f3nde espec\u00edficamente derrib\u00f3 los drones; la fuerza de tarea tiene su sede en el Fuerte Bliss, en El Paso, desde donde coordina operaciones de [&hellip;]","og_url":"https:\/\/www.bbmnoticias.com\/eu-derriba-tres-drones-en-la-frontera-con-mexico-presuntamente-son-de-carteles\/","og_site_name":"LA BRAVA RADIO","article_published_time":"2026-08-28T18:23:14+00:00","article_modified_time":"2026-08-28T18:23:17+00:00","og_image":[{"width":680,"height":383,"url":"https:\/\/www.bbmnoticias.com\/labravaradiofm\/wp-content\/uploads\/sites\/5\/2026\/08\/dmsysUKN.jpg","type":"image\/jpeg"}],"author":"Exc\u00e9lsior","twitter_card":"summary_large_image","twitter_misc":{"Escrito por":"Exc\u00e9lsior","Tiempo de lectura":"2 minutos"},"schema":{"@context":"https:\/\/schema.org","@graph":[{"@type":"Article","@id":"https:\/\/www.bbmnoticias.com\/eu-derriba-tres-drones-en-la-frontera-con-mexico-presuntamente-son-de-carteles\/#article","isPartOf":{"@id":"https:\/\/www.bbmnoticias.com\/labravaradiofm\/2026\/08\/28\/eu-derriba-tres-drones-en-la-frontera-con-mexico-presuntamente-son-de-carteles\/"},"author":{"name":"Exc\u00e9lsior","@id":"https:\/\/www.bbmnoticias.com\/labravaradiofm\/#\/schema\/person\/92571928210861b7374edfc7068926ba"},"headline":"EU derriba tres drones en la frontera con M\u00e9xico; presuntamente son de c\u00e1rteles","datePublished":"2026-08-28T18:23:14+00:00","dateModified":"2026-08-28T18:23:17+00:00","mainEntityOfPage":{"@id":"https:\/\/www.bbmnoticias.com\/labravaradiofm\/2026\/08\/28\/eu-derriba-tres-drones-en-la-frontera-con-mexico-presuntamente-son-de-carteles\/"},"wordCount":381,"image":{"@id":"https:\/\/www.bbmnoticias.com\/eu-derriba-tres-drones-en-la-frontera-con-mexico-presuntamente-son-de-carteles\/#primaryimage"},"thumbnailUrl":"https:\/\/www.bbmnoticias.com\/labravaradiofm\/wp-content\/uploads\/sites\/5\/2026\/08\/dmsysUKN.jpg","articleSection":["INTERNACIONAL","LOCAL"],"inLanguage":"es"},{"@type":"WebPage","@id":"https:\/\/www.bbmnoticias.com\/labravaradiofm\/2026\/08\/28\/eu-derriba-tres-drones-en-la-frontera-con-mexico-presuntamente-son-de-carteles\/","url":"https:\/\/www.bbmnoticias.com\/eu-derriba-tres-drones-en-la-frontera-con-mexico-presuntamente-son-de-carteles\/","name":"EU derriba tres drones en la frontera con M\u00e9xico; presuntamente son de c\u00e1rteles - LA BRAVA RADIO","isPartOf":{"@id":"https:\/\/www.bbmnoticias.com\/labravaradiofm\/#website"},"primaryImageOfPage":{"@id":"https:\/\/www.bbmnoticias.com\/eu-derriba-tres-drones-en-la-frontera-con-mexico-presuntamente-son-de-carteles\/#primaryimage"},"image":{"@id":"https:\/\/www.bbmnoticias.com\/eu-derriba-tres-drones-en-la-frontera-con-mexico-presuntamente-son-de-carteles\/#primaryimage"},"thumbnailUrl":"https:\/\/www.bbmnoticias.com\/labravaradiofm\/wp-content\/uploads\/sites\/5\/2026\/08\/dmsysUKN.jpg","datePublished":"2026-08-28T18:23:14+00:00","dateModified":"2026-08-28T18:23:17+00:00","author":{"@id":"https:\/\/www.bbmnoticias.com\/labravaradiofm\/#\/schema\/person\/92571928210861b7374edfc7068926ba"},"breadcrumb":{"@id":"https:\/\/www.bbmnoticias.com\/eu-derriba-tres-drones-en-la-frontera-con-mexico-presuntamente-son-de-carteles\/#breadcrumb"},"inLanguage":"es","potentialAction":[{"@type":"ReadAction","target":["https:\/\/www.bbmnoticias.com\/eu-derriba-tres-drones-en-la-frontera-con-mexico-presuntamente-son-de-carteles\/"]}]},{"@type":"ImageObject","inLanguage":"es","@id":"https:\/\/www.bbmnoticias.com\/eu-derriba-tres-drones-en-la-frontera-con-mexico-presuntamente-son-de-carteles\/#primaryimage","url":"https:\/\/www.bbmnoticias.com\/labravaradiofm\/wp-content\/uploads\/sites\/5\/2026\/08\/dmsysUKN.jpg","contentUrl":"https:\/\/www.bbmnoticias.com\/labravaradiofm\/wp-content\/uploads\/sites\/5\/2026\/08\/dmsysUKN.jpg","width":680,"height":383},{"@type":"BreadcrumbList","@id":"https:\/\/www.bbmnoticias.com\/eu-derriba-tres-drones-en-la-frontera-con-mexico-presuntamente-son-de-carteles\/#breadcrumb","itemListElement":[{"@type":"ListItem","position":1,"name":"Inicio","item":"https:\/\/www.bbmnoticias.com\/labravaradiofm\/"},{"@type":"ListItem","position":2,"name":"EU derriba tres drones en la frontera con M\u00e9xico; presuntamente son de c\u00e1rteles"}]},{"@type":"WebSite","@id":"https:\/\/www.bbmnoticias.com\/labravaradiofm\/#website","url":"https:\/\/www.bbmnoticias.com\/labravaradiofm\/","name":"LA BRAVA RADIO","description":"Empresa productora de medios, Radiodifusi\u00f3n, Noticias, tendencias y todo lo que necesitas saber de la pol\u00edtica mexicana e internacional; entretenimiento, espect\u00e1culos, salud y mucho m\u00e1s.","potentialAction":[{"@type":"SearchAction","target":{"@type":"EntryPoint","urlTemplate":"https:\/\/www.bbmnoticias.com\/labravaradiofm\/?s={search_term_string}"},"query-input":{"@type":"PropertyValueSpecification","valueRequired":true,"valueName":"search_term_string"}}],"inLanguage":"es"},{"@type":"Person","@id":"https:\/\/www.bbmnoticias.com\/labravaradiofm\/#\/schema\/person\/92571928210861b7374edfc7068926ba","name":"Exc\u00e9lsior","image":{"@type":"ImageObject","inLanguage":"es","@id":"https:\/\/secure.gravatar.com\/avatar\/497265c4dbe1cd0e2f3f1b19aba0f5779c7f95d09e139a5b83c1ecd47b4e780d?s=96&d=mm&r=g","url":"https:\/\/secure.gravatar.com\/avatar\/497265c4dbe1cd0e2f3f1b19aba0f5779c7f95d09e139a5b83c1ecd47b4e780d?s=96&d=mm&r=g","contentUrl":"https:\/\/secure.gravatar.com\/avatar\/497265c4dbe1cd0e2f3f1b19aba0f5779c7f95d09e139a5b83c1ecd47b4e780d?s=96&d=mm&r=g","caption":"Exc\u00e9lsior"},"url":"https:\/\/www.bbmnoticias.com\/labravaradiofm\/author\/excelsior\/"}]}},"_links":{"self":[{"href":"https:\/\/www.bbmnoticias.com\/labravaradiofm\/wp-json\/wp\/v2\/posts\/81204","targetHints":{"allow":["GET"]}}],"collection":[{"href":"https:\/\/www.bbmnoticias.com\/labravaradiofm\/wp-json\/wp\/v2\/posts"}],"about":[{"href":"https:\/\/www.bbmnoticias.com\/labravaradiofm\/wp-json\/wp\/v2\/types\/post"}],"author":[{"embeddable":true,"href":"https:\/\/www.bbmnoticias.com\/labravaradiofm\/wp-json\/wp\/v2\/users\/8"}],"replies":[{"embeddable":true,"href":"https:\/\/www.bbmnoticias.com\/labravaradiofm\/wp-json\/wp\/v2\/comments?post=81204"}],"version-history":[{"count":1,"href":"https:\/\/www.bbmnoticias.com\/labravaradiofm\/wp-json\/wp\/v2\/posts\/81204\/revisions"}],"predecessor-version":[{"id":81205,"href":"https:\/\/www.bbmnoticias.com\/labravaradiofm\/wp-json\/wp\/v2\/posts\/81204\/revisions\/81205"}],"wp:featuredmedia":[{"embeddable":true,"href":"https:\/\/www.bbmnoticias.com\/labravaradiofm\/wp-json\/wp\/v2\/media\/81206"}],"wp:attachment":[{"href":"https:\/\/www.bbmnoticias.com\/labravaradiofm\/wp-json\/wp\/v2\/media?parent=81204"}],"wp:term":[{"taxonomy":"category","embeddable":true,"href":"https:\/\/www.bbmnoticias.com\/labravaradiofm\/wp-json\/wp\/v2\/categories?post=81204"},{"taxonomy":"post_tag","embeddable":true,"href":"https:\/\/www.bbmnoticias.com\/labravaradiofm\/wp-json\/wp\/v2\/tags?post=81204"}],"curies":[{"name":"wp","href":"https:\/\/api.w.org\/{rel}","templated":true}]}}