{"id":81189,"date":"2026-08-28T10:05:51","date_gmt":"2026-08-28T16:05:51","guid":{"rendered":"https:\/\/www.bbmnoticias.com\/labravaradiofm\/2026\/08\/28\/detienen-en-oaxaca-a-presunto-integrante-de-celula-vinculada-con-robo-de-2-6-mdp\/"},"modified":"2026-08-28T10:05:54","modified_gmt":"2026-08-28T16:05:54","slug":"detienen-en-oaxaca-a-presunto-integrante-de-celula-vinculada-con-robo-de-2-6-mdp","status":"publish","type":"post","link":"https:\/\/www.bbmnoticias.com\/labravaradiofm\/2026\/08\/28\/detienen-en-oaxaca-a-presunto-integrante-de-celula-vinculada-con-robo-de-2-6-mdp\/","title":{"rendered":"Detienen en Oaxaca a presunto integrante de c\u00e9lula vinculada con robo de 2.6 mdp"},"content":{"rendered":"\n<p class=\"wp-block-paragraph\">La FGEO inform\u00f3 que K.J.J.L. fue aprehendido por su probable participaci\u00f3n en un asalto ocurrido en marzo, cuando una v\u00edctima fue interceptada por sujetos armados afuera de un banco en Santa Rosa.<\/p>\n\n\n\n<p class=\"wp-block-paragraph\">Oaxaca de Ju\u00e1rez, Oax., 28 de agosto de 2026.\u2014 La Fiscal\u00eda General del Estado de Oaxaca (FGEO) ejecut\u00f3 una orden de aprehensi\u00f3n contra un hombre identificado como K.J.J.L., se\u00f1alado como probable responsable de los delitos de robo calificado con violencia moral y asociaci\u00f3n delictuosa, por hechos ocurridos en la capital oaxaque\u00f1a.<\/p>\n\n\n\n<p class=\"wp-block-paragraph\">De acuerdo con la carpeta de investigaci\u00f3n, el 30 de marzo de 2026, una v\u00edctima acudi\u00f3 a una sucursal bancaria ubicada en la zona de Santa Rosa, en Oaxaca de Ju\u00e1rez, para realizar un dep\u00f3sito de aproximadamente 2.6 millones de pesos.<\/p>\n\n\n\n<p class=\"wp-block-paragraph\">Antes de concretar la operaci\u00f3n, la v\u00edctima fue interceptada por un grupo de sujetos que, presuntamente, ya la esperaba a bordo de cuatro motocicletas.<\/p>\n\n\n\n<p class=\"wp-block-paragraph\">Los individuos se aproximaron al veh\u00edculo, golpearon la unidad y, mediante amenazas con armas de fuego, sometieron al conductor y a dos acompa\u00f1antes que se encontraban fuera del autom\u00f3vil. Posteriormente, sustrajeron el dinero y huyeron del lugar.<\/p>\n\n\n\n<p class=\"wp-block-paragraph\">Tras el reporte, la FGEO despleg\u00f3 un operativo coordinado y realiz\u00f3 labores de inteligencia en colaboraci\u00f3n con el Centro de Control, Comando, Comunicaci\u00f3n, Coordinaci\u00f3n e Inteligencia (C5i).<\/p>\n\n\n\n<p class=\"wp-block-paragraph\">Como parte de las investigaciones, el an\u00e1lisis de los registros de videovigilancia permiti\u00f3 reconstruir parte de la ruta seguida por los probables responsables y obtener indicios relevantes, entre ellos un veh\u00edculo presuntamente relacionado con el robo.<\/p>\n\n\n\n<p class=\"wp-block-paragraph\">Las diligencias permitieron establecer diversas l\u00edneas de investigaci\u00f3n que condujeron a la identificaci\u00f3n y ubicaci\u00f3n de los probables responsables. Como resultado, fue detenido K.J.J.L., cuya captura se suma a las acciones emprendidas contra otros integrantes de una c\u00e9lula delictiva presuntamente vinculada con este hecho.<\/p>\n\n\n\n<p class=\"wp-block-paragraph\">La Fiscal\u00eda inform\u00f3 que durante abril tambi\u00e9n fueron detenidos en territorio oaxaque\u00f1o B.I.C. y F.J.G.; mientras que, mediante la coordinaci\u00f3n con la Fiscal\u00eda General del Estado de Chiapas, se logr\u00f3 la captura de J.C.H.S., G.V.L. y A.G.G. en esa entidad.<\/p>\n\n\n\n<p class=\"wp-block-paragraph\">La investigaci\u00f3n contin\u00faa bajo una estrategia que combina an\u00e1lisis criminal, inteligencia y coordinaci\u00f3n interinstitucional, con el objetivo de identificar a los integrantes de estructuras presuntamente dedicadas a cometer delitos patrimoniales y llevar ante la justicia a quienes resulten responsables.<\/p>\n\n\n\n<p class=\"wp-block-paragraph\">K.J.J.L. fue puesto a disposici\u00f3n de la autoridad ministerial correspondiente, instancia que determinar\u00e1 su situaci\u00f3n jur\u00eddica conforme al desarrollo del proceso.<\/p>\n\n\n\n<p class=\"wp-block-paragraph\"><\/p>\n","protected":false},"excerpt":{"rendered":"<p>La FGEO inform\u00f3 que K.J.J.L. fue aprehendido por su probable participaci\u00f3n en un asalto ocurrido en marzo, cuando una v\u00edctima fue interceptada por sujetos armados afuera de un banco en Santa Rosa. Oaxaca de Ju\u00e1rez, Oax., 28 de agosto de 2026.\u2014 La Fiscal\u00eda General del Estado de Oaxaca (FGEO) ejecut\u00f3 una orden de aprehensi\u00f3n contra [&hellip;]<\/p>\n","protected":false},"author":2,"featured_media":81191,"comment_status":"closed","ping_status":"open","sticky":false,"template":"","format":"standard","meta":{"footnotes":""},"categories":[2,20],"tags":[],"class_list":["post-81189","post","type-post","status-publish","format-standard","has-post-thumbnail","hentry","category-oaxaca","category-policiaca"],"yoast_head":"<!-- This site is optimized with the Yoast SEO plugin v28.1 - https:\/\/yoast.com\/product\/yoast-seo-wordpress\/ -->\n<title>Detienen en Oaxaca a presunto integrante de c\u00e9lula vinculada con robo de 2.6 mdp - LA BRAVA RADIO<\/title>\n<meta name=\"robots\" content=\"index, follow, max-snippet:-1, max-image-preview:large, max-video-preview:-1\" \/>\n<link rel=\"canonical\" href=\"https:\/\/www.bbmnoticias.com\/detienen-en-oaxaca-a-presunto-integrante-de-celula-vinculada-con-robo-de-2-6-mdp\/\" \/>\n<meta property=\"og:locale\" content=\"es_MX\" \/>\n<meta property=\"og:type\" content=\"article\" \/>\n<meta property=\"og:title\" content=\"Detienen en Oaxaca a presunto integrante de c\u00e9lula vinculada con robo de 2.6 mdp - LA BRAVA RADIO\" \/>\n<meta property=\"og:description\" content=\"La FGEO inform\u00f3 que K.J.J.L. fue aprehendido por su probable participaci\u00f3n en un asalto ocurrido en marzo, cuando una v\u00edctima fue interceptada por sujetos armados afuera de un banco en Santa Rosa. Oaxaca de Ju\u00e1rez, Oax., 28 de agosto de 2026.\u2014 La Fiscal\u00eda General del Estado de Oaxaca (FGEO) ejecut\u00f3 una orden de aprehensi\u00f3n contra [&hellip;]\" \/>\n<meta property=\"og:url\" content=\"https:\/\/www.bbmnoticias.com\/detienen-en-oaxaca-a-presunto-integrante-de-celula-vinculada-con-robo-de-2-6-mdp\/\" \/>\n<meta property=\"og:site_name\" content=\"LA BRAVA RADIO\" \/>\n<meta property=\"article:published_time\" content=\"2026-08-28T16:05:51+00:00\" \/>\n<meta property=\"article:modified_time\" content=\"2026-08-28T16:05:54+00:00\" \/>\n<meta property=\"og:image\" content=\"https:\/\/www.bbmnoticias.com\/labravaradiofm\/wp-content\/uploads\/sites\/5\/2026\/08\/fiscalia_oaxaca-1.jpg\" \/>\n\t<meta property=\"og:image:width\" content=\"800\" \/>\n\t<meta property=\"og:image:height\" content=\"507\" \/>\n\t<meta property=\"og:image:type\" content=\"image\/jpeg\" \/>\n<meta name=\"author\" content=\"Staff\" \/>\n<meta name=\"twitter:card\" content=\"summary_large_image\" \/>\n<meta name=\"twitter:label1\" content=\"Escrito por\" \/>\n\t<meta name=\"twitter:data1\" content=\"Staff\" \/>\n\t<meta name=\"twitter:label2\" content=\"Tiempo de lectura\" \/>\n\t<meta name=\"twitter:data2\" content=\"2 minutos\" \/>\n<script type=\"application\/ld+json\" class=\"yoast-schema-graph\">{\"@context\":\"https:\\\/\\\/schema.org\",\"@graph\":[{\"@type\":\"Article\",\"@id\":\"https:\\\/\\\/www.bbmnoticias.com\\\/detienen-en-oaxaca-a-presunto-integrante-de-celula-vinculada-con-robo-de-2-6-mdp\\\/#article\",\"isPartOf\":{\"@id\":\"https:\\\/\\\/www.bbmnoticias.com\\\/labravaradiofm\\\/2026\\\/08\\\/28\\\/detienen-en-oaxaca-a-presunto-integrante-de-celula-vinculada-con-robo-de-2-6-mdp\\\/\"},\"author\":{\"name\":\"Staff\",\"@id\":\"https:\\\/\\\/www.bbmnoticias.com\\\/labravaradiofm\\\/#\\\/schema\\\/person\\\/9eb037257fc48a09cdf31d9a2f45619f\"},\"headline\":\"Detienen en Oaxaca a presunto integrante de c\u00e9lula vinculada con robo de 2.6 mdp\",\"datePublished\":\"2026-08-28T16:05:51+00:00\",\"dateModified\":\"2026-08-28T16:05:54+00:00\",\"mainEntityOfPage\":{\"@id\":\"https:\\\/\\\/www.bbmnoticias.com\\\/labravaradiofm\\\/2026\\\/08\\\/28\\\/detienen-en-oaxaca-a-presunto-integrante-de-celula-vinculada-con-robo-de-2-6-mdp\\\/\"},\"wordCount\":464,\"image\":{\"@id\":\"https:\\\/\\\/www.bbmnoticias.com\\\/detienen-en-oaxaca-a-presunto-integrante-de-celula-vinculada-con-robo-de-2-6-mdp\\\/#primaryimage\"},\"thumbnailUrl\":\"https:\\\/\\\/www.bbmnoticias.com\\\/labravaradiofm\\\/wp-content\\\/uploads\\\/sites\\\/5\\\/2026\\\/08\\\/fiscalia_oaxaca-1.jpg\",\"articleSection\":[\"LOCAL\",\"POLICIACA\"],\"inLanguage\":\"es\"},{\"@type\":\"WebPage\",\"@id\":\"https:\\\/\\\/www.bbmnoticias.com\\\/labravaradiofm\\\/2026\\\/08\\\/28\\\/detienen-en-oaxaca-a-presunto-integrante-de-celula-vinculada-con-robo-de-2-6-mdp\\\/\",\"url\":\"https:\\\/\\\/www.bbmnoticias.com\\\/detienen-en-oaxaca-a-presunto-integrante-de-celula-vinculada-con-robo-de-2-6-mdp\\\/\",\"name\":\"Detienen en Oaxaca a presunto integrante de c\u00e9lula vinculada con robo de 2.6 mdp - LA BRAVA RADIO\",\"isPartOf\":{\"@id\":\"https:\\\/\\\/www.bbmnoticias.com\\\/labravaradiofm\\\/#website\"},\"primaryImageOfPage\":{\"@id\":\"https:\\\/\\\/www.bbmnoticias.com\\\/detienen-en-oaxaca-a-presunto-integrante-de-celula-vinculada-con-robo-de-2-6-mdp\\\/#primaryimage\"},\"image\":{\"@id\":\"https:\\\/\\\/www.bbmnoticias.com\\\/detienen-en-oaxaca-a-presunto-integrante-de-celula-vinculada-con-robo-de-2-6-mdp\\\/#primaryimage\"},\"thumbnailUrl\":\"https:\\\/\\\/www.bbmnoticias.com\\\/labravaradiofm\\\/wp-content\\\/uploads\\\/sites\\\/5\\\/2026\\\/08\\\/fiscalia_oaxaca-1.jpg\",\"datePublished\":\"2026-08-28T16:05:51+00:00\",\"dateModified\":\"2026-08-28T16:05:54+00:00\",\"author\":{\"@id\":\"https:\\\/\\\/www.bbmnoticias.com\\\/labravaradiofm\\\/#\\\/schema\\\/person\\\/9eb037257fc48a09cdf31d9a2f45619f\"},\"breadcrumb\":{\"@id\":\"https:\\\/\\\/www.bbmnoticias.com\\\/detienen-en-oaxaca-a-presunto-integrante-de-celula-vinculada-con-robo-de-2-6-mdp\\\/#breadcrumb\"},\"inLanguage\":\"es\",\"potentialAction\":[{\"@type\":\"ReadAction\",\"target\":[\"https:\\\/\\\/www.bbmnoticias.com\\\/detienen-en-oaxaca-a-presunto-integrante-de-celula-vinculada-con-robo-de-2-6-mdp\\\/\"]}]},{\"@type\":\"ImageObject\",\"inLanguage\":\"es\",\"@id\":\"https:\\\/\\\/www.bbmnoticias.com\\\/detienen-en-oaxaca-a-presunto-integrante-de-celula-vinculada-con-robo-de-2-6-mdp\\\/#primaryimage\",\"url\":\"https:\\\/\\\/www.bbmnoticias.com\\\/labravaradiofm\\\/wp-content\\\/uploads\\\/sites\\\/5\\\/2026\\\/08\\\/fiscalia_oaxaca-1.jpg\",\"contentUrl\":\"https:\\\/\\\/www.bbmnoticias.com\\\/labravaradiofm\\\/wp-content\\\/uploads\\\/sites\\\/5\\\/2026\\\/08\\\/fiscalia_oaxaca-1.jpg\",\"width\":800,\"height\":507},{\"@type\":\"BreadcrumbList\",\"@id\":\"https:\\\/\\\/www.bbmnoticias.com\\\/detienen-en-oaxaca-a-presunto-integrante-de-celula-vinculada-con-robo-de-2-6-mdp\\\/#breadcrumb\",\"itemListElement\":[{\"@type\":\"ListItem\",\"position\":1,\"name\":\"Inicio\",\"item\":\"https:\\\/\\\/www.bbmnoticias.com\\\/labravaradiofm\\\/\"},{\"@type\":\"ListItem\",\"position\":2,\"name\":\"Detienen en Oaxaca a presunto integrante de c\u00e9lula vinculada con robo de 2.6 mdp\"}]},{\"@type\":\"WebSite\",\"@id\":\"https:\\\/\\\/www.bbmnoticias.com\\\/labravaradiofm\\\/#website\",\"url\":\"https:\\\/\\\/www.bbmnoticias.com\\\/labravaradiofm\\\/\",\"name\":\"LA BRAVA RADIO\",\"description\":\"Empresa productora de medios, Radiodifusi\u00f3n, Noticias, tendencias y todo lo que necesitas saber de la pol\u00edtica mexicana e internacional; entretenimiento, espect\u00e1culos, salud y mucho m\u00e1s.\",\"potentialAction\":[{\"@type\":\"SearchAction\",\"target\":{\"@type\":\"EntryPoint\",\"urlTemplate\":\"https:\\\/\\\/www.bbmnoticias.com\\\/labravaradiofm\\\/?s={search_term_string}\"},\"query-input\":{\"@type\":\"PropertyValueSpecification\",\"valueRequired\":true,\"valueName\":\"search_term_string\"}}],\"inLanguage\":\"es\"},{\"@type\":\"Person\",\"@id\":\"https:\\\/\\\/www.bbmnoticias.com\\\/labravaradiofm\\\/#\\\/schema\\\/person\\\/9eb037257fc48a09cdf31d9a2f45619f\",\"name\":\"Staff\",\"image\":{\"@type\":\"ImageObject\",\"inLanguage\":\"es\",\"@id\":\"https:\\\/\\\/secure.gravatar.com\\\/avatar\\\/fdd21ad66fd8b98c407f9dee5b5e588cfe7f0d8579ec20fa6527cd59bab7f0f0?s=96&d=mm&r=g\",\"url\":\"https:\\\/\\\/secure.gravatar.com\\\/avatar\\\/fdd21ad66fd8b98c407f9dee5b5e588cfe7f0d8579ec20fa6527cd59bab7f0f0?s=96&d=mm&r=g\",\"contentUrl\":\"https:\\\/\\\/secure.gravatar.com\\\/avatar\\\/fdd21ad66fd8b98c407f9dee5b5e588cfe7f0d8579ec20fa6527cd59bab7f0f0?s=96&d=mm&r=g\",\"caption\":\"Staff\"},\"url\":\"https:\\\/\\\/www.bbmnoticias.com\\\/labravaradiofm\\\/author\\\/redaccion\\\/\"}]}<\/script>\n<!-- \/ Yoast SEO plugin. -->","yoast_head_json":{"title":"Detienen en Oaxaca a presunto integrante de c\u00e9lula vinculada con robo de 2.6 mdp - LA BRAVA RADIO","robots":{"index":"index","follow":"follow","max-snippet":"max-snippet:-1","max-image-preview":"max-image-preview:large","max-video-preview":"max-video-preview:-1"},"canonical":"https:\/\/www.bbmnoticias.com\/detienen-en-oaxaca-a-presunto-integrante-de-celula-vinculada-con-robo-de-2-6-mdp\/","og_locale":"es_MX","og_type":"article","og_title":"Detienen en Oaxaca a presunto integrante de c\u00e9lula vinculada con robo de 2.6 mdp - LA BRAVA RADIO","og_description":"La FGEO inform\u00f3 que K.J.J.L. fue aprehendido por su probable participaci\u00f3n en un asalto ocurrido en marzo, cuando una v\u00edctima fue interceptada por sujetos armados afuera de un banco en Santa Rosa. Oaxaca de Ju\u00e1rez, Oax., 28 de agosto de 2026.\u2014 La Fiscal\u00eda General del Estado de Oaxaca (FGEO) ejecut\u00f3 una orden de aprehensi\u00f3n contra [&hellip;]","og_url":"https:\/\/www.bbmnoticias.com\/detienen-en-oaxaca-a-presunto-integrante-de-celula-vinculada-con-robo-de-2-6-mdp\/","og_site_name":"LA BRAVA RADIO","article_published_time":"2026-08-28T16:05:51+00:00","article_modified_time":"2026-08-28T16:05:54+00:00","og_image":[{"width":800,"height":507,"url":"https:\/\/www.bbmnoticias.com\/labravaradiofm\/wp-content\/uploads\/sites\/5\/2026\/08\/fiscalia_oaxaca-1.jpg","type":"image\/jpeg"}],"author":"Staff","twitter_card":"summary_large_image","twitter_misc":{"Escrito por":"Staff","Tiempo de lectura":"2 minutos"},"schema":{"@context":"https:\/\/schema.org","@graph":[{"@type":"Article","@id":"https:\/\/www.bbmnoticias.com\/detienen-en-oaxaca-a-presunto-integrante-de-celula-vinculada-con-robo-de-2-6-mdp\/#article","isPartOf":{"@id":"https:\/\/www.bbmnoticias.com\/labravaradiofm\/2026\/08\/28\/detienen-en-oaxaca-a-presunto-integrante-de-celula-vinculada-con-robo-de-2-6-mdp\/"},"author":{"name":"Staff","@id":"https:\/\/www.bbmnoticias.com\/labravaradiofm\/#\/schema\/person\/9eb037257fc48a09cdf31d9a2f45619f"},"headline":"Detienen en Oaxaca a presunto integrante de c\u00e9lula vinculada con robo de 2.6 mdp","datePublished":"2026-08-28T16:05:51+00:00","dateModified":"2026-08-28T16:05:54+00:00","mainEntityOfPage":{"@id":"https:\/\/www.bbmnoticias.com\/labravaradiofm\/2026\/08\/28\/detienen-en-oaxaca-a-presunto-integrante-de-celula-vinculada-con-robo-de-2-6-mdp\/"},"wordCount":464,"image":{"@id":"https:\/\/www.bbmnoticias.com\/detienen-en-oaxaca-a-presunto-integrante-de-celula-vinculada-con-robo-de-2-6-mdp\/#primaryimage"},"thumbnailUrl":"https:\/\/www.bbmnoticias.com\/labravaradiofm\/wp-content\/uploads\/sites\/5\/2026\/08\/fiscalia_oaxaca-1.jpg","articleSection":["LOCAL","POLICIACA"],"inLanguage":"es"},{"@type":"WebPage","@id":"https:\/\/www.bbmnoticias.com\/labravaradiofm\/2026\/08\/28\/detienen-en-oaxaca-a-presunto-integrante-de-celula-vinculada-con-robo-de-2-6-mdp\/","url":"https:\/\/www.bbmnoticias.com\/detienen-en-oaxaca-a-presunto-integrante-de-celula-vinculada-con-robo-de-2-6-mdp\/","name":"Detienen en Oaxaca a presunto integrante de c\u00e9lula vinculada con robo de 2.6 mdp - LA BRAVA RADIO","isPartOf":{"@id":"https:\/\/www.bbmnoticias.com\/labravaradiofm\/#website"},"primaryImageOfPage":{"@id":"https:\/\/www.bbmnoticias.com\/detienen-en-oaxaca-a-presunto-integrante-de-celula-vinculada-con-robo-de-2-6-mdp\/#primaryimage"},"image":{"@id":"https:\/\/www.bbmnoticias.com\/detienen-en-oaxaca-a-presunto-integrante-de-celula-vinculada-con-robo-de-2-6-mdp\/#primaryimage"},"thumbnailUrl":"https:\/\/www.bbmnoticias.com\/labravaradiofm\/wp-content\/uploads\/sites\/5\/2026\/08\/fiscalia_oaxaca-1.jpg","datePublished":"2026-08-28T16:05:51+00:00","dateModified":"2026-08-28T16:05:54+00:00","author":{"@id":"https:\/\/www.bbmnoticias.com\/labravaradiofm\/#\/schema\/person\/9eb037257fc48a09cdf31d9a2f45619f"},"breadcrumb":{"@id":"https:\/\/www.bbmnoticias.com\/detienen-en-oaxaca-a-presunto-integrante-de-celula-vinculada-con-robo-de-2-6-mdp\/#breadcrumb"},"inLanguage":"es","potentialAction":[{"@type":"ReadAction","target":["https:\/\/www.bbmnoticias.com\/detienen-en-oaxaca-a-presunto-integrante-de-celula-vinculada-con-robo-de-2-6-mdp\/"]}]},{"@type":"ImageObject","inLanguage":"es","@id":"https:\/\/www.bbmnoticias.com\/detienen-en-oaxaca-a-presunto-integrante-de-celula-vinculada-con-robo-de-2-6-mdp\/#primaryimage","url":"https:\/\/www.bbmnoticias.com\/labravaradiofm\/wp-content\/uploads\/sites\/5\/2026\/08\/fiscalia_oaxaca-1.jpg","contentUrl":"https:\/\/www.bbmnoticias.com\/labravaradiofm\/wp-content\/uploads\/sites\/5\/2026\/08\/fiscalia_oaxaca-1.jpg","width":800,"height":507},{"@type":"BreadcrumbList","@id":"https:\/\/www.bbmnoticias.com\/detienen-en-oaxaca-a-presunto-integrante-de-celula-vinculada-con-robo-de-2-6-mdp\/#breadcrumb","itemListElement":[{"@type":"ListItem","position":1,"name":"Inicio","item":"https:\/\/www.bbmnoticias.com\/labravaradiofm\/"},{"@type":"ListItem","position":2,"name":"Detienen en Oaxaca a presunto integrante de c\u00e9lula vinculada con robo de 2.6 mdp"}]},{"@type":"WebSite","@id":"https:\/\/www.bbmnoticias.com\/labravaradiofm\/#website","url":"https:\/\/www.bbmnoticias.com\/labravaradiofm\/","name":"LA BRAVA RADIO","description":"Empresa productora de medios, Radiodifusi\u00f3n, Noticias, tendencias y todo lo que necesitas saber de la pol\u00edtica mexicana e internacional; entretenimiento, espect\u00e1culos, salud y mucho m\u00e1s.","potentialAction":[{"@type":"SearchAction","target":{"@type":"EntryPoint","urlTemplate":"https:\/\/www.bbmnoticias.com\/labravaradiofm\/?s={search_term_string}"},"query-input":{"@type":"PropertyValueSpecification","valueRequired":true,"valueName":"search_term_string"}}],"inLanguage":"es"},{"@type":"Person","@id":"https:\/\/www.bbmnoticias.com\/labravaradiofm\/#\/schema\/person\/9eb037257fc48a09cdf31d9a2f45619f","name":"Staff","image":{"@type":"ImageObject","inLanguage":"es","@id":"https:\/\/secure.gravatar.com\/avatar\/fdd21ad66fd8b98c407f9dee5b5e588cfe7f0d8579ec20fa6527cd59bab7f0f0?s=96&d=mm&r=g","url":"https:\/\/secure.gravatar.com\/avatar\/fdd21ad66fd8b98c407f9dee5b5e588cfe7f0d8579ec20fa6527cd59bab7f0f0?s=96&d=mm&r=g","contentUrl":"https:\/\/secure.gravatar.com\/avatar\/fdd21ad66fd8b98c407f9dee5b5e588cfe7f0d8579ec20fa6527cd59bab7f0f0?s=96&d=mm&r=g","caption":"Staff"},"url":"https:\/\/www.bbmnoticias.com\/labravaradiofm\/author\/redaccion\/"}]}},"_links":{"self":[{"href":"https:\/\/www.bbmnoticias.com\/labravaradiofm\/wp-json\/wp\/v2\/posts\/81189","targetHints":{"allow":["GET"]}}],"collection":[{"href":"https:\/\/www.bbmnoticias.com\/labravaradiofm\/wp-json\/wp\/v2\/posts"}],"about":[{"href":"https:\/\/www.bbmnoticias.com\/labravaradiofm\/wp-json\/wp\/v2\/types\/post"}],"author":[{"embeddable":true,"href":"https:\/\/www.bbmnoticias.com\/labravaradiofm\/wp-json\/wp\/v2\/users\/2"}],"replies":[{"embeddable":true,"href":"https:\/\/www.bbmnoticias.com\/labravaradiofm\/wp-json\/wp\/v2\/comments?post=81189"}],"version-history":[{"count":1,"href":"https:\/\/www.bbmnoticias.com\/labravaradiofm\/wp-json\/wp\/v2\/posts\/81189\/revisions"}],"predecessor-version":[{"id":81190,"href":"https:\/\/www.bbmnoticias.com\/labravaradiofm\/wp-json\/wp\/v2\/posts\/81189\/revisions\/81190"}],"wp:featuredmedia":[{"embeddable":true,"href":"https:\/\/www.bbmnoticias.com\/labravaradiofm\/wp-json\/wp\/v2\/media\/81191"}],"wp:attachment":[{"href":"https:\/\/www.bbmnoticias.com\/labravaradiofm\/wp-json\/wp\/v2\/media?parent=81189"}],"wp:term":[{"taxonomy":"category","embeddable":true,"href":"https:\/\/www.bbmnoticias.com\/labravaradiofm\/wp-json\/wp\/v2\/categories?post=81189"},{"taxonomy":"post_tag","embeddable":true,"href":"https:\/\/www.bbmnoticias.com\/labravaradiofm\/wp-json\/wp\/v2\/tags?post=81189"}],"curies":[{"name":"wp","href":"https:\/\/api.w.org\/{rel}","templated":true}]}}