{"id":81183,"date":"2026-08-27T18:45:01","date_gmt":"2026-08-28T00:45:01","guid":{"rendered":"https:\/\/www.bbmnoticias.com\/labravaradiofm\/2026\/08\/27\/exportaciones-mexicanas-registran-aumento-de-9-7-en-julio-de-2026\/"},"modified":"2026-08-27T18:45:07","modified_gmt":"2026-08-28T00:45:07","slug":"exportaciones-mexicanas-registran-aumento-de-9-7-en-julio-de-2026","status":"publish","type":"post","link":"https:\/\/www.bbmnoticias.com\/labravaradiofm\/2026\/08\/27\/exportaciones-mexicanas-registran-aumento-de-9-7-en-julio-de-2026\/","title":{"rendered":"Exportaciones mexicanas registran aumento de 9.7% en julio de 2026"},"content":{"rendered":"\n<p class=\"wp-block-paragraph\">Al <strong>cierre de julio de 2026 las exportaciones mexicanas registraron un aumento de 9.7% mensual<\/strong> frente al 1.2% del mes previo, lo que represent\u00f3 su mayor avance mensual desde febrero de 2022.<\/p>\n\n\n\n<p class=\"wp-block-paragraph\">En su comparaci\u00f3n anual, <strong>los env\u00edos al exterior registraron un crecimiento de 43.2% anual<\/strong>, acumulando doce meses consecutivos con incrementos de doble d\u00edgito.<\/p>\n\n\n\n<h3 class=\"wp-block-heading\">\u201cEl dinamismo exportador mexicano sigue altamente explicado por la inversi\u00f3n en inteligencia artificial (IA) en Estados Unidos. En ese contexto, la demanda por manufacturas de nuestro pa\u00eds relacionadas con los insumos para la infraestructura tecnol\u00f3gica, el\u00e9ctrica y t\u00e9rmica sigui\u00f3 creciendo\u201d, se\u00f1alaron analistas del Grupo Financiero Banorte.<\/h3>\n\n\n\n<p class=\"wp-block-paragraph\">Por rubro, las exportaciones manufactureras se incrementaron 9.8% en t\u00e9rminos mensuales y 45% en su comparativo anual.<\/p>\n\n\n\n<p class=\"wp-block-paragraph\">A su interior, las exportaciones no automotrices crecieron 14.3%, mientras las automotrices cayeron 3.3% mensual.<\/p>\n\n\n\n<p class=\"wp-block-paragraph\"><strong>Gabriela Siller<\/strong>, directora de An\u00e1lisis Econ\u00f3mico de Banco Base, coment\u00f3 que el auge de exportaciones de equipo de c\u00f3mputo tambi\u00e9n est\u00e1 impulsando de forma paralela las exportaciones de algunos insumos de electr\u00f3nicos como tel\u00e9fonos, pantallas y componentes, como el cableado.<\/p>\n\n\n\n<h3 class=\"wp-block-heading\">\u201cSi se omite el crecimiento de las exportaciones de insumos relacionados a la industria tecnol\u00f3gica, el crecimiento acumulado de las exportaciones totales de M\u00e9xico ser\u00eda de 4.09 por ciento\u201d.<\/h3>\n\n\n\n<p class=\"wp-block-paragraph\">Siller coincidi\u00f3 en que <strong>el crecimiento de estas exportaciones est\u00e1 sostenido por la construcci\u00f3n de centros de datos en Estados Unidos<\/strong>.<\/p>\n\n\n\n<p class=\"wp-block-paragraph\">Para poner en contexto, en el segundo trimestre el 85.3% del crecimiento estuvo relacionado con inversiones para infraestructura de inteligencia artificial, por lo que Estados Unidos necesita seguir realizando importaciones de equipo.<\/p>\n\n\n\n<p class=\"wp-block-paragraph\">Con respecto a la canalizaci\u00f3n de los env\u00edos no petroleros, entre enero y julio de 2026 las mercanc\u00edas dirigidas al mercado americano aumentaron 29.5% anual y 49.8% en su comparativo mensual.<\/p>\n\n\n\n<p class=\"wp-block-paragraph\">Con este desempe\u00f1o, Estados Unidos concentr\u00f3 el 84.5% de los env\u00edos no petroleros durante los primeros siete meses del a\u00f1o.<\/p>\n\n\n\n<p class=\"wp-block-paragraph\">En cuanto a las importaciones, mostraron una recuperaci\u00f3n, principalmente por el avance de los bienes de uso intermedio.<\/p>\n\n\n\n<h2 class=\"wp-block-heading\">Buenas perspectivas<\/h2>\n\n\n\n<p class=\"wp-block-paragraph\">Analistas del Grupo Financiero Monex, prev\u00e9n que el desempe\u00f1o del sector externo continuar\u00e1 estrechamente ligado a la evoluci\u00f3n de las negociaciones comerciales entre M\u00e9xico y Estados Unidos ante el proceso de revisiones anuales del T-MEC.<\/p>\n\n\n\n<h3 class=\"wp-block-heading\">\u201cEn este contexto, la cuarta ronda bilateral prevista para mediados de septiembre en Washington ser\u00e1 relevante para avanzar en temas clave de la relaci\u00f3n comercial, particularmente en torno a las tarifas vigentes, las reglas de origen y los requisitos de contenido regional, con especial atenci\u00f3n en la industria automotriz\u201d, dijeron los expertos.<\/h3>\n\n\n\n<p class=\"wp-block-paragraph\">Analistas de Banorte comentaron que el dinamismo de la demanda externa contin\u00faa consolid\u00e1ndose como un soporte clave para el PIB de M\u00e9xico.<\/p>\n","protected":false},"excerpt":{"rendered":"<p>Al cierre de julio de 2026 las exportaciones mexicanas registraron un aumento de 9.7% mensual frente al 1.2% del mes previo, lo que represent\u00f3 su mayor avance mensual desde febrero de 2022. En su comparaci\u00f3n anual, los env\u00edos al exterior registraron un crecimiento de 43.2% anual, acumulando doce meses consecutivos con incrementos de doble d\u00edgito. [&hellip;]<\/p>\n","protected":false},"author":8,"featured_media":81185,"comment_status":"closed","ping_status":"open","sticky":false,"template":"","format":"standard","meta":{"footnotes":""},"categories":[2,19],"tags":[],"class_list":["post-81183","post","type-post","status-publish","format-standard","has-post-thumbnail","hentry","category-oaxaca","category-nacional"],"yoast_head":"<!-- This site is optimized with the Yoast SEO plugin v28.1 - https:\/\/yoast.com\/product\/yoast-seo-wordpress\/ -->\n<title>Exportaciones mexicanas registran aumento de 9.7% en julio de 2026 - LA BRAVA RADIO<\/title>\n<meta name=\"robots\" content=\"index, follow, max-snippet:-1, max-image-preview:large, max-video-preview:-1\" \/>\n<link rel=\"canonical\" href=\"https:\/\/www.bbmnoticias.com\/exportaciones-mexicanas-registran-aumento-de-9-7-en-julio-de-2026\/\" \/>\n<meta property=\"og:locale\" content=\"es_MX\" \/>\n<meta property=\"og:type\" content=\"article\" \/>\n<meta property=\"og:title\" content=\"Exportaciones mexicanas registran aumento de 9.7% en julio de 2026 - LA BRAVA RADIO\" \/>\n<meta property=\"og:description\" content=\"Al cierre de julio de 2026 las exportaciones mexicanas registraron un aumento de 9.7% mensual frente al 1.2% del mes previo, lo que represent\u00f3 su mayor avance mensual desde febrero de 2022. En su comparaci\u00f3n anual, los env\u00edos al exterior registraron un crecimiento de 43.2% anual, acumulando doce meses consecutivos con incrementos de doble d\u00edgito. [&hellip;]\" \/>\n<meta property=\"og:url\" content=\"https:\/\/www.bbmnoticias.com\/exportaciones-mexicanas-registran-aumento-de-9-7-en-julio-de-2026\/\" \/>\n<meta property=\"og:site_name\" content=\"LA BRAVA RADIO\" \/>\n<meta property=\"article:published_time\" content=\"2026-08-28T00:45:01+00:00\" \/>\n<meta property=\"article:modified_time\" content=\"2026-08-28T00:45:07+00:00\" \/>\n<meta property=\"og:image\" content=\"https:\/\/www.bbmnoticias.com\/labravaradiofm\/wp-content\/uploads\/sites\/5\/2026\/08\/6a90b7cf01e6f.jpeg\" \/>\n\t<meta property=\"og:image:width\" content=\"813\" \/>\n\t<meta property=\"og:image:height\" content=\"542\" \/>\n\t<meta property=\"og:image:type\" content=\"image\/jpeg\" \/>\n<meta name=\"author\" content=\"Exc\u00e9lsior\" \/>\n<meta name=\"twitter:card\" content=\"summary_large_image\" \/>\n<meta name=\"twitter:label1\" content=\"Escrito por\" \/>\n\t<meta name=\"twitter:data1\" content=\"Exc\u00e9lsior\" \/>\n\t<meta name=\"twitter:label2\" content=\"Tiempo de lectura\" \/>\n\t<meta name=\"twitter:data2\" content=\"2 minutos\" \/>\n<script type=\"application\/ld+json\" class=\"yoast-schema-graph\">{\"@context\":\"https:\\\/\\\/schema.org\",\"@graph\":[{\"@type\":\"Article\",\"@id\":\"https:\\\/\\\/www.bbmnoticias.com\\\/exportaciones-mexicanas-registran-aumento-de-9-7-en-julio-de-2026\\\/#article\",\"isPartOf\":{\"@id\":\"https:\\\/\\\/www.bbmnoticias.com\\\/labravaradiofm\\\/2026\\\/08\\\/27\\\/exportaciones-mexicanas-registran-aumento-de-9-7-en-julio-de-2026\\\/\"},\"author\":{\"name\":\"Exc\u00e9lsior\",\"@id\":\"https:\\\/\\\/www.bbmnoticias.com\\\/labravaradiofm\\\/#\\\/schema\\\/person\\\/92571928210861b7374edfc7068926ba\"},\"headline\":\"Exportaciones mexicanas registran aumento de 9.7% en julio de 2026\",\"datePublished\":\"2026-08-28T00:45:01+00:00\",\"dateModified\":\"2026-08-28T00:45:07+00:00\",\"mainEntityOfPage\":{\"@id\":\"https:\\\/\\\/www.bbmnoticias.com\\\/labravaradiofm\\\/2026\\\/08\\\/27\\\/exportaciones-mexicanas-registran-aumento-de-9-7-en-julio-de-2026\\\/\"},\"wordCount\":464,\"image\":{\"@id\":\"https:\\\/\\\/www.bbmnoticias.com\\\/exportaciones-mexicanas-registran-aumento-de-9-7-en-julio-de-2026\\\/#primaryimage\"},\"thumbnailUrl\":\"https:\\\/\\\/www.bbmnoticias.com\\\/labravaradiofm\\\/wp-content\\\/uploads\\\/sites\\\/5\\\/2026\\\/08\\\/6a90b7cf01e6f.jpeg\",\"articleSection\":[\"LOCAL\",\"NACIONAL\"],\"inLanguage\":\"es\"},{\"@type\":\"WebPage\",\"@id\":\"https:\\\/\\\/www.bbmnoticias.com\\\/labravaradiofm\\\/2026\\\/08\\\/27\\\/exportaciones-mexicanas-registran-aumento-de-9-7-en-julio-de-2026\\\/\",\"url\":\"https:\\\/\\\/www.bbmnoticias.com\\\/exportaciones-mexicanas-registran-aumento-de-9-7-en-julio-de-2026\\\/\",\"name\":\"Exportaciones mexicanas registran aumento de 9.7% en julio de 2026 - LA BRAVA RADIO\",\"isPartOf\":{\"@id\":\"https:\\\/\\\/www.bbmnoticias.com\\\/labravaradiofm\\\/#website\"},\"primaryImageOfPage\":{\"@id\":\"https:\\\/\\\/www.bbmnoticias.com\\\/exportaciones-mexicanas-registran-aumento-de-9-7-en-julio-de-2026\\\/#primaryimage\"},\"image\":{\"@id\":\"https:\\\/\\\/www.bbmnoticias.com\\\/exportaciones-mexicanas-registran-aumento-de-9-7-en-julio-de-2026\\\/#primaryimage\"},\"thumbnailUrl\":\"https:\\\/\\\/www.bbmnoticias.com\\\/labravaradiofm\\\/wp-content\\\/uploads\\\/sites\\\/5\\\/2026\\\/08\\\/6a90b7cf01e6f.jpeg\",\"datePublished\":\"2026-08-28T00:45:01+00:00\",\"dateModified\":\"2026-08-28T00:45:07+00:00\",\"author\":{\"@id\":\"https:\\\/\\\/www.bbmnoticias.com\\\/labravaradiofm\\\/#\\\/schema\\\/person\\\/92571928210861b7374edfc7068926ba\"},\"breadcrumb\":{\"@id\":\"https:\\\/\\\/www.bbmnoticias.com\\\/exportaciones-mexicanas-registran-aumento-de-9-7-en-julio-de-2026\\\/#breadcrumb\"},\"inLanguage\":\"es\",\"potentialAction\":[{\"@type\":\"ReadAction\",\"target\":[\"https:\\\/\\\/www.bbmnoticias.com\\\/exportaciones-mexicanas-registran-aumento-de-9-7-en-julio-de-2026\\\/\"]}]},{\"@type\":\"ImageObject\",\"inLanguage\":\"es\",\"@id\":\"https:\\\/\\\/www.bbmnoticias.com\\\/exportaciones-mexicanas-registran-aumento-de-9-7-en-julio-de-2026\\\/#primaryimage\",\"url\":\"https:\\\/\\\/www.bbmnoticias.com\\\/labravaradiofm\\\/wp-content\\\/uploads\\\/sites\\\/5\\\/2026\\\/08\\\/6a90b7cf01e6f.jpeg\",\"contentUrl\":\"https:\\\/\\\/www.bbmnoticias.com\\\/labravaradiofm\\\/wp-content\\\/uploads\\\/sites\\\/5\\\/2026\\\/08\\\/6a90b7cf01e6f.jpeg\",\"width\":813,\"height\":542},{\"@type\":\"BreadcrumbList\",\"@id\":\"https:\\\/\\\/www.bbmnoticias.com\\\/exportaciones-mexicanas-registran-aumento-de-9-7-en-julio-de-2026\\\/#breadcrumb\",\"itemListElement\":[{\"@type\":\"ListItem\",\"position\":1,\"name\":\"Inicio\",\"item\":\"https:\\\/\\\/www.bbmnoticias.com\\\/labravaradiofm\\\/\"},{\"@type\":\"ListItem\",\"position\":2,\"name\":\"Exportaciones mexicanas registran aumento de 9.7% en julio de 2026\"}]},{\"@type\":\"WebSite\",\"@id\":\"https:\\\/\\\/www.bbmnoticias.com\\\/labravaradiofm\\\/#website\",\"url\":\"https:\\\/\\\/www.bbmnoticias.com\\\/labravaradiofm\\\/\",\"name\":\"LA BRAVA RADIO\",\"description\":\"Empresa productora de medios, Radiodifusi\u00f3n, Noticias, tendencias y todo lo que necesitas saber de la pol\u00edtica mexicana e internacional; entretenimiento, espect\u00e1culos, salud y mucho m\u00e1s.\",\"potentialAction\":[{\"@type\":\"SearchAction\",\"target\":{\"@type\":\"EntryPoint\",\"urlTemplate\":\"https:\\\/\\\/www.bbmnoticias.com\\\/labravaradiofm\\\/?s={search_term_string}\"},\"query-input\":{\"@type\":\"PropertyValueSpecification\",\"valueRequired\":true,\"valueName\":\"search_term_string\"}}],\"inLanguage\":\"es\"},{\"@type\":\"Person\",\"@id\":\"https:\\\/\\\/www.bbmnoticias.com\\\/labravaradiofm\\\/#\\\/schema\\\/person\\\/92571928210861b7374edfc7068926ba\",\"name\":\"Exc\u00e9lsior\",\"image\":{\"@type\":\"ImageObject\",\"inLanguage\":\"es\",\"@id\":\"https:\\\/\\\/secure.gravatar.com\\\/avatar\\\/497265c4dbe1cd0e2f3f1b19aba0f5779c7f95d09e139a5b83c1ecd47b4e780d?s=96&d=mm&r=g\",\"url\":\"https:\\\/\\\/secure.gravatar.com\\\/avatar\\\/497265c4dbe1cd0e2f3f1b19aba0f5779c7f95d09e139a5b83c1ecd47b4e780d?s=96&d=mm&r=g\",\"contentUrl\":\"https:\\\/\\\/secure.gravatar.com\\\/avatar\\\/497265c4dbe1cd0e2f3f1b19aba0f5779c7f95d09e139a5b83c1ecd47b4e780d?s=96&d=mm&r=g\",\"caption\":\"Exc\u00e9lsior\"},\"url\":\"https:\\\/\\\/www.bbmnoticias.com\\\/labravaradiofm\\\/author\\\/excelsior\\\/\"}]}<\/script>\n<!-- \/ Yoast SEO plugin. -->","yoast_head_json":{"title":"Exportaciones mexicanas registran aumento de 9.7% en julio de 2026 - LA BRAVA RADIO","robots":{"index":"index","follow":"follow","max-snippet":"max-snippet:-1","max-image-preview":"max-image-preview:large","max-video-preview":"max-video-preview:-1"},"canonical":"https:\/\/www.bbmnoticias.com\/exportaciones-mexicanas-registran-aumento-de-9-7-en-julio-de-2026\/","og_locale":"es_MX","og_type":"article","og_title":"Exportaciones mexicanas registran aumento de 9.7% en julio de 2026 - LA BRAVA RADIO","og_description":"Al cierre de julio de 2026 las exportaciones mexicanas registraron un aumento de 9.7% mensual frente al 1.2% del mes previo, lo que represent\u00f3 su mayor avance mensual desde febrero de 2022. En su comparaci\u00f3n anual, los env\u00edos al exterior registraron un crecimiento de 43.2% anual, acumulando doce meses consecutivos con incrementos de doble d\u00edgito. [&hellip;]","og_url":"https:\/\/www.bbmnoticias.com\/exportaciones-mexicanas-registran-aumento-de-9-7-en-julio-de-2026\/","og_site_name":"LA BRAVA RADIO","article_published_time":"2026-08-28T00:45:01+00:00","article_modified_time":"2026-08-28T00:45:07+00:00","og_image":[{"width":813,"height":542,"url":"https:\/\/www.bbmnoticias.com\/labravaradiofm\/wp-content\/uploads\/sites\/5\/2026\/08\/6a90b7cf01e6f.jpeg","type":"image\/jpeg"}],"author":"Exc\u00e9lsior","twitter_card":"summary_large_image","twitter_misc":{"Escrito por":"Exc\u00e9lsior","Tiempo de lectura":"2 minutos"},"schema":{"@context":"https:\/\/schema.org","@graph":[{"@type":"Article","@id":"https:\/\/www.bbmnoticias.com\/exportaciones-mexicanas-registran-aumento-de-9-7-en-julio-de-2026\/#article","isPartOf":{"@id":"https:\/\/www.bbmnoticias.com\/labravaradiofm\/2026\/08\/27\/exportaciones-mexicanas-registran-aumento-de-9-7-en-julio-de-2026\/"},"author":{"name":"Exc\u00e9lsior","@id":"https:\/\/www.bbmnoticias.com\/labravaradiofm\/#\/schema\/person\/92571928210861b7374edfc7068926ba"},"headline":"Exportaciones mexicanas registran aumento de 9.7% en julio de 2026","datePublished":"2026-08-28T00:45:01+00:00","dateModified":"2026-08-28T00:45:07+00:00","mainEntityOfPage":{"@id":"https:\/\/www.bbmnoticias.com\/labravaradiofm\/2026\/08\/27\/exportaciones-mexicanas-registran-aumento-de-9-7-en-julio-de-2026\/"},"wordCount":464,"image":{"@id":"https:\/\/www.bbmnoticias.com\/exportaciones-mexicanas-registran-aumento-de-9-7-en-julio-de-2026\/#primaryimage"},"thumbnailUrl":"https:\/\/www.bbmnoticias.com\/labravaradiofm\/wp-content\/uploads\/sites\/5\/2026\/08\/6a90b7cf01e6f.jpeg","articleSection":["LOCAL","NACIONAL"],"inLanguage":"es"},{"@type":"WebPage","@id":"https:\/\/www.bbmnoticias.com\/labravaradiofm\/2026\/08\/27\/exportaciones-mexicanas-registran-aumento-de-9-7-en-julio-de-2026\/","url":"https:\/\/www.bbmnoticias.com\/exportaciones-mexicanas-registran-aumento-de-9-7-en-julio-de-2026\/","name":"Exportaciones mexicanas registran aumento de 9.7% en julio de 2026 - LA BRAVA RADIO","isPartOf":{"@id":"https:\/\/www.bbmnoticias.com\/labravaradiofm\/#website"},"primaryImageOfPage":{"@id":"https:\/\/www.bbmnoticias.com\/exportaciones-mexicanas-registran-aumento-de-9-7-en-julio-de-2026\/#primaryimage"},"image":{"@id":"https:\/\/www.bbmnoticias.com\/exportaciones-mexicanas-registran-aumento-de-9-7-en-julio-de-2026\/#primaryimage"},"thumbnailUrl":"https:\/\/www.bbmnoticias.com\/labravaradiofm\/wp-content\/uploads\/sites\/5\/2026\/08\/6a90b7cf01e6f.jpeg","datePublished":"2026-08-28T00:45:01+00:00","dateModified":"2026-08-28T00:45:07+00:00","author":{"@id":"https:\/\/www.bbmnoticias.com\/labravaradiofm\/#\/schema\/person\/92571928210861b7374edfc7068926ba"},"breadcrumb":{"@id":"https:\/\/www.bbmnoticias.com\/exportaciones-mexicanas-registran-aumento-de-9-7-en-julio-de-2026\/#breadcrumb"},"inLanguage":"es","potentialAction":[{"@type":"ReadAction","target":["https:\/\/www.bbmnoticias.com\/exportaciones-mexicanas-registran-aumento-de-9-7-en-julio-de-2026\/"]}]},{"@type":"ImageObject","inLanguage":"es","@id":"https:\/\/www.bbmnoticias.com\/exportaciones-mexicanas-registran-aumento-de-9-7-en-julio-de-2026\/#primaryimage","url":"https:\/\/www.bbmnoticias.com\/labravaradiofm\/wp-content\/uploads\/sites\/5\/2026\/08\/6a90b7cf01e6f.jpeg","contentUrl":"https:\/\/www.bbmnoticias.com\/labravaradiofm\/wp-content\/uploads\/sites\/5\/2026\/08\/6a90b7cf01e6f.jpeg","width":813,"height":542},{"@type":"BreadcrumbList","@id":"https:\/\/www.bbmnoticias.com\/exportaciones-mexicanas-registran-aumento-de-9-7-en-julio-de-2026\/#breadcrumb","itemListElement":[{"@type":"ListItem","position":1,"name":"Inicio","item":"https:\/\/www.bbmnoticias.com\/labravaradiofm\/"},{"@type":"ListItem","position":2,"name":"Exportaciones mexicanas registran aumento de 9.7% en julio de 2026"}]},{"@type":"WebSite","@id":"https:\/\/www.bbmnoticias.com\/labravaradiofm\/#website","url":"https:\/\/www.bbmnoticias.com\/labravaradiofm\/","name":"LA BRAVA RADIO","description":"Empresa productora de medios, Radiodifusi\u00f3n, Noticias, tendencias y todo lo que necesitas saber de la pol\u00edtica mexicana e internacional; entretenimiento, espect\u00e1culos, salud y mucho m\u00e1s.","potentialAction":[{"@type":"SearchAction","target":{"@type":"EntryPoint","urlTemplate":"https:\/\/www.bbmnoticias.com\/labravaradiofm\/?s={search_term_string}"},"query-input":{"@type":"PropertyValueSpecification","valueRequired":true,"valueName":"search_term_string"}}],"inLanguage":"es"},{"@type":"Person","@id":"https:\/\/www.bbmnoticias.com\/labravaradiofm\/#\/schema\/person\/92571928210861b7374edfc7068926ba","name":"Exc\u00e9lsior","image":{"@type":"ImageObject","inLanguage":"es","@id":"https:\/\/secure.gravatar.com\/avatar\/497265c4dbe1cd0e2f3f1b19aba0f5779c7f95d09e139a5b83c1ecd47b4e780d?s=96&d=mm&r=g","url":"https:\/\/secure.gravatar.com\/avatar\/497265c4dbe1cd0e2f3f1b19aba0f5779c7f95d09e139a5b83c1ecd47b4e780d?s=96&d=mm&r=g","contentUrl":"https:\/\/secure.gravatar.com\/avatar\/497265c4dbe1cd0e2f3f1b19aba0f5779c7f95d09e139a5b83c1ecd47b4e780d?s=96&d=mm&r=g","caption":"Exc\u00e9lsior"},"url":"https:\/\/www.bbmnoticias.com\/labravaradiofm\/author\/excelsior\/"}]}},"_links":{"self":[{"href":"https:\/\/www.bbmnoticias.com\/labravaradiofm\/wp-json\/wp\/v2\/posts\/81183","targetHints":{"allow":["GET"]}}],"collection":[{"href":"https:\/\/www.bbmnoticias.com\/labravaradiofm\/wp-json\/wp\/v2\/posts"}],"about":[{"href":"https:\/\/www.bbmnoticias.com\/labravaradiofm\/wp-json\/wp\/v2\/types\/post"}],"author":[{"embeddable":true,"href":"https:\/\/www.bbmnoticias.com\/labravaradiofm\/wp-json\/wp\/v2\/users\/8"}],"replies":[{"embeddable":true,"href":"https:\/\/www.bbmnoticias.com\/labravaradiofm\/wp-json\/wp\/v2\/comments?post=81183"}],"version-history":[{"count":1,"href":"https:\/\/www.bbmnoticias.com\/labravaradiofm\/wp-json\/wp\/v2\/posts\/81183\/revisions"}],"predecessor-version":[{"id":81184,"href":"https:\/\/www.bbmnoticias.com\/labravaradiofm\/wp-json\/wp\/v2\/posts\/81183\/revisions\/81184"}],"wp:featuredmedia":[{"embeddable":true,"href":"https:\/\/www.bbmnoticias.com\/labravaradiofm\/wp-json\/wp\/v2\/media\/81185"}],"wp:attachment":[{"href":"https:\/\/www.bbmnoticias.com\/labravaradiofm\/wp-json\/wp\/v2\/media?parent=81183"}],"wp:term":[{"taxonomy":"category","embeddable":true,"href":"https:\/\/www.bbmnoticias.com\/labravaradiofm\/wp-json\/wp\/v2\/categories?post=81183"},{"taxonomy":"post_tag","embeddable":true,"href":"https:\/\/www.bbmnoticias.com\/labravaradiofm\/wp-json\/wp\/v2\/tags?post=81183"}],"curies":[{"name":"wp","href":"https:\/\/api.w.org\/{rel}","templated":true}]}}