{"id":81177,"date":"2026-08-27T18:24:08","date_gmt":"2026-08-28T00:24:08","guid":{"rendered":"https:\/\/www.bbmnoticias.com\/labravaradiofm\/2026\/08\/27\/corte-limita-candidaturas-independientes-en-michoacan\/"},"modified":"2026-08-27T18:24:11","modified_gmt":"2026-08-28T00:24:11","slug":"corte-limita-candidaturas-independientes-en-michoacan","status":"publish","type":"post","link":"https:\/\/www.bbmnoticias.com\/labravaradiofm\/2026\/08\/27\/corte-limita-candidaturas-independientes-en-michoacan\/","title":{"rendered":"Corte limita candidaturas independientes en Michoac\u00e1n"},"content":{"rendered":"\n<p class=\"wp-block-paragraph\">El Pleno de la Suprema Corte de Justicia de la Naci\u00f3n (SCJN) aval\u00f3, por unanimidad, el proyecto con el que se declararon v\u00e1lidas las normas que limitan las actividades de <strong>candidaturas independientes<\/strong> en el estado de Michoac\u00e1n, que hab\u00edan sido impugnadas por el Movimiento Ciudadano (MC) y por la alcaldesa de Uruapan, <strong>Grecia Quiroz<\/strong>, y el Movimiento Independiente del Sombrero.<\/p>\n\n\n\n<p class=\"wp-block-paragraph\">En la sesi\u00f3n de este jueves se discuti\u00f3 el proyecto de la Acci\u00f3n de Inconstitucionalidad 69\/2026, elaborado por el ministro Ar\u00edstides Rodrigo Guerrero Garc\u00eda, en el que se confirm\u00f3 que quienes aspiren a un cargo de elecci\u00f3n popular en Michoac\u00e1n no podr\u00e1n realizar campa\u00f1as coordinadas.<\/p>\n\n\n\n<p class=\"wp-block-paragraph\">Las reformas y adiciones del C\u00f3digo Electoral del Estado de Michoac\u00e1n de Ocampo, realizadas mediante el Decreto 476, publicado el 27 de mayo de 2026, impiden tambi\u00e9n que las candidaturas independientes compartan propaganda, im\u00e1genes, emblemas, propuestas, plataformas comunes o estrategias territoriales compartidas.<\/p>\n\n\n\n<p class=\"wp-block-paragraph\"><em>\u201cEsta Suprema Corte ha precisado que la figura de las candidaturas independientes solo puede realizarse bajo la modalidad individual y no de manera grupal o colectiva; adem\u00e1s, los congresos locales gozan de una amplia libertad de configuraci\u00f3n para regular las candidaturas independientes; conforme a la doctrina constitucional y el margen de apreciaci\u00f3n reconocido por la jurisprudencia internacional\u201d<\/em>, plante\u00f3 en su proyecto el ministro ponente Guerrero Garc\u00eda.<\/p>\n","protected":false},"excerpt":{"rendered":"<p>El Pleno de la Suprema Corte de Justicia de la Naci\u00f3n (SCJN) aval\u00f3, por unanimidad, el proyecto con el que se declararon v\u00e1lidas las normas que limitan las actividades de candidaturas independientes en el estado de Michoac\u00e1n, que hab\u00edan sido impugnadas por el Movimiento Ciudadano (MC) y por la alcaldesa de Uruapan, Grecia Quiroz, y [&hellip;]<\/p>\n","protected":false},"author":8,"featured_media":81179,"comment_status":"closed","ping_status":"open","sticky":false,"template":"","format":"standard","meta":{"footnotes":""},"categories":[2,19],"tags":[],"class_list":["post-81177","post","type-post","status-publish","format-standard","has-post-thumbnail","hentry","category-oaxaca","category-nacional"],"yoast_head":"<!-- This site is optimized with the Yoast SEO plugin v28.1 - https:\/\/yoast.com\/product\/yoast-seo-wordpress\/ -->\n<title>Corte limita candidaturas independientes en Michoac\u00e1n - LA BRAVA RADIO<\/title>\n<meta name=\"robots\" content=\"index, follow, max-snippet:-1, max-image-preview:large, max-video-preview:-1\" \/>\n<link rel=\"canonical\" href=\"https:\/\/www.bbmnoticias.com\/corte-limita-candidaturas-independientes-en-michoacan\/\" \/>\n<meta property=\"og:locale\" content=\"es_MX\" \/>\n<meta property=\"og:type\" content=\"article\" \/>\n<meta property=\"og:title\" content=\"Corte limita candidaturas independientes en Michoac\u00e1n - LA BRAVA RADIO\" \/>\n<meta property=\"og:description\" content=\"El Pleno de la Suprema Corte de Justicia de la Naci\u00f3n (SCJN) aval\u00f3, por unanimidad, el proyecto con el que se declararon v\u00e1lidas las normas que limitan las actividades de candidaturas independientes en el estado de Michoac\u00e1n, que hab\u00edan sido impugnadas por el Movimiento Ciudadano (MC) y por la alcaldesa de Uruapan, Grecia Quiroz, y [&hellip;]\" \/>\n<meta property=\"og:url\" content=\"https:\/\/www.bbmnoticias.com\/corte-limita-candidaturas-independientes-en-michoacan\/\" \/>\n<meta property=\"og:site_name\" content=\"LA BRAVA RADIO\" \/>\n<meta property=\"article:published_time\" content=\"2026-08-28T00:24:08+00:00\" \/>\n<meta property=\"article:modified_time\" content=\"2026-08-28T00:24:11+00:00\" \/>\n<meta property=\"og:image\" content=\"https:\/\/www.bbmnoticias.com\/labravaradiofm\/wp-content\/uploads\/sites\/5\/2026\/08\/HQwMaQ3WQAAU9C-.jpg\" \/>\n\t<meta property=\"og:image:width\" content=\"679\" \/>\n\t<meta property=\"og:image:height\" content=\"453\" \/>\n\t<meta property=\"og:image:type\" content=\"image\/jpeg\" \/>\n<meta name=\"author\" content=\"Exc\u00e9lsior\" \/>\n<meta name=\"twitter:card\" content=\"summary_large_image\" \/>\n<meta name=\"twitter:label1\" content=\"Escrito por\" \/>\n\t<meta name=\"twitter:data1\" content=\"Exc\u00e9lsior\" \/>\n\t<meta name=\"twitter:label2\" content=\"Tiempo de lectura\" \/>\n\t<meta name=\"twitter:data2\" content=\"1 minuto\" \/>\n<script type=\"application\/ld+json\" class=\"yoast-schema-graph\">{\"@context\":\"https:\\\/\\\/schema.org\",\"@graph\":[{\"@type\":\"Article\",\"@id\":\"https:\\\/\\\/www.bbmnoticias.com\\\/corte-limita-candidaturas-independientes-en-michoacan\\\/#article\",\"isPartOf\":{\"@id\":\"https:\\\/\\\/www.bbmnoticias.com\\\/labravaradiofm\\\/2026\\\/08\\\/27\\\/corte-limita-candidaturas-independientes-en-michoacan\\\/\"},\"author\":{\"name\":\"Exc\u00e9lsior\",\"@id\":\"https:\\\/\\\/www.bbmnoticias.com\\\/labravaradiofm\\\/#\\\/schema\\\/person\\\/92571928210861b7374edfc7068926ba\"},\"headline\":\"Corte limita candidaturas independientes en Michoac\u00e1n\",\"datePublished\":\"2026-08-28T00:24:08+00:00\",\"dateModified\":\"2026-08-28T00:24:11+00:00\",\"mainEntityOfPage\":{\"@id\":\"https:\\\/\\\/www.bbmnoticias.com\\\/labravaradiofm\\\/2026\\\/08\\\/27\\\/corte-limita-candidaturas-independientes-en-michoacan\\\/\"},\"wordCount\":236,\"image\":{\"@id\":\"https:\\\/\\\/www.bbmnoticias.com\\\/corte-limita-candidaturas-independientes-en-michoacan\\\/#primaryimage\"},\"thumbnailUrl\":\"https:\\\/\\\/www.bbmnoticias.com\\\/labravaradiofm\\\/wp-content\\\/uploads\\\/sites\\\/5\\\/2026\\\/08\\\/HQwMaQ3WQAAU9C-.jpg\",\"articleSection\":[\"LOCAL\",\"NACIONAL\"],\"inLanguage\":\"es\"},{\"@type\":\"WebPage\",\"@id\":\"https:\\\/\\\/www.bbmnoticias.com\\\/labravaradiofm\\\/2026\\\/08\\\/27\\\/corte-limita-candidaturas-independientes-en-michoacan\\\/\",\"url\":\"https:\\\/\\\/www.bbmnoticias.com\\\/corte-limita-candidaturas-independientes-en-michoacan\\\/\",\"name\":\"Corte limita candidaturas independientes en Michoac\u00e1n - LA BRAVA RADIO\",\"isPartOf\":{\"@id\":\"https:\\\/\\\/www.bbmnoticias.com\\\/labravaradiofm\\\/#website\"},\"primaryImageOfPage\":{\"@id\":\"https:\\\/\\\/www.bbmnoticias.com\\\/corte-limita-candidaturas-independientes-en-michoacan\\\/#primaryimage\"},\"image\":{\"@id\":\"https:\\\/\\\/www.bbmnoticias.com\\\/corte-limita-candidaturas-independientes-en-michoacan\\\/#primaryimage\"},\"thumbnailUrl\":\"https:\\\/\\\/www.bbmnoticias.com\\\/labravaradiofm\\\/wp-content\\\/uploads\\\/sites\\\/5\\\/2026\\\/08\\\/HQwMaQ3WQAAU9C-.jpg\",\"datePublished\":\"2026-08-28T00:24:08+00:00\",\"dateModified\":\"2026-08-28T00:24:11+00:00\",\"author\":{\"@id\":\"https:\\\/\\\/www.bbmnoticias.com\\\/labravaradiofm\\\/#\\\/schema\\\/person\\\/92571928210861b7374edfc7068926ba\"},\"breadcrumb\":{\"@id\":\"https:\\\/\\\/www.bbmnoticias.com\\\/corte-limita-candidaturas-independientes-en-michoacan\\\/#breadcrumb\"},\"inLanguage\":\"es\",\"potentialAction\":[{\"@type\":\"ReadAction\",\"target\":[\"https:\\\/\\\/www.bbmnoticias.com\\\/corte-limita-candidaturas-independientes-en-michoacan\\\/\"]}]},{\"@type\":\"ImageObject\",\"inLanguage\":\"es\",\"@id\":\"https:\\\/\\\/www.bbmnoticias.com\\\/corte-limita-candidaturas-independientes-en-michoacan\\\/#primaryimage\",\"url\":\"https:\\\/\\\/www.bbmnoticias.com\\\/labravaradiofm\\\/wp-content\\\/uploads\\\/sites\\\/5\\\/2026\\\/08\\\/HQwMaQ3WQAAU9C-.jpg\",\"contentUrl\":\"https:\\\/\\\/www.bbmnoticias.com\\\/labravaradiofm\\\/wp-content\\\/uploads\\\/sites\\\/5\\\/2026\\\/08\\\/HQwMaQ3WQAAU9C-.jpg\",\"width\":679,\"height\":453},{\"@type\":\"BreadcrumbList\",\"@id\":\"https:\\\/\\\/www.bbmnoticias.com\\\/corte-limita-candidaturas-independientes-en-michoacan\\\/#breadcrumb\",\"itemListElement\":[{\"@type\":\"ListItem\",\"position\":1,\"name\":\"Inicio\",\"item\":\"https:\\\/\\\/www.bbmnoticias.com\\\/labravaradiofm\\\/\"},{\"@type\":\"ListItem\",\"position\":2,\"name\":\"Corte limita candidaturas independientes en Michoac\u00e1n\"}]},{\"@type\":\"WebSite\",\"@id\":\"https:\\\/\\\/www.bbmnoticias.com\\\/labravaradiofm\\\/#website\",\"url\":\"https:\\\/\\\/www.bbmnoticias.com\\\/labravaradiofm\\\/\",\"name\":\"LA BRAVA RADIO\",\"description\":\"Empresa productora de medios, Radiodifusi\u00f3n, Noticias, tendencias y todo lo que necesitas saber de la pol\u00edtica mexicana e internacional; entretenimiento, espect\u00e1culos, salud y mucho m\u00e1s.\",\"potentialAction\":[{\"@type\":\"SearchAction\",\"target\":{\"@type\":\"EntryPoint\",\"urlTemplate\":\"https:\\\/\\\/www.bbmnoticias.com\\\/labravaradiofm\\\/?s={search_term_string}\"},\"query-input\":{\"@type\":\"PropertyValueSpecification\",\"valueRequired\":true,\"valueName\":\"search_term_string\"}}],\"inLanguage\":\"es\"},{\"@type\":\"Person\",\"@id\":\"https:\\\/\\\/www.bbmnoticias.com\\\/labravaradiofm\\\/#\\\/schema\\\/person\\\/92571928210861b7374edfc7068926ba\",\"name\":\"Exc\u00e9lsior\",\"image\":{\"@type\":\"ImageObject\",\"inLanguage\":\"es\",\"@id\":\"https:\\\/\\\/secure.gravatar.com\\\/avatar\\\/497265c4dbe1cd0e2f3f1b19aba0f5779c7f95d09e139a5b83c1ecd47b4e780d?s=96&d=mm&r=g\",\"url\":\"https:\\\/\\\/secure.gravatar.com\\\/avatar\\\/497265c4dbe1cd0e2f3f1b19aba0f5779c7f95d09e139a5b83c1ecd47b4e780d?s=96&d=mm&r=g\",\"contentUrl\":\"https:\\\/\\\/secure.gravatar.com\\\/avatar\\\/497265c4dbe1cd0e2f3f1b19aba0f5779c7f95d09e139a5b83c1ecd47b4e780d?s=96&d=mm&r=g\",\"caption\":\"Exc\u00e9lsior\"},\"url\":\"https:\\\/\\\/www.bbmnoticias.com\\\/labravaradiofm\\\/author\\\/excelsior\\\/\"}]}<\/script>\n<!-- \/ Yoast SEO plugin. -->","yoast_head_json":{"title":"Corte limita candidaturas independientes en Michoac\u00e1n - LA BRAVA RADIO","robots":{"index":"index","follow":"follow","max-snippet":"max-snippet:-1","max-image-preview":"max-image-preview:large","max-video-preview":"max-video-preview:-1"},"canonical":"https:\/\/www.bbmnoticias.com\/corte-limita-candidaturas-independientes-en-michoacan\/","og_locale":"es_MX","og_type":"article","og_title":"Corte limita candidaturas independientes en Michoac\u00e1n - LA BRAVA RADIO","og_description":"El Pleno de la Suprema Corte de Justicia de la Naci\u00f3n (SCJN) aval\u00f3, por unanimidad, el proyecto con el que se declararon v\u00e1lidas las normas que limitan las actividades de candidaturas independientes en el estado de Michoac\u00e1n, que hab\u00edan sido impugnadas por el Movimiento Ciudadano (MC) y por la alcaldesa de Uruapan, Grecia Quiroz, y [&hellip;]","og_url":"https:\/\/www.bbmnoticias.com\/corte-limita-candidaturas-independientes-en-michoacan\/","og_site_name":"LA BRAVA RADIO","article_published_time":"2026-08-28T00:24:08+00:00","article_modified_time":"2026-08-28T00:24:11+00:00","og_image":[{"width":679,"height":453,"url":"https:\/\/www.bbmnoticias.com\/labravaradiofm\/wp-content\/uploads\/sites\/5\/2026\/08\/HQwMaQ3WQAAU9C-.jpg","type":"image\/jpeg"}],"author":"Exc\u00e9lsior","twitter_card":"summary_large_image","twitter_misc":{"Escrito por":"Exc\u00e9lsior","Tiempo de lectura":"1 minuto"},"schema":{"@context":"https:\/\/schema.org","@graph":[{"@type":"Article","@id":"https:\/\/www.bbmnoticias.com\/corte-limita-candidaturas-independientes-en-michoacan\/#article","isPartOf":{"@id":"https:\/\/www.bbmnoticias.com\/labravaradiofm\/2026\/08\/27\/corte-limita-candidaturas-independientes-en-michoacan\/"},"author":{"name":"Exc\u00e9lsior","@id":"https:\/\/www.bbmnoticias.com\/labravaradiofm\/#\/schema\/person\/92571928210861b7374edfc7068926ba"},"headline":"Corte limita candidaturas independientes en Michoac\u00e1n","datePublished":"2026-08-28T00:24:08+00:00","dateModified":"2026-08-28T00:24:11+00:00","mainEntityOfPage":{"@id":"https:\/\/www.bbmnoticias.com\/labravaradiofm\/2026\/08\/27\/corte-limita-candidaturas-independientes-en-michoacan\/"},"wordCount":236,"image":{"@id":"https:\/\/www.bbmnoticias.com\/corte-limita-candidaturas-independientes-en-michoacan\/#primaryimage"},"thumbnailUrl":"https:\/\/www.bbmnoticias.com\/labravaradiofm\/wp-content\/uploads\/sites\/5\/2026\/08\/HQwMaQ3WQAAU9C-.jpg","articleSection":["LOCAL","NACIONAL"],"inLanguage":"es"},{"@type":"WebPage","@id":"https:\/\/www.bbmnoticias.com\/labravaradiofm\/2026\/08\/27\/corte-limita-candidaturas-independientes-en-michoacan\/","url":"https:\/\/www.bbmnoticias.com\/corte-limita-candidaturas-independientes-en-michoacan\/","name":"Corte limita candidaturas independientes en Michoac\u00e1n - LA BRAVA RADIO","isPartOf":{"@id":"https:\/\/www.bbmnoticias.com\/labravaradiofm\/#website"},"primaryImageOfPage":{"@id":"https:\/\/www.bbmnoticias.com\/corte-limita-candidaturas-independientes-en-michoacan\/#primaryimage"},"image":{"@id":"https:\/\/www.bbmnoticias.com\/corte-limita-candidaturas-independientes-en-michoacan\/#primaryimage"},"thumbnailUrl":"https:\/\/www.bbmnoticias.com\/labravaradiofm\/wp-content\/uploads\/sites\/5\/2026\/08\/HQwMaQ3WQAAU9C-.jpg","datePublished":"2026-08-28T00:24:08+00:00","dateModified":"2026-08-28T00:24:11+00:00","author":{"@id":"https:\/\/www.bbmnoticias.com\/labravaradiofm\/#\/schema\/person\/92571928210861b7374edfc7068926ba"},"breadcrumb":{"@id":"https:\/\/www.bbmnoticias.com\/corte-limita-candidaturas-independientes-en-michoacan\/#breadcrumb"},"inLanguage":"es","potentialAction":[{"@type":"ReadAction","target":["https:\/\/www.bbmnoticias.com\/corte-limita-candidaturas-independientes-en-michoacan\/"]}]},{"@type":"ImageObject","inLanguage":"es","@id":"https:\/\/www.bbmnoticias.com\/corte-limita-candidaturas-independientes-en-michoacan\/#primaryimage","url":"https:\/\/www.bbmnoticias.com\/labravaradiofm\/wp-content\/uploads\/sites\/5\/2026\/08\/HQwMaQ3WQAAU9C-.jpg","contentUrl":"https:\/\/www.bbmnoticias.com\/labravaradiofm\/wp-content\/uploads\/sites\/5\/2026\/08\/HQwMaQ3WQAAU9C-.jpg","width":679,"height":453},{"@type":"BreadcrumbList","@id":"https:\/\/www.bbmnoticias.com\/corte-limita-candidaturas-independientes-en-michoacan\/#breadcrumb","itemListElement":[{"@type":"ListItem","position":1,"name":"Inicio","item":"https:\/\/www.bbmnoticias.com\/labravaradiofm\/"},{"@type":"ListItem","position":2,"name":"Corte limita candidaturas independientes en Michoac\u00e1n"}]},{"@type":"WebSite","@id":"https:\/\/www.bbmnoticias.com\/labravaradiofm\/#website","url":"https:\/\/www.bbmnoticias.com\/labravaradiofm\/","name":"LA BRAVA RADIO","description":"Empresa productora de medios, Radiodifusi\u00f3n, Noticias, tendencias y todo lo que necesitas saber de la pol\u00edtica mexicana e internacional; entretenimiento, espect\u00e1culos, salud y mucho m\u00e1s.","potentialAction":[{"@type":"SearchAction","target":{"@type":"EntryPoint","urlTemplate":"https:\/\/www.bbmnoticias.com\/labravaradiofm\/?s={search_term_string}"},"query-input":{"@type":"PropertyValueSpecification","valueRequired":true,"valueName":"search_term_string"}}],"inLanguage":"es"},{"@type":"Person","@id":"https:\/\/www.bbmnoticias.com\/labravaradiofm\/#\/schema\/person\/92571928210861b7374edfc7068926ba","name":"Exc\u00e9lsior","image":{"@type":"ImageObject","inLanguage":"es","@id":"https:\/\/secure.gravatar.com\/avatar\/497265c4dbe1cd0e2f3f1b19aba0f5779c7f95d09e139a5b83c1ecd47b4e780d?s=96&d=mm&r=g","url":"https:\/\/secure.gravatar.com\/avatar\/497265c4dbe1cd0e2f3f1b19aba0f5779c7f95d09e139a5b83c1ecd47b4e780d?s=96&d=mm&r=g","contentUrl":"https:\/\/secure.gravatar.com\/avatar\/497265c4dbe1cd0e2f3f1b19aba0f5779c7f95d09e139a5b83c1ecd47b4e780d?s=96&d=mm&r=g","caption":"Exc\u00e9lsior"},"url":"https:\/\/www.bbmnoticias.com\/labravaradiofm\/author\/excelsior\/"}]}},"_links":{"self":[{"href":"https:\/\/www.bbmnoticias.com\/labravaradiofm\/wp-json\/wp\/v2\/posts\/81177","targetHints":{"allow":["GET"]}}],"collection":[{"href":"https:\/\/www.bbmnoticias.com\/labravaradiofm\/wp-json\/wp\/v2\/posts"}],"about":[{"href":"https:\/\/www.bbmnoticias.com\/labravaradiofm\/wp-json\/wp\/v2\/types\/post"}],"author":[{"embeddable":true,"href":"https:\/\/www.bbmnoticias.com\/labravaradiofm\/wp-json\/wp\/v2\/users\/8"}],"replies":[{"embeddable":true,"href":"https:\/\/www.bbmnoticias.com\/labravaradiofm\/wp-json\/wp\/v2\/comments?post=81177"}],"version-history":[{"count":1,"href":"https:\/\/www.bbmnoticias.com\/labravaradiofm\/wp-json\/wp\/v2\/posts\/81177\/revisions"}],"predecessor-version":[{"id":81178,"href":"https:\/\/www.bbmnoticias.com\/labravaradiofm\/wp-json\/wp\/v2\/posts\/81177\/revisions\/81178"}],"wp:featuredmedia":[{"embeddable":true,"href":"https:\/\/www.bbmnoticias.com\/labravaradiofm\/wp-json\/wp\/v2\/media\/81179"}],"wp:attachment":[{"href":"https:\/\/www.bbmnoticias.com\/labravaradiofm\/wp-json\/wp\/v2\/media?parent=81177"}],"wp:term":[{"taxonomy":"category","embeddable":true,"href":"https:\/\/www.bbmnoticias.com\/labravaradiofm\/wp-json\/wp\/v2\/categories?post=81177"},{"taxonomy":"post_tag","embeddable":true,"href":"https:\/\/www.bbmnoticias.com\/labravaradiofm\/wp-json\/wp\/v2\/tags?post=81177"}],"curies":[{"name":"wp","href":"https:\/\/api.w.org\/{rel}","templated":true}]}}