{"id":81174,"date":"2026-08-27T18:05:23","date_gmt":"2026-08-28T00:05:23","guid":{"rendered":"https:\/\/www.bbmnoticias.com\/labravaradiofm\/2026\/08\/27\/fiscalia-de-oaxaca-en-colaboracion-con-fiscalia-cdmx-detienen-en-ciudad-de-mexico-a-probable-responsable-de-homicidio-cometido-en-la-mixteca\/"},"modified":"2026-08-27T18:05:25","modified_gmt":"2026-08-28T00:05:25","slug":"fiscalia-de-oaxaca-en-colaboracion-con-fiscalia-cdmx-detienen-en-ciudad-de-mexico-a-probable-responsable-de-homicidio-cometido-en-la-mixteca","status":"publish","type":"post","link":"https:\/\/www.bbmnoticias.com\/labravaradiofm\/2026\/08\/27\/fiscalia-de-oaxaca-en-colaboracion-con-fiscalia-cdmx-detienen-en-ciudad-de-mexico-a-probable-responsable-de-homicidio-cometido-en-la-mixteca\/","title":{"rendered":"Fiscal\u00eda de Oaxaca en colaboraci\u00f3n con Fiscal\u00eda CDMX detienen en Ciudad de M\u00e9xico a probable responsable de homicidio cometido en la Mixteca"},"content":{"rendered":"\n<p class=\"wp-block-paragraph\"><strong>Oaxaca de Ju\u00e1rez, Oax.- <\/strong>La colaboraci\u00f3n interinstitucional en los trabajos de procuraci\u00f3n de justicia permiti\u00f3 que la Fiscal\u00eda General del Estado de Oaxaca (FGEO), en coordinaci\u00f3n con la Fiscal\u00eda General de Justicia de la Ciudad de M\u00e9xico, ejecutaran una orden de aprehensi\u00f3n en contra de un hombre identificado como V.B.M. o V.A.B.M., por su probable participaci\u00f3n en el delito de homicidio calificado con ventaja, cometido en agravio de quien en vida respondi\u00f3 al nombre de F.N.F.<\/p>\n\n\n\n<p class=\"wp-block-paragraph\">La detenci\u00f3n se concret\u00f3 en la Ciudad de M\u00e9xico, mediante la solicitud de colaboraci\u00f3n institucional, como resultado de los actos de investigaci\u00f3n por hechos ocurridos el 30 de diciembre de 2018.<\/p>\n\n\n\n<p class=\"wp-block-paragraph\">La investigaci\u00f3n del caso detalla que, en esa fecha, en el centro de la poblaci\u00f3n de San Juan Reyes, perteneciente al municipio de Santo Domingo Tonal\u00e1, la v\u00edctima caminaba en compa\u00f1\u00eda de otra persona cuando fue alcanzada por un grupo de individuos. En ese momento, uno de ellos habr\u00eda accionado un arma de fuego en su contra.<\/p>\n\n\n\n<p class=\"wp-block-paragraph\">Tras resultar lesionado, F.N.F., intent\u00f3 huir; sin embargo, habr\u00eda sido alcanzado por el grupo de personas, quienes lo golpearon y le arrojaron una piedra, provocando diversas lesiones que posteriormente derivaron en su muerte.<\/p>\n\n\n\n<p class=\"wp-block-paragraph\">Como resultado de las investigaciones, la autoridad judicial libr\u00f3 una orden de aprehensi\u00f3n en contra de V.B.M., o V.A.B.M., por su probable participaci\u00f3n en el delito de homicidio calificado con ventaja.<\/p>\n\n\n\n<p class=\"wp-block-paragraph\">En este contexto, agentes estatales de investigaci\u00f3n de la Vicefiscal\u00eda Regional de la Mixteca, localizaron a la persona se\u00f1alada como probable responsable en inmediaciones de la Ciudad de M\u00e9xico.<\/p>\n\n\n\n<p class=\"wp-block-paragraph\">Luego de corroborar su identidad y realizar los procedimientos correspondientes, V.B.M., o V.A.B.M., fue informado de la orden de aprehensi\u00f3n existente en su contra y de los derechos que le asisten como persona detenida.<\/p>\n\n\n\n<p class=\"wp-block-paragraph\">Posteriormente, fue trasladado a Oaxaca, a fin de continuar con las actuaciones legales y ponerlo a disposici\u00f3n del \u00f3rgano jurisdiccional que lo requiere.<\/p>\n\n\n\n<p class=\"wp-block-paragraph\">La Fiscal\u00eda General del Estado de Oaxaca refrenda su compromiso de fortalecer las investigaciones y ejecutar los mandamientos judiciales, mediante mecanismos de colaboraci\u00f3n interinstitucional con otras entidades federativas, para garantizar el acceso a la justicia para las v\u00edctimas.<\/p>\n\n\n\n<p class=\"wp-block-paragraph\"><\/p>\n","protected":false},"excerpt":{"rendered":"<p>Oaxaca de Ju\u00e1rez, Oax.- La colaboraci\u00f3n interinstitucional en los trabajos de procuraci\u00f3n de justicia permiti\u00f3 que la Fiscal\u00eda General del Estado de Oaxaca (FGEO), en coordinaci\u00f3n con la Fiscal\u00eda General de Justicia de la Ciudad de M\u00e9xico, ejecutaran una orden de aprehensi\u00f3n en contra de un hombre identificado como V.B.M. o V.A.B.M., por su probable [&hellip;]<\/p>\n","protected":false},"author":2,"featured_media":81176,"comment_status":"closed","ping_status":"open","sticky":false,"template":"","format":"standard","meta":{"footnotes":""},"categories":[2,20],"tags":[],"class_list":["post-81174","post","type-post","status-publish","format-standard","has-post-thumbnail","hentry","category-oaxaca","category-policiaca"],"yoast_head":"<!-- This site is optimized with the Yoast SEO plugin v28.1 - https:\/\/yoast.com\/product\/yoast-seo-wordpress\/ -->\n<title>Fiscal\u00eda de Oaxaca en colaboraci\u00f3n con Fiscal\u00eda CDMX detienen en Ciudad de M\u00e9xico a probable responsable de homicidio cometido en la Mixteca - LA BRAVA RADIO<\/title>\n<meta name=\"robots\" content=\"index, follow, max-snippet:-1, max-image-preview:large, max-video-preview:-1\" \/>\n<link rel=\"canonical\" href=\"https:\/\/www.bbmnoticias.com\/fiscalia-de-oaxaca-en-colaboracion-con-fiscalia-cdmx-detienen-en-ciudad-de-mexico-a-probable-responsable-de-homicidio-cometido-en-la-mixteca\/\" \/>\n<meta property=\"og:locale\" content=\"es_MX\" \/>\n<meta property=\"og:type\" content=\"article\" \/>\n<meta property=\"og:title\" content=\"Fiscal\u00eda de Oaxaca en colaboraci\u00f3n con Fiscal\u00eda CDMX detienen en Ciudad de M\u00e9xico a probable responsable de homicidio cometido en la Mixteca - LA BRAVA RADIO\" \/>\n<meta property=\"og:description\" content=\"Oaxaca de Ju\u00e1rez, Oax.- La colaboraci\u00f3n interinstitucional en los trabajos de procuraci\u00f3n de justicia permiti\u00f3 que la Fiscal\u00eda General del Estado de Oaxaca (FGEO), en coordinaci\u00f3n con la Fiscal\u00eda General de Justicia de la Ciudad de M\u00e9xico, ejecutaran una orden de aprehensi\u00f3n en contra de un hombre identificado como V.B.M. o V.A.B.M., por su probable [&hellip;]\" \/>\n<meta property=\"og:url\" content=\"https:\/\/www.bbmnoticias.com\/fiscalia-de-oaxaca-en-colaboracion-con-fiscalia-cdmx-detienen-en-ciudad-de-mexico-a-probable-responsable-de-homicidio-cometido-en-la-mixteca\/\" \/>\n<meta property=\"og:site_name\" content=\"LA BRAVA RADIO\" \/>\n<meta property=\"article:published_time\" content=\"2026-08-28T00:05:23+00:00\" \/>\n<meta property=\"article:modified_time\" content=\"2026-08-28T00:05:25+00:00\" \/>\n<meta property=\"og:image\" content=\"https:\/\/www.bbmnoticias.com\/labravaradiofm\/wp-content\/uploads\/sites\/5\/2026\/08\/5444546.jpg\" \/>\n\t<meta property=\"og:image:width\" content=\"605\" \/>\n\t<meta property=\"og:image:height\" content=\"482\" \/>\n\t<meta property=\"og:image:type\" content=\"image\/jpeg\" \/>\n<meta name=\"author\" content=\"Staff\" \/>\n<meta name=\"twitter:card\" content=\"summary_large_image\" \/>\n<meta name=\"twitter:label1\" content=\"Escrito por\" \/>\n\t<meta name=\"twitter:data1\" content=\"Staff\" \/>\n\t<meta name=\"twitter:label2\" content=\"Tiempo de lectura\" \/>\n\t<meta name=\"twitter:data2\" content=\"2 minutos\" \/>\n<script type=\"application\/ld+json\" class=\"yoast-schema-graph\">{\"@context\":\"https:\\\/\\\/schema.org\",\"@graph\":[{\"@type\":\"Article\",\"@id\":\"https:\\\/\\\/www.bbmnoticias.com\\\/fiscalia-de-oaxaca-en-colaboracion-con-fiscalia-cdmx-detienen-en-ciudad-de-mexico-a-probable-responsable-de-homicidio-cometido-en-la-mixteca\\\/#article\",\"isPartOf\":{\"@id\":\"https:\\\/\\\/www.bbmnoticias.com\\\/labravaradiofm\\\/2026\\\/08\\\/27\\\/fiscalia-de-oaxaca-en-colaboracion-con-fiscalia-cdmx-detienen-en-ciudad-de-mexico-a-probable-responsable-de-homicidio-cometido-en-la-mixteca\\\/\"},\"author\":{\"name\":\"Staff\",\"@id\":\"https:\\\/\\\/www.bbmnoticias.com\\\/labravaradiofm\\\/#\\\/schema\\\/person\\\/9eb037257fc48a09cdf31d9a2f45619f\"},\"headline\":\"Fiscal\u00eda de Oaxaca en colaboraci\u00f3n con Fiscal\u00eda CDMX detienen en Ciudad de M\u00e9xico a probable responsable de homicidio cometido en la Mixteca\",\"datePublished\":\"2026-08-28T00:05:23+00:00\",\"dateModified\":\"2026-08-28T00:05:25+00:00\",\"mainEntityOfPage\":{\"@id\":\"https:\\\/\\\/www.bbmnoticias.com\\\/labravaradiofm\\\/2026\\\/08\\\/27\\\/fiscalia-de-oaxaca-en-colaboracion-con-fiscalia-cdmx-detienen-en-ciudad-de-mexico-a-probable-responsable-de-homicidio-cometido-en-la-mixteca\\\/\"},\"wordCount\":426,\"image\":{\"@id\":\"https:\\\/\\\/www.bbmnoticias.com\\\/fiscalia-de-oaxaca-en-colaboracion-con-fiscalia-cdmx-detienen-en-ciudad-de-mexico-a-probable-responsable-de-homicidio-cometido-en-la-mixteca\\\/#primaryimage\"},\"thumbnailUrl\":\"https:\\\/\\\/www.bbmnoticias.com\\\/labravaradiofm\\\/wp-content\\\/uploads\\\/sites\\\/5\\\/2026\\\/08\\\/5444546.jpg\",\"articleSection\":[\"LOCAL\",\"POLICIACA\"],\"inLanguage\":\"es\"},{\"@type\":\"WebPage\",\"@id\":\"https:\\\/\\\/www.bbmnoticias.com\\\/labravaradiofm\\\/2026\\\/08\\\/27\\\/fiscalia-de-oaxaca-en-colaboracion-con-fiscalia-cdmx-detienen-en-ciudad-de-mexico-a-probable-responsable-de-homicidio-cometido-en-la-mixteca\\\/\",\"url\":\"https:\\\/\\\/www.bbmnoticias.com\\\/fiscalia-de-oaxaca-en-colaboracion-con-fiscalia-cdmx-detienen-en-ciudad-de-mexico-a-probable-responsable-de-homicidio-cometido-en-la-mixteca\\\/\",\"name\":\"Fiscal\u00eda de Oaxaca en colaboraci\u00f3n con Fiscal\u00eda CDMX detienen en Ciudad de M\u00e9xico a probable responsable de homicidio cometido en la Mixteca - LA BRAVA RADIO\",\"isPartOf\":{\"@id\":\"https:\\\/\\\/www.bbmnoticias.com\\\/labravaradiofm\\\/#website\"},\"primaryImageOfPage\":{\"@id\":\"https:\\\/\\\/www.bbmnoticias.com\\\/fiscalia-de-oaxaca-en-colaboracion-con-fiscalia-cdmx-detienen-en-ciudad-de-mexico-a-probable-responsable-de-homicidio-cometido-en-la-mixteca\\\/#primaryimage\"},\"image\":{\"@id\":\"https:\\\/\\\/www.bbmnoticias.com\\\/fiscalia-de-oaxaca-en-colaboracion-con-fiscalia-cdmx-detienen-en-ciudad-de-mexico-a-probable-responsable-de-homicidio-cometido-en-la-mixteca\\\/#primaryimage\"},\"thumbnailUrl\":\"https:\\\/\\\/www.bbmnoticias.com\\\/labravaradiofm\\\/wp-content\\\/uploads\\\/sites\\\/5\\\/2026\\\/08\\\/5444546.jpg\",\"datePublished\":\"2026-08-28T00:05:23+00:00\",\"dateModified\":\"2026-08-28T00:05:25+00:00\",\"author\":{\"@id\":\"https:\\\/\\\/www.bbmnoticias.com\\\/labravaradiofm\\\/#\\\/schema\\\/person\\\/9eb037257fc48a09cdf31d9a2f45619f\"},\"breadcrumb\":{\"@id\":\"https:\\\/\\\/www.bbmnoticias.com\\\/fiscalia-de-oaxaca-en-colaboracion-con-fiscalia-cdmx-detienen-en-ciudad-de-mexico-a-probable-responsable-de-homicidio-cometido-en-la-mixteca\\\/#breadcrumb\"},\"inLanguage\":\"es\",\"potentialAction\":[{\"@type\":\"ReadAction\",\"target\":[\"https:\\\/\\\/www.bbmnoticias.com\\\/fiscalia-de-oaxaca-en-colaboracion-con-fiscalia-cdmx-detienen-en-ciudad-de-mexico-a-probable-responsable-de-homicidio-cometido-en-la-mixteca\\\/\"]}]},{\"@type\":\"ImageObject\",\"inLanguage\":\"es\",\"@id\":\"https:\\\/\\\/www.bbmnoticias.com\\\/fiscalia-de-oaxaca-en-colaboracion-con-fiscalia-cdmx-detienen-en-ciudad-de-mexico-a-probable-responsable-de-homicidio-cometido-en-la-mixteca\\\/#primaryimage\",\"url\":\"https:\\\/\\\/www.bbmnoticias.com\\\/labravaradiofm\\\/wp-content\\\/uploads\\\/sites\\\/5\\\/2026\\\/08\\\/5444546.jpg\",\"contentUrl\":\"https:\\\/\\\/www.bbmnoticias.com\\\/labravaradiofm\\\/wp-content\\\/uploads\\\/sites\\\/5\\\/2026\\\/08\\\/5444546.jpg\",\"width\":605,\"height\":482},{\"@type\":\"BreadcrumbList\",\"@id\":\"https:\\\/\\\/www.bbmnoticias.com\\\/fiscalia-de-oaxaca-en-colaboracion-con-fiscalia-cdmx-detienen-en-ciudad-de-mexico-a-probable-responsable-de-homicidio-cometido-en-la-mixteca\\\/#breadcrumb\",\"itemListElement\":[{\"@type\":\"ListItem\",\"position\":1,\"name\":\"Inicio\",\"item\":\"https:\\\/\\\/www.bbmnoticias.com\\\/labravaradiofm\\\/\"},{\"@type\":\"ListItem\",\"position\":2,\"name\":\"Fiscal\u00eda de Oaxaca en colaboraci\u00f3n con Fiscal\u00eda CDMX detienen en Ciudad de M\u00e9xico a probable responsable de homicidio cometido en la Mixteca\"}]},{\"@type\":\"WebSite\",\"@id\":\"https:\\\/\\\/www.bbmnoticias.com\\\/labravaradiofm\\\/#website\",\"url\":\"https:\\\/\\\/www.bbmnoticias.com\\\/labravaradiofm\\\/\",\"name\":\"LA BRAVA RADIO\",\"description\":\"Empresa productora de medios, Radiodifusi\u00f3n, Noticias, tendencias y todo lo que necesitas saber de la pol\u00edtica mexicana e internacional; entretenimiento, espect\u00e1culos, salud y mucho m\u00e1s.\",\"potentialAction\":[{\"@type\":\"SearchAction\",\"target\":{\"@type\":\"EntryPoint\",\"urlTemplate\":\"https:\\\/\\\/www.bbmnoticias.com\\\/labravaradiofm\\\/?s={search_term_string}\"},\"query-input\":{\"@type\":\"PropertyValueSpecification\",\"valueRequired\":true,\"valueName\":\"search_term_string\"}}],\"inLanguage\":\"es\"},{\"@type\":\"Person\",\"@id\":\"https:\\\/\\\/www.bbmnoticias.com\\\/labravaradiofm\\\/#\\\/schema\\\/person\\\/9eb037257fc48a09cdf31d9a2f45619f\",\"name\":\"Staff\",\"image\":{\"@type\":\"ImageObject\",\"inLanguage\":\"es\",\"@id\":\"https:\\\/\\\/secure.gravatar.com\\\/avatar\\\/fdd21ad66fd8b98c407f9dee5b5e588cfe7f0d8579ec20fa6527cd59bab7f0f0?s=96&d=mm&r=g\",\"url\":\"https:\\\/\\\/secure.gravatar.com\\\/avatar\\\/fdd21ad66fd8b98c407f9dee5b5e588cfe7f0d8579ec20fa6527cd59bab7f0f0?s=96&d=mm&r=g\",\"contentUrl\":\"https:\\\/\\\/secure.gravatar.com\\\/avatar\\\/fdd21ad66fd8b98c407f9dee5b5e588cfe7f0d8579ec20fa6527cd59bab7f0f0?s=96&d=mm&r=g\",\"caption\":\"Staff\"},\"url\":\"https:\\\/\\\/www.bbmnoticias.com\\\/labravaradiofm\\\/author\\\/redaccion\\\/\"}]}<\/script>\n<!-- \/ Yoast SEO plugin. -->","yoast_head_json":{"title":"Fiscal\u00eda de Oaxaca en colaboraci\u00f3n con Fiscal\u00eda CDMX detienen en Ciudad de M\u00e9xico a probable responsable de homicidio cometido en la Mixteca - LA BRAVA RADIO","robots":{"index":"index","follow":"follow","max-snippet":"max-snippet:-1","max-image-preview":"max-image-preview:large","max-video-preview":"max-video-preview:-1"},"canonical":"https:\/\/www.bbmnoticias.com\/fiscalia-de-oaxaca-en-colaboracion-con-fiscalia-cdmx-detienen-en-ciudad-de-mexico-a-probable-responsable-de-homicidio-cometido-en-la-mixteca\/","og_locale":"es_MX","og_type":"article","og_title":"Fiscal\u00eda de Oaxaca en colaboraci\u00f3n con Fiscal\u00eda CDMX detienen en Ciudad de M\u00e9xico a probable responsable de homicidio cometido en la Mixteca - LA BRAVA RADIO","og_description":"Oaxaca de Ju\u00e1rez, Oax.- La colaboraci\u00f3n interinstitucional en los trabajos de procuraci\u00f3n de justicia permiti\u00f3 que la Fiscal\u00eda General del Estado de Oaxaca (FGEO), en coordinaci\u00f3n con la Fiscal\u00eda General de Justicia de la Ciudad de M\u00e9xico, ejecutaran una orden de aprehensi\u00f3n en contra de un hombre identificado como V.B.M. o V.A.B.M., por su probable [&hellip;]","og_url":"https:\/\/www.bbmnoticias.com\/fiscalia-de-oaxaca-en-colaboracion-con-fiscalia-cdmx-detienen-en-ciudad-de-mexico-a-probable-responsable-de-homicidio-cometido-en-la-mixteca\/","og_site_name":"LA BRAVA RADIO","article_published_time":"2026-08-28T00:05:23+00:00","article_modified_time":"2026-08-28T00:05:25+00:00","og_image":[{"width":605,"height":482,"url":"https:\/\/www.bbmnoticias.com\/labravaradiofm\/wp-content\/uploads\/sites\/5\/2026\/08\/5444546.jpg","type":"image\/jpeg"}],"author":"Staff","twitter_card":"summary_large_image","twitter_misc":{"Escrito por":"Staff","Tiempo de lectura":"2 minutos"},"schema":{"@context":"https:\/\/schema.org","@graph":[{"@type":"Article","@id":"https:\/\/www.bbmnoticias.com\/fiscalia-de-oaxaca-en-colaboracion-con-fiscalia-cdmx-detienen-en-ciudad-de-mexico-a-probable-responsable-de-homicidio-cometido-en-la-mixteca\/#article","isPartOf":{"@id":"https:\/\/www.bbmnoticias.com\/labravaradiofm\/2026\/08\/27\/fiscalia-de-oaxaca-en-colaboracion-con-fiscalia-cdmx-detienen-en-ciudad-de-mexico-a-probable-responsable-de-homicidio-cometido-en-la-mixteca\/"},"author":{"name":"Staff","@id":"https:\/\/www.bbmnoticias.com\/labravaradiofm\/#\/schema\/person\/9eb037257fc48a09cdf31d9a2f45619f"},"headline":"Fiscal\u00eda de Oaxaca en colaboraci\u00f3n con Fiscal\u00eda CDMX detienen en Ciudad de M\u00e9xico a probable responsable de homicidio cometido en la Mixteca","datePublished":"2026-08-28T00:05:23+00:00","dateModified":"2026-08-28T00:05:25+00:00","mainEntityOfPage":{"@id":"https:\/\/www.bbmnoticias.com\/labravaradiofm\/2026\/08\/27\/fiscalia-de-oaxaca-en-colaboracion-con-fiscalia-cdmx-detienen-en-ciudad-de-mexico-a-probable-responsable-de-homicidio-cometido-en-la-mixteca\/"},"wordCount":426,"image":{"@id":"https:\/\/www.bbmnoticias.com\/fiscalia-de-oaxaca-en-colaboracion-con-fiscalia-cdmx-detienen-en-ciudad-de-mexico-a-probable-responsable-de-homicidio-cometido-en-la-mixteca\/#primaryimage"},"thumbnailUrl":"https:\/\/www.bbmnoticias.com\/labravaradiofm\/wp-content\/uploads\/sites\/5\/2026\/08\/5444546.jpg","articleSection":["LOCAL","POLICIACA"],"inLanguage":"es"},{"@type":"WebPage","@id":"https:\/\/www.bbmnoticias.com\/labravaradiofm\/2026\/08\/27\/fiscalia-de-oaxaca-en-colaboracion-con-fiscalia-cdmx-detienen-en-ciudad-de-mexico-a-probable-responsable-de-homicidio-cometido-en-la-mixteca\/","url":"https:\/\/www.bbmnoticias.com\/fiscalia-de-oaxaca-en-colaboracion-con-fiscalia-cdmx-detienen-en-ciudad-de-mexico-a-probable-responsable-de-homicidio-cometido-en-la-mixteca\/","name":"Fiscal\u00eda de Oaxaca en colaboraci\u00f3n con Fiscal\u00eda CDMX detienen en Ciudad de M\u00e9xico a probable responsable de homicidio cometido en la Mixteca - LA BRAVA RADIO","isPartOf":{"@id":"https:\/\/www.bbmnoticias.com\/labravaradiofm\/#website"},"primaryImageOfPage":{"@id":"https:\/\/www.bbmnoticias.com\/fiscalia-de-oaxaca-en-colaboracion-con-fiscalia-cdmx-detienen-en-ciudad-de-mexico-a-probable-responsable-de-homicidio-cometido-en-la-mixteca\/#primaryimage"},"image":{"@id":"https:\/\/www.bbmnoticias.com\/fiscalia-de-oaxaca-en-colaboracion-con-fiscalia-cdmx-detienen-en-ciudad-de-mexico-a-probable-responsable-de-homicidio-cometido-en-la-mixteca\/#primaryimage"},"thumbnailUrl":"https:\/\/www.bbmnoticias.com\/labravaradiofm\/wp-content\/uploads\/sites\/5\/2026\/08\/5444546.jpg","datePublished":"2026-08-28T00:05:23+00:00","dateModified":"2026-08-28T00:05:25+00:00","author":{"@id":"https:\/\/www.bbmnoticias.com\/labravaradiofm\/#\/schema\/person\/9eb037257fc48a09cdf31d9a2f45619f"},"breadcrumb":{"@id":"https:\/\/www.bbmnoticias.com\/fiscalia-de-oaxaca-en-colaboracion-con-fiscalia-cdmx-detienen-en-ciudad-de-mexico-a-probable-responsable-de-homicidio-cometido-en-la-mixteca\/#breadcrumb"},"inLanguage":"es","potentialAction":[{"@type":"ReadAction","target":["https:\/\/www.bbmnoticias.com\/fiscalia-de-oaxaca-en-colaboracion-con-fiscalia-cdmx-detienen-en-ciudad-de-mexico-a-probable-responsable-de-homicidio-cometido-en-la-mixteca\/"]}]},{"@type":"ImageObject","inLanguage":"es","@id":"https:\/\/www.bbmnoticias.com\/fiscalia-de-oaxaca-en-colaboracion-con-fiscalia-cdmx-detienen-en-ciudad-de-mexico-a-probable-responsable-de-homicidio-cometido-en-la-mixteca\/#primaryimage","url":"https:\/\/www.bbmnoticias.com\/labravaradiofm\/wp-content\/uploads\/sites\/5\/2026\/08\/5444546.jpg","contentUrl":"https:\/\/www.bbmnoticias.com\/labravaradiofm\/wp-content\/uploads\/sites\/5\/2026\/08\/5444546.jpg","width":605,"height":482},{"@type":"BreadcrumbList","@id":"https:\/\/www.bbmnoticias.com\/fiscalia-de-oaxaca-en-colaboracion-con-fiscalia-cdmx-detienen-en-ciudad-de-mexico-a-probable-responsable-de-homicidio-cometido-en-la-mixteca\/#breadcrumb","itemListElement":[{"@type":"ListItem","position":1,"name":"Inicio","item":"https:\/\/www.bbmnoticias.com\/labravaradiofm\/"},{"@type":"ListItem","position":2,"name":"Fiscal\u00eda de Oaxaca en colaboraci\u00f3n con Fiscal\u00eda CDMX detienen en Ciudad de M\u00e9xico a probable responsable de homicidio cometido en la Mixteca"}]},{"@type":"WebSite","@id":"https:\/\/www.bbmnoticias.com\/labravaradiofm\/#website","url":"https:\/\/www.bbmnoticias.com\/labravaradiofm\/","name":"LA BRAVA RADIO","description":"Empresa productora de medios, Radiodifusi\u00f3n, Noticias, tendencias y todo lo que necesitas saber de la pol\u00edtica mexicana e internacional; entretenimiento, espect\u00e1culos, salud y mucho m\u00e1s.","potentialAction":[{"@type":"SearchAction","target":{"@type":"EntryPoint","urlTemplate":"https:\/\/www.bbmnoticias.com\/labravaradiofm\/?s={search_term_string}"},"query-input":{"@type":"PropertyValueSpecification","valueRequired":true,"valueName":"search_term_string"}}],"inLanguage":"es"},{"@type":"Person","@id":"https:\/\/www.bbmnoticias.com\/labravaradiofm\/#\/schema\/person\/9eb037257fc48a09cdf31d9a2f45619f","name":"Staff","image":{"@type":"ImageObject","inLanguage":"es","@id":"https:\/\/secure.gravatar.com\/avatar\/fdd21ad66fd8b98c407f9dee5b5e588cfe7f0d8579ec20fa6527cd59bab7f0f0?s=96&d=mm&r=g","url":"https:\/\/secure.gravatar.com\/avatar\/fdd21ad66fd8b98c407f9dee5b5e588cfe7f0d8579ec20fa6527cd59bab7f0f0?s=96&d=mm&r=g","contentUrl":"https:\/\/secure.gravatar.com\/avatar\/fdd21ad66fd8b98c407f9dee5b5e588cfe7f0d8579ec20fa6527cd59bab7f0f0?s=96&d=mm&r=g","caption":"Staff"},"url":"https:\/\/www.bbmnoticias.com\/labravaradiofm\/author\/redaccion\/"}]}},"_links":{"self":[{"href":"https:\/\/www.bbmnoticias.com\/labravaradiofm\/wp-json\/wp\/v2\/posts\/81174","targetHints":{"allow":["GET"]}}],"collection":[{"href":"https:\/\/www.bbmnoticias.com\/labravaradiofm\/wp-json\/wp\/v2\/posts"}],"about":[{"href":"https:\/\/www.bbmnoticias.com\/labravaradiofm\/wp-json\/wp\/v2\/types\/post"}],"author":[{"embeddable":true,"href":"https:\/\/www.bbmnoticias.com\/labravaradiofm\/wp-json\/wp\/v2\/users\/2"}],"replies":[{"embeddable":true,"href":"https:\/\/www.bbmnoticias.com\/labravaradiofm\/wp-json\/wp\/v2\/comments?post=81174"}],"version-history":[{"count":1,"href":"https:\/\/www.bbmnoticias.com\/labravaradiofm\/wp-json\/wp\/v2\/posts\/81174\/revisions"}],"predecessor-version":[{"id":81175,"href":"https:\/\/www.bbmnoticias.com\/labravaradiofm\/wp-json\/wp\/v2\/posts\/81174\/revisions\/81175"}],"wp:featuredmedia":[{"embeddable":true,"href":"https:\/\/www.bbmnoticias.com\/labravaradiofm\/wp-json\/wp\/v2\/media\/81176"}],"wp:attachment":[{"href":"https:\/\/www.bbmnoticias.com\/labravaradiofm\/wp-json\/wp\/v2\/media?parent=81174"}],"wp:term":[{"taxonomy":"category","embeddable":true,"href":"https:\/\/www.bbmnoticias.com\/labravaradiofm\/wp-json\/wp\/v2\/categories?post=81174"},{"taxonomy":"post_tag","embeddable":true,"href":"https:\/\/www.bbmnoticias.com\/labravaradiofm\/wp-json\/wp\/v2\/tags?post=81174"}],"curies":[{"name":"wp","href":"https:\/\/api.w.org\/{rel}","templated":true}]}}