{"id":8117,"date":"2022-01-04T14:07:11","date_gmt":"2022-01-04T20:07:11","guid":{"rendered":"https:\/\/www.bbmnoticias.com\/labravaradiofm\/?p=8117"},"modified":"2022-01-04T14:07:12","modified_gmt":"2022-01-04T20:07:12","slug":"en-francia-encuentran-una-nueva-variante-del-covid-19","status":"publish","type":"post","link":"https:\/\/www.bbmnoticias.com\/labravaradiofm\/2022\/01\/04\/en-francia-encuentran-una-nueva-variante-del-covid-19\/","title":{"rendered":"En Francia encuentran una nueva variante del Covid-19"},"content":{"rendered":"<div style=\"margin-top: 0px; margin-bottom: 0px;\" class=\"sharethis-inline-share-buttons\" ><\/div>\n<p>En <strong>Francia<\/strong> encuentran una<strong> nueva variante del Covid-19,<\/strong> se llama <strong>IHU<\/strong>, de acuerdo con <strong>investigadores franceses<\/strong>, esta variante fue encontrada hace un par de semanas.<\/p>\n\n\n\n<p>De acuerdo con esta investigaci\u00f3n los primeros reportes de <strong>contagios <\/strong>de esta variante IHU, salieron de la <strong>Rep\u00fablica del Congo <\/strong>en septiembre.<\/p>\n\n\n\n<p>Fue el <strong>Instituto Hospitalario Universitario de Marsella<\/strong>, quien comunic\u00f3 el origen de este descubrimiento el 9 de diciembre de 2021 en su cuenta de Twitter, el cu\u00e1l fue bautizado con las siglas del instituto (<strong>IHU<\/strong>).<\/p>\n\n\n\n<p>La <strong>nueva variante<\/strong> est\u00e1 identificada como<strong> B.1.640.2 <\/strong>de la que se conoce todav\u00eda muy poco, esto teniendo en cuenta el <strong>limitado n\u00famero de casos registrados<\/strong>.<\/p>\n\n\n\n<p>Adem\u00e1s, ante la <strong>comunidad cient\u00edfica <\/strong>sigue pendiente la <strong>validaci\u00f3n por pares <\/strong>de este <strong>estudio<\/strong>.<\/p>\n\n\n\n<p><\/p>\n\n\n\n<figure class=\"wp-block-image size-large\"><img loading=\"lazy\" decoding=\"async\" width=\"1200\" height=\"794\" src=\"https:\/\/www.bbmnoticias.com\/labravaradiofm\/wp-content\/uploads\/sites\/5\/2022\/01\/variante-ihu-2.webp\" alt=\"\" class=\"wp-image-8119\" srcset=\"https:\/\/www.bbmnoticias.com\/labravaradiofm\/wp-content\/uploads\/sites\/5\/2022\/01\/variante-ihu-2.webp 1200w, https:\/\/www.bbmnoticias.com\/labravaradiofm\/wp-content\/uploads\/sites\/5\/2022\/01\/variante-ihu-2-300x199.webp 300w, https:\/\/www.bbmnoticias.com\/labravaradiofm\/wp-content\/uploads\/sites\/5\/2022\/01\/variante-ihu-2-1024x678.webp 1024w, https:\/\/www.bbmnoticias.com\/labravaradiofm\/wp-content\/uploads\/sites\/5\/2022\/01\/variante-ihu-2-768x508.webp 768w, https:\/\/www.bbmnoticias.com\/labravaradiofm\/wp-content\/uploads\/sites\/5\/2022\/01\/variante-ihu-2-635x420.webp 635w, https:\/\/www.bbmnoticias.com\/labravaradiofm\/wp-content\/uploads\/sites\/5\/2022\/01\/variante-ihu-2-640x423.webp 640w, https:\/\/www.bbmnoticias.com\/labravaradiofm\/wp-content\/uploads\/sites\/5\/2022\/01\/variante-ihu-2-681x451.webp 681w\" sizes=\"auto, (max-width: 1200px) 100vw, 1200px\" \/><\/figure>\n\n\n\n<h2 class=\"wp-block-heading\"><strong>Los primeros casos fueron identificados en la localidad de Forcalquier<\/strong><\/h2>\n\n\n\n<p>De acuerdo con el equipo de especialistas del Instituto Hospitalario Universitario de Marsella, creado y dirigido por el m\u00e9dico <strong>Didier Raoult<\/strong>.<\/p>\n\n\n\n<p>Los primeros casos fueron identificados en la <strong>localidad de Forcalquier<\/strong>, en el departamento de Alpes de Alta Provenza,<strong> Francia<\/strong>.<\/p>\n\n\n\n<h2 class=\"wp-block-heading\"><strong>La mayor\u00eda de casos de contagios de la nueva variante IHU proviene de Camer\u00fan<\/strong><\/h2>\n\n\n\n<p>Seg\u00fan este estudio, l<strong>a mayor\u00eda de casos de contagios de la nueva variante IHU<\/strong> en la regi\u00f3n de Marsella, provienen&nbsp;de viajes que hicieron al pa\u00eds de \u00c1frica central, <strong>Camer\u00fan<\/strong>.<\/p>\n\n\n\n<p>Por el momento no se tiene registro de que provenga de otro lugar.<\/p>\n\n\n\n<p><\/p>\n\n\n\n<figure class=\"wp-block-image size-large\"><img loading=\"lazy\" decoding=\"async\" width=\"1200\" height=\"792\" src=\"https:\/\/www.bbmnoticias.com\/labravaradiofm\/wp-content\/uploads\/sites\/5\/2022\/01\/variante-ihu-3.webp\" alt=\"\" class=\"wp-image-8120\" srcset=\"https:\/\/www.bbmnoticias.com\/labravaradiofm\/wp-content\/uploads\/sites\/5\/2022\/01\/variante-ihu-3.webp 1200w, https:\/\/www.bbmnoticias.com\/labravaradiofm\/wp-content\/uploads\/sites\/5\/2022\/01\/variante-ihu-3-300x198.webp 300w, https:\/\/www.bbmnoticias.com\/labravaradiofm\/wp-content\/uploads\/sites\/5\/2022\/01\/variante-ihu-3-1024x676.webp 1024w, https:\/\/www.bbmnoticias.com\/labravaradiofm\/wp-content\/uploads\/sites\/5\/2022\/01\/variante-ihu-3-768x507.webp 768w, https:\/\/www.bbmnoticias.com\/labravaradiofm\/wp-content\/uploads\/sites\/5\/2022\/01\/variante-ihu-3-636x420.webp 636w, https:\/\/www.bbmnoticias.com\/labravaradiofm\/wp-content\/uploads\/sites\/5\/2022\/01\/variante-ihu-3-640x422.webp 640w, https:\/\/www.bbmnoticias.com\/labravaradiofm\/wp-content\/uploads\/sites\/5\/2022\/01\/variante-ihu-3-681x449.webp 681w\" sizes=\"auto, (max-width: 1200px) 100vw, 1200px\" \/><\/figure>\n\n\n\n<h2 class=\"wp-block-heading\"><strong>IHU tiene m\u00e1s mutaciones que \u00d3micron<\/strong><\/h2>\n\n\n\n<p>Dentro de los descubrimientos cient\u00edficos, cabe destacar que <strong>se detect\u00f3 que IHU tiene m\u00e1s mutaciones que la variante de \u00d3micron<\/strong>.<\/p>\n\n\n\n<p>Porque a IHU hasta ahora se le han detectado <strong>46 mutaciones<\/strong>, as\u00ed como ser una de las dos derivadas de la <strong>B.1.640<\/strong>, que se hab\u00eda localizado a finales de septiembre en la <strong>Rep\u00fablica del Congo<\/strong>.<\/p>\n\n\n\n<p>Adicionalmente, un elemento peculiar de la <strong>variante IHU<\/strong>, es que una de sus mutaciones se asocia con un posible aumento de la <strong>transmisi\u00f3n <\/strong>del virus.<\/p>\n\n\n\n<p>Aunque a\u00fan se desconoce a qu\u00e9<strong> velocidad <\/strong>podr\u00eda ser este aumento de transmisi\u00f3n, s\u00f3lo cabe recordar que de \u00d3micron, se sigue sin saber con certeza la velocidad con la que se transmite.<\/p>\n\n\n\n<p>Por lo que a\u00fan no se puede saber si esta nueva variante IHU sea <strong>m\u00e1s contagiosa y r\u00e1pida <\/strong>que \u00d3micron, la cual ya ha tocado las se\u00f1ales de alarma en el mundo.<\/p>\n\n\n\n<p>Con informaci\u00f3n de EFE<\/p>\n","protected":false},"excerpt":{"rendered":"<p>En Francia encuentran una nueva variante del Covid-19, se llama IHU, de acuerdo con investigadores franceses, esta variante fue encontrada hace un par de semanas. De acuerdo con esta investigaci\u00f3n los primeros reportes de contagios de esta variante IHU, salieron de la Rep\u00fablica del Congo en septiembre. Fue el Instituto Hospitalario Universitario de Marsella, quien [&hellip;]<\/p>\n","protected":false},"author":4,"featured_media":8118,"comment_status":"closed","ping_status":"closed","sticky":false,"template":"","format":"standard","meta":{"footnotes":""},"categories":[1],"tags":[],"class_list":{"0":"post-8117","1":"post","2":"type-post","3":"status-publish","4":"format-standard","5":"has-post-thumbnail","7":"category-sin-categoria"},"yoast_head":"<!-- This site is optimized with the Yoast SEO plugin v27.4 - https:\/\/yoast.com\/product\/yoast-seo-wordpress\/ -->\n<title>En Francia encuentran una nueva variante del Covid-19 - LA BRAVA RADIO<\/title>\n<meta name=\"robots\" content=\"index, follow, max-snippet:-1, max-image-preview:large, max-video-preview:-1\" \/>\n<link rel=\"canonical\" href=\"https:\/\/www.bbmnoticias.com\/labravaradiofm\/2022\/01\/04\/en-francia-encuentran-una-nueva-variante-del-covid-19\/\" \/>\n<meta property=\"og:locale\" content=\"es_MX\" \/>\n<meta property=\"og:type\" content=\"article\" \/>\n<meta property=\"og:title\" content=\"En Francia encuentran una nueva variante del Covid-19 - LA BRAVA RADIO\" \/>\n<meta property=\"og:description\" content=\"En Francia encuentran una nueva variante del Covid-19, se llama IHU, de acuerdo con investigadores franceses, esta variante fue encontrada hace un par de semanas. De acuerdo con esta investigaci\u00f3n los primeros reportes de contagios de esta variante IHU, salieron de la Rep\u00fablica del Congo en septiembre. Fue el Instituto Hospitalario Universitario de Marsella, quien [&hellip;]\" \/>\n<meta property=\"og:url\" content=\"https:\/\/www.bbmnoticias.com\/labravaradiofm\/2022\/01\/04\/en-francia-encuentran-una-nueva-variante-del-covid-19\/\" \/>\n<meta property=\"og:site_name\" content=\"LA BRAVA RADIO\" \/>\n<meta property=\"article:published_time\" content=\"2022-01-04T20:07:11+00:00\" \/>\n<meta property=\"article:modified_time\" content=\"2022-01-04T20:07:12+00:00\" \/>\n<meta property=\"og:image\" content=\"https:\/\/www.bbmnoticias.com\/labravaradiofm\/wp-content\/uploads\/sites\/5\/2022\/01\/variante-ihu.jpg\" \/>\n\t<meta property=\"og:image:width\" content=\"640\" \/>\n\t<meta property=\"og:image:height\" content=\"360\" \/>\n\t<meta property=\"og:image:type\" content=\"image\/jpeg\" \/>\n<meta name=\"author\" content=\"Agencias\" \/>\n<meta name=\"twitter:card\" content=\"summary_large_image\" \/>\n<meta name=\"twitter:label1\" content=\"Escrito por\" \/>\n\t<meta name=\"twitter:data1\" content=\"Agencias\" \/>\n\t<meta name=\"twitter:label2\" content=\"Tiempo de lectura\" \/>\n\t<meta name=\"twitter:data2\" content=\"3 minutos\" \/>\n<script type=\"application\/ld+json\" class=\"yoast-schema-graph\">{\"@context\":\"https:\\\/\\\/schema.org\",\"@graph\":[{\"@type\":\"Article\",\"@id\":\"https:\\\/\\\/www.bbmnoticias.com\\\/labravaradiofm\\\/2022\\\/01\\\/04\\\/en-francia-encuentran-una-nueva-variante-del-covid-19\\\/#article\",\"isPartOf\":{\"@id\":\"https:\\\/\\\/www.bbmnoticias.com\\\/labravaradiofm\\\/2022\\\/01\\\/04\\\/en-francia-encuentran-una-nueva-variante-del-covid-19\\\/\"},\"author\":{\"name\":\"Agencias\",\"@id\":\"https:\\\/\\\/www.bbmnoticias.com\\\/labravaradiofm\\\/#\\\/schema\\\/person\\\/000bdaf0a8fb5bff0d537c4d0778e33f\"},\"headline\":\"En Francia encuentran una nueva variante del Covid-19\",\"datePublished\":\"2022-01-04T20:07:11+00:00\",\"dateModified\":\"2022-01-04T20:07:12+00:00\",\"mainEntityOfPage\":{\"@id\":\"https:\\\/\\\/www.bbmnoticias.com\\\/labravaradiofm\\\/2022\\\/01\\\/04\\\/en-francia-encuentran-una-nueva-variante-del-covid-19\\\/\"},\"wordCount\":419,\"image\":{\"@id\":\"https:\\\/\\\/www.bbmnoticias.com\\\/labravaradiofm\\\/2022\\\/01\\\/04\\\/en-francia-encuentran-una-nueva-variante-del-covid-19\\\/#primaryimage\"},\"thumbnailUrl\":\"https:\\\/\\\/www.bbmnoticias.com\\\/labravaradiofm\\\/wp-content\\\/uploads\\\/sites\\\/5\\\/2022\\\/01\\\/variante-ihu.jpg\",\"inLanguage\":\"es\"},{\"@type\":\"WebPage\",\"@id\":\"https:\\\/\\\/www.bbmnoticias.com\\\/labravaradiofm\\\/2022\\\/01\\\/04\\\/en-francia-encuentran-una-nueva-variante-del-covid-19\\\/\",\"url\":\"https:\\\/\\\/www.bbmnoticias.com\\\/labravaradiofm\\\/2022\\\/01\\\/04\\\/en-francia-encuentran-una-nueva-variante-del-covid-19\\\/\",\"name\":\"En Francia encuentran una nueva variante del Covid-19 - LA BRAVA RADIO\",\"isPartOf\":{\"@id\":\"https:\\\/\\\/www.bbmnoticias.com\\\/labravaradiofm\\\/#website\"},\"primaryImageOfPage\":{\"@id\":\"https:\\\/\\\/www.bbmnoticias.com\\\/labravaradiofm\\\/2022\\\/01\\\/04\\\/en-francia-encuentran-una-nueva-variante-del-covid-19\\\/#primaryimage\"},\"image\":{\"@id\":\"https:\\\/\\\/www.bbmnoticias.com\\\/labravaradiofm\\\/2022\\\/01\\\/04\\\/en-francia-encuentran-una-nueva-variante-del-covid-19\\\/#primaryimage\"},\"thumbnailUrl\":\"https:\\\/\\\/www.bbmnoticias.com\\\/labravaradiofm\\\/wp-content\\\/uploads\\\/sites\\\/5\\\/2022\\\/01\\\/variante-ihu.jpg\",\"datePublished\":\"2022-01-04T20:07:11+00:00\",\"dateModified\":\"2022-01-04T20:07:12+00:00\",\"author\":{\"@id\":\"https:\\\/\\\/www.bbmnoticias.com\\\/labravaradiofm\\\/#\\\/schema\\\/person\\\/000bdaf0a8fb5bff0d537c4d0778e33f\"},\"breadcrumb\":{\"@id\":\"https:\\\/\\\/www.bbmnoticias.com\\\/labravaradiofm\\\/2022\\\/01\\\/04\\\/en-francia-encuentran-una-nueva-variante-del-covid-19\\\/#breadcrumb\"},\"inLanguage\":\"es\",\"potentialAction\":[{\"@type\":\"ReadAction\",\"target\":[\"https:\\\/\\\/www.bbmnoticias.com\\\/labravaradiofm\\\/2022\\\/01\\\/04\\\/en-francia-encuentran-una-nueva-variante-del-covid-19\\\/\"]}]},{\"@type\":\"ImageObject\",\"inLanguage\":\"es\",\"@id\":\"https:\\\/\\\/www.bbmnoticias.com\\\/labravaradiofm\\\/2022\\\/01\\\/04\\\/en-francia-encuentran-una-nueva-variante-del-covid-19\\\/#primaryimage\",\"url\":\"https:\\\/\\\/www.bbmnoticias.com\\\/labravaradiofm\\\/wp-content\\\/uploads\\\/sites\\\/5\\\/2022\\\/01\\\/variante-ihu.jpg\",\"contentUrl\":\"https:\\\/\\\/www.bbmnoticias.com\\\/labravaradiofm\\\/wp-content\\\/uploads\\\/sites\\\/5\\\/2022\\\/01\\\/variante-ihu.jpg\",\"width\":640,\"height\":360},{\"@type\":\"BreadcrumbList\",\"@id\":\"https:\\\/\\\/www.bbmnoticias.com\\\/labravaradiofm\\\/2022\\\/01\\\/04\\\/en-francia-encuentran-una-nueva-variante-del-covid-19\\\/#breadcrumb\",\"itemListElement\":[{\"@type\":\"ListItem\",\"position\":1,\"name\":\"Inicio\",\"item\":\"https:\\\/\\\/www.bbmnoticias.com\\\/labravaradiofm\\\/\"},{\"@type\":\"ListItem\",\"position\":2,\"name\":\"En Francia encuentran una nueva variante del Covid-19\"}]},{\"@type\":\"WebSite\",\"@id\":\"https:\\\/\\\/www.bbmnoticias.com\\\/labravaradiofm\\\/#website\",\"url\":\"https:\\\/\\\/www.bbmnoticias.com\\\/labravaradiofm\\\/\",\"name\":\"LA BRAVA RADIO\",\"description\":\"Empresa productora de medios, Radiodifusi\u00f3n, Noticias, tendencias y todo lo que necesitas saber de la pol\u00edtica mexicana e internacional; entretenimiento, espect\u00e1culos, salud y mucho m\u00e1s.\",\"potentialAction\":[{\"@type\":\"SearchAction\",\"target\":{\"@type\":\"EntryPoint\",\"urlTemplate\":\"https:\\\/\\\/www.bbmnoticias.com\\\/labravaradiofm\\\/?s={search_term_string}\"},\"query-input\":{\"@type\":\"PropertyValueSpecification\",\"valueRequired\":true,\"valueName\":\"search_term_string\"}}],\"inLanguage\":\"es\"},{\"@type\":\"Person\",\"@id\":\"https:\\\/\\\/www.bbmnoticias.com\\\/labravaradiofm\\\/#\\\/schema\\\/person\\\/000bdaf0a8fb5bff0d537c4d0778e33f\",\"name\":\"Agencias\",\"image\":{\"@type\":\"ImageObject\",\"inLanguage\":\"es\",\"@id\":\"https:\\\/\\\/secure.gravatar.com\\\/avatar\\\/739e0b61adf9e398b425c36718c8752286da0e8cd90f20ce9a86678abc26aa0d?s=96&d=mm&r=g\",\"url\":\"https:\\\/\\\/secure.gravatar.com\\\/avatar\\\/739e0b61adf9e398b425c36718c8752286da0e8cd90f20ce9a86678abc26aa0d?s=96&d=mm&r=g\",\"contentUrl\":\"https:\\\/\\\/secure.gravatar.com\\\/avatar\\\/739e0b61adf9e398b425c36718c8752286da0e8cd90f20ce9a86678abc26aa0d?s=96&d=mm&r=g\",\"caption\":\"Agencias\"},\"url\":\"https:\\\/\\\/www.bbmnoticias.com\\\/labravaradiofm\\\/author\\\/agencias\\\/\"}]}<\/script>\n<!-- \/ Yoast SEO plugin. -->","yoast_head_json":{"title":"En Francia encuentran una nueva variante del Covid-19 - LA BRAVA RADIO","robots":{"index":"index","follow":"follow","max-snippet":"max-snippet:-1","max-image-preview":"max-image-preview:large","max-video-preview":"max-video-preview:-1"},"canonical":"https:\/\/www.bbmnoticias.com\/labravaradiofm\/2022\/01\/04\/en-francia-encuentran-una-nueva-variante-del-covid-19\/","og_locale":"es_MX","og_type":"article","og_title":"En Francia encuentran una nueva variante del Covid-19 - LA BRAVA RADIO","og_description":"En Francia encuentran una nueva variante del Covid-19, se llama IHU, de acuerdo con investigadores franceses, esta variante fue encontrada hace un par de semanas. De acuerdo con esta investigaci\u00f3n los primeros reportes de contagios de esta variante IHU, salieron de la Rep\u00fablica del Congo en septiembre. Fue el Instituto Hospitalario Universitario de Marsella, quien [&hellip;]","og_url":"https:\/\/www.bbmnoticias.com\/labravaradiofm\/2022\/01\/04\/en-francia-encuentran-una-nueva-variante-del-covid-19\/","og_site_name":"LA BRAVA RADIO","article_published_time":"2022-01-04T20:07:11+00:00","article_modified_time":"2022-01-04T20:07:12+00:00","og_image":[{"width":640,"height":360,"url":"https:\/\/www.bbmnoticias.com\/labravaradiofm\/wp-content\/uploads\/sites\/5\/2022\/01\/variante-ihu.jpg","type":"image\/jpeg"}],"author":"Agencias","twitter_card":"summary_large_image","twitter_misc":{"Escrito por":"Agencias","Tiempo de lectura":"3 minutos"},"schema":{"@context":"https:\/\/schema.org","@graph":[{"@type":"Article","@id":"https:\/\/www.bbmnoticias.com\/labravaradiofm\/2022\/01\/04\/en-francia-encuentran-una-nueva-variante-del-covid-19\/#article","isPartOf":{"@id":"https:\/\/www.bbmnoticias.com\/labravaradiofm\/2022\/01\/04\/en-francia-encuentran-una-nueva-variante-del-covid-19\/"},"author":{"name":"Agencias","@id":"https:\/\/www.bbmnoticias.com\/labravaradiofm\/#\/schema\/person\/000bdaf0a8fb5bff0d537c4d0778e33f"},"headline":"En Francia encuentran una nueva variante del Covid-19","datePublished":"2022-01-04T20:07:11+00:00","dateModified":"2022-01-04T20:07:12+00:00","mainEntityOfPage":{"@id":"https:\/\/www.bbmnoticias.com\/labravaradiofm\/2022\/01\/04\/en-francia-encuentran-una-nueva-variante-del-covid-19\/"},"wordCount":419,"image":{"@id":"https:\/\/www.bbmnoticias.com\/labravaradiofm\/2022\/01\/04\/en-francia-encuentran-una-nueva-variante-del-covid-19\/#primaryimage"},"thumbnailUrl":"https:\/\/www.bbmnoticias.com\/labravaradiofm\/wp-content\/uploads\/sites\/5\/2022\/01\/variante-ihu.jpg","inLanguage":"es"},{"@type":"WebPage","@id":"https:\/\/www.bbmnoticias.com\/labravaradiofm\/2022\/01\/04\/en-francia-encuentran-una-nueva-variante-del-covid-19\/","url":"https:\/\/www.bbmnoticias.com\/labravaradiofm\/2022\/01\/04\/en-francia-encuentran-una-nueva-variante-del-covid-19\/","name":"En Francia encuentran una nueva variante del Covid-19 - LA BRAVA RADIO","isPartOf":{"@id":"https:\/\/www.bbmnoticias.com\/labravaradiofm\/#website"},"primaryImageOfPage":{"@id":"https:\/\/www.bbmnoticias.com\/labravaradiofm\/2022\/01\/04\/en-francia-encuentran-una-nueva-variante-del-covid-19\/#primaryimage"},"image":{"@id":"https:\/\/www.bbmnoticias.com\/labravaradiofm\/2022\/01\/04\/en-francia-encuentran-una-nueva-variante-del-covid-19\/#primaryimage"},"thumbnailUrl":"https:\/\/www.bbmnoticias.com\/labravaradiofm\/wp-content\/uploads\/sites\/5\/2022\/01\/variante-ihu.jpg","datePublished":"2022-01-04T20:07:11+00:00","dateModified":"2022-01-04T20:07:12+00:00","author":{"@id":"https:\/\/www.bbmnoticias.com\/labravaradiofm\/#\/schema\/person\/000bdaf0a8fb5bff0d537c4d0778e33f"},"breadcrumb":{"@id":"https:\/\/www.bbmnoticias.com\/labravaradiofm\/2022\/01\/04\/en-francia-encuentran-una-nueva-variante-del-covid-19\/#breadcrumb"},"inLanguage":"es","potentialAction":[{"@type":"ReadAction","target":["https:\/\/www.bbmnoticias.com\/labravaradiofm\/2022\/01\/04\/en-francia-encuentran-una-nueva-variante-del-covid-19\/"]}]},{"@type":"ImageObject","inLanguage":"es","@id":"https:\/\/www.bbmnoticias.com\/labravaradiofm\/2022\/01\/04\/en-francia-encuentran-una-nueva-variante-del-covid-19\/#primaryimage","url":"https:\/\/www.bbmnoticias.com\/labravaradiofm\/wp-content\/uploads\/sites\/5\/2022\/01\/variante-ihu.jpg","contentUrl":"https:\/\/www.bbmnoticias.com\/labravaradiofm\/wp-content\/uploads\/sites\/5\/2022\/01\/variante-ihu.jpg","width":640,"height":360},{"@type":"BreadcrumbList","@id":"https:\/\/www.bbmnoticias.com\/labravaradiofm\/2022\/01\/04\/en-francia-encuentran-una-nueva-variante-del-covid-19\/#breadcrumb","itemListElement":[{"@type":"ListItem","position":1,"name":"Inicio","item":"https:\/\/www.bbmnoticias.com\/labravaradiofm\/"},{"@type":"ListItem","position":2,"name":"En Francia encuentran una nueva variante del Covid-19"}]},{"@type":"WebSite","@id":"https:\/\/www.bbmnoticias.com\/labravaradiofm\/#website","url":"https:\/\/www.bbmnoticias.com\/labravaradiofm\/","name":"LA BRAVA RADIO","description":"Empresa productora de medios, Radiodifusi\u00f3n, Noticias, tendencias y todo lo que necesitas saber de la pol\u00edtica mexicana e internacional; entretenimiento, espect\u00e1culos, salud y mucho m\u00e1s.","potentialAction":[{"@type":"SearchAction","target":{"@type":"EntryPoint","urlTemplate":"https:\/\/www.bbmnoticias.com\/labravaradiofm\/?s={search_term_string}"},"query-input":{"@type":"PropertyValueSpecification","valueRequired":true,"valueName":"search_term_string"}}],"inLanguage":"es"},{"@type":"Person","@id":"https:\/\/www.bbmnoticias.com\/labravaradiofm\/#\/schema\/person\/000bdaf0a8fb5bff0d537c4d0778e33f","name":"Agencias","image":{"@type":"ImageObject","inLanguage":"es","@id":"https:\/\/secure.gravatar.com\/avatar\/739e0b61adf9e398b425c36718c8752286da0e8cd90f20ce9a86678abc26aa0d?s=96&d=mm&r=g","url":"https:\/\/secure.gravatar.com\/avatar\/739e0b61adf9e398b425c36718c8752286da0e8cd90f20ce9a86678abc26aa0d?s=96&d=mm&r=g","contentUrl":"https:\/\/secure.gravatar.com\/avatar\/739e0b61adf9e398b425c36718c8752286da0e8cd90f20ce9a86678abc26aa0d?s=96&d=mm&r=g","caption":"Agencias"},"url":"https:\/\/www.bbmnoticias.com\/labravaradiofm\/author\/agencias\/"}]}},"_links":{"self":[{"href":"https:\/\/www.bbmnoticias.com\/labravaradiofm\/wp-json\/wp\/v2\/posts\/8117","targetHints":{"allow":["GET"]}}],"collection":[{"href":"https:\/\/www.bbmnoticias.com\/labravaradiofm\/wp-json\/wp\/v2\/posts"}],"about":[{"href":"https:\/\/www.bbmnoticias.com\/labravaradiofm\/wp-json\/wp\/v2\/types\/post"}],"author":[{"embeddable":true,"href":"https:\/\/www.bbmnoticias.com\/labravaradiofm\/wp-json\/wp\/v2\/users\/4"}],"replies":[{"embeddable":true,"href":"https:\/\/www.bbmnoticias.com\/labravaradiofm\/wp-json\/wp\/v2\/comments?post=8117"}],"version-history":[{"count":0,"href":"https:\/\/www.bbmnoticias.com\/labravaradiofm\/wp-json\/wp\/v2\/posts\/8117\/revisions"}],"wp:featuredmedia":[{"embeddable":true,"href":"https:\/\/www.bbmnoticias.com\/labravaradiofm\/wp-json\/wp\/v2\/media\/8118"}],"wp:attachment":[{"href":"https:\/\/www.bbmnoticias.com\/labravaradiofm\/wp-json\/wp\/v2\/media?parent=8117"}],"wp:term":[{"taxonomy":"category","embeddable":true,"href":"https:\/\/www.bbmnoticias.com\/labravaradiofm\/wp-json\/wp\/v2\/categories?post=8117"},{"taxonomy":"post_tag","embeddable":true,"href":"https:\/\/www.bbmnoticias.com\/labravaradiofm\/wp-json\/wp\/v2\/tags?post=8117"}],"curies":[{"name":"wp","href":"https:\/\/api.w.org\/{rel}","templated":true}]}}