{"id":81168,"date":"2026-08-27T14:53:03","date_gmt":"2026-08-27T20:53:03","guid":{"rendered":"https:\/\/www.bbmnoticias.com\/labravaradiofm\/2026\/08\/27\/rumores-y-mas-rumores-pedro-botero\/"},"modified":"2026-08-27T14:53:06","modified_gmt":"2026-08-27T20:53:06","slug":"rumores-y-mas-rumores-pedro-botero","status":"publish","type":"post","link":"https:\/\/www.bbmnoticias.com\/labravaradiofm\/2026\/08\/27\/rumores-y-mas-rumores-pedro-botero\/","title":{"rendered":"Rumores y m\u00e1s rumores &#8211; Pedro Botero"},"content":{"rendered":"\n<p class=\"wp-block-paragraph\">La sucesi\u00f3n de Oaxaca pasa por las <strong>coordenadas de palacio nacional, Rocha Moya, el rancho la chingada, Ad\u00e1n y Andy.<\/strong> Ante el <strong>fortalecimiento<\/strong> de la presidenta Claudia Sheinbum&nbsp; la sucesi\u00f3n pasar\u00e1 por su <strong>escritorio<\/strong> y por su decisi\u00f3n.&nbsp;&nbsp;&nbsp;<\/p>\n\n\n\n<p class=\"wp-block-paragraph\">Aqu\u00ed, all\u00e1 y acull\u00e1 tenemos <strong>rumores relacionados con la sucesi\u00f3n en Oaxaca<\/strong>. A diferencia de otros sexenios, con Morena, el proceso de la sucesi\u00f3n se <strong>adelant\u00f3 dos a\u00f1os antes<\/strong>, y con ello el <strong>golpeteo<\/strong> entre los grupos de poder de la entidad.&nbsp;&nbsp;<\/p>\n\n\n\n<p class=\"wp-block-paragraph\">La batalla de los grupos cruza por el <strong>fortalecimiento de la presidenta y el debilitamiento del grupo Tabasco<\/strong> y sus ansias de poder por arriba de la mandataria.&nbsp;&nbsp;<\/p>\n\n\n\n<p class=\"wp-block-paragraph\">Ante la situaci\u00f3n que vive la presidenta, <strong>grupos de poder en Oaxaca<\/strong>, intentan adelantar la sucesi\u00f3n en la entidad y <strong>marcar agenda al mismo gobernador del estado Salom\u00f3n Jara.&nbsp;<\/strong>&nbsp;<\/p>\n\n\n\n<p class=\"wp-block-paragraph\"><strong>Ex gobernadores desde Heladio Ram\u00edrez, pasando por Jos\u00e9 Murat, Ulises Ruiz y Alejandro Murat,<\/strong> mueven sus fichas en el tablero oaxaque\u00f1o.&nbsp; Muy inquietos todos.&nbsp;&nbsp;<\/p>\n\n\n\n<p class=\"wp-block-paragraph\">Los rumores van y vienen. <strong>DE boca en boca de caf\u00e9 en caf\u00e9 y de bar en bar.<\/strong>&nbsp;&nbsp;<\/p>\n\n\n\n<p class=\"wp-block-paragraph\"><em>&#8211;\u201cYa sabes del pacto entre Los Murat y Luisa Cort\u00e9s\u2026ella a la de \u201cdos a\u00f1os\u201d e Ivett Mor\u00e1n&nbsp; a la municipal y de all\u00ed en el 2028 a la gubernatura\u201d<\/em> . se escucha por doquier.&nbsp;<\/p>\n\n\n\n<p class=\"wp-block-paragraph\"><em>&#8212; \u201cQue en la pasada visita a Oaxaca de la presidenta Claudia Sheimbaun sent\u00f3 a Alejandro y a Salom\u00f3n y les dijo, p\u00f3nganse de acuerdo y cada uno pone a la mitad de los legisladores y de las municipales\u201d<\/em>, repiten una y otra vez aqu\u00ed all\u00e1 y acull\u00e1.&nbsp;&nbsp;<\/p>\n\n\n\n<p class=\"wp-block-paragraph\"><strong>Una idea que se repite tantas veces que pareciera un clich\u00e9 muy bien ensa\u00f1ado<\/strong>. En fin, los tiempos se acercan y los rumores aumentar\u00e1n.&nbsp;&nbsp;<\/p>\n\n\n\n<p class=\"wp-block-paragraph\">Por hoy es tocho. Recuerden, cuando el B\u00faho canta el indio muere. <strong>Pd. &#8211;&nbsp; Desarticulan c\u00e1rtel!!!&#8230; La estructura delictiva de la ASEO, vinculada a ACTIVIDADES ILICITAS QUED\u00d3 DESARTICULADA<\/strong>.&nbsp; El operativo que reuni\u00f3 a m\u00e1s de 300 elementos de distintas corporaciones Federales y Estatales. Los inmuebles intervenidos se ubican en diferentes puntos de la zona metropolitana de Oaxaca: Pueblo Nuevo, Viguera, el fraccionamiento La Esmeralda en San Pablo Etla, y Santa Cruz Xoxocotl\u00e1n.&nbsp;<\/p>\n\n\n\n<p class=\"wp-block-paragraph\">Escuchamos en noticieros BBM de lunes a viernes de 06:00 a 09:00 hrs en el 106.5 FM LA BRAVA y en Facebook Bbmnoticias Oaxaca&nbsp;&nbsp;<\/p>\n","protected":false},"excerpt":{"rendered":"<p>La sucesi\u00f3n de Oaxaca pasa por las coordenadas de palacio nacional, Rocha Moya, el rancho la chingada, Ad\u00e1n y Andy. Ante el fortalecimiento de la presidenta Claudia Sheinbum&nbsp; la sucesi\u00f3n pasar\u00e1 por su escritorio y por su decisi\u00f3n.&nbsp;&nbsp;&nbsp; Aqu\u00ed, all\u00e1 y acull\u00e1 tenemos rumores relacionados con la sucesi\u00f3n en Oaxaca. A diferencia de otros sexenios, [&hellip;]<\/p>\n","protected":false},"author":18,"featured_media":81170,"comment_status":"closed","ping_status":"open","sticky":false,"template":"","format":"standard","meta":{"footnotes":""},"categories":[950,2],"tags":[],"class_list":["post-81168","post","type-post","status-publish","format-standard","has-post-thumbnail","hentry","category-el-canto-del-buho","category-oaxaca"],"yoast_head":"<!-- This site is optimized with the Yoast SEO plugin v28.1 - https:\/\/yoast.com\/product\/yoast-seo-wordpress\/ -->\n<title>Rumores y m\u00e1s rumores - Pedro Botero - LA BRAVA RADIO<\/title>\n<meta name=\"robots\" content=\"index, follow, max-snippet:-1, max-image-preview:large, max-video-preview:-1\" \/>\n<link rel=\"canonical\" href=\"https:\/\/www.bbmnoticias.com\/rumores-y-mas-rumores-pedro-botero\/\" \/>\n<meta property=\"og:locale\" content=\"es_MX\" \/>\n<meta property=\"og:type\" content=\"article\" \/>\n<meta property=\"og:title\" content=\"Rumores y m\u00e1s rumores - Pedro Botero - LA BRAVA RADIO\" \/>\n<meta property=\"og:description\" content=\"La sucesi\u00f3n de Oaxaca pasa por las coordenadas de palacio nacional, Rocha Moya, el rancho la chingada, Ad\u00e1n y Andy. Ante el fortalecimiento de la presidenta Claudia Sheinbum&nbsp; la sucesi\u00f3n pasar\u00e1 por su escritorio y por su decisi\u00f3n.&nbsp;&nbsp;&nbsp; Aqu\u00ed, all\u00e1 y acull\u00e1 tenemos rumores relacionados con la sucesi\u00f3n en Oaxaca. A diferencia de otros sexenios, [&hellip;]\" \/>\n<meta property=\"og:url\" content=\"https:\/\/www.bbmnoticias.com\/rumores-y-mas-rumores-pedro-botero\/\" \/>\n<meta property=\"og:site_name\" content=\"LA BRAVA RADIO\" \/>\n<meta property=\"article:published_time\" content=\"2026-08-27T20:53:03+00:00\" \/>\n<meta property=\"article:modified_time\" content=\"2026-08-27T20:53:06+00:00\" \/>\n<meta property=\"og:image\" content=\"https:\/\/www.bbmnoticias.com\/labravaradiofm\/wp-content\/uploads\/sites\/5\/2026\/08\/elcanto27082026.jpg\" \/>\n\t<meta property=\"og:image:width\" content=\"750\" \/>\n\t<meta property=\"og:image:height\" content=\"415\" \/>\n\t<meta property=\"og:image:type\" content=\"image\/jpeg\" \/>\n<meta name=\"author\" content=\"Pedro Botero\" \/>\n<meta name=\"twitter:card\" content=\"summary_large_image\" \/>\n<meta name=\"twitter:label1\" content=\"Escrito por\" \/>\n\t<meta name=\"twitter:data1\" content=\"Pedro Botero\" \/>\n\t<meta name=\"twitter:label2\" content=\"Tiempo de lectura\" \/>\n\t<meta name=\"twitter:data2\" content=\"2 minutos\" \/>\n<script type=\"application\/ld+json\" class=\"yoast-schema-graph\">{\"@context\":\"https:\\\/\\\/schema.org\",\"@graph\":[{\"@type\":\"Article\",\"@id\":\"https:\\\/\\\/www.bbmnoticias.com\\\/rumores-y-mas-rumores-pedro-botero\\\/#article\",\"isPartOf\":{\"@id\":\"https:\\\/\\\/www.bbmnoticias.com\\\/labravaradiofm\\\/2026\\\/08\\\/27\\\/rumores-y-mas-rumores-pedro-botero\\\/\"},\"author\":{\"name\":\"Pedro Botero\",\"@id\":\"https:\\\/\\\/www.bbmnoticias.com\\\/labravaradiofm\\\/#\\\/schema\\\/person\\\/c841a04cc29e321ddfd55b1146c65c11\"},\"headline\":\"Rumores y m\u00e1s rumores &#8211; Pedro Botero\",\"datePublished\":\"2026-08-27T20:53:03+00:00\",\"dateModified\":\"2026-08-27T20:53:06+00:00\",\"mainEntityOfPage\":{\"@id\":\"https:\\\/\\\/www.bbmnoticias.com\\\/labravaradiofm\\\/2026\\\/08\\\/27\\\/rumores-y-mas-rumores-pedro-botero\\\/\"},\"wordCount\":435,\"image\":{\"@id\":\"https:\\\/\\\/www.bbmnoticias.com\\\/rumores-y-mas-rumores-pedro-botero\\\/#primaryimage\"},\"thumbnailUrl\":\"https:\\\/\\\/www.bbmnoticias.com\\\/labravaradiofm\\\/wp-content\\\/uploads\\\/sites\\\/5\\\/2026\\\/08\\\/elcanto27082026.jpg\",\"articleSection\":[\"EL CANTO DEL B\u00daHO\",\"LOCAL\"],\"inLanguage\":\"es\"},{\"@type\":\"WebPage\",\"@id\":\"https:\\\/\\\/www.bbmnoticias.com\\\/labravaradiofm\\\/2026\\\/08\\\/27\\\/rumores-y-mas-rumores-pedro-botero\\\/\",\"url\":\"https:\\\/\\\/www.bbmnoticias.com\\\/rumores-y-mas-rumores-pedro-botero\\\/\",\"name\":\"Rumores y m\u00e1s rumores - Pedro Botero - LA BRAVA RADIO\",\"isPartOf\":{\"@id\":\"https:\\\/\\\/www.bbmnoticias.com\\\/labravaradiofm\\\/#website\"},\"primaryImageOfPage\":{\"@id\":\"https:\\\/\\\/www.bbmnoticias.com\\\/rumores-y-mas-rumores-pedro-botero\\\/#primaryimage\"},\"image\":{\"@id\":\"https:\\\/\\\/www.bbmnoticias.com\\\/rumores-y-mas-rumores-pedro-botero\\\/#primaryimage\"},\"thumbnailUrl\":\"https:\\\/\\\/www.bbmnoticias.com\\\/labravaradiofm\\\/wp-content\\\/uploads\\\/sites\\\/5\\\/2026\\\/08\\\/elcanto27082026.jpg\",\"datePublished\":\"2026-08-27T20:53:03+00:00\",\"dateModified\":\"2026-08-27T20:53:06+00:00\",\"author\":{\"@id\":\"https:\\\/\\\/www.bbmnoticias.com\\\/labravaradiofm\\\/#\\\/schema\\\/person\\\/c841a04cc29e321ddfd55b1146c65c11\"},\"breadcrumb\":{\"@id\":\"https:\\\/\\\/www.bbmnoticias.com\\\/rumores-y-mas-rumores-pedro-botero\\\/#breadcrumb\"},\"inLanguage\":\"es\",\"potentialAction\":[{\"@type\":\"ReadAction\",\"target\":[\"https:\\\/\\\/www.bbmnoticias.com\\\/rumores-y-mas-rumores-pedro-botero\\\/\"]}]},{\"@type\":\"ImageObject\",\"inLanguage\":\"es\",\"@id\":\"https:\\\/\\\/www.bbmnoticias.com\\\/rumores-y-mas-rumores-pedro-botero\\\/#primaryimage\",\"url\":\"https:\\\/\\\/www.bbmnoticias.com\\\/labravaradiofm\\\/wp-content\\\/uploads\\\/sites\\\/5\\\/2026\\\/08\\\/elcanto27082026.jpg\",\"contentUrl\":\"https:\\\/\\\/www.bbmnoticias.com\\\/labravaradiofm\\\/wp-content\\\/uploads\\\/sites\\\/5\\\/2026\\\/08\\\/elcanto27082026.jpg\",\"width\":750,\"height\":415},{\"@type\":\"BreadcrumbList\",\"@id\":\"https:\\\/\\\/www.bbmnoticias.com\\\/rumores-y-mas-rumores-pedro-botero\\\/#breadcrumb\",\"itemListElement\":[{\"@type\":\"ListItem\",\"position\":1,\"name\":\"Inicio\",\"item\":\"https:\\\/\\\/www.bbmnoticias.com\\\/labravaradiofm\\\/\"},{\"@type\":\"ListItem\",\"position\":2,\"name\":\"Rumores y m\u00e1s rumores &#8211; Pedro Botero\"}]},{\"@type\":\"WebSite\",\"@id\":\"https:\\\/\\\/www.bbmnoticias.com\\\/labravaradiofm\\\/#website\",\"url\":\"https:\\\/\\\/www.bbmnoticias.com\\\/labravaradiofm\\\/\",\"name\":\"LA BRAVA RADIO\",\"description\":\"Empresa productora de medios, Radiodifusi\u00f3n, Noticias, tendencias y todo lo que necesitas saber de la pol\u00edtica mexicana e internacional; entretenimiento, espect\u00e1culos, salud y mucho m\u00e1s.\",\"potentialAction\":[{\"@type\":\"SearchAction\",\"target\":{\"@type\":\"EntryPoint\",\"urlTemplate\":\"https:\\\/\\\/www.bbmnoticias.com\\\/labravaradiofm\\\/?s={search_term_string}\"},\"query-input\":{\"@type\":\"PropertyValueSpecification\",\"valueRequired\":true,\"valueName\":\"search_term_string\"}}],\"inLanguage\":\"es\"},{\"@type\":\"Person\",\"@id\":\"https:\\\/\\\/www.bbmnoticias.com\\\/labravaradiofm\\\/#\\\/schema\\\/person\\\/c841a04cc29e321ddfd55b1146c65c11\",\"name\":\"Pedro Botero\",\"image\":{\"@type\":\"ImageObject\",\"inLanguage\":\"es\",\"@id\":\"https:\\\/\\\/secure.gravatar.com\\\/avatar\\\/3e1604f74223697b158b4f0509f030050c1609806bd1c24b9ac5d9759b30b353?s=96&d=mm&r=g\",\"url\":\"https:\\\/\\\/secure.gravatar.com\\\/avatar\\\/3e1604f74223697b158b4f0509f030050c1609806bd1c24b9ac5d9759b30b353?s=96&d=mm&r=g\",\"contentUrl\":\"https:\\\/\\\/secure.gravatar.com\\\/avatar\\\/3e1604f74223697b158b4f0509f030050c1609806bd1c24b9ac5d9759b30b353?s=96&d=mm&r=g\",\"caption\":\"Pedro Botero\"},\"sameAs\":[\"http:\\\/\\\/www.bbmnoticias.com\"],\"url\":\"https:\\\/\\\/www.bbmnoticias.com\\\/labravaradiofm\\\/author\\\/pedrobotero\\\/\"}]}<\/script>\n<!-- \/ Yoast SEO plugin. -->","yoast_head_json":{"title":"Rumores y m\u00e1s rumores - Pedro Botero - LA BRAVA RADIO","robots":{"index":"index","follow":"follow","max-snippet":"max-snippet:-1","max-image-preview":"max-image-preview:large","max-video-preview":"max-video-preview:-1"},"canonical":"https:\/\/www.bbmnoticias.com\/rumores-y-mas-rumores-pedro-botero\/","og_locale":"es_MX","og_type":"article","og_title":"Rumores y m\u00e1s rumores - Pedro Botero - LA BRAVA RADIO","og_description":"La sucesi\u00f3n de Oaxaca pasa por las coordenadas de palacio nacional, Rocha Moya, el rancho la chingada, Ad\u00e1n y Andy. Ante el fortalecimiento de la presidenta Claudia Sheinbum&nbsp; la sucesi\u00f3n pasar\u00e1 por su escritorio y por su decisi\u00f3n.&nbsp;&nbsp;&nbsp; Aqu\u00ed, all\u00e1 y acull\u00e1 tenemos rumores relacionados con la sucesi\u00f3n en Oaxaca. A diferencia de otros sexenios, [&hellip;]","og_url":"https:\/\/www.bbmnoticias.com\/rumores-y-mas-rumores-pedro-botero\/","og_site_name":"LA BRAVA RADIO","article_published_time":"2026-08-27T20:53:03+00:00","article_modified_time":"2026-08-27T20:53:06+00:00","og_image":[{"width":750,"height":415,"url":"https:\/\/www.bbmnoticias.com\/labravaradiofm\/wp-content\/uploads\/sites\/5\/2026\/08\/elcanto27082026.jpg","type":"image\/jpeg"}],"author":"Pedro Botero","twitter_card":"summary_large_image","twitter_misc":{"Escrito por":"Pedro Botero","Tiempo de lectura":"2 minutos"},"schema":{"@context":"https:\/\/schema.org","@graph":[{"@type":"Article","@id":"https:\/\/www.bbmnoticias.com\/rumores-y-mas-rumores-pedro-botero\/#article","isPartOf":{"@id":"https:\/\/www.bbmnoticias.com\/labravaradiofm\/2026\/08\/27\/rumores-y-mas-rumores-pedro-botero\/"},"author":{"name":"Pedro Botero","@id":"https:\/\/www.bbmnoticias.com\/labravaradiofm\/#\/schema\/person\/c841a04cc29e321ddfd55b1146c65c11"},"headline":"Rumores y m\u00e1s rumores &#8211; Pedro Botero","datePublished":"2026-08-27T20:53:03+00:00","dateModified":"2026-08-27T20:53:06+00:00","mainEntityOfPage":{"@id":"https:\/\/www.bbmnoticias.com\/labravaradiofm\/2026\/08\/27\/rumores-y-mas-rumores-pedro-botero\/"},"wordCount":435,"image":{"@id":"https:\/\/www.bbmnoticias.com\/rumores-y-mas-rumores-pedro-botero\/#primaryimage"},"thumbnailUrl":"https:\/\/www.bbmnoticias.com\/labravaradiofm\/wp-content\/uploads\/sites\/5\/2026\/08\/elcanto27082026.jpg","articleSection":["EL CANTO DEL B\u00daHO","LOCAL"],"inLanguage":"es"},{"@type":"WebPage","@id":"https:\/\/www.bbmnoticias.com\/labravaradiofm\/2026\/08\/27\/rumores-y-mas-rumores-pedro-botero\/","url":"https:\/\/www.bbmnoticias.com\/rumores-y-mas-rumores-pedro-botero\/","name":"Rumores y m\u00e1s rumores - Pedro Botero - LA BRAVA RADIO","isPartOf":{"@id":"https:\/\/www.bbmnoticias.com\/labravaradiofm\/#website"},"primaryImageOfPage":{"@id":"https:\/\/www.bbmnoticias.com\/rumores-y-mas-rumores-pedro-botero\/#primaryimage"},"image":{"@id":"https:\/\/www.bbmnoticias.com\/rumores-y-mas-rumores-pedro-botero\/#primaryimage"},"thumbnailUrl":"https:\/\/www.bbmnoticias.com\/labravaradiofm\/wp-content\/uploads\/sites\/5\/2026\/08\/elcanto27082026.jpg","datePublished":"2026-08-27T20:53:03+00:00","dateModified":"2026-08-27T20:53:06+00:00","author":{"@id":"https:\/\/www.bbmnoticias.com\/labravaradiofm\/#\/schema\/person\/c841a04cc29e321ddfd55b1146c65c11"},"breadcrumb":{"@id":"https:\/\/www.bbmnoticias.com\/rumores-y-mas-rumores-pedro-botero\/#breadcrumb"},"inLanguage":"es","potentialAction":[{"@type":"ReadAction","target":["https:\/\/www.bbmnoticias.com\/rumores-y-mas-rumores-pedro-botero\/"]}]},{"@type":"ImageObject","inLanguage":"es","@id":"https:\/\/www.bbmnoticias.com\/rumores-y-mas-rumores-pedro-botero\/#primaryimage","url":"https:\/\/www.bbmnoticias.com\/labravaradiofm\/wp-content\/uploads\/sites\/5\/2026\/08\/elcanto27082026.jpg","contentUrl":"https:\/\/www.bbmnoticias.com\/labravaradiofm\/wp-content\/uploads\/sites\/5\/2026\/08\/elcanto27082026.jpg","width":750,"height":415},{"@type":"BreadcrumbList","@id":"https:\/\/www.bbmnoticias.com\/rumores-y-mas-rumores-pedro-botero\/#breadcrumb","itemListElement":[{"@type":"ListItem","position":1,"name":"Inicio","item":"https:\/\/www.bbmnoticias.com\/labravaradiofm\/"},{"@type":"ListItem","position":2,"name":"Rumores y m\u00e1s rumores &#8211; Pedro Botero"}]},{"@type":"WebSite","@id":"https:\/\/www.bbmnoticias.com\/labravaradiofm\/#website","url":"https:\/\/www.bbmnoticias.com\/labravaradiofm\/","name":"LA BRAVA RADIO","description":"Empresa productora de medios, Radiodifusi\u00f3n, Noticias, tendencias y todo lo que necesitas saber de la pol\u00edtica mexicana e internacional; entretenimiento, espect\u00e1culos, salud y mucho m\u00e1s.","potentialAction":[{"@type":"SearchAction","target":{"@type":"EntryPoint","urlTemplate":"https:\/\/www.bbmnoticias.com\/labravaradiofm\/?s={search_term_string}"},"query-input":{"@type":"PropertyValueSpecification","valueRequired":true,"valueName":"search_term_string"}}],"inLanguage":"es"},{"@type":"Person","@id":"https:\/\/www.bbmnoticias.com\/labravaradiofm\/#\/schema\/person\/c841a04cc29e321ddfd55b1146c65c11","name":"Pedro Botero","image":{"@type":"ImageObject","inLanguage":"es","@id":"https:\/\/secure.gravatar.com\/avatar\/3e1604f74223697b158b4f0509f030050c1609806bd1c24b9ac5d9759b30b353?s=96&d=mm&r=g","url":"https:\/\/secure.gravatar.com\/avatar\/3e1604f74223697b158b4f0509f030050c1609806bd1c24b9ac5d9759b30b353?s=96&d=mm&r=g","contentUrl":"https:\/\/secure.gravatar.com\/avatar\/3e1604f74223697b158b4f0509f030050c1609806bd1c24b9ac5d9759b30b353?s=96&d=mm&r=g","caption":"Pedro Botero"},"sameAs":["http:\/\/www.bbmnoticias.com"],"url":"https:\/\/www.bbmnoticias.com\/labravaradiofm\/author\/pedrobotero\/"}]}},"_links":{"self":[{"href":"https:\/\/www.bbmnoticias.com\/labravaradiofm\/wp-json\/wp\/v2\/posts\/81168","targetHints":{"allow":["GET"]}}],"collection":[{"href":"https:\/\/www.bbmnoticias.com\/labravaradiofm\/wp-json\/wp\/v2\/posts"}],"about":[{"href":"https:\/\/www.bbmnoticias.com\/labravaradiofm\/wp-json\/wp\/v2\/types\/post"}],"author":[{"embeddable":true,"href":"https:\/\/www.bbmnoticias.com\/labravaradiofm\/wp-json\/wp\/v2\/users\/18"}],"replies":[{"embeddable":true,"href":"https:\/\/www.bbmnoticias.com\/labravaradiofm\/wp-json\/wp\/v2\/comments?post=81168"}],"version-history":[{"count":1,"href":"https:\/\/www.bbmnoticias.com\/labravaradiofm\/wp-json\/wp\/v2\/posts\/81168\/revisions"}],"predecessor-version":[{"id":81169,"href":"https:\/\/www.bbmnoticias.com\/labravaradiofm\/wp-json\/wp\/v2\/posts\/81168\/revisions\/81169"}],"wp:featuredmedia":[{"embeddable":true,"href":"https:\/\/www.bbmnoticias.com\/labravaradiofm\/wp-json\/wp\/v2\/media\/81170"}],"wp:attachment":[{"href":"https:\/\/www.bbmnoticias.com\/labravaradiofm\/wp-json\/wp\/v2\/media?parent=81168"}],"wp:term":[{"taxonomy":"category","embeddable":true,"href":"https:\/\/www.bbmnoticias.com\/labravaradiofm\/wp-json\/wp\/v2\/categories?post=81168"},{"taxonomy":"post_tag","embeddable":true,"href":"https:\/\/www.bbmnoticias.com\/labravaradiofm\/wp-json\/wp\/v2\/tags?post=81168"}],"curies":[{"name":"wp","href":"https:\/\/api.w.org\/{rel}","templated":true}]}}