{"id":81152,"date":"2026-08-27T10:53:45","date_gmt":"2026-08-27T16:53:45","guid":{"rendered":"https:\/\/www.bbmnoticias.com\/labravaradiofm\/2026\/08\/27\/muere-peter-cullen-la-voz-de-optimus-prime-en-transformers-y-de-igor-en-winnie-pooh-a-los-85-anos\/"},"modified":"2026-08-27T10:53:47","modified_gmt":"2026-08-27T16:53:47","slug":"muere-peter-cullen-la-voz-de-optimus-prime-en-transformers-y-de-igor-en-winnie-pooh-a-los-85-anos","status":"publish","type":"post","link":"https:\/\/www.bbmnoticias.com\/labravaradiofm\/2026\/08\/27\/muere-peter-cullen-la-voz-de-optimus-prime-en-transformers-y-de-igor-en-winnie-pooh-a-los-85-anos\/","title":{"rendered":"Muere Peter Cullen, la voz de Optimus Prime en Transformers y de Igor en Winnie Pooh, a los 85 a\u00f1os"},"content":{"rendered":"\n<p class=\"wp-block-paragraph\"><strong>Peter Cullen<\/strong>, actor de doblaje canadiense reconocido mundialmente por prestar su voz a <strong>Optimus Prime<\/strong>, l\u00edder de los Autobots en la franquicia <strong>Transformers<\/strong>, muri\u00f3 a los 85 a\u00f1os.<\/p>\n\n\n\n<p class=\"wp-block-paragraph\">La noticia fue confirmada este jueves 27 de agosto de 2026 por su agente, Kevin Motley, quien inform\u00f3 a <strong>The Hollywood Reporter<\/strong> que el actor muri\u00f3 el mi\u00e9rcoles en su casa de Los \u00c1ngeles. Por ahora, no se ha dado a conocer la causa de muerte de Peter Cullen.<\/p>\n\n\n\n<p class=\"wp-block-paragraph\">Su familia inform\u00f3 que el actor muri\u00f3 en paz y rodeado de sus seres queridos. En un comunicado, pidi\u00f3 que su legado fuera recordado a trav\u00e9s del servicio a la comunidad y valores como la compasi\u00f3n, la integridad y la lealtad.<\/p>\n\n\n\n<h2 class=\"wp-block-heading\">Peter Cullen fue la voz de Optimus Prime<\/h2>\n\n\n\n<p class=\"wp-block-paragraph\">La carrera de Cullen qued\u00f3 marcada para siempre por <strong>Optimus Prime<\/strong>, el l\u00edder de los<strong> Autobots<\/strong>.<\/p>\n\n\n\n<p class=\"wp-block-paragraph\">El actor interpret\u00f3 por primera vez al personaje en la serie animada original de <strong>The Transformers<\/strong>, emitida entre 1984 y 1987. Su interpretaci\u00f3n ayud\u00f3 a definir la personalidad y la voz del l\u00edder de los Autobots, que se convirti\u00f3 en uno de los personajes m\u00e1s reconocibles de la franquicia.<\/p>\n\n\n\n<p class=\"wp-block-paragraph\">Cullen volvi\u00f3 a interpretar a <strong>Optimus Prime<\/strong> d\u00e9cadas despu\u00e9s, cuando <strong>Michael Bay<\/strong> llev\u00f3 Transformers al cine en 2007. Posteriormente particip\u00f3 en varias de las pel\u00edculas de la saga, entre ellas Transformers: Revenge of the Fallen (2009), Dark of the Moon (2011), Age of Extinction (2014), The Last Knight (2017), Bumblebee (2018) y Rise of the Beasts (2023).<\/p>\n\n\n\n<p class=\"wp-block-paragraph\">Tambi\u00e9n prest\u00f3 su voz a Optimus en otras series animadas y <strong>videojuegos<\/strong>.<\/p>\n\n\n\n<h2 class=\"wp-block-heading\">Tambi\u00e9n fue Igor&nbsp;en Winnie Pooh<\/h2>\n\n\n\n<p class=\"wp-block-paragraph\">Aunque <strong>Optimus Prime<\/strong> fue su papel m\u00e1s famoso, Peter Cullen tuvo una trayectoria mucho m\u00e1s amplia en televisi\u00f3n, cine y animaci\u00f3n. Uno de sus personajes m\u00e1s queridos fue<strong> Igor<\/strong>, el burrito&nbsp;de<strong> Winnie&nbsp;Pooh<\/strong>. Cullen comenz\u00f3 a interpretarlo en The New Adventures of Winnie the Pooh, entre 1988 y 1991, y posteriormente retom\u00f3 el personaje en diferentes producciones.<\/p>\n\n\n\n<p class=\"wp-block-paragraph\">Tambi\u00e9n fue la voz de Monterey Jack en Chip &#8216;n Dale Rescue Rangers y de K.A.R.R. en Knight Rider. En cine, particip\u00f3 en Predator (1987), donde adem\u00e1s de prestar su voz al personaje cre\u00f3 los caracter\u00edsticos sonidos y chasquidos que produc\u00eda la criatura.<\/p>\n\n\n\n<p class=\"wp-block-paragraph\">Su trabajo tambi\u00e9n incluy\u00f3 personajes como King Kong en la pel\u00edcula de 1976, Mario en la serie animada de Donkey Kong y diversos papeles en producciones como Voltron y Transformers: Prime.<\/p>\n","protected":false},"excerpt":{"rendered":"<p>Peter Cullen, actor de doblaje canadiense reconocido mundialmente por prestar su voz a Optimus Prime, l\u00edder de los Autobots en la franquicia Transformers, muri\u00f3 a los 85 a\u00f1os. La noticia fue confirmada este jueves 27 de agosto de 2026 por su agente, Kevin Motley, quien inform\u00f3 a The Hollywood Reporter que el actor muri\u00f3 el [&hellip;]<\/p>\n","protected":false},"author":15,"featured_media":81154,"comment_status":"closed","ping_status":"open","sticky":false,"template":"","format":"standard","meta":{"footnotes":""},"categories":[949,2],"tags":[],"class_list":["post-81152","post","type-post","status-publish","format-standard","has-post-thumbnail","hentry","category-espectaculos","category-oaxaca"],"yoast_head":"<!-- This site is optimized with the Yoast SEO plugin v28.1 - https:\/\/yoast.com\/product\/yoast-seo-wordpress\/ -->\n<title>Muere Peter Cullen, la voz de Optimus Prime en Transformers y de Igor en Winnie Pooh, a los 85 a\u00f1os - LA BRAVA RADIO<\/title>\n<meta name=\"robots\" content=\"index, follow, max-snippet:-1, max-image-preview:large, max-video-preview:-1\" \/>\n<link rel=\"canonical\" href=\"https:\/\/www.bbmnoticias.com\/muere-peter-cullen-la-voz-de-optimus-prime-en-transformers-y-de-igor-en-winnie-pooh-a-los-85-anos\/\" \/>\n<meta property=\"og:locale\" content=\"es_MX\" \/>\n<meta property=\"og:type\" content=\"article\" \/>\n<meta property=\"og:title\" content=\"Muere Peter Cullen, la voz de Optimus Prime en Transformers y de Igor en Winnie Pooh, a los 85 a\u00f1os - LA BRAVA RADIO\" \/>\n<meta property=\"og:description\" content=\"Peter Cullen, actor de doblaje canadiense reconocido mundialmente por prestar su voz a Optimus Prime, l\u00edder de los Autobots en la franquicia Transformers, muri\u00f3 a los 85 a\u00f1os. La noticia fue confirmada este jueves 27 de agosto de 2026 por su agente, Kevin Motley, quien inform\u00f3 a The Hollywood Reporter que el actor muri\u00f3 el [&hellip;]\" \/>\n<meta property=\"og:url\" content=\"https:\/\/www.bbmnoticias.com\/muere-peter-cullen-la-voz-de-optimus-prime-en-transformers-y-de-igor-en-winnie-pooh-a-los-85-anos\/\" \/>\n<meta property=\"og:site_name\" content=\"LA BRAVA RADIO\" \/>\n<meta property=\"article:published_time\" content=\"2026-08-27T16:53:45+00:00\" \/>\n<meta property=\"article:modified_time\" content=\"2026-08-27T16:53:47+00:00\" \/>\n<meta property=\"og:image\" content=\"https:\/\/www.bbmnoticias.com\/labravaradiofm\/wp-content\/uploads\/sites\/5\/2026\/08\/Peter-Cullen.jpg\" \/>\n\t<meta property=\"og:image:width\" content=\"680\" \/>\n\t<meta property=\"og:image:height\" content=\"383\" \/>\n\t<meta property=\"og:image:type\" content=\"image\/jpeg\" \/>\n<meta name=\"author\" content=\"El Heraldo\" \/>\n<meta name=\"twitter:card\" content=\"summary_large_image\" \/>\n<meta name=\"twitter:label1\" content=\"Escrito por\" \/>\n\t<meta name=\"twitter:data1\" content=\"El Heraldo\" \/>\n\t<meta name=\"twitter:label2\" content=\"Tiempo de lectura\" \/>\n\t<meta name=\"twitter:data2\" content=\"2 minutos\" \/>\n<script type=\"application\/ld+json\" class=\"yoast-schema-graph\">{\"@context\":\"https:\\\/\\\/schema.org\",\"@graph\":[{\"@type\":\"Article\",\"@id\":\"https:\\\/\\\/www.bbmnoticias.com\\\/muere-peter-cullen-la-voz-de-optimus-prime-en-transformers-y-de-igor-en-winnie-pooh-a-los-85-anos\\\/#article\",\"isPartOf\":{\"@id\":\"https:\\\/\\\/www.bbmnoticias.com\\\/labravaradiofm\\\/2026\\\/08\\\/27\\\/muere-peter-cullen-la-voz-de-optimus-prime-en-transformers-y-de-igor-en-winnie-pooh-a-los-85-anos\\\/\"},\"author\":{\"name\":\"El Heraldo\",\"@id\":\"https:\\\/\\\/www.bbmnoticias.com\\\/labravaradiofm\\\/#\\\/schema\\\/person\\\/32f1fc7382033a43789e6a250ee81243\"},\"headline\":\"Muere Peter Cullen, la voz de Optimus Prime en Transformers y de Igor en Winnie Pooh, a los 85 a\u00f1os\",\"datePublished\":\"2026-08-27T16:53:45+00:00\",\"dateModified\":\"2026-08-27T16:53:47+00:00\",\"mainEntityOfPage\":{\"@id\":\"https:\\\/\\\/www.bbmnoticias.com\\\/labravaradiofm\\\/2026\\\/08\\\/27\\\/muere-peter-cullen-la-voz-de-optimus-prime-en-transformers-y-de-igor-en-winnie-pooh-a-los-85-anos\\\/\"},\"wordCount\":433,\"image\":{\"@id\":\"https:\\\/\\\/www.bbmnoticias.com\\\/muere-peter-cullen-la-voz-de-optimus-prime-en-transformers-y-de-igor-en-winnie-pooh-a-los-85-anos\\\/#primaryimage\"},\"thumbnailUrl\":\"https:\\\/\\\/www.bbmnoticias.com\\\/labravaradiofm\\\/wp-content\\\/uploads\\\/sites\\\/5\\\/2026\\\/08\\\/Peter-Cullen.jpg\",\"articleSection\":[\"ESPECT\u00c1CULOS\",\"LOCAL\"],\"inLanguage\":\"es\"},{\"@type\":\"WebPage\",\"@id\":\"https:\\\/\\\/www.bbmnoticias.com\\\/labravaradiofm\\\/2026\\\/08\\\/27\\\/muere-peter-cullen-la-voz-de-optimus-prime-en-transformers-y-de-igor-en-winnie-pooh-a-los-85-anos\\\/\",\"url\":\"https:\\\/\\\/www.bbmnoticias.com\\\/muere-peter-cullen-la-voz-de-optimus-prime-en-transformers-y-de-igor-en-winnie-pooh-a-los-85-anos\\\/\",\"name\":\"Muere Peter Cullen, la voz de Optimus Prime en Transformers y de Igor en Winnie Pooh, a los 85 a\u00f1os - LA BRAVA RADIO\",\"isPartOf\":{\"@id\":\"https:\\\/\\\/www.bbmnoticias.com\\\/labravaradiofm\\\/#website\"},\"primaryImageOfPage\":{\"@id\":\"https:\\\/\\\/www.bbmnoticias.com\\\/muere-peter-cullen-la-voz-de-optimus-prime-en-transformers-y-de-igor-en-winnie-pooh-a-los-85-anos\\\/#primaryimage\"},\"image\":{\"@id\":\"https:\\\/\\\/www.bbmnoticias.com\\\/muere-peter-cullen-la-voz-de-optimus-prime-en-transformers-y-de-igor-en-winnie-pooh-a-los-85-anos\\\/#primaryimage\"},\"thumbnailUrl\":\"https:\\\/\\\/www.bbmnoticias.com\\\/labravaradiofm\\\/wp-content\\\/uploads\\\/sites\\\/5\\\/2026\\\/08\\\/Peter-Cullen.jpg\",\"datePublished\":\"2026-08-27T16:53:45+00:00\",\"dateModified\":\"2026-08-27T16:53:47+00:00\",\"author\":{\"@id\":\"https:\\\/\\\/www.bbmnoticias.com\\\/labravaradiofm\\\/#\\\/schema\\\/person\\\/32f1fc7382033a43789e6a250ee81243\"},\"breadcrumb\":{\"@id\":\"https:\\\/\\\/www.bbmnoticias.com\\\/muere-peter-cullen-la-voz-de-optimus-prime-en-transformers-y-de-igor-en-winnie-pooh-a-los-85-anos\\\/#breadcrumb\"},\"inLanguage\":\"es\",\"potentialAction\":[{\"@type\":\"ReadAction\",\"target\":[\"https:\\\/\\\/www.bbmnoticias.com\\\/muere-peter-cullen-la-voz-de-optimus-prime-en-transformers-y-de-igor-en-winnie-pooh-a-los-85-anos\\\/\"]}]},{\"@type\":\"ImageObject\",\"inLanguage\":\"es\",\"@id\":\"https:\\\/\\\/www.bbmnoticias.com\\\/muere-peter-cullen-la-voz-de-optimus-prime-en-transformers-y-de-igor-en-winnie-pooh-a-los-85-anos\\\/#primaryimage\",\"url\":\"https:\\\/\\\/www.bbmnoticias.com\\\/labravaradiofm\\\/wp-content\\\/uploads\\\/sites\\\/5\\\/2026\\\/08\\\/Peter-Cullen.jpg\",\"contentUrl\":\"https:\\\/\\\/www.bbmnoticias.com\\\/labravaradiofm\\\/wp-content\\\/uploads\\\/sites\\\/5\\\/2026\\\/08\\\/Peter-Cullen.jpg\",\"width\":680,\"height\":383},{\"@type\":\"BreadcrumbList\",\"@id\":\"https:\\\/\\\/www.bbmnoticias.com\\\/muere-peter-cullen-la-voz-de-optimus-prime-en-transformers-y-de-igor-en-winnie-pooh-a-los-85-anos\\\/#breadcrumb\",\"itemListElement\":[{\"@type\":\"ListItem\",\"position\":1,\"name\":\"Inicio\",\"item\":\"https:\\\/\\\/www.bbmnoticias.com\\\/labravaradiofm\\\/\"},{\"@type\":\"ListItem\",\"position\":2,\"name\":\"Muere Peter Cullen, la voz de Optimus Prime en Transformers y de Igor en Winnie Pooh, a los 85 a\u00f1os\"}]},{\"@type\":\"WebSite\",\"@id\":\"https:\\\/\\\/www.bbmnoticias.com\\\/labravaradiofm\\\/#website\",\"url\":\"https:\\\/\\\/www.bbmnoticias.com\\\/labravaradiofm\\\/\",\"name\":\"LA BRAVA RADIO\",\"description\":\"Empresa productora de medios, Radiodifusi\u00f3n, Noticias, tendencias y todo lo que necesitas saber de la pol\u00edtica mexicana e internacional; entretenimiento, espect\u00e1culos, salud y mucho m\u00e1s.\",\"potentialAction\":[{\"@type\":\"SearchAction\",\"target\":{\"@type\":\"EntryPoint\",\"urlTemplate\":\"https:\\\/\\\/www.bbmnoticias.com\\\/labravaradiofm\\\/?s={search_term_string}\"},\"query-input\":{\"@type\":\"PropertyValueSpecification\",\"valueRequired\":true,\"valueName\":\"search_term_string\"}}],\"inLanguage\":\"es\"},{\"@type\":\"Person\",\"@id\":\"https:\\\/\\\/www.bbmnoticias.com\\\/labravaradiofm\\\/#\\\/schema\\\/person\\\/32f1fc7382033a43789e6a250ee81243\",\"name\":\"El Heraldo\",\"image\":{\"@type\":\"ImageObject\",\"inLanguage\":\"es\",\"@id\":\"https:\\\/\\\/secure.gravatar.com\\\/avatar\\\/463017be041288b5a196814ef7242bd62699b857f306e4b5b61b533e8a87f404?s=96&d=mm&r=g\",\"url\":\"https:\\\/\\\/secure.gravatar.com\\\/avatar\\\/463017be041288b5a196814ef7242bd62699b857f306e4b5b61b533e8a87f404?s=96&d=mm&r=g\",\"contentUrl\":\"https:\\\/\\\/secure.gravatar.com\\\/avatar\\\/463017be041288b5a196814ef7242bd62699b857f306e4b5b61b533e8a87f404?s=96&d=mm&r=g\",\"caption\":\"El Heraldo\"},\"url\":\"https:\\\/\\\/www.bbmnoticias.com\\\/labravaradiofm\\\/author\\\/heraldo\\\/\"}]}<\/script>\n<!-- \/ Yoast SEO plugin. -->","yoast_head_json":{"title":"Muere Peter Cullen, la voz de Optimus Prime en Transformers y de Igor en Winnie Pooh, a los 85 a\u00f1os - LA BRAVA RADIO","robots":{"index":"index","follow":"follow","max-snippet":"max-snippet:-1","max-image-preview":"max-image-preview:large","max-video-preview":"max-video-preview:-1"},"canonical":"https:\/\/www.bbmnoticias.com\/muere-peter-cullen-la-voz-de-optimus-prime-en-transformers-y-de-igor-en-winnie-pooh-a-los-85-anos\/","og_locale":"es_MX","og_type":"article","og_title":"Muere Peter Cullen, la voz de Optimus Prime en Transformers y de Igor en Winnie Pooh, a los 85 a\u00f1os - LA BRAVA RADIO","og_description":"Peter Cullen, actor de doblaje canadiense reconocido mundialmente por prestar su voz a Optimus Prime, l\u00edder de los Autobots en la franquicia Transformers, muri\u00f3 a los 85 a\u00f1os. La noticia fue confirmada este jueves 27 de agosto de 2026 por su agente, Kevin Motley, quien inform\u00f3 a The Hollywood Reporter que el actor muri\u00f3 el [&hellip;]","og_url":"https:\/\/www.bbmnoticias.com\/muere-peter-cullen-la-voz-de-optimus-prime-en-transformers-y-de-igor-en-winnie-pooh-a-los-85-anos\/","og_site_name":"LA BRAVA RADIO","article_published_time":"2026-08-27T16:53:45+00:00","article_modified_time":"2026-08-27T16:53:47+00:00","og_image":[{"width":680,"height":383,"url":"https:\/\/www.bbmnoticias.com\/labravaradiofm\/wp-content\/uploads\/sites\/5\/2026\/08\/Peter-Cullen.jpg","type":"image\/jpeg"}],"author":"El Heraldo","twitter_card":"summary_large_image","twitter_misc":{"Escrito por":"El Heraldo","Tiempo de lectura":"2 minutos"},"schema":{"@context":"https:\/\/schema.org","@graph":[{"@type":"Article","@id":"https:\/\/www.bbmnoticias.com\/muere-peter-cullen-la-voz-de-optimus-prime-en-transformers-y-de-igor-en-winnie-pooh-a-los-85-anos\/#article","isPartOf":{"@id":"https:\/\/www.bbmnoticias.com\/labravaradiofm\/2026\/08\/27\/muere-peter-cullen-la-voz-de-optimus-prime-en-transformers-y-de-igor-en-winnie-pooh-a-los-85-anos\/"},"author":{"name":"El Heraldo","@id":"https:\/\/www.bbmnoticias.com\/labravaradiofm\/#\/schema\/person\/32f1fc7382033a43789e6a250ee81243"},"headline":"Muere Peter Cullen, la voz de Optimus Prime en Transformers y de Igor en Winnie Pooh, a los 85 a\u00f1os","datePublished":"2026-08-27T16:53:45+00:00","dateModified":"2026-08-27T16:53:47+00:00","mainEntityOfPage":{"@id":"https:\/\/www.bbmnoticias.com\/labravaradiofm\/2026\/08\/27\/muere-peter-cullen-la-voz-de-optimus-prime-en-transformers-y-de-igor-en-winnie-pooh-a-los-85-anos\/"},"wordCount":433,"image":{"@id":"https:\/\/www.bbmnoticias.com\/muere-peter-cullen-la-voz-de-optimus-prime-en-transformers-y-de-igor-en-winnie-pooh-a-los-85-anos\/#primaryimage"},"thumbnailUrl":"https:\/\/www.bbmnoticias.com\/labravaradiofm\/wp-content\/uploads\/sites\/5\/2026\/08\/Peter-Cullen.jpg","articleSection":["ESPECT\u00c1CULOS","LOCAL"],"inLanguage":"es"},{"@type":"WebPage","@id":"https:\/\/www.bbmnoticias.com\/labravaradiofm\/2026\/08\/27\/muere-peter-cullen-la-voz-de-optimus-prime-en-transformers-y-de-igor-en-winnie-pooh-a-los-85-anos\/","url":"https:\/\/www.bbmnoticias.com\/muere-peter-cullen-la-voz-de-optimus-prime-en-transformers-y-de-igor-en-winnie-pooh-a-los-85-anos\/","name":"Muere Peter Cullen, la voz de Optimus Prime en Transformers y de Igor en Winnie Pooh, a los 85 a\u00f1os - LA BRAVA RADIO","isPartOf":{"@id":"https:\/\/www.bbmnoticias.com\/labravaradiofm\/#website"},"primaryImageOfPage":{"@id":"https:\/\/www.bbmnoticias.com\/muere-peter-cullen-la-voz-de-optimus-prime-en-transformers-y-de-igor-en-winnie-pooh-a-los-85-anos\/#primaryimage"},"image":{"@id":"https:\/\/www.bbmnoticias.com\/muere-peter-cullen-la-voz-de-optimus-prime-en-transformers-y-de-igor-en-winnie-pooh-a-los-85-anos\/#primaryimage"},"thumbnailUrl":"https:\/\/www.bbmnoticias.com\/labravaradiofm\/wp-content\/uploads\/sites\/5\/2026\/08\/Peter-Cullen.jpg","datePublished":"2026-08-27T16:53:45+00:00","dateModified":"2026-08-27T16:53:47+00:00","author":{"@id":"https:\/\/www.bbmnoticias.com\/labravaradiofm\/#\/schema\/person\/32f1fc7382033a43789e6a250ee81243"},"breadcrumb":{"@id":"https:\/\/www.bbmnoticias.com\/muere-peter-cullen-la-voz-de-optimus-prime-en-transformers-y-de-igor-en-winnie-pooh-a-los-85-anos\/#breadcrumb"},"inLanguage":"es","potentialAction":[{"@type":"ReadAction","target":["https:\/\/www.bbmnoticias.com\/muere-peter-cullen-la-voz-de-optimus-prime-en-transformers-y-de-igor-en-winnie-pooh-a-los-85-anos\/"]}]},{"@type":"ImageObject","inLanguage":"es","@id":"https:\/\/www.bbmnoticias.com\/muere-peter-cullen-la-voz-de-optimus-prime-en-transformers-y-de-igor-en-winnie-pooh-a-los-85-anos\/#primaryimage","url":"https:\/\/www.bbmnoticias.com\/labravaradiofm\/wp-content\/uploads\/sites\/5\/2026\/08\/Peter-Cullen.jpg","contentUrl":"https:\/\/www.bbmnoticias.com\/labravaradiofm\/wp-content\/uploads\/sites\/5\/2026\/08\/Peter-Cullen.jpg","width":680,"height":383},{"@type":"BreadcrumbList","@id":"https:\/\/www.bbmnoticias.com\/muere-peter-cullen-la-voz-de-optimus-prime-en-transformers-y-de-igor-en-winnie-pooh-a-los-85-anos\/#breadcrumb","itemListElement":[{"@type":"ListItem","position":1,"name":"Inicio","item":"https:\/\/www.bbmnoticias.com\/labravaradiofm\/"},{"@type":"ListItem","position":2,"name":"Muere Peter Cullen, la voz de Optimus Prime en Transformers y de Igor en Winnie Pooh, a los 85 a\u00f1os"}]},{"@type":"WebSite","@id":"https:\/\/www.bbmnoticias.com\/labravaradiofm\/#website","url":"https:\/\/www.bbmnoticias.com\/labravaradiofm\/","name":"LA BRAVA RADIO","description":"Empresa productora de medios, Radiodifusi\u00f3n, Noticias, tendencias y todo lo que necesitas saber de la pol\u00edtica mexicana e internacional; entretenimiento, espect\u00e1culos, salud y mucho m\u00e1s.","potentialAction":[{"@type":"SearchAction","target":{"@type":"EntryPoint","urlTemplate":"https:\/\/www.bbmnoticias.com\/labravaradiofm\/?s={search_term_string}"},"query-input":{"@type":"PropertyValueSpecification","valueRequired":true,"valueName":"search_term_string"}}],"inLanguage":"es"},{"@type":"Person","@id":"https:\/\/www.bbmnoticias.com\/labravaradiofm\/#\/schema\/person\/32f1fc7382033a43789e6a250ee81243","name":"El Heraldo","image":{"@type":"ImageObject","inLanguage":"es","@id":"https:\/\/secure.gravatar.com\/avatar\/463017be041288b5a196814ef7242bd62699b857f306e4b5b61b533e8a87f404?s=96&d=mm&r=g","url":"https:\/\/secure.gravatar.com\/avatar\/463017be041288b5a196814ef7242bd62699b857f306e4b5b61b533e8a87f404?s=96&d=mm&r=g","contentUrl":"https:\/\/secure.gravatar.com\/avatar\/463017be041288b5a196814ef7242bd62699b857f306e4b5b61b533e8a87f404?s=96&d=mm&r=g","caption":"El Heraldo"},"url":"https:\/\/www.bbmnoticias.com\/labravaradiofm\/author\/heraldo\/"}]}},"_links":{"self":[{"href":"https:\/\/www.bbmnoticias.com\/labravaradiofm\/wp-json\/wp\/v2\/posts\/81152","targetHints":{"allow":["GET"]}}],"collection":[{"href":"https:\/\/www.bbmnoticias.com\/labravaradiofm\/wp-json\/wp\/v2\/posts"}],"about":[{"href":"https:\/\/www.bbmnoticias.com\/labravaradiofm\/wp-json\/wp\/v2\/types\/post"}],"author":[{"embeddable":true,"href":"https:\/\/www.bbmnoticias.com\/labravaradiofm\/wp-json\/wp\/v2\/users\/15"}],"replies":[{"embeddable":true,"href":"https:\/\/www.bbmnoticias.com\/labravaradiofm\/wp-json\/wp\/v2\/comments?post=81152"}],"version-history":[{"count":1,"href":"https:\/\/www.bbmnoticias.com\/labravaradiofm\/wp-json\/wp\/v2\/posts\/81152\/revisions"}],"predecessor-version":[{"id":81153,"href":"https:\/\/www.bbmnoticias.com\/labravaradiofm\/wp-json\/wp\/v2\/posts\/81152\/revisions\/81153"}],"wp:featuredmedia":[{"embeddable":true,"href":"https:\/\/www.bbmnoticias.com\/labravaradiofm\/wp-json\/wp\/v2\/media\/81154"}],"wp:attachment":[{"href":"https:\/\/www.bbmnoticias.com\/labravaradiofm\/wp-json\/wp\/v2\/media?parent=81152"}],"wp:term":[{"taxonomy":"category","embeddable":true,"href":"https:\/\/www.bbmnoticias.com\/labravaradiofm\/wp-json\/wp\/v2\/categories?post=81152"},{"taxonomy":"post_tag","embeddable":true,"href":"https:\/\/www.bbmnoticias.com\/labravaradiofm\/wp-json\/wp\/v2\/tags?post=81152"}],"curies":[{"name":"wp","href":"https:\/\/api.w.org\/{rel}","templated":true}]}}