{"id":81149,"date":"2026-08-27T10:02:37","date_gmt":"2026-08-27T16:02:37","guid":{"rendered":"https:\/\/www.bbmnoticias.com\/labravaradiofm\/2026\/08\/27\/vinculan-a-proceso-a-fernando-n-exservidor-publico-senalado-por-huachicol-fiscal\/"},"modified":"2026-08-27T10:02:40","modified_gmt":"2026-08-27T16:02:40","slug":"vinculan-a-proceso-a-fernando-n-exservidor-publico-senalado-por-huachicol-fiscal","status":"publish","type":"post","link":"https:\/\/www.bbmnoticias.com\/labravaradiofm\/2026\/08\/27\/vinculan-a-proceso-a-fernando-n-exservidor-publico-senalado-por-huachicol-fiscal\/","title":{"rendered":"Vinculan a proceso a Fernando \u201cN\u201d, exservidor p\u00fablico se\u00f1alado por huachicol fiscal"},"content":{"rendered":"\n<p class=\"wp-block-paragraph\">La ma\u00f1ana de este jueves 27 de agosto fue<strong> vinculado a proceso<\/strong> el exfuncionario p\u00fablico,<strong> Fernando \u201cN\u201d, <\/strong>quien est\u00e1 se\u00f1alado por encabezar una compleja red criminal dedicada al contrabando, dispersi\u00f3n y distribuci\u00f3n de combustible, lo cual es conocido como<strong> &#8220;huachicol fiscal&#8221;.&nbsp;<\/strong><\/p>\n\n\n\n<p class=\"wp-block-paragraph\">El exfuncionario fue vinculado a proceso por los delitos de <strong>delincuencia organizada, operaciones con recursos de procedencia il\u00edcita y delitos en materia de hidrocarburos<\/strong>, asimismo, se indic\u00f3 que se ratific\u00f3&nbsp;la medida de prisi\u00f3n preventiva por lo que deber\u00e1 permanecer internado en el Centro Federal de Readaptaci\u00f3n Social No. 1 \u201cAltiplano\u201d mientras culmina&nbsp;la investigaci\u00f3n complementaria.<\/p>\n\n\n\n<h2 class=\"wp-block-heading\">Cronolog\u00eda del desmantelamiento de la red de huachicol fiscal encabezada por Fernando \u201cN\u201d<\/h2>\n\n\n\n<p class=\"wp-block-paragraph\">Este medi\u00e1tico caso de<strong> \u201chuachicol fiscal\u201d <\/strong>sali\u00f3 a la luz en marzo de 2025 cuando las autoridades federales aseguraron<strong> 10 millones de litros de diesel, veh\u00edculos y un cargamento de armas<\/strong> en Tamaulipas, dicha mercanc\u00eda arrib\u00f3 al territorio nacional en un buque con una bandera de Singapur con <strong>papeler\u00eda falsa con el objetivo de evadir el pago de aranceles <\/strong>y dicha acci\u00f3n origin\u00f3 una intensa investigaci\u00f3n que destap\u00f3 una <strong>red de contrabando de combustible<\/strong> liderada por los exfuncionarios <strong>Manuel Roberto \u201cN\u201d,<\/strong> quien fue detenido en septiembre de ese mismo a\u00f1o y su hermano<strong> Fernando \u201cN\u201d,<\/strong> quien huy\u00f3 del pa\u00eds tras no conseguir ampararse para evitar su detenci\u00f3n.<\/p>\n\n\n\n<p class=\"wp-block-paragraph\">En septiembre de 2025 la Interpol emiti\u00f3 una ficha roja contra<strong> Fernando \u201cN\u201d,<\/strong> pero fue hasta abril de 2026 cuando se confirm\u00f3 su detenci\u00f3n, la cual, ocurri\u00f3 en<strong> Buenos Aires, Argentina<\/strong> y se supo que entr\u00f3 a dicho pa\u00eds procedente de Colombia y usando documentaci\u00f3n falsa, por lo que en cuanto se confirm\u00f3 su aprehensi\u00f3n el gobierno mexicano solicit\u00f3 su extradici\u00f3n argumentando que se trataba de un caso prioritario, no obstante, fue hasta el pasado 21 de agosto cuando dicho proceso se llev\u00f3 a cabo y en cuanto&nbsp;pis\u00f3 suelo mexicano fue trasladado al <strong>Centro Federal de Readaptaci\u00f3n Social No. 1 \u201cAltiplano\u201d<\/strong> donde era requerido por la justica se\u00f1alado por los delitos de<strong> delincuencia organizada, operaciones con recursos de procedencia il\u00edcita y delitos en materia de hidrocarburos.&nbsp;<\/strong><\/p>\n","protected":false},"excerpt":{"rendered":"<p>La ma\u00f1ana de este jueves 27 de agosto fue vinculado a proceso el exfuncionario p\u00fablico, Fernando \u201cN\u201d, quien est\u00e1 se\u00f1alado por encabezar una compleja red criminal dedicada al contrabando, dispersi\u00f3n y distribuci\u00f3n de combustible, lo cual es conocido como &#8220;huachicol fiscal&#8221;.&nbsp; El exfuncionario fue vinculado a proceso por los delitos de delincuencia organizada, operaciones con [&hellip;]<\/p>\n","protected":false},"author":15,"featured_media":81151,"comment_status":"closed","ping_status":"open","sticky":false,"template":"","format":"standard","meta":{"footnotes":""},"categories":[2,19],"tags":[],"class_list":["post-81149","post","type-post","status-publish","format-standard","has-post-thumbnail","hentry","category-oaxaca","category-nacional"],"yoast_head":"<!-- This site is optimized with the Yoast SEO plugin v28.1 - https:\/\/yoast.com\/product\/yoast-seo-wordpress\/ -->\n<title>Vinculan a proceso a Fernando \u201cN\u201d, exservidor p\u00fablico se\u00f1alado por huachicol fiscal - LA BRAVA RADIO<\/title>\n<meta name=\"robots\" content=\"index, follow, max-snippet:-1, max-image-preview:large, max-video-preview:-1\" \/>\n<link rel=\"canonical\" href=\"https:\/\/www.bbmnoticias.com\/vinculan-a-proceso-a-fernando-n-exservidor-publico-senalado-por-huachicol-fiscal\/\" \/>\n<meta property=\"og:locale\" content=\"es_MX\" \/>\n<meta property=\"og:type\" content=\"article\" \/>\n<meta property=\"og:title\" content=\"Vinculan a proceso a Fernando \u201cN\u201d, exservidor p\u00fablico se\u00f1alado por huachicol fiscal - LA BRAVA RADIO\" \/>\n<meta property=\"og:description\" content=\"La ma\u00f1ana de este jueves 27 de agosto fue vinculado a proceso el exfuncionario p\u00fablico, Fernando \u201cN\u201d, quien est\u00e1 se\u00f1alado por encabezar una compleja red criminal dedicada al contrabando, dispersi\u00f3n y distribuci\u00f3n de combustible, lo cual es conocido como &#8220;huachicol fiscal&#8221;.&nbsp; El exfuncionario fue vinculado a proceso por los delitos de delincuencia organizada, operaciones con [&hellip;]\" \/>\n<meta property=\"og:url\" content=\"https:\/\/www.bbmnoticias.com\/vinculan-a-proceso-a-fernando-n-exservidor-publico-senalado-por-huachicol-fiscal\/\" \/>\n<meta property=\"og:site_name\" content=\"LA BRAVA RADIO\" \/>\n<meta property=\"article:published_time\" content=\"2026-08-27T16:02:37+00:00\" \/>\n<meta property=\"article:modified_time\" content=\"2026-08-27T16:02:40+00:00\" \/>\n<meta property=\"og:image\" content=\"https:\/\/www.bbmnoticias.com\/labravaradiofm\/wp-content\/uploads\/sites\/5\/2026\/08\/la-inteligencia-naval-cruzo-fronteras-para-localizar-a-Fernando.jpg\" \/>\n\t<meta property=\"og:image:width\" content=\"746\" \/>\n\t<meta property=\"og:image:height\" content=\"415\" \/>\n\t<meta property=\"og:image:type\" content=\"image\/jpeg\" \/>\n<meta name=\"author\" content=\"El Heraldo\" \/>\n<meta name=\"twitter:card\" content=\"summary_large_image\" \/>\n<meta name=\"twitter:label1\" content=\"Escrito por\" \/>\n\t<meta name=\"twitter:data1\" content=\"El Heraldo\" \/>\n\t<meta name=\"twitter:label2\" content=\"Tiempo de lectura\" \/>\n\t<meta name=\"twitter:data2\" content=\"2 minutos\" \/>\n<script type=\"application\/ld+json\" class=\"yoast-schema-graph\">{\"@context\":\"https:\\\/\\\/schema.org\",\"@graph\":[{\"@type\":\"Article\",\"@id\":\"https:\\\/\\\/www.bbmnoticias.com\\\/vinculan-a-proceso-a-fernando-n-exservidor-publico-senalado-por-huachicol-fiscal\\\/#article\",\"isPartOf\":{\"@id\":\"https:\\\/\\\/www.bbmnoticias.com\\\/labravaradiofm\\\/2026\\\/08\\\/27\\\/vinculan-a-proceso-a-fernando-n-exservidor-publico-senalado-por-huachicol-fiscal\\\/\"},\"author\":{\"name\":\"El Heraldo\",\"@id\":\"https:\\\/\\\/www.bbmnoticias.com\\\/labravaradiofm\\\/#\\\/schema\\\/person\\\/32f1fc7382033a43789e6a250ee81243\"},\"headline\":\"Vinculan a proceso a Fernando \u201cN\u201d, exservidor p\u00fablico se\u00f1alado por huachicol fiscal\",\"datePublished\":\"2026-08-27T16:02:37+00:00\",\"dateModified\":\"2026-08-27T16:02:40+00:00\",\"mainEntityOfPage\":{\"@id\":\"https:\\\/\\\/www.bbmnoticias.com\\\/labravaradiofm\\\/2026\\\/08\\\/27\\\/vinculan-a-proceso-a-fernando-n-exservidor-publico-senalado-por-huachicol-fiscal\\\/\"},\"wordCount\":382,\"image\":{\"@id\":\"https:\\\/\\\/www.bbmnoticias.com\\\/vinculan-a-proceso-a-fernando-n-exservidor-publico-senalado-por-huachicol-fiscal\\\/#primaryimage\"},\"thumbnailUrl\":\"https:\\\/\\\/www.bbmnoticias.com\\\/labravaradiofm\\\/wp-content\\\/uploads\\\/sites\\\/5\\\/2026\\\/08\\\/la-inteligencia-naval-cruzo-fronteras-para-localizar-a-Fernando.jpg\",\"articleSection\":[\"LOCAL\",\"NACIONAL\"],\"inLanguage\":\"es\"},{\"@type\":\"WebPage\",\"@id\":\"https:\\\/\\\/www.bbmnoticias.com\\\/labravaradiofm\\\/2026\\\/08\\\/27\\\/vinculan-a-proceso-a-fernando-n-exservidor-publico-senalado-por-huachicol-fiscal\\\/\",\"url\":\"https:\\\/\\\/www.bbmnoticias.com\\\/vinculan-a-proceso-a-fernando-n-exservidor-publico-senalado-por-huachicol-fiscal\\\/\",\"name\":\"Vinculan a proceso a Fernando \u201cN\u201d, exservidor p\u00fablico se\u00f1alado por huachicol fiscal - LA BRAVA RADIO\",\"isPartOf\":{\"@id\":\"https:\\\/\\\/www.bbmnoticias.com\\\/labravaradiofm\\\/#website\"},\"primaryImageOfPage\":{\"@id\":\"https:\\\/\\\/www.bbmnoticias.com\\\/vinculan-a-proceso-a-fernando-n-exservidor-publico-senalado-por-huachicol-fiscal\\\/#primaryimage\"},\"image\":{\"@id\":\"https:\\\/\\\/www.bbmnoticias.com\\\/vinculan-a-proceso-a-fernando-n-exservidor-publico-senalado-por-huachicol-fiscal\\\/#primaryimage\"},\"thumbnailUrl\":\"https:\\\/\\\/www.bbmnoticias.com\\\/labravaradiofm\\\/wp-content\\\/uploads\\\/sites\\\/5\\\/2026\\\/08\\\/la-inteligencia-naval-cruzo-fronteras-para-localizar-a-Fernando.jpg\",\"datePublished\":\"2026-08-27T16:02:37+00:00\",\"dateModified\":\"2026-08-27T16:02:40+00:00\",\"author\":{\"@id\":\"https:\\\/\\\/www.bbmnoticias.com\\\/labravaradiofm\\\/#\\\/schema\\\/person\\\/32f1fc7382033a43789e6a250ee81243\"},\"breadcrumb\":{\"@id\":\"https:\\\/\\\/www.bbmnoticias.com\\\/vinculan-a-proceso-a-fernando-n-exservidor-publico-senalado-por-huachicol-fiscal\\\/#breadcrumb\"},\"inLanguage\":\"es\",\"potentialAction\":[{\"@type\":\"ReadAction\",\"target\":[\"https:\\\/\\\/www.bbmnoticias.com\\\/vinculan-a-proceso-a-fernando-n-exservidor-publico-senalado-por-huachicol-fiscal\\\/\"]}]},{\"@type\":\"ImageObject\",\"inLanguage\":\"es\",\"@id\":\"https:\\\/\\\/www.bbmnoticias.com\\\/vinculan-a-proceso-a-fernando-n-exservidor-publico-senalado-por-huachicol-fiscal\\\/#primaryimage\",\"url\":\"https:\\\/\\\/www.bbmnoticias.com\\\/labravaradiofm\\\/wp-content\\\/uploads\\\/sites\\\/5\\\/2026\\\/08\\\/la-inteligencia-naval-cruzo-fronteras-para-localizar-a-Fernando.jpg\",\"contentUrl\":\"https:\\\/\\\/www.bbmnoticias.com\\\/labravaradiofm\\\/wp-content\\\/uploads\\\/sites\\\/5\\\/2026\\\/08\\\/la-inteligencia-naval-cruzo-fronteras-para-localizar-a-Fernando.jpg\",\"width\":746,\"height\":415},{\"@type\":\"BreadcrumbList\",\"@id\":\"https:\\\/\\\/www.bbmnoticias.com\\\/vinculan-a-proceso-a-fernando-n-exservidor-publico-senalado-por-huachicol-fiscal\\\/#breadcrumb\",\"itemListElement\":[{\"@type\":\"ListItem\",\"position\":1,\"name\":\"Inicio\",\"item\":\"https:\\\/\\\/www.bbmnoticias.com\\\/labravaradiofm\\\/\"},{\"@type\":\"ListItem\",\"position\":2,\"name\":\"Vinculan a proceso a Fernando \u201cN\u201d, exservidor p\u00fablico se\u00f1alado por huachicol fiscal\"}]},{\"@type\":\"WebSite\",\"@id\":\"https:\\\/\\\/www.bbmnoticias.com\\\/labravaradiofm\\\/#website\",\"url\":\"https:\\\/\\\/www.bbmnoticias.com\\\/labravaradiofm\\\/\",\"name\":\"LA BRAVA RADIO\",\"description\":\"Empresa productora de medios, Radiodifusi\u00f3n, Noticias, tendencias y todo lo que necesitas saber de la pol\u00edtica mexicana e internacional; entretenimiento, espect\u00e1culos, salud y mucho m\u00e1s.\",\"potentialAction\":[{\"@type\":\"SearchAction\",\"target\":{\"@type\":\"EntryPoint\",\"urlTemplate\":\"https:\\\/\\\/www.bbmnoticias.com\\\/labravaradiofm\\\/?s={search_term_string}\"},\"query-input\":{\"@type\":\"PropertyValueSpecification\",\"valueRequired\":true,\"valueName\":\"search_term_string\"}}],\"inLanguage\":\"es\"},{\"@type\":\"Person\",\"@id\":\"https:\\\/\\\/www.bbmnoticias.com\\\/labravaradiofm\\\/#\\\/schema\\\/person\\\/32f1fc7382033a43789e6a250ee81243\",\"name\":\"El Heraldo\",\"image\":{\"@type\":\"ImageObject\",\"inLanguage\":\"es\",\"@id\":\"https:\\\/\\\/secure.gravatar.com\\\/avatar\\\/463017be041288b5a196814ef7242bd62699b857f306e4b5b61b533e8a87f404?s=96&d=mm&r=g\",\"url\":\"https:\\\/\\\/secure.gravatar.com\\\/avatar\\\/463017be041288b5a196814ef7242bd62699b857f306e4b5b61b533e8a87f404?s=96&d=mm&r=g\",\"contentUrl\":\"https:\\\/\\\/secure.gravatar.com\\\/avatar\\\/463017be041288b5a196814ef7242bd62699b857f306e4b5b61b533e8a87f404?s=96&d=mm&r=g\",\"caption\":\"El Heraldo\"},\"url\":\"https:\\\/\\\/www.bbmnoticias.com\\\/labravaradiofm\\\/author\\\/heraldo\\\/\"}]}<\/script>\n<!-- \/ Yoast SEO plugin. -->","yoast_head_json":{"title":"Vinculan a proceso a Fernando \u201cN\u201d, exservidor p\u00fablico se\u00f1alado por huachicol fiscal - LA BRAVA RADIO","robots":{"index":"index","follow":"follow","max-snippet":"max-snippet:-1","max-image-preview":"max-image-preview:large","max-video-preview":"max-video-preview:-1"},"canonical":"https:\/\/www.bbmnoticias.com\/vinculan-a-proceso-a-fernando-n-exservidor-publico-senalado-por-huachicol-fiscal\/","og_locale":"es_MX","og_type":"article","og_title":"Vinculan a proceso a Fernando \u201cN\u201d, exservidor p\u00fablico se\u00f1alado por huachicol fiscal - LA BRAVA RADIO","og_description":"La ma\u00f1ana de este jueves 27 de agosto fue vinculado a proceso el exfuncionario p\u00fablico, Fernando \u201cN\u201d, quien est\u00e1 se\u00f1alado por encabezar una compleja red criminal dedicada al contrabando, dispersi\u00f3n y distribuci\u00f3n de combustible, lo cual es conocido como &#8220;huachicol fiscal&#8221;.&nbsp; El exfuncionario fue vinculado a proceso por los delitos de delincuencia organizada, operaciones con [&hellip;]","og_url":"https:\/\/www.bbmnoticias.com\/vinculan-a-proceso-a-fernando-n-exservidor-publico-senalado-por-huachicol-fiscal\/","og_site_name":"LA BRAVA RADIO","article_published_time":"2026-08-27T16:02:37+00:00","article_modified_time":"2026-08-27T16:02:40+00:00","og_image":[{"width":746,"height":415,"url":"https:\/\/www.bbmnoticias.com\/labravaradiofm\/wp-content\/uploads\/sites\/5\/2026\/08\/la-inteligencia-naval-cruzo-fronteras-para-localizar-a-Fernando.jpg","type":"image\/jpeg"}],"author":"El Heraldo","twitter_card":"summary_large_image","twitter_misc":{"Escrito por":"El Heraldo","Tiempo de lectura":"2 minutos"},"schema":{"@context":"https:\/\/schema.org","@graph":[{"@type":"Article","@id":"https:\/\/www.bbmnoticias.com\/vinculan-a-proceso-a-fernando-n-exservidor-publico-senalado-por-huachicol-fiscal\/#article","isPartOf":{"@id":"https:\/\/www.bbmnoticias.com\/labravaradiofm\/2026\/08\/27\/vinculan-a-proceso-a-fernando-n-exservidor-publico-senalado-por-huachicol-fiscal\/"},"author":{"name":"El Heraldo","@id":"https:\/\/www.bbmnoticias.com\/labravaradiofm\/#\/schema\/person\/32f1fc7382033a43789e6a250ee81243"},"headline":"Vinculan a proceso a Fernando \u201cN\u201d, exservidor p\u00fablico se\u00f1alado por huachicol fiscal","datePublished":"2026-08-27T16:02:37+00:00","dateModified":"2026-08-27T16:02:40+00:00","mainEntityOfPage":{"@id":"https:\/\/www.bbmnoticias.com\/labravaradiofm\/2026\/08\/27\/vinculan-a-proceso-a-fernando-n-exservidor-publico-senalado-por-huachicol-fiscal\/"},"wordCount":382,"image":{"@id":"https:\/\/www.bbmnoticias.com\/vinculan-a-proceso-a-fernando-n-exservidor-publico-senalado-por-huachicol-fiscal\/#primaryimage"},"thumbnailUrl":"https:\/\/www.bbmnoticias.com\/labravaradiofm\/wp-content\/uploads\/sites\/5\/2026\/08\/la-inteligencia-naval-cruzo-fronteras-para-localizar-a-Fernando.jpg","articleSection":["LOCAL","NACIONAL"],"inLanguage":"es"},{"@type":"WebPage","@id":"https:\/\/www.bbmnoticias.com\/labravaradiofm\/2026\/08\/27\/vinculan-a-proceso-a-fernando-n-exservidor-publico-senalado-por-huachicol-fiscal\/","url":"https:\/\/www.bbmnoticias.com\/vinculan-a-proceso-a-fernando-n-exservidor-publico-senalado-por-huachicol-fiscal\/","name":"Vinculan a proceso a Fernando \u201cN\u201d, exservidor p\u00fablico se\u00f1alado por huachicol fiscal - LA BRAVA RADIO","isPartOf":{"@id":"https:\/\/www.bbmnoticias.com\/labravaradiofm\/#website"},"primaryImageOfPage":{"@id":"https:\/\/www.bbmnoticias.com\/vinculan-a-proceso-a-fernando-n-exservidor-publico-senalado-por-huachicol-fiscal\/#primaryimage"},"image":{"@id":"https:\/\/www.bbmnoticias.com\/vinculan-a-proceso-a-fernando-n-exservidor-publico-senalado-por-huachicol-fiscal\/#primaryimage"},"thumbnailUrl":"https:\/\/www.bbmnoticias.com\/labravaradiofm\/wp-content\/uploads\/sites\/5\/2026\/08\/la-inteligencia-naval-cruzo-fronteras-para-localizar-a-Fernando.jpg","datePublished":"2026-08-27T16:02:37+00:00","dateModified":"2026-08-27T16:02:40+00:00","author":{"@id":"https:\/\/www.bbmnoticias.com\/labravaradiofm\/#\/schema\/person\/32f1fc7382033a43789e6a250ee81243"},"breadcrumb":{"@id":"https:\/\/www.bbmnoticias.com\/vinculan-a-proceso-a-fernando-n-exservidor-publico-senalado-por-huachicol-fiscal\/#breadcrumb"},"inLanguage":"es","potentialAction":[{"@type":"ReadAction","target":["https:\/\/www.bbmnoticias.com\/vinculan-a-proceso-a-fernando-n-exservidor-publico-senalado-por-huachicol-fiscal\/"]}]},{"@type":"ImageObject","inLanguage":"es","@id":"https:\/\/www.bbmnoticias.com\/vinculan-a-proceso-a-fernando-n-exservidor-publico-senalado-por-huachicol-fiscal\/#primaryimage","url":"https:\/\/www.bbmnoticias.com\/labravaradiofm\/wp-content\/uploads\/sites\/5\/2026\/08\/la-inteligencia-naval-cruzo-fronteras-para-localizar-a-Fernando.jpg","contentUrl":"https:\/\/www.bbmnoticias.com\/labravaradiofm\/wp-content\/uploads\/sites\/5\/2026\/08\/la-inteligencia-naval-cruzo-fronteras-para-localizar-a-Fernando.jpg","width":746,"height":415},{"@type":"BreadcrumbList","@id":"https:\/\/www.bbmnoticias.com\/vinculan-a-proceso-a-fernando-n-exservidor-publico-senalado-por-huachicol-fiscal\/#breadcrumb","itemListElement":[{"@type":"ListItem","position":1,"name":"Inicio","item":"https:\/\/www.bbmnoticias.com\/labravaradiofm\/"},{"@type":"ListItem","position":2,"name":"Vinculan a proceso a Fernando \u201cN\u201d, exservidor p\u00fablico se\u00f1alado por huachicol fiscal"}]},{"@type":"WebSite","@id":"https:\/\/www.bbmnoticias.com\/labravaradiofm\/#website","url":"https:\/\/www.bbmnoticias.com\/labravaradiofm\/","name":"LA BRAVA RADIO","description":"Empresa productora de medios, Radiodifusi\u00f3n, Noticias, tendencias y todo lo que necesitas saber de la pol\u00edtica mexicana e internacional; entretenimiento, espect\u00e1culos, salud y mucho m\u00e1s.","potentialAction":[{"@type":"SearchAction","target":{"@type":"EntryPoint","urlTemplate":"https:\/\/www.bbmnoticias.com\/labravaradiofm\/?s={search_term_string}"},"query-input":{"@type":"PropertyValueSpecification","valueRequired":true,"valueName":"search_term_string"}}],"inLanguage":"es"},{"@type":"Person","@id":"https:\/\/www.bbmnoticias.com\/labravaradiofm\/#\/schema\/person\/32f1fc7382033a43789e6a250ee81243","name":"El Heraldo","image":{"@type":"ImageObject","inLanguage":"es","@id":"https:\/\/secure.gravatar.com\/avatar\/463017be041288b5a196814ef7242bd62699b857f306e4b5b61b533e8a87f404?s=96&d=mm&r=g","url":"https:\/\/secure.gravatar.com\/avatar\/463017be041288b5a196814ef7242bd62699b857f306e4b5b61b533e8a87f404?s=96&d=mm&r=g","contentUrl":"https:\/\/secure.gravatar.com\/avatar\/463017be041288b5a196814ef7242bd62699b857f306e4b5b61b533e8a87f404?s=96&d=mm&r=g","caption":"El Heraldo"},"url":"https:\/\/www.bbmnoticias.com\/labravaradiofm\/author\/heraldo\/"}]}},"_links":{"self":[{"href":"https:\/\/www.bbmnoticias.com\/labravaradiofm\/wp-json\/wp\/v2\/posts\/81149","targetHints":{"allow":["GET"]}}],"collection":[{"href":"https:\/\/www.bbmnoticias.com\/labravaradiofm\/wp-json\/wp\/v2\/posts"}],"about":[{"href":"https:\/\/www.bbmnoticias.com\/labravaradiofm\/wp-json\/wp\/v2\/types\/post"}],"author":[{"embeddable":true,"href":"https:\/\/www.bbmnoticias.com\/labravaradiofm\/wp-json\/wp\/v2\/users\/15"}],"replies":[{"embeddable":true,"href":"https:\/\/www.bbmnoticias.com\/labravaradiofm\/wp-json\/wp\/v2\/comments?post=81149"}],"version-history":[{"count":1,"href":"https:\/\/www.bbmnoticias.com\/labravaradiofm\/wp-json\/wp\/v2\/posts\/81149\/revisions"}],"predecessor-version":[{"id":81150,"href":"https:\/\/www.bbmnoticias.com\/labravaradiofm\/wp-json\/wp\/v2\/posts\/81149\/revisions\/81150"}],"wp:featuredmedia":[{"embeddable":true,"href":"https:\/\/www.bbmnoticias.com\/labravaradiofm\/wp-json\/wp\/v2\/media\/81151"}],"wp:attachment":[{"href":"https:\/\/www.bbmnoticias.com\/labravaradiofm\/wp-json\/wp\/v2\/media?parent=81149"}],"wp:term":[{"taxonomy":"category","embeddable":true,"href":"https:\/\/www.bbmnoticias.com\/labravaradiofm\/wp-json\/wp\/v2\/categories?post=81149"},{"taxonomy":"post_tag","embeddable":true,"href":"https:\/\/www.bbmnoticias.com\/labravaradiofm\/wp-json\/wp\/v2\/tags?post=81149"}],"curies":[{"name":"wp","href":"https:\/\/api.w.org\/{rel}","templated":true}]}}