{"id":81146,"date":"2026-08-27T10:01:13","date_gmt":"2026-08-27T16:01:13","guid":{"rendered":"https:\/\/www.bbmnoticias.com\/labravaradiofm\/2026\/08\/27\/sancionar-a-medios-raya-en-la-censura-dice-sheinbaum-en-la-mananera\/"},"modified":"2026-08-27T10:01:16","modified_gmt":"2026-08-27T16:01:16","slug":"sancionar-a-medios-raya-en-la-censura-dice-sheinbaum-en-la-mananera","status":"publish","type":"post","link":"https:\/\/www.bbmnoticias.com\/labravaradiofm\/2026\/08\/27\/sancionar-a-medios-raya-en-la-censura-dice-sheinbaum-en-la-mananera\/","title":{"rendered":"Sancionar a medios raya en la censura: dice Sheinbaum en la Ma\u00f1anera"},"content":{"rendered":"\n<p class=\"wp-block-paragraph\">Con la aprobaci\u00f3n de los Lineamientos para la Protecci\u00f3n de los Derechos de las Audiencias, la presidenta Claudia Sheinbaum Pardo asegur\u00f3 que sancionar a los medios de comunicaci\u00f3n por su contenido \u201craya en la censura\u201d.<\/p>\n\n\n\n<p class=\"wp-block-paragraph\">Desde Palacio Nacional, la mandataria explic\u00f3 que una persona se puede quejar por contenidos no confirmados.<\/p>\n\n\n\n<p class=\"wp-block-paragraph\">\u201c\u00bfQu\u00e9 opci\u00f3n alternativa tenemos a que el gobierno sancione o que una comisi\u00f3n aut\u00f3noma t\u00e9cnicamente sancione por el contenido? Porque con eso no estamos de acuerdo, porque eso raya en la censura. \u00bfQu\u00e9 opci\u00f3n tenemos? Bueno, que haya una persona. Que defiende el derecho de las audiencias.&nbsp;<\/p>\n\n\n\n<p class=\"wp-block-paragraph\">\u201cY entonces, un individuo, una persona, un ciudadano, una ciudadana, cualquier persona del pueblo de M\u00e9xico puede decirle a esta persona, \u2018oye, no est\u00e1s cumpliendo con tu c\u00f3digo de \u00e9tica de medio y adem\u00e1s dijiste mentiras\u2019\u201d, asegur\u00f3 en la Ma\u00f1anera de este 27 de agosto.<\/p>\n\n\n\n<p class=\"wp-block-paragraph\">Ayer, el Pleno de la Comisi\u00f3n Reguladora de Telecomunicaciones (CRT) aprob\u00f3 los \u201cLineamientos Generales para la Protecci\u00f3n de los Derechos de las Audiencias\u201d que, por primera vez, establecen un procedimiento para que las personas televidentes y radioescuchas de medios de comunicaci\u00f3n con concesiones de espectro radioel\u00e9ctrico para uso comercial, social y p\u00fablico puedan presentar comentarios, quejas o sugerencias, las cuales deber\u00e1n ser atendidas en un plazo de 20 d\u00edas.<\/p>\n\n\n\n<p class=\"wp-block-paragraph\">En la conferencia de prensa para la presentaci\u00f3n de los Lineamientos, la comisionada presidenta de la CRT, Norma Solano Rodr\u00edguez, en compa\u00f1\u00eda del Pleno del organismo regulador, subray\u00f3 que esta regulaci\u00f3n tutela el mecanismo para el ejercicio de los derechos de las audiencias, para expresar sus inquietudes y recibir respuesta de los propios medios.<\/p>\n\n\n\n<p class=\"wp-block-paragraph\">La versi\u00f3n aprobada se precis\u00f3 a partir del an\u00e1lisis de las 8 mil 889 participaciones recibidas durante la consulta p\u00fablica realizada del 27 de julio al 21 de agosto de 2026, provenientes de la ciudadan\u00eda, la academia, organizaciones de la sociedad civil, medios de comunicaci\u00f3n y personas expertas.&nbsp;<\/p>\n\n\n\n<p class=\"wp-block-paragraph\">El procedimiento para la protecci\u00f3n de los derechos de las audiencias inicia con la presentaci\u00f3n de la queja y concluye en un plazo no mayor a 20 d\u00edas, con la respuesta que la Defensor\u00eda brinda a la audiencia, con base en el informe que rinde el medio de comunicaci\u00f3n.<\/p>\n\n\n\n<p class=\"wp-block-paragraph\">\u201cEs un avance important\u00edsimo. \u00bfEn qu\u00e9 puede poner la condici\u00f3n una multa? A, porque no nombraste a tu defensor, porque no publicaste tu c\u00f3digo de \u00e9tica, porque no tienes un mecanismo transparente y accesible para poderte quejar. Son esencialmente las tres razones por las cuales la comisi\u00f3n puede poner un mundo que un medio de comunicaci\u00f3n se niegue a poner su defensor de las audiencias.&nbsp;<\/p>\n\n\n\n<p class=\"wp-block-paragraph\">\u201cEntonces hay un llamado y si no se cumplen, pues entonces puede haber una muerte. Pero por el contenido de lo que publica, no. Porque entonces. El tema es qui\u00e9n censura o estamos censurando si yo. Y dos no queremos que digan que el gobierno censura, porque no estamos de acuerdo en la censura\u201d, agreg\u00f3.<\/p>\n","protected":false},"excerpt":{"rendered":"<p>Con la aprobaci\u00f3n de los Lineamientos para la Protecci\u00f3n de los Derechos de las Audiencias, la presidenta Claudia Sheinbaum Pardo asegur\u00f3 que sancionar a los medios de comunicaci\u00f3n por su contenido \u201craya en la censura\u201d. Desde Palacio Nacional, la mandataria explic\u00f3 que una persona se puede quejar por contenidos no confirmados. \u201c\u00bfQu\u00e9 opci\u00f3n alternativa tenemos [&hellip;]<\/p>\n","protected":false},"author":15,"featured_media":81148,"comment_status":"closed","ping_status":"open","sticky":false,"template":"","format":"standard","meta":{"footnotes":""},"categories":[2,19],"tags":[],"class_list":["post-81146","post","type-post","status-publish","format-standard","has-post-thumbnail","hentry","category-oaxaca","category-nacional"],"yoast_head":"<!-- This site is optimized with the Yoast SEO plugin v28.1 - https:\/\/yoast.com\/product\/yoast-seo-wordpress\/ -->\n<title>Sancionar a medios raya en la censura: dice Sheinbaum en la Ma\u00f1anera - LA BRAVA RADIO<\/title>\n<meta name=\"robots\" content=\"index, follow, max-snippet:-1, max-image-preview:large, max-video-preview:-1\" \/>\n<link rel=\"canonical\" href=\"https:\/\/www.bbmnoticias.com\/sancionar-a-medios-raya-en-la-censura-dice-sheinbaum-en-la-mananera\/\" \/>\n<meta property=\"og:locale\" content=\"es_MX\" \/>\n<meta property=\"og:type\" content=\"article\" \/>\n<meta property=\"og:title\" content=\"Sancionar a medios raya en la censura: dice Sheinbaum en la Ma\u00f1anera - LA BRAVA RADIO\" \/>\n<meta property=\"og:description\" content=\"Con la aprobaci\u00f3n de los Lineamientos para la Protecci\u00f3n de los Derechos de las Audiencias, la presidenta Claudia Sheinbaum Pardo asegur\u00f3 que sancionar a los medios de comunicaci\u00f3n por su contenido \u201craya en la censura\u201d. Desde Palacio Nacional, la mandataria explic\u00f3 que una persona se puede quejar por contenidos no confirmados. \u201c\u00bfQu\u00e9 opci\u00f3n alternativa tenemos [&hellip;]\" \/>\n<meta property=\"og:url\" content=\"https:\/\/www.bbmnoticias.com\/sancionar-a-medios-raya-en-la-censura-dice-sheinbaum-en-la-mananera\/\" \/>\n<meta property=\"og:site_name\" content=\"LA BRAVA RADIO\" \/>\n<meta property=\"article:published_time\" content=\"2026-08-27T16:01:13+00:00\" \/>\n<meta property=\"article:modified_time\" content=\"2026-08-27T16:01:16+00:00\" \/>\n<meta property=\"og:image\" content=\"https:\/\/www.bbmnoticias.com\/labravaradiofm\/wp-content\/uploads\/sites\/5\/2026\/08\/Sheinbaum-en-la-Mananera.jpg\" \/>\n\t<meta property=\"og:image:width\" content=\"728\" \/>\n\t<meta property=\"og:image:height\" content=\"410\" \/>\n\t<meta property=\"og:image:type\" content=\"image\/jpeg\" \/>\n<meta name=\"author\" content=\"El Heraldo\" \/>\n<meta name=\"twitter:card\" content=\"summary_large_image\" \/>\n<meta name=\"twitter:label1\" content=\"Escrito por\" \/>\n\t<meta name=\"twitter:data1\" content=\"El Heraldo\" \/>\n\t<meta name=\"twitter:label2\" content=\"Tiempo de lectura\" \/>\n\t<meta name=\"twitter:data2\" content=\"3 minutos\" \/>\n<script type=\"application\/ld+json\" class=\"yoast-schema-graph\">{\"@context\":\"https:\\\/\\\/schema.org\",\"@graph\":[{\"@type\":\"Article\",\"@id\":\"https:\\\/\\\/www.bbmnoticias.com\\\/sancionar-a-medios-raya-en-la-censura-dice-sheinbaum-en-la-mananera\\\/#article\",\"isPartOf\":{\"@id\":\"https:\\\/\\\/www.bbmnoticias.com\\\/labravaradiofm\\\/2026\\\/08\\\/27\\\/sancionar-a-medios-raya-en-la-censura-dice-sheinbaum-en-la-mananera\\\/\"},\"author\":{\"name\":\"El Heraldo\",\"@id\":\"https:\\\/\\\/www.bbmnoticias.com\\\/labravaradiofm\\\/#\\\/schema\\\/person\\\/32f1fc7382033a43789e6a250ee81243\"},\"headline\":\"Sancionar a medios raya en la censura: dice Sheinbaum en la Ma\u00f1anera\",\"datePublished\":\"2026-08-27T16:01:13+00:00\",\"dateModified\":\"2026-08-27T16:01:16+00:00\",\"mainEntityOfPage\":{\"@id\":\"https:\\\/\\\/www.bbmnoticias.com\\\/labravaradiofm\\\/2026\\\/08\\\/27\\\/sancionar-a-medios-raya-en-la-censura-dice-sheinbaum-en-la-mananera\\\/\"},\"wordCount\":531,\"image\":{\"@id\":\"https:\\\/\\\/www.bbmnoticias.com\\\/sancionar-a-medios-raya-en-la-censura-dice-sheinbaum-en-la-mananera\\\/#primaryimage\"},\"thumbnailUrl\":\"https:\\\/\\\/www.bbmnoticias.com\\\/labravaradiofm\\\/wp-content\\\/uploads\\\/sites\\\/5\\\/2026\\\/08\\\/Sheinbaum-en-la-Mananera.jpg\",\"articleSection\":[\"LOCAL\",\"NACIONAL\"],\"inLanguage\":\"es\"},{\"@type\":\"WebPage\",\"@id\":\"https:\\\/\\\/www.bbmnoticias.com\\\/labravaradiofm\\\/2026\\\/08\\\/27\\\/sancionar-a-medios-raya-en-la-censura-dice-sheinbaum-en-la-mananera\\\/\",\"url\":\"https:\\\/\\\/www.bbmnoticias.com\\\/sancionar-a-medios-raya-en-la-censura-dice-sheinbaum-en-la-mananera\\\/\",\"name\":\"Sancionar a medios raya en la censura: dice Sheinbaum en la Ma\u00f1anera - LA BRAVA RADIO\",\"isPartOf\":{\"@id\":\"https:\\\/\\\/www.bbmnoticias.com\\\/labravaradiofm\\\/#website\"},\"primaryImageOfPage\":{\"@id\":\"https:\\\/\\\/www.bbmnoticias.com\\\/sancionar-a-medios-raya-en-la-censura-dice-sheinbaum-en-la-mananera\\\/#primaryimage\"},\"image\":{\"@id\":\"https:\\\/\\\/www.bbmnoticias.com\\\/sancionar-a-medios-raya-en-la-censura-dice-sheinbaum-en-la-mananera\\\/#primaryimage\"},\"thumbnailUrl\":\"https:\\\/\\\/www.bbmnoticias.com\\\/labravaradiofm\\\/wp-content\\\/uploads\\\/sites\\\/5\\\/2026\\\/08\\\/Sheinbaum-en-la-Mananera.jpg\",\"datePublished\":\"2026-08-27T16:01:13+00:00\",\"dateModified\":\"2026-08-27T16:01:16+00:00\",\"author\":{\"@id\":\"https:\\\/\\\/www.bbmnoticias.com\\\/labravaradiofm\\\/#\\\/schema\\\/person\\\/32f1fc7382033a43789e6a250ee81243\"},\"breadcrumb\":{\"@id\":\"https:\\\/\\\/www.bbmnoticias.com\\\/sancionar-a-medios-raya-en-la-censura-dice-sheinbaum-en-la-mananera\\\/#breadcrumb\"},\"inLanguage\":\"es\",\"potentialAction\":[{\"@type\":\"ReadAction\",\"target\":[\"https:\\\/\\\/www.bbmnoticias.com\\\/sancionar-a-medios-raya-en-la-censura-dice-sheinbaum-en-la-mananera\\\/\"]}]},{\"@type\":\"ImageObject\",\"inLanguage\":\"es\",\"@id\":\"https:\\\/\\\/www.bbmnoticias.com\\\/sancionar-a-medios-raya-en-la-censura-dice-sheinbaum-en-la-mananera\\\/#primaryimage\",\"url\":\"https:\\\/\\\/www.bbmnoticias.com\\\/labravaradiofm\\\/wp-content\\\/uploads\\\/sites\\\/5\\\/2026\\\/08\\\/Sheinbaum-en-la-Mananera.jpg\",\"contentUrl\":\"https:\\\/\\\/www.bbmnoticias.com\\\/labravaradiofm\\\/wp-content\\\/uploads\\\/sites\\\/5\\\/2026\\\/08\\\/Sheinbaum-en-la-Mananera.jpg\",\"width\":728,\"height\":410},{\"@type\":\"BreadcrumbList\",\"@id\":\"https:\\\/\\\/www.bbmnoticias.com\\\/sancionar-a-medios-raya-en-la-censura-dice-sheinbaum-en-la-mananera\\\/#breadcrumb\",\"itemListElement\":[{\"@type\":\"ListItem\",\"position\":1,\"name\":\"Inicio\",\"item\":\"https:\\\/\\\/www.bbmnoticias.com\\\/labravaradiofm\\\/\"},{\"@type\":\"ListItem\",\"position\":2,\"name\":\"Sancionar a medios raya en la censura: dice Sheinbaum en la Ma\u00f1anera\"}]},{\"@type\":\"WebSite\",\"@id\":\"https:\\\/\\\/www.bbmnoticias.com\\\/labravaradiofm\\\/#website\",\"url\":\"https:\\\/\\\/www.bbmnoticias.com\\\/labravaradiofm\\\/\",\"name\":\"LA BRAVA RADIO\",\"description\":\"Empresa productora de medios, Radiodifusi\u00f3n, Noticias, tendencias y todo lo que necesitas saber de la pol\u00edtica mexicana e internacional; entretenimiento, espect\u00e1culos, salud y mucho m\u00e1s.\",\"potentialAction\":[{\"@type\":\"SearchAction\",\"target\":{\"@type\":\"EntryPoint\",\"urlTemplate\":\"https:\\\/\\\/www.bbmnoticias.com\\\/labravaradiofm\\\/?s={search_term_string}\"},\"query-input\":{\"@type\":\"PropertyValueSpecification\",\"valueRequired\":true,\"valueName\":\"search_term_string\"}}],\"inLanguage\":\"es\"},{\"@type\":\"Person\",\"@id\":\"https:\\\/\\\/www.bbmnoticias.com\\\/labravaradiofm\\\/#\\\/schema\\\/person\\\/32f1fc7382033a43789e6a250ee81243\",\"name\":\"El Heraldo\",\"image\":{\"@type\":\"ImageObject\",\"inLanguage\":\"es\",\"@id\":\"https:\\\/\\\/secure.gravatar.com\\\/avatar\\\/463017be041288b5a196814ef7242bd62699b857f306e4b5b61b533e8a87f404?s=96&d=mm&r=g\",\"url\":\"https:\\\/\\\/secure.gravatar.com\\\/avatar\\\/463017be041288b5a196814ef7242bd62699b857f306e4b5b61b533e8a87f404?s=96&d=mm&r=g\",\"contentUrl\":\"https:\\\/\\\/secure.gravatar.com\\\/avatar\\\/463017be041288b5a196814ef7242bd62699b857f306e4b5b61b533e8a87f404?s=96&d=mm&r=g\",\"caption\":\"El Heraldo\"},\"url\":\"https:\\\/\\\/www.bbmnoticias.com\\\/labravaradiofm\\\/author\\\/heraldo\\\/\"}]}<\/script>\n<!-- \/ Yoast SEO plugin. -->","yoast_head_json":{"title":"Sancionar a medios raya en la censura: dice Sheinbaum en la Ma\u00f1anera - LA BRAVA RADIO","robots":{"index":"index","follow":"follow","max-snippet":"max-snippet:-1","max-image-preview":"max-image-preview:large","max-video-preview":"max-video-preview:-1"},"canonical":"https:\/\/www.bbmnoticias.com\/sancionar-a-medios-raya-en-la-censura-dice-sheinbaum-en-la-mananera\/","og_locale":"es_MX","og_type":"article","og_title":"Sancionar a medios raya en la censura: dice Sheinbaum en la Ma\u00f1anera - LA BRAVA RADIO","og_description":"Con la aprobaci\u00f3n de los Lineamientos para la Protecci\u00f3n de los Derechos de las Audiencias, la presidenta Claudia Sheinbaum Pardo asegur\u00f3 que sancionar a los medios de comunicaci\u00f3n por su contenido \u201craya en la censura\u201d. Desde Palacio Nacional, la mandataria explic\u00f3 que una persona se puede quejar por contenidos no confirmados. \u201c\u00bfQu\u00e9 opci\u00f3n alternativa tenemos [&hellip;]","og_url":"https:\/\/www.bbmnoticias.com\/sancionar-a-medios-raya-en-la-censura-dice-sheinbaum-en-la-mananera\/","og_site_name":"LA BRAVA RADIO","article_published_time":"2026-08-27T16:01:13+00:00","article_modified_time":"2026-08-27T16:01:16+00:00","og_image":[{"width":728,"height":410,"url":"https:\/\/www.bbmnoticias.com\/labravaradiofm\/wp-content\/uploads\/sites\/5\/2026\/08\/Sheinbaum-en-la-Mananera.jpg","type":"image\/jpeg"}],"author":"El Heraldo","twitter_card":"summary_large_image","twitter_misc":{"Escrito por":"El Heraldo","Tiempo de lectura":"3 minutos"},"schema":{"@context":"https:\/\/schema.org","@graph":[{"@type":"Article","@id":"https:\/\/www.bbmnoticias.com\/sancionar-a-medios-raya-en-la-censura-dice-sheinbaum-en-la-mananera\/#article","isPartOf":{"@id":"https:\/\/www.bbmnoticias.com\/labravaradiofm\/2026\/08\/27\/sancionar-a-medios-raya-en-la-censura-dice-sheinbaum-en-la-mananera\/"},"author":{"name":"El Heraldo","@id":"https:\/\/www.bbmnoticias.com\/labravaradiofm\/#\/schema\/person\/32f1fc7382033a43789e6a250ee81243"},"headline":"Sancionar a medios raya en la censura: dice Sheinbaum en la Ma\u00f1anera","datePublished":"2026-08-27T16:01:13+00:00","dateModified":"2026-08-27T16:01:16+00:00","mainEntityOfPage":{"@id":"https:\/\/www.bbmnoticias.com\/labravaradiofm\/2026\/08\/27\/sancionar-a-medios-raya-en-la-censura-dice-sheinbaum-en-la-mananera\/"},"wordCount":531,"image":{"@id":"https:\/\/www.bbmnoticias.com\/sancionar-a-medios-raya-en-la-censura-dice-sheinbaum-en-la-mananera\/#primaryimage"},"thumbnailUrl":"https:\/\/www.bbmnoticias.com\/labravaradiofm\/wp-content\/uploads\/sites\/5\/2026\/08\/Sheinbaum-en-la-Mananera.jpg","articleSection":["LOCAL","NACIONAL"],"inLanguage":"es"},{"@type":"WebPage","@id":"https:\/\/www.bbmnoticias.com\/labravaradiofm\/2026\/08\/27\/sancionar-a-medios-raya-en-la-censura-dice-sheinbaum-en-la-mananera\/","url":"https:\/\/www.bbmnoticias.com\/sancionar-a-medios-raya-en-la-censura-dice-sheinbaum-en-la-mananera\/","name":"Sancionar a medios raya en la censura: dice Sheinbaum en la Ma\u00f1anera - LA BRAVA RADIO","isPartOf":{"@id":"https:\/\/www.bbmnoticias.com\/labravaradiofm\/#website"},"primaryImageOfPage":{"@id":"https:\/\/www.bbmnoticias.com\/sancionar-a-medios-raya-en-la-censura-dice-sheinbaum-en-la-mananera\/#primaryimage"},"image":{"@id":"https:\/\/www.bbmnoticias.com\/sancionar-a-medios-raya-en-la-censura-dice-sheinbaum-en-la-mananera\/#primaryimage"},"thumbnailUrl":"https:\/\/www.bbmnoticias.com\/labravaradiofm\/wp-content\/uploads\/sites\/5\/2026\/08\/Sheinbaum-en-la-Mananera.jpg","datePublished":"2026-08-27T16:01:13+00:00","dateModified":"2026-08-27T16:01:16+00:00","author":{"@id":"https:\/\/www.bbmnoticias.com\/labravaradiofm\/#\/schema\/person\/32f1fc7382033a43789e6a250ee81243"},"breadcrumb":{"@id":"https:\/\/www.bbmnoticias.com\/sancionar-a-medios-raya-en-la-censura-dice-sheinbaum-en-la-mananera\/#breadcrumb"},"inLanguage":"es","potentialAction":[{"@type":"ReadAction","target":["https:\/\/www.bbmnoticias.com\/sancionar-a-medios-raya-en-la-censura-dice-sheinbaum-en-la-mananera\/"]}]},{"@type":"ImageObject","inLanguage":"es","@id":"https:\/\/www.bbmnoticias.com\/sancionar-a-medios-raya-en-la-censura-dice-sheinbaum-en-la-mananera\/#primaryimage","url":"https:\/\/www.bbmnoticias.com\/labravaradiofm\/wp-content\/uploads\/sites\/5\/2026\/08\/Sheinbaum-en-la-Mananera.jpg","contentUrl":"https:\/\/www.bbmnoticias.com\/labravaradiofm\/wp-content\/uploads\/sites\/5\/2026\/08\/Sheinbaum-en-la-Mananera.jpg","width":728,"height":410},{"@type":"BreadcrumbList","@id":"https:\/\/www.bbmnoticias.com\/sancionar-a-medios-raya-en-la-censura-dice-sheinbaum-en-la-mananera\/#breadcrumb","itemListElement":[{"@type":"ListItem","position":1,"name":"Inicio","item":"https:\/\/www.bbmnoticias.com\/labravaradiofm\/"},{"@type":"ListItem","position":2,"name":"Sancionar a medios raya en la censura: dice Sheinbaum en la Ma\u00f1anera"}]},{"@type":"WebSite","@id":"https:\/\/www.bbmnoticias.com\/labravaradiofm\/#website","url":"https:\/\/www.bbmnoticias.com\/labravaradiofm\/","name":"LA BRAVA RADIO","description":"Empresa productora de medios, Radiodifusi\u00f3n, Noticias, tendencias y todo lo que necesitas saber de la pol\u00edtica mexicana e internacional; entretenimiento, espect\u00e1culos, salud y mucho m\u00e1s.","potentialAction":[{"@type":"SearchAction","target":{"@type":"EntryPoint","urlTemplate":"https:\/\/www.bbmnoticias.com\/labravaradiofm\/?s={search_term_string}"},"query-input":{"@type":"PropertyValueSpecification","valueRequired":true,"valueName":"search_term_string"}}],"inLanguage":"es"},{"@type":"Person","@id":"https:\/\/www.bbmnoticias.com\/labravaradiofm\/#\/schema\/person\/32f1fc7382033a43789e6a250ee81243","name":"El Heraldo","image":{"@type":"ImageObject","inLanguage":"es","@id":"https:\/\/secure.gravatar.com\/avatar\/463017be041288b5a196814ef7242bd62699b857f306e4b5b61b533e8a87f404?s=96&d=mm&r=g","url":"https:\/\/secure.gravatar.com\/avatar\/463017be041288b5a196814ef7242bd62699b857f306e4b5b61b533e8a87f404?s=96&d=mm&r=g","contentUrl":"https:\/\/secure.gravatar.com\/avatar\/463017be041288b5a196814ef7242bd62699b857f306e4b5b61b533e8a87f404?s=96&d=mm&r=g","caption":"El Heraldo"},"url":"https:\/\/www.bbmnoticias.com\/labravaradiofm\/author\/heraldo\/"}]}},"_links":{"self":[{"href":"https:\/\/www.bbmnoticias.com\/labravaradiofm\/wp-json\/wp\/v2\/posts\/81146","targetHints":{"allow":["GET"]}}],"collection":[{"href":"https:\/\/www.bbmnoticias.com\/labravaradiofm\/wp-json\/wp\/v2\/posts"}],"about":[{"href":"https:\/\/www.bbmnoticias.com\/labravaradiofm\/wp-json\/wp\/v2\/types\/post"}],"author":[{"embeddable":true,"href":"https:\/\/www.bbmnoticias.com\/labravaradiofm\/wp-json\/wp\/v2\/users\/15"}],"replies":[{"embeddable":true,"href":"https:\/\/www.bbmnoticias.com\/labravaradiofm\/wp-json\/wp\/v2\/comments?post=81146"}],"version-history":[{"count":1,"href":"https:\/\/www.bbmnoticias.com\/labravaradiofm\/wp-json\/wp\/v2\/posts\/81146\/revisions"}],"predecessor-version":[{"id":81147,"href":"https:\/\/www.bbmnoticias.com\/labravaradiofm\/wp-json\/wp\/v2\/posts\/81146\/revisions\/81147"}],"wp:featuredmedia":[{"embeddable":true,"href":"https:\/\/www.bbmnoticias.com\/labravaradiofm\/wp-json\/wp\/v2\/media\/81148"}],"wp:attachment":[{"href":"https:\/\/www.bbmnoticias.com\/labravaradiofm\/wp-json\/wp\/v2\/media?parent=81146"}],"wp:term":[{"taxonomy":"category","embeddable":true,"href":"https:\/\/www.bbmnoticias.com\/labravaradiofm\/wp-json\/wp\/v2\/categories?post=81146"},{"taxonomy":"post_tag","embeddable":true,"href":"https:\/\/www.bbmnoticias.com\/labravaradiofm\/wp-json\/wp\/v2\/tags?post=81146"}],"curies":[{"name":"wp","href":"https:\/\/api.w.org\/{rel}","templated":true}]}}