{"id":81140,"date":"2026-08-27T09:56:11","date_gmt":"2026-08-27T15:56:11","guid":{"rendered":"https:\/\/www.bbmnoticias.com\/labravaradiofm\/2026\/08\/27\/fijan-fecha-para-juicio-militar-del-cerebro-de-los-atentados-del-11-de-septiembre-en-eu\/"},"modified":"2026-08-27T09:56:15","modified_gmt":"2026-08-27T15:56:15","slug":"fijan-fecha-para-juicio-militar-del-cerebro-de-los-atentados-del-11-de-septiembre-en-eu","status":"publish","type":"post","link":"https:\/\/www.bbmnoticias.com\/labravaradiofm\/2026\/08\/27\/fijan-fecha-para-juicio-militar-del-cerebro-de-los-atentados-del-11-de-septiembre-en-eu\/","title":{"rendered":"Fijan fecha para juicio militar del cerebro de los atentados del 11 de septiembre en EU"},"content":{"rendered":"\n<p class=\"wp-block-paragraph\">Un juez militar dictamin\u00f3 este mi\u00e9rcoles que el hombre acusado de ser el <strong>cerebro detr\u00e1s de los ataques del 11 de septiembre de 2001<\/strong>, <strong>Khalid Sheikh Mohammed<\/strong>, ser\u00e1 juzgado a partir de <strong>junio de 2028<\/strong>.<\/p>\n\n\n\n<p class=\"wp-block-paragraph\">El proceso se llevar\u00e1 a cabo junto a otros sospechosos: <strong>Walid bin Attash<\/strong>, <strong>Ali Abdul Aziz Ali<\/strong> y <strong>Mustafa Ahmed al-Hawsawi<\/strong>, quienes est\u00e1n acusados de haber conspirado en los atentados.<\/p>\n\n\n\n<p class=\"wp-block-paragraph\">Mohammed est\u00e1 se\u00f1alado como el principal responsable de orquestar el complot para estrellar aviones secuestrados contra el <strong>World Trade Center en Nueva York<\/strong> y el <strong>Pent\u00e1gono<\/strong>. Un tercer avi\u00f3n se estrell\u00f3 en un campo de <strong>Pennsylvania<\/strong>, completando la serie de ataques que dejaron casi 3.000 muertos y marcaron un antes y un despu\u00e9s en la historia contempor\u00e1nea de Estados Unidos.<\/p>\n\n\n\n<p class=\"wp-block-paragraph\">El acusado se encuentra detenido en la <strong>base naval estadounidense de la Bah\u00eda de Guant\u00e1namo, Cuba<\/strong>, desde 2006. Su caso ha sido uno de los m\u00e1s emblem\u00e1ticos y controvertidos en torno al sistema de justicia militar y a la detenci\u00f3n de sospechosos de terrorismo en la llamada \u201cguerra contra el terror\u201d.<\/p>\n\n\n\n<h2 class=\"wp-block-heading\">Tribunal de apelaciones anul\u00f3 acuerdo de culpabilida<\/h2>\n\n\n\n<p class=\"wp-block-paragraph\">Un <strong>tribunal de apelaciones estadounidense<\/strong> anul\u00f3 por segunda ocasi\u00f3n el acuerdo de culpabilidad en 2025. Por mayor\u00eda de <strong>dos a uno<\/strong>, el tribunal valid\u00f3 la decisi\u00f3n del exsecretario de Defensa <strong>Lloyd Austin<\/strong>, quien en agosto de 2024 revoc\u00f3 los acuerdos de culpabilidad de Mohammed y dos coacusados, que les habr\u00edan evitado la pena de muerte.<\/p>\n\n\n\n<p class=\"wp-block-paragraph\">Estos acuerdos hab\u00edan sido restablecidos por un juez militar en noviembre de ese a\u00f1o, pero el tribunal de apelaciones concluy\u00f3 que <em>\u201cel ministro actu\u00f3 dentro de los l\u00edmites de sus facultades legales y no queremos cuestionar su juicio\u201d<\/em>, adem\u00e1s de se\u00f1alar que el juez militar cometi\u00f3 \u201cerrores indiscutibles\u201d.<\/p>\n\n\n\n<p class=\"wp-block-paragraph\">Aunque los t\u00e9rminos del acuerdo no se hicieron p\u00fablicos, medios estadounidenses informaron que los acusados hab\u00edan aceptado declararse culpables de conspiraci\u00f3n para cometer delitos a cambio de <strong>cadena perpetua<\/strong>, evitando as\u00ed un juicio que podr\u00eda haber conducido a la <strong>pena de muerte<\/strong>.<\/p>\n","protected":false},"excerpt":{"rendered":"<p>Un juez militar dictamin\u00f3 este mi\u00e9rcoles que el hombre acusado de ser el cerebro detr\u00e1s de los ataques del 11 de septiembre de 2001, Khalid Sheikh Mohammed, ser\u00e1 juzgado a partir de junio de 2028. El proceso se llevar\u00e1 a cabo junto a otros sospechosos: Walid bin Attash, Ali Abdul Aziz Ali y Mustafa Ahmed [&hellip;]<\/p>\n","protected":false},"author":8,"featured_media":81142,"comment_status":"closed","ping_status":"open","sticky":false,"template":"","format":"standard","meta":{"footnotes":""},"categories":[948,2],"tags":[],"class_list":["post-81140","post","type-post","status-publish","format-standard","has-post-thumbnail","hentry","category-internacional","category-oaxaca"],"yoast_head":"<!-- This site is optimized with the Yoast SEO plugin v28.1 - https:\/\/yoast.com\/product\/yoast-seo-wordpress\/ -->\n<title>Fijan fecha para juicio militar del cerebro de los atentados del 11 de septiembre en EU - LA BRAVA RADIO<\/title>\n<meta name=\"robots\" content=\"index, follow, max-snippet:-1, max-image-preview:large, max-video-preview:-1\" \/>\n<link rel=\"canonical\" href=\"https:\/\/www.bbmnoticias.com\/fijan-fecha-para-juicio-militar-del-cerebro-de-los-atentados-del-11-de-septiembre-en-eu\/\" \/>\n<meta property=\"og:locale\" content=\"es_MX\" \/>\n<meta property=\"og:type\" content=\"article\" \/>\n<meta property=\"og:title\" content=\"Fijan fecha para juicio militar del cerebro de los atentados del 11 de septiembre en EU - LA BRAVA RADIO\" \/>\n<meta property=\"og:description\" content=\"Un juez militar dictamin\u00f3 este mi\u00e9rcoles que el hombre acusado de ser el cerebro detr\u00e1s de los ataques del 11 de septiembre de 2001, Khalid Sheikh Mohammed, ser\u00e1 juzgado a partir de junio de 2028. El proceso se llevar\u00e1 a cabo junto a otros sospechosos: Walid bin Attash, Ali Abdul Aziz Ali y Mustafa Ahmed [&hellip;]\" \/>\n<meta property=\"og:url\" content=\"https:\/\/www.bbmnoticias.com\/fijan-fecha-para-juicio-militar-del-cerebro-de-los-atentados-del-11-de-septiembre-en-eu\/\" \/>\n<meta property=\"og:site_name\" content=\"LA BRAVA RADIO\" \/>\n<meta property=\"article:published_time\" content=\"2026-08-27T15:56:11+00:00\" \/>\n<meta property=\"article:modified_time\" content=\"2026-08-27T15:56:15+00:00\" \/>\n<meta property=\"og:image\" content=\"https:\/\/www.bbmnoticias.com\/labravaradiofm\/wp-content\/uploads\/sites\/5\/2026\/08\/Khalid-Sheikh-Mohammed.jpeg\" \/>\n\t<meta property=\"og:image:width\" content=\"813\" \/>\n\t<meta property=\"og:image:height\" content=\"542\" \/>\n\t<meta property=\"og:image:type\" content=\"image\/jpeg\" \/>\n<meta name=\"author\" content=\"Exc\u00e9lsior\" \/>\n<meta name=\"twitter:card\" content=\"summary_large_image\" \/>\n<meta name=\"twitter:label1\" content=\"Escrito por\" \/>\n\t<meta name=\"twitter:data1\" content=\"Exc\u00e9lsior\" \/>\n\t<meta name=\"twitter:label2\" content=\"Tiempo de lectura\" \/>\n\t<meta name=\"twitter:data2\" content=\"2 minutos\" \/>\n<script type=\"application\/ld+json\" class=\"yoast-schema-graph\">{\"@context\":\"https:\\\/\\\/schema.org\",\"@graph\":[{\"@type\":\"Article\",\"@id\":\"https:\\\/\\\/www.bbmnoticias.com\\\/fijan-fecha-para-juicio-militar-del-cerebro-de-los-atentados-del-11-de-septiembre-en-eu\\\/#article\",\"isPartOf\":{\"@id\":\"https:\\\/\\\/www.bbmnoticias.com\\\/labravaradiofm\\\/2026\\\/08\\\/27\\\/fijan-fecha-para-juicio-militar-del-cerebro-de-los-atentados-del-11-de-septiembre-en-eu\\\/\"},\"author\":{\"name\":\"Exc\u00e9lsior\",\"@id\":\"https:\\\/\\\/www.bbmnoticias.com\\\/labravaradiofm\\\/#\\\/schema\\\/person\\\/92571928210861b7374edfc7068926ba\"},\"headline\":\"Fijan fecha para juicio militar del cerebro de los atentados del 11 de septiembre en EU\",\"datePublished\":\"2026-08-27T15:56:11+00:00\",\"dateModified\":\"2026-08-27T15:56:15+00:00\",\"mainEntityOfPage\":{\"@id\":\"https:\\\/\\\/www.bbmnoticias.com\\\/labravaradiofm\\\/2026\\\/08\\\/27\\\/fijan-fecha-para-juicio-militar-del-cerebro-de-los-atentados-del-11-de-septiembre-en-eu\\\/\"},\"wordCount\":363,\"image\":{\"@id\":\"https:\\\/\\\/www.bbmnoticias.com\\\/fijan-fecha-para-juicio-militar-del-cerebro-de-los-atentados-del-11-de-septiembre-en-eu\\\/#primaryimage\"},\"thumbnailUrl\":\"https:\\\/\\\/www.bbmnoticias.com\\\/labravaradiofm\\\/wp-content\\\/uploads\\\/sites\\\/5\\\/2026\\\/08\\\/Khalid-Sheikh-Mohammed.jpeg\",\"articleSection\":[\"INTERNACIONAL\",\"LOCAL\"],\"inLanguage\":\"es\"},{\"@type\":\"WebPage\",\"@id\":\"https:\\\/\\\/www.bbmnoticias.com\\\/labravaradiofm\\\/2026\\\/08\\\/27\\\/fijan-fecha-para-juicio-militar-del-cerebro-de-los-atentados-del-11-de-septiembre-en-eu\\\/\",\"url\":\"https:\\\/\\\/www.bbmnoticias.com\\\/fijan-fecha-para-juicio-militar-del-cerebro-de-los-atentados-del-11-de-septiembre-en-eu\\\/\",\"name\":\"Fijan fecha para juicio militar del cerebro de los atentados del 11 de septiembre en EU - LA BRAVA RADIO\",\"isPartOf\":{\"@id\":\"https:\\\/\\\/www.bbmnoticias.com\\\/labravaradiofm\\\/#website\"},\"primaryImageOfPage\":{\"@id\":\"https:\\\/\\\/www.bbmnoticias.com\\\/fijan-fecha-para-juicio-militar-del-cerebro-de-los-atentados-del-11-de-septiembre-en-eu\\\/#primaryimage\"},\"image\":{\"@id\":\"https:\\\/\\\/www.bbmnoticias.com\\\/fijan-fecha-para-juicio-militar-del-cerebro-de-los-atentados-del-11-de-septiembre-en-eu\\\/#primaryimage\"},\"thumbnailUrl\":\"https:\\\/\\\/www.bbmnoticias.com\\\/labravaradiofm\\\/wp-content\\\/uploads\\\/sites\\\/5\\\/2026\\\/08\\\/Khalid-Sheikh-Mohammed.jpeg\",\"datePublished\":\"2026-08-27T15:56:11+00:00\",\"dateModified\":\"2026-08-27T15:56:15+00:00\",\"author\":{\"@id\":\"https:\\\/\\\/www.bbmnoticias.com\\\/labravaradiofm\\\/#\\\/schema\\\/person\\\/92571928210861b7374edfc7068926ba\"},\"breadcrumb\":{\"@id\":\"https:\\\/\\\/www.bbmnoticias.com\\\/fijan-fecha-para-juicio-militar-del-cerebro-de-los-atentados-del-11-de-septiembre-en-eu\\\/#breadcrumb\"},\"inLanguage\":\"es\",\"potentialAction\":[{\"@type\":\"ReadAction\",\"target\":[\"https:\\\/\\\/www.bbmnoticias.com\\\/fijan-fecha-para-juicio-militar-del-cerebro-de-los-atentados-del-11-de-septiembre-en-eu\\\/\"]}]},{\"@type\":\"ImageObject\",\"inLanguage\":\"es\",\"@id\":\"https:\\\/\\\/www.bbmnoticias.com\\\/fijan-fecha-para-juicio-militar-del-cerebro-de-los-atentados-del-11-de-septiembre-en-eu\\\/#primaryimage\",\"url\":\"https:\\\/\\\/www.bbmnoticias.com\\\/labravaradiofm\\\/wp-content\\\/uploads\\\/sites\\\/5\\\/2026\\\/08\\\/Khalid-Sheikh-Mohammed.jpeg\",\"contentUrl\":\"https:\\\/\\\/www.bbmnoticias.com\\\/labravaradiofm\\\/wp-content\\\/uploads\\\/sites\\\/5\\\/2026\\\/08\\\/Khalid-Sheikh-Mohammed.jpeg\",\"width\":813,\"height\":542},{\"@type\":\"BreadcrumbList\",\"@id\":\"https:\\\/\\\/www.bbmnoticias.com\\\/fijan-fecha-para-juicio-militar-del-cerebro-de-los-atentados-del-11-de-septiembre-en-eu\\\/#breadcrumb\",\"itemListElement\":[{\"@type\":\"ListItem\",\"position\":1,\"name\":\"Inicio\",\"item\":\"https:\\\/\\\/www.bbmnoticias.com\\\/labravaradiofm\\\/\"},{\"@type\":\"ListItem\",\"position\":2,\"name\":\"Fijan fecha para juicio militar del cerebro de los atentados del 11 de septiembre en EU\"}]},{\"@type\":\"WebSite\",\"@id\":\"https:\\\/\\\/www.bbmnoticias.com\\\/labravaradiofm\\\/#website\",\"url\":\"https:\\\/\\\/www.bbmnoticias.com\\\/labravaradiofm\\\/\",\"name\":\"LA BRAVA RADIO\",\"description\":\"Empresa productora de medios, Radiodifusi\u00f3n, Noticias, tendencias y todo lo que necesitas saber de la pol\u00edtica mexicana e internacional; entretenimiento, espect\u00e1culos, salud y mucho m\u00e1s.\",\"potentialAction\":[{\"@type\":\"SearchAction\",\"target\":{\"@type\":\"EntryPoint\",\"urlTemplate\":\"https:\\\/\\\/www.bbmnoticias.com\\\/labravaradiofm\\\/?s={search_term_string}\"},\"query-input\":{\"@type\":\"PropertyValueSpecification\",\"valueRequired\":true,\"valueName\":\"search_term_string\"}}],\"inLanguage\":\"es\"},{\"@type\":\"Person\",\"@id\":\"https:\\\/\\\/www.bbmnoticias.com\\\/labravaradiofm\\\/#\\\/schema\\\/person\\\/92571928210861b7374edfc7068926ba\",\"name\":\"Exc\u00e9lsior\",\"image\":{\"@type\":\"ImageObject\",\"inLanguage\":\"es\",\"@id\":\"https:\\\/\\\/secure.gravatar.com\\\/avatar\\\/497265c4dbe1cd0e2f3f1b19aba0f5779c7f95d09e139a5b83c1ecd47b4e780d?s=96&d=mm&r=g\",\"url\":\"https:\\\/\\\/secure.gravatar.com\\\/avatar\\\/497265c4dbe1cd0e2f3f1b19aba0f5779c7f95d09e139a5b83c1ecd47b4e780d?s=96&d=mm&r=g\",\"contentUrl\":\"https:\\\/\\\/secure.gravatar.com\\\/avatar\\\/497265c4dbe1cd0e2f3f1b19aba0f5779c7f95d09e139a5b83c1ecd47b4e780d?s=96&d=mm&r=g\",\"caption\":\"Exc\u00e9lsior\"},\"url\":\"https:\\\/\\\/www.bbmnoticias.com\\\/labravaradiofm\\\/author\\\/excelsior\\\/\"}]}<\/script>\n<!-- \/ Yoast SEO plugin. -->","yoast_head_json":{"title":"Fijan fecha para juicio militar del cerebro de los atentados del 11 de septiembre en EU - LA BRAVA RADIO","robots":{"index":"index","follow":"follow","max-snippet":"max-snippet:-1","max-image-preview":"max-image-preview:large","max-video-preview":"max-video-preview:-1"},"canonical":"https:\/\/www.bbmnoticias.com\/fijan-fecha-para-juicio-militar-del-cerebro-de-los-atentados-del-11-de-septiembre-en-eu\/","og_locale":"es_MX","og_type":"article","og_title":"Fijan fecha para juicio militar del cerebro de los atentados del 11 de septiembre en EU - LA BRAVA RADIO","og_description":"Un juez militar dictamin\u00f3 este mi\u00e9rcoles que el hombre acusado de ser el cerebro detr\u00e1s de los ataques del 11 de septiembre de 2001, Khalid Sheikh Mohammed, ser\u00e1 juzgado a partir de junio de 2028. El proceso se llevar\u00e1 a cabo junto a otros sospechosos: Walid bin Attash, Ali Abdul Aziz Ali y Mustafa Ahmed [&hellip;]","og_url":"https:\/\/www.bbmnoticias.com\/fijan-fecha-para-juicio-militar-del-cerebro-de-los-atentados-del-11-de-septiembre-en-eu\/","og_site_name":"LA BRAVA RADIO","article_published_time":"2026-08-27T15:56:11+00:00","article_modified_time":"2026-08-27T15:56:15+00:00","og_image":[{"width":813,"height":542,"url":"https:\/\/www.bbmnoticias.com\/labravaradiofm\/wp-content\/uploads\/sites\/5\/2026\/08\/Khalid-Sheikh-Mohammed.jpeg","type":"image\/jpeg"}],"author":"Exc\u00e9lsior","twitter_card":"summary_large_image","twitter_misc":{"Escrito por":"Exc\u00e9lsior","Tiempo de lectura":"2 minutos"},"schema":{"@context":"https:\/\/schema.org","@graph":[{"@type":"Article","@id":"https:\/\/www.bbmnoticias.com\/fijan-fecha-para-juicio-militar-del-cerebro-de-los-atentados-del-11-de-septiembre-en-eu\/#article","isPartOf":{"@id":"https:\/\/www.bbmnoticias.com\/labravaradiofm\/2026\/08\/27\/fijan-fecha-para-juicio-militar-del-cerebro-de-los-atentados-del-11-de-septiembre-en-eu\/"},"author":{"name":"Exc\u00e9lsior","@id":"https:\/\/www.bbmnoticias.com\/labravaradiofm\/#\/schema\/person\/92571928210861b7374edfc7068926ba"},"headline":"Fijan fecha para juicio militar del cerebro de los atentados del 11 de septiembre en EU","datePublished":"2026-08-27T15:56:11+00:00","dateModified":"2026-08-27T15:56:15+00:00","mainEntityOfPage":{"@id":"https:\/\/www.bbmnoticias.com\/labravaradiofm\/2026\/08\/27\/fijan-fecha-para-juicio-militar-del-cerebro-de-los-atentados-del-11-de-septiembre-en-eu\/"},"wordCount":363,"image":{"@id":"https:\/\/www.bbmnoticias.com\/fijan-fecha-para-juicio-militar-del-cerebro-de-los-atentados-del-11-de-septiembre-en-eu\/#primaryimage"},"thumbnailUrl":"https:\/\/www.bbmnoticias.com\/labravaradiofm\/wp-content\/uploads\/sites\/5\/2026\/08\/Khalid-Sheikh-Mohammed.jpeg","articleSection":["INTERNACIONAL","LOCAL"],"inLanguage":"es"},{"@type":"WebPage","@id":"https:\/\/www.bbmnoticias.com\/labravaradiofm\/2026\/08\/27\/fijan-fecha-para-juicio-militar-del-cerebro-de-los-atentados-del-11-de-septiembre-en-eu\/","url":"https:\/\/www.bbmnoticias.com\/fijan-fecha-para-juicio-militar-del-cerebro-de-los-atentados-del-11-de-septiembre-en-eu\/","name":"Fijan fecha para juicio militar del cerebro de los atentados del 11 de septiembre en EU - LA BRAVA RADIO","isPartOf":{"@id":"https:\/\/www.bbmnoticias.com\/labravaradiofm\/#website"},"primaryImageOfPage":{"@id":"https:\/\/www.bbmnoticias.com\/fijan-fecha-para-juicio-militar-del-cerebro-de-los-atentados-del-11-de-septiembre-en-eu\/#primaryimage"},"image":{"@id":"https:\/\/www.bbmnoticias.com\/fijan-fecha-para-juicio-militar-del-cerebro-de-los-atentados-del-11-de-septiembre-en-eu\/#primaryimage"},"thumbnailUrl":"https:\/\/www.bbmnoticias.com\/labravaradiofm\/wp-content\/uploads\/sites\/5\/2026\/08\/Khalid-Sheikh-Mohammed.jpeg","datePublished":"2026-08-27T15:56:11+00:00","dateModified":"2026-08-27T15:56:15+00:00","author":{"@id":"https:\/\/www.bbmnoticias.com\/labravaradiofm\/#\/schema\/person\/92571928210861b7374edfc7068926ba"},"breadcrumb":{"@id":"https:\/\/www.bbmnoticias.com\/fijan-fecha-para-juicio-militar-del-cerebro-de-los-atentados-del-11-de-septiembre-en-eu\/#breadcrumb"},"inLanguage":"es","potentialAction":[{"@type":"ReadAction","target":["https:\/\/www.bbmnoticias.com\/fijan-fecha-para-juicio-militar-del-cerebro-de-los-atentados-del-11-de-septiembre-en-eu\/"]}]},{"@type":"ImageObject","inLanguage":"es","@id":"https:\/\/www.bbmnoticias.com\/fijan-fecha-para-juicio-militar-del-cerebro-de-los-atentados-del-11-de-septiembre-en-eu\/#primaryimage","url":"https:\/\/www.bbmnoticias.com\/labravaradiofm\/wp-content\/uploads\/sites\/5\/2026\/08\/Khalid-Sheikh-Mohammed.jpeg","contentUrl":"https:\/\/www.bbmnoticias.com\/labravaradiofm\/wp-content\/uploads\/sites\/5\/2026\/08\/Khalid-Sheikh-Mohammed.jpeg","width":813,"height":542},{"@type":"BreadcrumbList","@id":"https:\/\/www.bbmnoticias.com\/fijan-fecha-para-juicio-militar-del-cerebro-de-los-atentados-del-11-de-septiembre-en-eu\/#breadcrumb","itemListElement":[{"@type":"ListItem","position":1,"name":"Inicio","item":"https:\/\/www.bbmnoticias.com\/labravaradiofm\/"},{"@type":"ListItem","position":2,"name":"Fijan fecha para juicio militar del cerebro de los atentados del 11 de septiembre en EU"}]},{"@type":"WebSite","@id":"https:\/\/www.bbmnoticias.com\/labravaradiofm\/#website","url":"https:\/\/www.bbmnoticias.com\/labravaradiofm\/","name":"LA BRAVA RADIO","description":"Empresa productora de medios, Radiodifusi\u00f3n, Noticias, tendencias y todo lo que necesitas saber de la pol\u00edtica mexicana e internacional; entretenimiento, espect\u00e1culos, salud y mucho m\u00e1s.","potentialAction":[{"@type":"SearchAction","target":{"@type":"EntryPoint","urlTemplate":"https:\/\/www.bbmnoticias.com\/labravaradiofm\/?s={search_term_string}"},"query-input":{"@type":"PropertyValueSpecification","valueRequired":true,"valueName":"search_term_string"}}],"inLanguage":"es"},{"@type":"Person","@id":"https:\/\/www.bbmnoticias.com\/labravaradiofm\/#\/schema\/person\/92571928210861b7374edfc7068926ba","name":"Exc\u00e9lsior","image":{"@type":"ImageObject","inLanguage":"es","@id":"https:\/\/secure.gravatar.com\/avatar\/497265c4dbe1cd0e2f3f1b19aba0f5779c7f95d09e139a5b83c1ecd47b4e780d?s=96&d=mm&r=g","url":"https:\/\/secure.gravatar.com\/avatar\/497265c4dbe1cd0e2f3f1b19aba0f5779c7f95d09e139a5b83c1ecd47b4e780d?s=96&d=mm&r=g","contentUrl":"https:\/\/secure.gravatar.com\/avatar\/497265c4dbe1cd0e2f3f1b19aba0f5779c7f95d09e139a5b83c1ecd47b4e780d?s=96&d=mm&r=g","caption":"Exc\u00e9lsior"},"url":"https:\/\/www.bbmnoticias.com\/labravaradiofm\/author\/excelsior\/"}]}},"_links":{"self":[{"href":"https:\/\/www.bbmnoticias.com\/labravaradiofm\/wp-json\/wp\/v2\/posts\/81140","targetHints":{"allow":["GET"]}}],"collection":[{"href":"https:\/\/www.bbmnoticias.com\/labravaradiofm\/wp-json\/wp\/v2\/posts"}],"about":[{"href":"https:\/\/www.bbmnoticias.com\/labravaradiofm\/wp-json\/wp\/v2\/types\/post"}],"author":[{"embeddable":true,"href":"https:\/\/www.bbmnoticias.com\/labravaradiofm\/wp-json\/wp\/v2\/users\/8"}],"replies":[{"embeddable":true,"href":"https:\/\/www.bbmnoticias.com\/labravaradiofm\/wp-json\/wp\/v2\/comments?post=81140"}],"version-history":[{"count":1,"href":"https:\/\/www.bbmnoticias.com\/labravaradiofm\/wp-json\/wp\/v2\/posts\/81140\/revisions"}],"predecessor-version":[{"id":81141,"href":"https:\/\/www.bbmnoticias.com\/labravaradiofm\/wp-json\/wp\/v2\/posts\/81140\/revisions\/81141"}],"wp:featuredmedia":[{"embeddable":true,"href":"https:\/\/www.bbmnoticias.com\/labravaradiofm\/wp-json\/wp\/v2\/media\/81142"}],"wp:attachment":[{"href":"https:\/\/www.bbmnoticias.com\/labravaradiofm\/wp-json\/wp\/v2\/media?parent=81140"}],"wp:term":[{"taxonomy":"category","embeddable":true,"href":"https:\/\/www.bbmnoticias.com\/labravaradiofm\/wp-json\/wp\/v2\/categories?post=81140"},{"taxonomy":"post_tag","embeddable":true,"href":"https:\/\/www.bbmnoticias.com\/labravaradiofm\/wp-json\/wp\/v2\/tags?post=81140"}],"curies":[{"name":"wp","href":"https:\/\/api.w.org\/{rel}","templated":true}]}}