{"id":81137,"date":"2026-08-27T09:09:56","date_gmt":"2026-08-27T15:09:56","guid":{"rendered":"https:\/\/www.bbmnoticias.com\/labravaradiofm\/2026\/08\/27\/sheinbaum-informara-a-padres-de-los-43-de-ayotzinapa-sobre-nuevas-lineas-de-investigacion\/"},"modified":"2026-08-27T09:09:59","modified_gmt":"2026-08-27T15:09:59","slug":"sheinbaum-informara-a-padres-de-los-43-de-ayotzinapa-sobre-nuevas-lineas-de-investigacion","status":"publish","type":"post","link":"https:\/\/www.bbmnoticias.com\/labravaradiofm\/2026\/08\/27\/sheinbaum-informara-a-padres-de-los-43-de-ayotzinapa-sobre-nuevas-lineas-de-investigacion\/","title":{"rendered":"Sheinbaum informar\u00e1 a padres de los 43 de Ayotzinapa sobre nuevas l\u00edneas de investigaci\u00f3n"},"content":{"rendered":"\n<p class=\"wp-block-paragraph\">Ciudad de M\u00e9xico.\u2014 A unas horas de reunirse nuevamente con madres y padres de los 43 normalistas de Ayotzinapa desaparecidos, la presidenta Claudia Sheinbaum Pardo adelant\u00f3 que su gobierno presentar\u00e1 los avances de las investigaciones, incluidas nuevas l\u00edneas y las recientes detenciones relacionadas con el caso.<\/p>\n\n\n\n<p class=\"wp-block-paragraph\">Durante su conferencia matutina, la mandataria se\u00f1al\u00f3 que se explicar\u00e1 a las familias c\u00f3mo se desarroll\u00f3 la investigaci\u00f3n que llev\u00f3 a la detenci\u00f3n del exgobernador de Guerrero, \u00c1ngel Aguirre Rivero, as\u00ed como otras l\u00edneas que actualmente se encuentran en curso.<\/p>\n\n\n\n<p class=\"wp-block-paragraph\">\u201cHoy se le informar\u00e1 a los padres y madres de familia c\u00f3mo fue que se hizo la investigaci\u00f3n para llegar a esta detenci\u00f3n\u201d, explic\u00f3 Sheinbaum, quien agreg\u00f3 que tambi\u00e9n se abordar\u00e1n otros avances ante las familias de los estudiantes desaparecidos.<\/p>\n\n\n\n<p class=\"wp-block-paragraph\">La presidenta inform\u00f3 que solicit\u00f3 a la secretaria de Gobernaci\u00f3n, Rosa Icela Rodr\u00edguez, y plante\u00f3 que la fiscal general de la Rep\u00fablica, Ernestina Godoy Ramos, participe en el proceso para que las nuevas l\u00edneas de investigaci\u00f3n puedan darse a conocer p\u00fablicamente antes del 26 de septiembre, fecha en que se cumplir\u00e1n 12 a\u00f1os de la desaparici\u00f3n de los normalistas.<\/p>\n\n\n\n<p class=\"wp-block-paragraph\">Sheinbaum aclar\u00f3 que la informaci\u00f3n deber\u00e1 difundirse sin poner en riesgo las investigaciones, particularmente porque existen personas recientemente detenidas.<\/p>\n\n\n\n<p class=\"wp-block-paragraph\">Nuevas l\u00edneas a partir de registros telef\u00f3nicos<\/p>\n\n\n\n<p class=\"wp-block-paragraph\">La presidenta destac\u00f3 que uno de los elementos que ha permitido avanzar en nuevas l\u00edneas de investigaci\u00f3n son las llamadas telef\u00f3nicas registradas durante la madrugada del 26 y 27 de septiembre de 2014, cuando ocurrieron los hechos relacionados con la desaparici\u00f3n de los estudiantes.<\/p>\n\n\n\n<p class=\"wp-block-paragraph\">Sostuvo que estos registros y cruces de llamadas no fueron analizados a fondo en su momento por la entonces Procuradur\u00eda General de la Rep\u00fablica ni por quienes estuvieron a cargo de las investigaciones.<\/p>\n\n\n\n<p class=\"wp-block-paragraph\">De acuerdo con Sheinbaum, el nuevo an\u00e1lisis permiti\u00f3 identificar l\u00edneas que llevaron a la detenci\u00f3n de personas que anteriormente no hab\u00edan sido involucradas en el caso.<\/p>\n\n\n\n<p class=\"wp-block-paragraph\">La mandataria calific\u00f3 estos avances como relevantes y reiter\u00f3 el compromiso de su administraci\u00f3n con las familias de los normalistas y con la sociedad mexicana para esclarecer lo ocurrido.<\/p>\n\n\n\n<p class=\"wp-block-paragraph\">\u201cNuestro compromiso con madres y padres y el pueblo de M\u00e9xico es alcanzar la verdad y la justicia y encontrar a los j\u00f3venes\u201d, afirm\u00f3.<\/p>\n\n\n\n<p class=\"wp-block-paragraph\">Investigaci\u00f3n alcanza a exgobernador de Guerrero<\/p>\n\n\n\n<p class=\"wp-block-paragraph\">En este contexto, \u00c1ngel Heladio Aguirre Rivero, exgobernador de Guerrero, fue detenido el pasado 5 de agosto por su presunta responsabilidad en el ocultamiento de evidencia relacionada con la desaparici\u00f3n de los 43 normalistas.<\/p>\n\n\n\n<p class=\"wp-block-paragraph\">La fiscal Ernestina Godoy sostuvo que el ocultamiento de grabaciones relacionadas con el ataque contra los estudiantes frente al Palacio de Justicia estatal no fue una omisi\u00f3n aislada, sino una acci\u00f3n presuntamente organizada desde la estructura del Poder Ejecutivo estatal.<\/p>\n\n\n\n<p class=\"wp-block-paragraph\">El caso Ayotzinapa contin\u00faa abierto y las autoridades federales buscan ampliar las investigaciones para establecer qu\u00e9 ocurri\u00f3 con los estudiantes de la Escuela Normal Rural \u201cRa\u00fal Isidro Burgos\u201d y determinar las responsabilidades correspondientes.<\/p>\n\n\n\n<p class=\"wp-block-paragraph\"><\/p>\n","protected":false},"excerpt":{"rendered":"<p>Ciudad de M\u00e9xico.\u2014 A unas horas de reunirse nuevamente con madres y padres de los 43 normalistas de Ayotzinapa desaparecidos, la presidenta Claudia Sheinbaum Pardo adelant\u00f3 que su gobierno presentar\u00e1 los avances de las investigaciones, incluidas nuevas l\u00edneas y las recientes detenciones relacionadas con el caso. Durante su conferencia matutina, la mandataria se\u00f1al\u00f3 que se [&hellip;]<\/p>\n","protected":false},"author":4,"featured_media":81139,"comment_status":"closed","ping_status":"open","sticky":false,"template":"","format":"standard","meta":{"footnotes":""},"categories":[2,19],"tags":[],"class_list":["post-81137","post","type-post","status-publish","format-standard","has-post-thumbnail","hentry","category-oaxaca","category-nacional"],"yoast_head":"<!-- This site is optimized with the Yoast SEO plugin v28.1 - https:\/\/yoast.com\/product\/yoast-seo-wordpress\/ -->\n<title>Sheinbaum informar\u00e1 a padres de los 43 de Ayotzinapa sobre nuevas l\u00edneas de investigaci\u00f3n - LA BRAVA RADIO<\/title>\n<meta name=\"robots\" content=\"index, follow, max-snippet:-1, max-image-preview:large, max-video-preview:-1\" \/>\n<link rel=\"canonical\" href=\"https:\/\/www.bbmnoticias.com\/sheinbaum-informara-a-padres-de-los-43-de-ayotzinapa-sobre-nuevas-lineas-de-investigacion\/\" \/>\n<meta property=\"og:locale\" content=\"es_MX\" \/>\n<meta property=\"og:type\" content=\"article\" \/>\n<meta property=\"og:title\" content=\"Sheinbaum informar\u00e1 a padres de los 43 de Ayotzinapa sobre nuevas l\u00edneas de investigaci\u00f3n - LA BRAVA RADIO\" \/>\n<meta property=\"og:description\" content=\"Ciudad de M\u00e9xico.\u2014 A unas horas de reunirse nuevamente con madres y padres de los 43 normalistas de Ayotzinapa desaparecidos, la presidenta Claudia Sheinbaum Pardo adelant\u00f3 que su gobierno presentar\u00e1 los avances de las investigaciones, incluidas nuevas l\u00edneas y las recientes detenciones relacionadas con el caso. Durante su conferencia matutina, la mandataria se\u00f1al\u00f3 que se [&hellip;]\" \/>\n<meta property=\"og:url\" content=\"https:\/\/www.bbmnoticias.com\/sheinbaum-informara-a-padres-de-los-43-de-ayotzinapa-sobre-nuevas-lineas-de-investigacion\/\" \/>\n<meta property=\"og:site_name\" content=\"LA BRAVA RADIO\" \/>\n<meta property=\"article:published_time\" content=\"2026-08-27T15:09:56+00:00\" \/>\n<meta property=\"article:modified_time\" content=\"2026-08-27T15:09:59+00:00\" \/>\n<meta property=\"og:image\" content=\"https:\/\/www.bbmnoticias.com\/labravaradiofm\/wp-content\/uploads\/sites\/5\/2026\/08\/sheinbaum-alista-informe-publico-sobre-caso-ayotzinapa-tras-detencion-de-angel-aguirre.webp\" \/>\n\t<meta property=\"og:image:width\" content=\"1200\" \/>\n\t<meta property=\"og:image:height\" content=\"856\" \/>\n\t<meta property=\"og:image:type\" content=\"image\/webp\" \/>\n<meta name=\"author\" content=\"Agencias\" \/>\n<meta name=\"twitter:card\" content=\"summary_large_image\" \/>\n<meta name=\"twitter:label1\" content=\"Escrito por\" \/>\n\t<meta name=\"twitter:data1\" content=\"Agencias\" \/>\n\t<meta name=\"twitter:label2\" content=\"Tiempo de lectura\" \/>\n\t<meta name=\"twitter:data2\" content=\"3 minutos\" \/>\n<script type=\"application\/ld+json\" class=\"yoast-schema-graph\">{\"@context\":\"https:\\\/\\\/schema.org\",\"@graph\":[{\"@type\":\"Article\",\"@id\":\"https:\\\/\\\/www.bbmnoticias.com\\\/sheinbaum-informara-a-padres-de-los-43-de-ayotzinapa-sobre-nuevas-lineas-de-investigacion\\\/#article\",\"isPartOf\":{\"@id\":\"https:\\\/\\\/www.bbmnoticias.com\\\/labravaradiofm\\\/2026\\\/08\\\/27\\\/sheinbaum-informara-a-padres-de-los-43-de-ayotzinapa-sobre-nuevas-lineas-de-investigacion\\\/\"},\"author\":{\"name\":\"Agencias\",\"@id\":\"https:\\\/\\\/www.bbmnoticias.com\\\/labravaradiofm\\\/#\\\/schema\\\/person\\\/9fbc5ce7940cac56d0ea1e2b03b6d30c\"},\"headline\":\"Sheinbaum informar\u00e1 a padres de los 43 de Ayotzinapa sobre nuevas l\u00edneas de investigaci\u00f3n\",\"datePublished\":\"2026-08-27T15:09:56+00:00\",\"dateModified\":\"2026-08-27T15:09:59+00:00\",\"mainEntityOfPage\":{\"@id\":\"https:\\\/\\\/www.bbmnoticias.com\\\/labravaradiofm\\\/2026\\\/08\\\/27\\\/sheinbaum-informara-a-padres-de-los-43-de-ayotzinapa-sobre-nuevas-lineas-de-investigacion\\\/\"},\"wordCount\":530,\"image\":{\"@id\":\"https:\\\/\\\/www.bbmnoticias.com\\\/sheinbaum-informara-a-padres-de-los-43-de-ayotzinapa-sobre-nuevas-lineas-de-investigacion\\\/#primaryimage\"},\"thumbnailUrl\":\"https:\\\/\\\/www.bbmnoticias.com\\\/labravaradiofm\\\/wp-content\\\/uploads\\\/sites\\\/5\\\/2026\\\/08\\\/sheinbaum-alista-informe-publico-sobre-caso-ayotzinapa-tras-detencion-de-angel-aguirre.webp\",\"articleSection\":[\"LOCAL\",\"NACIONAL\"],\"inLanguage\":\"es\"},{\"@type\":\"WebPage\",\"@id\":\"https:\\\/\\\/www.bbmnoticias.com\\\/labravaradiofm\\\/2026\\\/08\\\/27\\\/sheinbaum-informara-a-padres-de-los-43-de-ayotzinapa-sobre-nuevas-lineas-de-investigacion\\\/\",\"url\":\"https:\\\/\\\/www.bbmnoticias.com\\\/sheinbaum-informara-a-padres-de-los-43-de-ayotzinapa-sobre-nuevas-lineas-de-investigacion\\\/\",\"name\":\"Sheinbaum informar\u00e1 a padres de los 43 de Ayotzinapa sobre nuevas l\u00edneas de investigaci\u00f3n - LA BRAVA RADIO\",\"isPartOf\":{\"@id\":\"https:\\\/\\\/www.bbmnoticias.com\\\/labravaradiofm\\\/#website\"},\"primaryImageOfPage\":{\"@id\":\"https:\\\/\\\/www.bbmnoticias.com\\\/sheinbaum-informara-a-padres-de-los-43-de-ayotzinapa-sobre-nuevas-lineas-de-investigacion\\\/#primaryimage\"},\"image\":{\"@id\":\"https:\\\/\\\/www.bbmnoticias.com\\\/sheinbaum-informara-a-padres-de-los-43-de-ayotzinapa-sobre-nuevas-lineas-de-investigacion\\\/#primaryimage\"},\"thumbnailUrl\":\"https:\\\/\\\/www.bbmnoticias.com\\\/labravaradiofm\\\/wp-content\\\/uploads\\\/sites\\\/5\\\/2026\\\/08\\\/sheinbaum-alista-informe-publico-sobre-caso-ayotzinapa-tras-detencion-de-angel-aguirre.webp\",\"datePublished\":\"2026-08-27T15:09:56+00:00\",\"dateModified\":\"2026-08-27T15:09:59+00:00\",\"author\":{\"@id\":\"https:\\\/\\\/www.bbmnoticias.com\\\/labravaradiofm\\\/#\\\/schema\\\/person\\\/9fbc5ce7940cac56d0ea1e2b03b6d30c\"},\"breadcrumb\":{\"@id\":\"https:\\\/\\\/www.bbmnoticias.com\\\/sheinbaum-informara-a-padres-de-los-43-de-ayotzinapa-sobre-nuevas-lineas-de-investigacion\\\/#breadcrumb\"},\"inLanguage\":\"es\",\"potentialAction\":[{\"@type\":\"ReadAction\",\"target\":[\"https:\\\/\\\/www.bbmnoticias.com\\\/sheinbaum-informara-a-padres-de-los-43-de-ayotzinapa-sobre-nuevas-lineas-de-investigacion\\\/\"]}]},{\"@type\":\"ImageObject\",\"inLanguage\":\"es\",\"@id\":\"https:\\\/\\\/www.bbmnoticias.com\\\/sheinbaum-informara-a-padres-de-los-43-de-ayotzinapa-sobre-nuevas-lineas-de-investigacion\\\/#primaryimage\",\"url\":\"https:\\\/\\\/www.bbmnoticias.com\\\/labravaradiofm\\\/wp-content\\\/uploads\\\/sites\\\/5\\\/2026\\\/08\\\/sheinbaum-alista-informe-publico-sobre-caso-ayotzinapa-tras-detencion-de-angel-aguirre.webp\",\"contentUrl\":\"https:\\\/\\\/www.bbmnoticias.com\\\/labravaradiofm\\\/wp-content\\\/uploads\\\/sites\\\/5\\\/2026\\\/08\\\/sheinbaum-alista-informe-publico-sobre-caso-ayotzinapa-tras-detencion-de-angel-aguirre.webp\",\"width\":1200,\"height\":856},{\"@type\":\"BreadcrumbList\",\"@id\":\"https:\\\/\\\/www.bbmnoticias.com\\\/sheinbaum-informara-a-padres-de-los-43-de-ayotzinapa-sobre-nuevas-lineas-de-investigacion\\\/#breadcrumb\",\"itemListElement\":[{\"@type\":\"ListItem\",\"position\":1,\"name\":\"Inicio\",\"item\":\"https:\\\/\\\/www.bbmnoticias.com\\\/labravaradiofm\\\/\"},{\"@type\":\"ListItem\",\"position\":2,\"name\":\"Sheinbaum informar\u00e1 a padres de los 43 de Ayotzinapa sobre nuevas l\u00edneas de investigaci\u00f3n\"}]},{\"@type\":\"WebSite\",\"@id\":\"https:\\\/\\\/www.bbmnoticias.com\\\/labravaradiofm\\\/#website\",\"url\":\"https:\\\/\\\/www.bbmnoticias.com\\\/labravaradiofm\\\/\",\"name\":\"LA BRAVA RADIO\",\"description\":\"Empresa productora de medios, Radiodifusi\u00f3n, Noticias, tendencias y todo lo que necesitas saber de la pol\u00edtica mexicana e internacional; entretenimiento, espect\u00e1culos, salud y mucho m\u00e1s.\",\"potentialAction\":[{\"@type\":\"SearchAction\",\"target\":{\"@type\":\"EntryPoint\",\"urlTemplate\":\"https:\\\/\\\/www.bbmnoticias.com\\\/labravaradiofm\\\/?s={search_term_string}\"},\"query-input\":{\"@type\":\"PropertyValueSpecification\",\"valueRequired\":true,\"valueName\":\"search_term_string\"}}],\"inLanguage\":\"es\"},{\"@type\":\"Person\",\"@id\":\"https:\\\/\\\/www.bbmnoticias.com\\\/labravaradiofm\\\/#\\\/schema\\\/person\\\/9fbc5ce7940cac56d0ea1e2b03b6d30c\",\"name\":\"Agencias\",\"image\":{\"@type\":\"ImageObject\",\"inLanguage\":\"es\",\"@id\":\"https:\\\/\\\/secure.gravatar.com\\\/avatar\\\/739e0b61adf9e398b425c36718c8752286da0e8cd90f20ce9a86678abc26aa0d?s=96&d=mm&r=g\",\"url\":\"https:\\\/\\\/secure.gravatar.com\\\/avatar\\\/739e0b61adf9e398b425c36718c8752286da0e8cd90f20ce9a86678abc26aa0d?s=96&d=mm&r=g\",\"contentUrl\":\"https:\\\/\\\/secure.gravatar.com\\\/avatar\\\/739e0b61adf9e398b425c36718c8752286da0e8cd90f20ce9a86678abc26aa0d?s=96&d=mm&r=g\",\"caption\":\"Agencias\"},\"url\":\"https:\\\/\\\/www.bbmnoticias.com\\\/labravaradiofm\\\/author\\\/agencias\\\/\"}]}<\/script>\n<!-- \/ Yoast SEO plugin. -->","yoast_head_json":{"title":"Sheinbaum informar\u00e1 a padres de los 43 de Ayotzinapa sobre nuevas l\u00edneas de investigaci\u00f3n - LA BRAVA RADIO","robots":{"index":"index","follow":"follow","max-snippet":"max-snippet:-1","max-image-preview":"max-image-preview:large","max-video-preview":"max-video-preview:-1"},"canonical":"https:\/\/www.bbmnoticias.com\/sheinbaum-informara-a-padres-de-los-43-de-ayotzinapa-sobre-nuevas-lineas-de-investigacion\/","og_locale":"es_MX","og_type":"article","og_title":"Sheinbaum informar\u00e1 a padres de los 43 de Ayotzinapa sobre nuevas l\u00edneas de investigaci\u00f3n - LA BRAVA RADIO","og_description":"Ciudad de M\u00e9xico.\u2014 A unas horas de reunirse nuevamente con madres y padres de los 43 normalistas de Ayotzinapa desaparecidos, la presidenta Claudia Sheinbaum Pardo adelant\u00f3 que su gobierno presentar\u00e1 los avances de las investigaciones, incluidas nuevas l\u00edneas y las recientes detenciones relacionadas con el caso. Durante su conferencia matutina, la mandataria se\u00f1al\u00f3 que se [&hellip;]","og_url":"https:\/\/www.bbmnoticias.com\/sheinbaum-informara-a-padres-de-los-43-de-ayotzinapa-sobre-nuevas-lineas-de-investigacion\/","og_site_name":"LA BRAVA RADIO","article_published_time":"2026-08-27T15:09:56+00:00","article_modified_time":"2026-08-27T15:09:59+00:00","og_image":[{"width":1200,"height":856,"url":"https:\/\/www.bbmnoticias.com\/labravaradiofm\/wp-content\/uploads\/sites\/5\/2026\/08\/sheinbaum-alista-informe-publico-sobre-caso-ayotzinapa-tras-detencion-de-angel-aguirre.webp","type":"image\/webp"}],"author":"Agencias","twitter_card":"summary_large_image","twitter_misc":{"Escrito por":"Agencias","Tiempo de lectura":"3 minutos"},"schema":{"@context":"https:\/\/schema.org","@graph":[{"@type":"Article","@id":"https:\/\/www.bbmnoticias.com\/sheinbaum-informara-a-padres-de-los-43-de-ayotzinapa-sobre-nuevas-lineas-de-investigacion\/#article","isPartOf":{"@id":"https:\/\/www.bbmnoticias.com\/labravaradiofm\/2026\/08\/27\/sheinbaum-informara-a-padres-de-los-43-de-ayotzinapa-sobre-nuevas-lineas-de-investigacion\/"},"author":{"name":"Agencias","@id":"https:\/\/www.bbmnoticias.com\/labravaradiofm\/#\/schema\/person\/9fbc5ce7940cac56d0ea1e2b03b6d30c"},"headline":"Sheinbaum informar\u00e1 a padres de los 43 de Ayotzinapa sobre nuevas l\u00edneas de investigaci\u00f3n","datePublished":"2026-08-27T15:09:56+00:00","dateModified":"2026-08-27T15:09:59+00:00","mainEntityOfPage":{"@id":"https:\/\/www.bbmnoticias.com\/labravaradiofm\/2026\/08\/27\/sheinbaum-informara-a-padres-de-los-43-de-ayotzinapa-sobre-nuevas-lineas-de-investigacion\/"},"wordCount":530,"image":{"@id":"https:\/\/www.bbmnoticias.com\/sheinbaum-informara-a-padres-de-los-43-de-ayotzinapa-sobre-nuevas-lineas-de-investigacion\/#primaryimage"},"thumbnailUrl":"https:\/\/www.bbmnoticias.com\/labravaradiofm\/wp-content\/uploads\/sites\/5\/2026\/08\/sheinbaum-alista-informe-publico-sobre-caso-ayotzinapa-tras-detencion-de-angel-aguirre.webp","articleSection":["LOCAL","NACIONAL"],"inLanguage":"es"},{"@type":"WebPage","@id":"https:\/\/www.bbmnoticias.com\/labravaradiofm\/2026\/08\/27\/sheinbaum-informara-a-padres-de-los-43-de-ayotzinapa-sobre-nuevas-lineas-de-investigacion\/","url":"https:\/\/www.bbmnoticias.com\/sheinbaum-informara-a-padres-de-los-43-de-ayotzinapa-sobre-nuevas-lineas-de-investigacion\/","name":"Sheinbaum informar\u00e1 a padres de los 43 de Ayotzinapa sobre nuevas l\u00edneas de investigaci\u00f3n - LA BRAVA RADIO","isPartOf":{"@id":"https:\/\/www.bbmnoticias.com\/labravaradiofm\/#website"},"primaryImageOfPage":{"@id":"https:\/\/www.bbmnoticias.com\/sheinbaum-informara-a-padres-de-los-43-de-ayotzinapa-sobre-nuevas-lineas-de-investigacion\/#primaryimage"},"image":{"@id":"https:\/\/www.bbmnoticias.com\/sheinbaum-informara-a-padres-de-los-43-de-ayotzinapa-sobre-nuevas-lineas-de-investigacion\/#primaryimage"},"thumbnailUrl":"https:\/\/www.bbmnoticias.com\/labravaradiofm\/wp-content\/uploads\/sites\/5\/2026\/08\/sheinbaum-alista-informe-publico-sobre-caso-ayotzinapa-tras-detencion-de-angel-aguirre.webp","datePublished":"2026-08-27T15:09:56+00:00","dateModified":"2026-08-27T15:09:59+00:00","author":{"@id":"https:\/\/www.bbmnoticias.com\/labravaradiofm\/#\/schema\/person\/9fbc5ce7940cac56d0ea1e2b03b6d30c"},"breadcrumb":{"@id":"https:\/\/www.bbmnoticias.com\/sheinbaum-informara-a-padres-de-los-43-de-ayotzinapa-sobre-nuevas-lineas-de-investigacion\/#breadcrumb"},"inLanguage":"es","potentialAction":[{"@type":"ReadAction","target":["https:\/\/www.bbmnoticias.com\/sheinbaum-informara-a-padres-de-los-43-de-ayotzinapa-sobre-nuevas-lineas-de-investigacion\/"]}]},{"@type":"ImageObject","inLanguage":"es","@id":"https:\/\/www.bbmnoticias.com\/sheinbaum-informara-a-padres-de-los-43-de-ayotzinapa-sobre-nuevas-lineas-de-investigacion\/#primaryimage","url":"https:\/\/www.bbmnoticias.com\/labravaradiofm\/wp-content\/uploads\/sites\/5\/2026\/08\/sheinbaum-alista-informe-publico-sobre-caso-ayotzinapa-tras-detencion-de-angel-aguirre.webp","contentUrl":"https:\/\/www.bbmnoticias.com\/labravaradiofm\/wp-content\/uploads\/sites\/5\/2026\/08\/sheinbaum-alista-informe-publico-sobre-caso-ayotzinapa-tras-detencion-de-angel-aguirre.webp","width":1200,"height":856},{"@type":"BreadcrumbList","@id":"https:\/\/www.bbmnoticias.com\/sheinbaum-informara-a-padres-de-los-43-de-ayotzinapa-sobre-nuevas-lineas-de-investigacion\/#breadcrumb","itemListElement":[{"@type":"ListItem","position":1,"name":"Inicio","item":"https:\/\/www.bbmnoticias.com\/labravaradiofm\/"},{"@type":"ListItem","position":2,"name":"Sheinbaum informar\u00e1 a padres de los 43 de Ayotzinapa sobre nuevas l\u00edneas de investigaci\u00f3n"}]},{"@type":"WebSite","@id":"https:\/\/www.bbmnoticias.com\/labravaradiofm\/#website","url":"https:\/\/www.bbmnoticias.com\/labravaradiofm\/","name":"LA BRAVA RADIO","description":"Empresa productora de medios, Radiodifusi\u00f3n, Noticias, tendencias y todo lo que necesitas saber de la pol\u00edtica mexicana e internacional; entretenimiento, espect\u00e1culos, salud y mucho m\u00e1s.","potentialAction":[{"@type":"SearchAction","target":{"@type":"EntryPoint","urlTemplate":"https:\/\/www.bbmnoticias.com\/labravaradiofm\/?s={search_term_string}"},"query-input":{"@type":"PropertyValueSpecification","valueRequired":true,"valueName":"search_term_string"}}],"inLanguage":"es"},{"@type":"Person","@id":"https:\/\/www.bbmnoticias.com\/labravaradiofm\/#\/schema\/person\/9fbc5ce7940cac56d0ea1e2b03b6d30c","name":"Agencias","image":{"@type":"ImageObject","inLanguage":"es","@id":"https:\/\/secure.gravatar.com\/avatar\/739e0b61adf9e398b425c36718c8752286da0e8cd90f20ce9a86678abc26aa0d?s=96&d=mm&r=g","url":"https:\/\/secure.gravatar.com\/avatar\/739e0b61adf9e398b425c36718c8752286da0e8cd90f20ce9a86678abc26aa0d?s=96&d=mm&r=g","contentUrl":"https:\/\/secure.gravatar.com\/avatar\/739e0b61adf9e398b425c36718c8752286da0e8cd90f20ce9a86678abc26aa0d?s=96&d=mm&r=g","caption":"Agencias"},"url":"https:\/\/www.bbmnoticias.com\/labravaradiofm\/author\/agencias\/"}]}},"_links":{"self":[{"href":"https:\/\/www.bbmnoticias.com\/labravaradiofm\/wp-json\/wp\/v2\/posts\/81137","targetHints":{"allow":["GET"]}}],"collection":[{"href":"https:\/\/www.bbmnoticias.com\/labravaradiofm\/wp-json\/wp\/v2\/posts"}],"about":[{"href":"https:\/\/www.bbmnoticias.com\/labravaradiofm\/wp-json\/wp\/v2\/types\/post"}],"author":[{"embeddable":true,"href":"https:\/\/www.bbmnoticias.com\/labravaradiofm\/wp-json\/wp\/v2\/users\/4"}],"replies":[{"embeddable":true,"href":"https:\/\/www.bbmnoticias.com\/labravaradiofm\/wp-json\/wp\/v2\/comments?post=81137"}],"version-history":[{"count":1,"href":"https:\/\/www.bbmnoticias.com\/labravaradiofm\/wp-json\/wp\/v2\/posts\/81137\/revisions"}],"predecessor-version":[{"id":81138,"href":"https:\/\/www.bbmnoticias.com\/labravaradiofm\/wp-json\/wp\/v2\/posts\/81137\/revisions\/81138"}],"wp:featuredmedia":[{"embeddable":true,"href":"https:\/\/www.bbmnoticias.com\/labravaradiofm\/wp-json\/wp\/v2\/media\/81139"}],"wp:attachment":[{"href":"https:\/\/www.bbmnoticias.com\/labravaradiofm\/wp-json\/wp\/v2\/media?parent=81137"}],"wp:term":[{"taxonomy":"category","embeddable":true,"href":"https:\/\/www.bbmnoticias.com\/labravaradiofm\/wp-json\/wp\/v2\/categories?post=81137"},{"taxonomy":"post_tag","embeddable":true,"href":"https:\/\/www.bbmnoticias.com\/labravaradiofm\/wp-json\/wp\/v2\/tags?post=81137"}],"curies":[{"name":"wp","href":"https:\/\/api.w.org\/{rel}","templated":true}]}}