{"id":81134,"date":"2026-08-27T08:44:06","date_gmt":"2026-08-27T14:44:06","guid":{"rendered":"https:\/\/www.bbmnoticias.com\/labravaradiofm\/2026\/08\/27\/loxicha-oaxaca-nina-de-4-anos-muere-en-ataque-armado-contra-una-familia\/"},"modified":"2026-08-27T08:44:10","modified_gmt":"2026-08-27T14:44:10","slug":"loxicha-oaxaca-nina-de-4-anos-muere-en-ataque-armado-contra-una-familia","status":"publish","type":"post","link":"https:\/\/www.bbmnoticias.com\/labravaradiofm\/2026\/08\/27\/loxicha-oaxaca-nina-de-4-anos-muere-en-ataque-armado-contra-una-familia\/","title":{"rendered":"Loxicha, Oaxaca: ni\u00f1a de 4 a\u00f1os muere en ataque armado contra una familia"},"content":{"rendered":"\n<p class=\"wp-block-paragraph\">Oaxaca de Ju\u00e1rez, Oax., 27 de agosto de 2026.\u2014 La violencia cobr\u00f3 la vida de una ni\u00f1a de apenas 4 a\u00f1os, quien muri\u00f3 durante un ataque armado perpetrado contra una familia que transitaba por un camino de terracer\u00eda en el barrio La Ceiba, en la regi\u00f3n de la Costa de Oaxaca.<\/p>\n\n\n\n<p class=\"wp-block-paragraph\">La menor, identificada como Greysi Melissa L. M., viajaba a bordo de un veh\u00edculo Nissan Tsuru junto con otros integrantes de su familia cuando sujetos armados, encapuchados y vestidos de negro habr\u00edan salido de entre las zonas de cultivo para disparar contra la unidad.<\/p>\n\n\n\n<p class=\"wp-block-paragraph\">En el ataque tambi\u00e9n perdi\u00f3 la vida Mario L. R., de 20 a\u00f1os.<\/p>\n\n\n\n<p class=\"wp-block-paragraph\">La agresi\u00f3n dej\u00f3 adem\u00e1s a tres personas heridas: dos mujeres, de 23 y 26 a\u00f1os, y un ni\u00f1o de 8 a\u00f1os, quienes fueron trasladados para recibir atenci\u00f3n m\u00e9dica.<\/p>\n\n\n\n<p class=\"wp-block-paragraph\">Tras el ataque, elementos de la Agencia Estatal de Investigaciones (AEI) y personal de la Fiscal\u00eda General del Estado de Oaxaca (FGEO) acudieron al lugar para realizar las diligencias correspondientes y recabar indicios bal\u00edsticos.<\/p>\n\n\n\n<p class=\"wp-block-paragraph\">La muerte de Greysi Melissa, una menor de solo cuatro a\u00f1os, conmocion\u00f3 a la comunidad y se convirti\u00f3 en el rostro m\u00e1s doloroso de un ataque cuyas circunstancias y responsables a\u00fan son investigados por las autoridades.<\/p>\n\n\n\n<p class=\"wp-block-paragraph\">La Fiscal\u00eda mantiene abierta la carpeta de investigaci\u00f3n para esclarecer los hechos, identificar a los responsables y determinar las responsabilidades legales correspondientes.<\/p>\n\n\n\n<p class=\"wp-block-paragraph\">Con informaci\u00f3n de Redes Sociales<\/p>\n","protected":false},"excerpt":{"rendered":"<p>Oaxaca de Ju\u00e1rez, Oax., 27 de agosto de 2026.\u2014 La violencia cobr\u00f3 la vida de una ni\u00f1a de apenas 4 a\u00f1os, quien muri\u00f3 durante un ataque armado perpetrado contra una familia que transitaba por un camino de terracer\u00eda en el barrio La Ceiba, en la regi\u00f3n de la Costa de Oaxaca. La menor, identificada como [&hellip;]<\/p>\n","protected":false},"author":2,"featured_media":81136,"comment_status":"closed","ping_status":"open","sticky":false,"template":"","format":"standard","meta":{"footnotes":""},"categories":[2,20],"tags":[],"class_list":["post-81134","post","type-post","status-publish","format-standard","has-post-thumbnail","hentry","category-oaxaca","category-policiaca"],"yoast_head":"<!-- This site is optimized with the Yoast SEO plugin v28.1 - https:\/\/yoast.com\/product\/yoast-seo-wordpress\/ -->\n<title>Loxicha, Oaxaca: ni\u00f1a de 4 a\u00f1os muere en ataque armado contra una familia - LA BRAVA RADIO<\/title>\n<meta name=\"robots\" content=\"index, follow, max-snippet:-1, max-image-preview:large, max-video-preview:-1\" \/>\n<link rel=\"canonical\" href=\"https:\/\/www.bbmnoticias.com\/loxicha-oaxaca-nina-de-4-anos-muere-en-ataque-armado-contra-una-familia\/\" \/>\n<meta property=\"og:locale\" content=\"es_MX\" \/>\n<meta property=\"og:type\" content=\"article\" \/>\n<meta property=\"og:title\" content=\"Loxicha, Oaxaca: ni\u00f1a de 4 a\u00f1os muere en ataque armado contra una familia - LA BRAVA RADIO\" \/>\n<meta property=\"og:description\" content=\"Oaxaca de Ju\u00e1rez, Oax., 27 de agosto de 2026.\u2014 La violencia cobr\u00f3 la vida de una ni\u00f1a de apenas 4 a\u00f1os, quien muri\u00f3 durante un ataque armado perpetrado contra una familia que transitaba por un camino de terracer\u00eda en el barrio La Ceiba, en la regi\u00f3n de la Costa de Oaxaca. La menor, identificada como [&hellip;]\" \/>\n<meta property=\"og:url\" content=\"https:\/\/www.bbmnoticias.com\/loxicha-oaxaca-nina-de-4-anos-muere-en-ataque-armado-contra-una-familia\/\" \/>\n<meta property=\"og:site_name\" content=\"LA BRAVA RADIO\" \/>\n<meta property=\"article:published_time\" content=\"2026-08-27T14:44:06+00:00\" \/>\n<meta property=\"article:modified_time\" content=\"2026-08-27T14:44:10+00:00\" \/>\n<meta property=\"og:image\" content=\"https:\/\/www.bbmnoticias.com\/labravaradiofm\/wp-content\/uploads\/sites\/5\/2026\/08\/ataque_armado_costa.jpg\" \/>\n\t<meta property=\"og:image:width\" content=\"750\" \/>\n\t<meta property=\"og:image:height\" content=\"451\" \/>\n\t<meta property=\"og:image:type\" content=\"image\/jpeg\" \/>\n<meta name=\"author\" content=\"Staff\" \/>\n<meta name=\"twitter:card\" content=\"summary_large_image\" \/>\n<meta name=\"twitter:label1\" content=\"Escrito por\" \/>\n\t<meta name=\"twitter:data1\" content=\"Staff\" \/>\n\t<meta name=\"twitter:label2\" content=\"Tiempo de lectura\" \/>\n\t<meta name=\"twitter:data2\" content=\"1 minuto\" \/>\n<script type=\"application\/ld+json\" class=\"yoast-schema-graph\">{\"@context\":\"https:\\\/\\\/schema.org\",\"@graph\":[{\"@type\":\"Article\",\"@id\":\"https:\\\/\\\/www.bbmnoticias.com\\\/loxicha-oaxaca-nina-de-4-anos-muere-en-ataque-armado-contra-una-familia\\\/#article\",\"isPartOf\":{\"@id\":\"https:\\\/\\\/www.bbmnoticias.com\\\/labravaradiofm\\\/2026\\\/08\\\/27\\\/loxicha-oaxaca-nina-de-4-anos-muere-en-ataque-armado-contra-una-familia\\\/\"},\"author\":{\"name\":\"Staff\",\"@id\":\"https:\\\/\\\/www.bbmnoticias.com\\\/labravaradiofm\\\/#\\\/schema\\\/person\\\/9eb037257fc48a09cdf31d9a2f45619f\"},\"headline\":\"Loxicha, Oaxaca: ni\u00f1a de 4 a\u00f1os muere en ataque armado contra una familia\",\"datePublished\":\"2026-08-27T14:44:06+00:00\",\"dateModified\":\"2026-08-27T14:44:10+00:00\",\"mainEntityOfPage\":{\"@id\":\"https:\\\/\\\/www.bbmnoticias.com\\\/labravaradiofm\\\/2026\\\/08\\\/27\\\/loxicha-oaxaca-nina-de-4-anos-muere-en-ataque-armado-contra-una-familia\\\/\"},\"wordCount\":264,\"image\":{\"@id\":\"https:\\\/\\\/www.bbmnoticias.com\\\/loxicha-oaxaca-nina-de-4-anos-muere-en-ataque-armado-contra-una-familia\\\/#primaryimage\"},\"thumbnailUrl\":\"https:\\\/\\\/www.bbmnoticias.com\\\/labravaradiofm\\\/wp-content\\\/uploads\\\/sites\\\/5\\\/2026\\\/08\\\/ataque_armado_costa.jpg\",\"articleSection\":[\"LOCAL\",\"POLICIACA\"],\"inLanguage\":\"es\"},{\"@type\":\"WebPage\",\"@id\":\"https:\\\/\\\/www.bbmnoticias.com\\\/labravaradiofm\\\/2026\\\/08\\\/27\\\/loxicha-oaxaca-nina-de-4-anos-muere-en-ataque-armado-contra-una-familia\\\/\",\"url\":\"https:\\\/\\\/www.bbmnoticias.com\\\/loxicha-oaxaca-nina-de-4-anos-muere-en-ataque-armado-contra-una-familia\\\/\",\"name\":\"Loxicha, Oaxaca: ni\u00f1a de 4 a\u00f1os muere en ataque armado contra una familia - LA BRAVA RADIO\",\"isPartOf\":{\"@id\":\"https:\\\/\\\/www.bbmnoticias.com\\\/labravaradiofm\\\/#website\"},\"primaryImageOfPage\":{\"@id\":\"https:\\\/\\\/www.bbmnoticias.com\\\/loxicha-oaxaca-nina-de-4-anos-muere-en-ataque-armado-contra-una-familia\\\/#primaryimage\"},\"image\":{\"@id\":\"https:\\\/\\\/www.bbmnoticias.com\\\/loxicha-oaxaca-nina-de-4-anos-muere-en-ataque-armado-contra-una-familia\\\/#primaryimage\"},\"thumbnailUrl\":\"https:\\\/\\\/www.bbmnoticias.com\\\/labravaradiofm\\\/wp-content\\\/uploads\\\/sites\\\/5\\\/2026\\\/08\\\/ataque_armado_costa.jpg\",\"datePublished\":\"2026-08-27T14:44:06+00:00\",\"dateModified\":\"2026-08-27T14:44:10+00:00\",\"author\":{\"@id\":\"https:\\\/\\\/www.bbmnoticias.com\\\/labravaradiofm\\\/#\\\/schema\\\/person\\\/9eb037257fc48a09cdf31d9a2f45619f\"},\"breadcrumb\":{\"@id\":\"https:\\\/\\\/www.bbmnoticias.com\\\/loxicha-oaxaca-nina-de-4-anos-muere-en-ataque-armado-contra-una-familia\\\/#breadcrumb\"},\"inLanguage\":\"es\",\"potentialAction\":[{\"@type\":\"ReadAction\",\"target\":[\"https:\\\/\\\/www.bbmnoticias.com\\\/loxicha-oaxaca-nina-de-4-anos-muere-en-ataque-armado-contra-una-familia\\\/\"]}]},{\"@type\":\"ImageObject\",\"inLanguage\":\"es\",\"@id\":\"https:\\\/\\\/www.bbmnoticias.com\\\/loxicha-oaxaca-nina-de-4-anos-muere-en-ataque-armado-contra-una-familia\\\/#primaryimage\",\"url\":\"https:\\\/\\\/www.bbmnoticias.com\\\/labravaradiofm\\\/wp-content\\\/uploads\\\/sites\\\/5\\\/2026\\\/08\\\/ataque_armado_costa.jpg\",\"contentUrl\":\"https:\\\/\\\/www.bbmnoticias.com\\\/labravaradiofm\\\/wp-content\\\/uploads\\\/sites\\\/5\\\/2026\\\/08\\\/ataque_armado_costa.jpg\",\"width\":750,\"height\":451},{\"@type\":\"BreadcrumbList\",\"@id\":\"https:\\\/\\\/www.bbmnoticias.com\\\/loxicha-oaxaca-nina-de-4-anos-muere-en-ataque-armado-contra-una-familia\\\/#breadcrumb\",\"itemListElement\":[{\"@type\":\"ListItem\",\"position\":1,\"name\":\"Inicio\",\"item\":\"https:\\\/\\\/www.bbmnoticias.com\\\/labravaradiofm\\\/\"},{\"@type\":\"ListItem\",\"position\":2,\"name\":\"Loxicha, Oaxaca: ni\u00f1a de 4 a\u00f1os muere en ataque armado contra una familia\"}]},{\"@type\":\"WebSite\",\"@id\":\"https:\\\/\\\/www.bbmnoticias.com\\\/labravaradiofm\\\/#website\",\"url\":\"https:\\\/\\\/www.bbmnoticias.com\\\/labravaradiofm\\\/\",\"name\":\"LA BRAVA RADIO\",\"description\":\"Empresa productora de medios, Radiodifusi\u00f3n, Noticias, tendencias y todo lo que necesitas saber de la pol\u00edtica mexicana e internacional; entretenimiento, espect\u00e1culos, salud y mucho m\u00e1s.\",\"potentialAction\":[{\"@type\":\"SearchAction\",\"target\":{\"@type\":\"EntryPoint\",\"urlTemplate\":\"https:\\\/\\\/www.bbmnoticias.com\\\/labravaradiofm\\\/?s={search_term_string}\"},\"query-input\":{\"@type\":\"PropertyValueSpecification\",\"valueRequired\":true,\"valueName\":\"search_term_string\"}}],\"inLanguage\":\"es\"},{\"@type\":\"Person\",\"@id\":\"https:\\\/\\\/www.bbmnoticias.com\\\/labravaradiofm\\\/#\\\/schema\\\/person\\\/9eb037257fc48a09cdf31d9a2f45619f\",\"name\":\"Staff\",\"image\":{\"@type\":\"ImageObject\",\"inLanguage\":\"es\",\"@id\":\"https:\\\/\\\/secure.gravatar.com\\\/avatar\\\/fdd21ad66fd8b98c407f9dee5b5e588cfe7f0d8579ec20fa6527cd59bab7f0f0?s=96&d=mm&r=g\",\"url\":\"https:\\\/\\\/secure.gravatar.com\\\/avatar\\\/fdd21ad66fd8b98c407f9dee5b5e588cfe7f0d8579ec20fa6527cd59bab7f0f0?s=96&d=mm&r=g\",\"contentUrl\":\"https:\\\/\\\/secure.gravatar.com\\\/avatar\\\/fdd21ad66fd8b98c407f9dee5b5e588cfe7f0d8579ec20fa6527cd59bab7f0f0?s=96&d=mm&r=g\",\"caption\":\"Staff\"},\"url\":\"https:\\\/\\\/www.bbmnoticias.com\\\/labravaradiofm\\\/author\\\/redaccion\\\/\"}]}<\/script>\n<!-- \/ Yoast SEO plugin. -->","yoast_head_json":{"title":"Loxicha, Oaxaca: ni\u00f1a de 4 a\u00f1os muere en ataque armado contra una familia - LA BRAVA RADIO","robots":{"index":"index","follow":"follow","max-snippet":"max-snippet:-1","max-image-preview":"max-image-preview:large","max-video-preview":"max-video-preview:-1"},"canonical":"https:\/\/www.bbmnoticias.com\/loxicha-oaxaca-nina-de-4-anos-muere-en-ataque-armado-contra-una-familia\/","og_locale":"es_MX","og_type":"article","og_title":"Loxicha, Oaxaca: ni\u00f1a de 4 a\u00f1os muere en ataque armado contra una familia - LA BRAVA RADIO","og_description":"Oaxaca de Ju\u00e1rez, Oax., 27 de agosto de 2026.\u2014 La violencia cobr\u00f3 la vida de una ni\u00f1a de apenas 4 a\u00f1os, quien muri\u00f3 durante un ataque armado perpetrado contra una familia que transitaba por un camino de terracer\u00eda en el barrio La Ceiba, en la regi\u00f3n de la Costa de Oaxaca. La menor, identificada como [&hellip;]","og_url":"https:\/\/www.bbmnoticias.com\/loxicha-oaxaca-nina-de-4-anos-muere-en-ataque-armado-contra-una-familia\/","og_site_name":"LA BRAVA RADIO","article_published_time":"2026-08-27T14:44:06+00:00","article_modified_time":"2026-08-27T14:44:10+00:00","og_image":[{"width":750,"height":451,"url":"https:\/\/www.bbmnoticias.com\/labravaradiofm\/wp-content\/uploads\/sites\/5\/2026\/08\/ataque_armado_costa.jpg","type":"image\/jpeg"}],"author":"Staff","twitter_card":"summary_large_image","twitter_misc":{"Escrito por":"Staff","Tiempo de lectura":"1 minuto"},"schema":{"@context":"https:\/\/schema.org","@graph":[{"@type":"Article","@id":"https:\/\/www.bbmnoticias.com\/loxicha-oaxaca-nina-de-4-anos-muere-en-ataque-armado-contra-una-familia\/#article","isPartOf":{"@id":"https:\/\/www.bbmnoticias.com\/labravaradiofm\/2026\/08\/27\/loxicha-oaxaca-nina-de-4-anos-muere-en-ataque-armado-contra-una-familia\/"},"author":{"name":"Staff","@id":"https:\/\/www.bbmnoticias.com\/labravaradiofm\/#\/schema\/person\/9eb037257fc48a09cdf31d9a2f45619f"},"headline":"Loxicha, Oaxaca: ni\u00f1a de 4 a\u00f1os muere en ataque armado contra una familia","datePublished":"2026-08-27T14:44:06+00:00","dateModified":"2026-08-27T14:44:10+00:00","mainEntityOfPage":{"@id":"https:\/\/www.bbmnoticias.com\/labravaradiofm\/2026\/08\/27\/loxicha-oaxaca-nina-de-4-anos-muere-en-ataque-armado-contra-una-familia\/"},"wordCount":264,"image":{"@id":"https:\/\/www.bbmnoticias.com\/loxicha-oaxaca-nina-de-4-anos-muere-en-ataque-armado-contra-una-familia\/#primaryimage"},"thumbnailUrl":"https:\/\/www.bbmnoticias.com\/labravaradiofm\/wp-content\/uploads\/sites\/5\/2026\/08\/ataque_armado_costa.jpg","articleSection":["LOCAL","POLICIACA"],"inLanguage":"es"},{"@type":"WebPage","@id":"https:\/\/www.bbmnoticias.com\/labravaradiofm\/2026\/08\/27\/loxicha-oaxaca-nina-de-4-anos-muere-en-ataque-armado-contra-una-familia\/","url":"https:\/\/www.bbmnoticias.com\/loxicha-oaxaca-nina-de-4-anos-muere-en-ataque-armado-contra-una-familia\/","name":"Loxicha, Oaxaca: ni\u00f1a de 4 a\u00f1os muere en ataque armado contra una familia - LA BRAVA RADIO","isPartOf":{"@id":"https:\/\/www.bbmnoticias.com\/labravaradiofm\/#website"},"primaryImageOfPage":{"@id":"https:\/\/www.bbmnoticias.com\/loxicha-oaxaca-nina-de-4-anos-muere-en-ataque-armado-contra-una-familia\/#primaryimage"},"image":{"@id":"https:\/\/www.bbmnoticias.com\/loxicha-oaxaca-nina-de-4-anos-muere-en-ataque-armado-contra-una-familia\/#primaryimage"},"thumbnailUrl":"https:\/\/www.bbmnoticias.com\/labravaradiofm\/wp-content\/uploads\/sites\/5\/2026\/08\/ataque_armado_costa.jpg","datePublished":"2026-08-27T14:44:06+00:00","dateModified":"2026-08-27T14:44:10+00:00","author":{"@id":"https:\/\/www.bbmnoticias.com\/labravaradiofm\/#\/schema\/person\/9eb037257fc48a09cdf31d9a2f45619f"},"breadcrumb":{"@id":"https:\/\/www.bbmnoticias.com\/loxicha-oaxaca-nina-de-4-anos-muere-en-ataque-armado-contra-una-familia\/#breadcrumb"},"inLanguage":"es","potentialAction":[{"@type":"ReadAction","target":["https:\/\/www.bbmnoticias.com\/loxicha-oaxaca-nina-de-4-anos-muere-en-ataque-armado-contra-una-familia\/"]}]},{"@type":"ImageObject","inLanguage":"es","@id":"https:\/\/www.bbmnoticias.com\/loxicha-oaxaca-nina-de-4-anos-muere-en-ataque-armado-contra-una-familia\/#primaryimage","url":"https:\/\/www.bbmnoticias.com\/labravaradiofm\/wp-content\/uploads\/sites\/5\/2026\/08\/ataque_armado_costa.jpg","contentUrl":"https:\/\/www.bbmnoticias.com\/labravaradiofm\/wp-content\/uploads\/sites\/5\/2026\/08\/ataque_armado_costa.jpg","width":750,"height":451},{"@type":"BreadcrumbList","@id":"https:\/\/www.bbmnoticias.com\/loxicha-oaxaca-nina-de-4-anos-muere-en-ataque-armado-contra-una-familia\/#breadcrumb","itemListElement":[{"@type":"ListItem","position":1,"name":"Inicio","item":"https:\/\/www.bbmnoticias.com\/labravaradiofm\/"},{"@type":"ListItem","position":2,"name":"Loxicha, Oaxaca: ni\u00f1a de 4 a\u00f1os muere en ataque armado contra una familia"}]},{"@type":"WebSite","@id":"https:\/\/www.bbmnoticias.com\/labravaradiofm\/#website","url":"https:\/\/www.bbmnoticias.com\/labravaradiofm\/","name":"LA BRAVA RADIO","description":"Empresa productora de medios, Radiodifusi\u00f3n, Noticias, tendencias y todo lo que necesitas saber de la pol\u00edtica mexicana e internacional; entretenimiento, espect\u00e1culos, salud y mucho m\u00e1s.","potentialAction":[{"@type":"SearchAction","target":{"@type":"EntryPoint","urlTemplate":"https:\/\/www.bbmnoticias.com\/labravaradiofm\/?s={search_term_string}"},"query-input":{"@type":"PropertyValueSpecification","valueRequired":true,"valueName":"search_term_string"}}],"inLanguage":"es"},{"@type":"Person","@id":"https:\/\/www.bbmnoticias.com\/labravaradiofm\/#\/schema\/person\/9eb037257fc48a09cdf31d9a2f45619f","name":"Staff","image":{"@type":"ImageObject","inLanguage":"es","@id":"https:\/\/secure.gravatar.com\/avatar\/fdd21ad66fd8b98c407f9dee5b5e588cfe7f0d8579ec20fa6527cd59bab7f0f0?s=96&d=mm&r=g","url":"https:\/\/secure.gravatar.com\/avatar\/fdd21ad66fd8b98c407f9dee5b5e588cfe7f0d8579ec20fa6527cd59bab7f0f0?s=96&d=mm&r=g","contentUrl":"https:\/\/secure.gravatar.com\/avatar\/fdd21ad66fd8b98c407f9dee5b5e588cfe7f0d8579ec20fa6527cd59bab7f0f0?s=96&d=mm&r=g","caption":"Staff"},"url":"https:\/\/www.bbmnoticias.com\/labravaradiofm\/author\/redaccion\/"}]}},"_links":{"self":[{"href":"https:\/\/www.bbmnoticias.com\/labravaradiofm\/wp-json\/wp\/v2\/posts\/81134","targetHints":{"allow":["GET"]}}],"collection":[{"href":"https:\/\/www.bbmnoticias.com\/labravaradiofm\/wp-json\/wp\/v2\/posts"}],"about":[{"href":"https:\/\/www.bbmnoticias.com\/labravaradiofm\/wp-json\/wp\/v2\/types\/post"}],"author":[{"embeddable":true,"href":"https:\/\/www.bbmnoticias.com\/labravaradiofm\/wp-json\/wp\/v2\/users\/2"}],"replies":[{"embeddable":true,"href":"https:\/\/www.bbmnoticias.com\/labravaradiofm\/wp-json\/wp\/v2\/comments?post=81134"}],"version-history":[{"count":1,"href":"https:\/\/www.bbmnoticias.com\/labravaradiofm\/wp-json\/wp\/v2\/posts\/81134\/revisions"}],"predecessor-version":[{"id":81135,"href":"https:\/\/www.bbmnoticias.com\/labravaradiofm\/wp-json\/wp\/v2\/posts\/81134\/revisions\/81135"}],"wp:featuredmedia":[{"embeddable":true,"href":"https:\/\/www.bbmnoticias.com\/labravaradiofm\/wp-json\/wp\/v2\/media\/81136"}],"wp:attachment":[{"href":"https:\/\/www.bbmnoticias.com\/labravaradiofm\/wp-json\/wp\/v2\/media?parent=81134"}],"wp:term":[{"taxonomy":"category","embeddable":true,"href":"https:\/\/www.bbmnoticias.com\/labravaradiofm\/wp-json\/wp\/v2\/categories?post=81134"},{"taxonomy":"post_tag","embeddable":true,"href":"https:\/\/www.bbmnoticias.com\/labravaradiofm\/wp-json\/wp\/v2\/tags?post=81134"}],"curies":[{"name":"wp","href":"https:\/\/api.w.org\/{rel}","templated":true}]}}