{"id":81131,"date":"2026-08-27T08:44:55","date_gmt":"2026-08-27T14:27:40","guid":{"rendered":"https:\/\/www.bbmnoticias.com\/labravaradiofm\/2026\/08\/27\/detienen-a-dirigente-de-asaeo-por-presuntos-delitos-contra-la-salud\/"},"modified":"2026-08-27T08:45:18","modified_gmt":"2026-08-27T14:45:18","slug":"detienen-a-dirigente-de-asaeo-por-presuntos-delitos-contra-la-salud","status":"publish","type":"post","link":"https:\/\/www.bbmnoticias.com\/labravaradiofm\/2026\/08\/27\/detienen-a-dirigente-de-asaeo-por-presuntos-delitos-contra-la-salud\/","title":{"rendered":"Detienen a dirigente de ASAEO por presuntos delitos contra la salud"},"content":{"rendered":"\n<p class=\"wp-block-paragraph\">Oaxaca de Ju\u00e1rez, Oax., 27 de agosto de 2026.\u2014 Sharon Italia Curiel, dirigente de la Alianza de Sindicatos y Asociaciones del Estado de Oaxaca (ASAEO), fue detenida durante un operativo encabezado por la Fiscal\u00eda General del Estado de Oaxaca (FGEO), con participaci\u00f3n de elementos de la Secretar\u00eda de Marina (Semar), por su presunta participaci\u00f3n en delitos contra la salud.<\/p>\n\n\n\n<p class=\"wp-block-paragraph\">La detenci\u00f3n vuelve a colocar bajo escrutinio a la organizaci\u00f3n sindical, luego de recientes se\u00f1alamientos y episodios de violencia en los que se ha se\u00f1alado a algunos de sus integrantes.<\/p>\n\n\n\n<p class=\"wp-block-paragraph\">De acuerdo con informaci\u00f3n difundida sobre el operativo, otros dirigentes de la organizaci\u00f3n habr\u00edan abandonado el lugar antes de la intervenci\u00f3n de las autoridades.<\/p>\n\n\n\n<figure class=\"wp-block-embed is-type-rich is-provider-x wp-block-embed-x\"><div class=\"wp-block-embed__wrapper\">\n<blockquote class=\"twitter-tweet\" data-width=\"550\" data-dnt=\"true\"><p lang=\"es\" dir=\"ltr\">En una acci\u00f3n operativa simult\u00e1nea en varios puntos de la capital desarrollada durante la madrugada de este jueves, la <a href=\"https:\/\/x.com\/FISCALIA_GobOax?ref_src=twsrc%5Etfw\">@FISCALIA_GobOax<\/a> junto con elementos de fuerzas especiales de la <a href=\"https:\/\/x.com\/SEMAR_mx?ref_src=twsrc%5Etfw\">@SEMAR_mx<\/a> y de la <a href=\"https:\/\/x.com\/SSPCMexico?ref_src=twsrc%5Etfw\">@SSPCMexico<\/a> se logr\u00f3 la detencion de varios elementos de la c\u00fapula de la\u2026 <a href=\"https:\/\/t.co\/Kmu6scD2CI\">pic.twitter.com\/Kmu6scD2CI<\/a><\/p>&mdash; Bernardo Rodr\u00edguez Alamilla (@FiscalOaxaca) <a href=\"https:\/\/x.com\/FiscalOaxaca\/status\/2092981210184126961?ref_src=twsrc%5Etfw\">August 27, 2026<\/a><\/blockquote><script async src=\"https:\/\/platform.x.com\/widgets.js\" charset=\"utf-8\"><\/script>\n<\/div><\/figure>\n\n\n\n<p class=\"wp-block-paragraph\">La captura de Sharon Italia C.H. representa un nuevo episodio en las investigaciones relacionadas con la estructura de ASAEO. Sin embargo, corresponder\u00e1 a las autoridades ministeriales determinar el alcance de las posibles responsabilidades y establecer si existen otras personas involucradas.<\/p>\n\n\n\n<p class=\"wp-block-paragraph\">Hasta el momento, la investigaci\u00f3n se encuentra en curso, por lo que cualquier se\u00f1alamiento contra otras personas deber\u00e1 ser confirmado por las autoridades competentes mediante las diligencias correspondientes.<\/p>\n\n\n\n<p class=\"wp-block-paragraph\">La detenida qued\u00f3 a disposici\u00f3n de la autoridad ministerial, que deber\u00e1 definir su situaci\u00f3n jur\u00eddica conforme avance el proceso legal.<\/p>\n\n\n\n<p class=\"wp-block-paragraph\"><\/p>\n","protected":false},"excerpt":{"rendered":"<p>Oaxaca de Ju\u00e1rez, Oax., 27 de agosto de 2026.\u2014 Sharon Italia Curiel, dirigente de la Alianza de Sindicatos y Asociaciones del Estado de Oaxaca (ASAEO), fue detenida durante un operativo encabezado por la Fiscal\u00eda General del Estado de Oaxaca (FGEO), con participaci\u00f3n de elementos de la Secretar\u00eda de Marina (Semar), por su presunta participaci\u00f3n en [&hellip;]<\/p>\n","protected":false},"author":2,"featured_media":81133,"comment_status":"closed","ping_status":"open","sticky":false,"template":"","format":"standard","meta":{"footnotes":""},"categories":[2,20],"tags":[],"class_list":["post-81131","post","type-post","status-publish","format-standard","has-post-thumbnail","hentry","category-oaxaca","category-policiaca"],"yoast_head":"<!-- This site is optimized with the Yoast SEO plugin v28.1 - https:\/\/yoast.com\/product\/yoast-seo-wordpress\/ -->\n<title>Detienen a dirigente de ASAEO por presuntos delitos contra la salud - LA BRAVA RADIO<\/title>\n<meta name=\"robots\" content=\"index, follow, max-snippet:-1, max-image-preview:large, max-video-preview:-1\" \/>\n<link rel=\"canonical\" href=\"https:\/\/www.bbmnoticias.com\/detienen-a-dirigente-de-asaeo-por-presuntos-delitos-contra-la-salud\/\" \/>\n<meta property=\"og:locale\" content=\"es_MX\" \/>\n<meta property=\"og:type\" content=\"article\" \/>\n<meta property=\"og:title\" content=\"Detienen a dirigente de ASAEO por presuntos delitos contra la salud - LA BRAVA RADIO\" \/>\n<meta property=\"og:description\" content=\"Oaxaca de Ju\u00e1rez, Oax., 27 de agosto de 2026.\u2014 Sharon Italia Curiel, dirigente de la Alianza de Sindicatos y Asociaciones del Estado de Oaxaca (ASAEO), fue detenida durante un operativo encabezado por la Fiscal\u00eda General del Estado de Oaxaca (FGEO), con participaci\u00f3n de elementos de la Secretar\u00eda de Marina (Semar), por su presunta participaci\u00f3n en [&hellip;]\" \/>\n<meta property=\"og:url\" content=\"https:\/\/www.bbmnoticias.com\/detienen-a-dirigente-de-asaeo-por-presuntos-delitos-contra-la-salud\/\" \/>\n<meta property=\"og:site_name\" content=\"LA BRAVA RADIO\" \/>\n<meta property=\"article:published_time\" content=\"2026-08-27T14:27:40+00:00\" \/>\n<meta property=\"article:modified_time\" content=\"2026-08-27T14:45:18+00:00\" \/>\n<meta property=\"og:image\" content=\"https:\/\/www.bbmnoticias.com\/labravaradiofm\/wp-content\/uploads\/sites\/5\/2026\/08\/lider_asaeo.jpg\" \/>\n\t<meta property=\"og:image:width\" content=\"800\" \/>\n\t<meta property=\"og:image:height\" content=\"450\" \/>\n\t<meta property=\"og:image:type\" content=\"image\/jpeg\" \/>\n<meta name=\"author\" content=\"Staff\" \/>\n<meta name=\"twitter:card\" content=\"summary_large_image\" \/>\n<meta name=\"twitter:label1\" content=\"Escrito por\" \/>\n\t<meta name=\"twitter:data1\" content=\"Staff\" \/>\n\t<meta name=\"twitter:label2\" content=\"Tiempo de lectura\" \/>\n\t<meta name=\"twitter:data2\" content=\"2 minutos\" \/>\n<script type=\"application\/ld+json\" class=\"yoast-schema-graph\">{\"@context\":\"https:\\\/\\\/schema.org\",\"@graph\":[{\"@type\":\"Article\",\"@id\":\"https:\\\/\\\/www.bbmnoticias.com\\\/detienen-a-dirigente-de-asaeo-por-presuntos-delitos-contra-la-salud\\\/#article\",\"isPartOf\":{\"@id\":\"https:\\\/\\\/www.bbmnoticias.com\\\/labravaradiofm\\\/2026\\\/08\\\/27\\\/detienen-a-dirigente-de-asaeo-por-presuntos-delitos-contra-la-salud\\\/\"},\"author\":{\"name\":\"Staff\",\"@id\":\"https:\\\/\\\/www.bbmnoticias.com\\\/labravaradiofm\\\/#\\\/schema\\\/person\\\/9eb037257fc48a09cdf31d9a2f45619f\"},\"headline\":\"Detienen a dirigente de ASAEO por presuntos delitos contra la salud\",\"datePublished\":\"2026-08-27T14:27:40+00:00\",\"dateModified\":\"2026-08-27T14:45:18+00:00\",\"mainEntityOfPage\":{\"@id\":\"https:\\\/\\\/www.bbmnoticias.com\\\/labravaradiofm\\\/2026\\\/08\\\/27\\\/detienen-a-dirigente-de-asaeo-por-presuntos-delitos-contra-la-salud\\\/\"},\"wordCount\":234,\"image\":{\"@id\":\"https:\\\/\\\/www.bbmnoticias.com\\\/detienen-a-dirigente-de-asaeo-por-presuntos-delitos-contra-la-salud\\\/#primaryimage\"},\"thumbnailUrl\":\"https:\\\/\\\/www.bbmnoticias.com\\\/labravaradiofm\\\/wp-content\\\/uploads\\\/sites\\\/5\\\/2026\\\/08\\\/lider_asaeo.jpg\",\"articleSection\":[\"LOCAL\",\"POLICIACA\"],\"inLanguage\":\"es\"},{\"@type\":\"WebPage\",\"@id\":\"https:\\\/\\\/www.bbmnoticias.com\\\/labravaradiofm\\\/2026\\\/08\\\/27\\\/detienen-a-dirigente-de-asaeo-por-presuntos-delitos-contra-la-salud\\\/\",\"url\":\"https:\\\/\\\/www.bbmnoticias.com\\\/detienen-a-dirigente-de-asaeo-por-presuntos-delitos-contra-la-salud\\\/\",\"name\":\"Detienen a dirigente de ASAEO por presuntos delitos contra la salud - LA BRAVA RADIO\",\"isPartOf\":{\"@id\":\"https:\\\/\\\/www.bbmnoticias.com\\\/labravaradiofm\\\/#website\"},\"primaryImageOfPage\":{\"@id\":\"https:\\\/\\\/www.bbmnoticias.com\\\/detienen-a-dirigente-de-asaeo-por-presuntos-delitos-contra-la-salud\\\/#primaryimage\"},\"image\":{\"@id\":\"https:\\\/\\\/www.bbmnoticias.com\\\/detienen-a-dirigente-de-asaeo-por-presuntos-delitos-contra-la-salud\\\/#primaryimage\"},\"thumbnailUrl\":\"https:\\\/\\\/www.bbmnoticias.com\\\/labravaradiofm\\\/wp-content\\\/uploads\\\/sites\\\/5\\\/2026\\\/08\\\/lider_asaeo.jpg\",\"datePublished\":\"2026-08-27T14:27:40+00:00\",\"dateModified\":\"2026-08-27T14:45:18+00:00\",\"author\":{\"@id\":\"https:\\\/\\\/www.bbmnoticias.com\\\/labravaradiofm\\\/#\\\/schema\\\/person\\\/9eb037257fc48a09cdf31d9a2f45619f\"},\"breadcrumb\":{\"@id\":\"https:\\\/\\\/www.bbmnoticias.com\\\/detienen-a-dirigente-de-asaeo-por-presuntos-delitos-contra-la-salud\\\/#breadcrumb\"},\"inLanguage\":\"es\",\"potentialAction\":[{\"@type\":\"ReadAction\",\"target\":[\"https:\\\/\\\/www.bbmnoticias.com\\\/detienen-a-dirigente-de-asaeo-por-presuntos-delitos-contra-la-salud\\\/\"]}]},{\"@type\":\"ImageObject\",\"inLanguage\":\"es\",\"@id\":\"https:\\\/\\\/www.bbmnoticias.com\\\/detienen-a-dirigente-de-asaeo-por-presuntos-delitos-contra-la-salud\\\/#primaryimage\",\"url\":\"https:\\\/\\\/www.bbmnoticias.com\\\/labravaradiofm\\\/wp-content\\\/uploads\\\/sites\\\/5\\\/2026\\\/08\\\/lider_asaeo.jpg\",\"contentUrl\":\"https:\\\/\\\/www.bbmnoticias.com\\\/labravaradiofm\\\/wp-content\\\/uploads\\\/sites\\\/5\\\/2026\\\/08\\\/lider_asaeo.jpg\",\"width\":800,\"height\":450},{\"@type\":\"BreadcrumbList\",\"@id\":\"https:\\\/\\\/www.bbmnoticias.com\\\/detienen-a-dirigente-de-asaeo-por-presuntos-delitos-contra-la-salud\\\/#breadcrumb\",\"itemListElement\":[{\"@type\":\"ListItem\",\"position\":1,\"name\":\"Inicio\",\"item\":\"https:\\\/\\\/www.bbmnoticias.com\\\/labravaradiofm\\\/\"},{\"@type\":\"ListItem\",\"position\":2,\"name\":\"Detienen a dirigente de ASAEO por presuntos delitos contra la salud\"}]},{\"@type\":\"WebSite\",\"@id\":\"https:\\\/\\\/www.bbmnoticias.com\\\/labravaradiofm\\\/#website\",\"url\":\"https:\\\/\\\/www.bbmnoticias.com\\\/labravaradiofm\\\/\",\"name\":\"LA BRAVA RADIO\",\"description\":\"Empresa productora de medios, Radiodifusi\u00f3n, Noticias, tendencias y todo lo que necesitas saber de la pol\u00edtica mexicana e internacional; entretenimiento, espect\u00e1culos, salud y mucho m\u00e1s.\",\"potentialAction\":[{\"@type\":\"SearchAction\",\"target\":{\"@type\":\"EntryPoint\",\"urlTemplate\":\"https:\\\/\\\/www.bbmnoticias.com\\\/labravaradiofm\\\/?s={search_term_string}\"},\"query-input\":{\"@type\":\"PropertyValueSpecification\",\"valueRequired\":true,\"valueName\":\"search_term_string\"}}],\"inLanguage\":\"es\"},{\"@type\":\"Person\",\"@id\":\"https:\\\/\\\/www.bbmnoticias.com\\\/labravaradiofm\\\/#\\\/schema\\\/person\\\/9eb037257fc48a09cdf31d9a2f45619f\",\"name\":\"Staff\",\"image\":{\"@type\":\"ImageObject\",\"inLanguage\":\"es\",\"@id\":\"https:\\\/\\\/secure.gravatar.com\\\/avatar\\\/fdd21ad66fd8b98c407f9dee5b5e588cfe7f0d8579ec20fa6527cd59bab7f0f0?s=96&d=mm&r=g\",\"url\":\"https:\\\/\\\/secure.gravatar.com\\\/avatar\\\/fdd21ad66fd8b98c407f9dee5b5e588cfe7f0d8579ec20fa6527cd59bab7f0f0?s=96&d=mm&r=g\",\"contentUrl\":\"https:\\\/\\\/secure.gravatar.com\\\/avatar\\\/fdd21ad66fd8b98c407f9dee5b5e588cfe7f0d8579ec20fa6527cd59bab7f0f0?s=96&d=mm&r=g\",\"caption\":\"Staff\"},\"url\":\"https:\\\/\\\/www.bbmnoticias.com\\\/labravaradiofm\\\/author\\\/redaccion\\\/\"}]}<\/script>\n<!-- \/ Yoast SEO plugin. -->","yoast_head_json":{"title":"Detienen a dirigente de ASAEO por presuntos delitos contra la salud - LA BRAVA RADIO","robots":{"index":"index","follow":"follow","max-snippet":"max-snippet:-1","max-image-preview":"max-image-preview:large","max-video-preview":"max-video-preview:-1"},"canonical":"https:\/\/www.bbmnoticias.com\/detienen-a-dirigente-de-asaeo-por-presuntos-delitos-contra-la-salud\/","og_locale":"es_MX","og_type":"article","og_title":"Detienen a dirigente de ASAEO por presuntos delitos contra la salud - LA BRAVA RADIO","og_description":"Oaxaca de Ju\u00e1rez, Oax., 27 de agosto de 2026.\u2014 Sharon Italia Curiel, dirigente de la Alianza de Sindicatos y Asociaciones del Estado de Oaxaca (ASAEO), fue detenida durante un operativo encabezado por la Fiscal\u00eda General del Estado de Oaxaca (FGEO), con participaci\u00f3n de elementos de la Secretar\u00eda de Marina (Semar), por su presunta participaci\u00f3n en [&hellip;]","og_url":"https:\/\/www.bbmnoticias.com\/detienen-a-dirigente-de-asaeo-por-presuntos-delitos-contra-la-salud\/","og_site_name":"LA BRAVA RADIO","article_published_time":"2026-08-27T14:27:40+00:00","article_modified_time":"2026-08-27T14:45:18+00:00","og_image":[{"width":800,"height":450,"url":"https:\/\/www.bbmnoticias.com\/labravaradiofm\/wp-content\/uploads\/sites\/5\/2026\/08\/lider_asaeo.jpg","type":"image\/jpeg"}],"author":"Staff","twitter_card":"summary_large_image","twitter_misc":{"Escrito por":"Staff","Tiempo de lectura":"2 minutos"},"schema":{"@context":"https:\/\/schema.org","@graph":[{"@type":"Article","@id":"https:\/\/www.bbmnoticias.com\/detienen-a-dirigente-de-asaeo-por-presuntos-delitos-contra-la-salud\/#article","isPartOf":{"@id":"https:\/\/www.bbmnoticias.com\/labravaradiofm\/2026\/08\/27\/detienen-a-dirigente-de-asaeo-por-presuntos-delitos-contra-la-salud\/"},"author":{"name":"Staff","@id":"https:\/\/www.bbmnoticias.com\/labravaradiofm\/#\/schema\/person\/9eb037257fc48a09cdf31d9a2f45619f"},"headline":"Detienen a dirigente de ASAEO por presuntos delitos contra la salud","datePublished":"2026-08-27T14:27:40+00:00","dateModified":"2026-08-27T14:45:18+00:00","mainEntityOfPage":{"@id":"https:\/\/www.bbmnoticias.com\/labravaradiofm\/2026\/08\/27\/detienen-a-dirigente-de-asaeo-por-presuntos-delitos-contra-la-salud\/"},"wordCount":234,"image":{"@id":"https:\/\/www.bbmnoticias.com\/detienen-a-dirigente-de-asaeo-por-presuntos-delitos-contra-la-salud\/#primaryimage"},"thumbnailUrl":"https:\/\/www.bbmnoticias.com\/labravaradiofm\/wp-content\/uploads\/sites\/5\/2026\/08\/lider_asaeo.jpg","articleSection":["LOCAL","POLICIACA"],"inLanguage":"es"},{"@type":"WebPage","@id":"https:\/\/www.bbmnoticias.com\/labravaradiofm\/2026\/08\/27\/detienen-a-dirigente-de-asaeo-por-presuntos-delitos-contra-la-salud\/","url":"https:\/\/www.bbmnoticias.com\/detienen-a-dirigente-de-asaeo-por-presuntos-delitos-contra-la-salud\/","name":"Detienen a dirigente de ASAEO por presuntos delitos contra la salud - LA BRAVA RADIO","isPartOf":{"@id":"https:\/\/www.bbmnoticias.com\/labravaradiofm\/#website"},"primaryImageOfPage":{"@id":"https:\/\/www.bbmnoticias.com\/detienen-a-dirigente-de-asaeo-por-presuntos-delitos-contra-la-salud\/#primaryimage"},"image":{"@id":"https:\/\/www.bbmnoticias.com\/detienen-a-dirigente-de-asaeo-por-presuntos-delitos-contra-la-salud\/#primaryimage"},"thumbnailUrl":"https:\/\/www.bbmnoticias.com\/labravaradiofm\/wp-content\/uploads\/sites\/5\/2026\/08\/lider_asaeo.jpg","datePublished":"2026-08-27T14:27:40+00:00","dateModified":"2026-08-27T14:45:18+00:00","author":{"@id":"https:\/\/www.bbmnoticias.com\/labravaradiofm\/#\/schema\/person\/9eb037257fc48a09cdf31d9a2f45619f"},"breadcrumb":{"@id":"https:\/\/www.bbmnoticias.com\/detienen-a-dirigente-de-asaeo-por-presuntos-delitos-contra-la-salud\/#breadcrumb"},"inLanguage":"es","potentialAction":[{"@type":"ReadAction","target":["https:\/\/www.bbmnoticias.com\/detienen-a-dirigente-de-asaeo-por-presuntos-delitos-contra-la-salud\/"]}]},{"@type":"ImageObject","inLanguage":"es","@id":"https:\/\/www.bbmnoticias.com\/detienen-a-dirigente-de-asaeo-por-presuntos-delitos-contra-la-salud\/#primaryimage","url":"https:\/\/www.bbmnoticias.com\/labravaradiofm\/wp-content\/uploads\/sites\/5\/2026\/08\/lider_asaeo.jpg","contentUrl":"https:\/\/www.bbmnoticias.com\/labravaradiofm\/wp-content\/uploads\/sites\/5\/2026\/08\/lider_asaeo.jpg","width":800,"height":450},{"@type":"BreadcrumbList","@id":"https:\/\/www.bbmnoticias.com\/detienen-a-dirigente-de-asaeo-por-presuntos-delitos-contra-la-salud\/#breadcrumb","itemListElement":[{"@type":"ListItem","position":1,"name":"Inicio","item":"https:\/\/www.bbmnoticias.com\/labravaradiofm\/"},{"@type":"ListItem","position":2,"name":"Detienen a dirigente de ASAEO por presuntos delitos contra la salud"}]},{"@type":"WebSite","@id":"https:\/\/www.bbmnoticias.com\/labravaradiofm\/#website","url":"https:\/\/www.bbmnoticias.com\/labravaradiofm\/","name":"LA BRAVA RADIO","description":"Empresa productora de medios, Radiodifusi\u00f3n, Noticias, tendencias y todo lo que necesitas saber de la pol\u00edtica mexicana e internacional; entretenimiento, espect\u00e1culos, salud y mucho m\u00e1s.","potentialAction":[{"@type":"SearchAction","target":{"@type":"EntryPoint","urlTemplate":"https:\/\/www.bbmnoticias.com\/labravaradiofm\/?s={search_term_string}"},"query-input":{"@type":"PropertyValueSpecification","valueRequired":true,"valueName":"search_term_string"}}],"inLanguage":"es"},{"@type":"Person","@id":"https:\/\/www.bbmnoticias.com\/labravaradiofm\/#\/schema\/person\/9eb037257fc48a09cdf31d9a2f45619f","name":"Staff","image":{"@type":"ImageObject","inLanguage":"es","@id":"https:\/\/secure.gravatar.com\/avatar\/fdd21ad66fd8b98c407f9dee5b5e588cfe7f0d8579ec20fa6527cd59bab7f0f0?s=96&d=mm&r=g","url":"https:\/\/secure.gravatar.com\/avatar\/fdd21ad66fd8b98c407f9dee5b5e588cfe7f0d8579ec20fa6527cd59bab7f0f0?s=96&d=mm&r=g","contentUrl":"https:\/\/secure.gravatar.com\/avatar\/fdd21ad66fd8b98c407f9dee5b5e588cfe7f0d8579ec20fa6527cd59bab7f0f0?s=96&d=mm&r=g","caption":"Staff"},"url":"https:\/\/www.bbmnoticias.com\/labravaradiofm\/author\/redaccion\/"}]}},"_links":{"self":[{"href":"https:\/\/www.bbmnoticias.com\/labravaradiofm\/wp-json\/wp\/v2\/posts\/81131","targetHints":{"allow":["GET"]}}],"collection":[{"href":"https:\/\/www.bbmnoticias.com\/labravaradiofm\/wp-json\/wp\/v2\/posts"}],"about":[{"href":"https:\/\/www.bbmnoticias.com\/labravaradiofm\/wp-json\/wp\/v2\/types\/post"}],"author":[{"embeddable":true,"href":"https:\/\/www.bbmnoticias.com\/labravaradiofm\/wp-json\/wp\/v2\/users\/2"}],"replies":[{"embeddable":true,"href":"https:\/\/www.bbmnoticias.com\/labravaradiofm\/wp-json\/wp\/v2\/comments?post=81131"}],"version-history":[{"count":1,"href":"https:\/\/www.bbmnoticias.com\/labravaradiofm\/wp-json\/wp\/v2\/posts\/81131\/revisions"}],"predecessor-version":[{"id":81132,"href":"https:\/\/www.bbmnoticias.com\/labravaradiofm\/wp-json\/wp\/v2\/posts\/81131\/revisions\/81132"}],"wp:featuredmedia":[{"embeddable":true,"href":"https:\/\/www.bbmnoticias.com\/labravaradiofm\/wp-json\/wp\/v2\/media\/81133"}],"wp:attachment":[{"href":"https:\/\/www.bbmnoticias.com\/labravaradiofm\/wp-json\/wp\/v2\/media?parent=81131"}],"wp:term":[{"taxonomy":"category","embeddable":true,"href":"https:\/\/www.bbmnoticias.com\/labravaradiofm\/wp-json\/wp\/v2\/categories?post=81131"},{"taxonomy":"post_tag","embeddable":true,"href":"https:\/\/www.bbmnoticias.com\/labravaradiofm\/wp-json\/wp\/v2\/tags?post=81131"}],"curies":[{"name":"wp","href":"https:\/\/api.w.org\/{rel}","templated":true}]}}