{"id":81128,"date":"2026-08-27T08:23:47","date_gmt":"2026-08-27T14:23:47","guid":{"rendered":"https:\/\/www.bbmnoticias.com\/labravaradiofm\/2026\/08\/27\/detienen-a-el-pisco-por-robo-habria-disparado-contra-agentes-de-investigacion-en-el-istmo\/"},"modified":"2026-08-27T08:23:50","modified_gmt":"2026-08-27T14:23:50","slug":"detienen-a-el-pisco-por-robo-habria-disparado-contra-agentes-de-investigacion-en-el-istmo","status":"publish","type":"post","link":"https:\/\/www.bbmnoticias.com\/labravaradiofm\/2026\/08\/27\/detienen-a-el-pisco-por-robo-habria-disparado-contra-agentes-de-investigacion-en-el-istmo\/","title":{"rendered":"Detienen a \u201cEl Pisco\u201d por robo; habr\u00eda disparado contra agentes de investigaci\u00f3n en el Istmo"},"content":{"rendered":"\n<p class=\"wp-block-paragraph\">Oaxaca de Ju\u00e1rez, Oax., 27 de agosto de 2026.\u2014 La Fiscal\u00eda General del Estado de Oaxaca (FGEO) cumpliment\u00f3 una orden de aprehensi\u00f3n contra un hombre identificado como L.A.G.M., alias \u201cEl Pisco\u201d, se\u00f1alado como probable responsable del delito de robo espec\u00edfico.<\/p>\n\n\n\n<p class=\"wp-block-paragraph\">De acuerdo con el informe ministerial, durante el operativo para ejecutar el mandato judicial, el detenido habr\u00eda accionado un arma de fuego contra Agentes Estatales de Investigaci\u00f3n (AEI), quienes repelieron la agresi\u00f3n.<\/p>\n\n\n\n<p class=\"wp-block-paragraph\">Los hechos se derivan de una investigaci\u00f3n a cargo de la Vicefiscal\u00eda Regional del Istmo, relacionada con una denuncia presentada por una mujer identificada como A.S.R.<\/p>\n\n\n\n<p class=\"wp-block-paragraph\">Seg\u00fan los datos recabados por la autoridad, el pasado 14 de agosto, la v\u00edctima solicit\u00f3 apoyo ministerial para localizar y detener al hombre que hab\u00eda denunciado por robo y quien ya contaba con una orden de aprehensi\u00f3n.<\/p>\n\n\n\n<p class=\"wp-block-paragraph\">La persona se\u00f1alada fue ubicada cuando circulaba a bordo de un mototaxi rojo por inmediaciones del barrio Santa Cruz Tagolaba, sobre la carretera Trans\u00edstmica.<\/p>\n\n\n\n<p class=\"wp-block-paragraph\">Al aproximarse para identificarse y ejecutar la orden judicial, el hombre habr\u00eda sacado de la cintura un arma de fuego y disparado contra uno de los agentes ministeriales.<\/p>\n\n\n\n<p class=\"wp-block-paragraph\">Ante la agresi\u00f3n, los elementos de investigaci\u00f3n repelieron el ataque. El ahora detenido habr\u00eda descendido del veh\u00edculo y emprendido la huida a pie, a\u00fan portando el arma, misma que presuntamente arroj\u00f3 hacia una zona de maleza ubicada a un costado de la carretera.<\/p>\n\n\n\n<p class=\"wp-block-paragraph\">Los agentes continuaron la persecuci\u00f3n y lograron darle alcance aproximadamente 20 metros adelante, cuando intentaba escapar por una calle de terracer\u00eda paralela a la carretera Trans\u00edstmica. En ese lugar le informaron que quedaba detenido en cumplimiento de la orden de aprehensi\u00f3n.<\/p>\n\n\n\n<p class=\"wp-block-paragraph\">Como parte de las diligencias, las autoridades aseguraron un arma de fuego calibre 9 mil\u00edmetros y casquillos percutidos, indicios que ser\u00e1n incorporados a las investigaciones correspondientes.<\/p>\n\n\n\n<p class=\"wp-block-paragraph\">L.A.G.M. qued\u00f3 a disposici\u00f3n de la autoridad ministerial competente, que determinar\u00e1 su situaci\u00f3n jur\u00eddica por los hechos relacionados con la orden de aprehensi\u00f3n y por las conductas que pudieran derivarse de la presunta agresi\u00f3n contra los agentes de investigaci\u00f3n.<\/p>\n\n\n\n<p class=\"wp-block-paragraph\">La FGEO se\u00f1al\u00f3 que las investigaciones continuar\u00e1n para esclarecer los hechos y determinar las responsabilidades legales correspondientes.<\/p>\n\n\n\n<p class=\"wp-block-paragraph\"><\/p>\n","protected":false},"excerpt":{"rendered":"<p>Oaxaca de Ju\u00e1rez, Oax., 27 de agosto de 2026.\u2014 La Fiscal\u00eda General del Estado de Oaxaca (FGEO) cumpliment\u00f3 una orden de aprehensi\u00f3n contra un hombre identificado como L.A.G.M., alias \u201cEl Pisco\u201d, se\u00f1alado como probable responsable del delito de robo espec\u00edfico. De acuerdo con el informe ministerial, durante el operativo para ejecutar el mandato judicial, el [&hellip;]<\/p>\n","protected":false},"author":2,"featured_media":81130,"comment_status":"closed","ping_status":"open","sticky":false,"template":"","format":"standard","meta":{"footnotes":""},"categories":[2,20],"tags":[],"class_list":["post-81128","post","type-post","status-publish","format-standard","has-post-thumbnail","hentry","category-oaxaca","category-policiaca"],"yoast_head":"<!-- This site is optimized with the Yoast SEO plugin v28.1 - https:\/\/yoast.com\/product\/yoast-seo-wordpress\/ -->\n<title>Detienen a \u201cEl Pisco\u201d por robo; habr\u00eda disparado contra agentes de investigaci\u00f3n en el Istmo - LA BRAVA RADIO<\/title>\n<meta name=\"robots\" content=\"index, follow, max-snippet:-1, max-image-preview:large, max-video-preview:-1\" \/>\n<link rel=\"canonical\" href=\"https:\/\/www.bbmnoticias.com\/detienen-a-el-pisco-por-robo-habria-disparado-contra-agentes-de-investigacion-en-el-istmo\/\" \/>\n<meta property=\"og:locale\" content=\"es_MX\" \/>\n<meta property=\"og:type\" content=\"article\" \/>\n<meta property=\"og:title\" content=\"Detienen a \u201cEl Pisco\u201d por robo; habr\u00eda disparado contra agentes de investigaci\u00f3n en el Istmo - LA BRAVA RADIO\" \/>\n<meta property=\"og:description\" content=\"Oaxaca de Ju\u00e1rez, Oax., 27 de agosto de 2026.\u2014 La Fiscal\u00eda General del Estado de Oaxaca (FGEO) cumpliment\u00f3 una orden de aprehensi\u00f3n contra un hombre identificado como L.A.G.M., alias \u201cEl Pisco\u201d, se\u00f1alado como probable responsable del delito de robo espec\u00edfico. De acuerdo con el informe ministerial, durante el operativo para ejecutar el mandato judicial, el [&hellip;]\" \/>\n<meta property=\"og:url\" content=\"https:\/\/www.bbmnoticias.com\/detienen-a-el-pisco-por-robo-habria-disparado-contra-agentes-de-investigacion-en-el-istmo\/\" \/>\n<meta property=\"og:site_name\" content=\"LA BRAVA RADIO\" \/>\n<meta property=\"article:published_time\" content=\"2026-08-27T14:23:47+00:00\" \/>\n<meta property=\"article:modified_time\" content=\"2026-08-27T14:23:50+00:00\" \/>\n<meta property=\"og:image\" content=\"https:\/\/www.bbmnoticias.com\/labravaradiofm\/wp-content\/uploads\/sites\/5\/2026\/08\/presunto_agresor-12.jpg\" \/>\n\t<meta property=\"og:image:width\" content=\"800\" \/>\n\t<meta property=\"og:image:height\" content=\"450\" \/>\n\t<meta property=\"og:image:type\" content=\"image\/jpeg\" \/>\n<meta name=\"author\" content=\"Staff\" \/>\n<meta name=\"twitter:card\" content=\"summary_large_image\" \/>\n<meta name=\"twitter:label1\" content=\"Escrito por\" \/>\n\t<meta name=\"twitter:data1\" content=\"Staff\" \/>\n\t<meta name=\"twitter:label2\" content=\"Tiempo de lectura\" \/>\n\t<meta name=\"twitter:data2\" content=\"2 minutos\" \/>\n<script type=\"application\/ld+json\" class=\"yoast-schema-graph\">{\"@context\":\"https:\\\/\\\/schema.org\",\"@graph\":[{\"@type\":\"Article\",\"@id\":\"https:\\\/\\\/www.bbmnoticias.com\\\/detienen-a-el-pisco-por-robo-habria-disparado-contra-agentes-de-investigacion-en-el-istmo\\\/#article\",\"isPartOf\":{\"@id\":\"https:\\\/\\\/www.bbmnoticias.com\\\/labravaradiofm\\\/2026\\\/08\\\/27\\\/detienen-a-el-pisco-por-robo-habria-disparado-contra-agentes-de-investigacion-en-el-istmo\\\/\"},\"author\":{\"name\":\"Staff\",\"@id\":\"https:\\\/\\\/www.bbmnoticias.com\\\/labravaradiofm\\\/#\\\/schema\\\/person\\\/9eb037257fc48a09cdf31d9a2f45619f\"},\"headline\":\"Detienen a \u201cEl Pisco\u201d por robo; habr\u00eda disparado contra agentes de investigaci\u00f3n en el Istmo\",\"datePublished\":\"2026-08-27T14:23:47+00:00\",\"dateModified\":\"2026-08-27T14:23:50+00:00\",\"mainEntityOfPage\":{\"@id\":\"https:\\\/\\\/www.bbmnoticias.com\\\/labravaradiofm\\\/2026\\\/08\\\/27\\\/detienen-a-el-pisco-por-robo-habria-disparado-contra-agentes-de-investigacion-en-el-istmo\\\/\"},\"wordCount\":409,\"image\":{\"@id\":\"https:\\\/\\\/www.bbmnoticias.com\\\/detienen-a-el-pisco-por-robo-habria-disparado-contra-agentes-de-investigacion-en-el-istmo\\\/#primaryimage\"},\"thumbnailUrl\":\"https:\\\/\\\/www.bbmnoticias.com\\\/labravaradiofm\\\/wp-content\\\/uploads\\\/sites\\\/5\\\/2026\\\/08\\\/presunto_agresor-12.jpg\",\"articleSection\":[\"LOCAL\",\"POLICIACA\"],\"inLanguage\":\"es\"},{\"@type\":\"WebPage\",\"@id\":\"https:\\\/\\\/www.bbmnoticias.com\\\/labravaradiofm\\\/2026\\\/08\\\/27\\\/detienen-a-el-pisco-por-robo-habria-disparado-contra-agentes-de-investigacion-en-el-istmo\\\/\",\"url\":\"https:\\\/\\\/www.bbmnoticias.com\\\/detienen-a-el-pisco-por-robo-habria-disparado-contra-agentes-de-investigacion-en-el-istmo\\\/\",\"name\":\"Detienen a \u201cEl Pisco\u201d por robo; habr\u00eda disparado contra agentes de investigaci\u00f3n en el Istmo - LA BRAVA RADIO\",\"isPartOf\":{\"@id\":\"https:\\\/\\\/www.bbmnoticias.com\\\/labravaradiofm\\\/#website\"},\"primaryImageOfPage\":{\"@id\":\"https:\\\/\\\/www.bbmnoticias.com\\\/detienen-a-el-pisco-por-robo-habria-disparado-contra-agentes-de-investigacion-en-el-istmo\\\/#primaryimage\"},\"image\":{\"@id\":\"https:\\\/\\\/www.bbmnoticias.com\\\/detienen-a-el-pisco-por-robo-habria-disparado-contra-agentes-de-investigacion-en-el-istmo\\\/#primaryimage\"},\"thumbnailUrl\":\"https:\\\/\\\/www.bbmnoticias.com\\\/labravaradiofm\\\/wp-content\\\/uploads\\\/sites\\\/5\\\/2026\\\/08\\\/presunto_agresor-12.jpg\",\"datePublished\":\"2026-08-27T14:23:47+00:00\",\"dateModified\":\"2026-08-27T14:23:50+00:00\",\"author\":{\"@id\":\"https:\\\/\\\/www.bbmnoticias.com\\\/labravaradiofm\\\/#\\\/schema\\\/person\\\/9eb037257fc48a09cdf31d9a2f45619f\"},\"breadcrumb\":{\"@id\":\"https:\\\/\\\/www.bbmnoticias.com\\\/detienen-a-el-pisco-por-robo-habria-disparado-contra-agentes-de-investigacion-en-el-istmo\\\/#breadcrumb\"},\"inLanguage\":\"es\",\"potentialAction\":[{\"@type\":\"ReadAction\",\"target\":[\"https:\\\/\\\/www.bbmnoticias.com\\\/detienen-a-el-pisco-por-robo-habria-disparado-contra-agentes-de-investigacion-en-el-istmo\\\/\"]}]},{\"@type\":\"ImageObject\",\"inLanguage\":\"es\",\"@id\":\"https:\\\/\\\/www.bbmnoticias.com\\\/detienen-a-el-pisco-por-robo-habria-disparado-contra-agentes-de-investigacion-en-el-istmo\\\/#primaryimage\",\"url\":\"https:\\\/\\\/www.bbmnoticias.com\\\/labravaradiofm\\\/wp-content\\\/uploads\\\/sites\\\/5\\\/2026\\\/08\\\/presunto_agresor-12.jpg\",\"contentUrl\":\"https:\\\/\\\/www.bbmnoticias.com\\\/labravaradiofm\\\/wp-content\\\/uploads\\\/sites\\\/5\\\/2026\\\/08\\\/presunto_agresor-12.jpg\",\"width\":800,\"height\":450},{\"@type\":\"BreadcrumbList\",\"@id\":\"https:\\\/\\\/www.bbmnoticias.com\\\/detienen-a-el-pisco-por-robo-habria-disparado-contra-agentes-de-investigacion-en-el-istmo\\\/#breadcrumb\",\"itemListElement\":[{\"@type\":\"ListItem\",\"position\":1,\"name\":\"Inicio\",\"item\":\"https:\\\/\\\/www.bbmnoticias.com\\\/labravaradiofm\\\/\"},{\"@type\":\"ListItem\",\"position\":2,\"name\":\"Detienen a \u201cEl Pisco\u201d por robo; habr\u00eda disparado contra agentes de investigaci\u00f3n en el Istmo\"}]},{\"@type\":\"WebSite\",\"@id\":\"https:\\\/\\\/www.bbmnoticias.com\\\/labravaradiofm\\\/#website\",\"url\":\"https:\\\/\\\/www.bbmnoticias.com\\\/labravaradiofm\\\/\",\"name\":\"LA BRAVA RADIO\",\"description\":\"Empresa productora de medios, Radiodifusi\u00f3n, Noticias, tendencias y todo lo que necesitas saber de la pol\u00edtica mexicana e internacional; entretenimiento, espect\u00e1culos, salud y mucho m\u00e1s.\",\"potentialAction\":[{\"@type\":\"SearchAction\",\"target\":{\"@type\":\"EntryPoint\",\"urlTemplate\":\"https:\\\/\\\/www.bbmnoticias.com\\\/labravaradiofm\\\/?s={search_term_string}\"},\"query-input\":{\"@type\":\"PropertyValueSpecification\",\"valueRequired\":true,\"valueName\":\"search_term_string\"}}],\"inLanguage\":\"es\"},{\"@type\":\"Person\",\"@id\":\"https:\\\/\\\/www.bbmnoticias.com\\\/labravaradiofm\\\/#\\\/schema\\\/person\\\/9eb037257fc48a09cdf31d9a2f45619f\",\"name\":\"Staff\",\"image\":{\"@type\":\"ImageObject\",\"inLanguage\":\"es\",\"@id\":\"https:\\\/\\\/secure.gravatar.com\\\/avatar\\\/fdd21ad66fd8b98c407f9dee5b5e588cfe7f0d8579ec20fa6527cd59bab7f0f0?s=96&d=mm&r=g\",\"url\":\"https:\\\/\\\/secure.gravatar.com\\\/avatar\\\/fdd21ad66fd8b98c407f9dee5b5e588cfe7f0d8579ec20fa6527cd59bab7f0f0?s=96&d=mm&r=g\",\"contentUrl\":\"https:\\\/\\\/secure.gravatar.com\\\/avatar\\\/fdd21ad66fd8b98c407f9dee5b5e588cfe7f0d8579ec20fa6527cd59bab7f0f0?s=96&d=mm&r=g\",\"caption\":\"Staff\"},\"url\":\"https:\\\/\\\/www.bbmnoticias.com\\\/labravaradiofm\\\/author\\\/redaccion\\\/\"}]}<\/script>\n<!-- \/ Yoast SEO plugin. -->","yoast_head_json":{"title":"Detienen a \u201cEl Pisco\u201d por robo; habr\u00eda disparado contra agentes de investigaci\u00f3n en el Istmo - LA BRAVA RADIO","robots":{"index":"index","follow":"follow","max-snippet":"max-snippet:-1","max-image-preview":"max-image-preview:large","max-video-preview":"max-video-preview:-1"},"canonical":"https:\/\/www.bbmnoticias.com\/detienen-a-el-pisco-por-robo-habria-disparado-contra-agentes-de-investigacion-en-el-istmo\/","og_locale":"es_MX","og_type":"article","og_title":"Detienen a \u201cEl Pisco\u201d por robo; habr\u00eda disparado contra agentes de investigaci\u00f3n en el Istmo - LA BRAVA RADIO","og_description":"Oaxaca de Ju\u00e1rez, Oax., 27 de agosto de 2026.\u2014 La Fiscal\u00eda General del Estado de Oaxaca (FGEO) cumpliment\u00f3 una orden de aprehensi\u00f3n contra un hombre identificado como L.A.G.M., alias \u201cEl Pisco\u201d, se\u00f1alado como probable responsable del delito de robo espec\u00edfico. De acuerdo con el informe ministerial, durante el operativo para ejecutar el mandato judicial, el [&hellip;]","og_url":"https:\/\/www.bbmnoticias.com\/detienen-a-el-pisco-por-robo-habria-disparado-contra-agentes-de-investigacion-en-el-istmo\/","og_site_name":"LA BRAVA RADIO","article_published_time":"2026-08-27T14:23:47+00:00","article_modified_time":"2026-08-27T14:23:50+00:00","og_image":[{"width":800,"height":450,"url":"https:\/\/www.bbmnoticias.com\/labravaradiofm\/wp-content\/uploads\/sites\/5\/2026\/08\/presunto_agresor-12.jpg","type":"image\/jpeg"}],"author":"Staff","twitter_card":"summary_large_image","twitter_misc":{"Escrito por":"Staff","Tiempo de lectura":"2 minutos"},"schema":{"@context":"https:\/\/schema.org","@graph":[{"@type":"Article","@id":"https:\/\/www.bbmnoticias.com\/detienen-a-el-pisco-por-robo-habria-disparado-contra-agentes-de-investigacion-en-el-istmo\/#article","isPartOf":{"@id":"https:\/\/www.bbmnoticias.com\/labravaradiofm\/2026\/08\/27\/detienen-a-el-pisco-por-robo-habria-disparado-contra-agentes-de-investigacion-en-el-istmo\/"},"author":{"name":"Staff","@id":"https:\/\/www.bbmnoticias.com\/labravaradiofm\/#\/schema\/person\/9eb037257fc48a09cdf31d9a2f45619f"},"headline":"Detienen a \u201cEl Pisco\u201d por robo; habr\u00eda disparado contra agentes de investigaci\u00f3n en el Istmo","datePublished":"2026-08-27T14:23:47+00:00","dateModified":"2026-08-27T14:23:50+00:00","mainEntityOfPage":{"@id":"https:\/\/www.bbmnoticias.com\/labravaradiofm\/2026\/08\/27\/detienen-a-el-pisco-por-robo-habria-disparado-contra-agentes-de-investigacion-en-el-istmo\/"},"wordCount":409,"image":{"@id":"https:\/\/www.bbmnoticias.com\/detienen-a-el-pisco-por-robo-habria-disparado-contra-agentes-de-investigacion-en-el-istmo\/#primaryimage"},"thumbnailUrl":"https:\/\/www.bbmnoticias.com\/labravaradiofm\/wp-content\/uploads\/sites\/5\/2026\/08\/presunto_agresor-12.jpg","articleSection":["LOCAL","POLICIACA"],"inLanguage":"es"},{"@type":"WebPage","@id":"https:\/\/www.bbmnoticias.com\/labravaradiofm\/2026\/08\/27\/detienen-a-el-pisco-por-robo-habria-disparado-contra-agentes-de-investigacion-en-el-istmo\/","url":"https:\/\/www.bbmnoticias.com\/detienen-a-el-pisco-por-robo-habria-disparado-contra-agentes-de-investigacion-en-el-istmo\/","name":"Detienen a \u201cEl Pisco\u201d por robo; habr\u00eda disparado contra agentes de investigaci\u00f3n en el Istmo - LA BRAVA RADIO","isPartOf":{"@id":"https:\/\/www.bbmnoticias.com\/labravaradiofm\/#website"},"primaryImageOfPage":{"@id":"https:\/\/www.bbmnoticias.com\/detienen-a-el-pisco-por-robo-habria-disparado-contra-agentes-de-investigacion-en-el-istmo\/#primaryimage"},"image":{"@id":"https:\/\/www.bbmnoticias.com\/detienen-a-el-pisco-por-robo-habria-disparado-contra-agentes-de-investigacion-en-el-istmo\/#primaryimage"},"thumbnailUrl":"https:\/\/www.bbmnoticias.com\/labravaradiofm\/wp-content\/uploads\/sites\/5\/2026\/08\/presunto_agresor-12.jpg","datePublished":"2026-08-27T14:23:47+00:00","dateModified":"2026-08-27T14:23:50+00:00","author":{"@id":"https:\/\/www.bbmnoticias.com\/labravaradiofm\/#\/schema\/person\/9eb037257fc48a09cdf31d9a2f45619f"},"breadcrumb":{"@id":"https:\/\/www.bbmnoticias.com\/detienen-a-el-pisco-por-robo-habria-disparado-contra-agentes-de-investigacion-en-el-istmo\/#breadcrumb"},"inLanguage":"es","potentialAction":[{"@type":"ReadAction","target":["https:\/\/www.bbmnoticias.com\/detienen-a-el-pisco-por-robo-habria-disparado-contra-agentes-de-investigacion-en-el-istmo\/"]}]},{"@type":"ImageObject","inLanguage":"es","@id":"https:\/\/www.bbmnoticias.com\/detienen-a-el-pisco-por-robo-habria-disparado-contra-agentes-de-investigacion-en-el-istmo\/#primaryimage","url":"https:\/\/www.bbmnoticias.com\/labravaradiofm\/wp-content\/uploads\/sites\/5\/2026\/08\/presunto_agresor-12.jpg","contentUrl":"https:\/\/www.bbmnoticias.com\/labravaradiofm\/wp-content\/uploads\/sites\/5\/2026\/08\/presunto_agresor-12.jpg","width":800,"height":450},{"@type":"BreadcrumbList","@id":"https:\/\/www.bbmnoticias.com\/detienen-a-el-pisco-por-robo-habria-disparado-contra-agentes-de-investigacion-en-el-istmo\/#breadcrumb","itemListElement":[{"@type":"ListItem","position":1,"name":"Inicio","item":"https:\/\/www.bbmnoticias.com\/labravaradiofm\/"},{"@type":"ListItem","position":2,"name":"Detienen a \u201cEl Pisco\u201d por robo; habr\u00eda disparado contra agentes de investigaci\u00f3n en el Istmo"}]},{"@type":"WebSite","@id":"https:\/\/www.bbmnoticias.com\/labravaradiofm\/#website","url":"https:\/\/www.bbmnoticias.com\/labravaradiofm\/","name":"LA BRAVA RADIO","description":"Empresa productora de medios, Radiodifusi\u00f3n, Noticias, tendencias y todo lo que necesitas saber de la pol\u00edtica mexicana e internacional; entretenimiento, espect\u00e1culos, salud y mucho m\u00e1s.","potentialAction":[{"@type":"SearchAction","target":{"@type":"EntryPoint","urlTemplate":"https:\/\/www.bbmnoticias.com\/labravaradiofm\/?s={search_term_string}"},"query-input":{"@type":"PropertyValueSpecification","valueRequired":true,"valueName":"search_term_string"}}],"inLanguage":"es"},{"@type":"Person","@id":"https:\/\/www.bbmnoticias.com\/labravaradiofm\/#\/schema\/person\/9eb037257fc48a09cdf31d9a2f45619f","name":"Staff","image":{"@type":"ImageObject","inLanguage":"es","@id":"https:\/\/secure.gravatar.com\/avatar\/fdd21ad66fd8b98c407f9dee5b5e588cfe7f0d8579ec20fa6527cd59bab7f0f0?s=96&d=mm&r=g","url":"https:\/\/secure.gravatar.com\/avatar\/fdd21ad66fd8b98c407f9dee5b5e588cfe7f0d8579ec20fa6527cd59bab7f0f0?s=96&d=mm&r=g","contentUrl":"https:\/\/secure.gravatar.com\/avatar\/fdd21ad66fd8b98c407f9dee5b5e588cfe7f0d8579ec20fa6527cd59bab7f0f0?s=96&d=mm&r=g","caption":"Staff"},"url":"https:\/\/www.bbmnoticias.com\/labravaradiofm\/author\/redaccion\/"}]}},"_links":{"self":[{"href":"https:\/\/www.bbmnoticias.com\/labravaradiofm\/wp-json\/wp\/v2\/posts\/81128","targetHints":{"allow":["GET"]}}],"collection":[{"href":"https:\/\/www.bbmnoticias.com\/labravaradiofm\/wp-json\/wp\/v2\/posts"}],"about":[{"href":"https:\/\/www.bbmnoticias.com\/labravaradiofm\/wp-json\/wp\/v2\/types\/post"}],"author":[{"embeddable":true,"href":"https:\/\/www.bbmnoticias.com\/labravaradiofm\/wp-json\/wp\/v2\/users\/2"}],"replies":[{"embeddable":true,"href":"https:\/\/www.bbmnoticias.com\/labravaradiofm\/wp-json\/wp\/v2\/comments?post=81128"}],"version-history":[{"count":1,"href":"https:\/\/www.bbmnoticias.com\/labravaradiofm\/wp-json\/wp\/v2\/posts\/81128\/revisions"}],"predecessor-version":[{"id":81129,"href":"https:\/\/www.bbmnoticias.com\/labravaradiofm\/wp-json\/wp\/v2\/posts\/81128\/revisions\/81129"}],"wp:featuredmedia":[{"embeddable":true,"href":"https:\/\/www.bbmnoticias.com\/labravaradiofm\/wp-json\/wp\/v2\/media\/81130"}],"wp:attachment":[{"href":"https:\/\/www.bbmnoticias.com\/labravaradiofm\/wp-json\/wp\/v2\/media?parent=81128"}],"wp:term":[{"taxonomy":"category","embeddable":true,"href":"https:\/\/www.bbmnoticias.com\/labravaradiofm\/wp-json\/wp\/v2\/categories?post=81128"},{"taxonomy":"post_tag","embeddable":true,"href":"https:\/\/www.bbmnoticias.com\/labravaradiofm\/wp-json\/wp\/v2\/tags?post=81128"}],"curies":[{"name":"wp","href":"https:\/\/api.w.org\/{rel}","templated":true}]}}