{"id":81116,"date":"2026-08-26T19:50:04","date_gmt":"2026-08-27T01:50:04","guid":{"rendered":"https:\/\/www.bbmnoticias.com\/labravaradiofm\/2026\/08\/26\/tepjf-tumba-la-variable-14-del-ine-por-vulnerar-la-libertad-de-expresion\/"},"modified":"2026-08-26T19:50:08","modified_gmt":"2026-08-27T01:50:08","slug":"tepjf-tumba-la-variable-14-del-ine-por-vulnerar-la-libertad-de-expresion","status":"publish","type":"post","link":"https:\/\/www.bbmnoticias.com\/labravaradiofm\/2026\/08\/26\/tepjf-tumba-la-variable-14-del-ine-por-vulnerar-la-libertad-de-expresion\/","title":{"rendered":"TEPJF tumba la &#8216;Variable 14&#8217; del INE por vulnerar la libertad de expresi\u00f3n"},"content":{"rendered":"\n<p class=\"wp-block-paragraph\">El <strong>Tribunal Electoral del Poder Judicial de la Federaci\u00f3n (TEPJF)<\/strong> tumb\u00f3 la <strong>variable 14<\/strong> de la metodolog\u00eda de monitoreo del <strong>INE<\/strong> para la cobertura noticiosa de las elecciones, al considerar que limitaba el derecho a la <strong>libertad de expresi\u00f3n<\/strong>, pues permitir\u00eda registrar de manera subjetiva expresiones de periodistas y comunicadores que pudieran interpretarse como descalificaciones impl\u00edcitas hacia precandidaturas y candidaturas.<\/p>\n\n\n\n<p class=\"wp-block-paragraph\">La variable 14 incorporada por el INE para 2027 preve\u00eda medir los <strong>\u201cmecanismos discursivos\u201d<\/strong> de conductores, reporteros y opinadores en radio y televisi\u00f3n como el <strong>uso de la iron\u00eda y sarcasmo<\/strong>, la <strong>minimizaci\u00f3n<\/strong>, la <strong>infantilizaci\u00f3n<\/strong>, <strong>cuestionamientos impl\u00edcitos de legitimidad<\/strong> y la <strong>asociaci\u00f3n negativa por identidad<\/strong>.<\/p>\n\n\n\n<p class=\"wp-block-paragraph\">Al presentar el proyecto correspondiente al <strong>recurso de apelaci\u00f3n 185<\/strong>, la magistrada <strong>Claudia Valle Aguilasocho<\/strong> sostuvo que el problema no est\u00e1 en que el INE monitoree la cobertura electoral, sino en que esta categor\u00eda <strong>no establece par\u00e1metros objetivos<\/strong> para distinguir entre una cr\u00edtica period\u00edstica v\u00e1lida y una expresi\u00f3n que pudiera ser considerada una descalificaci\u00f3n. Por ello, propuso y logr\u00f3 que se dejara sin efectos esta directriz.<\/p>\n\n\n\n<p class=\"wp-block-paragraph\">\u201cLa variable<strong>carece de par\u00e1metros objetivos<\/strong> que permitan atribuir a una expresi\u00f3n period\u00edstica la intenci\u00f3n impl\u00edcita de descalificaci\u00f3n, de menosprecio o de cuestionamiento indirecto a quienes participen en la contienda electoral\u201d, se\u00f1al\u00f3.<\/p>\n\n\n\n<p class=\"wp-block-paragraph\">La variable 14 pretend\u00eda detectar y registrar manifestaciones impl\u00edcitas de periodistas y personas comunicadoras que, a criterio de quien realizara el monitoreo, pudieran tener la intenci\u00f3n de descalificar a quienes participan en la contienda. Para Valle, dejar esa valoraci\u00f3n en manos de los monitoristas pod\u00eda generar un <strong>efecto inhibidor<\/strong> sobre el ejercicio period\u00edstico.<\/p>\n\n\n\n<p class=\"wp-block-paragraph\">\u201cLa<strong>subjetividad de la interpretaci\u00f3n<\/strong> quedar\u00eda a cargo de la persona monitorista\u201d, advirti\u00f3 la magistrada, al se\u00f1alar que esto podr\u00eda llevar incluso a que periodistas evitaran determinadas opiniones ante la posibilidad de que fueran registradas oficialmente como descalificaciones indirectas.<\/p>\n\n\n\n<p class=\"wp-block-paragraph\">Valle Aguilasocho fundament\u00f3 su posici\u00f3n en la <strong>protecci\u00f3n constitucional y convencional<\/strong> de la libertad de expresi\u00f3n y el derecho de la ciudadan\u00eda a recibir informaci\u00f3n plural, particularmente durante los procesos electorales. Record\u00f3 que la libertad de expresi\u00f3n no puede estar sujeta a censura previa ni a restricciones por v\u00edas indirectas.<\/p>\n\n\n\n<p class=\"wp-block-paragraph\">\u201cLas limitantes est\u00e9n claramente definidas en el marco legal y constitucional, <em>y <\/em><strong>que no puedan ni deban incorporarse medidas que condicionen o desalienten el libre ejercicio de la labor de los medios de comunicaci\u00f3n<\/strong>\u201d, sostuvo.<\/p>\n\n\n\n<p class=\"wp-block-paragraph\">La magistrada agreg\u00f3 que el impacto no recaer\u00eda \u00fanicamente en periodistas y medios, sino tambi\u00e9n en la ciudadan\u00eda, al poder <strong>reducir la diversidad de opiniones<\/strong> disponibles para evaluar a las candidaturas y formar un voto informado.<\/p>\n\n\n\n<p class=\"wp-block-paragraph\">\u201cTrasciende al derecho de la ciudadan\u00eda misma a recibir informaci\u00f3n diversa sobre quienes participan en la contienda electoral\u201d, afirm\u00f3.<\/p>\n\n\n\n<p class=\"wp-block-paragraph\">La variable 14 incorporada por el INE para 2027 preve\u00eda medir los \u201cmecanismos discursivos\u201d de conductores, reporteros y opinadores en radio y televisi\u00f3n como el uso de la iron\u00eda y sarcasmo, la <strong>minimizaci\u00f3n<\/strong> (reducci\u00f3n de la capacidad o logros de la candidatura), la <strong>infantilizaci\u00f3n<\/strong> (considerarla ingenua, incapaz, inexperta), <strong>cuestionamientos impl\u00edcitos de legitimidad<\/strong> (no merece o no est\u00e1 en condiciones de ocupar el cargo) y la <strong>asociaci\u00f3n negativa por identidad<\/strong> (por g\u00e9nero, grupo \u00e9tnico, edad, orientaci\u00f3n sexual, etc.).<\/p>\n","protected":false},"excerpt":{"rendered":"<p>El Tribunal Electoral del Poder Judicial de la Federaci\u00f3n (TEPJF) tumb\u00f3 la variable 14 de la metodolog\u00eda de monitoreo del INE para la cobertura noticiosa de las elecciones, al considerar que limitaba el derecho a la libertad de expresi\u00f3n, pues permitir\u00eda registrar de manera subjetiva expresiones de periodistas y comunicadores que pudieran interpretarse como descalificaciones [&hellip;]<\/p>\n","protected":false},"author":8,"featured_media":81118,"comment_status":"closed","ping_status":"open","sticky":false,"template":"","format":"standard","meta":{"footnotes":""},"categories":[2,19],"tags":[],"class_list":["post-81116","post","type-post","status-publish","format-standard","has-post-thumbnail","hentry","category-oaxaca","category-nacional"],"yoast_head":"<!-- This site is optimized with the Yoast SEO plugin v28.1 - https:\/\/yoast.com\/product\/yoast-seo-wordpress\/ -->\n<title>TEPJF tumba la &#039;Variable 14&#039; del INE por vulnerar la libertad de expresi\u00f3n - LA BRAVA RADIO<\/title>\n<meta name=\"robots\" content=\"index, follow, max-snippet:-1, max-image-preview:large, max-video-preview:-1\" \/>\n<link rel=\"canonical\" href=\"https:\/\/www.bbmnoticias.com\/tepjf-tumba-la-variable-14-del-ine-por-vulnerar-la-libertad-de-expresion\/\" \/>\n<meta property=\"og:locale\" content=\"es_MX\" \/>\n<meta property=\"og:type\" content=\"article\" \/>\n<meta property=\"og:title\" content=\"TEPJF tumba la &#039;Variable 14&#039; del INE por vulnerar la libertad de expresi\u00f3n - LA BRAVA RADIO\" \/>\n<meta property=\"og:description\" content=\"El Tribunal Electoral del Poder Judicial de la Federaci\u00f3n (TEPJF) tumb\u00f3 la variable 14 de la metodolog\u00eda de monitoreo del INE para la cobertura noticiosa de las elecciones, al considerar que limitaba el derecho a la libertad de expresi\u00f3n, pues permitir\u00eda registrar de manera subjetiva expresiones de periodistas y comunicadores que pudieran interpretarse como descalificaciones [&hellip;]\" \/>\n<meta property=\"og:url\" content=\"https:\/\/www.bbmnoticias.com\/tepjf-tumba-la-variable-14-del-ine-por-vulnerar-la-libertad-de-expresion\/\" \/>\n<meta property=\"og:site_name\" content=\"LA BRAVA RADIO\" \/>\n<meta property=\"article:published_time\" content=\"2026-08-27T01:50:04+00:00\" \/>\n<meta property=\"article:modified_time\" content=\"2026-08-27T01:50:08+00:00\" \/>\n<meta property=\"og:image\" content=\"https:\/\/www.bbmnoticias.com\/labravaradiofm\/wp-content\/uploads\/sites\/5\/2026\/08\/6a4f27b523a53.jpeg\" \/>\n\t<meta property=\"og:image:width\" content=\"1200\" \/>\n\t<meta property=\"og:image:height\" content=\"800\" \/>\n\t<meta property=\"og:image:type\" content=\"image\/jpeg\" \/>\n<meta name=\"author\" content=\"Exc\u00e9lsior\" \/>\n<meta name=\"twitter:card\" content=\"summary_large_image\" \/>\n<meta name=\"twitter:label1\" content=\"Escrito por\" \/>\n\t<meta name=\"twitter:data1\" content=\"Exc\u00e9lsior\" \/>\n\t<meta name=\"twitter:label2\" content=\"Tiempo de lectura\" \/>\n\t<meta name=\"twitter:data2\" content=\"3 minutos\" \/>\n<script type=\"application\/ld+json\" class=\"yoast-schema-graph\">{\"@context\":\"https:\\\/\\\/schema.org\",\"@graph\":[{\"@type\":\"Article\",\"@id\":\"https:\\\/\\\/www.bbmnoticias.com\\\/tepjf-tumba-la-variable-14-del-ine-por-vulnerar-la-libertad-de-expresion\\\/#article\",\"isPartOf\":{\"@id\":\"https:\\\/\\\/www.bbmnoticias.com\\\/labravaradiofm\\\/2026\\\/08\\\/26\\\/tepjf-tumba-la-variable-14-del-ine-por-vulnerar-la-libertad-de-expresion\\\/\"},\"author\":{\"name\":\"Exc\u00e9lsior\",\"@id\":\"https:\\\/\\\/www.bbmnoticias.com\\\/labravaradiofm\\\/#\\\/schema\\\/person\\\/92571928210861b7374edfc7068926ba\"},\"headline\":\"TEPJF tumba la &#8216;Variable 14&#8217; del INE por vulnerar la libertad de expresi\u00f3n\",\"datePublished\":\"2026-08-27T01:50:04+00:00\",\"dateModified\":\"2026-08-27T01:50:08+00:00\",\"mainEntityOfPage\":{\"@id\":\"https:\\\/\\\/www.bbmnoticias.com\\\/labravaradiofm\\\/2026\\\/08\\\/26\\\/tepjf-tumba-la-variable-14-del-ine-por-vulnerar-la-libertad-de-expresion\\\/\"},\"wordCount\":577,\"image\":{\"@id\":\"https:\\\/\\\/www.bbmnoticias.com\\\/tepjf-tumba-la-variable-14-del-ine-por-vulnerar-la-libertad-de-expresion\\\/#primaryimage\"},\"thumbnailUrl\":\"https:\\\/\\\/www.bbmnoticias.com\\\/labravaradiofm\\\/wp-content\\\/uploads\\\/sites\\\/5\\\/2026\\\/08\\\/6a4f27b523a53.jpeg\",\"articleSection\":[\"LOCAL\",\"NACIONAL\"],\"inLanguage\":\"es\"},{\"@type\":\"WebPage\",\"@id\":\"https:\\\/\\\/www.bbmnoticias.com\\\/labravaradiofm\\\/2026\\\/08\\\/26\\\/tepjf-tumba-la-variable-14-del-ine-por-vulnerar-la-libertad-de-expresion\\\/\",\"url\":\"https:\\\/\\\/www.bbmnoticias.com\\\/tepjf-tumba-la-variable-14-del-ine-por-vulnerar-la-libertad-de-expresion\\\/\",\"name\":\"TEPJF tumba la 'Variable 14' del INE por vulnerar la libertad de expresi\u00f3n - LA BRAVA RADIO\",\"isPartOf\":{\"@id\":\"https:\\\/\\\/www.bbmnoticias.com\\\/labravaradiofm\\\/#website\"},\"primaryImageOfPage\":{\"@id\":\"https:\\\/\\\/www.bbmnoticias.com\\\/tepjf-tumba-la-variable-14-del-ine-por-vulnerar-la-libertad-de-expresion\\\/#primaryimage\"},\"image\":{\"@id\":\"https:\\\/\\\/www.bbmnoticias.com\\\/tepjf-tumba-la-variable-14-del-ine-por-vulnerar-la-libertad-de-expresion\\\/#primaryimage\"},\"thumbnailUrl\":\"https:\\\/\\\/www.bbmnoticias.com\\\/labravaradiofm\\\/wp-content\\\/uploads\\\/sites\\\/5\\\/2026\\\/08\\\/6a4f27b523a53.jpeg\",\"datePublished\":\"2026-08-27T01:50:04+00:00\",\"dateModified\":\"2026-08-27T01:50:08+00:00\",\"author\":{\"@id\":\"https:\\\/\\\/www.bbmnoticias.com\\\/labravaradiofm\\\/#\\\/schema\\\/person\\\/92571928210861b7374edfc7068926ba\"},\"breadcrumb\":{\"@id\":\"https:\\\/\\\/www.bbmnoticias.com\\\/tepjf-tumba-la-variable-14-del-ine-por-vulnerar-la-libertad-de-expresion\\\/#breadcrumb\"},\"inLanguage\":\"es\",\"potentialAction\":[{\"@type\":\"ReadAction\",\"target\":[\"https:\\\/\\\/www.bbmnoticias.com\\\/tepjf-tumba-la-variable-14-del-ine-por-vulnerar-la-libertad-de-expresion\\\/\"]}]},{\"@type\":\"ImageObject\",\"inLanguage\":\"es\",\"@id\":\"https:\\\/\\\/www.bbmnoticias.com\\\/tepjf-tumba-la-variable-14-del-ine-por-vulnerar-la-libertad-de-expresion\\\/#primaryimage\",\"url\":\"https:\\\/\\\/www.bbmnoticias.com\\\/labravaradiofm\\\/wp-content\\\/uploads\\\/sites\\\/5\\\/2026\\\/08\\\/6a4f27b523a53.jpeg\",\"contentUrl\":\"https:\\\/\\\/www.bbmnoticias.com\\\/labravaradiofm\\\/wp-content\\\/uploads\\\/sites\\\/5\\\/2026\\\/08\\\/6a4f27b523a53.jpeg\",\"width\":1200,\"height\":800},{\"@type\":\"BreadcrumbList\",\"@id\":\"https:\\\/\\\/www.bbmnoticias.com\\\/tepjf-tumba-la-variable-14-del-ine-por-vulnerar-la-libertad-de-expresion\\\/#breadcrumb\",\"itemListElement\":[{\"@type\":\"ListItem\",\"position\":1,\"name\":\"Inicio\",\"item\":\"https:\\\/\\\/www.bbmnoticias.com\\\/labravaradiofm\\\/\"},{\"@type\":\"ListItem\",\"position\":2,\"name\":\"TEPJF tumba la &#8216;Variable 14&#8217; del INE por vulnerar la libertad de expresi\u00f3n\"}]},{\"@type\":\"WebSite\",\"@id\":\"https:\\\/\\\/www.bbmnoticias.com\\\/labravaradiofm\\\/#website\",\"url\":\"https:\\\/\\\/www.bbmnoticias.com\\\/labravaradiofm\\\/\",\"name\":\"LA BRAVA RADIO\",\"description\":\"Empresa productora de medios, Radiodifusi\u00f3n, Noticias, tendencias y todo lo que necesitas saber de la pol\u00edtica mexicana e internacional; entretenimiento, espect\u00e1culos, salud y mucho m\u00e1s.\",\"potentialAction\":[{\"@type\":\"SearchAction\",\"target\":{\"@type\":\"EntryPoint\",\"urlTemplate\":\"https:\\\/\\\/www.bbmnoticias.com\\\/labravaradiofm\\\/?s={search_term_string}\"},\"query-input\":{\"@type\":\"PropertyValueSpecification\",\"valueRequired\":true,\"valueName\":\"search_term_string\"}}],\"inLanguage\":\"es\"},{\"@type\":\"Person\",\"@id\":\"https:\\\/\\\/www.bbmnoticias.com\\\/labravaradiofm\\\/#\\\/schema\\\/person\\\/92571928210861b7374edfc7068926ba\",\"name\":\"Exc\u00e9lsior\",\"image\":{\"@type\":\"ImageObject\",\"inLanguage\":\"es\",\"@id\":\"https:\\\/\\\/secure.gravatar.com\\\/avatar\\\/497265c4dbe1cd0e2f3f1b19aba0f5779c7f95d09e139a5b83c1ecd47b4e780d?s=96&d=mm&r=g\",\"url\":\"https:\\\/\\\/secure.gravatar.com\\\/avatar\\\/497265c4dbe1cd0e2f3f1b19aba0f5779c7f95d09e139a5b83c1ecd47b4e780d?s=96&d=mm&r=g\",\"contentUrl\":\"https:\\\/\\\/secure.gravatar.com\\\/avatar\\\/497265c4dbe1cd0e2f3f1b19aba0f5779c7f95d09e139a5b83c1ecd47b4e780d?s=96&d=mm&r=g\",\"caption\":\"Exc\u00e9lsior\"},\"url\":\"https:\\\/\\\/www.bbmnoticias.com\\\/labravaradiofm\\\/author\\\/excelsior\\\/\"}]}<\/script>\n<!-- \/ Yoast SEO plugin. -->","yoast_head_json":{"title":"TEPJF tumba la 'Variable 14' del INE por vulnerar la libertad de expresi\u00f3n - LA BRAVA RADIO","robots":{"index":"index","follow":"follow","max-snippet":"max-snippet:-1","max-image-preview":"max-image-preview:large","max-video-preview":"max-video-preview:-1"},"canonical":"https:\/\/www.bbmnoticias.com\/tepjf-tumba-la-variable-14-del-ine-por-vulnerar-la-libertad-de-expresion\/","og_locale":"es_MX","og_type":"article","og_title":"TEPJF tumba la 'Variable 14' del INE por vulnerar la libertad de expresi\u00f3n - LA BRAVA RADIO","og_description":"El Tribunal Electoral del Poder Judicial de la Federaci\u00f3n (TEPJF) tumb\u00f3 la variable 14 de la metodolog\u00eda de monitoreo del INE para la cobertura noticiosa de las elecciones, al considerar que limitaba el derecho a la libertad de expresi\u00f3n, pues permitir\u00eda registrar de manera subjetiva expresiones de periodistas y comunicadores que pudieran interpretarse como descalificaciones [&hellip;]","og_url":"https:\/\/www.bbmnoticias.com\/tepjf-tumba-la-variable-14-del-ine-por-vulnerar-la-libertad-de-expresion\/","og_site_name":"LA BRAVA RADIO","article_published_time":"2026-08-27T01:50:04+00:00","article_modified_time":"2026-08-27T01:50:08+00:00","og_image":[{"width":1200,"height":800,"url":"https:\/\/www.bbmnoticias.com\/labravaradiofm\/wp-content\/uploads\/sites\/5\/2026\/08\/6a4f27b523a53.jpeg","type":"image\/jpeg"}],"author":"Exc\u00e9lsior","twitter_card":"summary_large_image","twitter_misc":{"Escrito por":"Exc\u00e9lsior","Tiempo de lectura":"3 minutos"},"schema":{"@context":"https:\/\/schema.org","@graph":[{"@type":"Article","@id":"https:\/\/www.bbmnoticias.com\/tepjf-tumba-la-variable-14-del-ine-por-vulnerar-la-libertad-de-expresion\/#article","isPartOf":{"@id":"https:\/\/www.bbmnoticias.com\/labravaradiofm\/2026\/08\/26\/tepjf-tumba-la-variable-14-del-ine-por-vulnerar-la-libertad-de-expresion\/"},"author":{"name":"Exc\u00e9lsior","@id":"https:\/\/www.bbmnoticias.com\/labravaradiofm\/#\/schema\/person\/92571928210861b7374edfc7068926ba"},"headline":"TEPJF tumba la &#8216;Variable 14&#8217; del INE por vulnerar la libertad de expresi\u00f3n","datePublished":"2026-08-27T01:50:04+00:00","dateModified":"2026-08-27T01:50:08+00:00","mainEntityOfPage":{"@id":"https:\/\/www.bbmnoticias.com\/labravaradiofm\/2026\/08\/26\/tepjf-tumba-la-variable-14-del-ine-por-vulnerar-la-libertad-de-expresion\/"},"wordCount":577,"image":{"@id":"https:\/\/www.bbmnoticias.com\/tepjf-tumba-la-variable-14-del-ine-por-vulnerar-la-libertad-de-expresion\/#primaryimage"},"thumbnailUrl":"https:\/\/www.bbmnoticias.com\/labravaradiofm\/wp-content\/uploads\/sites\/5\/2026\/08\/6a4f27b523a53.jpeg","articleSection":["LOCAL","NACIONAL"],"inLanguage":"es"},{"@type":"WebPage","@id":"https:\/\/www.bbmnoticias.com\/labravaradiofm\/2026\/08\/26\/tepjf-tumba-la-variable-14-del-ine-por-vulnerar-la-libertad-de-expresion\/","url":"https:\/\/www.bbmnoticias.com\/tepjf-tumba-la-variable-14-del-ine-por-vulnerar-la-libertad-de-expresion\/","name":"TEPJF tumba la 'Variable 14' del INE por vulnerar la libertad de expresi\u00f3n - LA BRAVA RADIO","isPartOf":{"@id":"https:\/\/www.bbmnoticias.com\/labravaradiofm\/#website"},"primaryImageOfPage":{"@id":"https:\/\/www.bbmnoticias.com\/tepjf-tumba-la-variable-14-del-ine-por-vulnerar-la-libertad-de-expresion\/#primaryimage"},"image":{"@id":"https:\/\/www.bbmnoticias.com\/tepjf-tumba-la-variable-14-del-ine-por-vulnerar-la-libertad-de-expresion\/#primaryimage"},"thumbnailUrl":"https:\/\/www.bbmnoticias.com\/labravaradiofm\/wp-content\/uploads\/sites\/5\/2026\/08\/6a4f27b523a53.jpeg","datePublished":"2026-08-27T01:50:04+00:00","dateModified":"2026-08-27T01:50:08+00:00","author":{"@id":"https:\/\/www.bbmnoticias.com\/labravaradiofm\/#\/schema\/person\/92571928210861b7374edfc7068926ba"},"breadcrumb":{"@id":"https:\/\/www.bbmnoticias.com\/tepjf-tumba-la-variable-14-del-ine-por-vulnerar-la-libertad-de-expresion\/#breadcrumb"},"inLanguage":"es","potentialAction":[{"@type":"ReadAction","target":["https:\/\/www.bbmnoticias.com\/tepjf-tumba-la-variable-14-del-ine-por-vulnerar-la-libertad-de-expresion\/"]}]},{"@type":"ImageObject","inLanguage":"es","@id":"https:\/\/www.bbmnoticias.com\/tepjf-tumba-la-variable-14-del-ine-por-vulnerar-la-libertad-de-expresion\/#primaryimage","url":"https:\/\/www.bbmnoticias.com\/labravaradiofm\/wp-content\/uploads\/sites\/5\/2026\/08\/6a4f27b523a53.jpeg","contentUrl":"https:\/\/www.bbmnoticias.com\/labravaradiofm\/wp-content\/uploads\/sites\/5\/2026\/08\/6a4f27b523a53.jpeg","width":1200,"height":800},{"@type":"BreadcrumbList","@id":"https:\/\/www.bbmnoticias.com\/tepjf-tumba-la-variable-14-del-ine-por-vulnerar-la-libertad-de-expresion\/#breadcrumb","itemListElement":[{"@type":"ListItem","position":1,"name":"Inicio","item":"https:\/\/www.bbmnoticias.com\/labravaradiofm\/"},{"@type":"ListItem","position":2,"name":"TEPJF tumba la &#8216;Variable 14&#8217; del INE por vulnerar la libertad de expresi\u00f3n"}]},{"@type":"WebSite","@id":"https:\/\/www.bbmnoticias.com\/labravaradiofm\/#website","url":"https:\/\/www.bbmnoticias.com\/labravaradiofm\/","name":"LA BRAVA RADIO","description":"Empresa productora de medios, Radiodifusi\u00f3n, Noticias, tendencias y todo lo que necesitas saber de la pol\u00edtica mexicana e internacional; entretenimiento, espect\u00e1culos, salud y mucho m\u00e1s.","potentialAction":[{"@type":"SearchAction","target":{"@type":"EntryPoint","urlTemplate":"https:\/\/www.bbmnoticias.com\/labravaradiofm\/?s={search_term_string}"},"query-input":{"@type":"PropertyValueSpecification","valueRequired":true,"valueName":"search_term_string"}}],"inLanguage":"es"},{"@type":"Person","@id":"https:\/\/www.bbmnoticias.com\/labravaradiofm\/#\/schema\/person\/92571928210861b7374edfc7068926ba","name":"Exc\u00e9lsior","image":{"@type":"ImageObject","inLanguage":"es","@id":"https:\/\/secure.gravatar.com\/avatar\/497265c4dbe1cd0e2f3f1b19aba0f5779c7f95d09e139a5b83c1ecd47b4e780d?s=96&d=mm&r=g","url":"https:\/\/secure.gravatar.com\/avatar\/497265c4dbe1cd0e2f3f1b19aba0f5779c7f95d09e139a5b83c1ecd47b4e780d?s=96&d=mm&r=g","contentUrl":"https:\/\/secure.gravatar.com\/avatar\/497265c4dbe1cd0e2f3f1b19aba0f5779c7f95d09e139a5b83c1ecd47b4e780d?s=96&d=mm&r=g","caption":"Exc\u00e9lsior"},"url":"https:\/\/www.bbmnoticias.com\/labravaradiofm\/author\/excelsior\/"}]}},"_links":{"self":[{"href":"https:\/\/www.bbmnoticias.com\/labravaradiofm\/wp-json\/wp\/v2\/posts\/81116","targetHints":{"allow":["GET"]}}],"collection":[{"href":"https:\/\/www.bbmnoticias.com\/labravaradiofm\/wp-json\/wp\/v2\/posts"}],"about":[{"href":"https:\/\/www.bbmnoticias.com\/labravaradiofm\/wp-json\/wp\/v2\/types\/post"}],"author":[{"embeddable":true,"href":"https:\/\/www.bbmnoticias.com\/labravaradiofm\/wp-json\/wp\/v2\/users\/8"}],"replies":[{"embeddable":true,"href":"https:\/\/www.bbmnoticias.com\/labravaradiofm\/wp-json\/wp\/v2\/comments?post=81116"}],"version-history":[{"count":1,"href":"https:\/\/www.bbmnoticias.com\/labravaradiofm\/wp-json\/wp\/v2\/posts\/81116\/revisions"}],"predecessor-version":[{"id":81117,"href":"https:\/\/www.bbmnoticias.com\/labravaradiofm\/wp-json\/wp\/v2\/posts\/81116\/revisions\/81117"}],"wp:featuredmedia":[{"embeddable":true,"href":"https:\/\/www.bbmnoticias.com\/labravaradiofm\/wp-json\/wp\/v2\/media\/81118"}],"wp:attachment":[{"href":"https:\/\/www.bbmnoticias.com\/labravaradiofm\/wp-json\/wp\/v2\/media?parent=81116"}],"wp:term":[{"taxonomy":"category","embeddable":true,"href":"https:\/\/www.bbmnoticias.com\/labravaradiofm\/wp-json\/wp\/v2\/categories?post=81116"},{"taxonomy":"post_tag","embeddable":true,"href":"https:\/\/www.bbmnoticias.com\/labravaradiofm\/wp-json\/wp\/v2\/tags?post=81116"}],"curies":[{"name":"wp","href":"https:\/\/api.w.org\/{rel}","templated":true}]}}