{"id":81113,"date":"2026-08-26T19:46:03","date_gmt":"2026-08-27T01:46:03","guid":{"rendered":"https:\/\/www.bbmnoticias.com\/labravaradiofm\/2026\/08\/26\/garcia-harfuch-confirma-la-detencion-de-uno-de-los-asesinos-del-influencer-cesar-gastelum\/"},"modified":"2026-08-26T19:46:05","modified_gmt":"2026-08-27T01:46:05","slug":"garcia-harfuch-confirma-la-detencion-de-uno-de-los-asesinos-del-influencer-cesar-gastelum","status":"publish","type":"post","link":"https:\/\/www.bbmnoticias.com\/labravaradiofm\/2026\/08\/26\/garcia-harfuch-confirma-la-detencion-de-uno-de-los-asesinos-del-influencer-cesar-gastelum\/","title":{"rendered":"Garc\u00eda Harfuch confirma la detenci\u00f3n de uno de los asesinos del influencer C\u00e9sar Gast\u00e9lum"},"content":{"rendered":"\n<p class=\"wp-block-paragraph\">Omar Garc\u00eda Harfuch, titular de la Secretar\u00eda de Seguridad y Protecci\u00f3n Ciudadana (SSPC), inform\u00f3 que fue detenido en Puebla, Jes\u00fas Alberto \u201cN\u201d, se\u00f1alado como presunto responsable de participar en el asesinato del creador de contenido C\u00e9sar Daniel Nolazco Gast\u00e9lum, cometido el 4 del presente mes, en Culiac\u00e1n, Sinaloa.<\/p>\n\n\n\n<h3 class=\"wp-block-heading\">En seguimiento a la investigaci\u00f3n por el homicidio del creador de contenido C\u00e9sar Daniel Nolazco Gast\u00e9lum, ocurrido el pasado 4 de agosto en Culiac\u00e1n, Sinaloa, labores de inteligencia e investigaci\u00f3n del Centro Nacional de Inteligencia permitieron identificar y ubicar en Puebla a Jes\u00fas Alberto \u201cN\u201d, se\u00f1alado como uno de los dos sujetos que dispararon contra la v\u00edctima\u201d, indic\u00f3 el funcionario.<\/h3>\n\n\n\n<p class=\"wp-block-paragraph\">En un mensaje en su cuenta de X, Garc\u00eda Harfuch explic\u00f3 que durante el operativo de captura ocurri\u00f3 un enfrentamiento, en el que fue abatido uno de los acompa\u00f1antes del presunto responsable de la muerte de Nolazco Gast\u00e9lum.<\/p>\n\n\n\n<h3 class=\"wp-block-heading\">El d\u00eda de hoy, durante el operativo para detenerlo, agentes de investigaci\u00f3n de @SSPCMexico fueron agredidos por tres sujetos armados. Ante la agresi\u00f3n, nuestros compa\u00f1eros actuaron con valor y determinaci\u00f3n para salvaguardar la integridad de los dem\u00e1s integrantes del convoy operativo.<\/h3>\n\n\n\n<h3 class=\"wp-block-heading\">Uno de los agresores perdi\u00f3 la vida y dos fueron detenidos, entre ellos Jes\u00fas Alberto \u201cN\u201d. En el lugar se aseguraron tres armas de fuego, cartuchos y veh\u00edculos. Reconocemos especialmente la valent\u00eda, disciplina y compromiso de los compa\u00f1eros de investigaci\u00f3n que participaron en esta acci\u00f3n, y agradecemos el apoyo de @FGRMexico, @GN_MEXICO_, @FiscaliaPuebla y al Gobernador @armentapuebla_\u201d, escribi\u00f3 en su mensaje.<\/h3>\n\n\n\n<p class=\"wp-block-paragraph\">El titular de la SSPC, Garc\u00eda Harfuch agreg\u00f3 que las investigaciones de este caso contin\u00faan y ofreci\u00f3 que no habr\u00e1 impunidad en la muerte del creador de contenido sinaloense.<\/p>\n\n\n\n<h3 class=\"wp-block-heading\">Las investigaciones contin\u00faan para detener a todos los responsables. No habr\u00e1 impunidad\u201d, concluy\u00f3 en su texto Garc\u00eda Harfuch.<\/h3>\n\n\n\n<p class=\"wp-block-paragraph\">La noche del 4 de agosto Nolazco Gast\u00e9lum se encontraba realizando una transmisi\u00f3n en vivo en sus redes sociales, acompa\u00f1ado de otras personas, cuando se acercaron a \u00e9l dos hombres a bordo de una motocicleta y uno de ellos dispar\u00f3 a la v\u00edctima, para huir del lugar.<\/p>\n\n\n\n<blockquote class=\"wp-block-quote is-layout-flow wp-block-quote-is-layout-flow\">\n<p class=\"wp-block-paragraph\">En seguimiento a la investigaci\u00f3n por el homicidio del creador de contenido C\u00e9sar Daniel Nolazco Gast\u00e9lum, ocurrido el pasado 4 de agosto en Culiac\u00e1n, Sinaloa, labores de inteligencia e investigaci\u00f3n del Centro Nacional de Inteligencia permitieron identificar y ubicar en Puebla a\u2026\u2014 Omar H Garcia Harfuch (@OHarfuch) <a href=\"https:\/\/x.com\/OHarfuch\/status\/2092775996709646749?ref_src=twsrc%5Etfw\">August 27, 2026<\/a><\/p>\n<\/blockquote>\n","protected":false},"excerpt":{"rendered":"<p>Omar Garc\u00eda Harfuch, titular de la Secretar\u00eda de Seguridad y Protecci\u00f3n Ciudadana (SSPC), inform\u00f3 que fue detenido en Puebla, Jes\u00fas Alberto \u201cN\u201d, se\u00f1alado como presunto responsable de participar en el asesinato del creador de contenido C\u00e9sar Daniel Nolazco Gast\u00e9lum, cometido el 4 del presente mes, en Culiac\u00e1n, Sinaloa. En seguimiento a la investigaci\u00f3n por el [&hellip;]<\/p>\n","protected":false},"author":8,"featured_media":81115,"comment_status":"closed","ping_status":"open","sticky":false,"template":"","format":"standard","meta":{"footnotes":""},"categories":[2,19],"tags":[],"class_list":["post-81113","post","type-post","status-publish","format-standard","has-post-thumbnail","hentry","category-oaxaca","category-nacional"],"yoast_head":"<!-- This site is optimized with the Yoast SEO plugin v28.1 - https:\/\/yoast.com\/product\/yoast-seo-wordpress\/ -->\n<title>Garc\u00eda Harfuch confirma la detenci\u00f3n de uno de los asesinos del influencer C\u00e9sar Gast\u00e9lum - LA BRAVA RADIO<\/title>\n<meta name=\"robots\" content=\"index, follow, max-snippet:-1, max-image-preview:large, max-video-preview:-1\" \/>\n<link rel=\"canonical\" href=\"https:\/\/www.bbmnoticias.com\/garcia-harfuch-confirma-la-detencion-de-uno-de-los-asesinos-del-influencer-cesar-gastelum\/\" \/>\n<meta property=\"og:locale\" content=\"es_MX\" \/>\n<meta property=\"og:type\" content=\"article\" \/>\n<meta property=\"og:title\" content=\"Garc\u00eda Harfuch confirma la detenci\u00f3n de uno de los asesinos del influencer C\u00e9sar Gast\u00e9lum - LA BRAVA RADIO\" \/>\n<meta property=\"og:description\" content=\"Omar Garc\u00eda Harfuch, titular de la Secretar\u00eda de Seguridad y Protecci\u00f3n Ciudadana (SSPC), inform\u00f3 que fue detenido en Puebla, Jes\u00fas Alberto \u201cN\u201d, se\u00f1alado como presunto responsable de participar en el asesinato del creador de contenido C\u00e9sar Daniel Nolazco Gast\u00e9lum, cometido el 4 del presente mes, en Culiac\u00e1n, Sinaloa. En seguimiento a la investigaci\u00f3n por el [&hellip;]\" \/>\n<meta property=\"og:url\" content=\"https:\/\/www.bbmnoticias.com\/garcia-harfuch-confirma-la-detencion-de-uno-de-los-asesinos-del-influencer-cesar-gastelum\/\" \/>\n<meta property=\"og:site_name\" content=\"LA BRAVA RADIO\" \/>\n<meta property=\"article:published_time\" content=\"2026-08-27T01:46:03+00:00\" \/>\n<meta property=\"article:modified_time\" content=\"2026-08-27T01:46:05+00:00\" \/>\n<meta property=\"og:image\" content=\"https:\/\/www.bbmnoticias.com\/labravaradiofm\/wp-content\/uploads\/sites\/5\/2026\/08\/6a8f92c4c4c62.jpeg\" \/>\n\t<meta property=\"og:image:width\" content=\"813\" \/>\n\t<meta property=\"og:image:height\" content=\"542\" \/>\n\t<meta property=\"og:image:type\" content=\"image\/jpeg\" \/>\n<meta name=\"author\" content=\"Exc\u00e9lsior\" \/>\n<meta name=\"twitter:card\" content=\"summary_large_image\" \/>\n<meta name=\"twitter:label1\" content=\"Escrito por\" \/>\n\t<meta name=\"twitter:data1\" content=\"Exc\u00e9lsior\" \/>\n\t<meta name=\"twitter:label2\" content=\"Tiempo de lectura\" \/>\n\t<meta name=\"twitter:data2\" content=\"2 minutos\" \/>\n<script type=\"application\/ld+json\" class=\"yoast-schema-graph\">{\"@context\":\"https:\\\/\\\/schema.org\",\"@graph\":[{\"@type\":\"Article\",\"@id\":\"https:\\\/\\\/www.bbmnoticias.com\\\/garcia-harfuch-confirma-la-detencion-de-uno-de-los-asesinos-del-influencer-cesar-gastelum\\\/#article\",\"isPartOf\":{\"@id\":\"https:\\\/\\\/www.bbmnoticias.com\\\/labravaradiofm\\\/2026\\\/08\\\/26\\\/garcia-harfuch-confirma-la-detencion-de-uno-de-los-asesinos-del-influencer-cesar-gastelum\\\/\"},\"author\":{\"name\":\"Exc\u00e9lsior\",\"@id\":\"https:\\\/\\\/www.bbmnoticias.com\\\/labravaradiofm\\\/#\\\/schema\\\/person\\\/92571928210861b7374edfc7068926ba\"},\"headline\":\"Garc\u00eda Harfuch confirma la detenci\u00f3n de uno de los asesinos del influencer C\u00e9sar Gast\u00e9lum\",\"datePublished\":\"2026-08-27T01:46:03+00:00\",\"dateModified\":\"2026-08-27T01:46:05+00:00\",\"mainEntityOfPage\":{\"@id\":\"https:\\\/\\\/www.bbmnoticias.com\\\/labravaradiofm\\\/2026\\\/08\\\/26\\\/garcia-harfuch-confirma-la-detencion-de-uno-de-los-asesinos-del-influencer-cesar-gastelum\\\/\"},\"wordCount\":449,\"image\":{\"@id\":\"https:\\\/\\\/www.bbmnoticias.com\\\/garcia-harfuch-confirma-la-detencion-de-uno-de-los-asesinos-del-influencer-cesar-gastelum\\\/#primaryimage\"},\"thumbnailUrl\":\"https:\\\/\\\/www.bbmnoticias.com\\\/labravaradiofm\\\/wp-content\\\/uploads\\\/sites\\\/5\\\/2026\\\/08\\\/6a8f92c4c4c62.jpeg\",\"articleSection\":[\"LOCAL\",\"NACIONAL\"],\"inLanguage\":\"es\"},{\"@type\":\"WebPage\",\"@id\":\"https:\\\/\\\/www.bbmnoticias.com\\\/labravaradiofm\\\/2026\\\/08\\\/26\\\/garcia-harfuch-confirma-la-detencion-de-uno-de-los-asesinos-del-influencer-cesar-gastelum\\\/\",\"url\":\"https:\\\/\\\/www.bbmnoticias.com\\\/garcia-harfuch-confirma-la-detencion-de-uno-de-los-asesinos-del-influencer-cesar-gastelum\\\/\",\"name\":\"Garc\u00eda Harfuch confirma la detenci\u00f3n de uno de los asesinos del influencer C\u00e9sar Gast\u00e9lum - LA BRAVA RADIO\",\"isPartOf\":{\"@id\":\"https:\\\/\\\/www.bbmnoticias.com\\\/labravaradiofm\\\/#website\"},\"primaryImageOfPage\":{\"@id\":\"https:\\\/\\\/www.bbmnoticias.com\\\/garcia-harfuch-confirma-la-detencion-de-uno-de-los-asesinos-del-influencer-cesar-gastelum\\\/#primaryimage\"},\"image\":{\"@id\":\"https:\\\/\\\/www.bbmnoticias.com\\\/garcia-harfuch-confirma-la-detencion-de-uno-de-los-asesinos-del-influencer-cesar-gastelum\\\/#primaryimage\"},\"thumbnailUrl\":\"https:\\\/\\\/www.bbmnoticias.com\\\/labravaradiofm\\\/wp-content\\\/uploads\\\/sites\\\/5\\\/2026\\\/08\\\/6a8f92c4c4c62.jpeg\",\"datePublished\":\"2026-08-27T01:46:03+00:00\",\"dateModified\":\"2026-08-27T01:46:05+00:00\",\"author\":{\"@id\":\"https:\\\/\\\/www.bbmnoticias.com\\\/labravaradiofm\\\/#\\\/schema\\\/person\\\/92571928210861b7374edfc7068926ba\"},\"breadcrumb\":{\"@id\":\"https:\\\/\\\/www.bbmnoticias.com\\\/garcia-harfuch-confirma-la-detencion-de-uno-de-los-asesinos-del-influencer-cesar-gastelum\\\/#breadcrumb\"},\"inLanguage\":\"es\",\"potentialAction\":[{\"@type\":\"ReadAction\",\"target\":[\"https:\\\/\\\/www.bbmnoticias.com\\\/garcia-harfuch-confirma-la-detencion-de-uno-de-los-asesinos-del-influencer-cesar-gastelum\\\/\"]}]},{\"@type\":\"ImageObject\",\"inLanguage\":\"es\",\"@id\":\"https:\\\/\\\/www.bbmnoticias.com\\\/garcia-harfuch-confirma-la-detencion-de-uno-de-los-asesinos-del-influencer-cesar-gastelum\\\/#primaryimage\",\"url\":\"https:\\\/\\\/www.bbmnoticias.com\\\/labravaradiofm\\\/wp-content\\\/uploads\\\/sites\\\/5\\\/2026\\\/08\\\/6a8f92c4c4c62.jpeg\",\"contentUrl\":\"https:\\\/\\\/www.bbmnoticias.com\\\/labravaradiofm\\\/wp-content\\\/uploads\\\/sites\\\/5\\\/2026\\\/08\\\/6a8f92c4c4c62.jpeg\",\"width\":813,\"height\":542},{\"@type\":\"BreadcrumbList\",\"@id\":\"https:\\\/\\\/www.bbmnoticias.com\\\/garcia-harfuch-confirma-la-detencion-de-uno-de-los-asesinos-del-influencer-cesar-gastelum\\\/#breadcrumb\",\"itemListElement\":[{\"@type\":\"ListItem\",\"position\":1,\"name\":\"Inicio\",\"item\":\"https:\\\/\\\/www.bbmnoticias.com\\\/labravaradiofm\\\/\"},{\"@type\":\"ListItem\",\"position\":2,\"name\":\"Garc\u00eda Harfuch confirma la detenci\u00f3n de uno de los asesinos del influencer C\u00e9sar Gast\u00e9lum\"}]},{\"@type\":\"WebSite\",\"@id\":\"https:\\\/\\\/www.bbmnoticias.com\\\/labravaradiofm\\\/#website\",\"url\":\"https:\\\/\\\/www.bbmnoticias.com\\\/labravaradiofm\\\/\",\"name\":\"LA BRAVA RADIO\",\"description\":\"Empresa productora de medios, Radiodifusi\u00f3n, Noticias, tendencias y todo lo que necesitas saber de la pol\u00edtica mexicana e internacional; entretenimiento, espect\u00e1culos, salud y mucho m\u00e1s.\",\"potentialAction\":[{\"@type\":\"SearchAction\",\"target\":{\"@type\":\"EntryPoint\",\"urlTemplate\":\"https:\\\/\\\/www.bbmnoticias.com\\\/labravaradiofm\\\/?s={search_term_string}\"},\"query-input\":{\"@type\":\"PropertyValueSpecification\",\"valueRequired\":true,\"valueName\":\"search_term_string\"}}],\"inLanguage\":\"es\"},{\"@type\":\"Person\",\"@id\":\"https:\\\/\\\/www.bbmnoticias.com\\\/labravaradiofm\\\/#\\\/schema\\\/person\\\/92571928210861b7374edfc7068926ba\",\"name\":\"Exc\u00e9lsior\",\"image\":{\"@type\":\"ImageObject\",\"inLanguage\":\"es\",\"@id\":\"https:\\\/\\\/secure.gravatar.com\\\/avatar\\\/497265c4dbe1cd0e2f3f1b19aba0f5779c7f95d09e139a5b83c1ecd47b4e780d?s=96&d=mm&r=g\",\"url\":\"https:\\\/\\\/secure.gravatar.com\\\/avatar\\\/497265c4dbe1cd0e2f3f1b19aba0f5779c7f95d09e139a5b83c1ecd47b4e780d?s=96&d=mm&r=g\",\"contentUrl\":\"https:\\\/\\\/secure.gravatar.com\\\/avatar\\\/497265c4dbe1cd0e2f3f1b19aba0f5779c7f95d09e139a5b83c1ecd47b4e780d?s=96&d=mm&r=g\",\"caption\":\"Exc\u00e9lsior\"},\"url\":\"https:\\\/\\\/www.bbmnoticias.com\\\/labravaradiofm\\\/author\\\/excelsior\\\/\"}]}<\/script>\n<!-- \/ Yoast SEO plugin. -->","yoast_head_json":{"title":"Garc\u00eda Harfuch confirma la detenci\u00f3n de uno de los asesinos del influencer C\u00e9sar Gast\u00e9lum - LA BRAVA RADIO","robots":{"index":"index","follow":"follow","max-snippet":"max-snippet:-1","max-image-preview":"max-image-preview:large","max-video-preview":"max-video-preview:-1"},"canonical":"https:\/\/www.bbmnoticias.com\/garcia-harfuch-confirma-la-detencion-de-uno-de-los-asesinos-del-influencer-cesar-gastelum\/","og_locale":"es_MX","og_type":"article","og_title":"Garc\u00eda Harfuch confirma la detenci\u00f3n de uno de los asesinos del influencer C\u00e9sar Gast\u00e9lum - LA BRAVA RADIO","og_description":"Omar Garc\u00eda Harfuch, titular de la Secretar\u00eda de Seguridad y Protecci\u00f3n Ciudadana (SSPC), inform\u00f3 que fue detenido en Puebla, Jes\u00fas Alberto \u201cN\u201d, se\u00f1alado como presunto responsable de participar en el asesinato del creador de contenido C\u00e9sar Daniel Nolazco Gast\u00e9lum, cometido el 4 del presente mes, en Culiac\u00e1n, Sinaloa. En seguimiento a la investigaci\u00f3n por el [&hellip;]","og_url":"https:\/\/www.bbmnoticias.com\/garcia-harfuch-confirma-la-detencion-de-uno-de-los-asesinos-del-influencer-cesar-gastelum\/","og_site_name":"LA BRAVA RADIO","article_published_time":"2026-08-27T01:46:03+00:00","article_modified_time":"2026-08-27T01:46:05+00:00","og_image":[{"width":813,"height":542,"url":"https:\/\/www.bbmnoticias.com\/labravaradiofm\/wp-content\/uploads\/sites\/5\/2026\/08\/6a8f92c4c4c62.jpeg","type":"image\/jpeg"}],"author":"Exc\u00e9lsior","twitter_card":"summary_large_image","twitter_misc":{"Escrito por":"Exc\u00e9lsior","Tiempo de lectura":"2 minutos"},"schema":{"@context":"https:\/\/schema.org","@graph":[{"@type":"Article","@id":"https:\/\/www.bbmnoticias.com\/garcia-harfuch-confirma-la-detencion-de-uno-de-los-asesinos-del-influencer-cesar-gastelum\/#article","isPartOf":{"@id":"https:\/\/www.bbmnoticias.com\/labravaradiofm\/2026\/08\/26\/garcia-harfuch-confirma-la-detencion-de-uno-de-los-asesinos-del-influencer-cesar-gastelum\/"},"author":{"name":"Exc\u00e9lsior","@id":"https:\/\/www.bbmnoticias.com\/labravaradiofm\/#\/schema\/person\/92571928210861b7374edfc7068926ba"},"headline":"Garc\u00eda Harfuch confirma la detenci\u00f3n de uno de los asesinos del influencer C\u00e9sar Gast\u00e9lum","datePublished":"2026-08-27T01:46:03+00:00","dateModified":"2026-08-27T01:46:05+00:00","mainEntityOfPage":{"@id":"https:\/\/www.bbmnoticias.com\/labravaradiofm\/2026\/08\/26\/garcia-harfuch-confirma-la-detencion-de-uno-de-los-asesinos-del-influencer-cesar-gastelum\/"},"wordCount":449,"image":{"@id":"https:\/\/www.bbmnoticias.com\/garcia-harfuch-confirma-la-detencion-de-uno-de-los-asesinos-del-influencer-cesar-gastelum\/#primaryimage"},"thumbnailUrl":"https:\/\/www.bbmnoticias.com\/labravaradiofm\/wp-content\/uploads\/sites\/5\/2026\/08\/6a8f92c4c4c62.jpeg","articleSection":["LOCAL","NACIONAL"],"inLanguage":"es"},{"@type":"WebPage","@id":"https:\/\/www.bbmnoticias.com\/labravaradiofm\/2026\/08\/26\/garcia-harfuch-confirma-la-detencion-de-uno-de-los-asesinos-del-influencer-cesar-gastelum\/","url":"https:\/\/www.bbmnoticias.com\/garcia-harfuch-confirma-la-detencion-de-uno-de-los-asesinos-del-influencer-cesar-gastelum\/","name":"Garc\u00eda Harfuch confirma la detenci\u00f3n de uno de los asesinos del influencer C\u00e9sar Gast\u00e9lum - LA BRAVA RADIO","isPartOf":{"@id":"https:\/\/www.bbmnoticias.com\/labravaradiofm\/#website"},"primaryImageOfPage":{"@id":"https:\/\/www.bbmnoticias.com\/garcia-harfuch-confirma-la-detencion-de-uno-de-los-asesinos-del-influencer-cesar-gastelum\/#primaryimage"},"image":{"@id":"https:\/\/www.bbmnoticias.com\/garcia-harfuch-confirma-la-detencion-de-uno-de-los-asesinos-del-influencer-cesar-gastelum\/#primaryimage"},"thumbnailUrl":"https:\/\/www.bbmnoticias.com\/labravaradiofm\/wp-content\/uploads\/sites\/5\/2026\/08\/6a8f92c4c4c62.jpeg","datePublished":"2026-08-27T01:46:03+00:00","dateModified":"2026-08-27T01:46:05+00:00","author":{"@id":"https:\/\/www.bbmnoticias.com\/labravaradiofm\/#\/schema\/person\/92571928210861b7374edfc7068926ba"},"breadcrumb":{"@id":"https:\/\/www.bbmnoticias.com\/garcia-harfuch-confirma-la-detencion-de-uno-de-los-asesinos-del-influencer-cesar-gastelum\/#breadcrumb"},"inLanguage":"es","potentialAction":[{"@type":"ReadAction","target":["https:\/\/www.bbmnoticias.com\/garcia-harfuch-confirma-la-detencion-de-uno-de-los-asesinos-del-influencer-cesar-gastelum\/"]}]},{"@type":"ImageObject","inLanguage":"es","@id":"https:\/\/www.bbmnoticias.com\/garcia-harfuch-confirma-la-detencion-de-uno-de-los-asesinos-del-influencer-cesar-gastelum\/#primaryimage","url":"https:\/\/www.bbmnoticias.com\/labravaradiofm\/wp-content\/uploads\/sites\/5\/2026\/08\/6a8f92c4c4c62.jpeg","contentUrl":"https:\/\/www.bbmnoticias.com\/labravaradiofm\/wp-content\/uploads\/sites\/5\/2026\/08\/6a8f92c4c4c62.jpeg","width":813,"height":542},{"@type":"BreadcrumbList","@id":"https:\/\/www.bbmnoticias.com\/garcia-harfuch-confirma-la-detencion-de-uno-de-los-asesinos-del-influencer-cesar-gastelum\/#breadcrumb","itemListElement":[{"@type":"ListItem","position":1,"name":"Inicio","item":"https:\/\/www.bbmnoticias.com\/labravaradiofm\/"},{"@type":"ListItem","position":2,"name":"Garc\u00eda Harfuch confirma la detenci\u00f3n de uno de los asesinos del influencer C\u00e9sar Gast\u00e9lum"}]},{"@type":"WebSite","@id":"https:\/\/www.bbmnoticias.com\/labravaradiofm\/#website","url":"https:\/\/www.bbmnoticias.com\/labravaradiofm\/","name":"LA BRAVA RADIO","description":"Empresa productora de medios, Radiodifusi\u00f3n, Noticias, tendencias y todo lo que necesitas saber de la pol\u00edtica mexicana e internacional; entretenimiento, espect\u00e1culos, salud y mucho m\u00e1s.","potentialAction":[{"@type":"SearchAction","target":{"@type":"EntryPoint","urlTemplate":"https:\/\/www.bbmnoticias.com\/labravaradiofm\/?s={search_term_string}"},"query-input":{"@type":"PropertyValueSpecification","valueRequired":true,"valueName":"search_term_string"}}],"inLanguage":"es"},{"@type":"Person","@id":"https:\/\/www.bbmnoticias.com\/labravaradiofm\/#\/schema\/person\/92571928210861b7374edfc7068926ba","name":"Exc\u00e9lsior","image":{"@type":"ImageObject","inLanguage":"es","@id":"https:\/\/secure.gravatar.com\/avatar\/497265c4dbe1cd0e2f3f1b19aba0f5779c7f95d09e139a5b83c1ecd47b4e780d?s=96&d=mm&r=g","url":"https:\/\/secure.gravatar.com\/avatar\/497265c4dbe1cd0e2f3f1b19aba0f5779c7f95d09e139a5b83c1ecd47b4e780d?s=96&d=mm&r=g","contentUrl":"https:\/\/secure.gravatar.com\/avatar\/497265c4dbe1cd0e2f3f1b19aba0f5779c7f95d09e139a5b83c1ecd47b4e780d?s=96&d=mm&r=g","caption":"Exc\u00e9lsior"},"url":"https:\/\/www.bbmnoticias.com\/labravaradiofm\/author\/excelsior\/"}]}},"_links":{"self":[{"href":"https:\/\/www.bbmnoticias.com\/labravaradiofm\/wp-json\/wp\/v2\/posts\/81113","targetHints":{"allow":["GET"]}}],"collection":[{"href":"https:\/\/www.bbmnoticias.com\/labravaradiofm\/wp-json\/wp\/v2\/posts"}],"about":[{"href":"https:\/\/www.bbmnoticias.com\/labravaradiofm\/wp-json\/wp\/v2\/types\/post"}],"author":[{"embeddable":true,"href":"https:\/\/www.bbmnoticias.com\/labravaradiofm\/wp-json\/wp\/v2\/users\/8"}],"replies":[{"embeddable":true,"href":"https:\/\/www.bbmnoticias.com\/labravaradiofm\/wp-json\/wp\/v2\/comments?post=81113"}],"version-history":[{"count":1,"href":"https:\/\/www.bbmnoticias.com\/labravaradiofm\/wp-json\/wp\/v2\/posts\/81113\/revisions"}],"predecessor-version":[{"id":81114,"href":"https:\/\/www.bbmnoticias.com\/labravaradiofm\/wp-json\/wp\/v2\/posts\/81113\/revisions\/81114"}],"wp:featuredmedia":[{"embeddable":true,"href":"https:\/\/www.bbmnoticias.com\/labravaradiofm\/wp-json\/wp\/v2\/media\/81115"}],"wp:attachment":[{"href":"https:\/\/www.bbmnoticias.com\/labravaradiofm\/wp-json\/wp\/v2\/media?parent=81113"}],"wp:term":[{"taxonomy":"category","embeddable":true,"href":"https:\/\/www.bbmnoticias.com\/labravaradiofm\/wp-json\/wp\/v2\/categories?post=81113"},{"taxonomy":"post_tag","embeddable":true,"href":"https:\/\/www.bbmnoticias.com\/labravaradiofm\/wp-json\/wp\/v2\/tags?post=81113"}],"curies":[{"name":"wp","href":"https:\/\/api.w.org\/{rel}","templated":true}]}}