{"id":81110,"date":"2026-08-26T19:27:47","date_gmt":"2026-08-27T01:27:47","guid":{"rendered":"https:\/\/www.bbmnoticias.com\/labravaradiofm\/2026\/08\/26\/a-prision-sujetos-acusados-de-fraude-en-examenes-de-ingreso-a-la-unam\/"},"modified":"2026-08-26T19:27:49","modified_gmt":"2026-08-27T01:27:49","slug":"a-prision-sujetos-acusados-de-fraude-en-examenes-de-ingreso-a-la-unam","status":"publish","type":"post","link":"https:\/\/www.bbmnoticias.com\/labravaradiofm\/2026\/08\/26\/a-prision-sujetos-acusados-de-fraude-en-examenes-de-ingreso-a-la-unam\/","title":{"rendered":"A prisi\u00f3n sujetos acusados de fraude en ex\u00e1menes de ingreso a la UNAM"},"content":{"rendered":"\n<p class=\"wp-block-paragraph\">Un juez de control impuso prisi\u00f3n preventiva justificada a Edgar \u201cN\u201d y David \u201cN\u201d, se\u00f1alados por su probable participaci\u00f3n en un esquema mediante el cual presuntamente cobraban a aspirantes para responder en su lugar los ex\u00e1menes en l\u00ednea de ingreso a licenciatura de la <strong>Universidad Nacional Aut\u00f3noma de M\u00e9xico (UNAM).<\/strong><\/p>\n\n\n\n<p class=\"wp-block-paragraph\">Durante la audiencia inicial, el impartidor de justicia determin\u00f3 que ambos imputados permanezcan bajo esta medida cautelar mientras contin\u00faan las investigaciones. Ser\u00e1 el pr\u00f3ximo viernes a las 15:00 horas cuando se defina si son vinculados o no a proceso por el delito de fraude.<\/p>\n\n\n\n<p class=\"wp-block-paragraph\">Al t\u00e9rmino de la audiencia, el abogado defensor, Sergio Bravo, confirm\u00f3 que la defensa solicit\u00f3 el plazo correspondiente para preparar sus argumentos.<\/p>\n\n\n\n<h3 class=\"wp-block-heading\">\u201cLa pr\u00f3xima audiencia va a ser el d\u00eda viernes a las 15:00\u201d, se\u00f1al\u00f3 el litigante, quien agreg\u00f3 que el juez habr\u00eda considerado la falta de arraigo como uno de los elementos para imponer la prisi\u00f3n preventiva.<\/h3>\n\n\n\n<p class=\"wp-block-paragraph\">El abogado evit\u00f3 proporcionar mayores detalles sobre la estrategia de defensa y se retir\u00f3 del lugar.<\/p>\n\n\n\n<p class=\"wp-block-paragraph\">De acuerdo con las investigaciones CI-FIAE\/UAT-CU\/UI-1 S\/D\/00065\/06-2026, los hechos habr\u00edan ocurrido durante mayo y junio de 2026, cuando Edgar \u201cN\u201d y David \u201cN\u201d presuntamente utilizaban instalaciones y equipos de c\u00f3mputo de la academia \u201cM\u00e1s Preparaci\u00f3n\u201d, de la que eran operadores, para contestar los ex\u00e1menes en l\u00ednea en lugar de los aspirantes.<\/p>\n\n\n\n<p class=\"wp-block-paragraph\">La Fiscal\u00eda capitalina se\u00f1al\u00f3 que, mediante este mecanismo, los imputados habr\u00edan simulado que eran los propios estudiantes quienes realizaban personalmente las evaluaciones.<\/p>\n\n\n\n<p class=\"wp-block-paragraph\">Para concretar las presuntas irregularidades, los investigadores detectaron que tambi\u00e9n habr\u00edan contado con la colaboraci\u00f3n de algunos instructores.<\/p>\n\n\n\n<p class=\"wp-block-paragraph\">La investigaci\u00f3n inici\u00f3 luego de que las autoridades recibieron denuncias relacionadas con estas pr\u00e1cticas. Posteriormente, la <strong>UNAM<\/strong> proporcion\u00f3 informaci\u00f3n sobre nueve aspirantes cuyos ex\u00e1menes presentaban coincidencias en los datos de conexi\u00f3n, adem\u00e1s de otras irregularidades que llamaron la atenci\u00f3n de las autoridades.<\/p>\n\n\n\n<p class=\"wp-block-paragraph\">A partir del an\u00e1lisis de dicha informaci\u00f3n, archivos digitales y entrevistas, los investigadores lograron relacionar las evaluaciones cuestionadas con algunas sedes de la academia e identificar la posible <strong>participaci\u00f3n de Edgar \u201cN\u201d y David \u201cN\u201d.<\/strong><\/p>\n\n\n\n<p class=\"wp-block-paragraph\">Con los datos obtenidos, el Ministerio P\u00fablico solicit\u00f3 y obtuvo \u00f3rdenes de aprehensi\u00f3n contra ambos se\u00f1alados, as\u00ed como autorizaciones judiciales para realizar cuatro cateos en inmuebles relacionados con la investigaci\u00f3n.<\/p>\n\n\n\n<p class=\"wp-block-paragraph\">El pasado 25 de agosto, agentes de la Polic\u00eda de Investigaci\u00f3n cumplimentaron las \u00f3rdenes de aprehensi\u00f3n y detuvieron a los dos imputados, quienes fueron puestos a disposici\u00f3n de la autoridad judicial.<\/p>\n\n\n\n<p class=\"wp-block-paragraph\">De manera simult\u00e1nea, detectives realizaron cuatro cateos, durante los cuales aseguraron <strong>diversos dispositivos de almacenamiento.<\/strong><\/p>\n\n\n\n<p class=\"wp-block-paragraph\">El material ser\u00e1 sometido a an\u00e1lisis pericial para determinar si contiene informaci\u00f3n relacionada con el <strong>presunto esquema de fraude <\/strong>y establecer el alcance de las actividades investigadas.<\/p>\n","protected":false},"excerpt":{"rendered":"<p>Un juez de control impuso prisi\u00f3n preventiva justificada a Edgar \u201cN\u201d y David \u201cN\u201d, se\u00f1alados por su probable participaci\u00f3n en un esquema mediante el cual presuntamente cobraban a aspirantes para responder en su lugar los ex\u00e1menes en l\u00ednea de ingreso a licenciatura de la Universidad Nacional Aut\u00f3noma de M\u00e9xico (UNAM). Durante la audiencia inicial, el [&hellip;]<\/p>\n","protected":false},"author":8,"featured_media":81112,"comment_status":"closed","ping_status":"open","sticky":false,"template":"","format":"standard","meta":{"footnotes":""},"categories":[2,19],"tags":[],"class_list":["post-81110","post","type-post","status-publish","format-standard","has-post-thumbnail","hentry","category-oaxaca","category-nacional"],"yoast_head":"<!-- This site is optimized with the Yoast SEO plugin v28.1 - https:\/\/yoast.com\/product\/yoast-seo-wordpress\/ -->\n<title>A prisi\u00f3n sujetos acusados de fraude en ex\u00e1menes de ingreso a la UNAM - LA BRAVA RADIO<\/title>\n<meta name=\"robots\" content=\"index, follow, max-snippet:-1, max-image-preview:large, max-video-preview:-1\" \/>\n<link rel=\"canonical\" href=\"https:\/\/www.bbmnoticias.com\/a-prision-sujetos-acusados-de-fraude-en-examenes-de-ingreso-a-la-unam\/\" \/>\n<meta property=\"og:locale\" content=\"es_MX\" \/>\n<meta property=\"og:type\" content=\"article\" \/>\n<meta property=\"og:title\" content=\"A prisi\u00f3n sujetos acusados de fraude en ex\u00e1menes de ingreso a la UNAM - LA BRAVA RADIO\" \/>\n<meta property=\"og:description\" content=\"Un juez de control impuso prisi\u00f3n preventiva justificada a Edgar \u201cN\u201d y David \u201cN\u201d, se\u00f1alados por su probable participaci\u00f3n en un esquema mediante el cual presuntamente cobraban a aspirantes para responder en su lugar los ex\u00e1menes en l\u00ednea de ingreso a licenciatura de la Universidad Nacional Aut\u00f3noma de M\u00e9xico (UNAM). Durante la audiencia inicial, el [&hellip;]\" \/>\n<meta property=\"og:url\" content=\"https:\/\/www.bbmnoticias.com\/a-prision-sujetos-acusados-de-fraude-en-examenes-de-ingreso-a-la-unam\/\" \/>\n<meta property=\"og:site_name\" content=\"LA BRAVA RADIO\" \/>\n<meta property=\"article:published_time\" content=\"2026-08-27T01:27:47+00:00\" \/>\n<meta property=\"article:modified_time\" content=\"2026-08-27T01:27:49+00:00\" \/>\n<meta property=\"og:image\" content=\"https:\/\/www.bbmnoticias.com\/labravaradiofm\/wp-content\/uploads\/sites\/5\/2026\/08\/6a8e6558ef079.jpeg\" \/>\n\t<meta property=\"og:image:width\" content=\"813\" \/>\n\t<meta property=\"og:image:height\" content=\"542\" \/>\n\t<meta property=\"og:image:type\" content=\"image\/jpeg\" \/>\n<meta name=\"author\" content=\"Exc\u00e9lsior\" \/>\n<meta name=\"twitter:card\" content=\"summary_large_image\" \/>\n<meta name=\"twitter:label1\" content=\"Escrito por\" \/>\n\t<meta name=\"twitter:data1\" content=\"Exc\u00e9lsior\" \/>\n\t<meta name=\"twitter:label2\" content=\"Tiempo de lectura\" \/>\n\t<meta name=\"twitter:data2\" content=\"2 minutos\" \/>\n<script type=\"application\/ld+json\" class=\"yoast-schema-graph\">{\"@context\":\"https:\\\/\\\/schema.org\",\"@graph\":[{\"@type\":\"Article\",\"@id\":\"https:\\\/\\\/www.bbmnoticias.com\\\/a-prision-sujetos-acusados-de-fraude-en-examenes-de-ingreso-a-la-unam\\\/#article\",\"isPartOf\":{\"@id\":\"https:\\\/\\\/www.bbmnoticias.com\\\/labravaradiofm\\\/2026\\\/08\\\/26\\\/a-prision-sujetos-acusados-de-fraude-en-examenes-de-ingreso-a-la-unam\\\/\"},\"author\":{\"name\":\"Exc\u00e9lsior\",\"@id\":\"https:\\\/\\\/www.bbmnoticias.com\\\/labravaradiofm\\\/#\\\/schema\\\/person\\\/92571928210861b7374edfc7068926ba\"},\"headline\":\"A prisi\u00f3n sujetos acusados de fraude en ex\u00e1menes de ingreso a la UNAM\",\"datePublished\":\"2026-08-27T01:27:47+00:00\",\"dateModified\":\"2026-08-27T01:27:49+00:00\",\"mainEntityOfPage\":{\"@id\":\"https:\\\/\\\/www.bbmnoticias.com\\\/labravaradiofm\\\/2026\\\/08\\\/26\\\/a-prision-sujetos-acusados-de-fraude-en-examenes-de-ingreso-a-la-unam\\\/\"},\"wordCount\":502,\"image\":{\"@id\":\"https:\\\/\\\/www.bbmnoticias.com\\\/a-prision-sujetos-acusados-de-fraude-en-examenes-de-ingreso-a-la-unam\\\/#primaryimage\"},\"thumbnailUrl\":\"https:\\\/\\\/www.bbmnoticias.com\\\/labravaradiofm\\\/wp-content\\\/uploads\\\/sites\\\/5\\\/2026\\\/08\\\/6a8e6558ef079.jpeg\",\"articleSection\":[\"LOCAL\",\"NACIONAL\"],\"inLanguage\":\"es\"},{\"@type\":\"WebPage\",\"@id\":\"https:\\\/\\\/www.bbmnoticias.com\\\/labravaradiofm\\\/2026\\\/08\\\/26\\\/a-prision-sujetos-acusados-de-fraude-en-examenes-de-ingreso-a-la-unam\\\/\",\"url\":\"https:\\\/\\\/www.bbmnoticias.com\\\/a-prision-sujetos-acusados-de-fraude-en-examenes-de-ingreso-a-la-unam\\\/\",\"name\":\"A prisi\u00f3n sujetos acusados de fraude en ex\u00e1menes de ingreso a la UNAM - LA BRAVA RADIO\",\"isPartOf\":{\"@id\":\"https:\\\/\\\/www.bbmnoticias.com\\\/labravaradiofm\\\/#website\"},\"primaryImageOfPage\":{\"@id\":\"https:\\\/\\\/www.bbmnoticias.com\\\/a-prision-sujetos-acusados-de-fraude-en-examenes-de-ingreso-a-la-unam\\\/#primaryimage\"},\"image\":{\"@id\":\"https:\\\/\\\/www.bbmnoticias.com\\\/a-prision-sujetos-acusados-de-fraude-en-examenes-de-ingreso-a-la-unam\\\/#primaryimage\"},\"thumbnailUrl\":\"https:\\\/\\\/www.bbmnoticias.com\\\/labravaradiofm\\\/wp-content\\\/uploads\\\/sites\\\/5\\\/2026\\\/08\\\/6a8e6558ef079.jpeg\",\"datePublished\":\"2026-08-27T01:27:47+00:00\",\"dateModified\":\"2026-08-27T01:27:49+00:00\",\"author\":{\"@id\":\"https:\\\/\\\/www.bbmnoticias.com\\\/labravaradiofm\\\/#\\\/schema\\\/person\\\/92571928210861b7374edfc7068926ba\"},\"breadcrumb\":{\"@id\":\"https:\\\/\\\/www.bbmnoticias.com\\\/a-prision-sujetos-acusados-de-fraude-en-examenes-de-ingreso-a-la-unam\\\/#breadcrumb\"},\"inLanguage\":\"es\",\"potentialAction\":[{\"@type\":\"ReadAction\",\"target\":[\"https:\\\/\\\/www.bbmnoticias.com\\\/a-prision-sujetos-acusados-de-fraude-en-examenes-de-ingreso-a-la-unam\\\/\"]}]},{\"@type\":\"ImageObject\",\"inLanguage\":\"es\",\"@id\":\"https:\\\/\\\/www.bbmnoticias.com\\\/a-prision-sujetos-acusados-de-fraude-en-examenes-de-ingreso-a-la-unam\\\/#primaryimage\",\"url\":\"https:\\\/\\\/www.bbmnoticias.com\\\/labravaradiofm\\\/wp-content\\\/uploads\\\/sites\\\/5\\\/2026\\\/08\\\/6a8e6558ef079.jpeg\",\"contentUrl\":\"https:\\\/\\\/www.bbmnoticias.com\\\/labravaradiofm\\\/wp-content\\\/uploads\\\/sites\\\/5\\\/2026\\\/08\\\/6a8e6558ef079.jpeg\",\"width\":813,\"height\":542},{\"@type\":\"BreadcrumbList\",\"@id\":\"https:\\\/\\\/www.bbmnoticias.com\\\/a-prision-sujetos-acusados-de-fraude-en-examenes-de-ingreso-a-la-unam\\\/#breadcrumb\",\"itemListElement\":[{\"@type\":\"ListItem\",\"position\":1,\"name\":\"Inicio\",\"item\":\"https:\\\/\\\/www.bbmnoticias.com\\\/labravaradiofm\\\/\"},{\"@type\":\"ListItem\",\"position\":2,\"name\":\"A prisi\u00f3n sujetos acusados de fraude en ex\u00e1menes de ingreso a la UNAM\"}]},{\"@type\":\"WebSite\",\"@id\":\"https:\\\/\\\/www.bbmnoticias.com\\\/labravaradiofm\\\/#website\",\"url\":\"https:\\\/\\\/www.bbmnoticias.com\\\/labravaradiofm\\\/\",\"name\":\"LA BRAVA RADIO\",\"description\":\"Empresa productora de medios, Radiodifusi\u00f3n, Noticias, tendencias y todo lo que necesitas saber de la pol\u00edtica mexicana e internacional; entretenimiento, espect\u00e1culos, salud y mucho m\u00e1s.\",\"potentialAction\":[{\"@type\":\"SearchAction\",\"target\":{\"@type\":\"EntryPoint\",\"urlTemplate\":\"https:\\\/\\\/www.bbmnoticias.com\\\/labravaradiofm\\\/?s={search_term_string}\"},\"query-input\":{\"@type\":\"PropertyValueSpecification\",\"valueRequired\":true,\"valueName\":\"search_term_string\"}}],\"inLanguage\":\"es\"},{\"@type\":\"Person\",\"@id\":\"https:\\\/\\\/www.bbmnoticias.com\\\/labravaradiofm\\\/#\\\/schema\\\/person\\\/92571928210861b7374edfc7068926ba\",\"name\":\"Exc\u00e9lsior\",\"image\":{\"@type\":\"ImageObject\",\"inLanguage\":\"es\",\"@id\":\"https:\\\/\\\/secure.gravatar.com\\\/avatar\\\/497265c4dbe1cd0e2f3f1b19aba0f5779c7f95d09e139a5b83c1ecd47b4e780d?s=96&d=mm&r=g\",\"url\":\"https:\\\/\\\/secure.gravatar.com\\\/avatar\\\/497265c4dbe1cd0e2f3f1b19aba0f5779c7f95d09e139a5b83c1ecd47b4e780d?s=96&d=mm&r=g\",\"contentUrl\":\"https:\\\/\\\/secure.gravatar.com\\\/avatar\\\/497265c4dbe1cd0e2f3f1b19aba0f5779c7f95d09e139a5b83c1ecd47b4e780d?s=96&d=mm&r=g\",\"caption\":\"Exc\u00e9lsior\"},\"url\":\"https:\\\/\\\/www.bbmnoticias.com\\\/labravaradiofm\\\/author\\\/excelsior\\\/\"}]}<\/script>\n<!-- \/ Yoast SEO plugin. -->","yoast_head_json":{"title":"A prisi\u00f3n sujetos acusados de fraude en ex\u00e1menes de ingreso a la UNAM - LA BRAVA RADIO","robots":{"index":"index","follow":"follow","max-snippet":"max-snippet:-1","max-image-preview":"max-image-preview:large","max-video-preview":"max-video-preview:-1"},"canonical":"https:\/\/www.bbmnoticias.com\/a-prision-sujetos-acusados-de-fraude-en-examenes-de-ingreso-a-la-unam\/","og_locale":"es_MX","og_type":"article","og_title":"A prisi\u00f3n sujetos acusados de fraude en ex\u00e1menes de ingreso a la UNAM - LA BRAVA RADIO","og_description":"Un juez de control impuso prisi\u00f3n preventiva justificada a Edgar \u201cN\u201d y David \u201cN\u201d, se\u00f1alados por su probable participaci\u00f3n en un esquema mediante el cual presuntamente cobraban a aspirantes para responder en su lugar los ex\u00e1menes en l\u00ednea de ingreso a licenciatura de la Universidad Nacional Aut\u00f3noma de M\u00e9xico (UNAM). Durante la audiencia inicial, el [&hellip;]","og_url":"https:\/\/www.bbmnoticias.com\/a-prision-sujetos-acusados-de-fraude-en-examenes-de-ingreso-a-la-unam\/","og_site_name":"LA BRAVA RADIO","article_published_time":"2026-08-27T01:27:47+00:00","article_modified_time":"2026-08-27T01:27:49+00:00","og_image":[{"width":813,"height":542,"url":"https:\/\/www.bbmnoticias.com\/labravaradiofm\/wp-content\/uploads\/sites\/5\/2026\/08\/6a8e6558ef079.jpeg","type":"image\/jpeg"}],"author":"Exc\u00e9lsior","twitter_card":"summary_large_image","twitter_misc":{"Escrito por":"Exc\u00e9lsior","Tiempo de lectura":"2 minutos"},"schema":{"@context":"https:\/\/schema.org","@graph":[{"@type":"Article","@id":"https:\/\/www.bbmnoticias.com\/a-prision-sujetos-acusados-de-fraude-en-examenes-de-ingreso-a-la-unam\/#article","isPartOf":{"@id":"https:\/\/www.bbmnoticias.com\/labravaradiofm\/2026\/08\/26\/a-prision-sujetos-acusados-de-fraude-en-examenes-de-ingreso-a-la-unam\/"},"author":{"name":"Exc\u00e9lsior","@id":"https:\/\/www.bbmnoticias.com\/labravaradiofm\/#\/schema\/person\/92571928210861b7374edfc7068926ba"},"headline":"A prisi\u00f3n sujetos acusados de fraude en ex\u00e1menes de ingreso a la UNAM","datePublished":"2026-08-27T01:27:47+00:00","dateModified":"2026-08-27T01:27:49+00:00","mainEntityOfPage":{"@id":"https:\/\/www.bbmnoticias.com\/labravaradiofm\/2026\/08\/26\/a-prision-sujetos-acusados-de-fraude-en-examenes-de-ingreso-a-la-unam\/"},"wordCount":502,"image":{"@id":"https:\/\/www.bbmnoticias.com\/a-prision-sujetos-acusados-de-fraude-en-examenes-de-ingreso-a-la-unam\/#primaryimage"},"thumbnailUrl":"https:\/\/www.bbmnoticias.com\/labravaradiofm\/wp-content\/uploads\/sites\/5\/2026\/08\/6a8e6558ef079.jpeg","articleSection":["LOCAL","NACIONAL"],"inLanguage":"es"},{"@type":"WebPage","@id":"https:\/\/www.bbmnoticias.com\/labravaradiofm\/2026\/08\/26\/a-prision-sujetos-acusados-de-fraude-en-examenes-de-ingreso-a-la-unam\/","url":"https:\/\/www.bbmnoticias.com\/a-prision-sujetos-acusados-de-fraude-en-examenes-de-ingreso-a-la-unam\/","name":"A prisi\u00f3n sujetos acusados de fraude en ex\u00e1menes de ingreso a la UNAM - LA BRAVA RADIO","isPartOf":{"@id":"https:\/\/www.bbmnoticias.com\/labravaradiofm\/#website"},"primaryImageOfPage":{"@id":"https:\/\/www.bbmnoticias.com\/a-prision-sujetos-acusados-de-fraude-en-examenes-de-ingreso-a-la-unam\/#primaryimage"},"image":{"@id":"https:\/\/www.bbmnoticias.com\/a-prision-sujetos-acusados-de-fraude-en-examenes-de-ingreso-a-la-unam\/#primaryimage"},"thumbnailUrl":"https:\/\/www.bbmnoticias.com\/labravaradiofm\/wp-content\/uploads\/sites\/5\/2026\/08\/6a8e6558ef079.jpeg","datePublished":"2026-08-27T01:27:47+00:00","dateModified":"2026-08-27T01:27:49+00:00","author":{"@id":"https:\/\/www.bbmnoticias.com\/labravaradiofm\/#\/schema\/person\/92571928210861b7374edfc7068926ba"},"breadcrumb":{"@id":"https:\/\/www.bbmnoticias.com\/a-prision-sujetos-acusados-de-fraude-en-examenes-de-ingreso-a-la-unam\/#breadcrumb"},"inLanguage":"es","potentialAction":[{"@type":"ReadAction","target":["https:\/\/www.bbmnoticias.com\/a-prision-sujetos-acusados-de-fraude-en-examenes-de-ingreso-a-la-unam\/"]}]},{"@type":"ImageObject","inLanguage":"es","@id":"https:\/\/www.bbmnoticias.com\/a-prision-sujetos-acusados-de-fraude-en-examenes-de-ingreso-a-la-unam\/#primaryimage","url":"https:\/\/www.bbmnoticias.com\/labravaradiofm\/wp-content\/uploads\/sites\/5\/2026\/08\/6a8e6558ef079.jpeg","contentUrl":"https:\/\/www.bbmnoticias.com\/labravaradiofm\/wp-content\/uploads\/sites\/5\/2026\/08\/6a8e6558ef079.jpeg","width":813,"height":542},{"@type":"BreadcrumbList","@id":"https:\/\/www.bbmnoticias.com\/a-prision-sujetos-acusados-de-fraude-en-examenes-de-ingreso-a-la-unam\/#breadcrumb","itemListElement":[{"@type":"ListItem","position":1,"name":"Inicio","item":"https:\/\/www.bbmnoticias.com\/labravaradiofm\/"},{"@type":"ListItem","position":2,"name":"A prisi\u00f3n sujetos acusados de fraude en ex\u00e1menes de ingreso a la UNAM"}]},{"@type":"WebSite","@id":"https:\/\/www.bbmnoticias.com\/labravaradiofm\/#website","url":"https:\/\/www.bbmnoticias.com\/labravaradiofm\/","name":"LA BRAVA RADIO","description":"Empresa productora de medios, Radiodifusi\u00f3n, Noticias, tendencias y todo lo que necesitas saber de la pol\u00edtica mexicana e internacional; entretenimiento, espect\u00e1culos, salud y mucho m\u00e1s.","potentialAction":[{"@type":"SearchAction","target":{"@type":"EntryPoint","urlTemplate":"https:\/\/www.bbmnoticias.com\/labravaradiofm\/?s={search_term_string}"},"query-input":{"@type":"PropertyValueSpecification","valueRequired":true,"valueName":"search_term_string"}}],"inLanguage":"es"},{"@type":"Person","@id":"https:\/\/www.bbmnoticias.com\/labravaradiofm\/#\/schema\/person\/92571928210861b7374edfc7068926ba","name":"Exc\u00e9lsior","image":{"@type":"ImageObject","inLanguage":"es","@id":"https:\/\/secure.gravatar.com\/avatar\/497265c4dbe1cd0e2f3f1b19aba0f5779c7f95d09e139a5b83c1ecd47b4e780d?s=96&d=mm&r=g","url":"https:\/\/secure.gravatar.com\/avatar\/497265c4dbe1cd0e2f3f1b19aba0f5779c7f95d09e139a5b83c1ecd47b4e780d?s=96&d=mm&r=g","contentUrl":"https:\/\/secure.gravatar.com\/avatar\/497265c4dbe1cd0e2f3f1b19aba0f5779c7f95d09e139a5b83c1ecd47b4e780d?s=96&d=mm&r=g","caption":"Exc\u00e9lsior"},"url":"https:\/\/www.bbmnoticias.com\/labravaradiofm\/author\/excelsior\/"}]}},"_links":{"self":[{"href":"https:\/\/www.bbmnoticias.com\/labravaradiofm\/wp-json\/wp\/v2\/posts\/81110","targetHints":{"allow":["GET"]}}],"collection":[{"href":"https:\/\/www.bbmnoticias.com\/labravaradiofm\/wp-json\/wp\/v2\/posts"}],"about":[{"href":"https:\/\/www.bbmnoticias.com\/labravaradiofm\/wp-json\/wp\/v2\/types\/post"}],"author":[{"embeddable":true,"href":"https:\/\/www.bbmnoticias.com\/labravaradiofm\/wp-json\/wp\/v2\/users\/8"}],"replies":[{"embeddable":true,"href":"https:\/\/www.bbmnoticias.com\/labravaradiofm\/wp-json\/wp\/v2\/comments?post=81110"}],"version-history":[{"count":1,"href":"https:\/\/www.bbmnoticias.com\/labravaradiofm\/wp-json\/wp\/v2\/posts\/81110\/revisions"}],"predecessor-version":[{"id":81111,"href":"https:\/\/www.bbmnoticias.com\/labravaradiofm\/wp-json\/wp\/v2\/posts\/81110\/revisions\/81111"}],"wp:featuredmedia":[{"embeddable":true,"href":"https:\/\/www.bbmnoticias.com\/labravaradiofm\/wp-json\/wp\/v2\/media\/81112"}],"wp:attachment":[{"href":"https:\/\/www.bbmnoticias.com\/labravaradiofm\/wp-json\/wp\/v2\/media?parent=81110"}],"wp:term":[{"taxonomy":"category","embeddable":true,"href":"https:\/\/www.bbmnoticias.com\/labravaradiofm\/wp-json\/wp\/v2\/categories?post=81110"},{"taxonomy":"post_tag","embeddable":true,"href":"https:\/\/www.bbmnoticias.com\/labravaradiofm\/wp-json\/wp\/v2\/tags?post=81110"}],"curies":[{"name":"wp","href":"https:\/\/api.w.org\/{rel}","templated":true}]}}