{"id":8111,"date":"2022-01-04T13:04:52","date_gmt":"2022-01-04T19:04:52","guid":{"rendered":"https:\/\/www.bbmnoticias.com\/labravaradiofm\/?p=8111"},"modified":"2022-01-04T13:04:53","modified_gmt":"2022-01-04T19:04:53","slug":"concluye-operativo-bienvenido-oaxaqueno-y-oaxaquena-migrante-con-saldo-blanco-ioam","status":"publish","type":"post","link":"https:\/\/www.bbmnoticias.com\/labravaradiofm\/2022\/01\/04\/concluye-operativo-bienvenido-oaxaqueno-y-oaxaquena-migrante-con-saldo-blanco-ioam\/","title":{"rendered":"Concluye operativo Bienvenido Oaxaque\u00f1o y Oaxaque\u00f1a Migrante con saldo blanco: IOAM"},"content":{"rendered":"<div style=\"margin-top: 0px; margin-bottom: 0px;\" class=\"sharethis-inline-share-buttons\" ><\/div>\n<p><strong>Tlalixtac de Cabrera, Oax. 04 de enero de 2022<\/strong>.- El Gobierno del Estado, a trav\u00e9s del Instituto Oaxaque\u00f1o de Atenci\u00f3n al Migrante (IOAM), inform\u00f3 que se ha concluido el operativo Bienvenido Oaxaque\u00f1o y Oaxaque\u00f1a Migrante con motivo de la temporada de fin de a\u00f1o.<\/p>\n\n\n\n<p>La directora general del IOAM, Aida Ruiz Garc\u00eda, declar\u00f3 que por indicaciones del gobernador Alejandro Murat Hinojosa, se instalaron m\u00f3dulos de atenci\u00f3n con el objetivo de asegurar que el ingreso, tr\u00e1nsito y salida de las y los migrantes oaxaque\u00f1os se efectuara con estricto respeto a los derechos humanos.<\/p>\n\n\n\n<p>Puntualiz\u00f3 que el IOAM brind\u00f3 atenci\u00f3n a m\u00e1s de ocho mil visitantes, as\u00ed como el acompa\u00f1amiento y orientaci\u00f3n sobre los m\u00faltiples tr\u00e1mites y servicios que se ofrecen en el IOAM de manera gratuita y a favor de sus familias.<\/p>\n\n\n\n<p>Indic\u00f3 que se tuvo un saldo favorable durante esta temporada vacacional, por lo cual el Instituto a su cargo continuar\u00e1 trabajando en coordinaci\u00f3n con autoridades de las ocho regiones del estado, y los tres niveles de gobierno, a fin de velar por la protecci\u00f3n de las y los migrantes que decidan regresar a su comunidad de origen durante este 2022.<\/p>\n\n\n\n<p>Exhort\u00f3 a las y los connacionales que regresen a la Uni\u00f3n Americana, reforzar las medidas sanitarias y mantener los protocolos sanitarios correspondientes a fin de cuidar su vida y las de sus familias.<\/p>\n\n\n\n<p>Tambi\u00e9n reconoci\u00f3 el trabajo de las autoridades de la Oficina de representaci\u00f3n del Instituto Nacional de Migraci\u00f3n en Oaxaca, la C\u00e9dula de Proximidad Social de la Guardia Nacional, as\u00ed como de la CNDH en Oaxaca, Profeco y la gerencia de la terminal de autobuses de ADO, por velar por la protecci\u00f3n de quienes regresan a la entidad durante las distintas temporadas vacacionales.<\/p>\n\n\n\n<p>Mencion\u00f3 que el Instituto Oaxaque\u00f1o de Atenci\u00f3n al Migrante refuerza los programas de asistencia para las y los oaxaque\u00f1os dentro y fuera del pa\u00eds, y durante este 2022 se continuar\u00e1 sumando esfuerzos a beneficio de la comunidad migrante.<\/p>\n\n\n\n<p>Finalmente, Ruiz Garc\u00eda comparti\u00f3 los correos: ioam.juridico.2004@gmail.com o 951 121 03 28 para cualquier asesor\u00eda jur\u00eddica, as\u00ed como el de ioam.traslados20@gmail.com para el servicio de traslado de restos mortuorios, o bien el n\u00famero telef\u00f3nico 951 392 40 25 para la atenci\u00f3n que se solicite.<\/p>\n","protected":false},"excerpt":{"rendered":"<p>Tlalixtac de Cabrera, Oax. 04 de enero de 2022.- El Gobierno del Estado, a trav\u00e9s del Instituto Oaxaque\u00f1o de Atenci\u00f3n al Migrante (IOAM), inform\u00f3 que se ha concluido el operativo Bienvenido Oaxaque\u00f1o y Oaxaque\u00f1a Migrante con motivo de la temporada de fin de a\u00f1o. La directora general del IOAM, Aida Ruiz Garc\u00eda, declar\u00f3 que por [&hellip;]<\/p>\n","protected":false},"author":2,"featured_media":8112,"comment_status":"closed","ping_status":"closed","sticky":false,"template":"","format":"standard","meta":{"footnotes":""},"categories":[2],"tags":[],"class_list":{"0":"post-8111","1":"post","2":"type-post","3":"status-publish","4":"format-standard","5":"has-post-thumbnail","7":"category-oaxaca"},"yoast_head":"<!-- This site is optimized with the Yoast SEO plugin v27.4 - https:\/\/yoast.com\/product\/yoast-seo-wordpress\/ -->\n<title>Concluye operativo Bienvenido Oaxaque\u00f1o y Oaxaque\u00f1a Migrante con saldo blanco: IOAM - LA BRAVA RADIO<\/title>\n<meta name=\"robots\" content=\"index, follow, max-snippet:-1, max-image-preview:large, max-video-preview:-1\" \/>\n<link rel=\"canonical\" href=\"https:\/\/www.bbmnoticias.com\/labravaradiofm\/2022\/01\/04\/concluye-operativo-bienvenido-oaxaqueno-y-oaxaquena-migrante-con-saldo-blanco-ioam\/\" \/>\n<meta property=\"og:locale\" content=\"es_MX\" \/>\n<meta property=\"og:type\" content=\"article\" \/>\n<meta property=\"og:title\" content=\"Concluye operativo Bienvenido Oaxaque\u00f1o y Oaxaque\u00f1a Migrante con saldo blanco: IOAM - LA BRAVA RADIO\" \/>\n<meta property=\"og:description\" content=\"Tlalixtac de Cabrera, Oax. 04 de enero de 2022.- El Gobierno del Estado, a trav\u00e9s del Instituto Oaxaque\u00f1o de Atenci\u00f3n al Migrante (IOAM), inform\u00f3 que se ha concluido el operativo Bienvenido Oaxaque\u00f1o y Oaxaque\u00f1a Migrante con motivo de la temporada de fin de a\u00f1o. La directora general del IOAM, Aida Ruiz Garc\u00eda, declar\u00f3 que por [&hellip;]\" \/>\n<meta property=\"og:url\" content=\"https:\/\/www.bbmnoticias.com\/labravaradiofm\/2022\/01\/04\/concluye-operativo-bienvenido-oaxaqueno-y-oaxaquena-migrante-con-saldo-blanco-ioam\/\" \/>\n<meta property=\"og:site_name\" content=\"LA BRAVA RADIO\" \/>\n<meta property=\"article:published_time\" content=\"2022-01-04T19:04:52+00:00\" \/>\n<meta property=\"article:modified_time\" content=\"2022-01-04T19:04:53+00:00\" \/>\n<meta property=\"og:image\" content=\"https:\/\/www.bbmnoticias.com\/labravaradiofm\/wp-content\/uploads\/sites\/5\/2022\/01\/ioam-migrantes.jpg\" \/>\n\t<meta property=\"og:image:width\" content=\"1024\" \/>\n\t<meta property=\"og:image:height\" content=\"576\" \/>\n\t<meta property=\"og:image:type\" content=\"image\/jpeg\" \/>\n<meta name=\"author\" content=\"Staff\" \/>\n<meta name=\"twitter:card\" content=\"summary_large_image\" \/>\n<meta name=\"twitter:label1\" content=\"Escrito por\" \/>\n\t<meta name=\"twitter:data1\" content=\"Staff\" \/>\n\t<meta name=\"twitter:label2\" content=\"Tiempo de lectura\" \/>\n\t<meta name=\"twitter:data2\" content=\"2 minutos\" \/>\n<script type=\"application\/ld+json\" class=\"yoast-schema-graph\">{\"@context\":\"https:\\\/\\\/schema.org\",\"@graph\":[{\"@type\":\"Article\",\"@id\":\"https:\\\/\\\/www.bbmnoticias.com\\\/labravaradiofm\\\/2022\\\/01\\\/04\\\/concluye-operativo-bienvenido-oaxaqueno-y-oaxaquena-migrante-con-saldo-blanco-ioam\\\/#article\",\"isPartOf\":{\"@id\":\"https:\\\/\\\/www.bbmnoticias.com\\\/labravaradiofm\\\/2022\\\/01\\\/04\\\/concluye-operativo-bienvenido-oaxaqueno-y-oaxaquena-migrante-con-saldo-blanco-ioam\\\/\"},\"author\":{\"name\":\"Staff\",\"@id\":\"https:\\\/\\\/www.bbmnoticias.com\\\/labravaradiofm\\\/#\\\/schema\\\/person\\\/68a9e9036ef3c5b55aeb2b71dc8bab45\"},\"headline\":\"Concluye operativo Bienvenido Oaxaque\u00f1o y Oaxaque\u00f1a Migrante con saldo blanco: IOAM\",\"datePublished\":\"2022-01-04T19:04:52+00:00\",\"dateModified\":\"2022-01-04T19:04:53+00:00\",\"mainEntityOfPage\":{\"@id\":\"https:\\\/\\\/www.bbmnoticias.com\\\/labravaradiofm\\\/2022\\\/01\\\/04\\\/concluye-operativo-bienvenido-oaxaqueno-y-oaxaquena-migrante-con-saldo-blanco-ioam\\\/\"},\"wordCount\":411,\"image\":{\"@id\":\"https:\\\/\\\/www.bbmnoticias.com\\\/labravaradiofm\\\/2022\\\/01\\\/04\\\/concluye-operativo-bienvenido-oaxaqueno-y-oaxaquena-migrante-con-saldo-blanco-ioam\\\/#primaryimage\"},\"thumbnailUrl\":\"https:\\\/\\\/www.bbmnoticias.com\\\/labravaradiofm\\\/wp-content\\\/uploads\\\/sites\\\/5\\\/2022\\\/01\\\/ioam-migrantes.jpg\",\"articleSection\":[\"LOCAL\"],\"inLanguage\":\"es\"},{\"@type\":\"WebPage\",\"@id\":\"https:\\\/\\\/www.bbmnoticias.com\\\/labravaradiofm\\\/2022\\\/01\\\/04\\\/concluye-operativo-bienvenido-oaxaqueno-y-oaxaquena-migrante-con-saldo-blanco-ioam\\\/\",\"url\":\"https:\\\/\\\/www.bbmnoticias.com\\\/labravaradiofm\\\/2022\\\/01\\\/04\\\/concluye-operativo-bienvenido-oaxaqueno-y-oaxaquena-migrante-con-saldo-blanco-ioam\\\/\",\"name\":\"Concluye operativo Bienvenido Oaxaque\u00f1o y Oaxaque\u00f1a Migrante con saldo blanco: IOAM - LA BRAVA RADIO\",\"isPartOf\":{\"@id\":\"https:\\\/\\\/www.bbmnoticias.com\\\/labravaradiofm\\\/#website\"},\"primaryImageOfPage\":{\"@id\":\"https:\\\/\\\/www.bbmnoticias.com\\\/labravaradiofm\\\/2022\\\/01\\\/04\\\/concluye-operativo-bienvenido-oaxaqueno-y-oaxaquena-migrante-con-saldo-blanco-ioam\\\/#primaryimage\"},\"image\":{\"@id\":\"https:\\\/\\\/www.bbmnoticias.com\\\/labravaradiofm\\\/2022\\\/01\\\/04\\\/concluye-operativo-bienvenido-oaxaqueno-y-oaxaquena-migrante-con-saldo-blanco-ioam\\\/#primaryimage\"},\"thumbnailUrl\":\"https:\\\/\\\/www.bbmnoticias.com\\\/labravaradiofm\\\/wp-content\\\/uploads\\\/sites\\\/5\\\/2022\\\/01\\\/ioam-migrantes.jpg\",\"datePublished\":\"2022-01-04T19:04:52+00:00\",\"dateModified\":\"2022-01-04T19:04:53+00:00\",\"author\":{\"@id\":\"https:\\\/\\\/www.bbmnoticias.com\\\/labravaradiofm\\\/#\\\/schema\\\/person\\\/68a9e9036ef3c5b55aeb2b71dc8bab45\"},\"breadcrumb\":{\"@id\":\"https:\\\/\\\/www.bbmnoticias.com\\\/labravaradiofm\\\/2022\\\/01\\\/04\\\/concluye-operativo-bienvenido-oaxaqueno-y-oaxaquena-migrante-con-saldo-blanco-ioam\\\/#breadcrumb\"},\"inLanguage\":\"es\",\"potentialAction\":[{\"@type\":\"ReadAction\",\"target\":[\"https:\\\/\\\/www.bbmnoticias.com\\\/labravaradiofm\\\/2022\\\/01\\\/04\\\/concluye-operativo-bienvenido-oaxaqueno-y-oaxaquena-migrante-con-saldo-blanco-ioam\\\/\"]}]},{\"@type\":\"ImageObject\",\"inLanguage\":\"es\",\"@id\":\"https:\\\/\\\/www.bbmnoticias.com\\\/labravaradiofm\\\/2022\\\/01\\\/04\\\/concluye-operativo-bienvenido-oaxaqueno-y-oaxaquena-migrante-con-saldo-blanco-ioam\\\/#primaryimage\",\"url\":\"https:\\\/\\\/www.bbmnoticias.com\\\/labravaradiofm\\\/wp-content\\\/uploads\\\/sites\\\/5\\\/2022\\\/01\\\/ioam-migrantes.jpg\",\"contentUrl\":\"https:\\\/\\\/www.bbmnoticias.com\\\/labravaradiofm\\\/wp-content\\\/uploads\\\/sites\\\/5\\\/2022\\\/01\\\/ioam-migrantes.jpg\",\"width\":1024,\"height\":576},{\"@type\":\"BreadcrumbList\",\"@id\":\"https:\\\/\\\/www.bbmnoticias.com\\\/labravaradiofm\\\/2022\\\/01\\\/04\\\/concluye-operativo-bienvenido-oaxaqueno-y-oaxaquena-migrante-con-saldo-blanco-ioam\\\/#breadcrumb\",\"itemListElement\":[{\"@type\":\"ListItem\",\"position\":1,\"name\":\"Inicio\",\"item\":\"https:\\\/\\\/www.bbmnoticias.com\\\/labravaradiofm\\\/\"},{\"@type\":\"ListItem\",\"position\":2,\"name\":\"Concluye operativo Bienvenido Oaxaque\u00f1o y Oaxaque\u00f1a Migrante con saldo blanco: IOAM\"}]},{\"@type\":\"WebSite\",\"@id\":\"https:\\\/\\\/www.bbmnoticias.com\\\/labravaradiofm\\\/#website\",\"url\":\"https:\\\/\\\/www.bbmnoticias.com\\\/labravaradiofm\\\/\",\"name\":\"LA BRAVA RADIO\",\"description\":\"Empresa productora de medios, Radiodifusi\u00f3n, Noticias, tendencias y todo lo que necesitas saber de la pol\u00edtica mexicana e internacional; entretenimiento, espect\u00e1culos, salud y mucho m\u00e1s.\",\"potentialAction\":[{\"@type\":\"SearchAction\",\"target\":{\"@type\":\"EntryPoint\",\"urlTemplate\":\"https:\\\/\\\/www.bbmnoticias.com\\\/labravaradiofm\\\/?s={search_term_string}\"},\"query-input\":{\"@type\":\"PropertyValueSpecification\",\"valueRequired\":true,\"valueName\":\"search_term_string\"}}],\"inLanguage\":\"es\"},{\"@type\":\"Person\",\"@id\":\"https:\\\/\\\/www.bbmnoticias.com\\\/labravaradiofm\\\/#\\\/schema\\\/person\\\/68a9e9036ef3c5b55aeb2b71dc8bab45\",\"name\":\"Staff\",\"image\":{\"@type\":\"ImageObject\",\"inLanguage\":\"es\",\"@id\":\"https:\\\/\\\/secure.gravatar.com\\\/avatar\\\/fdd21ad66fd8b98c407f9dee5b5e588cfe7f0d8579ec20fa6527cd59bab7f0f0?s=96&d=mm&r=g\",\"url\":\"https:\\\/\\\/secure.gravatar.com\\\/avatar\\\/fdd21ad66fd8b98c407f9dee5b5e588cfe7f0d8579ec20fa6527cd59bab7f0f0?s=96&d=mm&r=g\",\"contentUrl\":\"https:\\\/\\\/secure.gravatar.com\\\/avatar\\\/fdd21ad66fd8b98c407f9dee5b5e588cfe7f0d8579ec20fa6527cd59bab7f0f0?s=96&d=mm&r=g\",\"caption\":\"Staff\"},\"url\":\"https:\\\/\\\/www.bbmnoticias.com\\\/labravaradiofm\\\/author\\\/redaccion\\\/\"}]}<\/script>\n<!-- \/ Yoast SEO plugin. -->","yoast_head_json":{"title":"Concluye operativo Bienvenido Oaxaque\u00f1o y Oaxaque\u00f1a Migrante con saldo blanco: IOAM - LA BRAVA RADIO","robots":{"index":"index","follow":"follow","max-snippet":"max-snippet:-1","max-image-preview":"max-image-preview:large","max-video-preview":"max-video-preview:-1"},"canonical":"https:\/\/www.bbmnoticias.com\/labravaradiofm\/2022\/01\/04\/concluye-operativo-bienvenido-oaxaqueno-y-oaxaquena-migrante-con-saldo-blanco-ioam\/","og_locale":"es_MX","og_type":"article","og_title":"Concluye operativo Bienvenido Oaxaque\u00f1o y Oaxaque\u00f1a Migrante con saldo blanco: IOAM - LA BRAVA RADIO","og_description":"Tlalixtac de Cabrera, Oax. 04 de enero de 2022.- El Gobierno del Estado, a trav\u00e9s del Instituto Oaxaque\u00f1o de Atenci\u00f3n al Migrante (IOAM), inform\u00f3 que se ha concluido el operativo Bienvenido Oaxaque\u00f1o y Oaxaque\u00f1a Migrante con motivo de la temporada de fin de a\u00f1o. La directora general del IOAM, Aida Ruiz Garc\u00eda, declar\u00f3 que por [&hellip;]","og_url":"https:\/\/www.bbmnoticias.com\/labravaradiofm\/2022\/01\/04\/concluye-operativo-bienvenido-oaxaqueno-y-oaxaquena-migrante-con-saldo-blanco-ioam\/","og_site_name":"LA BRAVA RADIO","article_published_time":"2022-01-04T19:04:52+00:00","article_modified_time":"2022-01-04T19:04:53+00:00","og_image":[{"width":1024,"height":576,"url":"https:\/\/www.bbmnoticias.com\/labravaradiofm\/wp-content\/uploads\/sites\/5\/2022\/01\/ioam-migrantes.jpg","type":"image\/jpeg"}],"author":"Staff","twitter_card":"summary_large_image","twitter_misc":{"Escrito por":"Staff","Tiempo de lectura":"2 minutos"},"schema":{"@context":"https:\/\/schema.org","@graph":[{"@type":"Article","@id":"https:\/\/www.bbmnoticias.com\/labravaradiofm\/2022\/01\/04\/concluye-operativo-bienvenido-oaxaqueno-y-oaxaquena-migrante-con-saldo-blanco-ioam\/#article","isPartOf":{"@id":"https:\/\/www.bbmnoticias.com\/labravaradiofm\/2022\/01\/04\/concluye-operativo-bienvenido-oaxaqueno-y-oaxaquena-migrante-con-saldo-blanco-ioam\/"},"author":{"name":"Staff","@id":"https:\/\/www.bbmnoticias.com\/labravaradiofm\/#\/schema\/person\/68a9e9036ef3c5b55aeb2b71dc8bab45"},"headline":"Concluye operativo Bienvenido Oaxaque\u00f1o y Oaxaque\u00f1a Migrante con saldo blanco: IOAM","datePublished":"2022-01-04T19:04:52+00:00","dateModified":"2022-01-04T19:04:53+00:00","mainEntityOfPage":{"@id":"https:\/\/www.bbmnoticias.com\/labravaradiofm\/2022\/01\/04\/concluye-operativo-bienvenido-oaxaqueno-y-oaxaquena-migrante-con-saldo-blanco-ioam\/"},"wordCount":411,"image":{"@id":"https:\/\/www.bbmnoticias.com\/labravaradiofm\/2022\/01\/04\/concluye-operativo-bienvenido-oaxaqueno-y-oaxaquena-migrante-con-saldo-blanco-ioam\/#primaryimage"},"thumbnailUrl":"https:\/\/www.bbmnoticias.com\/labravaradiofm\/wp-content\/uploads\/sites\/5\/2022\/01\/ioam-migrantes.jpg","articleSection":["LOCAL"],"inLanguage":"es"},{"@type":"WebPage","@id":"https:\/\/www.bbmnoticias.com\/labravaradiofm\/2022\/01\/04\/concluye-operativo-bienvenido-oaxaqueno-y-oaxaquena-migrante-con-saldo-blanco-ioam\/","url":"https:\/\/www.bbmnoticias.com\/labravaradiofm\/2022\/01\/04\/concluye-operativo-bienvenido-oaxaqueno-y-oaxaquena-migrante-con-saldo-blanco-ioam\/","name":"Concluye operativo Bienvenido Oaxaque\u00f1o y Oaxaque\u00f1a Migrante con saldo blanco: IOAM - LA BRAVA RADIO","isPartOf":{"@id":"https:\/\/www.bbmnoticias.com\/labravaradiofm\/#website"},"primaryImageOfPage":{"@id":"https:\/\/www.bbmnoticias.com\/labravaradiofm\/2022\/01\/04\/concluye-operativo-bienvenido-oaxaqueno-y-oaxaquena-migrante-con-saldo-blanco-ioam\/#primaryimage"},"image":{"@id":"https:\/\/www.bbmnoticias.com\/labravaradiofm\/2022\/01\/04\/concluye-operativo-bienvenido-oaxaqueno-y-oaxaquena-migrante-con-saldo-blanco-ioam\/#primaryimage"},"thumbnailUrl":"https:\/\/www.bbmnoticias.com\/labravaradiofm\/wp-content\/uploads\/sites\/5\/2022\/01\/ioam-migrantes.jpg","datePublished":"2022-01-04T19:04:52+00:00","dateModified":"2022-01-04T19:04:53+00:00","author":{"@id":"https:\/\/www.bbmnoticias.com\/labravaradiofm\/#\/schema\/person\/68a9e9036ef3c5b55aeb2b71dc8bab45"},"breadcrumb":{"@id":"https:\/\/www.bbmnoticias.com\/labravaradiofm\/2022\/01\/04\/concluye-operativo-bienvenido-oaxaqueno-y-oaxaquena-migrante-con-saldo-blanco-ioam\/#breadcrumb"},"inLanguage":"es","potentialAction":[{"@type":"ReadAction","target":["https:\/\/www.bbmnoticias.com\/labravaradiofm\/2022\/01\/04\/concluye-operativo-bienvenido-oaxaqueno-y-oaxaquena-migrante-con-saldo-blanco-ioam\/"]}]},{"@type":"ImageObject","inLanguage":"es","@id":"https:\/\/www.bbmnoticias.com\/labravaradiofm\/2022\/01\/04\/concluye-operativo-bienvenido-oaxaqueno-y-oaxaquena-migrante-con-saldo-blanco-ioam\/#primaryimage","url":"https:\/\/www.bbmnoticias.com\/labravaradiofm\/wp-content\/uploads\/sites\/5\/2022\/01\/ioam-migrantes.jpg","contentUrl":"https:\/\/www.bbmnoticias.com\/labravaradiofm\/wp-content\/uploads\/sites\/5\/2022\/01\/ioam-migrantes.jpg","width":1024,"height":576},{"@type":"BreadcrumbList","@id":"https:\/\/www.bbmnoticias.com\/labravaradiofm\/2022\/01\/04\/concluye-operativo-bienvenido-oaxaqueno-y-oaxaquena-migrante-con-saldo-blanco-ioam\/#breadcrumb","itemListElement":[{"@type":"ListItem","position":1,"name":"Inicio","item":"https:\/\/www.bbmnoticias.com\/labravaradiofm\/"},{"@type":"ListItem","position":2,"name":"Concluye operativo Bienvenido Oaxaque\u00f1o y Oaxaque\u00f1a Migrante con saldo blanco: IOAM"}]},{"@type":"WebSite","@id":"https:\/\/www.bbmnoticias.com\/labravaradiofm\/#website","url":"https:\/\/www.bbmnoticias.com\/labravaradiofm\/","name":"LA BRAVA RADIO","description":"Empresa productora de medios, Radiodifusi\u00f3n, Noticias, tendencias y todo lo que necesitas saber de la pol\u00edtica mexicana e internacional; entretenimiento, espect\u00e1culos, salud y mucho m\u00e1s.","potentialAction":[{"@type":"SearchAction","target":{"@type":"EntryPoint","urlTemplate":"https:\/\/www.bbmnoticias.com\/labravaradiofm\/?s={search_term_string}"},"query-input":{"@type":"PropertyValueSpecification","valueRequired":true,"valueName":"search_term_string"}}],"inLanguage":"es"},{"@type":"Person","@id":"https:\/\/www.bbmnoticias.com\/labravaradiofm\/#\/schema\/person\/68a9e9036ef3c5b55aeb2b71dc8bab45","name":"Staff","image":{"@type":"ImageObject","inLanguage":"es","@id":"https:\/\/secure.gravatar.com\/avatar\/fdd21ad66fd8b98c407f9dee5b5e588cfe7f0d8579ec20fa6527cd59bab7f0f0?s=96&d=mm&r=g","url":"https:\/\/secure.gravatar.com\/avatar\/fdd21ad66fd8b98c407f9dee5b5e588cfe7f0d8579ec20fa6527cd59bab7f0f0?s=96&d=mm&r=g","contentUrl":"https:\/\/secure.gravatar.com\/avatar\/fdd21ad66fd8b98c407f9dee5b5e588cfe7f0d8579ec20fa6527cd59bab7f0f0?s=96&d=mm&r=g","caption":"Staff"},"url":"https:\/\/www.bbmnoticias.com\/labravaradiofm\/author\/redaccion\/"}]}},"_links":{"self":[{"href":"https:\/\/www.bbmnoticias.com\/labravaradiofm\/wp-json\/wp\/v2\/posts\/8111","targetHints":{"allow":["GET"]}}],"collection":[{"href":"https:\/\/www.bbmnoticias.com\/labravaradiofm\/wp-json\/wp\/v2\/posts"}],"about":[{"href":"https:\/\/www.bbmnoticias.com\/labravaradiofm\/wp-json\/wp\/v2\/types\/post"}],"author":[{"embeddable":true,"href":"https:\/\/www.bbmnoticias.com\/labravaradiofm\/wp-json\/wp\/v2\/users\/2"}],"replies":[{"embeddable":true,"href":"https:\/\/www.bbmnoticias.com\/labravaradiofm\/wp-json\/wp\/v2\/comments?post=8111"}],"version-history":[{"count":0,"href":"https:\/\/www.bbmnoticias.com\/labravaradiofm\/wp-json\/wp\/v2\/posts\/8111\/revisions"}],"wp:featuredmedia":[{"embeddable":true,"href":"https:\/\/www.bbmnoticias.com\/labravaradiofm\/wp-json\/wp\/v2\/media\/8112"}],"wp:attachment":[{"href":"https:\/\/www.bbmnoticias.com\/labravaradiofm\/wp-json\/wp\/v2\/media?parent=8111"}],"wp:term":[{"taxonomy":"category","embeddable":true,"href":"https:\/\/www.bbmnoticias.com\/labravaradiofm\/wp-json\/wp\/v2\/categories?post=8111"},{"taxonomy":"post_tag","embeddable":true,"href":"https:\/\/www.bbmnoticias.com\/labravaradiofm\/wp-json\/wp\/v2\/tags?post=8111"}],"curies":[{"name":"wp","href":"https:\/\/api.w.org\/{rel}","templated":true}]}}