{"id":81107,"date":"2026-08-26T19:23:32","date_gmt":"2026-08-27T01:23:32","guid":{"rendered":"https:\/\/www.bbmnoticias.com\/labravaradiofm\/2026\/08\/26\/fiscalia-de-oaxaca-semar-sspc-del-gobierno-federal-y-policia-estatal-capturan-a-r-r-p-alias-el-duck-estaria-vinculado-a-red-dedicada-a-robo-de-vehiculos-en-la-zona-metropolitana\/"},"modified":"2026-08-26T19:23:35","modified_gmt":"2026-08-27T01:23:35","slug":"fiscalia-de-oaxaca-semar-sspc-del-gobierno-federal-y-policia-estatal-capturan-a-r-r-p-alias-el-duck-estaria-vinculado-a-red-dedicada-a-robo-de-vehiculos-en-la-zona-metropolitana","status":"publish","type":"post","link":"https:\/\/www.bbmnoticias.com\/labravaradiofm\/2026\/08\/26\/fiscalia-de-oaxaca-semar-sspc-del-gobierno-federal-y-policia-estatal-capturan-a-r-r-p-alias-el-duck-estaria-vinculado-a-red-dedicada-a-robo-de-vehiculos-en-la-zona-metropolitana\/","title":{"rendered":"Fiscal\u00eda de Oaxaca, SEMAR, SSPC del Gobierno Federal y Polic\u00eda Estatal capturan a R.R.P., alias &#8220;El Duck&#8221;, estar\u00eda vinculado a red dedicada a robo de veh\u00edculos en la Zona Metropolitana"},"content":{"rendered":"\n<p class=\"wp-block-paragraph\"><strong>Oaxaca de Ju\u00e1rez, Oax.- <\/strong>En un operativo de coordinaci\u00f3n interinstitucional con SSPC Federal, la Fiscal\u00eda General del Estado de Oaxaca (FGEO) ejecut\u00f3 una orden de aprehensi\u00f3n en contra de R.R.P., alias &#8220;El Duck&#8221;, quien se desempe\u00f1aba como servidor p\u00fablico en el Ayuntamiento de Oaxaca de Ju\u00e1rez, por su probable responsabilidad en la comisi\u00f3n del delito de robo espec\u00edfico.<\/p>\n\n\n\n<p class=\"wp-block-paragraph\">El mandamiento judicial, derivado de la causa penal 0338\/2026, fue cumplimentado de manera conjunta por elementos de la FGEO, en colaboraci\u00f3n estrat\u00e9gica con personal de la Secretar\u00eda de Marina (SEMAR) y de la Secretar\u00eda de Seguridad y Protecci\u00f3n Ciudadana del Gobierno de la Rep\u00fablica (SSPC) junto a la Polic\u00eda Estatal.<\/p>\n\n\n\n<p class=\"wp-block-paragraph\">De acuerdo con las investigaciones ministeriales, el detenido estar\u00eda involucrado con una red delictiva dedicada al robo , alteraci\u00f3n y venta de veh\u00edculos robados que operaba en la Zona Metropolitana de Oaxaca.<\/p>\n\n\n\n<p class=\"wp-block-paragraph\">A partir de los datos de prueba integrados en la carpeta de investigaci\u00f3n, un Juez de Control libr\u00f3 la orden correspondiente, permitiendo que las fuerzas de seguridad estatales y federales pusieran al detenido a disposici\u00f3n de la autoridad judicial para que determine su situaci\u00f3n jur\u00eddica.<\/p>\n\n\n\n<p class=\"wp-block-paragraph\">La Fiscal\u00eda General del Estado de Oaxaca refrenda su compromiso de aplicar la ley con estricto apego a derecho y sin distingos, reiterando el principio de cero impunidad en cualquier conducta il\u00edcita, sin importar que quien la cometa sea un servidor p\u00fablico.<\/p>\n\n\n\n<p class=\"wp-block-paragraph\"><\/p>\n","protected":false},"excerpt":{"rendered":"<p>Oaxaca de Ju\u00e1rez, Oax.- En un operativo de coordinaci\u00f3n interinstitucional con SSPC Federal, la Fiscal\u00eda General del Estado de Oaxaca (FGEO) ejecut\u00f3 una orden de aprehensi\u00f3n en contra de R.R.P., alias &#8220;El Duck&#8221;, quien se desempe\u00f1aba como servidor p\u00fablico en el Ayuntamiento de Oaxaca de Ju\u00e1rez, por su probable responsabilidad en la comisi\u00f3n del delito [&hellip;]<\/p>\n","protected":false},"author":2,"featured_media":81109,"comment_status":"closed","ping_status":"open","sticky":false,"template":"","format":"standard","meta":{"footnotes":""},"categories":[2,20],"tags":[],"class_list":["post-81107","post","type-post","status-publish","format-standard","has-post-thumbnail","hentry","category-oaxaca","category-policiaca"],"yoast_head":"<!-- This site is optimized with the Yoast SEO plugin v28.1 - https:\/\/yoast.com\/product\/yoast-seo-wordpress\/ -->\n<title>Fiscal\u00eda de Oaxaca, SEMAR, SSPC del Gobierno Federal y Polic\u00eda Estatal capturan a R.R.P., alias &quot;El Duck&quot;, estar\u00eda vinculado a red dedicada a robo de veh\u00edculos en la Zona Metropolitana - LA BRAVA RADIO<\/title>\n<meta name=\"robots\" content=\"index, follow, max-snippet:-1, max-image-preview:large, max-video-preview:-1\" \/>\n<link rel=\"canonical\" href=\"https:\/\/www.bbmnoticias.com\/fiscalia-de-oaxaca-semar-sspc-del-gobierno-federal-y-policia-estatal-capturan-a-r-r-p-alias-el-duck-estaria-vinculado-a-red-dedicada-a-robo-de-vehiculos-en-la-zona-metropolitana\/\" \/>\n<meta property=\"og:locale\" content=\"es_MX\" \/>\n<meta property=\"og:type\" content=\"article\" \/>\n<meta property=\"og:title\" content=\"Fiscal\u00eda de Oaxaca, SEMAR, SSPC del Gobierno Federal y Polic\u00eda Estatal capturan a R.R.P., alias &quot;El Duck&quot;, estar\u00eda vinculado a red dedicada a robo de veh\u00edculos en la Zona Metropolitana - LA BRAVA RADIO\" \/>\n<meta property=\"og:description\" content=\"Oaxaca de Ju\u00e1rez, Oax.- En un operativo de coordinaci\u00f3n interinstitucional con SSPC Federal, la Fiscal\u00eda General del Estado de Oaxaca (FGEO) ejecut\u00f3 una orden de aprehensi\u00f3n en contra de R.R.P., alias &#8220;El Duck&#8221;, quien se desempe\u00f1aba como servidor p\u00fablico en el Ayuntamiento de Oaxaca de Ju\u00e1rez, por su probable responsabilidad en la comisi\u00f3n del delito [&hellip;]\" \/>\n<meta property=\"og:url\" content=\"https:\/\/www.bbmnoticias.com\/fiscalia-de-oaxaca-semar-sspc-del-gobierno-federal-y-policia-estatal-capturan-a-r-r-p-alias-el-duck-estaria-vinculado-a-red-dedicada-a-robo-de-vehiculos-en-la-zona-metropolitana\/\" \/>\n<meta property=\"og:site_name\" content=\"LA BRAVA RADIO\" \/>\n<meta property=\"article:published_time\" content=\"2026-08-27T01:23:32+00:00\" \/>\n<meta property=\"article:modified_time\" content=\"2026-08-27T01:23:35+00:00\" \/>\n<meta property=\"og:image\" content=\"https:\/\/www.bbmnoticias.com\/labravaradiofm\/wp-content\/uploads\/sites\/5\/2026\/08\/545454.jpg\" \/>\n\t<meta property=\"og:image:width\" content=\"1080\" \/>\n\t<meta property=\"og:image:height\" content=\"631\" \/>\n\t<meta property=\"og:image:type\" content=\"image\/jpeg\" \/>\n<meta name=\"author\" content=\"Staff\" \/>\n<meta name=\"twitter:card\" content=\"summary_large_image\" \/>\n<meta name=\"twitter:label1\" content=\"Escrito por\" \/>\n\t<meta name=\"twitter:data1\" content=\"Staff\" \/>\n\t<meta name=\"twitter:label2\" content=\"Tiempo de lectura\" \/>\n\t<meta name=\"twitter:data2\" content=\"1 minuto\" \/>\n<script type=\"application\/ld+json\" class=\"yoast-schema-graph\">{\"@context\":\"https:\\\/\\\/schema.org\",\"@graph\":[{\"@type\":\"Article\",\"@id\":\"https:\\\/\\\/www.bbmnoticias.com\\\/fiscalia-de-oaxaca-semar-sspc-del-gobierno-federal-y-policia-estatal-capturan-a-r-r-p-alias-el-duck-estaria-vinculado-a-red-dedicada-a-robo-de-vehiculos-en-la-zona-metropolitana\\\/#article\",\"isPartOf\":{\"@id\":\"https:\\\/\\\/www.bbmnoticias.com\\\/labravaradiofm\\\/2026\\\/08\\\/26\\\/fiscalia-de-oaxaca-semar-sspc-del-gobierno-federal-y-policia-estatal-capturan-a-r-r-p-alias-el-duck-estaria-vinculado-a-red-dedicada-a-robo-de-vehiculos-en-la-zona-metropolitana\\\/\"},\"author\":{\"name\":\"Staff\",\"@id\":\"https:\\\/\\\/www.bbmnoticias.com\\\/labravaradiofm\\\/#\\\/schema\\\/person\\\/9eb037257fc48a09cdf31d9a2f45619f\"},\"headline\":\"Fiscal\u00eda de Oaxaca, SEMAR, SSPC del Gobierno Federal y Polic\u00eda Estatal capturan a R.R.P., alias &#8220;El Duck&#8221;, estar\u00eda vinculado a red dedicada a robo de veh\u00edculos en la Zona Metropolitana\",\"datePublished\":\"2026-08-27T01:23:32+00:00\",\"dateModified\":\"2026-08-27T01:23:35+00:00\",\"mainEntityOfPage\":{\"@id\":\"https:\\\/\\\/www.bbmnoticias.com\\\/labravaradiofm\\\/2026\\\/08\\\/26\\\/fiscalia-de-oaxaca-semar-sspc-del-gobierno-federal-y-policia-estatal-capturan-a-r-r-p-alias-el-duck-estaria-vinculado-a-red-dedicada-a-robo-de-vehiculos-en-la-zona-metropolitana\\\/\"},\"wordCount\":290,\"image\":{\"@id\":\"https:\\\/\\\/www.bbmnoticias.com\\\/fiscalia-de-oaxaca-semar-sspc-del-gobierno-federal-y-policia-estatal-capturan-a-r-r-p-alias-el-duck-estaria-vinculado-a-red-dedicada-a-robo-de-vehiculos-en-la-zona-metropolitana\\\/#primaryimage\"},\"thumbnailUrl\":\"https:\\\/\\\/www.bbmnoticias.com\\\/labravaradiofm\\\/wp-content\\\/uploads\\\/sites\\\/5\\\/2026\\\/08\\\/545454.jpg\",\"articleSection\":[\"LOCAL\",\"POLICIACA\"],\"inLanguage\":\"es\"},{\"@type\":\"WebPage\",\"@id\":\"https:\\\/\\\/www.bbmnoticias.com\\\/labravaradiofm\\\/2026\\\/08\\\/26\\\/fiscalia-de-oaxaca-semar-sspc-del-gobierno-federal-y-policia-estatal-capturan-a-r-r-p-alias-el-duck-estaria-vinculado-a-red-dedicada-a-robo-de-vehiculos-en-la-zona-metropolitana\\\/\",\"url\":\"https:\\\/\\\/www.bbmnoticias.com\\\/fiscalia-de-oaxaca-semar-sspc-del-gobierno-federal-y-policia-estatal-capturan-a-r-r-p-alias-el-duck-estaria-vinculado-a-red-dedicada-a-robo-de-vehiculos-en-la-zona-metropolitana\\\/\",\"name\":\"Fiscal\u00eda de Oaxaca, SEMAR, SSPC del Gobierno Federal y Polic\u00eda Estatal capturan a R.R.P., alias \\\"El Duck\\\", estar\u00eda vinculado a red dedicada a robo de veh\u00edculos en la Zona Metropolitana - LA BRAVA RADIO\",\"isPartOf\":{\"@id\":\"https:\\\/\\\/www.bbmnoticias.com\\\/labravaradiofm\\\/#website\"},\"primaryImageOfPage\":{\"@id\":\"https:\\\/\\\/www.bbmnoticias.com\\\/fiscalia-de-oaxaca-semar-sspc-del-gobierno-federal-y-policia-estatal-capturan-a-r-r-p-alias-el-duck-estaria-vinculado-a-red-dedicada-a-robo-de-vehiculos-en-la-zona-metropolitana\\\/#primaryimage\"},\"image\":{\"@id\":\"https:\\\/\\\/www.bbmnoticias.com\\\/fiscalia-de-oaxaca-semar-sspc-del-gobierno-federal-y-policia-estatal-capturan-a-r-r-p-alias-el-duck-estaria-vinculado-a-red-dedicada-a-robo-de-vehiculos-en-la-zona-metropolitana\\\/#primaryimage\"},\"thumbnailUrl\":\"https:\\\/\\\/www.bbmnoticias.com\\\/labravaradiofm\\\/wp-content\\\/uploads\\\/sites\\\/5\\\/2026\\\/08\\\/545454.jpg\",\"datePublished\":\"2026-08-27T01:23:32+00:00\",\"dateModified\":\"2026-08-27T01:23:35+00:00\",\"author\":{\"@id\":\"https:\\\/\\\/www.bbmnoticias.com\\\/labravaradiofm\\\/#\\\/schema\\\/person\\\/9eb037257fc48a09cdf31d9a2f45619f\"},\"breadcrumb\":{\"@id\":\"https:\\\/\\\/www.bbmnoticias.com\\\/fiscalia-de-oaxaca-semar-sspc-del-gobierno-federal-y-policia-estatal-capturan-a-r-r-p-alias-el-duck-estaria-vinculado-a-red-dedicada-a-robo-de-vehiculos-en-la-zona-metropolitana\\\/#breadcrumb\"},\"inLanguage\":\"es\",\"potentialAction\":[{\"@type\":\"ReadAction\",\"target\":[\"https:\\\/\\\/www.bbmnoticias.com\\\/fiscalia-de-oaxaca-semar-sspc-del-gobierno-federal-y-policia-estatal-capturan-a-r-r-p-alias-el-duck-estaria-vinculado-a-red-dedicada-a-robo-de-vehiculos-en-la-zona-metropolitana\\\/\"]}]},{\"@type\":\"ImageObject\",\"inLanguage\":\"es\",\"@id\":\"https:\\\/\\\/www.bbmnoticias.com\\\/fiscalia-de-oaxaca-semar-sspc-del-gobierno-federal-y-policia-estatal-capturan-a-r-r-p-alias-el-duck-estaria-vinculado-a-red-dedicada-a-robo-de-vehiculos-en-la-zona-metropolitana\\\/#primaryimage\",\"url\":\"https:\\\/\\\/www.bbmnoticias.com\\\/labravaradiofm\\\/wp-content\\\/uploads\\\/sites\\\/5\\\/2026\\\/08\\\/545454.jpg\",\"contentUrl\":\"https:\\\/\\\/www.bbmnoticias.com\\\/labravaradiofm\\\/wp-content\\\/uploads\\\/sites\\\/5\\\/2026\\\/08\\\/545454.jpg\",\"width\":1080,\"height\":631},{\"@type\":\"BreadcrumbList\",\"@id\":\"https:\\\/\\\/www.bbmnoticias.com\\\/fiscalia-de-oaxaca-semar-sspc-del-gobierno-federal-y-policia-estatal-capturan-a-r-r-p-alias-el-duck-estaria-vinculado-a-red-dedicada-a-robo-de-vehiculos-en-la-zona-metropolitana\\\/#breadcrumb\",\"itemListElement\":[{\"@type\":\"ListItem\",\"position\":1,\"name\":\"Inicio\",\"item\":\"https:\\\/\\\/www.bbmnoticias.com\\\/labravaradiofm\\\/\"},{\"@type\":\"ListItem\",\"position\":2,\"name\":\"Fiscal\u00eda de Oaxaca, SEMAR, SSPC del Gobierno Federal y Polic\u00eda Estatal capturan a R.R.P., alias &#8220;El Duck&#8221;, estar\u00eda vinculado a red dedicada a robo de veh\u00edculos en la Zona Metropolitana\"}]},{\"@type\":\"WebSite\",\"@id\":\"https:\\\/\\\/www.bbmnoticias.com\\\/labravaradiofm\\\/#website\",\"url\":\"https:\\\/\\\/www.bbmnoticias.com\\\/labravaradiofm\\\/\",\"name\":\"LA BRAVA RADIO\",\"description\":\"Empresa productora de medios, Radiodifusi\u00f3n, Noticias, tendencias y todo lo que necesitas saber de la pol\u00edtica mexicana e internacional; entretenimiento, espect\u00e1culos, salud y mucho m\u00e1s.\",\"potentialAction\":[{\"@type\":\"SearchAction\",\"target\":{\"@type\":\"EntryPoint\",\"urlTemplate\":\"https:\\\/\\\/www.bbmnoticias.com\\\/labravaradiofm\\\/?s={search_term_string}\"},\"query-input\":{\"@type\":\"PropertyValueSpecification\",\"valueRequired\":true,\"valueName\":\"search_term_string\"}}],\"inLanguage\":\"es\"},{\"@type\":\"Person\",\"@id\":\"https:\\\/\\\/www.bbmnoticias.com\\\/labravaradiofm\\\/#\\\/schema\\\/person\\\/9eb037257fc48a09cdf31d9a2f45619f\",\"name\":\"Staff\",\"image\":{\"@type\":\"ImageObject\",\"inLanguage\":\"es\",\"@id\":\"https:\\\/\\\/secure.gravatar.com\\\/avatar\\\/fdd21ad66fd8b98c407f9dee5b5e588cfe7f0d8579ec20fa6527cd59bab7f0f0?s=96&d=mm&r=g\",\"url\":\"https:\\\/\\\/secure.gravatar.com\\\/avatar\\\/fdd21ad66fd8b98c407f9dee5b5e588cfe7f0d8579ec20fa6527cd59bab7f0f0?s=96&d=mm&r=g\",\"contentUrl\":\"https:\\\/\\\/secure.gravatar.com\\\/avatar\\\/fdd21ad66fd8b98c407f9dee5b5e588cfe7f0d8579ec20fa6527cd59bab7f0f0?s=96&d=mm&r=g\",\"caption\":\"Staff\"},\"url\":\"https:\\\/\\\/www.bbmnoticias.com\\\/labravaradiofm\\\/author\\\/redaccion\\\/\"}]}<\/script>\n<!-- \/ Yoast SEO plugin. -->","yoast_head_json":{"title":"Fiscal\u00eda de Oaxaca, SEMAR, SSPC del Gobierno Federal y Polic\u00eda Estatal capturan a R.R.P., alias \"El Duck\", estar\u00eda vinculado a red dedicada a robo de veh\u00edculos en la Zona Metropolitana - LA BRAVA RADIO","robots":{"index":"index","follow":"follow","max-snippet":"max-snippet:-1","max-image-preview":"max-image-preview:large","max-video-preview":"max-video-preview:-1"},"canonical":"https:\/\/www.bbmnoticias.com\/fiscalia-de-oaxaca-semar-sspc-del-gobierno-federal-y-policia-estatal-capturan-a-r-r-p-alias-el-duck-estaria-vinculado-a-red-dedicada-a-robo-de-vehiculos-en-la-zona-metropolitana\/","og_locale":"es_MX","og_type":"article","og_title":"Fiscal\u00eda de Oaxaca, SEMAR, SSPC del Gobierno Federal y Polic\u00eda Estatal capturan a R.R.P., alias \"El Duck\", estar\u00eda vinculado a red dedicada a robo de veh\u00edculos en la Zona Metropolitana - LA BRAVA RADIO","og_description":"Oaxaca de Ju\u00e1rez, Oax.- En un operativo de coordinaci\u00f3n interinstitucional con SSPC Federal, la Fiscal\u00eda General del Estado de Oaxaca (FGEO) ejecut\u00f3 una orden de aprehensi\u00f3n en contra de R.R.P., alias &#8220;El Duck&#8221;, quien se desempe\u00f1aba como servidor p\u00fablico en el Ayuntamiento de Oaxaca de Ju\u00e1rez, por su probable responsabilidad en la comisi\u00f3n del delito [&hellip;]","og_url":"https:\/\/www.bbmnoticias.com\/fiscalia-de-oaxaca-semar-sspc-del-gobierno-federal-y-policia-estatal-capturan-a-r-r-p-alias-el-duck-estaria-vinculado-a-red-dedicada-a-robo-de-vehiculos-en-la-zona-metropolitana\/","og_site_name":"LA BRAVA RADIO","article_published_time":"2026-08-27T01:23:32+00:00","article_modified_time":"2026-08-27T01:23:35+00:00","og_image":[{"width":1080,"height":631,"url":"https:\/\/www.bbmnoticias.com\/labravaradiofm\/wp-content\/uploads\/sites\/5\/2026\/08\/545454.jpg","type":"image\/jpeg"}],"author":"Staff","twitter_card":"summary_large_image","twitter_misc":{"Escrito por":"Staff","Tiempo de lectura":"1 minuto"},"schema":{"@context":"https:\/\/schema.org","@graph":[{"@type":"Article","@id":"https:\/\/www.bbmnoticias.com\/fiscalia-de-oaxaca-semar-sspc-del-gobierno-federal-y-policia-estatal-capturan-a-r-r-p-alias-el-duck-estaria-vinculado-a-red-dedicada-a-robo-de-vehiculos-en-la-zona-metropolitana\/#article","isPartOf":{"@id":"https:\/\/www.bbmnoticias.com\/labravaradiofm\/2026\/08\/26\/fiscalia-de-oaxaca-semar-sspc-del-gobierno-federal-y-policia-estatal-capturan-a-r-r-p-alias-el-duck-estaria-vinculado-a-red-dedicada-a-robo-de-vehiculos-en-la-zona-metropolitana\/"},"author":{"name":"Staff","@id":"https:\/\/www.bbmnoticias.com\/labravaradiofm\/#\/schema\/person\/9eb037257fc48a09cdf31d9a2f45619f"},"headline":"Fiscal\u00eda de Oaxaca, SEMAR, SSPC del Gobierno Federal y Polic\u00eda Estatal capturan a R.R.P., alias &#8220;El Duck&#8221;, estar\u00eda vinculado a red dedicada a robo de veh\u00edculos en la Zona Metropolitana","datePublished":"2026-08-27T01:23:32+00:00","dateModified":"2026-08-27T01:23:35+00:00","mainEntityOfPage":{"@id":"https:\/\/www.bbmnoticias.com\/labravaradiofm\/2026\/08\/26\/fiscalia-de-oaxaca-semar-sspc-del-gobierno-federal-y-policia-estatal-capturan-a-r-r-p-alias-el-duck-estaria-vinculado-a-red-dedicada-a-robo-de-vehiculos-en-la-zona-metropolitana\/"},"wordCount":290,"image":{"@id":"https:\/\/www.bbmnoticias.com\/fiscalia-de-oaxaca-semar-sspc-del-gobierno-federal-y-policia-estatal-capturan-a-r-r-p-alias-el-duck-estaria-vinculado-a-red-dedicada-a-robo-de-vehiculos-en-la-zona-metropolitana\/#primaryimage"},"thumbnailUrl":"https:\/\/www.bbmnoticias.com\/labravaradiofm\/wp-content\/uploads\/sites\/5\/2026\/08\/545454.jpg","articleSection":["LOCAL","POLICIACA"],"inLanguage":"es"},{"@type":"WebPage","@id":"https:\/\/www.bbmnoticias.com\/labravaradiofm\/2026\/08\/26\/fiscalia-de-oaxaca-semar-sspc-del-gobierno-federal-y-policia-estatal-capturan-a-r-r-p-alias-el-duck-estaria-vinculado-a-red-dedicada-a-robo-de-vehiculos-en-la-zona-metropolitana\/","url":"https:\/\/www.bbmnoticias.com\/fiscalia-de-oaxaca-semar-sspc-del-gobierno-federal-y-policia-estatal-capturan-a-r-r-p-alias-el-duck-estaria-vinculado-a-red-dedicada-a-robo-de-vehiculos-en-la-zona-metropolitana\/","name":"Fiscal\u00eda de Oaxaca, SEMAR, SSPC del Gobierno Federal y Polic\u00eda Estatal capturan a R.R.P., alias \"El Duck\", estar\u00eda vinculado a red dedicada a robo de veh\u00edculos en la Zona Metropolitana - LA BRAVA RADIO","isPartOf":{"@id":"https:\/\/www.bbmnoticias.com\/labravaradiofm\/#website"},"primaryImageOfPage":{"@id":"https:\/\/www.bbmnoticias.com\/fiscalia-de-oaxaca-semar-sspc-del-gobierno-federal-y-policia-estatal-capturan-a-r-r-p-alias-el-duck-estaria-vinculado-a-red-dedicada-a-robo-de-vehiculos-en-la-zona-metropolitana\/#primaryimage"},"image":{"@id":"https:\/\/www.bbmnoticias.com\/fiscalia-de-oaxaca-semar-sspc-del-gobierno-federal-y-policia-estatal-capturan-a-r-r-p-alias-el-duck-estaria-vinculado-a-red-dedicada-a-robo-de-vehiculos-en-la-zona-metropolitana\/#primaryimage"},"thumbnailUrl":"https:\/\/www.bbmnoticias.com\/labravaradiofm\/wp-content\/uploads\/sites\/5\/2026\/08\/545454.jpg","datePublished":"2026-08-27T01:23:32+00:00","dateModified":"2026-08-27T01:23:35+00:00","author":{"@id":"https:\/\/www.bbmnoticias.com\/labravaradiofm\/#\/schema\/person\/9eb037257fc48a09cdf31d9a2f45619f"},"breadcrumb":{"@id":"https:\/\/www.bbmnoticias.com\/fiscalia-de-oaxaca-semar-sspc-del-gobierno-federal-y-policia-estatal-capturan-a-r-r-p-alias-el-duck-estaria-vinculado-a-red-dedicada-a-robo-de-vehiculos-en-la-zona-metropolitana\/#breadcrumb"},"inLanguage":"es","potentialAction":[{"@type":"ReadAction","target":["https:\/\/www.bbmnoticias.com\/fiscalia-de-oaxaca-semar-sspc-del-gobierno-federal-y-policia-estatal-capturan-a-r-r-p-alias-el-duck-estaria-vinculado-a-red-dedicada-a-robo-de-vehiculos-en-la-zona-metropolitana\/"]}]},{"@type":"ImageObject","inLanguage":"es","@id":"https:\/\/www.bbmnoticias.com\/fiscalia-de-oaxaca-semar-sspc-del-gobierno-federal-y-policia-estatal-capturan-a-r-r-p-alias-el-duck-estaria-vinculado-a-red-dedicada-a-robo-de-vehiculos-en-la-zona-metropolitana\/#primaryimage","url":"https:\/\/www.bbmnoticias.com\/labravaradiofm\/wp-content\/uploads\/sites\/5\/2026\/08\/545454.jpg","contentUrl":"https:\/\/www.bbmnoticias.com\/labravaradiofm\/wp-content\/uploads\/sites\/5\/2026\/08\/545454.jpg","width":1080,"height":631},{"@type":"BreadcrumbList","@id":"https:\/\/www.bbmnoticias.com\/fiscalia-de-oaxaca-semar-sspc-del-gobierno-federal-y-policia-estatal-capturan-a-r-r-p-alias-el-duck-estaria-vinculado-a-red-dedicada-a-robo-de-vehiculos-en-la-zona-metropolitana\/#breadcrumb","itemListElement":[{"@type":"ListItem","position":1,"name":"Inicio","item":"https:\/\/www.bbmnoticias.com\/labravaradiofm\/"},{"@type":"ListItem","position":2,"name":"Fiscal\u00eda de Oaxaca, SEMAR, SSPC del Gobierno Federal y Polic\u00eda Estatal capturan a R.R.P., alias &#8220;El Duck&#8221;, estar\u00eda vinculado a red dedicada a robo de veh\u00edculos en la Zona Metropolitana"}]},{"@type":"WebSite","@id":"https:\/\/www.bbmnoticias.com\/labravaradiofm\/#website","url":"https:\/\/www.bbmnoticias.com\/labravaradiofm\/","name":"LA BRAVA RADIO","description":"Empresa productora de medios, Radiodifusi\u00f3n, Noticias, tendencias y todo lo que necesitas saber de la pol\u00edtica mexicana e internacional; entretenimiento, espect\u00e1culos, salud y mucho m\u00e1s.","potentialAction":[{"@type":"SearchAction","target":{"@type":"EntryPoint","urlTemplate":"https:\/\/www.bbmnoticias.com\/labravaradiofm\/?s={search_term_string}"},"query-input":{"@type":"PropertyValueSpecification","valueRequired":true,"valueName":"search_term_string"}}],"inLanguage":"es"},{"@type":"Person","@id":"https:\/\/www.bbmnoticias.com\/labravaradiofm\/#\/schema\/person\/9eb037257fc48a09cdf31d9a2f45619f","name":"Staff","image":{"@type":"ImageObject","inLanguage":"es","@id":"https:\/\/secure.gravatar.com\/avatar\/fdd21ad66fd8b98c407f9dee5b5e588cfe7f0d8579ec20fa6527cd59bab7f0f0?s=96&d=mm&r=g","url":"https:\/\/secure.gravatar.com\/avatar\/fdd21ad66fd8b98c407f9dee5b5e588cfe7f0d8579ec20fa6527cd59bab7f0f0?s=96&d=mm&r=g","contentUrl":"https:\/\/secure.gravatar.com\/avatar\/fdd21ad66fd8b98c407f9dee5b5e588cfe7f0d8579ec20fa6527cd59bab7f0f0?s=96&d=mm&r=g","caption":"Staff"},"url":"https:\/\/www.bbmnoticias.com\/labravaradiofm\/author\/redaccion\/"}]}},"_links":{"self":[{"href":"https:\/\/www.bbmnoticias.com\/labravaradiofm\/wp-json\/wp\/v2\/posts\/81107","targetHints":{"allow":["GET"]}}],"collection":[{"href":"https:\/\/www.bbmnoticias.com\/labravaradiofm\/wp-json\/wp\/v2\/posts"}],"about":[{"href":"https:\/\/www.bbmnoticias.com\/labravaradiofm\/wp-json\/wp\/v2\/types\/post"}],"author":[{"embeddable":true,"href":"https:\/\/www.bbmnoticias.com\/labravaradiofm\/wp-json\/wp\/v2\/users\/2"}],"replies":[{"embeddable":true,"href":"https:\/\/www.bbmnoticias.com\/labravaradiofm\/wp-json\/wp\/v2\/comments?post=81107"}],"version-history":[{"count":1,"href":"https:\/\/www.bbmnoticias.com\/labravaradiofm\/wp-json\/wp\/v2\/posts\/81107\/revisions"}],"predecessor-version":[{"id":81108,"href":"https:\/\/www.bbmnoticias.com\/labravaradiofm\/wp-json\/wp\/v2\/posts\/81107\/revisions\/81108"}],"wp:featuredmedia":[{"embeddable":true,"href":"https:\/\/www.bbmnoticias.com\/labravaradiofm\/wp-json\/wp\/v2\/media\/81109"}],"wp:attachment":[{"href":"https:\/\/www.bbmnoticias.com\/labravaradiofm\/wp-json\/wp\/v2\/media?parent=81107"}],"wp:term":[{"taxonomy":"category","embeddable":true,"href":"https:\/\/www.bbmnoticias.com\/labravaradiofm\/wp-json\/wp\/v2\/categories?post=81107"},{"taxonomy":"post_tag","embeddable":true,"href":"https:\/\/www.bbmnoticias.com\/labravaradiofm\/wp-json\/wp\/v2\/tags?post=81107"}],"curies":[{"name":"wp","href":"https:\/\/api.w.org\/{rel}","templated":true}]}}