{"id":81089,"date":"2026-08-26T13:33:10","date_gmt":"2026-08-26T19:33:10","guid":{"rendered":"https:\/\/www.bbmnoticias.com\/labravaradiofm\/2026\/08\/26\/fgeo-aprehende-a-hombre-por-su-probable-responsabilidad-en-delito-sexual-contra-una-nina-en-la-cuenca\/"},"modified":"2026-08-26T13:33:13","modified_gmt":"2026-08-26T19:33:13","slug":"fgeo-aprehende-a-hombre-por-su-probable-responsabilidad-en-delito-sexual-contra-una-nina-en-la-cuenca","status":"publish","type":"post","link":"https:\/\/www.bbmnoticias.com\/labravaradiofm\/2026\/08\/26\/fgeo-aprehende-a-hombre-por-su-probable-responsabilidad-en-delito-sexual-contra-una-nina-en-la-cuenca\/","title":{"rendered":"FGEO aprehende a hombre por su probable responsabilidad en delito sexual contra una ni\u00f1a en la Cuenca"},"content":{"rendered":"\n<p class=\"wp-block-paragraph\"><strong>Oaxaca de Ju\u00e1rez, Oax.- <\/strong>La Fiscal\u00eda General del Estado de Oaxaca (FGEO) dio cumplimiento a una orden de aprehensi\u00f3n en contra de una persona del sexo masculino identificado como F.E.P., por su probable responsabilidad en el delito de equiparado a la violaci\u00f3n, cometido en agravio de una menor de edad, en hechos ocurridos en la regi\u00f3n de la Cuenca.<\/p>\n\n\n\n<p class=\"wp-block-paragraph\">De acuerdo con la investigaci\u00f3n ministerial, el 17 de marzo de 2012, la v\u00edctima, que en la \u00e9poca de los hechos contaba con 10 a\u00f1os de edad, se dirig\u00eda a su domicilio despu\u00e9s de salir de la Escuela Primaria, donde cursaba el cuarto grado, cuando fue interceptada por una persona, quien la habr\u00eda conducido hasta una vivienda abandonada, donde ocurri\u00f3 la agresi\u00f3n sexual.<\/p>\n\n\n\n<p class=\"wp-block-paragraph\">Posteriormente, de acuerdo con la informaci\u00f3n integrada en la averiguaci\u00f3n previa, la v\u00edctima sufri\u00f3 intimidaci\u00f3n para evitar que informara lo ocurrido a sus familiares mediante ofrecimientos de dinero.<\/p>\n\n\n\n<p class=\"wp-block-paragraph\">Tras las investigaciones correspondientes efectuadas por la Vicefiscal\u00eda Regional de la Cuenca, se inici\u00f3 el procedimiento penal y fue librada la orden de aprehensi\u00f3n.<\/p>\n\n\n\n<p class=\"wp-block-paragraph\">Como resultado de las acciones de investigaci\u00f3n para dar cumplimiento al mandamiento judicial, agentes estatales de investigaci\u00f3n iniciaron la b\u00fasqueda hasta que lograron dar con el paradero del probable responsable.<\/p>\n\n\n\n<p class=\"wp-block-paragraph\">Una vez ubicado, agentes ministeriales ejecutaron la orden de captura cuando F.E.P., se encontraba en jurisdicci\u00f3n del municipio de Santiago Jocotepec, distrito de Cho\u00e1pam.<\/p>\n\n\n\n<p class=\"wp-block-paragraph\">El detenido qued\u00f3 a disposici\u00f3n de la autoridad judicial correspondiente para continuar con el proceso establecido por la ley.<\/p>\n\n\n\n<p class=\"wp-block-paragraph\"><\/p>\n","protected":false},"excerpt":{"rendered":"<p>Oaxaca de Ju\u00e1rez, Oax.- La Fiscal\u00eda General del Estado de Oaxaca (FGEO) dio cumplimiento a una orden de aprehensi\u00f3n en contra de una persona del sexo masculino identificado como F.E.P., por su probable responsabilidad en el delito de equiparado a la violaci\u00f3n, cometido en agravio de una menor de edad, en hechos ocurridos en la [&hellip;]<\/p>\n","protected":false},"author":2,"featured_media":81091,"comment_status":"closed","ping_status":"open","sticky":false,"template":"","format":"standard","meta":{"footnotes":""},"categories":[2,20],"tags":[],"class_list":["post-81089","post","type-post","status-publish","format-standard","has-post-thumbnail","hentry","category-oaxaca","category-policiaca"],"yoast_head":"<!-- This site is optimized with the Yoast SEO plugin v28.1 - https:\/\/yoast.com\/product\/yoast-seo-wordpress\/ -->\n<title>FGEO aprehende a hombre por su probable responsabilidad en delito sexual contra una ni\u00f1a en la Cuenca - LA BRAVA RADIO<\/title>\n<meta name=\"robots\" content=\"index, follow, max-snippet:-1, max-image-preview:large, max-video-preview:-1\" \/>\n<link rel=\"canonical\" href=\"https:\/\/www.bbmnoticias.com\/fgeo-aprehende-a-hombre-por-su-probable-responsabilidad-en-delito-sexual-contra-una-nina-en-la-cuenca\/\" \/>\n<meta property=\"og:locale\" content=\"es_MX\" \/>\n<meta property=\"og:type\" content=\"article\" \/>\n<meta property=\"og:title\" content=\"FGEO aprehende a hombre por su probable responsabilidad en delito sexual contra una ni\u00f1a en la Cuenca - LA BRAVA RADIO\" \/>\n<meta property=\"og:description\" content=\"Oaxaca de Ju\u00e1rez, Oax.- La Fiscal\u00eda General del Estado de Oaxaca (FGEO) dio cumplimiento a una orden de aprehensi\u00f3n en contra de una persona del sexo masculino identificado como F.E.P., por su probable responsabilidad en el delito de equiparado a la violaci\u00f3n, cometido en agravio de una menor de edad, en hechos ocurridos en la [&hellip;]\" \/>\n<meta property=\"og:url\" content=\"https:\/\/www.bbmnoticias.com\/fgeo-aprehende-a-hombre-por-su-probable-responsabilidad-en-delito-sexual-contra-una-nina-en-la-cuenca\/\" \/>\n<meta property=\"og:site_name\" content=\"LA BRAVA RADIO\" \/>\n<meta property=\"article:published_time\" content=\"2026-08-26T19:33:10+00:00\" \/>\n<meta property=\"article:modified_time\" content=\"2026-08-26T19:33:13+00:00\" \/>\n<meta property=\"og:image\" content=\"https:\/\/www.bbmnoticias.com\/labravaradiofm\/wp-content\/uploads\/sites\/5\/2026\/08\/presunto_agresor-11.jpg\" \/>\n\t<meta property=\"og:image:width\" content=\"800\" \/>\n\t<meta property=\"og:image:height\" content=\"496\" \/>\n\t<meta property=\"og:image:type\" content=\"image\/jpeg\" \/>\n<meta name=\"author\" content=\"Staff\" \/>\n<meta name=\"twitter:card\" content=\"summary_large_image\" \/>\n<meta name=\"twitter:label1\" content=\"Escrito por\" \/>\n\t<meta name=\"twitter:data1\" content=\"Staff\" \/>\n\t<meta name=\"twitter:label2\" content=\"Tiempo de lectura\" \/>\n\t<meta name=\"twitter:data2\" content=\"1 minuto\" \/>\n<script type=\"application\/ld+json\" class=\"yoast-schema-graph\">{\"@context\":\"https:\\\/\\\/schema.org\",\"@graph\":[{\"@type\":\"Article\",\"@id\":\"https:\\\/\\\/www.bbmnoticias.com\\\/fgeo-aprehende-a-hombre-por-su-probable-responsabilidad-en-delito-sexual-contra-una-nina-en-la-cuenca\\\/#article\",\"isPartOf\":{\"@id\":\"https:\\\/\\\/www.bbmnoticias.com\\\/labravaradiofm\\\/2026\\\/08\\\/26\\\/fgeo-aprehende-a-hombre-por-su-probable-responsabilidad-en-delito-sexual-contra-una-nina-en-la-cuenca\\\/\"},\"author\":{\"name\":\"Staff\",\"@id\":\"https:\\\/\\\/www.bbmnoticias.com\\\/labravaradiofm\\\/#\\\/schema\\\/person\\\/9eb037257fc48a09cdf31d9a2f45619f\"},\"headline\":\"FGEO aprehende a hombre por su probable responsabilidad en delito sexual contra una ni\u00f1a en la Cuenca\",\"datePublished\":\"2026-08-26T19:33:10+00:00\",\"dateModified\":\"2026-08-26T19:33:13+00:00\",\"mainEntityOfPage\":{\"@id\":\"https:\\\/\\\/www.bbmnoticias.com\\\/labravaradiofm\\\/2026\\\/08\\\/26\\\/fgeo-aprehende-a-hombre-por-su-probable-responsabilidad-en-delito-sexual-contra-una-nina-en-la-cuenca\\\/\"},\"wordCount\":291,\"image\":{\"@id\":\"https:\\\/\\\/www.bbmnoticias.com\\\/fgeo-aprehende-a-hombre-por-su-probable-responsabilidad-en-delito-sexual-contra-una-nina-en-la-cuenca\\\/#primaryimage\"},\"thumbnailUrl\":\"https:\\\/\\\/www.bbmnoticias.com\\\/labravaradiofm\\\/wp-content\\\/uploads\\\/sites\\\/5\\\/2026\\\/08\\\/presunto_agresor-11.jpg\",\"articleSection\":[\"LOCAL\",\"POLICIACA\"],\"inLanguage\":\"es\"},{\"@type\":\"WebPage\",\"@id\":\"https:\\\/\\\/www.bbmnoticias.com\\\/labravaradiofm\\\/2026\\\/08\\\/26\\\/fgeo-aprehende-a-hombre-por-su-probable-responsabilidad-en-delito-sexual-contra-una-nina-en-la-cuenca\\\/\",\"url\":\"https:\\\/\\\/www.bbmnoticias.com\\\/fgeo-aprehende-a-hombre-por-su-probable-responsabilidad-en-delito-sexual-contra-una-nina-en-la-cuenca\\\/\",\"name\":\"FGEO aprehende a hombre por su probable responsabilidad en delito sexual contra una ni\u00f1a en la Cuenca - LA BRAVA RADIO\",\"isPartOf\":{\"@id\":\"https:\\\/\\\/www.bbmnoticias.com\\\/labravaradiofm\\\/#website\"},\"primaryImageOfPage\":{\"@id\":\"https:\\\/\\\/www.bbmnoticias.com\\\/fgeo-aprehende-a-hombre-por-su-probable-responsabilidad-en-delito-sexual-contra-una-nina-en-la-cuenca\\\/#primaryimage\"},\"image\":{\"@id\":\"https:\\\/\\\/www.bbmnoticias.com\\\/fgeo-aprehende-a-hombre-por-su-probable-responsabilidad-en-delito-sexual-contra-una-nina-en-la-cuenca\\\/#primaryimage\"},\"thumbnailUrl\":\"https:\\\/\\\/www.bbmnoticias.com\\\/labravaradiofm\\\/wp-content\\\/uploads\\\/sites\\\/5\\\/2026\\\/08\\\/presunto_agresor-11.jpg\",\"datePublished\":\"2026-08-26T19:33:10+00:00\",\"dateModified\":\"2026-08-26T19:33:13+00:00\",\"author\":{\"@id\":\"https:\\\/\\\/www.bbmnoticias.com\\\/labravaradiofm\\\/#\\\/schema\\\/person\\\/9eb037257fc48a09cdf31d9a2f45619f\"},\"breadcrumb\":{\"@id\":\"https:\\\/\\\/www.bbmnoticias.com\\\/fgeo-aprehende-a-hombre-por-su-probable-responsabilidad-en-delito-sexual-contra-una-nina-en-la-cuenca\\\/#breadcrumb\"},\"inLanguage\":\"es\",\"potentialAction\":[{\"@type\":\"ReadAction\",\"target\":[\"https:\\\/\\\/www.bbmnoticias.com\\\/fgeo-aprehende-a-hombre-por-su-probable-responsabilidad-en-delito-sexual-contra-una-nina-en-la-cuenca\\\/\"]}]},{\"@type\":\"ImageObject\",\"inLanguage\":\"es\",\"@id\":\"https:\\\/\\\/www.bbmnoticias.com\\\/fgeo-aprehende-a-hombre-por-su-probable-responsabilidad-en-delito-sexual-contra-una-nina-en-la-cuenca\\\/#primaryimage\",\"url\":\"https:\\\/\\\/www.bbmnoticias.com\\\/labravaradiofm\\\/wp-content\\\/uploads\\\/sites\\\/5\\\/2026\\\/08\\\/presunto_agresor-11.jpg\",\"contentUrl\":\"https:\\\/\\\/www.bbmnoticias.com\\\/labravaradiofm\\\/wp-content\\\/uploads\\\/sites\\\/5\\\/2026\\\/08\\\/presunto_agresor-11.jpg\",\"width\":800,\"height\":496},{\"@type\":\"BreadcrumbList\",\"@id\":\"https:\\\/\\\/www.bbmnoticias.com\\\/fgeo-aprehende-a-hombre-por-su-probable-responsabilidad-en-delito-sexual-contra-una-nina-en-la-cuenca\\\/#breadcrumb\",\"itemListElement\":[{\"@type\":\"ListItem\",\"position\":1,\"name\":\"Inicio\",\"item\":\"https:\\\/\\\/www.bbmnoticias.com\\\/labravaradiofm\\\/\"},{\"@type\":\"ListItem\",\"position\":2,\"name\":\"FGEO aprehende a hombre por su probable responsabilidad en delito sexual contra una ni\u00f1a en la Cuenca\"}]},{\"@type\":\"WebSite\",\"@id\":\"https:\\\/\\\/www.bbmnoticias.com\\\/labravaradiofm\\\/#website\",\"url\":\"https:\\\/\\\/www.bbmnoticias.com\\\/labravaradiofm\\\/\",\"name\":\"LA BRAVA RADIO\",\"description\":\"Empresa productora de medios, Radiodifusi\u00f3n, Noticias, tendencias y todo lo que necesitas saber de la pol\u00edtica mexicana e internacional; entretenimiento, espect\u00e1culos, salud y mucho m\u00e1s.\",\"potentialAction\":[{\"@type\":\"SearchAction\",\"target\":{\"@type\":\"EntryPoint\",\"urlTemplate\":\"https:\\\/\\\/www.bbmnoticias.com\\\/labravaradiofm\\\/?s={search_term_string}\"},\"query-input\":{\"@type\":\"PropertyValueSpecification\",\"valueRequired\":true,\"valueName\":\"search_term_string\"}}],\"inLanguage\":\"es\"},{\"@type\":\"Person\",\"@id\":\"https:\\\/\\\/www.bbmnoticias.com\\\/labravaradiofm\\\/#\\\/schema\\\/person\\\/9eb037257fc48a09cdf31d9a2f45619f\",\"name\":\"Staff\",\"image\":{\"@type\":\"ImageObject\",\"inLanguage\":\"es\",\"@id\":\"https:\\\/\\\/secure.gravatar.com\\\/avatar\\\/fdd21ad66fd8b98c407f9dee5b5e588cfe7f0d8579ec20fa6527cd59bab7f0f0?s=96&d=mm&r=g\",\"url\":\"https:\\\/\\\/secure.gravatar.com\\\/avatar\\\/fdd21ad66fd8b98c407f9dee5b5e588cfe7f0d8579ec20fa6527cd59bab7f0f0?s=96&d=mm&r=g\",\"contentUrl\":\"https:\\\/\\\/secure.gravatar.com\\\/avatar\\\/fdd21ad66fd8b98c407f9dee5b5e588cfe7f0d8579ec20fa6527cd59bab7f0f0?s=96&d=mm&r=g\",\"caption\":\"Staff\"},\"url\":\"https:\\\/\\\/www.bbmnoticias.com\\\/labravaradiofm\\\/author\\\/redaccion\\\/\"}]}<\/script>\n<!-- \/ Yoast SEO plugin. -->","yoast_head_json":{"title":"FGEO aprehende a hombre por su probable responsabilidad en delito sexual contra una ni\u00f1a en la Cuenca - LA BRAVA RADIO","robots":{"index":"index","follow":"follow","max-snippet":"max-snippet:-1","max-image-preview":"max-image-preview:large","max-video-preview":"max-video-preview:-1"},"canonical":"https:\/\/www.bbmnoticias.com\/fgeo-aprehende-a-hombre-por-su-probable-responsabilidad-en-delito-sexual-contra-una-nina-en-la-cuenca\/","og_locale":"es_MX","og_type":"article","og_title":"FGEO aprehende a hombre por su probable responsabilidad en delito sexual contra una ni\u00f1a en la Cuenca - LA BRAVA RADIO","og_description":"Oaxaca de Ju\u00e1rez, Oax.- La Fiscal\u00eda General del Estado de Oaxaca (FGEO) dio cumplimiento a una orden de aprehensi\u00f3n en contra de una persona del sexo masculino identificado como F.E.P., por su probable responsabilidad en el delito de equiparado a la violaci\u00f3n, cometido en agravio de una menor de edad, en hechos ocurridos en la [&hellip;]","og_url":"https:\/\/www.bbmnoticias.com\/fgeo-aprehende-a-hombre-por-su-probable-responsabilidad-en-delito-sexual-contra-una-nina-en-la-cuenca\/","og_site_name":"LA BRAVA RADIO","article_published_time":"2026-08-26T19:33:10+00:00","article_modified_time":"2026-08-26T19:33:13+00:00","og_image":[{"width":800,"height":496,"url":"https:\/\/www.bbmnoticias.com\/labravaradiofm\/wp-content\/uploads\/sites\/5\/2026\/08\/presunto_agresor-11.jpg","type":"image\/jpeg"}],"author":"Staff","twitter_card":"summary_large_image","twitter_misc":{"Escrito por":"Staff","Tiempo de lectura":"1 minuto"},"schema":{"@context":"https:\/\/schema.org","@graph":[{"@type":"Article","@id":"https:\/\/www.bbmnoticias.com\/fgeo-aprehende-a-hombre-por-su-probable-responsabilidad-en-delito-sexual-contra-una-nina-en-la-cuenca\/#article","isPartOf":{"@id":"https:\/\/www.bbmnoticias.com\/labravaradiofm\/2026\/08\/26\/fgeo-aprehende-a-hombre-por-su-probable-responsabilidad-en-delito-sexual-contra-una-nina-en-la-cuenca\/"},"author":{"name":"Staff","@id":"https:\/\/www.bbmnoticias.com\/labravaradiofm\/#\/schema\/person\/9eb037257fc48a09cdf31d9a2f45619f"},"headline":"FGEO aprehende a hombre por su probable responsabilidad en delito sexual contra una ni\u00f1a en la Cuenca","datePublished":"2026-08-26T19:33:10+00:00","dateModified":"2026-08-26T19:33:13+00:00","mainEntityOfPage":{"@id":"https:\/\/www.bbmnoticias.com\/labravaradiofm\/2026\/08\/26\/fgeo-aprehende-a-hombre-por-su-probable-responsabilidad-en-delito-sexual-contra-una-nina-en-la-cuenca\/"},"wordCount":291,"image":{"@id":"https:\/\/www.bbmnoticias.com\/fgeo-aprehende-a-hombre-por-su-probable-responsabilidad-en-delito-sexual-contra-una-nina-en-la-cuenca\/#primaryimage"},"thumbnailUrl":"https:\/\/www.bbmnoticias.com\/labravaradiofm\/wp-content\/uploads\/sites\/5\/2026\/08\/presunto_agresor-11.jpg","articleSection":["LOCAL","POLICIACA"],"inLanguage":"es"},{"@type":"WebPage","@id":"https:\/\/www.bbmnoticias.com\/labravaradiofm\/2026\/08\/26\/fgeo-aprehende-a-hombre-por-su-probable-responsabilidad-en-delito-sexual-contra-una-nina-en-la-cuenca\/","url":"https:\/\/www.bbmnoticias.com\/fgeo-aprehende-a-hombre-por-su-probable-responsabilidad-en-delito-sexual-contra-una-nina-en-la-cuenca\/","name":"FGEO aprehende a hombre por su probable responsabilidad en delito sexual contra una ni\u00f1a en la Cuenca - LA BRAVA RADIO","isPartOf":{"@id":"https:\/\/www.bbmnoticias.com\/labravaradiofm\/#website"},"primaryImageOfPage":{"@id":"https:\/\/www.bbmnoticias.com\/fgeo-aprehende-a-hombre-por-su-probable-responsabilidad-en-delito-sexual-contra-una-nina-en-la-cuenca\/#primaryimage"},"image":{"@id":"https:\/\/www.bbmnoticias.com\/fgeo-aprehende-a-hombre-por-su-probable-responsabilidad-en-delito-sexual-contra-una-nina-en-la-cuenca\/#primaryimage"},"thumbnailUrl":"https:\/\/www.bbmnoticias.com\/labravaradiofm\/wp-content\/uploads\/sites\/5\/2026\/08\/presunto_agresor-11.jpg","datePublished":"2026-08-26T19:33:10+00:00","dateModified":"2026-08-26T19:33:13+00:00","author":{"@id":"https:\/\/www.bbmnoticias.com\/labravaradiofm\/#\/schema\/person\/9eb037257fc48a09cdf31d9a2f45619f"},"breadcrumb":{"@id":"https:\/\/www.bbmnoticias.com\/fgeo-aprehende-a-hombre-por-su-probable-responsabilidad-en-delito-sexual-contra-una-nina-en-la-cuenca\/#breadcrumb"},"inLanguage":"es","potentialAction":[{"@type":"ReadAction","target":["https:\/\/www.bbmnoticias.com\/fgeo-aprehende-a-hombre-por-su-probable-responsabilidad-en-delito-sexual-contra-una-nina-en-la-cuenca\/"]}]},{"@type":"ImageObject","inLanguage":"es","@id":"https:\/\/www.bbmnoticias.com\/fgeo-aprehende-a-hombre-por-su-probable-responsabilidad-en-delito-sexual-contra-una-nina-en-la-cuenca\/#primaryimage","url":"https:\/\/www.bbmnoticias.com\/labravaradiofm\/wp-content\/uploads\/sites\/5\/2026\/08\/presunto_agresor-11.jpg","contentUrl":"https:\/\/www.bbmnoticias.com\/labravaradiofm\/wp-content\/uploads\/sites\/5\/2026\/08\/presunto_agresor-11.jpg","width":800,"height":496},{"@type":"BreadcrumbList","@id":"https:\/\/www.bbmnoticias.com\/fgeo-aprehende-a-hombre-por-su-probable-responsabilidad-en-delito-sexual-contra-una-nina-en-la-cuenca\/#breadcrumb","itemListElement":[{"@type":"ListItem","position":1,"name":"Inicio","item":"https:\/\/www.bbmnoticias.com\/labravaradiofm\/"},{"@type":"ListItem","position":2,"name":"FGEO aprehende a hombre por su probable responsabilidad en delito sexual contra una ni\u00f1a en la Cuenca"}]},{"@type":"WebSite","@id":"https:\/\/www.bbmnoticias.com\/labravaradiofm\/#website","url":"https:\/\/www.bbmnoticias.com\/labravaradiofm\/","name":"LA BRAVA RADIO","description":"Empresa productora de medios, Radiodifusi\u00f3n, Noticias, tendencias y todo lo que necesitas saber de la pol\u00edtica mexicana e internacional; entretenimiento, espect\u00e1culos, salud y mucho m\u00e1s.","potentialAction":[{"@type":"SearchAction","target":{"@type":"EntryPoint","urlTemplate":"https:\/\/www.bbmnoticias.com\/labravaradiofm\/?s={search_term_string}"},"query-input":{"@type":"PropertyValueSpecification","valueRequired":true,"valueName":"search_term_string"}}],"inLanguage":"es"},{"@type":"Person","@id":"https:\/\/www.bbmnoticias.com\/labravaradiofm\/#\/schema\/person\/9eb037257fc48a09cdf31d9a2f45619f","name":"Staff","image":{"@type":"ImageObject","inLanguage":"es","@id":"https:\/\/secure.gravatar.com\/avatar\/fdd21ad66fd8b98c407f9dee5b5e588cfe7f0d8579ec20fa6527cd59bab7f0f0?s=96&d=mm&r=g","url":"https:\/\/secure.gravatar.com\/avatar\/fdd21ad66fd8b98c407f9dee5b5e588cfe7f0d8579ec20fa6527cd59bab7f0f0?s=96&d=mm&r=g","contentUrl":"https:\/\/secure.gravatar.com\/avatar\/fdd21ad66fd8b98c407f9dee5b5e588cfe7f0d8579ec20fa6527cd59bab7f0f0?s=96&d=mm&r=g","caption":"Staff"},"url":"https:\/\/www.bbmnoticias.com\/labravaradiofm\/author\/redaccion\/"}]}},"_links":{"self":[{"href":"https:\/\/www.bbmnoticias.com\/labravaradiofm\/wp-json\/wp\/v2\/posts\/81089","targetHints":{"allow":["GET"]}}],"collection":[{"href":"https:\/\/www.bbmnoticias.com\/labravaradiofm\/wp-json\/wp\/v2\/posts"}],"about":[{"href":"https:\/\/www.bbmnoticias.com\/labravaradiofm\/wp-json\/wp\/v2\/types\/post"}],"author":[{"embeddable":true,"href":"https:\/\/www.bbmnoticias.com\/labravaradiofm\/wp-json\/wp\/v2\/users\/2"}],"replies":[{"embeddable":true,"href":"https:\/\/www.bbmnoticias.com\/labravaradiofm\/wp-json\/wp\/v2\/comments?post=81089"}],"version-history":[{"count":1,"href":"https:\/\/www.bbmnoticias.com\/labravaradiofm\/wp-json\/wp\/v2\/posts\/81089\/revisions"}],"predecessor-version":[{"id":81090,"href":"https:\/\/www.bbmnoticias.com\/labravaradiofm\/wp-json\/wp\/v2\/posts\/81089\/revisions\/81090"}],"wp:featuredmedia":[{"embeddable":true,"href":"https:\/\/www.bbmnoticias.com\/labravaradiofm\/wp-json\/wp\/v2\/media\/81091"}],"wp:attachment":[{"href":"https:\/\/www.bbmnoticias.com\/labravaradiofm\/wp-json\/wp\/v2\/media?parent=81089"}],"wp:term":[{"taxonomy":"category","embeddable":true,"href":"https:\/\/www.bbmnoticias.com\/labravaradiofm\/wp-json\/wp\/v2\/categories?post=81089"},{"taxonomy":"post_tag","embeddable":true,"href":"https:\/\/www.bbmnoticias.com\/labravaradiofm\/wp-json\/wp\/v2\/tags?post=81089"}],"curies":[{"name":"wp","href":"https:\/\/api.w.org\/{rel}","templated":true}]}}