{"id":81086,"date":"2026-08-26T11:41:19","date_gmt":"2026-08-26T17:41:19","guid":{"rendered":"https:\/\/www.bbmnoticias.com\/labravaradiofm\/2026\/08\/26\/analizan-evacuar-a-50-personas-por-afectaciones-en-viviendas-aledanas-al-parque-oaxaca\/"},"modified":"2026-08-26T11:41:22","modified_gmt":"2026-08-26T17:41:22","slug":"analizan-evacuar-a-50-personas-por-afectaciones-en-viviendas-aledanas-al-parque-oaxaca","status":"publish","type":"post","link":"https:\/\/www.bbmnoticias.com\/labravaradiofm\/2026\/08\/26\/analizan-evacuar-a-50-personas-por-afectaciones-en-viviendas-aledanas-al-parque-oaxaca\/","title":{"rendered":"Analizan evacuar a 50 personas por afectaciones en viviendas aleda\u00f1as al Parque Oaxaca"},"content":{"rendered":"\n<p class=\"wp-block-paragraph\">Oaxaca de Ju\u00e1rez, Oax.\u2014 Al menos 50 personas podr\u00edan ser evacuadas de sus viviendas debido a las afectaciones registradas en la zona donde se construye el Parque Oaxaca, inform\u00f3 el coordinador de Protecci\u00f3n Civil, Manuel Maza S\u00e1nchez.<\/p>\n\n\n\n<p class=\"wp-block-paragraph\">El funcionario explic\u00f3 que los da\u00f1os registrados en una de las paredes de la construcci\u00f3n, as\u00ed como la profundidad de la excavaci\u00f3n, han generado afectaciones en inmuebles ubicados en las inmediaciones, donde ya se observan algunas grietas.<\/p>\n\n\n\n<p class=\"wp-block-paragraph\">Maza S\u00e1nchez se\u00f1al\u00f3 que Protecci\u00f3n Civil mantiene presencia diaria en el sitio para realizar inspecciones y determinar si existe alguna condici\u00f3n que represente un riesgo para las familias que habitan en la zona.<\/p>\n\n\n\n<p class=\"wp-block-paragraph\"><strong>Preparan posible evacuaci\u00f3n<\/strong><\/p>\n\n\n\n<p class=\"wp-block-paragraph\">El coordinador indic\u00f3 que ya se cuenta con un censo de aproximadamente 50 personas que podr\u00edan ser evacuadas en caso de que las condiciones de seguridad as\u00ed lo requieran.<\/p>\n\n\n\n<p class=\"wp-block-paragraph\">Actualmente, las autoridades analizan un espacio que permita trasladar a las familias y garantizar su integridad mientras se determina la situaci\u00f3n de la obra.<\/p>\n\n\n\n<p class=\"wp-block-paragraph\">Maza S\u00e1nchez explic\u00f3 que, de acuerdo con el protocolo establecido, corresponder\u00e1 a la empresa encargada del proyecto emitir la voz de alerta cuando se determine que existe una situaci\u00f3n que amerite la salida de los habitantes.<\/p>\n\n\n\n<p class=\"wp-block-paragraph\">No obstante, Protecci\u00f3n Civil contin\u00faa con recorridos e inspecciones permanentes para detectar cualquier cambio que pudiera representar un riesgo y, de ser necesario, ordenar una intervenci\u00f3n inmediata.<\/p>\n\n\n\n<p class=\"wp-block-paragraph\"><strong>Da\u00f1o en tuber\u00eda habr\u00eda provocado afectaciones<\/strong><\/p>\n\n\n\n<p class=\"wp-block-paragraph\">El funcionario confirm\u00f3 que el problema se origin\u00f3 a partir de un da\u00f1o en una tuber\u00eda de agua, cuyo colapso habr\u00eda generado afectaciones en la zona de construcci\u00f3n.<\/p>\n\n\n\n<p class=\"wp-block-paragraph\">Ante esta situaci\u00f3n, se\u00f1al\u00f3 que ya se brinda la atenci\u00f3n correspondiente y se realizan las acciones necesarias para contener el problema.<\/p>\n\n\n\n<p class=\"wp-block-paragraph\">Maza S\u00e1nchez enfatiz\u00f3 que la empresa responsable del proyecto deber\u00e1 hacerse cargo de las situaciones que se deriven de los trabajos de construcci\u00f3n, mientras las autoridades de Protecci\u00f3n Civil mantienen la supervisi\u00f3n para prevenir riesgos a la poblaci\u00f3n.<\/p>\n\n\n\n<p class=\"wp-block-paragraph\">Hasta el momento, la posible evacuaci\u00f3n se mantiene como una medida preventiva y depender\u00e1 de la evoluci\u00f3n de las condiciones de seguridad en el \u00e1rea.<\/p>\n\n\n\n<p class=\"wp-block-paragraph\"><\/p>\n","protected":false},"excerpt":{"rendered":"<p>Oaxaca de Ju\u00e1rez, Oax.\u2014 Al menos 50 personas podr\u00edan ser evacuadas de sus viviendas debido a las afectaciones registradas en la zona donde se construye el Parque Oaxaca, inform\u00f3 el coordinador de Protecci\u00f3n Civil, Manuel Maza S\u00e1nchez. El funcionario explic\u00f3 que los da\u00f1os registrados en una de las paredes de la construcci\u00f3n, as\u00ed como la [&hellip;]<\/p>\n","protected":false},"author":2,"featured_media":81088,"comment_status":"closed","ping_status":"open","sticky":false,"template":"","format":"standard","meta":{"footnotes":""},"categories":[2],"tags":[],"class_list":["post-81086","post","type-post","status-publish","format-standard","has-post-thumbnail","hentry","category-oaxaca"],"yoast_head":"<!-- This site is optimized with the Yoast SEO plugin v28.1 - https:\/\/yoast.com\/product\/yoast-seo-wordpress\/ -->\n<title>Analizan evacuar a 50 personas por afectaciones en viviendas aleda\u00f1as al Parque Oaxaca - LA BRAVA RADIO<\/title>\n<meta name=\"robots\" content=\"index, follow, max-snippet:-1, max-image-preview:large, max-video-preview:-1\" \/>\n<link rel=\"canonical\" href=\"https:\/\/www.bbmnoticias.com\/analizan-evacuar-a-50-personas-por-afectaciones-en-viviendas-aledanas-al-parque-oaxaca\/\" \/>\n<meta property=\"og:locale\" content=\"es_MX\" \/>\n<meta property=\"og:type\" content=\"article\" \/>\n<meta property=\"og:title\" content=\"Analizan evacuar a 50 personas por afectaciones en viviendas aleda\u00f1as al Parque Oaxaca - LA BRAVA RADIO\" \/>\n<meta property=\"og:description\" content=\"Oaxaca de Ju\u00e1rez, Oax.\u2014 Al menos 50 personas podr\u00edan ser evacuadas de sus viviendas debido a las afectaciones registradas en la zona donde se construye el Parque Oaxaca, inform\u00f3 el coordinador de Protecci\u00f3n Civil, Manuel Maza S\u00e1nchez. El funcionario explic\u00f3 que los da\u00f1os registrados en una de las paredes de la construcci\u00f3n, as\u00ed como la [&hellip;]\" \/>\n<meta property=\"og:url\" content=\"https:\/\/www.bbmnoticias.com\/analizan-evacuar-a-50-personas-por-afectaciones-en-viviendas-aledanas-al-parque-oaxaca\/\" \/>\n<meta property=\"og:site_name\" content=\"LA BRAVA RADIO\" \/>\n<meta property=\"article:published_time\" content=\"2026-08-26T17:41:19+00:00\" \/>\n<meta property=\"article:modified_time\" content=\"2026-08-26T17:41:22+00:00\" \/>\n<meta property=\"og:image\" content=\"https:\/\/www.bbmnoticias.com\/labravaradiofm\/wp-content\/uploads\/sites\/5\/2026\/08\/obra_parque.jpg\" \/>\n\t<meta property=\"og:image:width\" content=\"800\" \/>\n\t<meta property=\"og:image:height\" content=\"450\" \/>\n\t<meta property=\"og:image:type\" content=\"image\/jpeg\" \/>\n<meta name=\"author\" content=\"Staff\" \/>\n<meta name=\"twitter:card\" content=\"summary_large_image\" \/>\n<meta name=\"twitter:label1\" content=\"Escrito por\" \/>\n\t<meta name=\"twitter:data1\" content=\"Staff\" \/>\n\t<meta name=\"twitter:label2\" content=\"Tiempo de lectura\" \/>\n\t<meta name=\"twitter:data2\" content=\"2 minutos\" \/>\n<script type=\"application\/ld+json\" class=\"yoast-schema-graph\">{\"@context\":\"https:\\\/\\\/schema.org\",\"@graph\":[{\"@type\":\"Article\",\"@id\":\"https:\\\/\\\/www.bbmnoticias.com\\\/analizan-evacuar-a-50-personas-por-afectaciones-en-viviendas-aledanas-al-parque-oaxaca\\\/#article\",\"isPartOf\":{\"@id\":\"https:\\\/\\\/www.bbmnoticias.com\\\/labravaradiofm\\\/2026\\\/08\\\/26\\\/analizan-evacuar-a-50-personas-por-afectaciones-en-viviendas-aledanas-al-parque-oaxaca\\\/\"},\"author\":{\"name\":\"Staff\",\"@id\":\"https:\\\/\\\/www.bbmnoticias.com\\\/labravaradiofm\\\/#\\\/schema\\\/person\\\/9eb037257fc48a09cdf31d9a2f45619f\"},\"headline\":\"Analizan evacuar a 50 personas por afectaciones en viviendas aleda\u00f1as al Parque Oaxaca\",\"datePublished\":\"2026-08-26T17:41:19+00:00\",\"dateModified\":\"2026-08-26T17:41:22+00:00\",\"mainEntityOfPage\":{\"@id\":\"https:\\\/\\\/www.bbmnoticias.com\\\/labravaradiofm\\\/2026\\\/08\\\/26\\\/analizan-evacuar-a-50-personas-por-afectaciones-en-viviendas-aledanas-al-parque-oaxaca\\\/\"},\"wordCount\":391,\"image\":{\"@id\":\"https:\\\/\\\/www.bbmnoticias.com\\\/analizan-evacuar-a-50-personas-por-afectaciones-en-viviendas-aledanas-al-parque-oaxaca\\\/#primaryimage\"},\"thumbnailUrl\":\"https:\\\/\\\/www.bbmnoticias.com\\\/labravaradiofm\\\/wp-content\\\/uploads\\\/sites\\\/5\\\/2026\\\/08\\\/obra_parque.jpg\",\"articleSection\":[\"LOCAL\"],\"inLanguage\":\"es\"},{\"@type\":\"WebPage\",\"@id\":\"https:\\\/\\\/www.bbmnoticias.com\\\/labravaradiofm\\\/2026\\\/08\\\/26\\\/analizan-evacuar-a-50-personas-por-afectaciones-en-viviendas-aledanas-al-parque-oaxaca\\\/\",\"url\":\"https:\\\/\\\/www.bbmnoticias.com\\\/analizan-evacuar-a-50-personas-por-afectaciones-en-viviendas-aledanas-al-parque-oaxaca\\\/\",\"name\":\"Analizan evacuar a 50 personas por afectaciones en viviendas aleda\u00f1as al Parque Oaxaca - LA BRAVA RADIO\",\"isPartOf\":{\"@id\":\"https:\\\/\\\/www.bbmnoticias.com\\\/labravaradiofm\\\/#website\"},\"primaryImageOfPage\":{\"@id\":\"https:\\\/\\\/www.bbmnoticias.com\\\/analizan-evacuar-a-50-personas-por-afectaciones-en-viviendas-aledanas-al-parque-oaxaca\\\/#primaryimage\"},\"image\":{\"@id\":\"https:\\\/\\\/www.bbmnoticias.com\\\/analizan-evacuar-a-50-personas-por-afectaciones-en-viviendas-aledanas-al-parque-oaxaca\\\/#primaryimage\"},\"thumbnailUrl\":\"https:\\\/\\\/www.bbmnoticias.com\\\/labravaradiofm\\\/wp-content\\\/uploads\\\/sites\\\/5\\\/2026\\\/08\\\/obra_parque.jpg\",\"datePublished\":\"2026-08-26T17:41:19+00:00\",\"dateModified\":\"2026-08-26T17:41:22+00:00\",\"author\":{\"@id\":\"https:\\\/\\\/www.bbmnoticias.com\\\/labravaradiofm\\\/#\\\/schema\\\/person\\\/9eb037257fc48a09cdf31d9a2f45619f\"},\"breadcrumb\":{\"@id\":\"https:\\\/\\\/www.bbmnoticias.com\\\/analizan-evacuar-a-50-personas-por-afectaciones-en-viviendas-aledanas-al-parque-oaxaca\\\/#breadcrumb\"},\"inLanguage\":\"es\",\"potentialAction\":[{\"@type\":\"ReadAction\",\"target\":[\"https:\\\/\\\/www.bbmnoticias.com\\\/analizan-evacuar-a-50-personas-por-afectaciones-en-viviendas-aledanas-al-parque-oaxaca\\\/\"]}]},{\"@type\":\"ImageObject\",\"inLanguage\":\"es\",\"@id\":\"https:\\\/\\\/www.bbmnoticias.com\\\/analizan-evacuar-a-50-personas-por-afectaciones-en-viviendas-aledanas-al-parque-oaxaca\\\/#primaryimage\",\"url\":\"https:\\\/\\\/www.bbmnoticias.com\\\/labravaradiofm\\\/wp-content\\\/uploads\\\/sites\\\/5\\\/2026\\\/08\\\/obra_parque.jpg\",\"contentUrl\":\"https:\\\/\\\/www.bbmnoticias.com\\\/labravaradiofm\\\/wp-content\\\/uploads\\\/sites\\\/5\\\/2026\\\/08\\\/obra_parque.jpg\",\"width\":800,\"height\":450},{\"@type\":\"BreadcrumbList\",\"@id\":\"https:\\\/\\\/www.bbmnoticias.com\\\/analizan-evacuar-a-50-personas-por-afectaciones-en-viviendas-aledanas-al-parque-oaxaca\\\/#breadcrumb\",\"itemListElement\":[{\"@type\":\"ListItem\",\"position\":1,\"name\":\"Inicio\",\"item\":\"https:\\\/\\\/www.bbmnoticias.com\\\/labravaradiofm\\\/\"},{\"@type\":\"ListItem\",\"position\":2,\"name\":\"Analizan evacuar a 50 personas por afectaciones en viviendas aleda\u00f1as al Parque Oaxaca\"}]},{\"@type\":\"WebSite\",\"@id\":\"https:\\\/\\\/www.bbmnoticias.com\\\/labravaradiofm\\\/#website\",\"url\":\"https:\\\/\\\/www.bbmnoticias.com\\\/labravaradiofm\\\/\",\"name\":\"LA BRAVA RADIO\",\"description\":\"Empresa productora de medios, Radiodifusi\u00f3n, Noticias, tendencias y todo lo que necesitas saber de la pol\u00edtica mexicana e internacional; entretenimiento, espect\u00e1culos, salud y mucho m\u00e1s.\",\"potentialAction\":[{\"@type\":\"SearchAction\",\"target\":{\"@type\":\"EntryPoint\",\"urlTemplate\":\"https:\\\/\\\/www.bbmnoticias.com\\\/labravaradiofm\\\/?s={search_term_string}\"},\"query-input\":{\"@type\":\"PropertyValueSpecification\",\"valueRequired\":true,\"valueName\":\"search_term_string\"}}],\"inLanguage\":\"es\"},{\"@type\":\"Person\",\"@id\":\"https:\\\/\\\/www.bbmnoticias.com\\\/labravaradiofm\\\/#\\\/schema\\\/person\\\/9eb037257fc48a09cdf31d9a2f45619f\",\"name\":\"Staff\",\"image\":{\"@type\":\"ImageObject\",\"inLanguage\":\"es\",\"@id\":\"https:\\\/\\\/secure.gravatar.com\\\/avatar\\\/fdd21ad66fd8b98c407f9dee5b5e588cfe7f0d8579ec20fa6527cd59bab7f0f0?s=96&d=mm&r=g\",\"url\":\"https:\\\/\\\/secure.gravatar.com\\\/avatar\\\/fdd21ad66fd8b98c407f9dee5b5e588cfe7f0d8579ec20fa6527cd59bab7f0f0?s=96&d=mm&r=g\",\"contentUrl\":\"https:\\\/\\\/secure.gravatar.com\\\/avatar\\\/fdd21ad66fd8b98c407f9dee5b5e588cfe7f0d8579ec20fa6527cd59bab7f0f0?s=96&d=mm&r=g\",\"caption\":\"Staff\"},\"url\":\"https:\\\/\\\/www.bbmnoticias.com\\\/labravaradiofm\\\/author\\\/redaccion\\\/\"}]}<\/script>\n<!-- \/ Yoast SEO plugin. -->","yoast_head_json":{"title":"Analizan evacuar a 50 personas por afectaciones en viviendas aleda\u00f1as al Parque Oaxaca - LA BRAVA RADIO","robots":{"index":"index","follow":"follow","max-snippet":"max-snippet:-1","max-image-preview":"max-image-preview:large","max-video-preview":"max-video-preview:-1"},"canonical":"https:\/\/www.bbmnoticias.com\/analizan-evacuar-a-50-personas-por-afectaciones-en-viviendas-aledanas-al-parque-oaxaca\/","og_locale":"es_MX","og_type":"article","og_title":"Analizan evacuar a 50 personas por afectaciones en viviendas aleda\u00f1as al Parque Oaxaca - LA BRAVA RADIO","og_description":"Oaxaca de Ju\u00e1rez, Oax.\u2014 Al menos 50 personas podr\u00edan ser evacuadas de sus viviendas debido a las afectaciones registradas en la zona donde se construye el Parque Oaxaca, inform\u00f3 el coordinador de Protecci\u00f3n Civil, Manuel Maza S\u00e1nchez. El funcionario explic\u00f3 que los da\u00f1os registrados en una de las paredes de la construcci\u00f3n, as\u00ed como la [&hellip;]","og_url":"https:\/\/www.bbmnoticias.com\/analizan-evacuar-a-50-personas-por-afectaciones-en-viviendas-aledanas-al-parque-oaxaca\/","og_site_name":"LA BRAVA RADIO","article_published_time":"2026-08-26T17:41:19+00:00","article_modified_time":"2026-08-26T17:41:22+00:00","og_image":[{"width":800,"height":450,"url":"https:\/\/www.bbmnoticias.com\/labravaradiofm\/wp-content\/uploads\/sites\/5\/2026\/08\/obra_parque.jpg","type":"image\/jpeg"}],"author":"Staff","twitter_card":"summary_large_image","twitter_misc":{"Escrito por":"Staff","Tiempo de lectura":"2 minutos"},"schema":{"@context":"https:\/\/schema.org","@graph":[{"@type":"Article","@id":"https:\/\/www.bbmnoticias.com\/analizan-evacuar-a-50-personas-por-afectaciones-en-viviendas-aledanas-al-parque-oaxaca\/#article","isPartOf":{"@id":"https:\/\/www.bbmnoticias.com\/labravaradiofm\/2026\/08\/26\/analizan-evacuar-a-50-personas-por-afectaciones-en-viviendas-aledanas-al-parque-oaxaca\/"},"author":{"name":"Staff","@id":"https:\/\/www.bbmnoticias.com\/labravaradiofm\/#\/schema\/person\/9eb037257fc48a09cdf31d9a2f45619f"},"headline":"Analizan evacuar a 50 personas por afectaciones en viviendas aleda\u00f1as al Parque Oaxaca","datePublished":"2026-08-26T17:41:19+00:00","dateModified":"2026-08-26T17:41:22+00:00","mainEntityOfPage":{"@id":"https:\/\/www.bbmnoticias.com\/labravaradiofm\/2026\/08\/26\/analizan-evacuar-a-50-personas-por-afectaciones-en-viviendas-aledanas-al-parque-oaxaca\/"},"wordCount":391,"image":{"@id":"https:\/\/www.bbmnoticias.com\/analizan-evacuar-a-50-personas-por-afectaciones-en-viviendas-aledanas-al-parque-oaxaca\/#primaryimage"},"thumbnailUrl":"https:\/\/www.bbmnoticias.com\/labravaradiofm\/wp-content\/uploads\/sites\/5\/2026\/08\/obra_parque.jpg","articleSection":["LOCAL"],"inLanguage":"es"},{"@type":"WebPage","@id":"https:\/\/www.bbmnoticias.com\/labravaradiofm\/2026\/08\/26\/analizan-evacuar-a-50-personas-por-afectaciones-en-viviendas-aledanas-al-parque-oaxaca\/","url":"https:\/\/www.bbmnoticias.com\/analizan-evacuar-a-50-personas-por-afectaciones-en-viviendas-aledanas-al-parque-oaxaca\/","name":"Analizan evacuar a 50 personas por afectaciones en viviendas aleda\u00f1as al Parque Oaxaca - LA BRAVA RADIO","isPartOf":{"@id":"https:\/\/www.bbmnoticias.com\/labravaradiofm\/#website"},"primaryImageOfPage":{"@id":"https:\/\/www.bbmnoticias.com\/analizan-evacuar-a-50-personas-por-afectaciones-en-viviendas-aledanas-al-parque-oaxaca\/#primaryimage"},"image":{"@id":"https:\/\/www.bbmnoticias.com\/analizan-evacuar-a-50-personas-por-afectaciones-en-viviendas-aledanas-al-parque-oaxaca\/#primaryimage"},"thumbnailUrl":"https:\/\/www.bbmnoticias.com\/labravaradiofm\/wp-content\/uploads\/sites\/5\/2026\/08\/obra_parque.jpg","datePublished":"2026-08-26T17:41:19+00:00","dateModified":"2026-08-26T17:41:22+00:00","author":{"@id":"https:\/\/www.bbmnoticias.com\/labravaradiofm\/#\/schema\/person\/9eb037257fc48a09cdf31d9a2f45619f"},"breadcrumb":{"@id":"https:\/\/www.bbmnoticias.com\/analizan-evacuar-a-50-personas-por-afectaciones-en-viviendas-aledanas-al-parque-oaxaca\/#breadcrumb"},"inLanguage":"es","potentialAction":[{"@type":"ReadAction","target":["https:\/\/www.bbmnoticias.com\/analizan-evacuar-a-50-personas-por-afectaciones-en-viviendas-aledanas-al-parque-oaxaca\/"]}]},{"@type":"ImageObject","inLanguage":"es","@id":"https:\/\/www.bbmnoticias.com\/analizan-evacuar-a-50-personas-por-afectaciones-en-viviendas-aledanas-al-parque-oaxaca\/#primaryimage","url":"https:\/\/www.bbmnoticias.com\/labravaradiofm\/wp-content\/uploads\/sites\/5\/2026\/08\/obra_parque.jpg","contentUrl":"https:\/\/www.bbmnoticias.com\/labravaradiofm\/wp-content\/uploads\/sites\/5\/2026\/08\/obra_parque.jpg","width":800,"height":450},{"@type":"BreadcrumbList","@id":"https:\/\/www.bbmnoticias.com\/analizan-evacuar-a-50-personas-por-afectaciones-en-viviendas-aledanas-al-parque-oaxaca\/#breadcrumb","itemListElement":[{"@type":"ListItem","position":1,"name":"Inicio","item":"https:\/\/www.bbmnoticias.com\/labravaradiofm\/"},{"@type":"ListItem","position":2,"name":"Analizan evacuar a 50 personas por afectaciones en viviendas aleda\u00f1as al Parque Oaxaca"}]},{"@type":"WebSite","@id":"https:\/\/www.bbmnoticias.com\/labravaradiofm\/#website","url":"https:\/\/www.bbmnoticias.com\/labravaradiofm\/","name":"LA BRAVA RADIO","description":"Empresa productora de medios, Radiodifusi\u00f3n, Noticias, tendencias y todo lo que necesitas saber de la pol\u00edtica mexicana e internacional; entretenimiento, espect\u00e1culos, salud y mucho m\u00e1s.","potentialAction":[{"@type":"SearchAction","target":{"@type":"EntryPoint","urlTemplate":"https:\/\/www.bbmnoticias.com\/labravaradiofm\/?s={search_term_string}"},"query-input":{"@type":"PropertyValueSpecification","valueRequired":true,"valueName":"search_term_string"}}],"inLanguage":"es"},{"@type":"Person","@id":"https:\/\/www.bbmnoticias.com\/labravaradiofm\/#\/schema\/person\/9eb037257fc48a09cdf31d9a2f45619f","name":"Staff","image":{"@type":"ImageObject","inLanguage":"es","@id":"https:\/\/secure.gravatar.com\/avatar\/fdd21ad66fd8b98c407f9dee5b5e588cfe7f0d8579ec20fa6527cd59bab7f0f0?s=96&d=mm&r=g","url":"https:\/\/secure.gravatar.com\/avatar\/fdd21ad66fd8b98c407f9dee5b5e588cfe7f0d8579ec20fa6527cd59bab7f0f0?s=96&d=mm&r=g","contentUrl":"https:\/\/secure.gravatar.com\/avatar\/fdd21ad66fd8b98c407f9dee5b5e588cfe7f0d8579ec20fa6527cd59bab7f0f0?s=96&d=mm&r=g","caption":"Staff"},"url":"https:\/\/www.bbmnoticias.com\/labravaradiofm\/author\/redaccion\/"}]}},"_links":{"self":[{"href":"https:\/\/www.bbmnoticias.com\/labravaradiofm\/wp-json\/wp\/v2\/posts\/81086","targetHints":{"allow":["GET"]}}],"collection":[{"href":"https:\/\/www.bbmnoticias.com\/labravaradiofm\/wp-json\/wp\/v2\/posts"}],"about":[{"href":"https:\/\/www.bbmnoticias.com\/labravaradiofm\/wp-json\/wp\/v2\/types\/post"}],"author":[{"embeddable":true,"href":"https:\/\/www.bbmnoticias.com\/labravaradiofm\/wp-json\/wp\/v2\/users\/2"}],"replies":[{"embeddable":true,"href":"https:\/\/www.bbmnoticias.com\/labravaradiofm\/wp-json\/wp\/v2\/comments?post=81086"}],"version-history":[{"count":1,"href":"https:\/\/www.bbmnoticias.com\/labravaradiofm\/wp-json\/wp\/v2\/posts\/81086\/revisions"}],"predecessor-version":[{"id":81087,"href":"https:\/\/www.bbmnoticias.com\/labravaradiofm\/wp-json\/wp\/v2\/posts\/81086\/revisions\/81087"}],"wp:featuredmedia":[{"embeddable":true,"href":"https:\/\/www.bbmnoticias.com\/labravaradiofm\/wp-json\/wp\/v2\/media\/81088"}],"wp:attachment":[{"href":"https:\/\/www.bbmnoticias.com\/labravaradiofm\/wp-json\/wp\/v2\/media?parent=81086"}],"wp:term":[{"taxonomy":"category","embeddable":true,"href":"https:\/\/www.bbmnoticias.com\/labravaradiofm\/wp-json\/wp\/v2\/categories?post=81086"},{"taxonomy":"post_tag","embeddable":true,"href":"https:\/\/www.bbmnoticias.com\/labravaradiofm\/wp-json\/wp\/v2\/tags?post=81086"}],"curies":[{"name":"wp","href":"https:\/\/api.w.org\/{rel}","templated":true}]}}