{"id":81083,"date":"2026-08-26T09:51:09","date_gmt":"2026-08-26T15:51:09","guid":{"rendered":"https:\/\/www.bbmnoticias.com\/labravaradiofm\/2026\/08\/26\/sheinbaum-pide-a-morena-candidatos-honestos-y-sin-vinculos-con-la-delincuencia-rumbo-a-2027\/"},"modified":"2026-08-26T09:51:12","modified_gmt":"2026-08-26T15:51:12","slug":"sheinbaum-pide-a-morena-candidatos-honestos-y-sin-vinculos-con-la-delincuencia-rumbo-a-2027","status":"publish","type":"post","link":"https:\/\/www.bbmnoticias.com\/labravaradiofm\/2026\/08\/26\/sheinbaum-pide-a-morena-candidatos-honestos-y-sin-vinculos-con-la-delincuencia-rumbo-a-2027\/","title":{"rendered":"Sheinbaum pide a Morena candidatos honestos y sin v\u00ednculos con la delincuencia rumbo a 2027"},"content":{"rendered":"\n<p class=\"wp-block-paragraph\">Ciudad de M\u00e9xico.\u2014 La presidenta Claudia Sheinbaum hizo un llamado a Morena para que las personas que sean postuladas como candidatas y candidatos en las elecciones de 2027 sean honestas y no tengan v\u00ednculos con la delincuencia o antecedentes de corrupci\u00f3n.<\/p>\n\n\n\n<p class=\"wp-block-paragraph\">Durante su conferencia matutina, la mandataria se refiri\u00f3 al proceso interno de Morena para definir a sus perfiles rumbo a las elecciones de 2027, luego de que el partido presentara a sus coordinadores de la Defensa de la Transformaci\u00f3n y la Soberan\u00eda Nacional en Campeche y Aguascalientes, as\u00ed como a su perfil para la gubernatura de Colima.<\/p>\n\n\n\n<p class=\"wp-block-paragraph\">En Campeche fue presentado el expanista Pablo Guti\u00e9rrez como coordinador, mientras que en Aguascalientes la senadora Nora Ruvalcaba asumi\u00f3 esa posici\u00f3n. En Colima, el partido impuls\u00f3 a Rosa Mar\u00eda Bayardo Cabrera, respaldada por la gobernadora Indira Vizca\u00edno.<\/p>\n\n\n\n<p class=\"wp-block-paragraph\"><strong>Sheinbaum plantea revisar antecedentes de candidatos<\/strong><\/p>\n\n\n\n<p class=\"wp-block-paragraph\">Sheinbaum record\u00f3 que la legislaci\u00f3n electoral contempla la posibilidad de que los partidos soliciten al Instituto Nacional Electoral (INE) revisar los antecedentes de sus candidatos en relaci\u00f3n con posibles v\u00ednculos con el crimen organizado.<\/p>\n\n\n\n<p class=\"wp-block-paragraph\">Explic\u00f3 que, en caso de realizarse una solicitud de este tipo, podr\u00edan intervenir instancias como el Gabinete de Seguridad, la Fiscal\u00eda General de la Rep\u00fablica (FGR) y la Unidad de Inteligencia Financiera (UIF).<\/p>\n\n\n\n<p class=\"wp-block-paragraph\">La presidenta insisti\u00f3 en que los perfiles que compitan bajo las siglas de Morena deben cumplir con criterios de honestidad y no estar relacionados con actividades delictivas o actos de corrupci\u00f3n.<\/p>\n\n\n\n<p class=\"wp-block-paragraph\">Asimismo, se\u00f1al\u00f3 que la definici\u00f3n de candidaturas se realizar\u00e1 mediante encuestas, sin intervenci\u00f3n directa de los dirigentes partidistas en la selecci\u00f3n de los perfiles.<\/p>\n\n\n\n<p class=\"wp-block-paragraph\"><strong>Sheinbaum respalda explicaci\u00f3n de Mara Lezama por viajes<\/strong><\/p>\n\n\n\n<p class=\"wp-block-paragraph\">En otro tema, la presidenta fue cuestionada sobre los viajes realizados por la gobernadora de Quintana Roo, Mara Lezama, incluidos vuelos privados al extranjero.<\/p>\n\n\n\n<p class=\"wp-block-paragraph\">Sheinbaum defendi\u00f3 la explicaci\u00f3n ofrecida por la mandataria estatal y asegur\u00f3 que Lezama inform\u00f3 que los viajes fueron realizados con recursos personales.<\/p>\n\n\n\n<p class=\"wp-block-paragraph\">La gobernadora hab\u00eda reconocido los vuelos y rechazado que se utilizaran recursos p\u00fablicos. Se\u00f1al\u00f3 que algunos de sus viajes tuvieron car\u00e1cter familiar y otros estuvieron relacionados con sus funciones como servidora p\u00fablica.<\/p>\n\n\n\n<p class=\"wp-block-paragraph\"><strong>Segundo Informe de Gobierno ser\u00e1 el 1 de septiembre<\/strong><\/p>\n\n\n\n<p class=\"wp-block-paragraph\">Sheinbaum tambi\u00e9n inform\u00f3 que presentar\u00e1 su Segundo Informe de Gobierno el pr\u00f3ximo 1 de septiembre en Palacio Nacional.<\/p>\n\n\n\n<p class=\"wp-block-paragraph\">Debido a este acto, ese d\u00eda no se realizar\u00e1 la conferencia matutina. Posteriormente, la presidenta iniciar\u00e1 una gira por distintas entidades del pa\u00eds para presentar los resultados de su administraci\u00f3n y concluir\u00e1 con un acto en el Z\u00f3calo de la Ciudad de M\u00e9xico.<\/p>\n\n\n\n<p class=\"wp-block-paragraph\"><strong>Presentan nueva propuesta ambiental<\/strong><\/p>\n\n\n\n<p class=\"wp-block-paragraph\">Durante la conferencia, la titular de la Secretar\u00eda de Medio Ambiente y Recursos Naturales (Semarnat), Alicia B\u00e1rcena, explic\u00f3 los principales objetivos de la propuesta de nueva Ley General de Equilibrio Ecol\u00f3gico y Protecci\u00f3n al Ambiente.<\/p>\n\n\n\n<p class=\"wp-block-paragraph\">La iniciativa busca actualizar el marco legal vigente, que data de 1988, y fortalecer la protecci\u00f3n de la biodiversidad y el derecho a un medio ambiente sano.<\/p>\n\n\n\n<p class=\"wp-block-paragraph\">Entre sus principales planteamientos se encuentran la incorporaci\u00f3n de herramientas para la protecci\u00f3n de los r\u00edos, mayor certeza jur\u00eddica para comunidades e inversiones, as\u00ed como la integraci\u00f3n de avances cient\u00edficos, tecnol\u00f3gicos y de innovaci\u00f3n.<\/p>\n\n\n\n<p class=\"wp-block-paragraph\">La propuesta tambi\u00e9n contempla la incorporaci\u00f3n de saberes ancestrales y un enfoque preventivo frente a los nuevos desaf\u00edos ambientales.<\/p>\n\n\n\n<p class=\"wp-block-paragraph\"><\/p>\n","protected":false},"excerpt":{"rendered":"<p>Ciudad de M\u00e9xico.\u2014 La presidenta Claudia Sheinbaum hizo un llamado a Morena para que las personas que sean postuladas como candidatas y candidatos en las elecciones de 2027 sean honestas y no tengan v\u00ednculos con la delincuencia o antecedentes de corrupci\u00f3n. Durante su conferencia matutina, la mandataria se refiri\u00f3 al proceso interno de Morena para [&hellip;]<\/p>\n","protected":false},"author":4,"featured_media":81085,"comment_status":"closed","ping_status":"open","sticky":false,"template":"","format":"standard","meta":{"footnotes":""},"categories":[2,19],"tags":[],"class_list":["post-81083","post","type-post","status-publish","format-standard","has-post-thumbnail","hentry","category-oaxaca","category-nacional"],"yoast_head":"<!-- This site is optimized with the Yoast SEO plugin v28.1 - https:\/\/yoast.com\/product\/yoast-seo-wordpress\/ -->\n<title>Sheinbaum pide a Morena candidatos honestos y sin v\u00ednculos con la delincuencia rumbo a 2027 - LA BRAVA RADIO<\/title>\n<meta name=\"robots\" content=\"index, follow, max-snippet:-1, max-image-preview:large, max-video-preview:-1\" \/>\n<link rel=\"canonical\" href=\"https:\/\/www.bbmnoticias.com\/sheinbaum-pide-a-morena-candidatos-honestos-y-sin-vinculos-con-la-delincuencia-rumbo-a-2027\/\" \/>\n<meta property=\"og:locale\" content=\"es_MX\" \/>\n<meta property=\"og:type\" content=\"article\" \/>\n<meta property=\"og:title\" content=\"Sheinbaum pide a Morena candidatos honestos y sin v\u00ednculos con la delincuencia rumbo a 2027 - LA BRAVA RADIO\" \/>\n<meta property=\"og:description\" content=\"Ciudad de M\u00e9xico.\u2014 La presidenta Claudia Sheinbaum hizo un llamado a Morena para que las personas que sean postuladas como candidatas y candidatos en las elecciones de 2027 sean honestas y no tengan v\u00ednculos con la delincuencia o antecedentes de corrupci\u00f3n. Durante su conferencia matutina, la mandataria se refiri\u00f3 al proceso interno de Morena para [&hellip;]\" \/>\n<meta property=\"og:url\" content=\"https:\/\/www.bbmnoticias.com\/sheinbaum-pide-a-morena-candidatos-honestos-y-sin-vinculos-con-la-delincuencia-rumbo-a-2027\/\" \/>\n<meta property=\"og:site_name\" content=\"LA BRAVA RADIO\" \/>\n<meta property=\"article:published_time\" content=\"2026-08-26T15:51:09+00:00\" \/>\n<meta property=\"article:modified_time\" content=\"2026-08-26T15:51:12+00:00\" \/>\n<meta property=\"og:image\" content=\"https:\/\/www.bbmnoticias.com\/labravaradiofm\/wp-content\/uploads\/sites\/5\/2026\/08\/claudia_sheinbaum-1.jpg\" \/>\n\t<meta property=\"og:image:width\" content=\"800\" \/>\n\t<meta property=\"og:image:height\" content=\"450\" \/>\n\t<meta property=\"og:image:type\" content=\"image\/jpeg\" \/>\n<meta name=\"author\" content=\"Agencias\" \/>\n<meta name=\"twitter:card\" content=\"summary_large_image\" \/>\n<meta name=\"twitter:label1\" content=\"Escrito por\" \/>\n\t<meta name=\"twitter:data1\" content=\"Agencias\" \/>\n\t<meta name=\"twitter:label2\" content=\"Tiempo de lectura\" \/>\n\t<meta name=\"twitter:data2\" content=\"3 minutos\" \/>\n<script type=\"application\/ld+json\" class=\"yoast-schema-graph\">{\"@context\":\"https:\\\/\\\/schema.org\",\"@graph\":[{\"@type\":\"Article\",\"@id\":\"https:\\\/\\\/www.bbmnoticias.com\\\/sheinbaum-pide-a-morena-candidatos-honestos-y-sin-vinculos-con-la-delincuencia-rumbo-a-2027\\\/#article\",\"isPartOf\":{\"@id\":\"https:\\\/\\\/www.bbmnoticias.com\\\/labravaradiofm\\\/2026\\\/08\\\/26\\\/sheinbaum-pide-a-morena-candidatos-honestos-y-sin-vinculos-con-la-delincuencia-rumbo-a-2027\\\/\"},\"author\":{\"name\":\"Agencias\",\"@id\":\"https:\\\/\\\/www.bbmnoticias.com\\\/labravaradiofm\\\/#\\\/schema\\\/person\\\/9fbc5ce7940cac56d0ea1e2b03b6d30c\"},\"headline\":\"Sheinbaum pide a Morena candidatos honestos y sin v\u00ednculos con la delincuencia rumbo a 2027\",\"datePublished\":\"2026-08-26T15:51:09+00:00\",\"dateModified\":\"2026-08-26T15:51:12+00:00\",\"mainEntityOfPage\":{\"@id\":\"https:\\\/\\\/www.bbmnoticias.com\\\/labravaradiofm\\\/2026\\\/08\\\/26\\\/sheinbaum-pide-a-morena-candidatos-honestos-y-sin-vinculos-con-la-delincuencia-rumbo-a-2027\\\/\"},\"wordCount\":598,\"image\":{\"@id\":\"https:\\\/\\\/www.bbmnoticias.com\\\/sheinbaum-pide-a-morena-candidatos-honestos-y-sin-vinculos-con-la-delincuencia-rumbo-a-2027\\\/#primaryimage\"},\"thumbnailUrl\":\"https:\\\/\\\/www.bbmnoticias.com\\\/labravaradiofm\\\/wp-content\\\/uploads\\\/sites\\\/5\\\/2026\\\/08\\\/claudia_sheinbaum-1.jpg\",\"articleSection\":[\"LOCAL\",\"NACIONAL\"],\"inLanguage\":\"es\"},{\"@type\":\"WebPage\",\"@id\":\"https:\\\/\\\/www.bbmnoticias.com\\\/labravaradiofm\\\/2026\\\/08\\\/26\\\/sheinbaum-pide-a-morena-candidatos-honestos-y-sin-vinculos-con-la-delincuencia-rumbo-a-2027\\\/\",\"url\":\"https:\\\/\\\/www.bbmnoticias.com\\\/sheinbaum-pide-a-morena-candidatos-honestos-y-sin-vinculos-con-la-delincuencia-rumbo-a-2027\\\/\",\"name\":\"Sheinbaum pide a Morena candidatos honestos y sin v\u00ednculos con la delincuencia rumbo a 2027 - LA BRAVA RADIO\",\"isPartOf\":{\"@id\":\"https:\\\/\\\/www.bbmnoticias.com\\\/labravaradiofm\\\/#website\"},\"primaryImageOfPage\":{\"@id\":\"https:\\\/\\\/www.bbmnoticias.com\\\/sheinbaum-pide-a-morena-candidatos-honestos-y-sin-vinculos-con-la-delincuencia-rumbo-a-2027\\\/#primaryimage\"},\"image\":{\"@id\":\"https:\\\/\\\/www.bbmnoticias.com\\\/sheinbaum-pide-a-morena-candidatos-honestos-y-sin-vinculos-con-la-delincuencia-rumbo-a-2027\\\/#primaryimage\"},\"thumbnailUrl\":\"https:\\\/\\\/www.bbmnoticias.com\\\/labravaradiofm\\\/wp-content\\\/uploads\\\/sites\\\/5\\\/2026\\\/08\\\/claudia_sheinbaum-1.jpg\",\"datePublished\":\"2026-08-26T15:51:09+00:00\",\"dateModified\":\"2026-08-26T15:51:12+00:00\",\"author\":{\"@id\":\"https:\\\/\\\/www.bbmnoticias.com\\\/labravaradiofm\\\/#\\\/schema\\\/person\\\/9fbc5ce7940cac56d0ea1e2b03b6d30c\"},\"breadcrumb\":{\"@id\":\"https:\\\/\\\/www.bbmnoticias.com\\\/sheinbaum-pide-a-morena-candidatos-honestos-y-sin-vinculos-con-la-delincuencia-rumbo-a-2027\\\/#breadcrumb\"},\"inLanguage\":\"es\",\"potentialAction\":[{\"@type\":\"ReadAction\",\"target\":[\"https:\\\/\\\/www.bbmnoticias.com\\\/sheinbaum-pide-a-morena-candidatos-honestos-y-sin-vinculos-con-la-delincuencia-rumbo-a-2027\\\/\"]}]},{\"@type\":\"ImageObject\",\"inLanguage\":\"es\",\"@id\":\"https:\\\/\\\/www.bbmnoticias.com\\\/sheinbaum-pide-a-morena-candidatos-honestos-y-sin-vinculos-con-la-delincuencia-rumbo-a-2027\\\/#primaryimage\",\"url\":\"https:\\\/\\\/www.bbmnoticias.com\\\/labravaradiofm\\\/wp-content\\\/uploads\\\/sites\\\/5\\\/2026\\\/08\\\/claudia_sheinbaum-1.jpg\",\"contentUrl\":\"https:\\\/\\\/www.bbmnoticias.com\\\/labravaradiofm\\\/wp-content\\\/uploads\\\/sites\\\/5\\\/2026\\\/08\\\/claudia_sheinbaum-1.jpg\",\"width\":800,\"height\":450},{\"@type\":\"BreadcrumbList\",\"@id\":\"https:\\\/\\\/www.bbmnoticias.com\\\/sheinbaum-pide-a-morena-candidatos-honestos-y-sin-vinculos-con-la-delincuencia-rumbo-a-2027\\\/#breadcrumb\",\"itemListElement\":[{\"@type\":\"ListItem\",\"position\":1,\"name\":\"Inicio\",\"item\":\"https:\\\/\\\/www.bbmnoticias.com\\\/labravaradiofm\\\/\"},{\"@type\":\"ListItem\",\"position\":2,\"name\":\"Sheinbaum pide a Morena candidatos honestos y sin v\u00ednculos con la delincuencia rumbo a 2027\"}]},{\"@type\":\"WebSite\",\"@id\":\"https:\\\/\\\/www.bbmnoticias.com\\\/labravaradiofm\\\/#website\",\"url\":\"https:\\\/\\\/www.bbmnoticias.com\\\/labravaradiofm\\\/\",\"name\":\"LA BRAVA RADIO\",\"description\":\"Empresa productora de medios, Radiodifusi\u00f3n, Noticias, tendencias y todo lo que necesitas saber de la pol\u00edtica mexicana e internacional; entretenimiento, espect\u00e1culos, salud y mucho m\u00e1s.\",\"potentialAction\":[{\"@type\":\"SearchAction\",\"target\":{\"@type\":\"EntryPoint\",\"urlTemplate\":\"https:\\\/\\\/www.bbmnoticias.com\\\/labravaradiofm\\\/?s={search_term_string}\"},\"query-input\":{\"@type\":\"PropertyValueSpecification\",\"valueRequired\":true,\"valueName\":\"search_term_string\"}}],\"inLanguage\":\"es\"},{\"@type\":\"Person\",\"@id\":\"https:\\\/\\\/www.bbmnoticias.com\\\/labravaradiofm\\\/#\\\/schema\\\/person\\\/9fbc5ce7940cac56d0ea1e2b03b6d30c\",\"name\":\"Agencias\",\"image\":{\"@type\":\"ImageObject\",\"inLanguage\":\"es\",\"@id\":\"https:\\\/\\\/secure.gravatar.com\\\/avatar\\\/739e0b61adf9e398b425c36718c8752286da0e8cd90f20ce9a86678abc26aa0d?s=96&d=mm&r=g\",\"url\":\"https:\\\/\\\/secure.gravatar.com\\\/avatar\\\/739e0b61adf9e398b425c36718c8752286da0e8cd90f20ce9a86678abc26aa0d?s=96&d=mm&r=g\",\"contentUrl\":\"https:\\\/\\\/secure.gravatar.com\\\/avatar\\\/739e0b61adf9e398b425c36718c8752286da0e8cd90f20ce9a86678abc26aa0d?s=96&d=mm&r=g\",\"caption\":\"Agencias\"},\"url\":\"https:\\\/\\\/www.bbmnoticias.com\\\/labravaradiofm\\\/author\\\/agencias\\\/\"}]}<\/script>\n<!-- \/ Yoast SEO plugin. -->","yoast_head_json":{"title":"Sheinbaum pide a Morena candidatos honestos y sin v\u00ednculos con la delincuencia rumbo a 2027 - LA BRAVA RADIO","robots":{"index":"index","follow":"follow","max-snippet":"max-snippet:-1","max-image-preview":"max-image-preview:large","max-video-preview":"max-video-preview:-1"},"canonical":"https:\/\/www.bbmnoticias.com\/sheinbaum-pide-a-morena-candidatos-honestos-y-sin-vinculos-con-la-delincuencia-rumbo-a-2027\/","og_locale":"es_MX","og_type":"article","og_title":"Sheinbaum pide a Morena candidatos honestos y sin v\u00ednculos con la delincuencia rumbo a 2027 - LA BRAVA RADIO","og_description":"Ciudad de M\u00e9xico.\u2014 La presidenta Claudia Sheinbaum hizo un llamado a Morena para que las personas que sean postuladas como candidatas y candidatos en las elecciones de 2027 sean honestas y no tengan v\u00ednculos con la delincuencia o antecedentes de corrupci\u00f3n. Durante su conferencia matutina, la mandataria se refiri\u00f3 al proceso interno de Morena para [&hellip;]","og_url":"https:\/\/www.bbmnoticias.com\/sheinbaum-pide-a-morena-candidatos-honestos-y-sin-vinculos-con-la-delincuencia-rumbo-a-2027\/","og_site_name":"LA BRAVA RADIO","article_published_time":"2026-08-26T15:51:09+00:00","article_modified_time":"2026-08-26T15:51:12+00:00","og_image":[{"width":800,"height":450,"url":"https:\/\/www.bbmnoticias.com\/labravaradiofm\/wp-content\/uploads\/sites\/5\/2026\/08\/claudia_sheinbaum-1.jpg","type":"image\/jpeg"}],"author":"Agencias","twitter_card":"summary_large_image","twitter_misc":{"Escrito por":"Agencias","Tiempo de lectura":"3 minutos"},"schema":{"@context":"https:\/\/schema.org","@graph":[{"@type":"Article","@id":"https:\/\/www.bbmnoticias.com\/sheinbaum-pide-a-morena-candidatos-honestos-y-sin-vinculos-con-la-delincuencia-rumbo-a-2027\/#article","isPartOf":{"@id":"https:\/\/www.bbmnoticias.com\/labravaradiofm\/2026\/08\/26\/sheinbaum-pide-a-morena-candidatos-honestos-y-sin-vinculos-con-la-delincuencia-rumbo-a-2027\/"},"author":{"name":"Agencias","@id":"https:\/\/www.bbmnoticias.com\/labravaradiofm\/#\/schema\/person\/9fbc5ce7940cac56d0ea1e2b03b6d30c"},"headline":"Sheinbaum pide a Morena candidatos honestos y sin v\u00ednculos con la delincuencia rumbo a 2027","datePublished":"2026-08-26T15:51:09+00:00","dateModified":"2026-08-26T15:51:12+00:00","mainEntityOfPage":{"@id":"https:\/\/www.bbmnoticias.com\/labravaradiofm\/2026\/08\/26\/sheinbaum-pide-a-morena-candidatos-honestos-y-sin-vinculos-con-la-delincuencia-rumbo-a-2027\/"},"wordCount":598,"image":{"@id":"https:\/\/www.bbmnoticias.com\/sheinbaum-pide-a-morena-candidatos-honestos-y-sin-vinculos-con-la-delincuencia-rumbo-a-2027\/#primaryimage"},"thumbnailUrl":"https:\/\/www.bbmnoticias.com\/labravaradiofm\/wp-content\/uploads\/sites\/5\/2026\/08\/claudia_sheinbaum-1.jpg","articleSection":["LOCAL","NACIONAL"],"inLanguage":"es"},{"@type":"WebPage","@id":"https:\/\/www.bbmnoticias.com\/labravaradiofm\/2026\/08\/26\/sheinbaum-pide-a-morena-candidatos-honestos-y-sin-vinculos-con-la-delincuencia-rumbo-a-2027\/","url":"https:\/\/www.bbmnoticias.com\/sheinbaum-pide-a-morena-candidatos-honestos-y-sin-vinculos-con-la-delincuencia-rumbo-a-2027\/","name":"Sheinbaum pide a Morena candidatos honestos y sin v\u00ednculos con la delincuencia rumbo a 2027 - LA BRAVA RADIO","isPartOf":{"@id":"https:\/\/www.bbmnoticias.com\/labravaradiofm\/#website"},"primaryImageOfPage":{"@id":"https:\/\/www.bbmnoticias.com\/sheinbaum-pide-a-morena-candidatos-honestos-y-sin-vinculos-con-la-delincuencia-rumbo-a-2027\/#primaryimage"},"image":{"@id":"https:\/\/www.bbmnoticias.com\/sheinbaum-pide-a-morena-candidatos-honestos-y-sin-vinculos-con-la-delincuencia-rumbo-a-2027\/#primaryimage"},"thumbnailUrl":"https:\/\/www.bbmnoticias.com\/labravaradiofm\/wp-content\/uploads\/sites\/5\/2026\/08\/claudia_sheinbaum-1.jpg","datePublished":"2026-08-26T15:51:09+00:00","dateModified":"2026-08-26T15:51:12+00:00","author":{"@id":"https:\/\/www.bbmnoticias.com\/labravaradiofm\/#\/schema\/person\/9fbc5ce7940cac56d0ea1e2b03b6d30c"},"breadcrumb":{"@id":"https:\/\/www.bbmnoticias.com\/sheinbaum-pide-a-morena-candidatos-honestos-y-sin-vinculos-con-la-delincuencia-rumbo-a-2027\/#breadcrumb"},"inLanguage":"es","potentialAction":[{"@type":"ReadAction","target":["https:\/\/www.bbmnoticias.com\/sheinbaum-pide-a-morena-candidatos-honestos-y-sin-vinculos-con-la-delincuencia-rumbo-a-2027\/"]}]},{"@type":"ImageObject","inLanguage":"es","@id":"https:\/\/www.bbmnoticias.com\/sheinbaum-pide-a-morena-candidatos-honestos-y-sin-vinculos-con-la-delincuencia-rumbo-a-2027\/#primaryimage","url":"https:\/\/www.bbmnoticias.com\/labravaradiofm\/wp-content\/uploads\/sites\/5\/2026\/08\/claudia_sheinbaum-1.jpg","contentUrl":"https:\/\/www.bbmnoticias.com\/labravaradiofm\/wp-content\/uploads\/sites\/5\/2026\/08\/claudia_sheinbaum-1.jpg","width":800,"height":450},{"@type":"BreadcrumbList","@id":"https:\/\/www.bbmnoticias.com\/sheinbaum-pide-a-morena-candidatos-honestos-y-sin-vinculos-con-la-delincuencia-rumbo-a-2027\/#breadcrumb","itemListElement":[{"@type":"ListItem","position":1,"name":"Inicio","item":"https:\/\/www.bbmnoticias.com\/labravaradiofm\/"},{"@type":"ListItem","position":2,"name":"Sheinbaum pide a Morena candidatos honestos y sin v\u00ednculos con la delincuencia rumbo a 2027"}]},{"@type":"WebSite","@id":"https:\/\/www.bbmnoticias.com\/labravaradiofm\/#website","url":"https:\/\/www.bbmnoticias.com\/labravaradiofm\/","name":"LA BRAVA RADIO","description":"Empresa productora de medios, Radiodifusi\u00f3n, Noticias, tendencias y todo lo que necesitas saber de la pol\u00edtica mexicana e internacional; entretenimiento, espect\u00e1culos, salud y mucho m\u00e1s.","potentialAction":[{"@type":"SearchAction","target":{"@type":"EntryPoint","urlTemplate":"https:\/\/www.bbmnoticias.com\/labravaradiofm\/?s={search_term_string}"},"query-input":{"@type":"PropertyValueSpecification","valueRequired":true,"valueName":"search_term_string"}}],"inLanguage":"es"},{"@type":"Person","@id":"https:\/\/www.bbmnoticias.com\/labravaradiofm\/#\/schema\/person\/9fbc5ce7940cac56d0ea1e2b03b6d30c","name":"Agencias","image":{"@type":"ImageObject","inLanguage":"es","@id":"https:\/\/secure.gravatar.com\/avatar\/739e0b61adf9e398b425c36718c8752286da0e8cd90f20ce9a86678abc26aa0d?s=96&d=mm&r=g","url":"https:\/\/secure.gravatar.com\/avatar\/739e0b61adf9e398b425c36718c8752286da0e8cd90f20ce9a86678abc26aa0d?s=96&d=mm&r=g","contentUrl":"https:\/\/secure.gravatar.com\/avatar\/739e0b61adf9e398b425c36718c8752286da0e8cd90f20ce9a86678abc26aa0d?s=96&d=mm&r=g","caption":"Agencias"},"url":"https:\/\/www.bbmnoticias.com\/labravaradiofm\/author\/agencias\/"}]}},"_links":{"self":[{"href":"https:\/\/www.bbmnoticias.com\/labravaradiofm\/wp-json\/wp\/v2\/posts\/81083","targetHints":{"allow":["GET"]}}],"collection":[{"href":"https:\/\/www.bbmnoticias.com\/labravaradiofm\/wp-json\/wp\/v2\/posts"}],"about":[{"href":"https:\/\/www.bbmnoticias.com\/labravaradiofm\/wp-json\/wp\/v2\/types\/post"}],"author":[{"embeddable":true,"href":"https:\/\/www.bbmnoticias.com\/labravaradiofm\/wp-json\/wp\/v2\/users\/4"}],"replies":[{"embeddable":true,"href":"https:\/\/www.bbmnoticias.com\/labravaradiofm\/wp-json\/wp\/v2\/comments?post=81083"}],"version-history":[{"count":1,"href":"https:\/\/www.bbmnoticias.com\/labravaradiofm\/wp-json\/wp\/v2\/posts\/81083\/revisions"}],"predecessor-version":[{"id":81084,"href":"https:\/\/www.bbmnoticias.com\/labravaradiofm\/wp-json\/wp\/v2\/posts\/81083\/revisions\/81084"}],"wp:featuredmedia":[{"embeddable":true,"href":"https:\/\/www.bbmnoticias.com\/labravaradiofm\/wp-json\/wp\/v2\/media\/81085"}],"wp:attachment":[{"href":"https:\/\/www.bbmnoticias.com\/labravaradiofm\/wp-json\/wp\/v2\/media?parent=81083"}],"wp:term":[{"taxonomy":"category","embeddable":true,"href":"https:\/\/www.bbmnoticias.com\/labravaradiofm\/wp-json\/wp\/v2\/categories?post=81083"},{"taxonomy":"post_tag","embeddable":true,"href":"https:\/\/www.bbmnoticias.com\/labravaradiofm\/wp-json\/wp\/v2\/tags?post=81083"}],"curies":[{"name":"wp","href":"https:\/\/api.w.org\/{rel}","templated":true}]}}