{"id":81080,"date":"2026-08-26T09:15:26","date_gmt":"2026-08-26T15:15:26","guid":{"rendered":"https:\/\/www.bbmnoticias.com\/labravaradiofm\/2026\/08\/26\/vinculan-a-proceso-a-senalado-por-homicidio-ocurrido-en-santa-maria-xadani\/"},"modified":"2026-08-26T09:15:29","modified_gmt":"2026-08-26T15:15:29","slug":"vinculan-a-proceso-a-senalado-por-homicidio-ocurrido-en-santa-maria-xadani","status":"publish","type":"post","link":"https:\/\/www.bbmnoticias.com\/labravaradiofm\/2026\/08\/26\/vinculan-a-proceso-a-senalado-por-homicidio-ocurrido-en-santa-maria-xadani\/","title":{"rendered":"Vinculan a proceso a se\u00f1alado por homicidio ocurrido en Santa Mar\u00eda Xadani"},"content":{"rendered":"\n<p class=\"wp-block-paragraph\">Oaxaca de Ju\u00e1rez, Oax.\u2014 La Fiscal\u00eda General del Estado de Oaxaca (FGEO) obtuvo la vinculaci\u00f3n a proceso de E.J.S., se\u00f1alado como probable responsable del delito de homicidio calificado con ventaja, ocurrido en el municipio de Santa Mar\u00eda Xadani, en la regi\u00f3n del Istmo de Tehuantepec.<\/p>\n\n\n\n<p class=\"wp-block-paragraph\">De acuerdo con la carpeta de investigaci\u00f3n, los hechos ocurrieron el 24 de noviembre de 2024, cuando la v\u00edctima, identificada con las iniciales V.M.G.M. o M.G.M., caminaba sobre la calle Jos\u00e9 Ort\u00edz, ubicada en la Segunda Secci\u00f3n de Santa Mar\u00eda Xadani.<\/p>\n\n\n\n<p class=\"wp-block-paragraph\">Seg\u00fan las investigaciones, en ese punto la v\u00edctima fue interceptada por dos personas que viajaban a bordo de una motocicleta, quienes presuntamente realizaron disparos de arma de fuego en su contra.<\/p>\n\n\n\n<p class=\"wp-block-paragraph\">Como consecuencia de la agresi\u00f3n, la v\u00edctima sufri\u00f3 lesiones que posteriormente le provocaron la muerte.<\/p>\n\n\n\n<p class=\"wp-block-paragraph\">Inician investigaciones en el Istmo<\/p>\n\n\n\n<p class=\"wp-block-paragraph\">Tras conocer el homicidio, la Fiscal\u00eda de Oaxaca, a trav\u00e9s de la Vicefiscal\u00eda Regional del Istmo, inici\u00f3 las investigaciones para esclarecer las circunstancias del crimen e identificar a las personas que pudieran estar involucradas.<\/p>\n\n\n\n<p class=\"wp-block-paragraph\">Como resultado de las diligencias, E.J.S. fue presentado ante la autoridad judicial.<\/p>\n\n\n\n<p class=\"wp-block-paragraph\">Durante la audiencia, el juez analiz\u00f3 los datos de prueba aportados por la Fiscal\u00eda y determin\u00f3 vincular a proceso al imputado por el delito de homicidio calificado con ventaja.<\/p>\n\n\n\n<p class=\"wp-block-paragraph\">La vinculaci\u00f3n a proceso no implica una sentencia condenatoria y la persona imputada mantiene sus derechos mientras contin\u00faa el procedimiento judicial.<\/p>\n\n\n\n<p class=\"wp-block-paragraph\">La FGEO se\u00f1al\u00f3 que continuar\u00e1 con las investigaciones para esclarecer los hechos y determinar las responsabilidades correspondientes, bajo los principios del debido proceso y con apego a la legislaci\u00f3n vigente.<\/p>\n\n\n\n<p class=\"wp-block-paragraph\"><\/p>\n","protected":false},"excerpt":{"rendered":"<p>Oaxaca de Ju\u00e1rez, Oax.\u2014 La Fiscal\u00eda General del Estado de Oaxaca (FGEO) obtuvo la vinculaci\u00f3n a proceso de E.J.S., se\u00f1alado como probable responsable del delito de homicidio calificado con ventaja, ocurrido en el municipio de Santa Mar\u00eda Xadani, en la regi\u00f3n del Istmo de Tehuantepec. De acuerdo con la carpeta de investigaci\u00f3n, los hechos ocurrieron [&hellip;]<\/p>\n","protected":false},"author":2,"featured_media":81082,"comment_status":"closed","ping_status":"open","sticky":false,"template":"","format":"standard","meta":{"footnotes":""},"categories":[2,20],"tags":[],"class_list":["post-81080","post","type-post","status-publish","format-standard","has-post-thumbnail","hentry","category-oaxaca","category-policiaca"],"yoast_head":"<!-- This site is optimized with the Yoast SEO plugin v28.1 - https:\/\/yoast.com\/product\/yoast-seo-wordpress\/ -->\n<title>Vinculan a proceso a se\u00f1alado por homicidio ocurrido en Santa Mar\u00eda Xadani - LA BRAVA RADIO<\/title>\n<meta name=\"robots\" content=\"index, follow, max-snippet:-1, max-image-preview:large, max-video-preview:-1\" \/>\n<link rel=\"canonical\" href=\"https:\/\/www.bbmnoticias.com\/vinculan-a-proceso-a-senalado-por-homicidio-ocurrido-en-santa-maria-xadani\/\" \/>\n<meta property=\"og:locale\" content=\"es_MX\" \/>\n<meta property=\"og:type\" content=\"article\" \/>\n<meta property=\"og:title\" content=\"Vinculan a proceso a se\u00f1alado por homicidio ocurrido en Santa Mar\u00eda Xadani - LA BRAVA RADIO\" \/>\n<meta property=\"og:description\" content=\"Oaxaca de Ju\u00e1rez, Oax.\u2014 La Fiscal\u00eda General del Estado de Oaxaca (FGEO) obtuvo la vinculaci\u00f3n a proceso de E.J.S., se\u00f1alado como probable responsable del delito de homicidio calificado con ventaja, ocurrido en el municipio de Santa Mar\u00eda Xadani, en la regi\u00f3n del Istmo de Tehuantepec. De acuerdo con la carpeta de investigaci\u00f3n, los hechos ocurrieron [&hellip;]\" \/>\n<meta property=\"og:url\" content=\"https:\/\/www.bbmnoticias.com\/vinculan-a-proceso-a-senalado-por-homicidio-ocurrido-en-santa-maria-xadani\/\" \/>\n<meta property=\"og:site_name\" content=\"LA BRAVA RADIO\" \/>\n<meta property=\"article:published_time\" content=\"2026-08-26T15:15:26+00:00\" \/>\n<meta property=\"article:modified_time\" content=\"2026-08-26T15:15:29+00:00\" \/>\n<meta property=\"og:image\" content=\"https:\/\/www.bbmnoticias.com\/labravaradiofm\/wp-content\/uploads\/sites\/5\/2026\/08\/presunto_agresor-10.jpg\" \/>\n\t<meta property=\"og:image:width\" content=\"800\" \/>\n\t<meta property=\"og:image:height\" content=\"450\" \/>\n\t<meta property=\"og:image:type\" content=\"image\/jpeg\" \/>\n<meta name=\"author\" content=\"Staff\" \/>\n<meta name=\"twitter:card\" content=\"summary_large_image\" \/>\n<meta name=\"twitter:label1\" content=\"Escrito por\" \/>\n\t<meta name=\"twitter:data1\" content=\"Staff\" \/>\n\t<meta name=\"twitter:label2\" content=\"Tiempo de lectura\" \/>\n\t<meta name=\"twitter:data2\" content=\"1 minuto\" \/>\n<script type=\"application\/ld+json\" class=\"yoast-schema-graph\">{\"@context\":\"https:\\\/\\\/schema.org\",\"@graph\":[{\"@type\":\"Article\",\"@id\":\"https:\\\/\\\/www.bbmnoticias.com\\\/vinculan-a-proceso-a-senalado-por-homicidio-ocurrido-en-santa-maria-xadani\\\/#article\",\"isPartOf\":{\"@id\":\"https:\\\/\\\/www.bbmnoticias.com\\\/labravaradiofm\\\/2026\\\/08\\\/26\\\/vinculan-a-proceso-a-senalado-por-homicidio-ocurrido-en-santa-maria-xadani\\\/\"},\"author\":{\"name\":\"Staff\",\"@id\":\"https:\\\/\\\/www.bbmnoticias.com\\\/labravaradiofm\\\/#\\\/schema\\\/person\\\/9eb037257fc48a09cdf31d9a2f45619f\"},\"headline\":\"Vinculan a proceso a se\u00f1alado por homicidio ocurrido en Santa Mar\u00eda Xadani\",\"datePublished\":\"2026-08-26T15:15:26+00:00\",\"dateModified\":\"2026-08-26T15:15:29+00:00\",\"mainEntityOfPage\":{\"@id\":\"https:\\\/\\\/www.bbmnoticias.com\\\/labravaradiofm\\\/2026\\\/08\\\/26\\\/vinculan-a-proceso-a-senalado-por-homicidio-ocurrido-en-santa-maria-xadani\\\/\"},\"wordCount\":307,\"image\":{\"@id\":\"https:\\\/\\\/www.bbmnoticias.com\\\/vinculan-a-proceso-a-senalado-por-homicidio-ocurrido-en-santa-maria-xadani\\\/#primaryimage\"},\"thumbnailUrl\":\"https:\\\/\\\/www.bbmnoticias.com\\\/labravaradiofm\\\/wp-content\\\/uploads\\\/sites\\\/5\\\/2026\\\/08\\\/presunto_agresor-10.jpg\",\"articleSection\":[\"LOCAL\",\"POLICIACA\"],\"inLanguage\":\"es\"},{\"@type\":\"WebPage\",\"@id\":\"https:\\\/\\\/www.bbmnoticias.com\\\/labravaradiofm\\\/2026\\\/08\\\/26\\\/vinculan-a-proceso-a-senalado-por-homicidio-ocurrido-en-santa-maria-xadani\\\/\",\"url\":\"https:\\\/\\\/www.bbmnoticias.com\\\/vinculan-a-proceso-a-senalado-por-homicidio-ocurrido-en-santa-maria-xadani\\\/\",\"name\":\"Vinculan a proceso a se\u00f1alado por homicidio ocurrido en Santa Mar\u00eda Xadani - LA BRAVA RADIO\",\"isPartOf\":{\"@id\":\"https:\\\/\\\/www.bbmnoticias.com\\\/labravaradiofm\\\/#website\"},\"primaryImageOfPage\":{\"@id\":\"https:\\\/\\\/www.bbmnoticias.com\\\/vinculan-a-proceso-a-senalado-por-homicidio-ocurrido-en-santa-maria-xadani\\\/#primaryimage\"},\"image\":{\"@id\":\"https:\\\/\\\/www.bbmnoticias.com\\\/vinculan-a-proceso-a-senalado-por-homicidio-ocurrido-en-santa-maria-xadani\\\/#primaryimage\"},\"thumbnailUrl\":\"https:\\\/\\\/www.bbmnoticias.com\\\/labravaradiofm\\\/wp-content\\\/uploads\\\/sites\\\/5\\\/2026\\\/08\\\/presunto_agresor-10.jpg\",\"datePublished\":\"2026-08-26T15:15:26+00:00\",\"dateModified\":\"2026-08-26T15:15:29+00:00\",\"author\":{\"@id\":\"https:\\\/\\\/www.bbmnoticias.com\\\/labravaradiofm\\\/#\\\/schema\\\/person\\\/9eb037257fc48a09cdf31d9a2f45619f\"},\"breadcrumb\":{\"@id\":\"https:\\\/\\\/www.bbmnoticias.com\\\/vinculan-a-proceso-a-senalado-por-homicidio-ocurrido-en-santa-maria-xadani\\\/#breadcrumb\"},\"inLanguage\":\"es\",\"potentialAction\":[{\"@type\":\"ReadAction\",\"target\":[\"https:\\\/\\\/www.bbmnoticias.com\\\/vinculan-a-proceso-a-senalado-por-homicidio-ocurrido-en-santa-maria-xadani\\\/\"]}]},{\"@type\":\"ImageObject\",\"inLanguage\":\"es\",\"@id\":\"https:\\\/\\\/www.bbmnoticias.com\\\/vinculan-a-proceso-a-senalado-por-homicidio-ocurrido-en-santa-maria-xadani\\\/#primaryimage\",\"url\":\"https:\\\/\\\/www.bbmnoticias.com\\\/labravaradiofm\\\/wp-content\\\/uploads\\\/sites\\\/5\\\/2026\\\/08\\\/presunto_agresor-10.jpg\",\"contentUrl\":\"https:\\\/\\\/www.bbmnoticias.com\\\/labravaradiofm\\\/wp-content\\\/uploads\\\/sites\\\/5\\\/2026\\\/08\\\/presunto_agresor-10.jpg\",\"width\":800,\"height\":450},{\"@type\":\"BreadcrumbList\",\"@id\":\"https:\\\/\\\/www.bbmnoticias.com\\\/vinculan-a-proceso-a-senalado-por-homicidio-ocurrido-en-santa-maria-xadani\\\/#breadcrumb\",\"itemListElement\":[{\"@type\":\"ListItem\",\"position\":1,\"name\":\"Inicio\",\"item\":\"https:\\\/\\\/www.bbmnoticias.com\\\/labravaradiofm\\\/\"},{\"@type\":\"ListItem\",\"position\":2,\"name\":\"Vinculan a proceso a se\u00f1alado por homicidio ocurrido en Santa Mar\u00eda Xadani\"}]},{\"@type\":\"WebSite\",\"@id\":\"https:\\\/\\\/www.bbmnoticias.com\\\/labravaradiofm\\\/#website\",\"url\":\"https:\\\/\\\/www.bbmnoticias.com\\\/labravaradiofm\\\/\",\"name\":\"LA BRAVA RADIO\",\"description\":\"Empresa productora de medios, Radiodifusi\u00f3n, Noticias, tendencias y todo lo que necesitas saber de la pol\u00edtica mexicana e internacional; entretenimiento, espect\u00e1culos, salud y mucho m\u00e1s.\",\"potentialAction\":[{\"@type\":\"SearchAction\",\"target\":{\"@type\":\"EntryPoint\",\"urlTemplate\":\"https:\\\/\\\/www.bbmnoticias.com\\\/labravaradiofm\\\/?s={search_term_string}\"},\"query-input\":{\"@type\":\"PropertyValueSpecification\",\"valueRequired\":true,\"valueName\":\"search_term_string\"}}],\"inLanguage\":\"es\"},{\"@type\":\"Person\",\"@id\":\"https:\\\/\\\/www.bbmnoticias.com\\\/labravaradiofm\\\/#\\\/schema\\\/person\\\/9eb037257fc48a09cdf31d9a2f45619f\",\"name\":\"Staff\",\"image\":{\"@type\":\"ImageObject\",\"inLanguage\":\"es\",\"@id\":\"https:\\\/\\\/secure.gravatar.com\\\/avatar\\\/fdd21ad66fd8b98c407f9dee5b5e588cfe7f0d8579ec20fa6527cd59bab7f0f0?s=96&d=mm&r=g\",\"url\":\"https:\\\/\\\/secure.gravatar.com\\\/avatar\\\/fdd21ad66fd8b98c407f9dee5b5e588cfe7f0d8579ec20fa6527cd59bab7f0f0?s=96&d=mm&r=g\",\"contentUrl\":\"https:\\\/\\\/secure.gravatar.com\\\/avatar\\\/fdd21ad66fd8b98c407f9dee5b5e588cfe7f0d8579ec20fa6527cd59bab7f0f0?s=96&d=mm&r=g\",\"caption\":\"Staff\"},\"url\":\"https:\\\/\\\/www.bbmnoticias.com\\\/labravaradiofm\\\/author\\\/redaccion\\\/\"}]}<\/script>\n<!-- \/ Yoast SEO plugin. -->","yoast_head_json":{"title":"Vinculan a proceso a se\u00f1alado por homicidio ocurrido en Santa Mar\u00eda Xadani - LA BRAVA RADIO","robots":{"index":"index","follow":"follow","max-snippet":"max-snippet:-1","max-image-preview":"max-image-preview:large","max-video-preview":"max-video-preview:-1"},"canonical":"https:\/\/www.bbmnoticias.com\/vinculan-a-proceso-a-senalado-por-homicidio-ocurrido-en-santa-maria-xadani\/","og_locale":"es_MX","og_type":"article","og_title":"Vinculan a proceso a se\u00f1alado por homicidio ocurrido en Santa Mar\u00eda Xadani - LA BRAVA RADIO","og_description":"Oaxaca de Ju\u00e1rez, Oax.\u2014 La Fiscal\u00eda General del Estado de Oaxaca (FGEO) obtuvo la vinculaci\u00f3n a proceso de E.J.S., se\u00f1alado como probable responsable del delito de homicidio calificado con ventaja, ocurrido en el municipio de Santa Mar\u00eda Xadani, en la regi\u00f3n del Istmo de Tehuantepec. De acuerdo con la carpeta de investigaci\u00f3n, los hechos ocurrieron [&hellip;]","og_url":"https:\/\/www.bbmnoticias.com\/vinculan-a-proceso-a-senalado-por-homicidio-ocurrido-en-santa-maria-xadani\/","og_site_name":"LA BRAVA RADIO","article_published_time":"2026-08-26T15:15:26+00:00","article_modified_time":"2026-08-26T15:15:29+00:00","og_image":[{"width":800,"height":450,"url":"https:\/\/www.bbmnoticias.com\/labravaradiofm\/wp-content\/uploads\/sites\/5\/2026\/08\/presunto_agresor-10.jpg","type":"image\/jpeg"}],"author":"Staff","twitter_card":"summary_large_image","twitter_misc":{"Escrito por":"Staff","Tiempo de lectura":"1 minuto"},"schema":{"@context":"https:\/\/schema.org","@graph":[{"@type":"Article","@id":"https:\/\/www.bbmnoticias.com\/vinculan-a-proceso-a-senalado-por-homicidio-ocurrido-en-santa-maria-xadani\/#article","isPartOf":{"@id":"https:\/\/www.bbmnoticias.com\/labravaradiofm\/2026\/08\/26\/vinculan-a-proceso-a-senalado-por-homicidio-ocurrido-en-santa-maria-xadani\/"},"author":{"name":"Staff","@id":"https:\/\/www.bbmnoticias.com\/labravaradiofm\/#\/schema\/person\/9eb037257fc48a09cdf31d9a2f45619f"},"headline":"Vinculan a proceso a se\u00f1alado por homicidio ocurrido en Santa Mar\u00eda Xadani","datePublished":"2026-08-26T15:15:26+00:00","dateModified":"2026-08-26T15:15:29+00:00","mainEntityOfPage":{"@id":"https:\/\/www.bbmnoticias.com\/labravaradiofm\/2026\/08\/26\/vinculan-a-proceso-a-senalado-por-homicidio-ocurrido-en-santa-maria-xadani\/"},"wordCount":307,"image":{"@id":"https:\/\/www.bbmnoticias.com\/vinculan-a-proceso-a-senalado-por-homicidio-ocurrido-en-santa-maria-xadani\/#primaryimage"},"thumbnailUrl":"https:\/\/www.bbmnoticias.com\/labravaradiofm\/wp-content\/uploads\/sites\/5\/2026\/08\/presunto_agresor-10.jpg","articleSection":["LOCAL","POLICIACA"],"inLanguage":"es"},{"@type":"WebPage","@id":"https:\/\/www.bbmnoticias.com\/labravaradiofm\/2026\/08\/26\/vinculan-a-proceso-a-senalado-por-homicidio-ocurrido-en-santa-maria-xadani\/","url":"https:\/\/www.bbmnoticias.com\/vinculan-a-proceso-a-senalado-por-homicidio-ocurrido-en-santa-maria-xadani\/","name":"Vinculan a proceso a se\u00f1alado por homicidio ocurrido en Santa Mar\u00eda Xadani - LA BRAVA RADIO","isPartOf":{"@id":"https:\/\/www.bbmnoticias.com\/labravaradiofm\/#website"},"primaryImageOfPage":{"@id":"https:\/\/www.bbmnoticias.com\/vinculan-a-proceso-a-senalado-por-homicidio-ocurrido-en-santa-maria-xadani\/#primaryimage"},"image":{"@id":"https:\/\/www.bbmnoticias.com\/vinculan-a-proceso-a-senalado-por-homicidio-ocurrido-en-santa-maria-xadani\/#primaryimage"},"thumbnailUrl":"https:\/\/www.bbmnoticias.com\/labravaradiofm\/wp-content\/uploads\/sites\/5\/2026\/08\/presunto_agresor-10.jpg","datePublished":"2026-08-26T15:15:26+00:00","dateModified":"2026-08-26T15:15:29+00:00","author":{"@id":"https:\/\/www.bbmnoticias.com\/labravaradiofm\/#\/schema\/person\/9eb037257fc48a09cdf31d9a2f45619f"},"breadcrumb":{"@id":"https:\/\/www.bbmnoticias.com\/vinculan-a-proceso-a-senalado-por-homicidio-ocurrido-en-santa-maria-xadani\/#breadcrumb"},"inLanguage":"es","potentialAction":[{"@type":"ReadAction","target":["https:\/\/www.bbmnoticias.com\/vinculan-a-proceso-a-senalado-por-homicidio-ocurrido-en-santa-maria-xadani\/"]}]},{"@type":"ImageObject","inLanguage":"es","@id":"https:\/\/www.bbmnoticias.com\/vinculan-a-proceso-a-senalado-por-homicidio-ocurrido-en-santa-maria-xadani\/#primaryimage","url":"https:\/\/www.bbmnoticias.com\/labravaradiofm\/wp-content\/uploads\/sites\/5\/2026\/08\/presunto_agresor-10.jpg","contentUrl":"https:\/\/www.bbmnoticias.com\/labravaradiofm\/wp-content\/uploads\/sites\/5\/2026\/08\/presunto_agresor-10.jpg","width":800,"height":450},{"@type":"BreadcrumbList","@id":"https:\/\/www.bbmnoticias.com\/vinculan-a-proceso-a-senalado-por-homicidio-ocurrido-en-santa-maria-xadani\/#breadcrumb","itemListElement":[{"@type":"ListItem","position":1,"name":"Inicio","item":"https:\/\/www.bbmnoticias.com\/labravaradiofm\/"},{"@type":"ListItem","position":2,"name":"Vinculan a proceso a se\u00f1alado por homicidio ocurrido en Santa Mar\u00eda Xadani"}]},{"@type":"WebSite","@id":"https:\/\/www.bbmnoticias.com\/labravaradiofm\/#website","url":"https:\/\/www.bbmnoticias.com\/labravaradiofm\/","name":"LA BRAVA RADIO","description":"Empresa productora de medios, Radiodifusi\u00f3n, Noticias, tendencias y todo lo que necesitas saber de la pol\u00edtica mexicana e internacional; entretenimiento, espect\u00e1culos, salud y mucho m\u00e1s.","potentialAction":[{"@type":"SearchAction","target":{"@type":"EntryPoint","urlTemplate":"https:\/\/www.bbmnoticias.com\/labravaradiofm\/?s={search_term_string}"},"query-input":{"@type":"PropertyValueSpecification","valueRequired":true,"valueName":"search_term_string"}}],"inLanguage":"es"},{"@type":"Person","@id":"https:\/\/www.bbmnoticias.com\/labravaradiofm\/#\/schema\/person\/9eb037257fc48a09cdf31d9a2f45619f","name":"Staff","image":{"@type":"ImageObject","inLanguage":"es","@id":"https:\/\/secure.gravatar.com\/avatar\/fdd21ad66fd8b98c407f9dee5b5e588cfe7f0d8579ec20fa6527cd59bab7f0f0?s=96&d=mm&r=g","url":"https:\/\/secure.gravatar.com\/avatar\/fdd21ad66fd8b98c407f9dee5b5e588cfe7f0d8579ec20fa6527cd59bab7f0f0?s=96&d=mm&r=g","contentUrl":"https:\/\/secure.gravatar.com\/avatar\/fdd21ad66fd8b98c407f9dee5b5e588cfe7f0d8579ec20fa6527cd59bab7f0f0?s=96&d=mm&r=g","caption":"Staff"},"url":"https:\/\/www.bbmnoticias.com\/labravaradiofm\/author\/redaccion\/"}]}},"_links":{"self":[{"href":"https:\/\/www.bbmnoticias.com\/labravaradiofm\/wp-json\/wp\/v2\/posts\/81080","targetHints":{"allow":["GET"]}}],"collection":[{"href":"https:\/\/www.bbmnoticias.com\/labravaradiofm\/wp-json\/wp\/v2\/posts"}],"about":[{"href":"https:\/\/www.bbmnoticias.com\/labravaradiofm\/wp-json\/wp\/v2\/types\/post"}],"author":[{"embeddable":true,"href":"https:\/\/www.bbmnoticias.com\/labravaradiofm\/wp-json\/wp\/v2\/users\/2"}],"replies":[{"embeddable":true,"href":"https:\/\/www.bbmnoticias.com\/labravaradiofm\/wp-json\/wp\/v2\/comments?post=81080"}],"version-history":[{"count":1,"href":"https:\/\/www.bbmnoticias.com\/labravaradiofm\/wp-json\/wp\/v2\/posts\/81080\/revisions"}],"predecessor-version":[{"id":81081,"href":"https:\/\/www.bbmnoticias.com\/labravaradiofm\/wp-json\/wp\/v2\/posts\/81080\/revisions\/81081"}],"wp:featuredmedia":[{"embeddable":true,"href":"https:\/\/www.bbmnoticias.com\/labravaradiofm\/wp-json\/wp\/v2\/media\/81082"}],"wp:attachment":[{"href":"https:\/\/www.bbmnoticias.com\/labravaradiofm\/wp-json\/wp\/v2\/media?parent=81080"}],"wp:term":[{"taxonomy":"category","embeddable":true,"href":"https:\/\/www.bbmnoticias.com\/labravaradiofm\/wp-json\/wp\/v2\/categories?post=81080"},{"taxonomy":"post_tag","embeddable":true,"href":"https:\/\/www.bbmnoticias.com\/labravaradiofm\/wp-json\/wp\/v2\/tags?post=81080"}],"curies":[{"name":"wp","href":"https:\/\/api.w.org\/{rel}","templated":true}]}}